{"id":9643,"date":"2021-07-02T17:59:03","date_gmt":"2021-07-02T17:59:03","guid":{"rendered":"https:\/\/www.africa-press.net\/cotedivoire\/?p=9643"},"modified":"2021-07-03T05:13:01","modified_gmt":"2021-07-03T05:13:01","slug":"covid-19-letat-durgence-sanitaire-prolonge-jusquau-30-septembre-en-cote-divoire","status":"publish","type":"post","link":"https:\/\/www.africa-press.net\/cotedivoire\/toutes-les-actualites\/covid-19-letat-durgence-sanitaire-prolonge-jusquau-30-septembre-en-cote-divoire","title":{"rendered":"Covid-19\/L\u2019\u00e9tat d\u2019urgence sanitaire prolong\u00e9 jusqu\u2019au 30 septembre en C\u00f4te d\u2019Ivoire-"},"content":{"rendered":"<p><span style=\"color: #ff6600\"><strong><a href=\"https:\/\/www.africa-press.net\/\">Africa-Press<\/a> &#8211; <a href=\"https:\/\/www.africa-press.net\/cotedivoire\">C\u00f4te d&rsquo;Ivoire<\/a>. <\/strong><\/span>Le Conseil national de s\u00e9curit\u00e9 a d\u00e9cid\u00e9, jeudi 1er juillet 2021, \u00e0 Abidjan, de prolonger l\u2019\u00e9tat d\u2019urgence sanitaire jusqu\u2019au 30 septembre 2021 au regard de la saison des pluies et de la p\u00e9riode des vacances qui verront un nombre important de mouvements de personnes, dans un contexte mondial caract\u00e9ris\u00e9 par l\u2019apparition de plusieurs variants de la COVID-19.<\/p>\n<p>Le Conseil national de s\u00e9curit\u00e9 s\u2019est toutefois f\u00e9licit\u00e9 des d\u00e9veloppements positifs dans la lutte contre la COVID-19 sur la base du point fait par le ministre de la Sant\u00e9, de l\u2019Hygi\u00e8ne publique et de la Couverture Maladie sur l\u2019\u00e9volution de la pand\u00e9mie de COVID-19 dans en C\u00f4te d\u2019Ivoire.<\/p>\n<p>A la date du mercredi 30 juin 2021, la C\u00f4te d\u2019Ivoire d\u00e9nombrait 48.305 cas confirm\u00e9s de COVID-19 dont 47.834 gu\u00e9ris, 313 d\u00e9c\u00e8s et 158 cas actifs.<\/p>\n<p>Le taux de positivit\u00e9, qui se situe en dessous de 3%, demeure l\u2019un des plus faibles en Afrique. En outre, le nombre moyen de nouveaux cas de COVID-19 enregistr\u00e9s dans le pays est en baisse constante depuis le mois d\u2019avril, refl\u00e9tant une bonne ma\u00eetrise de l\u2019\u00e9pid\u00e9mie.<\/p>\n<p>Le nombre moyen de cas par jour est pass\u00e9 de 72 en avril \u00e0 40 en mai et 33 en juin 2021. De m\u00eame, le nombre de d\u00e9c\u00e8s conna\u00eet une baisse avec 42 d\u00e9c\u00e8s enregistr\u00e9s en avril, 19 en mai et 8 en juin 2021.<\/p>\n<p>Le ministre de la Sant\u00e9 a \u00e9galement inform\u00e9 le CNS que depuis le d\u00e9but de la campagne de vaccination contre la COVID-19, 757.123 doses de vaccins ont \u00e9t\u00e9 administr\u00e9es, \u00e0 la date du 29 juin 2021, avec 76.603 personnes ayant re\u00e7u les deux doses.<\/p>\n<p>Il a port\u00e9 \u00e0 la connaissance du CNS que la C\u00f4te d\u2019Ivoire a re\u00e7u, le 16 juin 2021, 100.620 doses du vaccin Pfizer dans le cadre de l\u2019initiative COVAX, le 26 juin 2021, un don de la Chine de 100.000 doses du vaccin Sinopharm et le 28 juin 2021, 100.000 doses du vaccin AstraZeneca de la part du Mali.<\/p>\n<p>Enfin, la C\u00f4te d\u2019Ivoire a pass\u00e9, le 09 juin 2021, une commande pour 1.000.000 de doses du vaccin AstraZeneca, qui sera livr\u00e9e en juillet 2021.<\/p>\n<p>Le Conseil national de s\u00e9curit\u00e9, tout en exprimant sa satisfaction quant \u00e0 ces r\u00e9sultats tr\u00e8s encourageants, appelle les populations \u00e0 la vigilance et les exhorte \u00e0 respecter les mesures barri\u00e8res.<\/p>\n<p>Le pr\u00e9sident de la R\u00e9publique a, pour sa part, r\u00e9it\u00e9r\u00e9 ses f\u00e9licitations \u00e0 tous les acteurs impliqu\u00e9s dans la lutte contre la COVID-19. Il a exhort\u00e9, de nouveau, les populations vivant en C\u00f4te d\u2019Ivoire \u00e0 se faire vacciner et tester, tout en continuant \u00e0 respecter scrupuleusement les mesures barri\u00e8res.<\/p>\n<p>&nbsp;<\/p>\n","protected":false},"excerpt":{"rendered":"<p>Africa-Press &#8211; C\u00f4te d&rsquo;Ivoire. Le Conseil national de s\u00e9curit\u00e9 a d\u00e9cid\u00e9, jeudi 1er juillet 2021, \u00e0 Abidjan, de prolonger l\u2019\u00e9tat d\u2019urgence sanitaire jusqu\u2019au 30 septembre 2021 au regard de la saison des pluies et de la p\u00e9riode des vacances qui verront un nombre important de mouvements de personnes, dans un contexte mondial caract\u00e9ris\u00e9 par l\u2019apparition [&hellip;]<\/p>\n","protected":false},"author":82,"featured_media":9642,"comment_status":"open","ping_status":"closed","sticky":false,"template":"","format":"standard","meta":{"footnotes":""},"categories":[21,11,20,10],"tags":[56,63,29],"class_list":["post-9643","post","type-post","status-publish","format-standard","has-post-thumbnail","hentry","category-communaute","category-homepage-french","category-top-nouvelles","category-toutes-les-actualites","tag-africa-press","tag-africa-press-cote-divoire","tag-cote-divoire"],"yoast_head":"<!-- This site is optimized with the Yoast SEO Premium plugin v26.1 (Yoast SEO v27.0) - https:\/\/yoast.com\/product\/yoast-seo-premium-wordpress\/ -->\n<title>Covid-19\/L\u2019\u00e9tat d\u2019urgence sanitaire prolong\u00e9 jusqu\u2019au 30 septembre en C\u00f4te d\u2019Ivoire- C\u00f4te d&#039;Ivoire<\/title>\n<meta name=\"description\" content=\"Le Conseil national de s\u00e9curit\u00e9 a d\u00e9cid\u00e9, jeudi 1er juillet 2021, \u00e0 Abidjan, de prolonger l\u2019\u00e9tat d\u2019urgence sanitaire jus ...\" \/>\n<meta name=\"robots\" content=\"index, follow, max-snippet:-1, max-image-preview:large, max-video-preview:-1\" \/>\n<link rel=\"canonical\" href=\"https:\/\/www.africa-press.net\/cotedivoire\/toutes-les-actualites\/covid-19-letat-durgence-sanitaire-prolonge-jusquau-30-septembre-en-cote-divoire\" \/>\n<meta property=\"og:locale\" content=\"fr_FR\" \/>\n<meta property=\"og:type\" content=\"article\" \/>\n<meta property=\"og:title\" content=\"Covid-19\/L\u2019\u00e9tat d\u2019urgence sanitaire prolong\u00e9 jusqu\u2019au 30 septembre en C\u00f4te d\u2019Ivoire-\" \/>\n<meta property=\"og:description\" content=\"Le Conseil national de s\u00e9curit\u00e9 a d\u00e9cid\u00e9, jeudi 1er juillet 2021, \u00e0 Abidjan, de prolonger l\u2019\u00e9tat d\u2019urgence sanitaire jus ...\" \/>\n<meta property=\"og:url\" content=\"https:\/\/www.africa-press.net\/cotedivoire\/toutes-les-actualites\/covid-19-letat-durgence-sanitaire-prolonge-jusquau-30-septembre-en-cote-divoire\" \/>\n<meta property=\"og:site_name\" content=\"C\u00f4te d&#039;Ivoire\" \/>\n<meta property=\"article:published_time\" content=\"2021-07-02T17:59:03+00:00\" \/>\n<meta property=\"article:modified_time\" content=\"2021-07-03T05:13:01+00:00\" \/>\n<meta property=\"og:image\" content=\"https:\/\/static.africa-press.net\/cote\/sites\/43\/2021\/07\/img-60df49c4829e5.jpg\" \/>\n\t<meta property=\"og:image:width\" content=\"750\" \/>\n\t<meta property=\"og:image:height\" content=\"500\" \/>\n\t<meta property=\"og:image:type\" content=\"image\/jpeg\" \/>\n<meta name=\"author\" content=\"cfeditorfr\" \/>\n<meta name=\"twitter:card\" content=\"summary_large_image\" \/>\n<meta name=\"twitter:label1\" content=\"\u00c9crit par\" \/>\n\t<meta name=\"twitter:data1\" content=\"cfeditorfr\" \/>\n\t<meta name=\"twitter:label2\" content=\"Dur\u00e9e de lecture estim\u00e9e\" \/>\n\t<meta name=\"twitter:data2\" content=\"2 minutes\" \/>\n<script type=\"application\/ld+json\" class=\"yoast-schema-graph\">{\"@context\":\"https:\/\/schema.org\",\"@graph\":[{\"@type\":\"Article\",\"@id\":\"https:\/\/www.africa-press.net\/cotedivoire\/toutes-les-actualites\/covid-19-letat-durgence-sanitaire-prolonge-jusquau-30-septembre-en-cote-divoire#article\",\"isPartOf\":{\"@id\":\"https:\/\/www.africa-press.net\/cotedivoire\/toutes-les-actualites\/covid-19-letat-durgence-sanitaire-prolonge-jusquau-30-septembre-en-cote-divoire\"},\"author\":{\"name\":\"cfeditorfr\",\"@id\":\"https:\/\/www.africa-press.net\/cotedivoire\/#\/schema\/person\/2b1cf3cd81a31e3cd26889ca66d677f1\"},\"headline\":\"Covid-19\/L\u2019\u00e9tat d\u2019urgence sanitaire prolong\u00e9 jusqu\u2019au 30 septembre en C\u00f4te d\u2019Ivoire-\",\"datePublished\":\"2021-07-02T17:59:03+00:00\",\"dateModified\":\"2021-07-03T05:13:01+00:00\",\"mainEntityOfPage\":{\"@id\":\"https:\/\/www.africa-press.net\/cotedivoire\/toutes-les-actualites\/covid-19-letat-durgence-sanitaire-prolonge-jusquau-30-septembre-en-cote-divoire\"},\"wordCount\":468,\"commentCount\":0,\"image\":{\"@id\":\"https:\/\/www.africa-press.net\/cotedivoire\/toutes-les-actualites\/covid-19-letat-durgence-sanitaire-prolonge-jusquau-30-septembre-en-cote-divoire#primaryimage\"},\"thumbnailUrl\":\"https:\/\/static.africa-press.net\/cote\/sites\/43\/2021\/07\/img-60df49c4829e5.jpg\",\"keywords\":[\"Africa Press\",\"Africa Press-C\u00f4te d'Ivoire\",\"C\u00d4TE D'IVOIRE\"],\"articleSection\":[\"Communaut\u00e9\",\"homepage-french\",\"Top Nouvelles\",\"Toutes les actualit\u00e9s\"],\"inLanguage\":\"fr-FR\",\"potentialAction\":[{\"@type\":\"CommentAction\",\"name\":\"Comment\",\"target\":[\"https:\/\/www.africa-press.net\/cotedivoire\/toutes-les-actualites\/covid-19-letat-durgence-sanitaire-prolonge-jusquau-30-septembre-en-cote-divoire#respond\"]}]},{\"@type\":\"WebPage\",\"@id\":\"https:\/\/www.africa-press.net\/cotedivoire\/toutes-les-actualites\/covid-19-letat-durgence-sanitaire-prolonge-jusquau-30-septembre-en-cote-divoire\",\"url\":\"https:\/\/www.africa-press.net\/cotedivoire\/toutes-les-actualites\/covid-19-letat-durgence-sanitaire-prolonge-jusquau-30-septembre-en-cote-divoire\",\"name\":\"Covid-19\/L\u2019\u00e9tat d\u2019urgence sanitaire prolong\u00e9 jusqu\u2019au 30 septembre en C\u00f4te d\u2019Ivoire- C\u00f4te d&#039;Ivoire\",\"isPartOf\":{\"@id\":\"https:\/\/www.africa-press.net\/cotedivoire\/#website\"},\"primaryImageOfPage\":{\"@id\":\"https:\/\/www.africa-press.net\/cotedivoire\/toutes-les-actualites\/covid-19-letat-durgence-sanitaire-prolonge-jusquau-30-septembre-en-cote-divoire#primaryimage\"},\"image\":{\"@id\":\"https:\/\/www.africa-press.net\/cotedivoire\/toutes-les-actualites\/covid-19-letat-durgence-sanitaire-prolonge-jusquau-30-septembre-en-cote-divoire#primaryimage\"},\"thumbnailUrl\":\"https:\/\/static.africa-press.net\/cote\/sites\/43\/2021\/07\/img-60df49c4829e5.jpg\",\"datePublished\":\"2021-07-02T17:59:03+00:00\",\"dateModified\":\"2021-07-03T05:13:01+00:00\",\"author\":{\"@id\":\"https:\/\/www.africa-press.net\/cotedivoire\/#\/schema\/person\/2b1cf3cd81a31e3cd26889ca66d677f1\"},\"description\":\"Le Conseil national de s\u00e9curit\u00e9 a d\u00e9cid\u00e9, jeudi 1er juillet 2021, \u00e0 Abidjan, de prolonger l\u2019\u00e9tat d\u2019urgence sanitaire jus ...\",\"breadcrumb\":{\"@id\":\"https:\/\/www.africa-press.net\/cotedivoire\/toutes-les-actualites\/covid-19-letat-durgence-sanitaire-prolonge-jusquau-30-septembre-en-cote-divoire#breadcrumb\"},\"inLanguage\":\"fr-FR\",\"potentialAction\":[{\"@type\":\"ReadAction\",\"target\":[\"https:\/\/www.africa-press.net\/cotedivoire\/toutes-les-actualites\/covid-19-letat-durgence-sanitaire-prolonge-jusquau-30-septembre-en-cote-divoire\"]}]},{\"@type\":\"ImageObject\",\"inLanguage\":\"fr-FR\",\"@id\":\"https:\/\/www.africa-press.net\/cotedivoire\/toutes-les-actualites\/covid-19-letat-durgence-sanitaire-prolonge-jusquau-30-septembre-en-cote-divoire#primaryimage\",\"url\":\"https:\/\/static.africa-press.net\/cote\/sites\/43\/2021\/07\/img-60df49c4829e5.jpg\",\"contentUrl\":\"https:\/\/static.africa-press.net\/cote\/sites\/43\/2021\/07\/img-60df49c4829e5.jpg\",\"width\":750,\"height\":500,\"caption\":\"Covid-19\/L\u2019\u00e9tat d\u2019urgence sanitaire prolong\u00e9 jusqu\u2019au 30 septembre en C\u00f4te d\u2019Ivoire-\"},{\"@type\":\"BreadcrumbList\",\"@id\":\"https:\/\/www.africa-press.net\/cotedivoire\/toutes-les-actualites\/covid-19-letat-durgence-sanitaire-prolonge-jusquau-30-septembre-en-cote-divoire#breadcrumb\",\"itemListElement\":[{\"@type\":\"ListItem\",\"position\":1,\"name\":\"Accueil\",\"item\":\"https:\/\/www.africa-press.net\/cotedivoire\/\"},{\"@type\":\"ListItem\",\"position\":2,\"name\":\"Covid-19\/L\u2019\u00e9tat d\u2019urgence sanitaire prolong\u00e9 jusqu\u2019au 30 septembre en C\u00f4te d\u2019Ivoire-\"}]},{\"@type\":\"WebSite\",\"@id\":\"https:\/\/www.africa-press.net\/cotedivoire\/#website\",\"url\":\"https:\/\/www.africa-press.net\/cotedivoire\/\",\"name\":\"C\u00f4te d&#039;Ivoire\",\"description\":\"Just another Africa News Agency Sites site\",\"potentialAction\":[{\"@type\":\"SearchAction\",\"target\":{\"@type\":\"EntryPoint\",\"urlTemplate\":\"https:\/\/www.africa-press.net\/cotedivoire\/?s={search_term_string}\"},\"query-input\":{\"@type\":\"PropertyValueSpecification\",\"valueRequired\":true,\"valueName\":\"search_term_string\"}}],\"inLanguage\":\"fr-FR\"},{\"@type\":\"Person\",\"@id\":\"https:\/\/www.africa-press.net\/cotedivoire\/#\/schema\/person\/2b1cf3cd81a31e3cd26889ca66d677f1\",\"name\":\"cfeditorfr\"}]}<\/script>\n<!-- \/ Yoast SEO Premium plugin. -->","yoast_head_json":{"title":"Covid-19\/L\u2019\u00e9tat d\u2019urgence sanitaire prolong\u00e9 jusqu\u2019au 30 septembre en C\u00f4te d\u2019Ivoire- C\u00f4te d&#039;Ivoire","description":"Le Conseil national de s\u00e9curit\u00e9 a d\u00e9cid\u00e9, jeudi 1er juillet 2021, \u00e0 Abidjan, de prolonger l\u2019\u00e9tat d\u2019urgence sanitaire jus ...","robots":{"index":"index","follow":"follow","max-snippet":"max-snippet:-1","max-image-preview":"max-image-preview:large","max-video-preview":"max-video-preview:-1"},"canonical":"https:\/\/www.africa-press.net\/cotedivoire\/toutes-les-actualites\/covid-19-letat-durgence-sanitaire-prolonge-jusquau-30-septembre-en-cote-divoire","og_locale":"fr_FR","og_type":"article","og_title":"Covid-19\/L\u2019\u00e9tat d\u2019urgence sanitaire prolong\u00e9 jusqu\u2019au 30 septembre en C\u00f4te d\u2019Ivoire-","og_description":"Le Conseil national de s\u00e9curit\u00e9 a d\u00e9cid\u00e9, jeudi 1er juillet 2021, \u00e0 Abidjan, de prolonger l\u2019\u00e9tat d\u2019urgence sanitaire jus ...","og_url":"https:\/\/www.africa-press.net\/cotedivoire\/toutes-les-actualites\/covid-19-letat-durgence-sanitaire-prolonge-jusquau-30-septembre-en-cote-divoire","og_site_name":"C\u00f4te d&#039;Ivoire","article_published_time":"2021-07-02T17:59:03+00:00","article_modified_time":"2021-07-03T05:13:01+00:00","og_image":[{"width":750,"height":500,"url":"https:\/\/static.africa-press.net\/cote\/sites\/43\/2021\/07\/img-60df49c4829e5.jpg","type":"image\/jpeg"}],"author":"cfeditorfr","twitter_card":"summary_large_image","twitter_misc":{"\u00c9crit par":"cfeditorfr","Dur\u00e9e de lecture estim\u00e9e":"2 minutes"},"schema":{"@context":"https:\/\/schema.org","@graph":[{"@type":"Article","@id":"https:\/\/www.africa-press.net\/cotedivoire\/toutes-les-actualites\/covid-19-letat-durgence-sanitaire-prolonge-jusquau-30-septembre-en-cote-divoire#article","isPartOf":{"@id":"https:\/\/www.africa-press.net\/cotedivoire\/toutes-les-actualites\/covid-19-letat-durgence-sanitaire-prolonge-jusquau-30-septembre-en-cote-divoire"},"author":{"name":"cfeditorfr","@id":"https:\/\/www.africa-press.net\/cotedivoire\/#\/schema\/person\/2b1cf3cd81a31e3cd26889ca66d677f1"},"headline":"Covid-19\/L\u2019\u00e9tat d\u2019urgence sanitaire prolong\u00e9 jusqu\u2019au 30 septembre en C\u00f4te d\u2019Ivoire-","datePublished":"2021-07-02T17:59:03+00:00","dateModified":"2021-07-03T05:13:01+00:00","mainEntityOfPage":{"@id":"https:\/\/www.africa-press.net\/cotedivoire\/toutes-les-actualites\/covid-19-letat-durgence-sanitaire-prolonge-jusquau-30-septembre-en-cote-divoire"},"wordCount":468,"commentCount":0,"image":{"@id":"https:\/\/www.africa-press.net\/cotedivoire\/toutes-les-actualites\/covid-19-letat-durgence-sanitaire-prolonge-jusquau-30-septembre-en-cote-divoire#primaryimage"},"thumbnailUrl":"https:\/\/static.africa-press.net\/cote\/sites\/43\/2021\/07\/img-60df49c4829e5.jpg","keywords":["Africa Press","Africa Press-C\u00f4te d'Ivoire","C\u00d4TE D'IVOIRE"],"articleSection":["Communaut\u00e9","homepage-french","Top Nouvelles","Toutes les actualit\u00e9s"],"inLanguage":"fr-FR","potentialAction":[{"@type":"CommentAction","name":"Comment","target":["https:\/\/www.africa-press.net\/cotedivoire\/toutes-les-actualites\/covid-19-letat-durgence-sanitaire-prolonge-jusquau-30-septembre-en-cote-divoire#respond"]}]},{"@type":"WebPage","@id":"https:\/\/www.africa-press.net\/cotedivoire\/toutes-les-actualites\/covid-19-letat-durgence-sanitaire-prolonge-jusquau-30-septembre-en-cote-divoire","url":"https:\/\/www.africa-press.net\/cotedivoire\/toutes-les-actualites\/covid-19-letat-durgence-sanitaire-prolonge-jusquau-30-septembre-en-cote-divoire","name":"Covid-19\/L\u2019\u00e9tat d\u2019urgence sanitaire prolong\u00e9 jusqu\u2019au 30 septembre en C\u00f4te d\u2019Ivoire- C\u00f4te d&#039;Ivoire","isPartOf":{"@id":"https:\/\/www.africa-press.net\/cotedivoire\/#website"},"primaryImageOfPage":{"@id":"https:\/\/www.africa-press.net\/cotedivoire\/toutes-les-actualites\/covid-19-letat-durgence-sanitaire-prolonge-jusquau-30-septembre-en-cote-divoire#primaryimage"},"image":{"@id":"https:\/\/www.africa-press.net\/cotedivoire\/toutes-les-actualites\/covid-19-letat-durgence-sanitaire-prolonge-jusquau-30-septembre-en-cote-divoire#primaryimage"},"thumbnailUrl":"https:\/\/static.africa-press.net\/cote\/sites\/43\/2021\/07\/img-60df49c4829e5.jpg","datePublished":"2021-07-02T17:59:03+00:00","dateModified":"2021-07-03T05:13:01+00:00","author":{"@id":"https:\/\/www.africa-press.net\/cotedivoire\/#\/schema\/person\/2b1cf3cd81a31e3cd26889ca66d677f1"},"description":"Le Conseil national de s\u00e9curit\u00e9 a d\u00e9cid\u00e9, jeudi 1er juillet 2021, \u00e0 Abidjan, de prolonger l\u2019\u00e9tat d\u2019urgence sanitaire jus ...","breadcrumb":{"@id":"https:\/\/www.africa-press.net\/cotedivoire\/toutes-les-actualites\/covid-19-letat-durgence-sanitaire-prolonge-jusquau-30-septembre-en-cote-divoire#breadcrumb"},"inLanguage":"fr-FR","potentialAction":[{"@type":"ReadAction","target":["https:\/\/www.africa-press.net\/cotedivoire\/toutes-les-actualites\/covid-19-letat-durgence-sanitaire-prolonge-jusquau-30-septembre-en-cote-divoire"]}]},{"@type":"ImageObject","inLanguage":"fr-FR","@id":"https:\/\/www.africa-press.net\/cotedivoire\/toutes-les-actualites\/covid-19-letat-durgence-sanitaire-prolonge-jusquau-30-septembre-en-cote-divoire#primaryimage","url":"https:\/\/static.africa-press.net\/cote\/sites\/43\/2021\/07\/img-60df49c4829e5.jpg","contentUrl":"https:\/\/static.africa-press.net\/cote\/sites\/43\/2021\/07\/img-60df49c4829e5.jpg","width":750,"height":500,"caption":"Covid-19\/L\u2019\u00e9tat d\u2019urgence sanitaire prolong\u00e9 jusqu\u2019au 30 septembre en C\u00f4te d\u2019Ivoire-"},{"@type":"BreadcrumbList","@id":"https:\/\/www.africa-press.net\/cotedivoire\/toutes-les-actualites\/covid-19-letat-durgence-sanitaire-prolonge-jusquau-30-septembre-en-cote-divoire#breadcrumb","itemListElement":[{"@type":"ListItem","position":1,"name":"Accueil","item":"https:\/\/www.africa-press.net\/cotedivoire\/"},{"@type":"ListItem","position":2,"name":"Covid-19\/L\u2019\u00e9tat d\u2019urgence sanitaire prolong\u00e9 jusqu\u2019au 30 septembre en C\u00f4te d\u2019Ivoire-"}]},{"@type":"WebSite","@id":"https:\/\/www.africa-press.net\/cotedivoire\/#website","url":"https:\/\/www.africa-press.net\/cotedivoire\/","name":"C\u00f4te d&#039;Ivoire","description":"Just another Africa News Agency Sites site","potentialAction":[{"@type":"SearchAction","target":{"@type":"EntryPoint","urlTemplate":"https:\/\/www.africa-press.net\/cotedivoire\/?s={search_term_string}"},"query-input":{"@type":"PropertyValueSpecification","valueRequired":true,"valueName":"search_term_string"}}],"inLanguage":"fr-FR"},{"@type":"Person","@id":"https:\/\/www.africa-press.net\/cotedivoire\/#\/schema\/person\/2b1cf3cd81a31e3cd26889ca66d677f1","name":"cfeditorfr"}]}},"_links":{"self":[{"href":"https:\/\/www.africa-press.net\/cotedivoire\/wp-json\/wp\/v2\/posts\/9643","targetHints":{"allow":["GET"]}}],"collection":[{"href":"https:\/\/www.africa-press.net\/cotedivoire\/wp-json\/wp\/v2\/posts"}],"about":[{"href":"https:\/\/www.africa-press.net\/cotedivoire\/wp-json\/wp\/v2\/types\/post"}],"author":[{"embeddable":true,"href":"https:\/\/www.africa-press.net\/cotedivoire\/wp-json\/wp\/v2\/users\/82"}],"replies":[{"embeddable":true,"href":"https:\/\/www.africa-press.net\/cotedivoire\/wp-json\/wp\/v2\/comments?post=9643"}],"version-history":[{"count":0,"href":"https:\/\/www.africa-press.net\/cotedivoire\/wp-json\/wp\/v2\/posts\/9643\/revisions"}],"wp:featuredmedia":[{"embeddable":true,"href":"https:\/\/www.africa-press.net\/cotedivoire\/wp-json\/wp\/v2\/media\/9642"}],"wp:attachment":[{"href":"https:\/\/www.africa-press.net\/cotedivoire\/wp-json\/wp\/v2\/media?parent=9643"}],"wp:term":[{"taxonomy":"category","embeddable":true,"href":"https:\/\/www.africa-press.net\/cotedivoire\/wp-json\/wp\/v2\/categories?post=9643"},{"taxonomy":"post_tag","embeddable":true,"href":"https:\/\/www.africa-press.net\/cotedivoire\/wp-json\/wp\/v2\/tags?post=9643"}],"curies":[{"name":"wp","href":"https:\/\/api.w.org\/{rel}","templated":true}]}}