{"id":9646,"date":"2021-07-02T18:07:44","date_gmt":"2021-07-02T18:07:44","guid":{"rendered":"https:\/\/www.africa-press.net\/cotedivoire\/?p=9646"},"modified":"2021-07-03T05:12:52","modified_gmt":"2021-07-03T05:12:52","slug":"cote-divoire-ouattara-prend-part-aux-245e-anniversaire-de-la-fete-nationale-des-etats-unis","status":"publish","type":"post","link":"https:\/\/www.africa-press.net\/cotedivoire\/politique\/cote-divoire-ouattara-prend-part-aux-245e-anniversaire-de-la-fete-nationale-des-etats-unis","title":{"rendered":"Ouattara prend part aux 245e anniversaire de la F\u00eate nationale des \u00c9tats-Unis"},"content":{"rendered":"<p><span style=\"color: #ff6600\"><strong><a href=\"https:\/\/www.africa-press.net\/\">Africa-Press<\/a> &#8211; <a href=\"https:\/\/www.africa-press.net\/cotedivoire\">C\u00f4te d&rsquo;Ivoire<\/a>.\u00a0 <\/strong><\/span>\u00ab C\u00e9l\u00e9bration du 245e anniversaire de la F\u00eate nationale des \u00c9tats-Unis d\u2019Am\u00e9rique \u00e0 la R\u00e9sidence de l\u2019Ambassadeur des \u00c9tats-Unis, Richard Bell. \u00bb<\/p>\n<p>Distingu\u00e9s invit\u00e9s, Mesdames, Messieurs, en vos rangs, grades et qualit\u00e9s, tout protocole respect\u00e9,<\/p>\n<p>Bonsoir! Bienvenue \u00e0 la R\u00e9sidence des Etats-Unis! Merci d\u2019avoir accept\u00e9 de f\u00eater avec nous le 245e anniversaire des Etats-Unis d\u2019Am\u00e9rique!<\/p>\n<p>Le Pr\u00e9sident Biden l\u2019a dit, les Etats-Unis ont toujours \u00e9t\u00e9 un pays qui regarde vers l\u2019avant, qui tente toujours de progresser vers \u201cune union plus parfaite\u201d, comme l\u2019exprime le Pr\u00e9ambule de la Constitution en vigueur depuis 1789. (C\u2019est \u00e0 dire qu\u2019elle ne sera jamais parfaite, mais qu\u2019il faut toujours progresser.) Dans cinq ans, ce sera le 250e anniversaire de l\u2019ind\u00e9pendance des Etats-Unis. D\u00e9j\u00e0 ce 4 juillet 2021, le Gouvernement am\u00e9ricain lancera la c\u00e9l\u00e9bration avec ses partenaires \u00e0 la Fondation America250 et invitera tous les Am\u00e9ricains, ainsi que nos amis \u00e0 l\u2019ext\u00e9rieur, \u00e0 contribuer \u00e0 honorer notre pass\u00e9 et \u00e0 former notre avenir.<\/p>\n<p>Cette ann\u00e9e, \u00e0 cause de la pand\u00e9mie mais aussi gr\u00e2ce \u00e0 la disponibilit\u00e9 de vaccins, l\u2019Ambassade a organis\u00e9 une s\u00e9rie de petits cocktails plut\u00f4t qu\u2019une grande f\u00eate. A chaque occasion, nous n\u2019avons invit\u00e9 qu\u2019une cinquantaine de personnes, pour pouvoir maintenir la distanciation physique. La liste des invit\u00e9s \u00e9tait bas\u00e9e chaque fois sur un th\u00e8me diff\u00e9rent. Ce soir, il s\u2019agit de la c\u00e9r\u00e9monie la plus traditionnelle, avec les plus hauts responsables et le corps diplomatique, toujours en nombre r\u00e9duit, mais un peu \u00e9largi quand m\u00eame. La tradition am\u00e9ricaine, c\u2019est de marquer la f\u00eate nationale en toute simplicit\u00e9 avec un piquenique familial sur le gazon, et c\u2019est dans cet esprit-l\u00e0 que ce cocktail est con\u00e7u.<\/p>\n<p>Quel honneur inesp\u00e9r\u00e9 que de pouvoir c\u00e9l\u00e9brer en si auguste compagnie les relations d\u2019amiti\u00e9 qui lient les Etats-Unis et la C\u00f4te d\u2019Ivoire depuis soixante ans d\u00e9j\u00e0. Et pour cause: la C\u00f4te d\u2019Ivoire est un pays d\u2019importance strat\u00e9gique: moteur \u00e9conomique de la sous-r\u00e9gion; moyeu de liaisons de transport; p\u00f4le de stabilit\u00e9 dans une partie du monde qui en a besoin; leader continental respect\u00e9.<\/p>\n<p>Presque tout ce que le Gouvernement am\u00e9ricain fait en C\u00f4te d\u2019Ivoire constitue un investissement dans la population de ce cher pays. Or, un investissement, c\u2019est une d\u00e9pense, bas\u00e9e sur l\u2019optimisme. Si on ne croyait pas en l\u2019avenir, elle n\u2019aurait pas de sens: on aurait plut\u00f4t tendance \u00e0 conserver ses ressources. Donc, l\u2019Am\u00e9rique croit en la C\u00f4te d\u2019Ivoire.<\/p>\n<p>Depuis 17 ans, les Etats-Unis financent le gros de la lutte contre le VIH-SIDA en C\u00f4te d\u2019Ivoire \u00e0 travers le programme PEPFAR, \u00e0 hauteur d\u2019environ $100 millions par an, donc au total $1,7 milliards depuis 2004. Aujourd\u2019hui, environ un quart de million de personnes vivant avec le VIH en C\u00f4te d\u2019Ivoire suivent le traitement qui non seulement leur sauve la vie mais permet de r\u00e9duire leur charge virale au point qu\u2019ils ne peuvent pas transmettre le virus. Je rappelle que ce traitement, qui consiste en une pilule par jour, leur est offert \u00e0 titre gratuit et en toute confidentialit\u00e9, car nous sommes bien conscients de la stigmatisation qui persiste.<\/p>\n<p>A l\u2019\u00e9chelle plan\u00e9taire, le Gouvernement am\u00e9ricain contribue le tiers du budget du Fonds mondial contre le VIH, la tuberculose et le paludisme. Au niveau bilat\u00e9ral, les Etats-Unis ont contribu\u00e9 $100 millions contre le paludisme en C\u00f4te d\u2019Ivoire depuis 2017. Et \u00e0 travers le Programme mondial de s\u00e9curit\u00e9 sanitaire, nous aidons \u00e0 renforcer les capacit\u00e9s ivoiriennes contre les maladies infectieuses.<\/p>\n<p>Contre le COVID-19, le Pr\u00e9sident Biden a rejoint avec enthousiasme l\u2019initiative COVAX qui offre gracieusement des vaccins \u00e0 de nombreux pays y compris la C\u00f4te d\u2019Ivoire. La contribution am\u00e9ricaine initiale s\u2019\u00e9l\u00e8ve \u00e0 $2 milliards, avec une seconde tranche de $2 milliards d\u2019ici l\u2019an prochain, structur\u00e9e de fa\u00e7on \u00e0 motiver d\u2019autres partenaires \u00e0 contribuer.<\/p>\n<p>Depuis 2019, la coop\u00e9ration bilat\u00e9rale a fait un grand bond, avec le programme du Millennium Challenge Corporation (MCC) dont le budget s\u2019\u00e9l\u00e8ve \u00e0 $524,7 millions sur cinq ans, donc un peu plus de $100 millions par an. Ce programme comprend deux volets, s\u00e9lectionn\u00e9s avec soin pour leur impact strat\u00e9gique:<\/p>\n<p>1-L\u2019\u00e9ducation, avec notamment la construction de jusqu\u2019\u00e0 84 coll\u00e8ges de proximit\u00e9 situ\u00e9s de mani\u00e8re \u00e0 encourager les jeunes filles \u00e0 poursuivre leur \u00e9ducation. Ce volet du programme renforcera aussi les capacit\u00e9s de l\u2019Ecole Normale Sup\u00e9rieure \u00e0 former davantage d\u2019enseignants, et pilotera un nouveau mod\u00e8le public-priv\u00e9 de gestion des centres de formation professionnelle, avec le secteur priv\u00e9 au centre de la gouvernance et de l\u2019\u00e9laboration de curricula pratiques pour livrer les comp\u00e9tences demand\u00e9es par les employeurs.<\/p>\n<p>2-Le transport routier, avec l\u2019am\u00e9lioration de 32 kms de route reliant le port d\u2019Abidjan aux sorties de la ville, et un programme de formation d\u2019experts pour maintenir tout le r\u00e9seau routier, qui comprend plus de 85 000 kms de routes.<\/p>\n<p>Je souligne que pour acc\u00e9der \u00e0 un accord avec le MCC, un pays doit remplir des crit\u00e8res de bonne gouvernance, et que ces crit\u00e8res sont \u00e9valu\u00e9s par des tiers, chaque ann\u00e9e. Lorsque un pays se rend \u00e9ligible \u00e0 la coop\u00e9ration du MCC, il se rend plus attractif en g\u00e9n\u00e9ral, surtout du point de vue d\u2019investisseurs potentiels. Ce qui est tr\u00e8s pertinent, car, ne l\u2019oublions jamais, les investisseurs ont le choix.<\/p>\n<p>C\u2019est le lieu pour moi de f\u00e9liciter la C\u00f4te d\u2019Ivoire pour les progr\u00e8s impressionnants r\u00e9alis\u00e9s depuis dix ans que SEM Alassane Ouattara a acc\u00e9d\u00e9 \u00e0 la magistrature supr\u00eame.<\/p>\n<p>Je salue aussi l\u2019engagement personnel de SEM Patrick Achi qui, depuis bien avant sa promotion au poste de Premier Ministre, pr\u00e9side avec grande attention le conseil d\u2019administration de MCA-CI, l\u2019agence ivoirienne charg\u00e9e de la mise en \u0153uvre du programme MCC.<\/p>\n<p>Permettez que je rende hommage \u00e0 Madame la Premi\u00e8re Dame de C\u00f4te d\u2019Ivoire pour son d\u00e9vouement au bien-\u00eatre surtout des enfants, qui repr\u00e9sentent l\u2019avenir.<\/p>\n<p>E\/M\/M, aujourd\u2019hui, la C\u00f4te d\u2019Ivoire est bien plac\u00e9e pour continuer sur sa lanc\u00e9e, et le monde ext\u00e9rieur s\u2019y int\u00e9resse de plus en plus. Les \u00e9lections l\u00e9gislatives du mois de mars ont \u00e9t\u00e9 les plus inclusives depuis bien longtemps, et il en r\u00e9sulte une opposition parlementaire significative, ce qui peut contribuer \u00e0 une vie d\u00e9mocratique plus saine. Le moment est propice! Cette semaine, j\u2019ai discut\u00e9 un projet de la Chambre de Commerce des Etats-Unis, pour publier \u00e0 l\u2019automne un guide sur la C\u00f4te d\u2019Ivoire pour les investisseurs et les gens d\u2019affaires. Et je salue le dynamisme renouvel\u00e9 de la Chambre de Commerce Am\u00e9ricaine en C\u00f4te d\u2019Ivoire \u00ab AMCHAM \u00bb sous la pr\u00e9sidence de M. Yohannes Mekbebe.<\/p>\n<p>E\/M\/M, la s\u00e9curit\u00e9 est fondamentale pour cr\u00e9er un environnement propice au progr\u00e8s. La confiance r\u00e9ciproque entre les autorit\u00e9s et la population civile est cruciale, et c\u2019est pr\u00e9cis\u00e9ment cette confiance que les ennemis tentent de briser.<\/p>\n<p>Aujourd\u2019hui, le niveau de professionalisme exig\u00e9 de la part des repr\u00e9sentants de l\u2019\u00e9tat, surtout ceux qui portent l\u2019uniforme et les armes, est plus \u00e9lev\u00e9 que jamais auparavant, de toute l\u2019histoire de l\u2019humanit\u00e9. A l\u2019\u00e8re du t\u00e9l\u00e9phone portable muni de cam\u00e9ra avec acc\u00e8s \u00e0 l\u2019internet, une petite bavure dans un village recul\u00e9 peut avoir des cons\u00e9quences strat\u00e9giques internationales.<\/p>\n<p>C\u2019est pourquoi je suis si fier du partenariat am\u00e9ricain avec le Minist\u00e8re de l\u2019Int\u00e9rieur et de la S\u00e9curit\u00e9 dans le cadre du programme de Police de Proximit\u00e9.<\/p>\n<p>C\u2019est aussi pourquoi je salue l\u2019initiative conjointe entre la C\u00f4te d\u2019Ivoire et la France de cr\u00e9er l\u2019Acad\u00e9mie Internationale de Lutte Contre le Terrorisme. Cette Acad\u00e9mie, qui se veut r\u00e9ellement internationale \u2013 et anglophone aussi bien que francophone \u2013 , fournit un cadre utile pour synth\u00e9tiser une approche compr\u00e9hensive, int\u00e9gr\u00e9e, qui vise autant la pr\u00e9vention de l\u2019extr\u00e9misme que la d\u00e9faite des extr\u00e9mistes violents. Je suis ravi de constater que d\u00e9j\u00e0, plusieurs pays y apportent leurs contributions, y compris les Etats-Unis bien s\u00fbr.<\/p>\n<p>Excellences, Mesdames, Messieurs, ce serait abuser de votre temps pr\u00e9cieux que de tenter de vous dresser la liste exhaustive de toute la coop\u00e9ration entre les Etats-Unis et la C\u00f4te d\u2019Ivoire. Je me borne donc \u00e0 souligner que la r\u00e9ussite de la coop\u00e9ration am\u00e9ricaine d\u00e9pend principalement de l\u2019engagement et des talents et \u00e9nergies de la partie ivoirienne. Nous comptons sur nos partenaires ivoiriens, tout comme nous sommes heureux d\u2019agir de la fa\u00e7on la plus unifi\u00e9e possible avec d\u2019autres partenaires internationaux.<\/p>\n<p>Avant de conclure, je tiens \u00e0 remercier tous les membres de l\u2019\u00e9quipe de l\u2019Ambassade qui ont contribu\u00e9 \u00e0 l\u2019organisation de cette s\u00e9rie de cocktails.<\/p>\n<p>Excellences, Mesdames, Messieurs, je vous prie d\u2019accepter mes remerciements \u2013 \u00e0 vous et \u00e0 tous ceux qui oeuvrent \u00e0 vos c\u00f4t\u00e9s \u2013 pour l\u2019amiti\u00e9, le partenariat, les efforts que vous d\u00e9ployez tout au long de l\u2019ann\u00e9e afin de promouvoir une C\u00f4te d\u2019Ivoire libre et prosp\u00e8re.<\/p>\n<p>Merci de c\u00e9l\u00e9brer avec nous ce soir. Bonne f\u00eate de l\u2019amiti\u00e9 entre les Etats-Unis et la C\u00f4te d\u2019Ivoire! Et merci de votre aimable attention.<\/p>\n<p>C\u00e9l\u00e9bration du 245e anniversaire de la F\u00eate nationale des \u00c9tats-Unis d\u2019Am\u00e9rique \u00e0 la R\u00e9sidence de l\u2019Ambassadeur des \u00c9tats-Unis, Richard Bell. pic.twitter.com\/30nA8kyHe2<\/p>\n<p>&nbsp;<\/p>\n<p>(Wikipedia) Les \u00c9tats-Unis (\/e.ta.z\u203fy.ni\/), en forme longue les \u00c9tats-Unis d\u2019Am\u00e9riqueN 1, \u00e9galement appel\u00e9s les USA (\/y.\u025b.s\u203fa\/) ou moins exactement l\u2019Am\u00e9rique (en anglais : United States, United States of America, US, USA, America), sont un pays transcontinental dont la majorit\u00e9 du territoire se situe en Am\u00e9rique du Nord. Les \u00c9tats-Unis ont la structure politique d\u2019une r\u00e9publique constitutionnelle et d\u2019un \u00c9tat f\u00e9d\u00e9ral \u00e0 r\u00e9gime pr\u00e9sidentiel, compos\u00e9 de cinquante \u00c9tats.<\/p>\n<p>48 des 50 \u00c9tats sont adjacents et forment le Mainland. Celui-ci est encadr\u00e9 par l\u2019oc\u00e9an Atlantique \u00e0 l\u2019est, le golfe du Mexique au sud-est et l\u2019oc\u00e9an Pacifique \u00e0 l\u2019ouest, et se trouve bord\u00e9 au nord par le Canada et au sud-ouest par le Mexique. Les deux \u00c9tats de l\u2019Union non limitrophes sont l\u2019Alaska, au nord-ouest du Canada, et Hawa\u00ef, un archipel au milieu de l\u2019oc\u00e9an Pacifique nord. De plus, le pays comprend quatorze territoires insulaires diss\u00e9min\u00e9s dans la mer des Cara\u00efbes et le Pacifique. La g\u00e9ographie et le climat du pays sont extr\u00eamement diversifi\u00e9s, abritant une grande vari\u00e9t\u00e9 de faune et de flore, faisant des \u00c9tats-Unis l\u2019un des 17 pays m\u00e9gadivers de la plan\u00e8te4.<\/p>\n<p>La capitale f\u00e9d\u00e9rale, Washington, est situ\u00e9e dans le district de Columbia, une zone enclav\u00e9e dans l\u2019Union mais hors des cinquante \u00c9tats. La monnaie est le dollar am\u00e9ricain. Le drapeau se compose de treize bandes rouges et blanches ainsi que de cinquante \u00e9toiles repr\u00e9sentant les cinquante \u00c9tats f\u00e9d\u00e9r\u00e9s de l\u2019Union. L\u2019hymne national s\u2019intitule The Star-Spangled Banner (La Banni\u00e8re \u00e9toil\u00e9e). Il n\u2019y a pas de langue officielle aux \u00c9tats-Unis, bien que la langue nationale soit de facto l\u2019anglais am\u00e9ricain.<\/p>\n<p>Avant d\u2019\u00eatre explor\u00e9 et conquis par les Europ\u00e9ens, le territoire du pays \u00e9tait d\u2019abord occup\u00e9 par les Am\u00e9rindiens qui avaient migr\u00e9 depuis l\u2019Eurasie il y a environ 15 000 ans5. La colonisation europ\u00e9enne d\u00e9bute au XVIe si\u00e8cle. Le 14 mai 1607, la colonie anglaise de Virginie est fond\u00e9e ; par la suite, douze autres colonies britanniques sont fond\u00e9es le long de la c\u00f4te atlantique, tandis que d\u2019autres puissances europ\u00e9ennes explorent le reste du territoire am\u00e9ricain. Une s\u00e9rie de conflits entre les Treize Colonies et la Grande-Bretagne m\u00e8nent \u00e0 la guerre d\u2019ind\u00e9pendance en 1775.<\/p>\n<p>La d\u00e9claration d\u2019ind\u00e9pendance est proclam\u00e9e le 4 juillet 1776, dans laquelle les treize colonies se f\u00e9d\u00e8rent pour former les \u00c9tats-Unis d\u2019Am\u00e9rique, la premi\u00e8re nation d\u00e9colonis\u00e9e du monde6,7, reconnue par la Grande-Bretagne \u00e0 la fin de la guerre en 1783. L\u2019histoire contemporaine des \u00c9tats-Unis est marqu\u00e9e par la rivalit\u00e9 entre New York et Philadelphie, puis par la conqu\u00eate de l\u2019Ouest,les guerres indiennes et la guerre de S\u00e9cession. Au d\u00e9but du XXe si\u00e8cle, le pays devient une puissance industrielle qui a les moyens d\u2019intervenir \u00e0 l\u2019ext\u00e9rieur de ses fronti\u00e8res. Il participe ainsi \u00e0 la Premi\u00e8re Guerre mondiale puis subit la Grande D\u00e9pression au d\u00e9but des ann\u00e9es 1930. Vainqueurs de la Seconde Guerre mondiale aux c\u00f4t\u00e9s des Alli\u00e9s, les \u00c9tats-Unis deviennent une superpuissance mondiale qui est ensuite confront\u00e9e au syst\u00e8me communiste de l\u2019URSS et de ses alli\u00e9s, ce pendant une p\u00e9riode d\u2019une quarantaine d\u2019ann\u00e9es, d\u00e9sign\u00e9e par le terme de \u00ab guerre froide \u00bb.<\/p>\n","protected":false},"excerpt":{"rendered":"<p>Africa-Press &#8211; C\u00f4te d&rsquo;Ivoire.\u00a0 \u00ab C\u00e9l\u00e9bration du 245e anniversaire de la F\u00eate nationale des \u00c9tats-Unis d\u2019Am\u00e9rique \u00e0 la R\u00e9sidence de l\u2019Ambassadeur des \u00c9tats-Unis, Richard Bell. \u00bb Distingu\u00e9s invit\u00e9s, Mesdames, Messieurs, en vos rangs, grades et qualit\u00e9s, tout protocole respect\u00e9, Bonsoir! Bienvenue \u00e0 la R\u00e9sidence des Etats-Unis! Merci d\u2019avoir accept\u00e9 de f\u00eater avec nous le 245e [&hellip;]<\/p>\n","protected":false},"author":82,"featured_media":9645,"comment_status":"open","ping_status":"closed","sticky":false,"template":"","format":"standard","meta":{"footnotes":""},"categories":[11,2,20,10],"tags":[56,63,29],"class_list":["post-9646","post","type-post","status-publish","format-standard","has-post-thumbnail","hentry","category-homepage-french","category-politique","category-top-nouvelles","category-toutes-les-actualites","tag-africa-press","tag-africa-press-cote-divoire","tag-cote-divoire"],"yoast_head":"<!-- This site is optimized with the Yoast SEO Premium plugin v26.1 (Yoast SEO v27.0) - https:\/\/yoast.com\/product\/yoast-seo-premium-wordpress\/ -->\n<title>Ouattara prend part aux 245e anniversaire de la F\u00eate nationale des \u00c9tats-Unis - C\u00f4te d&#039;Ivoire<\/title>\n<meta name=\"description\" content=\"@AOuattara_PRCI \u00ab C\u00e9l\u00e9bration du 245e anniversaire de la F\u00eate nationale des \u00c9tats-Unis d\u2019Am\u00e9rique \u00e0 la R\u00e9sidence de l\u2019A ...\" \/>\n<meta name=\"robots\" content=\"index, follow, max-snippet:-1, max-image-preview:large, max-video-preview:-1\" \/>\n<link rel=\"canonical\" href=\"https:\/\/www.africa-press.net\/cotedivoire\/politique\/cote-divoire-ouattara-prend-part-aux-245e-anniversaire-de-la-fete-nationale-des-etats-unis\" \/>\n<meta property=\"og:locale\" content=\"fr_FR\" \/>\n<meta property=\"og:type\" content=\"article\" \/>\n<meta property=\"og:title\" content=\"Ouattara prend part aux 245e anniversaire de la F\u00eate nationale des \u00c9tats-Unis\" \/>\n<meta property=\"og:description\" content=\"@AOuattara_PRCI \u00ab C\u00e9l\u00e9bration du 245e anniversaire de la F\u00eate nationale des \u00c9tats-Unis d\u2019Am\u00e9rique \u00e0 la R\u00e9sidence de l\u2019A ...\" \/>\n<meta property=\"og:url\" content=\"https:\/\/www.africa-press.net\/cotedivoire\/politique\/cote-divoire-ouattara-prend-part-aux-245e-anniversaire-de-la-fete-nationale-des-etats-unis\" \/>\n<meta property=\"og:site_name\" content=\"C\u00f4te d&#039;Ivoire\" \/>\n<meta property=\"article:published_time\" content=\"2021-07-02T18:07:44+00:00\" \/>\n<meta property=\"article:modified_time\" content=\"2021-07-03T05:12:52+00:00\" \/>\n<meta property=\"og:image\" content=\"https:\/\/static.africa-press.net\/cote\/sites\/43\/2021\/07\/img-60df49edbc659.jpg\" \/>\n\t<meta property=\"og:image:width\" content=\"720\" \/>\n\t<meta property=\"og:image:height\" content=\"360\" \/>\n\t<meta property=\"og:image:type\" content=\"image\/jpeg\" \/>\n<meta name=\"author\" content=\"cfeditorfr\" \/>\n<meta name=\"twitter:card\" content=\"summary_large_image\" \/>\n<meta name=\"twitter:label1\" content=\"\u00c9crit par\" \/>\n\t<meta name=\"twitter:data1\" content=\"cfeditorfr\" \/>\n\t<meta name=\"twitter:label2\" content=\"Dur\u00e9e de lecture estim\u00e9e\" \/>\n\t<meta name=\"twitter:data2\" content=\"9 minutes\" \/>\n<script type=\"application\/ld+json\" class=\"yoast-schema-graph\">{\"@context\":\"https:\/\/schema.org\",\"@graph\":[{\"@type\":\"Article\",\"@id\":\"https:\/\/www.africa-press.net\/cotedivoire\/politique\/cote-divoire-ouattara-prend-part-aux-245e-anniversaire-de-la-fete-nationale-des-etats-unis#article\",\"isPartOf\":{\"@id\":\"https:\/\/www.africa-press.net\/cotedivoire\/politique\/cote-divoire-ouattara-prend-part-aux-245e-anniversaire-de-la-fete-nationale-des-etats-unis\"},\"author\":{\"name\":\"cfeditorfr\",\"@id\":\"https:\/\/www.africa-press.net\/cotedivoire\/#\/schema\/person\/2b1cf3cd81a31e3cd26889ca66d677f1\"},\"headline\":\"Ouattara prend part aux 245e anniversaire de la F\u00eate nationale des \u00c9tats-Unis\",\"datePublished\":\"2021-07-02T18:07:44+00:00\",\"dateModified\":\"2021-07-03T05:12:52+00:00\",\"mainEntityOfPage\":{\"@id\":\"https:\/\/www.africa-press.net\/cotedivoire\/politique\/cote-divoire-ouattara-prend-part-aux-245e-anniversaire-de-la-fete-nationale-des-etats-unis\"},\"wordCount\":2274,\"commentCount\":0,\"image\":{\"@id\":\"https:\/\/www.africa-press.net\/cotedivoire\/politique\/cote-divoire-ouattara-prend-part-aux-245e-anniversaire-de-la-fete-nationale-des-etats-unis#primaryimage\"},\"thumbnailUrl\":\"https:\/\/static.africa-press.net\/cote\/sites\/43\/2021\/07\/img-60df49edbc659.jpg\",\"keywords\":[\"Africa Press\",\"Africa Press-C\u00f4te d'Ivoire\",\"C\u00d4TE D'IVOIRE\"],\"articleSection\":[\"homepage-french\",\"Politique\",\"Top Nouvelles\",\"Toutes les actualit\u00e9s\"],\"inLanguage\":\"fr-FR\",\"potentialAction\":[{\"@type\":\"CommentAction\",\"name\":\"Comment\",\"target\":[\"https:\/\/www.africa-press.net\/cotedivoire\/politique\/cote-divoire-ouattara-prend-part-aux-245e-anniversaire-de-la-fete-nationale-des-etats-unis#respond\"]}]},{\"@type\":\"WebPage\",\"@id\":\"https:\/\/www.africa-press.net\/cotedivoire\/politique\/cote-divoire-ouattara-prend-part-aux-245e-anniversaire-de-la-fete-nationale-des-etats-unis\",\"url\":\"https:\/\/www.africa-press.net\/cotedivoire\/politique\/cote-divoire-ouattara-prend-part-aux-245e-anniversaire-de-la-fete-nationale-des-etats-unis\",\"name\":\"Ouattara prend part aux 245e anniversaire de la F\u00eate nationale des \u00c9tats-Unis - C\u00f4te d&#039;Ivoire\",\"isPartOf\":{\"@id\":\"https:\/\/www.africa-press.net\/cotedivoire\/#website\"},\"primaryImageOfPage\":{\"@id\":\"https:\/\/www.africa-press.net\/cotedivoire\/politique\/cote-divoire-ouattara-prend-part-aux-245e-anniversaire-de-la-fete-nationale-des-etats-unis#primaryimage\"},\"image\":{\"@id\":\"https:\/\/www.africa-press.net\/cotedivoire\/politique\/cote-divoire-ouattara-prend-part-aux-245e-anniversaire-de-la-fete-nationale-des-etats-unis#primaryimage\"},\"thumbnailUrl\":\"https:\/\/static.africa-press.net\/cote\/sites\/43\/2021\/07\/img-60df49edbc659.jpg\",\"datePublished\":\"2021-07-02T18:07:44+00:00\",\"dateModified\":\"2021-07-03T05:12:52+00:00\",\"author\":{\"@id\":\"https:\/\/www.africa-press.net\/cotedivoire\/#\/schema\/person\/2b1cf3cd81a31e3cd26889ca66d677f1\"},\"description\":\"@AOuattara_PRCI \u00ab C\u00e9l\u00e9bration du 245e anniversaire de la F\u00eate nationale des \u00c9tats-Unis d\u2019Am\u00e9rique \u00e0 la R\u00e9sidence de l\u2019A ...\",\"breadcrumb\":{\"@id\":\"https:\/\/www.africa-press.net\/cotedivoire\/politique\/cote-divoire-ouattara-prend-part-aux-245e-anniversaire-de-la-fete-nationale-des-etats-unis#breadcrumb\"},\"inLanguage\":\"fr-FR\",\"potentialAction\":[{\"@type\":\"ReadAction\",\"target\":[\"https:\/\/www.africa-press.net\/cotedivoire\/politique\/cote-divoire-ouattara-prend-part-aux-245e-anniversaire-de-la-fete-nationale-des-etats-unis\"]}]},{\"@type\":\"ImageObject\",\"inLanguage\":\"fr-FR\",\"@id\":\"https:\/\/www.africa-press.net\/cotedivoire\/politique\/cote-divoire-ouattara-prend-part-aux-245e-anniversaire-de-la-fete-nationale-des-etats-unis#primaryimage\",\"url\":\"https:\/\/static.africa-press.net\/cote\/sites\/43\/2021\/07\/img-60df49edbc659.jpg\",\"contentUrl\":\"https:\/\/static.africa-press.net\/cote\/sites\/43\/2021\/07\/img-60df49edbc659.jpg\",\"width\":720,\"height\":360,\"caption\":\"C\u00f4te-d\u2019Ivoire: Ouattara prend part aux 245e anniversaire de la F\u00eate nationale des \u00c9tats-Unis\"},{\"@type\":\"BreadcrumbList\",\"@id\":\"https:\/\/www.africa-press.net\/cotedivoire\/politique\/cote-divoire-ouattara-prend-part-aux-245e-anniversaire-de-la-fete-nationale-des-etats-unis#breadcrumb\",\"itemListElement\":[{\"@type\":\"ListItem\",\"position\":1,\"name\":\"Accueil\",\"item\":\"https:\/\/www.africa-press.net\/cotedivoire\/\"},{\"@type\":\"ListItem\",\"position\":2,\"name\":\"Ouattara prend part aux 245e anniversaire de la F\u00eate nationale des \u00c9tats-Unis\"}]},{\"@type\":\"WebSite\",\"@id\":\"https:\/\/www.africa-press.net\/cotedivoire\/#website\",\"url\":\"https:\/\/www.africa-press.net\/cotedivoire\/\",\"name\":\"C\u00f4te d&#039;Ivoire\",\"description\":\"Just another Africa News Agency Sites site\",\"potentialAction\":[{\"@type\":\"SearchAction\",\"target\":{\"@type\":\"EntryPoint\",\"urlTemplate\":\"https:\/\/www.africa-press.net\/cotedivoire\/?s={search_term_string}\"},\"query-input\":{\"@type\":\"PropertyValueSpecification\",\"valueRequired\":true,\"valueName\":\"search_term_string\"}}],\"inLanguage\":\"fr-FR\"},{\"@type\":\"Person\",\"@id\":\"https:\/\/www.africa-press.net\/cotedivoire\/#\/schema\/person\/2b1cf3cd81a31e3cd26889ca66d677f1\",\"name\":\"cfeditorfr\"}]}<\/script>\n<!-- \/ Yoast SEO Premium plugin. -->","yoast_head_json":{"title":"Ouattara prend part aux 245e anniversaire de la F\u00eate nationale des \u00c9tats-Unis - C\u00f4te d&#039;Ivoire","description":"@AOuattara_PRCI \u00ab C\u00e9l\u00e9bration du 245e anniversaire de la F\u00eate nationale des \u00c9tats-Unis d\u2019Am\u00e9rique \u00e0 la R\u00e9sidence de l\u2019A ...","robots":{"index":"index","follow":"follow","max-snippet":"max-snippet:-1","max-image-preview":"max-image-preview:large","max-video-preview":"max-video-preview:-1"},"canonical":"https:\/\/www.africa-press.net\/cotedivoire\/politique\/cote-divoire-ouattara-prend-part-aux-245e-anniversaire-de-la-fete-nationale-des-etats-unis","og_locale":"fr_FR","og_type":"article","og_title":"Ouattara prend part aux 245e anniversaire de la F\u00eate nationale des \u00c9tats-Unis","og_description":"@AOuattara_PRCI \u00ab C\u00e9l\u00e9bration du 245e anniversaire de la F\u00eate nationale des \u00c9tats-Unis d\u2019Am\u00e9rique \u00e0 la R\u00e9sidence de l\u2019A ...","og_url":"https:\/\/www.africa-press.net\/cotedivoire\/politique\/cote-divoire-ouattara-prend-part-aux-245e-anniversaire-de-la-fete-nationale-des-etats-unis","og_site_name":"C\u00f4te d&#039;Ivoire","article_published_time":"2021-07-02T18:07:44+00:00","article_modified_time":"2021-07-03T05:12:52+00:00","og_image":[{"width":720,"height":360,"url":"https:\/\/static.africa-press.net\/cote\/sites\/43\/2021\/07\/img-60df49edbc659.jpg","type":"image\/jpeg"}],"author":"cfeditorfr","twitter_card":"summary_large_image","twitter_misc":{"\u00c9crit par":"cfeditorfr","Dur\u00e9e de lecture estim\u00e9e":"9 minutes"},"schema":{"@context":"https:\/\/schema.org","@graph":[{"@type":"Article","@id":"https:\/\/www.africa-press.net\/cotedivoire\/politique\/cote-divoire-ouattara-prend-part-aux-245e-anniversaire-de-la-fete-nationale-des-etats-unis#article","isPartOf":{"@id":"https:\/\/www.africa-press.net\/cotedivoire\/politique\/cote-divoire-ouattara-prend-part-aux-245e-anniversaire-de-la-fete-nationale-des-etats-unis"},"author":{"name":"cfeditorfr","@id":"https:\/\/www.africa-press.net\/cotedivoire\/#\/schema\/person\/2b1cf3cd81a31e3cd26889ca66d677f1"},"headline":"Ouattara prend part aux 245e anniversaire de la F\u00eate nationale des \u00c9tats-Unis","datePublished":"2021-07-02T18:07:44+00:00","dateModified":"2021-07-03T05:12:52+00:00","mainEntityOfPage":{"@id":"https:\/\/www.africa-press.net\/cotedivoire\/politique\/cote-divoire-ouattara-prend-part-aux-245e-anniversaire-de-la-fete-nationale-des-etats-unis"},"wordCount":2274,"commentCount":0,"image":{"@id":"https:\/\/www.africa-press.net\/cotedivoire\/politique\/cote-divoire-ouattara-prend-part-aux-245e-anniversaire-de-la-fete-nationale-des-etats-unis#primaryimage"},"thumbnailUrl":"https:\/\/static.africa-press.net\/cote\/sites\/43\/2021\/07\/img-60df49edbc659.jpg","keywords":["Africa Press","Africa Press-C\u00f4te d'Ivoire","C\u00d4TE D'IVOIRE"],"articleSection":["homepage-french","Politique","Top Nouvelles","Toutes les actualit\u00e9s"],"inLanguage":"fr-FR","potentialAction":[{"@type":"CommentAction","name":"Comment","target":["https:\/\/www.africa-press.net\/cotedivoire\/politique\/cote-divoire-ouattara-prend-part-aux-245e-anniversaire-de-la-fete-nationale-des-etats-unis#respond"]}]},{"@type":"WebPage","@id":"https:\/\/www.africa-press.net\/cotedivoire\/politique\/cote-divoire-ouattara-prend-part-aux-245e-anniversaire-de-la-fete-nationale-des-etats-unis","url":"https:\/\/www.africa-press.net\/cotedivoire\/politique\/cote-divoire-ouattara-prend-part-aux-245e-anniversaire-de-la-fete-nationale-des-etats-unis","name":"Ouattara prend part aux 245e anniversaire de la F\u00eate nationale des \u00c9tats-Unis - C\u00f4te d&#039;Ivoire","isPartOf":{"@id":"https:\/\/www.africa-press.net\/cotedivoire\/#website"},"primaryImageOfPage":{"@id":"https:\/\/www.africa-press.net\/cotedivoire\/politique\/cote-divoire-ouattara-prend-part-aux-245e-anniversaire-de-la-fete-nationale-des-etats-unis#primaryimage"},"image":{"@id":"https:\/\/www.africa-press.net\/cotedivoire\/politique\/cote-divoire-ouattara-prend-part-aux-245e-anniversaire-de-la-fete-nationale-des-etats-unis#primaryimage"},"thumbnailUrl":"https:\/\/static.africa-press.net\/cote\/sites\/43\/2021\/07\/img-60df49edbc659.jpg","datePublished":"2021-07-02T18:07:44+00:00","dateModified":"2021-07-03T05:12:52+00:00","author":{"@id":"https:\/\/www.africa-press.net\/cotedivoire\/#\/schema\/person\/2b1cf3cd81a31e3cd26889ca66d677f1"},"description":"@AOuattara_PRCI \u00ab C\u00e9l\u00e9bration du 245e anniversaire de la F\u00eate nationale des \u00c9tats-Unis d\u2019Am\u00e9rique \u00e0 la R\u00e9sidence de l\u2019A ...","breadcrumb":{"@id":"https:\/\/www.africa-press.net\/cotedivoire\/politique\/cote-divoire-ouattara-prend-part-aux-245e-anniversaire-de-la-fete-nationale-des-etats-unis#breadcrumb"},"inLanguage":"fr-FR","potentialAction":[{"@type":"ReadAction","target":["https:\/\/www.africa-press.net\/cotedivoire\/politique\/cote-divoire-ouattara-prend-part-aux-245e-anniversaire-de-la-fete-nationale-des-etats-unis"]}]},{"@type":"ImageObject","inLanguage":"fr-FR","@id":"https:\/\/www.africa-press.net\/cotedivoire\/politique\/cote-divoire-ouattara-prend-part-aux-245e-anniversaire-de-la-fete-nationale-des-etats-unis#primaryimage","url":"https:\/\/static.africa-press.net\/cote\/sites\/43\/2021\/07\/img-60df49edbc659.jpg","contentUrl":"https:\/\/static.africa-press.net\/cote\/sites\/43\/2021\/07\/img-60df49edbc659.jpg","width":720,"height":360,"caption":"C\u00f4te-d\u2019Ivoire: Ouattara prend part aux 245e anniversaire de la F\u00eate nationale des \u00c9tats-Unis"},{"@type":"BreadcrumbList","@id":"https:\/\/www.africa-press.net\/cotedivoire\/politique\/cote-divoire-ouattara-prend-part-aux-245e-anniversaire-de-la-fete-nationale-des-etats-unis#breadcrumb","itemListElement":[{"@type":"ListItem","position":1,"name":"Accueil","item":"https:\/\/www.africa-press.net\/cotedivoire\/"},{"@type":"ListItem","position":2,"name":"Ouattara prend part aux 245e anniversaire de la F\u00eate nationale des \u00c9tats-Unis"}]},{"@type":"WebSite","@id":"https:\/\/www.africa-press.net\/cotedivoire\/#website","url":"https:\/\/www.africa-press.net\/cotedivoire\/","name":"C\u00f4te d&#039;Ivoire","description":"Just another Africa News Agency Sites site","potentialAction":[{"@type":"SearchAction","target":{"@type":"EntryPoint","urlTemplate":"https:\/\/www.africa-press.net\/cotedivoire\/?s={search_term_string}"},"query-input":{"@type":"PropertyValueSpecification","valueRequired":true,"valueName":"search_term_string"}}],"inLanguage":"fr-FR"},{"@type":"Person","@id":"https:\/\/www.africa-press.net\/cotedivoire\/#\/schema\/person\/2b1cf3cd81a31e3cd26889ca66d677f1","name":"cfeditorfr"}]}},"_links":{"self":[{"href":"https:\/\/www.africa-press.net\/cotedivoire\/wp-json\/wp\/v2\/posts\/9646","targetHints":{"allow":["GET"]}}],"collection":[{"href":"https:\/\/www.africa-press.net\/cotedivoire\/wp-json\/wp\/v2\/posts"}],"about":[{"href":"https:\/\/www.africa-press.net\/cotedivoire\/wp-json\/wp\/v2\/types\/post"}],"author":[{"embeddable":true,"href":"https:\/\/www.africa-press.net\/cotedivoire\/wp-json\/wp\/v2\/users\/82"}],"replies":[{"embeddable":true,"href":"https:\/\/www.africa-press.net\/cotedivoire\/wp-json\/wp\/v2\/comments?post=9646"}],"version-history":[{"count":0,"href":"https:\/\/www.africa-press.net\/cotedivoire\/wp-json\/wp\/v2\/posts\/9646\/revisions"}],"wp:featuredmedia":[{"embeddable":true,"href":"https:\/\/www.africa-press.net\/cotedivoire\/wp-json\/wp\/v2\/media\/9645"}],"wp:attachment":[{"href":"https:\/\/www.africa-press.net\/cotedivoire\/wp-json\/wp\/v2\/media?parent=9646"}],"wp:term":[{"taxonomy":"category","embeddable":true,"href":"https:\/\/www.africa-press.net\/cotedivoire\/wp-json\/wp\/v2\/categories?post=9646"},{"taxonomy":"post_tag","embeddable":true,"href":"https:\/\/www.africa-press.net\/cotedivoire\/wp-json\/wp\/v2\/tags?post=9646"}],"curies":[{"name":"wp","href":"https:\/\/api.w.org\/{rel}","templated":true}]}}