{"id":9649,"date":"2021-07-02T18:17:30","date_gmt":"2021-07-02T18:17:30","guid":{"rendered":"https:\/\/www.africa-press.net\/cotedivoire\/?p=9649"},"modified":"2021-07-03T05:12:28","modified_gmt":"2021-07-03T05:12:28","slug":"la-cote-divoire-cree-une-force-de-repression-de-lorpaillage-illegal","status":"publish","type":"post","link":"https:\/\/www.africa-press.net\/cotedivoire\/economie\/la-cote-divoire-cree-une-force-de-repression-de-lorpaillage-illegal","title":{"rendered":"La C\u00f4te-d\u2019Ivoire cr\u00e9e une force de r\u00e9pression de l\u2019orpaillage ill\u00e9gal"},"content":{"rendered":"<p><span style=\"color: #ff6600\"><strong><a href=\"https:\/\/www.africa-press.net\/\">Africa-Press<\/a> &#8211; <a href=\"https:\/\/www.africa-press.net\/cotedivoire\">C\u00f4te d&rsquo;Ivoire<\/a>. <\/strong><\/span>Le Conseil national de s\u00e9curit\u00e9 (CNS) de C\u00f4te d\u2019Ivoire, pr\u00e9sid\u00e9 par le chef de l\u2019Etat Alassane Ouattara, a d\u00e9cid\u00e9 jeudi de la cr\u00e9ation d\u2019un Groupement sp\u00e9cial de r\u00e9pression de l\u2019orpaillage Ill\u00e9gal.<\/p>\n<p>Ce Groupement sp\u00e9cial de r\u00e9pression de l\u2019orpaillage Ill\u00e9gal est \u00ab fort de 560 \u00e9l\u00e9ments dont 460 gendarmes et 100 agents des eaux et for\u00eats \u00bb. Il sera \u00ab sp\u00e9cialement \u00e9quip\u00e9 pour intervenir sur l\u2019ensemble du territoire national \u00bb, indique le communiqu\u00e9 du Conseil national de s\u00e9curit\u00e9.<\/p>\n<p>Cette force est mise en place dans un contexte o\u00f9 le pays fait face \u00e0 des attaques terroristes r\u00e9currentes, notamment dans l\u2019extr\u00eame nord. Le Conseil, pr\u00e9sid\u00e9 par le pr\u00e9sident ivoirien, a autoris\u00e9 cette unit\u00e9 sp\u00e9ciale de s\u00e9curit\u00e9 au regard des \u00ab effets d\u00e9vastateurs de l\u2019orpaillage ill\u00e9gal \u00bb sur l\u2019environnement.<\/p>\n<p>A travers cette mesure, l\u2019\u00c9tat affiche son soutien \u00e0 la formalisation et \u00e0 un encadrement des exploitations mini\u00e8res artisanales \u00e0 petite \u00e9chelle.<\/p>\n<p>&nbsp;<\/p>\n","protected":false},"excerpt":{"rendered":"<p>Africa-Press &#8211; C\u00f4te d&rsquo;Ivoire. Le Conseil national de s\u00e9curit\u00e9 (CNS) de C\u00f4te d\u2019Ivoire, pr\u00e9sid\u00e9 par le chef de l\u2019Etat Alassane Ouattara, a d\u00e9cid\u00e9 jeudi de la cr\u00e9ation d\u2019un Groupement sp\u00e9cial de r\u00e9pression de l\u2019orpaillage Ill\u00e9gal. Ce Groupement sp\u00e9cial de r\u00e9pression de l\u2019orpaillage Ill\u00e9gal est \u00ab fort de 560 \u00e9l\u00e9ments dont 460 gendarmes et 100 agents [&hellip;]<\/p>\n","protected":false},"author":82,"featured_media":9648,"comment_status":"open","ping_status":"closed","sticky":false,"template":"","format":"standard","meta":{"footnotes":""},"categories":[3,11,20,10],"tags":[56,63,29],"class_list":["post-9649","post","type-post","status-publish","format-standard","has-post-thumbnail","hentry","category-economie","category-homepage-french","category-top-nouvelles","category-toutes-les-actualites","tag-africa-press","tag-africa-press-cote-divoire","tag-cote-divoire"],"yoast_head":"<!-- This site is optimized with the Yoast SEO Premium plugin v26.1 (Yoast SEO v27.0) - https:\/\/yoast.com\/product\/yoast-seo-premium-wordpress\/ -->\n<title>La C\u00f4te-d\u2019Ivoire cr\u00e9e une force de r\u00e9pression de l\u2019orpaillage ill\u00e9gal - C\u00f4te d&#039;Ivoire<\/title>\n<meta name=\"description\" content=\"Le Conseil national de s\u00e9curit\u00e9 (CNS) de C\u00f4te d\u2019Ivoire, pr\u00e9sid\u00e9 par le chef de l\u2019Etat Alassane Ouattara, a d\u00e9cid\u00e9 jeudi ...\" \/>\n<meta name=\"robots\" content=\"index, follow, max-snippet:-1, max-image-preview:large, max-video-preview:-1\" \/>\n<link rel=\"canonical\" href=\"https:\/\/www.africa-press.net\/cotedivoire\/economie\/la-cote-divoire-cree-une-force-de-repression-de-lorpaillage-illegal\" \/>\n<meta property=\"og:locale\" content=\"fr_FR\" \/>\n<meta property=\"og:type\" content=\"article\" \/>\n<meta property=\"og:title\" content=\"La C\u00f4te-d\u2019Ivoire cr\u00e9e une force de r\u00e9pression de l\u2019orpaillage ill\u00e9gal\" \/>\n<meta property=\"og:description\" content=\"Le Conseil national de s\u00e9curit\u00e9 (CNS) de C\u00f4te d\u2019Ivoire, pr\u00e9sid\u00e9 par le chef de l\u2019Etat Alassane Ouattara, a d\u00e9cid\u00e9 jeudi ...\" \/>\n<meta property=\"og:url\" content=\"https:\/\/www.africa-press.net\/cotedivoire\/economie\/la-cote-divoire-cree-une-force-de-repression-de-lorpaillage-illegal\" \/>\n<meta property=\"og:site_name\" content=\"C\u00f4te d&#039;Ivoire\" \/>\n<meta property=\"article:published_time\" content=\"2021-07-02T18:17:30+00:00\" \/>\n<meta property=\"article:modified_time\" content=\"2021-07-03T05:12:28+00:00\" \/>\n<meta property=\"og:image\" content=\"https:\/\/static.africa-press.net\/cote\/sites\/43\/2021\/07\/img-60df4a197827c.jpg\" \/>\n\t<meta property=\"og:image:width\" content=\"1000\" \/>\n\t<meta property=\"og:image:height\" content=\"597\" \/>\n\t<meta property=\"og:image:type\" content=\"image\/jpeg\" \/>\n<meta name=\"author\" content=\"cfeditorfr\" \/>\n<meta name=\"twitter:card\" content=\"summary_large_image\" \/>\n<meta name=\"twitter:label1\" content=\"\u00c9crit par\" \/>\n\t<meta name=\"twitter:data1\" content=\"cfeditorfr\" \/>\n\t<meta name=\"twitter:label2\" content=\"Dur\u00e9e de lecture estim\u00e9e\" \/>\n\t<meta name=\"twitter:data2\" content=\"1 minute\" \/>\n<script type=\"application\/ld+json\" class=\"yoast-schema-graph\">{\"@context\":\"https:\/\/schema.org\",\"@graph\":[{\"@type\":\"Article\",\"@id\":\"https:\/\/www.africa-press.net\/cotedivoire\/economie\/la-cote-divoire-cree-une-force-de-repression-de-lorpaillage-illegal#article\",\"isPartOf\":{\"@id\":\"https:\/\/www.africa-press.net\/cotedivoire\/economie\/la-cote-divoire-cree-une-force-de-repression-de-lorpaillage-illegal\"},\"author\":{\"name\":\"cfeditorfr\",\"@id\":\"https:\/\/www.africa-press.net\/cotedivoire\/#\/schema\/person\/2b1cf3cd81a31e3cd26889ca66d677f1\"},\"headline\":\"La C\u00f4te-d\u2019Ivoire cr\u00e9e une force de r\u00e9pression de l\u2019orpaillage ill\u00e9gal\",\"datePublished\":\"2021-07-02T18:17:30+00:00\",\"dateModified\":\"2021-07-03T05:12:28+00:00\",\"mainEntityOfPage\":{\"@id\":\"https:\/\/www.africa-press.net\/cotedivoire\/economie\/la-cote-divoire-cree-une-force-de-repression-de-lorpaillage-illegal\"},\"wordCount\":192,\"commentCount\":0,\"image\":{\"@id\":\"https:\/\/www.africa-press.net\/cotedivoire\/economie\/la-cote-divoire-cree-une-force-de-repression-de-lorpaillage-illegal#primaryimage\"},\"thumbnailUrl\":\"https:\/\/static.africa-press.net\/cote\/sites\/43\/2021\/07\/img-60df4a197827c.jpg\",\"keywords\":[\"Africa Press\",\"Africa Press-C\u00f4te d'Ivoire\",\"C\u00d4TE D'IVOIRE\"],\"articleSection\":[\"\u00c9conomie\",\"homepage-french\",\"Top Nouvelles\",\"Toutes les actualit\u00e9s\"],\"inLanguage\":\"fr-FR\",\"potentialAction\":[{\"@type\":\"CommentAction\",\"name\":\"Comment\",\"target\":[\"https:\/\/www.africa-press.net\/cotedivoire\/economie\/la-cote-divoire-cree-une-force-de-repression-de-lorpaillage-illegal#respond\"]}]},{\"@type\":\"WebPage\",\"@id\":\"https:\/\/www.africa-press.net\/cotedivoire\/economie\/la-cote-divoire-cree-une-force-de-repression-de-lorpaillage-illegal\",\"url\":\"https:\/\/www.africa-press.net\/cotedivoire\/economie\/la-cote-divoire-cree-une-force-de-repression-de-lorpaillage-illegal\",\"name\":\"La C\u00f4te-d\u2019Ivoire cr\u00e9e une force de r\u00e9pression de l\u2019orpaillage ill\u00e9gal - C\u00f4te d&#039;Ivoire\",\"isPartOf\":{\"@id\":\"https:\/\/www.africa-press.net\/cotedivoire\/#website\"},\"primaryImageOfPage\":{\"@id\":\"https:\/\/www.africa-press.net\/cotedivoire\/economie\/la-cote-divoire-cree-une-force-de-repression-de-lorpaillage-illegal#primaryimage\"},\"image\":{\"@id\":\"https:\/\/www.africa-press.net\/cotedivoire\/economie\/la-cote-divoire-cree-une-force-de-repression-de-lorpaillage-illegal#primaryimage\"},\"thumbnailUrl\":\"https:\/\/static.africa-press.net\/cote\/sites\/43\/2021\/07\/img-60df4a197827c.jpg\",\"datePublished\":\"2021-07-02T18:17:30+00:00\",\"dateModified\":\"2021-07-03T05:12:28+00:00\",\"author\":{\"@id\":\"https:\/\/www.africa-press.net\/cotedivoire\/#\/schema\/person\/2b1cf3cd81a31e3cd26889ca66d677f1\"},\"description\":\"Le Conseil national de s\u00e9curit\u00e9 (CNS) de C\u00f4te d\u2019Ivoire, pr\u00e9sid\u00e9 par le chef de l\u2019Etat Alassane Ouattara, a d\u00e9cid\u00e9 jeudi ...\",\"breadcrumb\":{\"@id\":\"https:\/\/www.africa-press.net\/cotedivoire\/economie\/la-cote-divoire-cree-une-force-de-repression-de-lorpaillage-illegal#breadcrumb\"},\"inLanguage\":\"fr-FR\",\"potentialAction\":[{\"@type\":\"ReadAction\",\"target\":[\"https:\/\/www.africa-press.net\/cotedivoire\/economie\/la-cote-divoire-cree-une-force-de-repression-de-lorpaillage-illegal\"]}]},{\"@type\":\"ImageObject\",\"inLanguage\":\"fr-FR\",\"@id\":\"https:\/\/www.africa-press.net\/cotedivoire\/economie\/la-cote-divoire-cree-une-force-de-repression-de-lorpaillage-illegal#primaryimage\",\"url\":\"https:\/\/static.africa-press.net\/cote\/sites\/43\/2021\/07\/img-60df4a197827c.jpg\",\"contentUrl\":\"https:\/\/static.africa-press.net\/cote\/sites\/43\/2021\/07\/img-60df4a197827c.jpg\",\"width\":1000,\"height\":597,\"caption\":\"La C\u00f4te-d\u2019Ivoire cr\u00e9e une force de r\u00e9pression de l\u2019orpaillage ill\u00e9gal\"},{\"@type\":\"BreadcrumbList\",\"@id\":\"https:\/\/www.africa-press.net\/cotedivoire\/economie\/la-cote-divoire-cree-une-force-de-repression-de-lorpaillage-illegal#breadcrumb\",\"itemListElement\":[{\"@type\":\"ListItem\",\"position\":1,\"name\":\"Accueil\",\"item\":\"https:\/\/www.africa-press.net\/cotedivoire\/\"},{\"@type\":\"ListItem\",\"position\":2,\"name\":\"La C\u00f4te-d\u2019Ivoire cr\u00e9e une force de r\u00e9pression de l\u2019orpaillage ill\u00e9gal\"}]},{\"@type\":\"WebSite\",\"@id\":\"https:\/\/www.africa-press.net\/cotedivoire\/#website\",\"url\":\"https:\/\/www.africa-press.net\/cotedivoire\/\",\"name\":\"C\u00f4te d&#039;Ivoire\",\"description\":\"Just another Africa News Agency Sites site\",\"potentialAction\":[{\"@type\":\"SearchAction\",\"target\":{\"@type\":\"EntryPoint\",\"urlTemplate\":\"https:\/\/www.africa-press.net\/cotedivoire\/?s={search_term_string}\"},\"query-input\":{\"@type\":\"PropertyValueSpecification\",\"valueRequired\":true,\"valueName\":\"search_term_string\"}}],\"inLanguage\":\"fr-FR\"},{\"@type\":\"Person\",\"@id\":\"https:\/\/www.africa-press.net\/cotedivoire\/#\/schema\/person\/2b1cf3cd81a31e3cd26889ca66d677f1\",\"name\":\"cfeditorfr\"}]}<\/script>\n<!-- \/ Yoast SEO Premium plugin. -->","yoast_head_json":{"title":"La C\u00f4te-d\u2019Ivoire cr\u00e9e une force de r\u00e9pression de l\u2019orpaillage ill\u00e9gal - C\u00f4te d&#039;Ivoire","description":"Le Conseil national de s\u00e9curit\u00e9 (CNS) de C\u00f4te d\u2019Ivoire, pr\u00e9sid\u00e9 par le chef de l\u2019Etat Alassane Ouattara, a d\u00e9cid\u00e9 jeudi ...","robots":{"index":"index","follow":"follow","max-snippet":"max-snippet:-1","max-image-preview":"max-image-preview:large","max-video-preview":"max-video-preview:-1"},"canonical":"https:\/\/www.africa-press.net\/cotedivoire\/economie\/la-cote-divoire-cree-une-force-de-repression-de-lorpaillage-illegal","og_locale":"fr_FR","og_type":"article","og_title":"La C\u00f4te-d\u2019Ivoire cr\u00e9e une force de r\u00e9pression de l\u2019orpaillage ill\u00e9gal","og_description":"Le Conseil national de s\u00e9curit\u00e9 (CNS) de C\u00f4te d\u2019Ivoire, pr\u00e9sid\u00e9 par le chef de l\u2019Etat Alassane Ouattara, a d\u00e9cid\u00e9 jeudi ...","og_url":"https:\/\/www.africa-press.net\/cotedivoire\/economie\/la-cote-divoire-cree-une-force-de-repression-de-lorpaillage-illegal","og_site_name":"C\u00f4te d&#039;Ivoire","article_published_time":"2021-07-02T18:17:30+00:00","article_modified_time":"2021-07-03T05:12:28+00:00","og_image":[{"width":1000,"height":597,"url":"https:\/\/static.africa-press.net\/cote\/sites\/43\/2021\/07\/img-60df4a197827c.jpg","type":"image\/jpeg"}],"author":"cfeditorfr","twitter_card":"summary_large_image","twitter_misc":{"\u00c9crit par":"cfeditorfr","Dur\u00e9e de lecture estim\u00e9e":"1 minute"},"schema":{"@context":"https:\/\/schema.org","@graph":[{"@type":"Article","@id":"https:\/\/www.africa-press.net\/cotedivoire\/economie\/la-cote-divoire-cree-une-force-de-repression-de-lorpaillage-illegal#article","isPartOf":{"@id":"https:\/\/www.africa-press.net\/cotedivoire\/economie\/la-cote-divoire-cree-une-force-de-repression-de-lorpaillage-illegal"},"author":{"name":"cfeditorfr","@id":"https:\/\/www.africa-press.net\/cotedivoire\/#\/schema\/person\/2b1cf3cd81a31e3cd26889ca66d677f1"},"headline":"La C\u00f4te-d\u2019Ivoire cr\u00e9e une force de r\u00e9pression de l\u2019orpaillage ill\u00e9gal","datePublished":"2021-07-02T18:17:30+00:00","dateModified":"2021-07-03T05:12:28+00:00","mainEntityOfPage":{"@id":"https:\/\/www.africa-press.net\/cotedivoire\/economie\/la-cote-divoire-cree-une-force-de-repression-de-lorpaillage-illegal"},"wordCount":192,"commentCount":0,"image":{"@id":"https:\/\/www.africa-press.net\/cotedivoire\/economie\/la-cote-divoire-cree-une-force-de-repression-de-lorpaillage-illegal#primaryimage"},"thumbnailUrl":"https:\/\/static.africa-press.net\/cote\/sites\/43\/2021\/07\/img-60df4a197827c.jpg","keywords":["Africa Press","Africa Press-C\u00f4te d'Ivoire","C\u00d4TE D'IVOIRE"],"articleSection":["\u00c9conomie","homepage-french","Top Nouvelles","Toutes les actualit\u00e9s"],"inLanguage":"fr-FR","potentialAction":[{"@type":"CommentAction","name":"Comment","target":["https:\/\/www.africa-press.net\/cotedivoire\/economie\/la-cote-divoire-cree-une-force-de-repression-de-lorpaillage-illegal#respond"]}]},{"@type":"WebPage","@id":"https:\/\/www.africa-press.net\/cotedivoire\/economie\/la-cote-divoire-cree-une-force-de-repression-de-lorpaillage-illegal","url":"https:\/\/www.africa-press.net\/cotedivoire\/economie\/la-cote-divoire-cree-une-force-de-repression-de-lorpaillage-illegal","name":"La C\u00f4te-d\u2019Ivoire cr\u00e9e une force de r\u00e9pression de l\u2019orpaillage ill\u00e9gal - C\u00f4te d&#039;Ivoire","isPartOf":{"@id":"https:\/\/www.africa-press.net\/cotedivoire\/#website"},"primaryImageOfPage":{"@id":"https:\/\/www.africa-press.net\/cotedivoire\/economie\/la-cote-divoire-cree-une-force-de-repression-de-lorpaillage-illegal#primaryimage"},"image":{"@id":"https:\/\/www.africa-press.net\/cotedivoire\/economie\/la-cote-divoire-cree-une-force-de-repression-de-lorpaillage-illegal#primaryimage"},"thumbnailUrl":"https:\/\/static.africa-press.net\/cote\/sites\/43\/2021\/07\/img-60df4a197827c.jpg","datePublished":"2021-07-02T18:17:30+00:00","dateModified":"2021-07-03T05:12:28+00:00","author":{"@id":"https:\/\/www.africa-press.net\/cotedivoire\/#\/schema\/person\/2b1cf3cd81a31e3cd26889ca66d677f1"},"description":"Le Conseil national de s\u00e9curit\u00e9 (CNS) de C\u00f4te d\u2019Ivoire, pr\u00e9sid\u00e9 par le chef de l\u2019Etat Alassane Ouattara, a d\u00e9cid\u00e9 jeudi ...","breadcrumb":{"@id":"https:\/\/www.africa-press.net\/cotedivoire\/economie\/la-cote-divoire-cree-une-force-de-repression-de-lorpaillage-illegal#breadcrumb"},"inLanguage":"fr-FR","potentialAction":[{"@type":"ReadAction","target":["https:\/\/www.africa-press.net\/cotedivoire\/economie\/la-cote-divoire-cree-une-force-de-repression-de-lorpaillage-illegal"]}]},{"@type":"ImageObject","inLanguage":"fr-FR","@id":"https:\/\/www.africa-press.net\/cotedivoire\/economie\/la-cote-divoire-cree-une-force-de-repression-de-lorpaillage-illegal#primaryimage","url":"https:\/\/static.africa-press.net\/cote\/sites\/43\/2021\/07\/img-60df4a197827c.jpg","contentUrl":"https:\/\/static.africa-press.net\/cote\/sites\/43\/2021\/07\/img-60df4a197827c.jpg","width":1000,"height":597,"caption":"La C\u00f4te-d\u2019Ivoire cr\u00e9e une force de r\u00e9pression de l\u2019orpaillage ill\u00e9gal"},{"@type":"BreadcrumbList","@id":"https:\/\/www.africa-press.net\/cotedivoire\/economie\/la-cote-divoire-cree-une-force-de-repression-de-lorpaillage-illegal#breadcrumb","itemListElement":[{"@type":"ListItem","position":1,"name":"Accueil","item":"https:\/\/www.africa-press.net\/cotedivoire\/"},{"@type":"ListItem","position":2,"name":"La C\u00f4te-d\u2019Ivoire cr\u00e9e une force de r\u00e9pression de l\u2019orpaillage ill\u00e9gal"}]},{"@type":"WebSite","@id":"https:\/\/www.africa-press.net\/cotedivoire\/#website","url":"https:\/\/www.africa-press.net\/cotedivoire\/","name":"C\u00f4te d&#039;Ivoire","description":"Just another Africa News Agency Sites site","potentialAction":[{"@type":"SearchAction","target":{"@type":"EntryPoint","urlTemplate":"https:\/\/www.africa-press.net\/cotedivoire\/?s={search_term_string}"},"query-input":{"@type":"PropertyValueSpecification","valueRequired":true,"valueName":"search_term_string"}}],"inLanguage":"fr-FR"},{"@type":"Person","@id":"https:\/\/www.africa-press.net\/cotedivoire\/#\/schema\/person\/2b1cf3cd81a31e3cd26889ca66d677f1","name":"cfeditorfr"}]}},"_links":{"self":[{"href":"https:\/\/www.africa-press.net\/cotedivoire\/wp-json\/wp\/v2\/posts\/9649","targetHints":{"allow":["GET"]}}],"collection":[{"href":"https:\/\/www.africa-press.net\/cotedivoire\/wp-json\/wp\/v2\/posts"}],"about":[{"href":"https:\/\/www.africa-press.net\/cotedivoire\/wp-json\/wp\/v2\/types\/post"}],"author":[{"embeddable":true,"href":"https:\/\/www.africa-press.net\/cotedivoire\/wp-json\/wp\/v2\/users\/82"}],"replies":[{"embeddable":true,"href":"https:\/\/www.africa-press.net\/cotedivoire\/wp-json\/wp\/v2\/comments?post=9649"}],"version-history":[{"count":0,"href":"https:\/\/www.africa-press.net\/cotedivoire\/wp-json\/wp\/v2\/posts\/9649\/revisions"}],"wp:featuredmedia":[{"embeddable":true,"href":"https:\/\/www.africa-press.net\/cotedivoire\/wp-json\/wp\/v2\/media\/9648"}],"wp:attachment":[{"href":"https:\/\/www.africa-press.net\/cotedivoire\/wp-json\/wp\/v2\/media?parent=9649"}],"wp:term":[{"taxonomy":"category","embeddable":true,"href":"https:\/\/www.africa-press.net\/cotedivoire\/wp-json\/wp\/v2\/categories?post=9649"},{"taxonomy":"post_tag","embeddable":true,"href":"https:\/\/www.africa-press.net\/cotedivoire\/wp-json\/wp\/v2\/tags?post=9649"}],"curies":[{"name":"wp","href":"https:\/\/api.w.org\/{rel}","templated":true}]}}