{"id":9652,"date":"2021-07-02T18:26:25","date_gmt":"2021-07-02T18:26:25","guid":{"rendered":"https:\/\/www.africa-press.net\/cotedivoire\/?p=9652"},"modified":"2021-07-03T05:12:19","modified_gmt":"2021-07-03T05:12:19","slug":"le-debat-democratique-en-cote-divoire-face-a-limperieuse-necessite-dun-changement-de-paradigme","status":"publish","type":"post","link":"https:\/\/www.africa-press.net\/cotedivoire\/politique\/le-debat-democratique-en-cote-divoire-face-a-limperieuse-necessite-dun-changement-de-paradigme","title":{"rendered":"Le d\u00e9bat d\u00e9mocratique en C\u00f4te-d\u2019Ivoire face \u00e0 l\u2019imp\u00e9rieuse n\u00e9cessit\u00e9 d\u2019un changement de paradigme."},"content":{"rendered":"<p><span style=\"color: #ff6600\"><strong><a href=\"https:\/\/www.africa-press.net\/\">Africa-Press<\/a> &#8211; <a href=\"https:\/\/www.africa-press.net\/cotedivoire\">C\u00f4te d&rsquo;Ivoire<\/a>. <\/strong><\/span>Par Claude Koudou<\/p>\n<p>Le 11 avril 2011, un coup d\u2019\u00e9tat s\u2019est op\u00e9r\u00e9 en C\u00f4te d\u2019Ivoire pour remplacer un pr\u00e9sident indocile. Nous connaissons les cons\u00e9quences qui ont \u00e9t\u00e9 de fortunes diverses et dont les stigmates affectent encore durablement le pays.<\/p>\n<p>La n\u00e9cessaire r\u00e9conciliation nationale pour que la population ivoirienne recoure le vivre ensemble est la cl\u00e9 qui devrait redonner de l\u2019espoir au pays. Face \u00e0 l\u2019imposture dont la cons\u00e9cration est intervenue le 11 avril 2011, il y a \u00e0 mener des r\u00e9flexions qui peuvent venir nourrir le d\u00e9bat d\u00e9mocratique et impulser incidemment la dynamique du n\u00e9cessaire changement dans la pratique politique. Bien souvent, les \u00e9lites politiques utilisent des termes comme la \u00ab pluralit\u00e9 politique \u00bb ou la \u00ab d\u00e9mocratie \u00bb pour gagner un espace de pouvoir. En fait, il y en a comme Laurent Gbagbo, Simone Gbagbo, feu Aboudramane Sangar\u00e9 et d\u2019autres qui avaient une vision et voulaient la voir se traduire dans la r\u00e9alit\u00e9 pour qu\u2019elle soit v\u00e9cue. A l\u2019inverse, d\u2019autres acteurs endossent une posture populiste pour construire un tremplin de pouvoir se constituer un espace qui leur assure une rente. Ceux-l\u00e0 qui ont le mot \u00ab d\u00e9mocratie \u00bb \u00e0 la bouche alors que tous leurs actes transpirent les r\u00e9flexes du parti unique, entretiennent des intrigues \u2013 qui nous fait tant de mal \u2013 pour se maintenir \u00e0 des positions qu\u2019ils ne peuvent plus raisonnablement occuper aujourd\u2019hui, tellement, ils sont d\u00e9pass\u00e9s par les \u00e9v\u00e8nements. Dans un tel paysage, tenant compte de l\u2019\u00e9volution du monde, il y a \u00e0 \u00e9duquer les populations pour les pr\u00e9parer aux enjeux globaux plut\u00f4t que de les conditionner pour qu\u2019ils soient des idol\u00e2tres qui ne tol\u00e8rent pas les diff\u00e9rences et les contradictions. Si la bataille du multipartisme a eu ses lettres de noblesse et donc de l\u2019adh\u00e9sion, c\u2019est gr\u00e2ce \u00e0 la l\u00e9gitimit\u00e9 qu\u2019elle recelait devant les d\u00e9rives r\u00e9p\u00e9t\u00e9es du parti unique.<\/p>\n<p>L\u2019\u00e9tape de la conqu\u00eate de la d\u00e9mocratie a \u00e9t\u00e9 amorc\u00e9e d\u00e8s 2000 \u00e0 l\u2019accession de la gauche au pouvoir, par l\u2019\u00e9lection de Laurent Gbagbo \u00e0 la pr\u00e9sidence de la R\u00e9publique de C\u00f4te d\u2019Ivoire, qui portait comme paradigme la refondation.<\/p>\n<p>Quand on a ensuite pris l\u2019option d\u2019aller aux \u00e9lections en 2010 sans le d\u00e9sarmement des rebelles, sur la base d\u2019une pression de la communaut\u00e9 internationale et\/ou des sondages qui pr\u00e9disent une victoire ; quand on a pris la d\u00e9cision de permettre \u00e0 celui-l\u00e0 m\u00eame qui a amen\u00e9 la violence politique en C\u00f4te d\u2019Ivoire, int\u00e9grant ainsi qu\u2019il n\u2019y avait pas d\u2019autres alternatives, il convient de faire le point. Tous ces acteurs qui se sont montr\u00e9s incons\u00e9quents autour de Laurent Gbagbo doivent rendre des comptes aux militants et sympathisants aux fins de ramener la confiance.<\/p>\n<p>La vie d\u00e9mocratique a ceci d\u2019int\u00e9ressant qu\u2019il peut permettre de la respiration surtout lorsque les enjeux du pays posent questions aux acteurs politiques avec urgence.<\/p>\n<p>De la n\u00e9cessit\u00e9 de revisiter la praxis politique<\/p>\n<p>L\u2019engament dans la vie politique et publique est inspir\u00e9 par l\u2019adh\u00e9sion \u00e0 un id\u00e9al qui, lui-m\u00eame est incarn\u00e9 par des acteurs \u00e0 des p\u00e9riodes donn\u00e9es de la vie d\u2019un pays. En 2000, quand Laurent Gbagbo acc\u00e8de au pouvoir, il s\u2019agissait de faire des r\u00e9formes structurelles qui entra\u00eeneraient chez le citoyen un bien-\u00eatre. Cette vision de la refondation a fait peur \u00e0 l\u2019ancienne puissance coloniale qui a donc actionn\u00e9 ses supp\u00f4ts pour mettre \u00e0 mal le processus de d\u00e9mocratisation de notre pays. Lorsqu\u2019on regarde tout ce g\u00e2chis, on est en droit de se demander pourquoi, \u00e0 l\u2019\u00e9lection de Laurent Gbagbo en 2000, ses adversaires politiques n\u2019ont pas pris le parti d\u2019attendre cinq ann\u00e9es pour (de nouveau) comp\u00e9tir avec lui en 2005. C\u2019est donc un probl\u00e8me de l\u2019observation des valeurs qui se pose \u00e0 chacun de nous. Mais la situation que nous vivons depuis les ann\u00e9es 2000 nous interroge \u00e9galement sur la place des jeunes en mati\u00e8re d\u2019\u00e9ducation, de formation et d\u2019emploi. Bien souvent, alors que nous nous sommes battus aux c\u00f4t\u00e9s de Laurent Gbagbo pour l\u2019av\u00e8nement du multipartisme, le mot \u00ab d\u00e9mocratie \u00bb est \u00e9voqu\u00e9 par certains devanciers soit pour se donner bonne conscience soit pour mobiliser autour d\u2019une cause qu\u2019il ne porte pas en r\u00e9alit\u00e9. Si nous avons la libert\u00e9 d\u2019expression aujourd\u2019hui, c\u2019est pour en user pour d\u00e9battre et construire des synth\u00e8ses qui peuvent constituer un socle de travail programmatique. Malheureusement, il y a ce paradoxe dans nos pays africains et singuli\u00e8rement en C\u00f4te d\u2019Ivoire o\u00f9 des \u00e9lites perp\u00e9tuent des erreurs, ne veulent pas rendre des comptes ou r\u00e9pondre de leurs actes et sont en plus hostiles \u00e0 des id\u00e9es nouvelles. Au demeurent, il convient d\u2019aller au-del\u00e0 des consid\u00e9rations \u00e9motionnelles et personnelles pour faire le point sur le combat que nous menons depuis de nombreuses ann\u00e9es en regard avec nos engagements respectifs.<\/p>\n<p>Quand il y a eu le 11 avril 2011 et que dans le pays, rien n\u2019\u00e9tait possible en termes d\u2019expressions d\u2019id\u00e9es contraires soit par des d\u00e9bats d\u00e9mocratiques soit par des manifestations, la lutte s\u2019est d\u00e9port\u00e9e dans la diaspora. Cette distribution tacite des r\u00f4les doit au moment de la restitution, amener chaque acteur \u00e0 comprendre et \u00e0 int\u00e9grer que plus rien ne devra \u00eatre comme avant.<\/p>\n<p>Des proc\u00e8s d\u2019intention et des man\u0153uvres d\u2019intimidation<\/p>\n<p>\u00ab On les voit ; ne donnez pas des arguments \u00e0 nos adversaires ; c\u2019est rien \u00e7a ! On est au contr\u00f4le ; oh ! On ma\u00eetrise \u2026. \u00bb. Ce sont des propos na\u00efvement rassurants qui ont \u00e9t\u00e9 tenus parfois avec une teinte d\u2019arrogance. Et nous nous \u00e9tions tus pour observer mais non sans lancer des alertes. Par ailleurs, il nous est reproch\u00e9 d\u2019avoir des d\u00e9bats sur les r\u00e9seaux sociaux. En fait, les moins \u00e9difi\u00e9s reprennent cette antienne, parce que faisant naturellement confiance aux responsables politiques qui font de tels reproches, ceux-l\u00e0 n\u2019ont peut-\u00eatre pas remarqu\u00e9 que c\u2019est sur les r\u00e9seaux sociaux que des membres de la direction d\u2019un parti politique apprennent des choses qu\u2019ils auraient d\u00fb savoir \u00e0 l\u2019avance pour appr\u00e9cier en amont. C\u2019est m\u00eame parfois des par canaux p\u00e9riph\u00e9riques que des cadres apprennent certaines informations ; ce qui pousse ainsi quelques badauds \u00e0 narguer des cadres du parti. Au surplus, si des propositions faites, des dossiers \u00e0 l\u2019appui ou des interpellations lanc\u00e9es, elles aussi multiples, \u00e9taient examin\u00e9es \u00e0 l\u2019int\u00e9rieur du parti, plusieurs choses auraient pu \u00eatre \u00e9vit\u00e9es. La r\u00e9alit\u00e9 est que l\u2019approche m\u00e9thodologique des questions est souvent m\u00eame raill\u00e9e. Qu\u2019est-ce qui pourrait alors susciter une \u00e9mulation dans un tel contexte o\u00f9 c\u2019est celui qui colporte le plus de rumeurs aupr\u00e8s des chefs qui est consid\u00e9r\u00e9 l\u00e0 o\u00f9 un travail m\u00e9thodique devrait \u00eatre attendu ?<\/p>\n<p>Il y a donc des d\u00e9rives qui se manifestent par le refus du d\u00e9bat interne. Ce n\u2019est pas faute d\u2019avoir fait des propositions depuis les ann\u00e9es 1992. Nous avons m\u00eame \u00e9t\u00e9 des acteurs principaux qui ont travaill\u00e9 \u00e0 ce que le congr\u00e8s extraordinaire de Man (1994) adopte des r\u00e9formes dont l\u2019une des plus embl\u00e9matiques est l\u2019\u00e9rection des sections du FPI \u00e0 l\u2019ext\u00e9rieur. Nombreux de ceux qui s\u2019en satisfont aujourd\u2019hui n\u2019en voulaient pas. Et je dispose de documents \u00e0 ce propos.<\/p>\n<p>Ce dont nous parlons et que nous voulons voir d\u00e9battu, conditionne nos vies et l\u2019avenir des plus jeunes. Il y a malheureusement un groupe d\u2019acteurs politiques qui voudraient attendrir l\u2019opinion \u00e0 nos d\u00e9pends. Alors qu\u2019eux-m\u00eames ont des postures qui foulent aux pieds les r\u00e8gles \u00e9l\u00e9mentaires de la d\u00e9mocratie. Ceux-l\u00e0 n\u2019ont aucun respect des textes et voudraient intimider d\u2019autres en animant des intrigues et en emp\u00eachant que les d\u00e9cideurs identifient les probl\u00e8mes r\u00e9els et des acteurs qui sont v\u00e9ritablement \u00e0 la hauteur du travail \u00e0 abattre. C\u2019est ce groupe de personnes qui anime la coterie, fait une ceinture autour du chef et emp\u00eache que celui-ci comprenne ce qui se passe r\u00e9ellement.<\/p>\n<p>Qu\u2019avons-nous fait ?<\/p>\n<p>Il y a cette propension chez une certaine client\u00e8le de barons qui voudraient \u00eatre inform\u00e9s. Dans quelques semaines, je vais d\u00e9poser chez un \u00e9diteur un manuscrit qui met de fa\u00e7on objective les choses sur la table pour un devoir de m\u00e9moire. Il vise \u00e0 dire une partie de l\u2019histoire politique de mon pays comme je l\u2019ai v\u00e9cue depuis les ann\u00e9es 1989. Mais surtout le r\u00f4le que nous avons jou\u00e9 avec des intervenants ext\u00e9rieurs engag\u00e9s \u00e0 nous aider, \u00e0 pr\u00e9venir de ce qui est venu nous frapper. Il s\u2019agira aussi d\u2019\u00e9voquer comment et pourquoi nous avons imagin\u00e9 le rapprochement entre le FPI et le PDCI pour lequel ceux qui m\u2019avaient combattu s\u2019en r\u00e9jouissent aujourd\u2019hui.<\/p>\n<p>D\u00e8s d\u00e9cembre 2010, on \u00e9tait sur les plateaux t\u00e9l\u00e9. On a confectionn\u00e9 des dossiers qui ont servi de supports vers des chancelleries. On a tenu des r\u00e9unions publiques d\u2019informations, des conf\u00e9rences-d\u00e9bats et des colloques pour maintenir la flamme dans la diaspora\u2026 Chacun a jou\u00e9 le r\u00f4le qu\u2019il pouvait pour que la situation \u00e0 nous impos\u00e9e le 29 novembre 2011 soit invers\u00e9e. En fait, le moment venu, je serai dispos\u00e9 \u00e0 r\u00e9pondre devant toute instance qui voudrait m\u2019entendre. Il faut dire que ce dont il est question, repose sur la conviction qui s\u2019est fond\u00e9e en nous par rapport \u00e0 un id\u00e9al qui pourrait entra\u00eener un bien-\u00eatre dans notre pays.<\/p>\n<p>Au total, il faut retenir que le d\u00e9bat pour l\u2019instauration de la d\u00e9mocratie doit \u00eatre plein et entier. Et parce que nous avons adh\u00e9r\u00e9 \u00e0 un parti politique, certains voudraient que nos opinions soient dissoutes dans des incons\u00e9quences avant m\u00eame qu\u2019elles aient eu un temps d\u2019examen. En somme, notre lutte pour la dignit\u00e9, pour la solidarit\u00e9 et pour la justice ne doit pas \u00eatre \u00e0 g\u00e9om\u00e9trie variable. Et il serait ind\u00e9cent voire irresponsable que quelques acteurs veuillent intimider d\u2019autres en usant d\u2019artifices. Il conviendrait plut\u00f4t de promouvoir des espaces de d\u00e9bats d\u2019id\u00e9es et de formation, autant de dispositifs qui permettront de ne pas \u00e9luder des questions de fonds, d\u2019\u00e9viter l\u2019arbitraire et de prot\u00e9ger ainsi les plus faibles. C\u2019est l\u2019essence m\u00eame des organisations de gauche. Le parti socialiste fran\u00e7ais a choisi la voie de l\u2019aveuglement malgr\u00e9 les multiples alertes. Il en a pris \u00e0 ses d\u00e9pends comme tous les grands partis dont les acteurs baronis\u00e9s veulent brimer gratuitement leurs propres militants et sympathisants. Il faut terminer par dire que le client\u00e9lisme ne devrait prosp\u00e9rer que dans le parti unique. Et en C\u00f4te d\u2019Ivoire, le parti unique a disparu depuis le 30 avril 1990.<\/p>\n","protected":false},"excerpt":{"rendered":"<p>Africa-Press &#8211; C\u00f4te d&rsquo;Ivoire. Par Claude Koudou Le 11 avril 2011, un coup d\u2019\u00e9tat s\u2019est op\u00e9r\u00e9 en C\u00f4te d\u2019Ivoire pour remplacer un pr\u00e9sident indocile. Nous connaissons les cons\u00e9quences qui ont \u00e9t\u00e9 de fortunes diverses et dont les stigmates affectent encore durablement le pays. La n\u00e9cessaire r\u00e9conciliation nationale pour que la population ivoirienne recoure le vivre [&hellip;]<\/p>\n","protected":false},"author":82,"featured_media":9651,"comment_status":"open","ping_status":"closed","sticky":false,"template":"","format":"standard","meta":{"footnotes":""},"categories":[11,2,20,10],"tags":[56,63,29],"class_list":["post-9652","post","type-post","status-publish","format-standard","has-post-thumbnail","hentry","category-homepage-french","category-politique","category-top-nouvelles","category-toutes-les-actualites","tag-africa-press","tag-africa-press-cote-divoire","tag-cote-divoire"],"yoast_head":"<!-- This site is optimized with the Yoast SEO Premium plugin v26.1 (Yoast SEO v27.0) - https:\/\/yoast.com\/product\/yoast-seo-premium-wordpress\/ -->\n<title>Le d\u00e9bat d\u00e9mocratique en C\u00f4te-d\u2019Ivoire face \u00e0 l\u2019imp\u00e9rieuse n\u00e9cessit\u00e9 d\u2019un changement de paradigme. - C\u00f4te d&#039;Ivoire<\/title>\n<meta name=\"description\" content=\"Par Claude Koudou Le 11 avril 2011, un coup d\u2019\u00e9tat s\u2019est op\u00e9r\u00e9 en C\u00f4te d\u2019Ivoire pour remplacer un pr\u00e9sident indocile. N ...\" \/>\n<meta name=\"robots\" content=\"index, follow, max-snippet:-1, max-image-preview:large, max-video-preview:-1\" \/>\n<link rel=\"canonical\" href=\"https:\/\/www.africa-press.net\/cotedivoire\/politique\/le-debat-democratique-en-cote-divoire-face-a-limperieuse-necessite-dun-changement-de-paradigme\" \/>\n<meta property=\"og:locale\" content=\"fr_FR\" \/>\n<meta property=\"og:type\" content=\"article\" \/>\n<meta property=\"og:title\" content=\"Le d\u00e9bat d\u00e9mocratique en C\u00f4te-d\u2019Ivoire face \u00e0 l\u2019imp\u00e9rieuse n\u00e9cessit\u00e9 d\u2019un changement de paradigme.\" \/>\n<meta property=\"og:description\" content=\"Par Claude Koudou Le 11 avril 2011, un coup d\u2019\u00e9tat s\u2019est op\u00e9r\u00e9 en C\u00f4te d\u2019Ivoire pour remplacer un pr\u00e9sident indocile. N ...\" \/>\n<meta property=\"og:url\" content=\"https:\/\/www.africa-press.net\/cotedivoire\/politique\/le-debat-democratique-en-cote-divoire-face-a-limperieuse-necessite-dun-changement-de-paradigme\" \/>\n<meta property=\"og:site_name\" content=\"C\u00f4te d&#039;Ivoire\" \/>\n<meta property=\"article:published_time\" content=\"2021-07-02T18:26:25+00:00\" \/>\n<meta property=\"article:modified_time\" content=\"2021-07-03T05:12:19+00:00\" \/>\n<meta property=\"og:image\" content=\"https:\/\/static.africa-press.net\/cote\/sites\/43\/2021\/07\/img-60df4a51e85b3.jpg\" \/>\n\t<meta property=\"og:image:width\" content=\"720\" \/>\n\t<meta property=\"og:image:height\" content=\"480\" \/>\n\t<meta property=\"og:image:type\" content=\"image\/jpeg\" \/>\n<meta name=\"author\" content=\"cfeditorfr\" \/>\n<meta name=\"twitter:card\" content=\"summary_large_image\" \/>\n<meta name=\"twitter:label1\" content=\"\u00c9crit par\" \/>\n\t<meta name=\"twitter:data1\" content=\"cfeditorfr\" \/>\n\t<meta name=\"twitter:label2\" content=\"Dur\u00e9e de lecture estim\u00e9e\" \/>\n\t<meta name=\"twitter:data2\" content=\"9 minutes\" \/>\n<script type=\"application\/ld+json\" class=\"yoast-schema-graph\">{\"@context\":\"https:\/\/schema.org\",\"@graph\":[{\"@type\":\"Article\",\"@id\":\"https:\/\/www.africa-press.net\/cotedivoire\/politique\/le-debat-democratique-en-cote-divoire-face-a-limperieuse-necessite-dun-changement-de-paradigme#article\",\"isPartOf\":{\"@id\":\"https:\/\/www.africa-press.net\/cotedivoire\/politique\/le-debat-democratique-en-cote-divoire-face-a-limperieuse-necessite-dun-changement-de-paradigme\"},\"author\":{\"name\":\"cfeditorfr\",\"@id\":\"https:\/\/www.africa-press.net\/cotedivoire\/#\/schema\/person\/2b1cf3cd81a31e3cd26889ca66d677f1\"},\"headline\":\"Le d\u00e9bat d\u00e9mocratique en C\u00f4te-d\u2019Ivoire face \u00e0 l\u2019imp\u00e9rieuse n\u00e9cessit\u00e9 d\u2019un changement de paradigme.\",\"datePublished\":\"2021-07-02T18:26:25+00:00\",\"dateModified\":\"2021-07-03T05:12:19+00:00\",\"mainEntityOfPage\":{\"@id\":\"https:\/\/www.africa-press.net\/cotedivoire\/politique\/le-debat-democratique-en-cote-divoire-face-a-limperieuse-necessite-dun-changement-de-paradigme\"},\"wordCount\":1910,\"commentCount\":0,\"image\":{\"@id\":\"https:\/\/www.africa-press.net\/cotedivoire\/politique\/le-debat-democratique-en-cote-divoire-face-a-limperieuse-necessite-dun-changement-de-paradigme#primaryimage\"},\"thumbnailUrl\":\"https:\/\/static.africa-press.net\/cote\/sites\/43\/2021\/07\/img-60df4a51e85b3.jpg\",\"keywords\":[\"Africa Press\",\"Africa Press-C\u00f4te d'Ivoire\",\"C\u00d4TE D'IVOIRE\"],\"articleSection\":[\"homepage-french\",\"Politique\",\"Top Nouvelles\",\"Toutes les actualit\u00e9s\"],\"inLanguage\":\"fr-FR\",\"potentialAction\":[{\"@type\":\"CommentAction\",\"name\":\"Comment\",\"target\":[\"https:\/\/www.africa-press.net\/cotedivoire\/politique\/le-debat-democratique-en-cote-divoire-face-a-limperieuse-necessite-dun-changement-de-paradigme#respond\"]}]},{\"@type\":\"WebPage\",\"@id\":\"https:\/\/www.africa-press.net\/cotedivoire\/politique\/le-debat-democratique-en-cote-divoire-face-a-limperieuse-necessite-dun-changement-de-paradigme\",\"url\":\"https:\/\/www.africa-press.net\/cotedivoire\/politique\/le-debat-democratique-en-cote-divoire-face-a-limperieuse-necessite-dun-changement-de-paradigme\",\"name\":\"Le d\u00e9bat d\u00e9mocratique en C\u00f4te-d\u2019Ivoire face \u00e0 l\u2019imp\u00e9rieuse n\u00e9cessit\u00e9 d\u2019un changement de paradigme. - C\u00f4te d&#039;Ivoire\",\"isPartOf\":{\"@id\":\"https:\/\/www.africa-press.net\/cotedivoire\/#website\"},\"primaryImageOfPage\":{\"@id\":\"https:\/\/www.africa-press.net\/cotedivoire\/politique\/le-debat-democratique-en-cote-divoire-face-a-limperieuse-necessite-dun-changement-de-paradigme#primaryimage\"},\"image\":{\"@id\":\"https:\/\/www.africa-press.net\/cotedivoire\/politique\/le-debat-democratique-en-cote-divoire-face-a-limperieuse-necessite-dun-changement-de-paradigme#primaryimage\"},\"thumbnailUrl\":\"https:\/\/static.africa-press.net\/cote\/sites\/43\/2021\/07\/img-60df4a51e85b3.jpg\",\"datePublished\":\"2021-07-02T18:26:25+00:00\",\"dateModified\":\"2021-07-03T05:12:19+00:00\",\"author\":{\"@id\":\"https:\/\/www.africa-press.net\/cotedivoire\/#\/schema\/person\/2b1cf3cd81a31e3cd26889ca66d677f1\"},\"description\":\"Par Claude Koudou Le 11 avril 2011, un coup d\u2019\u00e9tat s\u2019est op\u00e9r\u00e9 en C\u00f4te d\u2019Ivoire pour remplacer un pr\u00e9sident indocile. N ...\",\"breadcrumb\":{\"@id\":\"https:\/\/www.africa-press.net\/cotedivoire\/politique\/le-debat-democratique-en-cote-divoire-face-a-limperieuse-necessite-dun-changement-de-paradigme#breadcrumb\"},\"inLanguage\":\"fr-FR\",\"potentialAction\":[{\"@type\":\"ReadAction\",\"target\":[\"https:\/\/www.africa-press.net\/cotedivoire\/politique\/le-debat-democratique-en-cote-divoire-face-a-limperieuse-necessite-dun-changement-de-paradigme\"]}]},{\"@type\":\"ImageObject\",\"inLanguage\":\"fr-FR\",\"@id\":\"https:\/\/www.africa-press.net\/cotedivoire\/politique\/le-debat-democratique-en-cote-divoire-face-a-limperieuse-necessite-dun-changement-de-paradigme#primaryimage\",\"url\":\"https:\/\/static.africa-press.net\/cote\/sites\/43\/2021\/07\/img-60df4a51e85b3.jpg\",\"contentUrl\":\"https:\/\/static.africa-press.net\/cote\/sites\/43\/2021\/07\/img-60df4a51e85b3.jpg\",\"width\":720,\"height\":480,\"caption\":\"Le d\u00e9bat d\u00e9mocratique en C\u00f4te-d\u2019Ivoire face \u00e0 l\u2019imp\u00e9rieuse n\u00e9cessit\u00e9 d\u2019un changement de paradigme.\"},{\"@type\":\"BreadcrumbList\",\"@id\":\"https:\/\/www.africa-press.net\/cotedivoire\/politique\/le-debat-democratique-en-cote-divoire-face-a-limperieuse-necessite-dun-changement-de-paradigme#breadcrumb\",\"itemListElement\":[{\"@type\":\"ListItem\",\"position\":1,\"name\":\"Accueil\",\"item\":\"https:\/\/www.africa-press.net\/cotedivoire\/\"},{\"@type\":\"ListItem\",\"position\":2,\"name\":\"Le d\u00e9bat d\u00e9mocratique en C\u00f4te-d\u2019Ivoire face \u00e0 l\u2019imp\u00e9rieuse n\u00e9cessit\u00e9 d\u2019un changement de paradigme.\"}]},{\"@type\":\"WebSite\",\"@id\":\"https:\/\/www.africa-press.net\/cotedivoire\/#website\",\"url\":\"https:\/\/www.africa-press.net\/cotedivoire\/\",\"name\":\"C\u00f4te d&#039;Ivoire\",\"description\":\"Just another Africa News Agency Sites site\",\"potentialAction\":[{\"@type\":\"SearchAction\",\"target\":{\"@type\":\"EntryPoint\",\"urlTemplate\":\"https:\/\/www.africa-press.net\/cotedivoire\/?s={search_term_string}\"},\"query-input\":{\"@type\":\"PropertyValueSpecification\",\"valueRequired\":true,\"valueName\":\"search_term_string\"}}],\"inLanguage\":\"fr-FR\"},{\"@type\":\"Person\",\"@id\":\"https:\/\/www.africa-press.net\/cotedivoire\/#\/schema\/person\/2b1cf3cd81a31e3cd26889ca66d677f1\",\"name\":\"cfeditorfr\"}]}<\/script>\n<!-- \/ Yoast SEO Premium plugin. -->","yoast_head_json":{"title":"Le d\u00e9bat d\u00e9mocratique en C\u00f4te-d\u2019Ivoire face \u00e0 l\u2019imp\u00e9rieuse n\u00e9cessit\u00e9 d\u2019un changement de paradigme. - C\u00f4te d&#039;Ivoire","description":"Par Claude Koudou Le 11 avril 2011, un coup d\u2019\u00e9tat s\u2019est op\u00e9r\u00e9 en C\u00f4te d\u2019Ivoire pour remplacer un pr\u00e9sident indocile. N ...","robots":{"index":"index","follow":"follow","max-snippet":"max-snippet:-1","max-image-preview":"max-image-preview:large","max-video-preview":"max-video-preview:-1"},"canonical":"https:\/\/www.africa-press.net\/cotedivoire\/politique\/le-debat-democratique-en-cote-divoire-face-a-limperieuse-necessite-dun-changement-de-paradigme","og_locale":"fr_FR","og_type":"article","og_title":"Le d\u00e9bat d\u00e9mocratique en C\u00f4te-d\u2019Ivoire face \u00e0 l\u2019imp\u00e9rieuse n\u00e9cessit\u00e9 d\u2019un changement de paradigme.","og_description":"Par Claude Koudou Le 11 avril 2011, un coup d\u2019\u00e9tat s\u2019est op\u00e9r\u00e9 en C\u00f4te d\u2019Ivoire pour remplacer un pr\u00e9sident indocile. N ...","og_url":"https:\/\/www.africa-press.net\/cotedivoire\/politique\/le-debat-democratique-en-cote-divoire-face-a-limperieuse-necessite-dun-changement-de-paradigme","og_site_name":"C\u00f4te d&#039;Ivoire","article_published_time":"2021-07-02T18:26:25+00:00","article_modified_time":"2021-07-03T05:12:19+00:00","og_image":[{"width":720,"height":480,"url":"https:\/\/static.africa-press.net\/cote\/sites\/43\/2021\/07\/img-60df4a51e85b3.jpg","type":"image\/jpeg"}],"author":"cfeditorfr","twitter_card":"summary_large_image","twitter_misc":{"\u00c9crit par":"cfeditorfr","Dur\u00e9e de lecture estim\u00e9e":"9 minutes"},"schema":{"@context":"https:\/\/schema.org","@graph":[{"@type":"Article","@id":"https:\/\/www.africa-press.net\/cotedivoire\/politique\/le-debat-democratique-en-cote-divoire-face-a-limperieuse-necessite-dun-changement-de-paradigme#article","isPartOf":{"@id":"https:\/\/www.africa-press.net\/cotedivoire\/politique\/le-debat-democratique-en-cote-divoire-face-a-limperieuse-necessite-dun-changement-de-paradigme"},"author":{"name":"cfeditorfr","@id":"https:\/\/www.africa-press.net\/cotedivoire\/#\/schema\/person\/2b1cf3cd81a31e3cd26889ca66d677f1"},"headline":"Le d\u00e9bat d\u00e9mocratique en C\u00f4te-d\u2019Ivoire face \u00e0 l\u2019imp\u00e9rieuse n\u00e9cessit\u00e9 d\u2019un changement de paradigme.","datePublished":"2021-07-02T18:26:25+00:00","dateModified":"2021-07-03T05:12:19+00:00","mainEntityOfPage":{"@id":"https:\/\/www.africa-press.net\/cotedivoire\/politique\/le-debat-democratique-en-cote-divoire-face-a-limperieuse-necessite-dun-changement-de-paradigme"},"wordCount":1910,"commentCount":0,"image":{"@id":"https:\/\/www.africa-press.net\/cotedivoire\/politique\/le-debat-democratique-en-cote-divoire-face-a-limperieuse-necessite-dun-changement-de-paradigme#primaryimage"},"thumbnailUrl":"https:\/\/static.africa-press.net\/cote\/sites\/43\/2021\/07\/img-60df4a51e85b3.jpg","keywords":["Africa Press","Africa Press-C\u00f4te d'Ivoire","C\u00d4TE D'IVOIRE"],"articleSection":["homepage-french","Politique","Top Nouvelles","Toutes les actualit\u00e9s"],"inLanguage":"fr-FR","potentialAction":[{"@type":"CommentAction","name":"Comment","target":["https:\/\/www.africa-press.net\/cotedivoire\/politique\/le-debat-democratique-en-cote-divoire-face-a-limperieuse-necessite-dun-changement-de-paradigme#respond"]}]},{"@type":"WebPage","@id":"https:\/\/www.africa-press.net\/cotedivoire\/politique\/le-debat-democratique-en-cote-divoire-face-a-limperieuse-necessite-dun-changement-de-paradigme","url":"https:\/\/www.africa-press.net\/cotedivoire\/politique\/le-debat-democratique-en-cote-divoire-face-a-limperieuse-necessite-dun-changement-de-paradigme","name":"Le d\u00e9bat d\u00e9mocratique en C\u00f4te-d\u2019Ivoire face \u00e0 l\u2019imp\u00e9rieuse n\u00e9cessit\u00e9 d\u2019un changement de paradigme. - C\u00f4te d&#039;Ivoire","isPartOf":{"@id":"https:\/\/www.africa-press.net\/cotedivoire\/#website"},"primaryImageOfPage":{"@id":"https:\/\/www.africa-press.net\/cotedivoire\/politique\/le-debat-democratique-en-cote-divoire-face-a-limperieuse-necessite-dun-changement-de-paradigme#primaryimage"},"image":{"@id":"https:\/\/www.africa-press.net\/cotedivoire\/politique\/le-debat-democratique-en-cote-divoire-face-a-limperieuse-necessite-dun-changement-de-paradigme#primaryimage"},"thumbnailUrl":"https:\/\/static.africa-press.net\/cote\/sites\/43\/2021\/07\/img-60df4a51e85b3.jpg","datePublished":"2021-07-02T18:26:25+00:00","dateModified":"2021-07-03T05:12:19+00:00","author":{"@id":"https:\/\/www.africa-press.net\/cotedivoire\/#\/schema\/person\/2b1cf3cd81a31e3cd26889ca66d677f1"},"description":"Par Claude Koudou Le 11 avril 2011, un coup d\u2019\u00e9tat s\u2019est op\u00e9r\u00e9 en C\u00f4te d\u2019Ivoire pour remplacer un pr\u00e9sident indocile. N ...","breadcrumb":{"@id":"https:\/\/www.africa-press.net\/cotedivoire\/politique\/le-debat-democratique-en-cote-divoire-face-a-limperieuse-necessite-dun-changement-de-paradigme#breadcrumb"},"inLanguage":"fr-FR","potentialAction":[{"@type":"ReadAction","target":["https:\/\/www.africa-press.net\/cotedivoire\/politique\/le-debat-democratique-en-cote-divoire-face-a-limperieuse-necessite-dun-changement-de-paradigme"]}]},{"@type":"ImageObject","inLanguage":"fr-FR","@id":"https:\/\/www.africa-press.net\/cotedivoire\/politique\/le-debat-democratique-en-cote-divoire-face-a-limperieuse-necessite-dun-changement-de-paradigme#primaryimage","url":"https:\/\/static.africa-press.net\/cote\/sites\/43\/2021\/07\/img-60df4a51e85b3.jpg","contentUrl":"https:\/\/static.africa-press.net\/cote\/sites\/43\/2021\/07\/img-60df4a51e85b3.jpg","width":720,"height":480,"caption":"Le d\u00e9bat d\u00e9mocratique en C\u00f4te-d\u2019Ivoire face \u00e0 l\u2019imp\u00e9rieuse n\u00e9cessit\u00e9 d\u2019un changement de paradigme."},{"@type":"BreadcrumbList","@id":"https:\/\/www.africa-press.net\/cotedivoire\/politique\/le-debat-democratique-en-cote-divoire-face-a-limperieuse-necessite-dun-changement-de-paradigme#breadcrumb","itemListElement":[{"@type":"ListItem","position":1,"name":"Accueil","item":"https:\/\/www.africa-press.net\/cotedivoire\/"},{"@type":"ListItem","position":2,"name":"Le d\u00e9bat d\u00e9mocratique en C\u00f4te-d\u2019Ivoire face \u00e0 l\u2019imp\u00e9rieuse n\u00e9cessit\u00e9 d\u2019un changement de paradigme."}]},{"@type":"WebSite","@id":"https:\/\/www.africa-press.net\/cotedivoire\/#website","url":"https:\/\/www.africa-press.net\/cotedivoire\/","name":"C\u00f4te d&#039;Ivoire","description":"Just another Africa News Agency Sites site","potentialAction":[{"@type":"SearchAction","target":{"@type":"EntryPoint","urlTemplate":"https:\/\/www.africa-press.net\/cotedivoire\/?s={search_term_string}"},"query-input":{"@type":"PropertyValueSpecification","valueRequired":true,"valueName":"search_term_string"}}],"inLanguage":"fr-FR"},{"@type":"Person","@id":"https:\/\/www.africa-press.net\/cotedivoire\/#\/schema\/person\/2b1cf3cd81a31e3cd26889ca66d677f1","name":"cfeditorfr"}]}},"_links":{"self":[{"href":"https:\/\/www.africa-press.net\/cotedivoire\/wp-json\/wp\/v2\/posts\/9652","targetHints":{"allow":["GET"]}}],"collection":[{"href":"https:\/\/www.africa-press.net\/cotedivoire\/wp-json\/wp\/v2\/posts"}],"about":[{"href":"https:\/\/www.africa-press.net\/cotedivoire\/wp-json\/wp\/v2\/types\/post"}],"author":[{"embeddable":true,"href":"https:\/\/www.africa-press.net\/cotedivoire\/wp-json\/wp\/v2\/users\/82"}],"replies":[{"embeddable":true,"href":"https:\/\/www.africa-press.net\/cotedivoire\/wp-json\/wp\/v2\/comments?post=9652"}],"version-history":[{"count":0,"href":"https:\/\/www.africa-press.net\/cotedivoire\/wp-json\/wp\/v2\/posts\/9652\/revisions"}],"wp:featuredmedia":[{"embeddable":true,"href":"https:\/\/www.africa-press.net\/cotedivoire\/wp-json\/wp\/v2\/media\/9651"}],"wp:attachment":[{"href":"https:\/\/www.africa-press.net\/cotedivoire\/wp-json\/wp\/v2\/media?parent=9652"}],"wp:term":[{"taxonomy":"category","embeddable":true,"href":"https:\/\/www.africa-press.net\/cotedivoire\/wp-json\/wp\/v2\/categories?post=9652"},{"taxonomy":"post_tag","embeddable":true,"href":"https:\/\/www.africa-press.net\/cotedivoire\/wp-json\/wp\/v2\/tags?post=9652"}],"curies":[{"name":"wp","href":"https:\/\/api.w.org\/{rel}","templated":true}]}}