{"id":96563,"date":"2025-03-20T13:34:05","date_gmt":"2025-03-20T13:34:05","guid":{"rendered":"https:\/\/www.africa-press.net\/cotedivoire\/politique\/presidentielle-2025-thiam-renonce-officiellement-a-la-nationalite-francaise-selon-un-decret-signe-par-francois-bayrou"},"modified":"2025-03-20T13:34:05","modified_gmt":"2025-03-20T13:34:05","slug":"presidentielle-2025-thiam-renonce-officiellement-a-la-nationalite-francaise-selon-un-decret-signe-par-francois-bayrou","status":"publish","type":"post","link":"https:\/\/www.africa-press.net\/cotedivoire\/politique\/presidentielle-2025-thiam-renonce-officiellement-a-la-nationalite-francaise-selon-un-decret-signe-par-francois-bayrou","title":{"rendered":"Pr\u00e9sidentielle 2025, Thiam renonce officiellement \u00e0 la nationalit\u00e9 fran\u00e7aise, selon un d\u00e9cret sign\u00e9 par Fran\u00e7ois Bayrou"},"content":{"rendered":"<p><span style=\"color: #ff6600\"><strong>Africa-Press &#8211; C\u00f4te d&rsquo;Ivoire. <\/strong><\/span>La demande de renonciation a\u0300 la nationalite\u0301 franc\u0327aise de Tidjane Thiam, candidat a\u0300 la candidature pour la Pre\u0301sidentielle 2025 au PDCI, a officiellement e\u0301te\u0301 acte\u0301e ce jour.<\/p>\n<p>A\u0300 l&rsquo;image de Billon le 8 mars dernier, la de\u0301cision prise par de\u0301cret par le Premier ministre franc\u0327ais, Bayrou et son ministre de l&rsquo;Inte\u0301rieur Retailleau, pour Thiam a e\u0301te\u0301 diffuse\u0301e dans le Journal officiel franc\u0327ais du jeudi 20 mars 2025, dont KOACI a eu copie.<\/p>\n<p>Pour rappel, conforme\u0301ment a\u0300 la constitution ivoirienne, les candidats a\u0300 la pre\u0301sidence de la Re\u0301publique doivent e\u0302tre exclusivement de nationalite\u0301 ivoirienne.<\/p>\n<p>Tidjane Thiam avait initie\u0301 sa demande de renonciation a\u0300 la nationalite\u0301 franc\u0327aise en fe\u0301vrier dernier pour se conformer a\u0300 cette exigence.<\/p>\n<p>Ne\u0301 ivoirien, Tidjane Thiam avait obtenu la nationalite\u0301 franc\u0327aise en 1987 a\u0300 l&rsquo;occasion d&rsquo;e\u0301tudes en France. Il avait ensuite e\u0301te\u0301 ministre en Co\u0302te d&rsquo;Ivoire (1994-1999) avant de mener une carrie\u0300re dans le secteur prive\u0301 en Europe. Mais ces dernie\u0300res semaines, le de\u0301bat s&rsquo;est de\u0301porte\u0301 sur un article du Code de la nationalite\u0301 ivoirien datant des anne\u0301es 1960.<\/p>\n<p>Selon l&rsquo;article 48 de ce code, \u00ab perd la nationalite\u0301 ivoirienne l&rsquo;Ivoirien majeur qui acquiert volontairement une nationalite\u0301 e\u0301trange\u0300re, ou qui de\u0301clare reconnai\u0302tre une telle nationalite\u0301 \u00bb. L&rsquo;entourage de Tidjane Thiam avait de\u0301nonce\u0301 des man\u0153uvres du pouvoir pour l&#8217;empe\u0302cher d&rsquo;e\u0302tre candidat<\/p>\n<p>Notons que, le pre\u0301sident du PDCI-RDA qui bataille contre Jean-Louis Billon pour prendre l&rsquo;ascendant du parti affaibli depuis le de\u0301ce\u0300s du Pre\u0301sident Be\u0301die\u0301, figure sur la liste e\u0301lectorale provisoire publie\u0301e, lundi 17 mars 2025, par la Commission e\u0301lectorale inde\u0301pendante (CEI).<\/p>\n<p>Au regard de la loi (Code de la nationalite\u0301, ndlr), reste de\u0301sormais a\u0300 savoir comment Thiam qui a ce jour perdu la nationalite\u0301 franc\u0327aise, a re\u0301ussi a\u0300 se faire enroler et si un recours sera de\u0301pose\u0301 au niveau de la CEI. Un rejet de la liste electorale priverait Thiam de toute candidature a\u0300 la pre\u0301sidentielle d&rsquo;octobre prochain.\r\n                <style type=\"text\/css\">\r\n                    \r\n                    #td_uid_1_69f427aea9289  .td-doubleSlider-2 .td-item1 {\r\n                        background: url(https:\/\/static.africa-press.net\/cote\/sites\/43\/2025\/03\/sm_1742465300.893474-80x60.jpg) 0 0 no-repeat;\r\n                    }\r\n                <\/style>\r\n\r\n                <div id=\"td_uid_1_69f427aea9289\" class=\"td-gallery td-slide-on-2-columns\">\r\n                    <div class=\"post_td_gallery\">\r\n                        <div class=\"td-gallery-slide-top\">\r\n                           <div class=\"td-gallery-title\"><\/div>\r\n\r\n                            <div class=\"td-gallery-controls-wrapper\">\r\n                                <div class=\"td-gallery-slide-count\"><span class=\"td-gallery-slide-item-focus\">1<\/span> de 1<\/div>\r\n                                <div class=\"td-gallery-slide-prev-next-but\">\r\n                                    <i class = \"td-icon-left doubleSliderPrevButton\"><\/i>\r\n                                    <i class = \"td-icon-right doubleSliderNextButton\"><\/i>\r\n                                <\/div>\r\n                            <\/div>\r\n                        <\/div>\r\n\r\n                        <div class = \"td-doubleSlider-1 \">\r\n                            <div class = \"td-slider\">\r\n                                \r\n                    <div class = \"td-slide-item td-item1\">\r\n                        <figure class=\"td-slide-galery-figure td-slide-popup-gallery\">\r\n                            <a class=\"slide-gallery-image-link\" href=\"https:\/\/static.africa-press.net\/cote\/sites\/43\/2025\/03\/sm_1742465300.893474.jpg\" title=\"sm_1742465300.893474\"  data-caption=\"\"  data-description=\"\">\r\n                                <img decoding=\"async\" src=\"https:\/\/static.africa-press.net\/cote\/sites\/43\/2025\/03\/sm_1742465300.893474.jpg\" srcset=\"https:\/\/static.africa-press.net\/cote\/sites\/43\/2025\/03\/sm_1742465300.893474.jpg 1000w, https:\/\/static.africa-press.net\/cote\/sites\/43\/2025\/03\/sm_1742465300.893474-300x184.jpg 300w, https:\/\/static.africa-press.net\/cote\/sites\/43\/2025\/03\/sm_1742465300.893474-768x471.jpg 768w\" sizes=\"(max-width: 1000px) 100vw, 1000px\" alt=\"\">\r\n                            <\/a>\r\n                            \r\n                        <\/figure>\r\n                    <\/div>\r\n                            <\/div>\r\n                        <\/div>\r\n\r\n                        <div class = \"td-doubleSlider-2\">\r\n                            <div class = \"td-slider\">\r\n                                \r\n                    <div class = \"td-button td-item1\">\r\n                        <div class = \"td-border\"><\/div>\r\n                    <\/div>\r\n                            <\/div>\r\n                        <\/div>\r\n\r\n                    <\/div>\r\n\r\n                <\/div>\r\n                <\/p>\n<p><strong>Pour plus d&rsquo;informations et d&rsquo;analyses sur la <span style=\"color: #ff6600\">C\u00f4te d&rsquo;Ivoire<\/span>, suivez <span style=\"color: #ff6600\">Africa-Press<span style=\"color: #ff6600\"><\/span><\/strong><\/p>\n","protected":false},"excerpt":{"rendered":"<p>Africa-Press &#8211; C\u00f4te d&rsquo;Ivoire. La demande de renonciation a\u0300 la nationalite\u0301 franc\u0327aise de Tidjane Thiam, candidat a\u0300 la candidature pour la Pre\u0301sidentielle 2025 au PDCI, a officiellement e\u0301te\u0301 acte\u0301e ce jour. A\u0300 l&rsquo;image de Billon le 8 mars dernier, la de\u0301cision prise par de\u0301cret par le Premier ministre franc\u0327ais, Bayrou et son ministre de l&rsquo;Inte\u0301rieur [&hellip;]<\/p>\n","protected":false},"author":82,"featured_media":96562,"comment_status":"open","ping_status":"closed","sticky":false,"template":"","format":"standard","meta":{"footnotes":""},"categories":[2,10],"tags":[37,1746,324,762,1133,739,312,2442],"class_list":["post-96563","post","type-post","status-publish","format-standard","has-post-thumbnail","hentry","category-politique","category-toutes-les-actualites","tag-cote-divoire-2","tag-decret","tag-francais","tag-gouvernement","tag-nationalite","tag-pdci-rda","tag-presidentielle","tag-tidjane-thiam"],"yoast_head":"<!-- This site is optimized with the Yoast SEO Premium plugin v26.1 (Yoast SEO v27.0) - https:\/\/yoast.com\/product\/yoast-seo-premium-wordpress\/ -->\n<title>Pr\u00e9sidentielle 2025, Thiam renonce officiellement \u00e0 la nationalit\u00e9 fran\u00e7aise, selon un d\u00e9cret sign\u00e9 par Fran\u00e7ois Bayrou - C\u00f4te d&#039;Ivoire<\/title>\n<meta name=\"robots\" content=\"index, follow, max-snippet:-1, max-image-preview:large, max-video-preview:-1\" \/>\n<link rel=\"canonical\" href=\"https:\/\/www.africa-press.net\/cotedivoire\/politique\/presidentielle-2025-thiam-renonce-officiellement-a-la-nationalite-francaise-selon-un-decret-signe-par-francois-bayrou\" \/>\n<meta property=\"og:locale\" content=\"fr_FR\" \/>\n<meta property=\"og:type\" content=\"article\" \/>\n<meta property=\"og:title\" content=\"Pr\u00e9sidentielle 2025, Thiam renonce officiellement \u00e0 la nationalit\u00e9 fran\u00e7aise, selon un d\u00e9cret sign\u00e9 par Fran\u00e7ois Bayrou\" \/>\n<meta property=\"og:description\" content=\"Africa-Press &#8211; C\u00f4te d&rsquo;Ivoire. La demande de renonciation a\u0300 la nationalite\u0301 franc\u0327aise de Tidjane Thiam, candidat a\u0300 la candidature pour la Pre\u0301sidentielle 2025 au PDCI, a officiellement e\u0301te\u0301 acte\u0301e ce jour. A\u0300 l&rsquo;image de Billon le 8 mars dernier, la de\u0301cision prise par de\u0301cret par le Premier ministre franc\u0327ais, Bayrou et son ministre de l&rsquo;Inte\u0301rieur [&hellip;]\" \/>\n<meta property=\"og:url\" content=\"https:\/\/www.africa-press.net\/cotedivoire\/politique\/presidentielle-2025-thiam-renonce-officiellement-a-la-nationalite-francaise-selon-un-decret-signe-par-francois-bayrou\" \/>\n<meta property=\"og:site_name\" content=\"C\u00f4te d&#039;Ivoire\" \/>\n<meta property=\"article:published_time\" content=\"2025-03-20T13:34:05+00:00\" \/>\n<meta property=\"og:image\" content=\"https:\/\/static.africa-press.net\/cote\/sites\/43\/2025\/03\/sm_1742465300.893474.jpg\" \/>\n<meta name=\"author\" content=\"cfeditorfr\" \/>\n<meta name=\"twitter:card\" content=\"summary_large_image\" \/>\n<meta name=\"twitter:label1\" content=\"\u00c9crit par\" \/>\n\t<meta name=\"twitter:data1\" content=\"cfeditorfr\" \/>\n\t<meta name=\"twitter:label2\" content=\"Dur\u00e9e de lecture estim\u00e9e\" \/>\n\t<meta name=\"twitter:data2\" content=\"2 minutes\" \/>\n<script type=\"application\/ld+json\" class=\"yoast-schema-graph\">{\"@context\":\"https:\/\/schema.org\",\"@graph\":[{\"@type\":\"Article\",\"@id\":\"https:\/\/www.africa-press.net\/cotedivoire\/politique\/presidentielle-2025-thiam-renonce-officiellement-a-la-nationalite-francaise-selon-un-decret-signe-par-francois-bayrou#article\",\"isPartOf\":{\"@id\":\"https:\/\/www.africa-press.net\/cotedivoire\/politique\/presidentielle-2025-thiam-renonce-officiellement-a-la-nationalite-francaise-selon-un-decret-signe-par-francois-bayrou\"},\"author\":{\"name\":\"cfeditorfr\",\"@id\":\"https:\/\/www.africa-press.net\/cotedivoire\/#\/schema\/person\/2b1cf3cd81a31e3cd26889ca66d677f1\"},\"headline\":\"Pr\u00e9sidentielle 2025, Thiam renonce officiellement \u00e0 la nationalit\u00e9 fran\u00e7aise, selon un d\u00e9cret sign\u00e9 par Fran\u00e7ois Bayrou\",\"datePublished\":\"2025-03-20T13:34:05+00:00\",\"mainEntityOfPage\":{\"@id\":\"https:\/\/www.africa-press.net\/cotedivoire\/politique\/presidentielle-2025-thiam-renonce-officiellement-a-la-nationalite-francaise-selon-un-decret-signe-par-francois-bayrou\"},\"wordCount\":408,\"commentCount\":0,\"image\":{\"@id\":\"https:\/\/www.africa-press.net\/cotedivoire\/politique\/presidentielle-2025-thiam-renonce-officiellement-a-la-nationalite-francaise-selon-un-decret-signe-par-francois-bayrou#primaryimage\"},\"thumbnailUrl\":\"https:\/\/static.africa-press.net\/cote\/sites\/43\/2025\/03\/sm_1742465304.194114.jpg\",\"keywords\":[\"C\u00f4te d'Ivoire\",\"d\u00e9cret\",\"Fran\u00e7ais\",\"Gouvernement\",\"nationalit\u00e9\",\"PDCI-RDA\",\"pr\u00e9sidentielle\",\"Tidjane Thiam\"],\"articleSection\":[\"Politique\",\"Toutes les actualit\u00e9s\"],\"inLanguage\":\"fr-FR\",\"potentialAction\":[{\"@type\":\"CommentAction\",\"name\":\"Comment\",\"target\":[\"https:\/\/www.africa-press.net\/cotedivoire\/politique\/presidentielle-2025-thiam-renonce-officiellement-a-la-nationalite-francaise-selon-un-decret-signe-par-francois-bayrou#respond\"]}]},{\"@type\":\"WebPage\",\"@id\":\"https:\/\/www.africa-press.net\/cotedivoire\/politique\/presidentielle-2025-thiam-renonce-officiellement-a-la-nationalite-francaise-selon-un-decret-signe-par-francois-bayrou\",\"url\":\"https:\/\/www.africa-press.net\/cotedivoire\/politique\/presidentielle-2025-thiam-renonce-officiellement-a-la-nationalite-francaise-selon-un-decret-signe-par-francois-bayrou\",\"name\":\"Pr\u00e9sidentielle 2025, Thiam renonce officiellement \u00e0 la nationalit\u00e9 fran\u00e7aise, selon un d\u00e9cret sign\u00e9 par Fran\u00e7ois Bayrou - C\u00f4te d&#039;Ivoire\",\"isPartOf\":{\"@id\":\"https:\/\/www.africa-press.net\/cotedivoire\/#website\"},\"primaryImageOfPage\":{\"@id\":\"https:\/\/www.africa-press.net\/cotedivoire\/politique\/presidentielle-2025-thiam-renonce-officiellement-a-la-nationalite-francaise-selon-un-decret-signe-par-francois-bayrou#primaryimage\"},\"image\":{\"@id\":\"https:\/\/www.africa-press.net\/cotedivoire\/politique\/presidentielle-2025-thiam-renonce-officiellement-a-la-nationalite-francaise-selon-un-decret-signe-par-francois-bayrou#primaryimage\"},\"thumbnailUrl\":\"https:\/\/static.africa-press.net\/cote\/sites\/43\/2025\/03\/sm_1742465304.194114.jpg\",\"datePublished\":\"2025-03-20T13:34:05+00:00\",\"author\":{\"@id\":\"https:\/\/www.africa-press.net\/cotedivoire\/#\/schema\/person\/2b1cf3cd81a31e3cd26889ca66d677f1\"},\"breadcrumb\":{\"@id\":\"https:\/\/www.africa-press.net\/cotedivoire\/politique\/presidentielle-2025-thiam-renonce-officiellement-a-la-nationalite-francaise-selon-un-decret-signe-par-francois-bayrou#breadcrumb\"},\"inLanguage\":\"fr-FR\",\"potentialAction\":[{\"@type\":\"ReadAction\",\"target\":[\"https:\/\/www.africa-press.net\/cotedivoire\/politique\/presidentielle-2025-thiam-renonce-officiellement-a-la-nationalite-francaise-selon-un-decret-signe-par-francois-bayrou\"]}]},{\"@type\":\"ImageObject\",\"inLanguage\":\"fr-FR\",\"@id\":\"https:\/\/www.africa-press.net\/cotedivoire\/politique\/presidentielle-2025-thiam-renonce-officiellement-a-la-nationalite-francaise-selon-un-decret-signe-par-francois-bayrou#primaryimage\",\"url\":\"https:\/\/static.africa-press.net\/cote\/sites\/43\/2025\/03\/sm_1742465304.194114.jpg\",\"contentUrl\":\"https:\/\/static.africa-press.net\/cote\/sites\/43\/2025\/03\/sm_1742465304.194114.jpg\",\"width\":720,\"height\":457,\"caption\":\"Pr\u00e9sidentielle 2025, Thiam renonce officiellement \u00e0 la nationalit\u00e9 fran\u00e7aise, selon un d\u00e9cret sign\u00e9 par Fran\u00e7ois Bayrou\"},{\"@type\":\"BreadcrumbList\",\"@id\":\"https:\/\/www.africa-press.net\/cotedivoire\/politique\/presidentielle-2025-thiam-renonce-officiellement-a-la-nationalite-francaise-selon-un-decret-signe-par-francois-bayrou#breadcrumb\",\"itemListElement\":[{\"@type\":\"ListItem\",\"position\":1,\"name\":\"Accueil\",\"item\":\"https:\/\/www.africa-press.net\/cotedivoire\/\"},{\"@type\":\"ListItem\",\"position\":2,\"name\":\"Pr\u00e9sidentielle 2025, Thiam renonce officiellement \u00e0 la nationalit\u00e9 fran\u00e7aise, selon un d\u00e9cret sign\u00e9 par Fran\u00e7ois Bayrou\"}]},{\"@type\":\"WebSite\",\"@id\":\"https:\/\/www.africa-press.net\/cotedivoire\/#website\",\"url\":\"https:\/\/www.africa-press.net\/cotedivoire\/\",\"name\":\"C\u00f4te d&#039;Ivoire\",\"description\":\"Just another Africa News Agency Sites site\",\"potentialAction\":[{\"@type\":\"SearchAction\",\"target\":{\"@type\":\"EntryPoint\",\"urlTemplate\":\"https:\/\/www.africa-press.net\/cotedivoire\/?s={search_term_string}\"},\"query-input\":{\"@type\":\"PropertyValueSpecification\",\"valueRequired\":true,\"valueName\":\"search_term_string\"}}],\"inLanguage\":\"fr-FR\"},{\"@type\":\"Person\",\"@id\":\"https:\/\/www.africa-press.net\/cotedivoire\/#\/schema\/person\/2b1cf3cd81a31e3cd26889ca66d677f1\",\"name\":\"cfeditorfr\"}]}<\/script>\n<!-- \/ Yoast SEO Premium plugin. -->","yoast_head_json":{"title":"Pr\u00e9sidentielle 2025, Thiam renonce officiellement \u00e0 la nationalit\u00e9 fran\u00e7aise, selon un d\u00e9cret sign\u00e9 par Fran\u00e7ois Bayrou - C\u00f4te d&#039;Ivoire","robots":{"index":"index","follow":"follow","max-snippet":"max-snippet:-1","max-image-preview":"max-image-preview:large","max-video-preview":"max-video-preview:-1"},"canonical":"https:\/\/www.africa-press.net\/cotedivoire\/politique\/presidentielle-2025-thiam-renonce-officiellement-a-la-nationalite-francaise-selon-un-decret-signe-par-francois-bayrou","og_locale":"fr_FR","og_type":"article","og_title":"Pr\u00e9sidentielle 2025, Thiam renonce officiellement \u00e0 la nationalit\u00e9 fran\u00e7aise, selon un d\u00e9cret sign\u00e9 par Fran\u00e7ois Bayrou","og_description":"Africa-Press &#8211; C\u00f4te d&rsquo;Ivoire. La demande de renonciation a\u0300 la nationalite\u0301 franc\u0327aise de Tidjane Thiam, candidat a\u0300 la candidature pour la Pre\u0301sidentielle 2025 au PDCI, a officiellement e\u0301te\u0301 acte\u0301e ce jour. A\u0300 l&rsquo;image de Billon le 8 mars dernier, la de\u0301cision prise par de\u0301cret par le Premier ministre franc\u0327ais, Bayrou et son ministre de l&rsquo;Inte\u0301rieur [&hellip;]","og_url":"https:\/\/www.africa-press.net\/cotedivoire\/politique\/presidentielle-2025-thiam-renonce-officiellement-a-la-nationalite-francaise-selon-un-decret-signe-par-francois-bayrou","og_site_name":"C\u00f4te d&#039;Ivoire","article_published_time":"2025-03-20T13:34:05+00:00","og_image":[{"url":"https:\/\/static.africa-press.net\/cote\/sites\/43\/2025\/03\/sm_1742465300.893474.jpg","type":"","width":"","height":""}],"author":"cfeditorfr","twitter_card":"summary_large_image","twitter_misc":{"\u00c9crit par":"cfeditorfr","Dur\u00e9e de lecture estim\u00e9e":"2 minutes"},"schema":{"@context":"https:\/\/schema.org","@graph":[{"@type":"Article","@id":"https:\/\/www.africa-press.net\/cotedivoire\/politique\/presidentielle-2025-thiam-renonce-officiellement-a-la-nationalite-francaise-selon-un-decret-signe-par-francois-bayrou#article","isPartOf":{"@id":"https:\/\/www.africa-press.net\/cotedivoire\/politique\/presidentielle-2025-thiam-renonce-officiellement-a-la-nationalite-francaise-selon-un-decret-signe-par-francois-bayrou"},"author":{"name":"cfeditorfr","@id":"https:\/\/www.africa-press.net\/cotedivoire\/#\/schema\/person\/2b1cf3cd81a31e3cd26889ca66d677f1"},"headline":"Pr\u00e9sidentielle 2025, Thiam renonce officiellement \u00e0 la nationalit\u00e9 fran\u00e7aise, selon un d\u00e9cret sign\u00e9 par Fran\u00e7ois Bayrou","datePublished":"2025-03-20T13:34:05+00:00","mainEntityOfPage":{"@id":"https:\/\/www.africa-press.net\/cotedivoire\/politique\/presidentielle-2025-thiam-renonce-officiellement-a-la-nationalite-francaise-selon-un-decret-signe-par-francois-bayrou"},"wordCount":408,"commentCount":0,"image":{"@id":"https:\/\/www.africa-press.net\/cotedivoire\/politique\/presidentielle-2025-thiam-renonce-officiellement-a-la-nationalite-francaise-selon-un-decret-signe-par-francois-bayrou#primaryimage"},"thumbnailUrl":"https:\/\/static.africa-press.net\/cote\/sites\/43\/2025\/03\/sm_1742465304.194114.jpg","keywords":["C\u00f4te d'Ivoire","d\u00e9cret","Fran\u00e7ais","Gouvernement","nationalit\u00e9","PDCI-RDA","pr\u00e9sidentielle","Tidjane Thiam"],"articleSection":["Politique","Toutes les actualit\u00e9s"],"inLanguage":"fr-FR","potentialAction":[{"@type":"CommentAction","name":"Comment","target":["https:\/\/www.africa-press.net\/cotedivoire\/politique\/presidentielle-2025-thiam-renonce-officiellement-a-la-nationalite-francaise-selon-un-decret-signe-par-francois-bayrou#respond"]}]},{"@type":"WebPage","@id":"https:\/\/www.africa-press.net\/cotedivoire\/politique\/presidentielle-2025-thiam-renonce-officiellement-a-la-nationalite-francaise-selon-un-decret-signe-par-francois-bayrou","url":"https:\/\/www.africa-press.net\/cotedivoire\/politique\/presidentielle-2025-thiam-renonce-officiellement-a-la-nationalite-francaise-selon-un-decret-signe-par-francois-bayrou","name":"Pr\u00e9sidentielle 2025, Thiam renonce officiellement \u00e0 la nationalit\u00e9 fran\u00e7aise, selon un d\u00e9cret sign\u00e9 par Fran\u00e7ois Bayrou - C\u00f4te d&#039;Ivoire","isPartOf":{"@id":"https:\/\/www.africa-press.net\/cotedivoire\/#website"},"primaryImageOfPage":{"@id":"https:\/\/www.africa-press.net\/cotedivoire\/politique\/presidentielle-2025-thiam-renonce-officiellement-a-la-nationalite-francaise-selon-un-decret-signe-par-francois-bayrou#primaryimage"},"image":{"@id":"https:\/\/www.africa-press.net\/cotedivoire\/politique\/presidentielle-2025-thiam-renonce-officiellement-a-la-nationalite-francaise-selon-un-decret-signe-par-francois-bayrou#primaryimage"},"thumbnailUrl":"https:\/\/static.africa-press.net\/cote\/sites\/43\/2025\/03\/sm_1742465304.194114.jpg","datePublished":"2025-03-20T13:34:05+00:00","author":{"@id":"https:\/\/www.africa-press.net\/cotedivoire\/#\/schema\/person\/2b1cf3cd81a31e3cd26889ca66d677f1"},"breadcrumb":{"@id":"https:\/\/www.africa-press.net\/cotedivoire\/politique\/presidentielle-2025-thiam-renonce-officiellement-a-la-nationalite-francaise-selon-un-decret-signe-par-francois-bayrou#breadcrumb"},"inLanguage":"fr-FR","potentialAction":[{"@type":"ReadAction","target":["https:\/\/www.africa-press.net\/cotedivoire\/politique\/presidentielle-2025-thiam-renonce-officiellement-a-la-nationalite-francaise-selon-un-decret-signe-par-francois-bayrou"]}]},{"@type":"ImageObject","inLanguage":"fr-FR","@id":"https:\/\/www.africa-press.net\/cotedivoire\/politique\/presidentielle-2025-thiam-renonce-officiellement-a-la-nationalite-francaise-selon-un-decret-signe-par-francois-bayrou#primaryimage","url":"https:\/\/static.africa-press.net\/cote\/sites\/43\/2025\/03\/sm_1742465304.194114.jpg","contentUrl":"https:\/\/static.africa-press.net\/cote\/sites\/43\/2025\/03\/sm_1742465304.194114.jpg","width":720,"height":457,"caption":"Pr\u00e9sidentielle 2025, Thiam renonce officiellement \u00e0 la nationalit\u00e9 fran\u00e7aise, selon un d\u00e9cret sign\u00e9 par Fran\u00e7ois Bayrou"},{"@type":"BreadcrumbList","@id":"https:\/\/www.africa-press.net\/cotedivoire\/politique\/presidentielle-2025-thiam-renonce-officiellement-a-la-nationalite-francaise-selon-un-decret-signe-par-francois-bayrou#breadcrumb","itemListElement":[{"@type":"ListItem","position":1,"name":"Accueil","item":"https:\/\/www.africa-press.net\/cotedivoire\/"},{"@type":"ListItem","position":2,"name":"Pr\u00e9sidentielle 2025, Thiam renonce officiellement \u00e0 la nationalit\u00e9 fran\u00e7aise, selon un d\u00e9cret sign\u00e9 par Fran\u00e7ois Bayrou"}]},{"@type":"WebSite","@id":"https:\/\/www.africa-press.net\/cotedivoire\/#website","url":"https:\/\/www.africa-press.net\/cotedivoire\/","name":"C\u00f4te d&#039;Ivoire","description":"Just another Africa News Agency Sites site","potentialAction":[{"@type":"SearchAction","target":{"@type":"EntryPoint","urlTemplate":"https:\/\/www.africa-press.net\/cotedivoire\/?s={search_term_string}"},"query-input":{"@type":"PropertyValueSpecification","valueRequired":true,"valueName":"search_term_string"}}],"inLanguage":"fr-FR"},{"@type":"Person","@id":"https:\/\/www.africa-press.net\/cotedivoire\/#\/schema\/person\/2b1cf3cd81a31e3cd26889ca66d677f1","name":"cfeditorfr"}]}},"_links":{"self":[{"href":"https:\/\/www.africa-press.net\/cotedivoire\/wp-json\/wp\/v2\/posts\/96563","targetHints":{"allow":["GET"]}}],"collection":[{"href":"https:\/\/www.africa-press.net\/cotedivoire\/wp-json\/wp\/v2\/posts"}],"about":[{"href":"https:\/\/www.africa-press.net\/cotedivoire\/wp-json\/wp\/v2\/types\/post"}],"author":[{"embeddable":true,"href":"https:\/\/www.africa-press.net\/cotedivoire\/wp-json\/wp\/v2\/users\/82"}],"replies":[{"embeddable":true,"href":"https:\/\/www.africa-press.net\/cotedivoire\/wp-json\/wp\/v2\/comments?post=96563"}],"version-history":[{"count":0,"href":"https:\/\/www.africa-press.net\/cotedivoire\/wp-json\/wp\/v2\/posts\/96563\/revisions"}],"wp:featuredmedia":[{"embeddable":true,"href":"https:\/\/www.africa-press.net\/cotedivoire\/wp-json\/wp\/v2\/media\/96562"}],"wp:attachment":[{"href":"https:\/\/www.africa-press.net\/cotedivoire\/wp-json\/wp\/v2\/media?parent=96563"}],"wp:term":[{"taxonomy":"category","embeddable":true,"href":"https:\/\/www.africa-press.net\/cotedivoire\/wp-json\/wp\/v2\/categories?post=96563"},{"taxonomy":"post_tag","embeddable":true,"href":"https:\/\/www.africa-press.net\/cotedivoire\/wp-json\/wp\/v2\/tags?post=96563"}],"curies":[{"name":"wp","href":"https:\/\/api.w.org\/{rel}","templated":true}]}}