{"id":9665,"date":"2021-07-03T16:23:29","date_gmt":"2021-07-03T16:23:29","guid":{"rendered":"https:\/\/www.africa-press.net\/cotedivoire\/?p=9665"},"modified":"2021-07-03T19:17:25","modified_gmt":"2021-07-03T19:17:25","slug":"rdc-cote-divoire-les-raisons-du-voyage-de-laurent-gbagbo-a-kinshasa-2","status":"publish","type":"post","link":"https:\/\/www.africa-press.net\/cotedivoire\/dossiers\/rdc-cote-divoire-les-raisons-du-voyage-de-laurent-gbagbo-a-kinshasa-2","title":{"rendered":"les raisons du voyage de Laurent Gbagbo \u00e0 Kinshasa"},"content":{"rendered":"<p><span style=\"color: #ff6600\"><strong><a href=\"https:\/\/www.africa-press.net\/\">Africa-Press<\/a> &#8211; <a href=\"https:\/\/www.africa-press.net\/cotedivoire\">C\u00f4te d&rsquo;Ivoire<\/a>. <\/strong><\/span>Rentr\u00e9 en C\u00f4te d\u2019Ivoire le 17 juin, l\u2019ancien pr\u00e9sident a choisi la RDC pour son premier d\u00e9placement \u00e0 l\u2019\u00e9tranger. Voici pourquoi. <b>Laurent Gbagbo<\/b><\/p>\n<p>doit arriver \u00e0 Kinshasa par un vol commercial le 2 juillet, pour un s\u00e9jour priv\u00e9 de six jours, et regagner Abidjan le 8 juillet. Rentr\u00e9 en C\u00f4te d\u2019Ivoire le 17 juin, dix ans apr\u00e8s son arrestation et son incarc\u00e9ration \u00e0 la prison de la Cour p\u00e9nale internationale (CPI), l\u2019ancien pr\u00e9sident effectue ainsi son premier voyage \u00e0 l\u2019\u00e9tranger.<\/p>\n<p><b>\u00a0<\/b><\/p>\n","protected":false},"excerpt":{"rendered":"<p>Africa-Press &#8211; C\u00f4te d&rsquo;Ivoire. Rentr\u00e9 en C\u00f4te d\u2019Ivoire le 17 juin, l\u2019ancien pr\u00e9sident a choisi la RDC pour son premier d\u00e9placement \u00e0 l\u2019\u00e9tranger. Voici pourquoi. Laurent Gbagbo doit arriver \u00e0 Kinshasa par un vol commercial le 2 juillet, pour un s\u00e9jour priv\u00e9 de six jours, et regagner Abidjan le 8 juillet. Rentr\u00e9 en C\u00f4te d\u2019Ivoire [&hellip;]<\/p>\n","protected":false},"author":82,"featured_media":9664,"comment_status":"open","ping_status":"closed","sticky":false,"template":"","format":"standard","meta":{"footnotes":""},"categories":[7,11,10],"tags":[56,63,29],"class_list":["post-9665","post","type-post","status-publish","format-standard","has-post-thumbnail","hentry","category-dossiers","category-homepage-french","category-toutes-les-actualites","tag-africa-press","tag-africa-press-cote-divoire","tag-cote-divoire"],"yoast_head":"<!-- This site is optimized with the Yoast SEO Premium plugin v26.1 (Yoast SEO v27.0) - https:\/\/yoast.com\/product\/yoast-seo-premium-wordpress\/ -->\n<title>les raisons du voyage de Laurent Gbagbo \u00e0 Kinshasa - C\u00f4te d&#039;Ivoire<\/title>\n<meta name=\"description\" content=\"Rentr\u00e9 en C\u00f4te d\u2019Ivoire le 17 juin, l\u2019ancien pr\u00e9sident a choisi la RDC pour son premier d\u00e9placement \u00e0 l\u2019\u00e9tranger. Voici ...\" \/>\n<meta name=\"robots\" content=\"index, follow, max-snippet:-1, max-image-preview:large, max-video-preview:-1\" \/>\n<link rel=\"canonical\" href=\"https:\/\/www.africa-press.net\/cotedivoire\/dossiers\/rdc-cote-divoire-les-raisons-du-voyage-de-laurent-gbagbo-a-kinshasa-2\" \/>\n<meta property=\"og:locale\" content=\"fr_FR\" \/>\n<meta property=\"og:type\" content=\"article\" \/>\n<meta property=\"og:title\" content=\"les raisons du voyage de Laurent Gbagbo \u00e0 Kinshasa\" \/>\n<meta property=\"og:description\" content=\"Rentr\u00e9 en C\u00f4te d\u2019Ivoire le 17 juin, l\u2019ancien pr\u00e9sident a choisi la RDC pour son premier d\u00e9placement \u00e0 l\u2019\u00e9tranger. Voici ...\" \/>\n<meta property=\"og:url\" content=\"https:\/\/www.africa-press.net\/cotedivoire\/dossiers\/rdc-cote-divoire-les-raisons-du-voyage-de-laurent-gbagbo-a-kinshasa-2\" \/>\n<meta property=\"og:site_name\" content=\"C\u00f4te d&#039;Ivoire\" \/>\n<meta property=\"article:published_time\" content=\"2021-07-03T16:23:29+00:00\" \/>\n<meta property=\"article:modified_time\" content=\"2021-07-03T19:17:25+00:00\" \/>\n<meta property=\"og:image\" content=\"https:\/\/static.africa-press.net\/cote\/sites\/43\/2021\/07\/img-60e08dc84509b.jpg\" \/>\n\t<meta property=\"og:image:width\" content=\"720\" \/>\n\t<meta property=\"og:image:height\" content=\"360\" \/>\n\t<meta property=\"og:image:type\" content=\"image\/jpeg\" \/>\n<meta name=\"author\" content=\"cfeditorfr\" \/>\n<meta name=\"twitter:card\" content=\"summary_large_image\" \/>\n<meta name=\"twitter:label1\" content=\"\u00c9crit par\" \/>\n\t<meta name=\"twitter:data1\" content=\"cfeditorfr\" \/>\n\t<meta name=\"twitter:label2\" content=\"Dur\u00e9e de lecture estim\u00e9e\" \/>\n\t<meta name=\"twitter:data2\" content=\"1 minute\" \/>\n<script type=\"application\/ld+json\" class=\"yoast-schema-graph\">{\"@context\":\"https:\/\/schema.org\",\"@graph\":[{\"@type\":\"Article\",\"@id\":\"https:\/\/www.africa-press.net\/cotedivoire\/dossiers\/rdc-cote-divoire-les-raisons-du-voyage-de-laurent-gbagbo-a-kinshasa-2#article\",\"isPartOf\":{\"@id\":\"https:\/\/www.africa-press.net\/cotedivoire\/dossiers\/rdc-cote-divoire-les-raisons-du-voyage-de-laurent-gbagbo-a-kinshasa-2\"},\"author\":{\"name\":\"cfeditorfr\",\"@id\":\"https:\/\/www.africa-press.net\/cotedivoire\/#\/schema\/person\/2b1cf3cd81a31e3cd26889ca66d677f1\"},\"headline\":\"les raisons du voyage de Laurent Gbagbo \u00e0 Kinshasa\",\"datePublished\":\"2021-07-03T16:23:29+00:00\",\"dateModified\":\"2021-07-03T19:17:25+00:00\",\"mainEntityOfPage\":{\"@id\":\"https:\/\/www.africa-press.net\/cotedivoire\/dossiers\/rdc-cote-divoire-les-raisons-du-voyage-de-laurent-gbagbo-a-kinshasa-2\"},\"wordCount\":101,\"commentCount\":0,\"image\":{\"@id\":\"https:\/\/www.africa-press.net\/cotedivoire\/dossiers\/rdc-cote-divoire-les-raisons-du-voyage-de-laurent-gbagbo-a-kinshasa-2#primaryimage\"},\"thumbnailUrl\":\"https:\/\/static.africa-press.net\/cote\/sites\/43\/2021\/07\/img-60e08dc84509b.jpg\",\"keywords\":[\"Africa Press\",\"Africa Press-C\u00f4te d'Ivoire\",\"C\u00d4TE D'IVOIRE\"],\"articleSection\":[\"Dossiers\",\"homepage-french\",\"Toutes les actualit\u00e9s\"],\"inLanguage\":\"fr-FR\",\"potentialAction\":[{\"@type\":\"CommentAction\",\"name\":\"Comment\",\"target\":[\"https:\/\/www.africa-press.net\/cotedivoire\/dossiers\/rdc-cote-divoire-les-raisons-du-voyage-de-laurent-gbagbo-a-kinshasa-2#respond\"]}]},{\"@type\":\"WebPage\",\"@id\":\"https:\/\/www.africa-press.net\/cotedivoire\/dossiers\/rdc-cote-divoire-les-raisons-du-voyage-de-laurent-gbagbo-a-kinshasa-2\",\"url\":\"https:\/\/www.africa-press.net\/cotedivoire\/dossiers\/rdc-cote-divoire-les-raisons-du-voyage-de-laurent-gbagbo-a-kinshasa-2\",\"name\":\"les raisons du voyage de Laurent Gbagbo \u00e0 Kinshasa - C\u00f4te d&#039;Ivoire\",\"isPartOf\":{\"@id\":\"https:\/\/www.africa-press.net\/cotedivoire\/#website\"},\"primaryImageOfPage\":{\"@id\":\"https:\/\/www.africa-press.net\/cotedivoire\/dossiers\/rdc-cote-divoire-les-raisons-du-voyage-de-laurent-gbagbo-a-kinshasa-2#primaryimage\"},\"image\":{\"@id\":\"https:\/\/www.africa-press.net\/cotedivoire\/dossiers\/rdc-cote-divoire-les-raisons-du-voyage-de-laurent-gbagbo-a-kinshasa-2#primaryimage\"},\"thumbnailUrl\":\"https:\/\/static.africa-press.net\/cote\/sites\/43\/2021\/07\/img-60e08dc84509b.jpg\",\"datePublished\":\"2021-07-03T16:23:29+00:00\",\"dateModified\":\"2021-07-03T19:17:25+00:00\",\"author\":{\"@id\":\"https:\/\/www.africa-press.net\/cotedivoire\/#\/schema\/person\/2b1cf3cd81a31e3cd26889ca66d677f1\"},\"description\":\"Rentr\u00e9 en C\u00f4te d\u2019Ivoire le 17 juin, l\u2019ancien pr\u00e9sident a choisi la RDC pour son premier d\u00e9placement \u00e0 l\u2019\u00e9tranger. Voici ...\",\"breadcrumb\":{\"@id\":\"https:\/\/www.africa-press.net\/cotedivoire\/dossiers\/rdc-cote-divoire-les-raisons-du-voyage-de-laurent-gbagbo-a-kinshasa-2#breadcrumb\"},\"inLanguage\":\"fr-FR\",\"potentialAction\":[{\"@type\":\"ReadAction\",\"target\":[\"https:\/\/www.africa-press.net\/cotedivoire\/dossiers\/rdc-cote-divoire-les-raisons-du-voyage-de-laurent-gbagbo-a-kinshasa-2\"]}]},{\"@type\":\"ImageObject\",\"inLanguage\":\"fr-FR\",\"@id\":\"https:\/\/www.africa-press.net\/cotedivoire\/dossiers\/rdc-cote-divoire-les-raisons-du-voyage-de-laurent-gbagbo-a-kinshasa-2#primaryimage\",\"url\":\"https:\/\/static.africa-press.net\/cote\/sites\/43\/2021\/07\/img-60e08dc84509b.jpg\",\"contentUrl\":\"https:\/\/static.africa-press.net\/cote\/sites\/43\/2021\/07\/img-60e08dc84509b.jpg\",\"width\":720,\"height\":360,\"caption\":\"RDC \u2013 C\u00f4te d\u2019Ivoire : les raisons du voyage de Laurent Gbagbo \u00e0 Kinshasa\"},{\"@type\":\"BreadcrumbList\",\"@id\":\"https:\/\/www.africa-press.net\/cotedivoire\/dossiers\/rdc-cote-divoire-les-raisons-du-voyage-de-laurent-gbagbo-a-kinshasa-2#breadcrumb\",\"itemListElement\":[{\"@type\":\"ListItem\",\"position\":1,\"name\":\"Accueil\",\"item\":\"https:\/\/www.africa-press.net\/cotedivoire\/\"},{\"@type\":\"ListItem\",\"position\":2,\"name\":\"les raisons du voyage de Laurent Gbagbo \u00e0 Kinshasa\"}]},{\"@type\":\"WebSite\",\"@id\":\"https:\/\/www.africa-press.net\/cotedivoire\/#website\",\"url\":\"https:\/\/www.africa-press.net\/cotedivoire\/\",\"name\":\"C\u00f4te d&#039;Ivoire\",\"description\":\"Just another Africa News Agency Sites site\",\"potentialAction\":[{\"@type\":\"SearchAction\",\"target\":{\"@type\":\"EntryPoint\",\"urlTemplate\":\"https:\/\/www.africa-press.net\/cotedivoire\/?s={search_term_string}\"},\"query-input\":{\"@type\":\"PropertyValueSpecification\",\"valueRequired\":true,\"valueName\":\"search_term_string\"}}],\"inLanguage\":\"fr-FR\"},{\"@type\":\"Person\",\"@id\":\"https:\/\/www.africa-press.net\/cotedivoire\/#\/schema\/person\/2b1cf3cd81a31e3cd26889ca66d677f1\",\"name\":\"cfeditorfr\"}]}<\/script>\n<!-- \/ Yoast SEO Premium plugin. -->","yoast_head_json":{"title":"les raisons du voyage de Laurent Gbagbo \u00e0 Kinshasa - C\u00f4te d&#039;Ivoire","description":"Rentr\u00e9 en C\u00f4te d\u2019Ivoire le 17 juin, l\u2019ancien pr\u00e9sident a choisi la RDC pour son premier d\u00e9placement \u00e0 l\u2019\u00e9tranger. Voici ...","robots":{"index":"index","follow":"follow","max-snippet":"max-snippet:-1","max-image-preview":"max-image-preview:large","max-video-preview":"max-video-preview:-1"},"canonical":"https:\/\/www.africa-press.net\/cotedivoire\/dossiers\/rdc-cote-divoire-les-raisons-du-voyage-de-laurent-gbagbo-a-kinshasa-2","og_locale":"fr_FR","og_type":"article","og_title":"les raisons du voyage de Laurent Gbagbo \u00e0 Kinshasa","og_description":"Rentr\u00e9 en C\u00f4te d\u2019Ivoire le 17 juin, l\u2019ancien pr\u00e9sident a choisi la RDC pour son premier d\u00e9placement \u00e0 l\u2019\u00e9tranger. Voici ...","og_url":"https:\/\/www.africa-press.net\/cotedivoire\/dossiers\/rdc-cote-divoire-les-raisons-du-voyage-de-laurent-gbagbo-a-kinshasa-2","og_site_name":"C\u00f4te d&#039;Ivoire","article_published_time":"2021-07-03T16:23:29+00:00","article_modified_time":"2021-07-03T19:17:25+00:00","og_image":[{"width":720,"height":360,"url":"https:\/\/static.africa-press.net\/cote\/sites\/43\/2021\/07\/img-60e08dc84509b.jpg","type":"image\/jpeg"}],"author":"cfeditorfr","twitter_card":"summary_large_image","twitter_misc":{"\u00c9crit par":"cfeditorfr","Dur\u00e9e de lecture estim\u00e9e":"1 minute"},"schema":{"@context":"https:\/\/schema.org","@graph":[{"@type":"Article","@id":"https:\/\/www.africa-press.net\/cotedivoire\/dossiers\/rdc-cote-divoire-les-raisons-du-voyage-de-laurent-gbagbo-a-kinshasa-2#article","isPartOf":{"@id":"https:\/\/www.africa-press.net\/cotedivoire\/dossiers\/rdc-cote-divoire-les-raisons-du-voyage-de-laurent-gbagbo-a-kinshasa-2"},"author":{"name":"cfeditorfr","@id":"https:\/\/www.africa-press.net\/cotedivoire\/#\/schema\/person\/2b1cf3cd81a31e3cd26889ca66d677f1"},"headline":"les raisons du voyage de Laurent Gbagbo \u00e0 Kinshasa","datePublished":"2021-07-03T16:23:29+00:00","dateModified":"2021-07-03T19:17:25+00:00","mainEntityOfPage":{"@id":"https:\/\/www.africa-press.net\/cotedivoire\/dossiers\/rdc-cote-divoire-les-raisons-du-voyage-de-laurent-gbagbo-a-kinshasa-2"},"wordCount":101,"commentCount":0,"image":{"@id":"https:\/\/www.africa-press.net\/cotedivoire\/dossiers\/rdc-cote-divoire-les-raisons-du-voyage-de-laurent-gbagbo-a-kinshasa-2#primaryimage"},"thumbnailUrl":"https:\/\/static.africa-press.net\/cote\/sites\/43\/2021\/07\/img-60e08dc84509b.jpg","keywords":["Africa Press","Africa Press-C\u00f4te d'Ivoire","C\u00d4TE D'IVOIRE"],"articleSection":["Dossiers","homepage-french","Toutes les actualit\u00e9s"],"inLanguage":"fr-FR","potentialAction":[{"@type":"CommentAction","name":"Comment","target":["https:\/\/www.africa-press.net\/cotedivoire\/dossiers\/rdc-cote-divoire-les-raisons-du-voyage-de-laurent-gbagbo-a-kinshasa-2#respond"]}]},{"@type":"WebPage","@id":"https:\/\/www.africa-press.net\/cotedivoire\/dossiers\/rdc-cote-divoire-les-raisons-du-voyage-de-laurent-gbagbo-a-kinshasa-2","url":"https:\/\/www.africa-press.net\/cotedivoire\/dossiers\/rdc-cote-divoire-les-raisons-du-voyage-de-laurent-gbagbo-a-kinshasa-2","name":"les raisons du voyage de Laurent Gbagbo \u00e0 Kinshasa - C\u00f4te d&#039;Ivoire","isPartOf":{"@id":"https:\/\/www.africa-press.net\/cotedivoire\/#website"},"primaryImageOfPage":{"@id":"https:\/\/www.africa-press.net\/cotedivoire\/dossiers\/rdc-cote-divoire-les-raisons-du-voyage-de-laurent-gbagbo-a-kinshasa-2#primaryimage"},"image":{"@id":"https:\/\/www.africa-press.net\/cotedivoire\/dossiers\/rdc-cote-divoire-les-raisons-du-voyage-de-laurent-gbagbo-a-kinshasa-2#primaryimage"},"thumbnailUrl":"https:\/\/static.africa-press.net\/cote\/sites\/43\/2021\/07\/img-60e08dc84509b.jpg","datePublished":"2021-07-03T16:23:29+00:00","dateModified":"2021-07-03T19:17:25+00:00","author":{"@id":"https:\/\/www.africa-press.net\/cotedivoire\/#\/schema\/person\/2b1cf3cd81a31e3cd26889ca66d677f1"},"description":"Rentr\u00e9 en C\u00f4te d\u2019Ivoire le 17 juin, l\u2019ancien pr\u00e9sident a choisi la RDC pour son premier d\u00e9placement \u00e0 l\u2019\u00e9tranger. Voici ...","breadcrumb":{"@id":"https:\/\/www.africa-press.net\/cotedivoire\/dossiers\/rdc-cote-divoire-les-raisons-du-voyage-de-laurent-gbagbo-a-kinshasa-2#breadcrumb"},"inLanguage":"fr-FR","potentialAction":[{"@type":"ReadAction","target":["https:\/\/www.africa-press.net\/cotedivoire\/dossiers\/rdc-cote-divoire-les-raisons-du-voyage-de-laurent-gbagbo-a-kinshasa-2"]}]},{"@type":"ImageObject","inLanguage":"fr-FR","@id":"https:\/\/www.africa-press.net\/cotedivoire\/dossiers\/rdc-cote-divoire-les-raisons-du-voyage-de-laurent-gbagbo-a-kinshasa-2#primaryimage","url":"https:\/\/static.africa-press.net\/cote\/sites\/43\/2021\/07\/img-60e08dc84509b.jpg","contentUrl":"https:\/\/static.africa-press.net\/cote\/sites\/43\/2021\/07\/img-60e08dc84509b.jpg","width":720,"height":360,"caption":"RDC \u2013 C\u00f4te d\u2019Ivoire : les raisons du voyage de Laurent Gbagbo \u00e0 Kinshasa"},{"@type":"BreadcrumbList","@id":"https:\/\/www.africa-press.net\/cotedivoire\/dossiers\/rdc-cote-divoire-les-raisons-du-voyage-de-laurent-gbagbo-a-kinshasa-2#breadcrumb","itemListElement":[{"@type":"ListItem","position":1,"name":"Accueil","item":"https:\/\/www.africa-press.net\/cotedivoire\/"},{"@type":"ListItem","position":2,"name":"les raisons du voyage de Laurent Gbagbo \u00e0 Kinshasa"}]},{"@type":"WebSite","@id":"https:\/\/www.africa-press.net\/cotedivoire\/#website","url":"https:\/\/www.africa-press.net\/cotedivoire\/","name":"C\u00f4te d&#039;Ivoire","description":"Just another Africa News Agency Sites site","potentialAction":[{"@type":"SearchAction","target":{"@type":"EntryPoint","urlTemplate":"https:\/\/www.africa-press.net\/cotedivoire\/?s={search_term_string}"},"query-input":{"@type":"PropertyValueSpecification","valueRequired":true,"valueName":"search_term_string"}}],"inLanguage":"fr-FR"},{"@type":"Person","@id":"https:\/\/www.africa-press.net\/cotedivoire\/#\/schema\/person\/2b1cf3cd81a31e3cd26889ca66d677f1","name":"cfeditorfr"}]}},"_links":{"self":[{"href":"https:\/\/www.africa-press.net\/cotedivoire\/wp-json\/wp\/v2\/posts\/9665","targetHints":{"allow":["GET"]}}],"collection":[{"href":"https:\/\/www.africa-press.net\/cotedivoire\/wp-json\/wp\/v2\/posts"}],"about":[{"href":"https:\/\/www.africa-press.net\/cotedivoire\/wp-json\/wp\/v2\/types\/post"}],"author":[{"embeddable":true,"href":"https:\/\/www.africa-press.net\/cotedivoire\/wp-json\/wp\/v2\/users\/82"}],"replies":[{"embeddable":true,"href":"https:\/\/www.africa-press.net\/cotedivoire\/wp-json\/wp\/v2\/comments?post=9665"}],"version-history":[{"count":0,"href":"https:\/\/www.africa-press.net\/cotedivoire\/wp-json\/wp\/v2\/posts\/9665\/revisions"}],"wp:featuredmedia":[{"embeddable":true,"href":"https:\/\/www.africa-press.net\/cotedivoire\/wp-json\/wp\/v2\/media\/9664"}],"wp:attachment":[{"href":"https:\/\/www.africa-press.net\/cotedivoire\/wp-json\/wp\/v2\/media?parent=9665"}],"wp:term":[{"taxonomy":"category","embeddable":true,"href":"https:\/\/www.africa-press.net\/cotedivoire\/wp-json\/wp\/v2\/categories?post=9665"},{"taxonomy":"post_tag","embeddable":true,"href":"https:\/\/www.africa-press.net\/cotedivoire\/wp-json\/wp\/v2\/tags?post=9665"}],"curies":[{"name":"wp","href":"https:\/\/api.w.org\/{rel}","templated":true}]}}