{"id":9668,"date":"2021-07-03T16:27:32","date_gmt":"2021-07-03T16:27:32","guid":{"rendered":"https:\/\/www.africa-press.net\/cotedivoire\/?p=9668"},"modified":"2021-07-03T19:17:34","modified_gmt":"2021-07-03T19:17:34","slug":"cote-divoire-avec-le-groupe-francais-duval-leglise-catholique-se-met-a-limmobilier","status":"publish","type":"post","link":"https:\/\/www.africa-press.net\/cotedivoire\/dossiers\/cote-divoire-avec-le-groupe-francais-duval-leglise-catholique-se-met-a-limmobilier","title":{"rendered":"avec le groupe fran\u00e7ais Duval, l\u2019\u00c9glise catholique se met \u00e0 l\u2019immobilier"},"content":{"rendered":"<p><span style=\"color: #ff6600\"><strong><a href=\"https:\/\/www.africa-press.net\/\">Africa-Press<\/a> &#8211; <a href=\"https:\/\/www.africa-press.net\/cotedivoire\">C\u00f4te d&rsquo;Ivoire<\/a>. <\/strong><\/span>Accompagn\u00e9 par Proparco et Soci\u00e9t\u00e9 g\u00e9n\u00e9rale, le groupe fran\u00e7ais va r\u00e9aliser un complexe de 60 millions d\u2019euros pour le dioc\u00e8se d\u2019Abidjan. \u00c9ric Duval, le fondateur et pr\u00e9sident du groupe immobilier fran\u00e7ais du m\u00eame nom, a conclu le 30 juin dans la capitale \u00e9conomique ivoirienne un contrat avec le dioc\u00e8se d\u2019Abidjan pour la r\u00e9alisation d\u2019un complexe d\u2019une superficie de plus de 22 000 m\u00b2.<\/p>\n<p>Une transaction facilit\u00e9e par la foi catholique d\u2019\u00c9ric Duval, qui a plusieurs fois rencontr\u00e9 le pape Fran\u00e7ois. Par ailleurs, ce dernier l\u2019a nomm\u00e9 en 2015 ambassadeur d\u2019une fondation pontificale consacr\u00e9e \u00e0 l\u2019\u00e9ducation, \u00e0 savoir la Fondation Gravissimum educationis.<\/p>\n<p>Le complexe immobilier, pr\u00e9vu au c\u0153ur du Plateau, le quartier administratif et des affaires d\u2019Abidjan, sera compos\u00e9 d\u2019une r\u00e9sidence h\u00f4teli\u00e8re de la marque de location saisonni\u00e8re et de vacances Odalys (une filiale de Duval) comptant 130 chambres, d\u2019un supermarch\u00e9, de bureaux et de restaurants.<\/p>\n","protected":false},"excerpt":{"rendered":"<p>Africa-Press &#8211; C\u00f4te d&rsquo;Ivoire. Accompagn\u00e9 par Proparco et Soci\u00e9t\u00e9 g\u00e9n\u00e9rale, le groupe fran\u00e7ais va r\u00e9aliser un complexe de 60 millions d\u2019euros pour le dioc\u00e8se d\u2019Abidjan. \u00c9ric Duval, le fondateur et pr\u00e9sident du groupe immobilier fran\u00e7ais du m\u00eame nom, a conclu le 30 juin dans la capitale \u00e9conomique ivoirienne un contrat avec le dioc\u00e8se d\u2019Abidjan pour [&hellip;]<\/p>\n","protected":false},"author":82,"featured_media":9667,"comment_status":"open","ping_status":"closed","sticky":false,"template":"","format":"standard","meta":{"footnotes":""},"categories":[7,11,10],"tags":[56,63,29],"class_list":["post-9668","post","type-post","status-publish","format-standard","has-post-thumbnail","hentry","category-dossiers","category-homepage-french","category-toutes-les-actualites","tag-africa-press","tag-africa-press-cote-divoire","tag-cote-divoire"],"yoast_head":"<!-- This site is optimized with the Yoast SEO Premium plugin v26.1 (Yoast SEO v27.0) - https:\/\/yoast.com\/product\/yoast-seo-premium-wordpress\/ -->\n<title>avec le groupe fran\u00e7ais Duval, l\u2019\u00c9glise catholique se met \u00e0 l\u2019immobilier - C\u00f4te d&#039;Ivoire<\/title>\n<meta name=\"description\" content=\"Accompagn\u00e9 par Proparco et Soci\u00e9t\u00e9 g\u00e9n\u00e9rale, le groupe fran\u00e7ais va r\u00e9aliser un complexe de 60 millions d\u2019euros pour le d ...\" \/>\n<meta name=\"robots\" content=\"index, follow, max-snippet:-1, max-image-preview:large, max-video-preview:-1\" \/>\n<link rel=\"canonical\" href=\"https:\/\/www.africa-press.net\/cotedivoire\/dossiers\/cote-divoire-avec-le-groupe-francais-duval-leglise-catholique-se-met-a-limmobilier\" \/>\n<meta property=\"og:locale\" content=\"fr_FR\" \/>\n<meta property=\"og:type\" content=\"article\" \/>\n<meta property=\"og:title\" content=\"avec le groupe fran\u00e7ais Duval, l\u2019\u00c9glise catholique se met \u00e0 l\u2019immobilier\" \/>\n<meta property=\"og:description\" content=\"Accompagn\u00e9 par Proparco et Soci\u00e9t\u00e9 g\u00e9n\u00e9rale, le groupe fran\u00e7ais va r\u00e9aliser un complexe de 60 millions d\u2019euros pour le d ...\" \/>\n<meta property=\"og:url\" content=\"https:\/\/www.africa-press.net\/cotedivoire\/dossiers\/cote-divoire-avec-le-groupe-francais-duval-leglise-catholique-se-met-a-limmobilier\" \/>\n<meta property=\"og:site_name\" content=\"C\u00f4te d&#039;Ivoire\" \/>\n<meta property=\"article:published_time\" content=\"2021-07-03T16:27:32+00:00\" \/>\n<meta property=\"article:modified_time\" content=\"2021-07-03T19:17:34+00:00\" \/>\n<meta property=\"og:image\" content=\"https:\/\/static.africa-press.net\/cote\/sites\/43\/2021\/07\/img-60e08e073c43a.jpg\" \/>\n\t<meta property=\"og:image:width\" content=\"720\" \/>\n\t<meta property=\"og:image:height\" content=\"360\" \/>\n\t<meta property=\"og:image:type\" content=\"image\/jpeg\" \/>\n<meta name=\"author\" content=\"cfeditorfr\" \/>\n<meta name=\"twitter:card\" content=\"summary_large_image\" \/>\n<meta name=\"twitter:label1\" content=\"\u00c9crit par\" \/>\n\t<meta name=\"twitter:data1\" content=\"cfeditorfr\" \/>\n\t<meta name=\"twitter:label2\" content=\"Dur\u00e9e de lecture estim\u00e9e\" \/>\n\t<meta name=\"twitter:data2\" content=\"1 minute\" \/>\n<script type=\"application\/ld+json\" class=\"yoast-schema-graph\">{\"@context\":\"https:\/\/schema.org\",\"@graph\":[{\"@type\":\"Article\",\"@id\":\"https:\/\/www.africa-press.net\/cotedivoire\/dossiers\/cote-divoire-avec-le-groupe-francais-duval-leglise-catholique-se-met-a-limmobilier#article\",\"isPartOf\":{\"@id\":\"https:\/\/www.africa-press.net\/cotedivoire\/dossiers\/cote-divoire-avec-le-groupe-francais-duval-leglise-catholique-se-met-a-limmobilier\"},\"author\":{\"name\":\"cfeditorfr\",\"@id\":\"https:\/\/www.africa-press.net\/cotedivoire\/#\/schema\/person\/2b1cf3cd81a31e3cd26889ca66d677f1\"},\"headline\":\"avec le groupe fran\u00e7ais Duval, l\u2019\u00c9glise catholique se met \u00e0 l\u2019immobilier\",\"datePublished\":\"2021-07-03T16:27:32+00:00\",\"dateModified\":\"2021-07-03T19:17:34+00:00\",\"mainEntityOfPage\":{\"@id\":\"https:\/\/www.africa-press.net\/cotedivoire\/dossiers\/cote-divoire-avec-le-groupe-francais-duval-leglise-catholique-se-met-a-limmobilier\"},\"wordCount\":188,\"commentCount\":0,\"image\":{\"@id\":\"https:\/\/www.africa-press.net\/cotedivoire\/dossiers\/cote-divoire-avec-le-groupe-francais-duval-leglise-catholique-se-met-a-limmobilier#primaryimage\"},\"thumbnailUrl\":\"https:\/\/static.africa-press.net\/cote\/sites\/43\/2021\/07\/img-60e08e073c43a.jpg\",\"keywords\":[\"Africa Press\",\"Africa Press-C\u00f4te d'Ivoire\",\"C\u00d4TE D'IVOIRE\"],\"articleSection\":[\"Dossiers\",\"homepage-french\",\"Toutes les actualit\u00e9s\"],\"inLanguage\":\"fr-FR\",\"potentialAction\":[{\"@type\":\"CommentAction\",\"name\":\"Comment\",\"target\":[\"https:\/\/www.africa-press.net\/cotedivoire\/dossiers\/cote-divoire-avec-le-groupe-francais-duval-leglise-catholique-se-met-a-limmobilier#respond\"]}]},{\"@type\":\"WebPage\",\"@id\":\"https:\/\/www.africa-press.net\/cotedivoire\/dossiers\/cote-divoire-avec-le-groupe-francais-duval-leglise-catholique-se-met-a-limmobilier\",\"url\":\"https:\/\/www.africa-press.net\/cotedivoire\/dossiers\/cote-divoire-avec-le-groupe-francais-duval-leglise-catholique-se-met-a-limmobilier\",\"name\":\"avec le groupe fran\u00e7ais Duval, l\u2019\u00c9glise catholique se met \u00e0 l\u2019immobilier - C\u00f4te d&#039;Ivoire\",\"isPartOf\":{\"@id\":\"https:\/\/www.africa-press.net\/cotedivoire\/#website\"},\"primaryImageOfPage\":{\"@id\":\"https:\/\/www.africa-press.net\/cotedivoire\/dossiers\/cote-divoire-avec-le-groupe-francais-duval-leglise-catholique-se-met-a-limmobilier#primaryimage\"},\"image\":{\"@id\":\"https:\/\/www.africa-press.net\/cotedivoire\/dossiers\/cote-divoire-avec-le-groupe-francais-duval-leglise-catholique-se-met-a-limmobilier#primaryimage\"},\"thumbnailUrl\":\"https:\/\/static.africa-press.net\/cote\/sites\/43\/2021\/07\/img-60e08e073c43a.jpg\",\"datePublished\":\"2021-07-03T16:27:32+00:00\",\"dateModified\":\"2021-07-03T19:17:34+00:00\",\"author\":{\"@id\":\"https:\/\/www.africa-press.net\/cotedivoire\/#\/schema\/person\/2b1cf3cd81a31e3cd26889ca66d677f1\"},\"description\":\"Accompagn\u00e9 par Proparco et Soci\u00e9t\u00e9 g\u00e9n\u00e9rale, le groupe fran\u00e7ais va r\u00e9aliser un complexe de 60 millions d\u2019euros pour le d ...\",\"breadcrumb\":{\"@id\":\"https:\/\/www.africa-press.net\/cotedivoire\/dossiers\/cote-divoire-avec-le-groupe-francais-duval-leglise-catholique-se-met-a-limmobilier#breadcrumb\"},\"inLanguage\":\"fr-FR\",\"potentialAction\":[{\"@type\":\"ReadAction\",\"target\":[\"https:\/\/www.africa-press.net\/cotedivoire\/dossiers\/cote-divoire-avec-le-groupe-francais-duval-leglise-catholique-se-met-a-limmobilier\"]}]},{\"@type\":\"ImageObject\",\"inLanguage\":\"fr-FR\",\"@id\":\"https:\/\/www.africa-press.net\/cotedivoire\/dossiers\/cote-divoire-avec-le-groupe-francais-duval-leglise-catholique-se-met-a-limmobilier#primaryimage\",\"url\":\"https:\/\/static.africa-press.net\/cote\/sites\/43\/2021\/07\/img-60e08e073c43a.jpg\",\"contentUrl\":\"https:\/\/static.africa-press.net\/cote\/sites\/43\/2021\/07\/img-60e08e073c43a.jpg\",\"width\":720,\"height\":360,\"caption\":\"C\u00f4te d\u2019Ivoire : avec le groupe fran\u00e7ais Duval, l\u2019\u00c9glise catholique se met \u00e0 l\u2019immobilier\"},{\"@type\":\"BreadcrumbList\",\"@id\":\"https:\/\/www.africa-press.net\/cotedivoire\/dossiers\/cote-divoire-avec-le-groupe-francais-duval-leglise-catholique-se-met-a-limmobilier#breadcrumb\",\"itemListElement\":[{\"@type\":\"ListItem\",\"position\":1,\"name\":\"Accueil\",\"item\":\"https:\/\/www.africa-press.net\/cotedivoire\/\"},{\"@type\":\"ListItem\",\"position\":2,\"name\":\"avec le groupe fran\u00e7ais Duval, l\u2019\u00c9glise catholique se met \u00e0 l\u2019immobilier\"}]},{\"@type\":\"WebSite\",\"@id\":\"https:\/\/www.africa-press.net\/cotedivoire\/#website\",\"url\":\"https:\/\/www.africa-press.net\/cotedivoire\/\",\"name\":\"C\u00f4te d&#039;Ivoire\",\"description\":\"Just another Africa News Agency Sites site\",\"potentialAction\":[{\"@type\":\"SearchAction\",\"target\":{\"@type\":\"EntryPoint\",\"urlTemplate\":\"https:\/\/www.africa-press.net\/cotedivoire\/?s={search_term_string}\"},\"query-input\":{\"@type\":\"PropertyValueSpecification\",\"valueRequired\":true,\"valueName\":\"search_term_string\"}}],\"inLanguage\":\"fr-FR\"},{\"@type\":\"Person\",\"@id\":\"https:\/\/www.africa-press.net\/cotedivoire\/#\/schema\/person\/2b1cf3cd81a31e3cd26889ca66d677f1\",\"name\":\"cfeditorfr\"}]}<\/script>\n<!-- \/ Yoast SEO Premium plugin. -->","yoast_head_json":{"title":"avec le groupe fran\u00e7ais Duval, l\u2019\u00c9glise catholique se met \u00e0 l\u2019immobilier - C\u00f4te d&#039;Ivoire","description":"Accompagn\u00e9 par Proparco et Soci\u00e9t\u00e9 g\u00e9n\u00e9rale, le groupe fran\u00e7ais va r\u00e9aliser un complexe de 60 millions d\u2019euros pour le d ...","robots":{"index":"index","follow":"follow","max-snippet":"max-snippet:-1","max-image-preview":"max-image-preview:large","max-video-preview":"max-video-preview:-1"},"canonical":"https:\/\/www.africa-press.net\/cotedivoire\/dossiers\/cote-divoire-avec-le-groupe-francais-duval-leglise-catholique-se-met-a-limmobilier","og_locale":"fr_FR","og_type":"article","og_title":"avec le groupe fran\u00e7ais Duval, l\u2019\u00c9glise catholique se met \u00e0 l\u2019immobilier","og_description":"Accompagn\u00e9 par Proparco et Soci\u00e9t\u00e9 g\u00e9n\u00e9rale, le groupe fran\u00e7ais va r\u00e9aliser un complexe de 60 millions d\u2019euros pour le d ...","og_url":"https:\/\/www.africa-press.net\/cotedivoire\/dossiers\/cote-divoire-avec-le-groupe-francais-duval-leglise-catholique-se-met-a-limmobilier","og_site_name":"C\u00f4te d&#039;Ivoire","article_published_time":"2021-07-03T16:27:32+00:00","article_modified_time":"2021-07-03T19:17:34+00:00","og_image":[{"width":720,"height":360,"url":"https:\/\/static.africa-press.net\/cote\/sites\/43\/2021\/07\/img-60e08e073c43a.jpg","type":"image\/jpeg"}],"author":"cfeditorfr","twitter_card":"summary_large_image","twitter_misc":{"\u00c9crit par":"cfeditorfr","Dur\u00e9e de lecture estim\u00e9e":"1 minute"},"schema":{"@context":"https:\/\/schema.org","@graph":[{"@type":"Article","@id":"https:\/\/www.africa-press.net\/cotedivoire\/dossiers\/cote-divoire-avec-le-groupe-francais-duval-leglise-catholique-se-met-a-limmobilier#article","isPartOf":{"@id":"https:\/\/www.africa-press.net\/cotedivoire\/dossiers\/cote-divoire-avec-le-groupe-francais-duval-leglise-catholique-se-met-a-limmobilier"},"author":{"name":"cfeditorfr","@id":"https:\/\/www.africa-press.net\/cotedivoire\/#\/schema\/person\/2b1cf3cd81a31e3cd26889ca66d677f1"},"headline":"avec le groupe fran\u00e7ais Duval, l\u2019\u00c9glise catholique se met \u00e0 l\u2019immobilier","datePublished":"2021-07-03T16:27:32+00:00","dateModified":"2021-07-03T19:17:34+00:00","mainEntityOfPage":{"@id":"https:\/\/www.africa-press.net\/cotedivoire\/dossiers\/cote-divoire-avec-le-groupe-francais-duval-leglise-catholique-se-met-a-limmobilier"},"wordCount":188,"commentCount":0,"image":{"@id":"https:\/\/www.africa-press.net\/cotedivoire\/dossiers\/cote-divoire-avec-le-groupe-francais-duval-leglise-catholique-se-met-a-limmobilier#primaryimage"},"thumbnailUrl":"https:\/\/static.africa-press.net\/cote\/sites\/43\/2021\/07\/img-60e08e073c43a.jpg","keywords":["Africa Press","Africa Press-C\u00f4te d'Ivoire","C\u00d4TE D'IVOIRE"],"articleSection":["Dossiers","homepage-french","Toutes les actualit\u00e9s"],"inLanguage":"fr-FR","potentialAction":[{"@type":"CommentAction","name":"Comment","target":["https:\/\/www.africa-press.net\/cotedivoire\/dossiers\/cote-divoire-avec-le-groupe-francais-duval-leglise-catholique-se-met-a-limmobilier#respond"]}]},{"@type":"WebPage","@id":"https:\/\/www.africa-press.net\/cotedivoire\/dossiers\/cote-divoire-avec-le-groupe-francais-duval-leglise-catholique-se-met-a-limmobilier","url":"https:\/\/www.africa-press.net\/cotedivoire\/dossiers\/cote-divoire-avec-le-groupe-francais-duval-leglise-catholique-se-met-a-limmobilier","name":"avec le groupe fran\u00e7ais Duval, l\u2019\u00c9glise catholique se met \u00e0 l\u2019immobilier - C\u00f4te d&#039;Ivoire","isPartOf":{"@id":"https:\/\/www.africa-press.net\/cotedivoire\/#website"},"primaryImageOfPage":{"@id":"https:\/\/www.africa-press.net\/cotedivoire\/dossiers\/cote-divoire-avec-le-groupe-francais-duval-leglise-catholique-se-met-a-limmobilier#primaryimage"},"image":{"@id":"https:\/\/www.africa-press.net\/cotedivoire\/dossiers\/cote-divoire-avec-le-groupe-francais-duval-leglise-catholique-se-met-a-limmobilier#primaryimage"},"thumbnailUrl":"https:\/\/static.africa-press.net\/cote\/sites\/43\/2021\/07\/img-60e08e073c43a.jpg","datePublished":"2021-07-03T16:27:32+00:00","dateModified":"2021-07-03T19:17:34+00:00","author":{"@id":"https:\/\/www.africa-press.net\/cotedivoire\/#\/schema\/person\/2b1cf3cd81a31e3cd26889ca66d677f1"},"description":"Accompagn\u00e9 par Proparco et Soci\u00e9t\u00e9 g\u00e9n\u00e9rale, le groupe fran\u00e7ais va r\u00e9aliser un complexe de 60 millions d\u2019euros pour le d ...","breadcrumb":{"@id":"https:\/\/www.africa-press.net\/cotedivoire\/dossiers\/cote-divoire-avec-le-groupe-francais-duval-leglise-catholique-se-met-a-limmobilier#breadcrumb"},"inLanguage":"fr-FR","potentialAction":[{"@type":"ReadAction","target":["https:\/\/www.africa-press.net\/cotedivoire\/dossiers\/cote-divoire-avec-le-groupe-francais-duval-leglise-catholique-se-met-a-limmobilier"]}]},{"@type":"ImageObject","inLanguage":"fr-FR","@id":"https:\/\/www.africa-press.net\/cotedivoire\/dossiers\/cote-divoire-avec-le-groupe-francais-duval-leglise-catholique-se-met-a-limmobilier#primaryimage","url":"https:\/\/static.africa-press.net\/cote\/sites\/43\/2021\/07\/img-60e08e073c43a.jpg","contentUrl":"https:\/\/static.africa-press.net\/cote\/sites\/43\/2021\/07\/img-60e08e073c43a.jpg","width":720,"height":360,"caption":"C\u00f4te d\u2019Ivoire : avec le groupe fran\u00e7ais Duval, l\u2019\u00c9glise catholique se met \u00e0 l\u2019immobilier"},{"@type":"BreadcrumbList","@id":"https:\/\/www.africa-press.net\/cotedivoire\/dossiers\/cote-divoire-avec-le-groupe-francais-duval-leglise-catholique-se-met-a-limmobilier#breadcrumb","itemListElement":[{"@type":"ListItem","position":1,"name":"Accueil","item":"https:\/\/www.africa-press.net\/cotedivoire\/"},{"@type":"ListItem","position":2,"name":"avec le groupe fran\u00e7ais Duval, l\u2019\u00c9glise catholique se met \u00e0 l\u2019immobilier"}]},{"@type":"WebSite","@id":"https:\/\/www.africa-press.net\/cotedivoire\/#website","url":"https:\/\/www.africa-press.net\/cotedivoire\/","name":"C\u00f4te d&#039;Ivoire","description":"Just another Africa News Agency Sites site","potentialAction":[{"@type":"SearchAction","target":{"@type":"EntryPoint","urlTemplate":"https:\/\/www.africa-press.net\/cotedivoire\/?s={search_term_string}"},"query-input":{"@type":"PropertyValueSpecification","valueRequired":true,"valueName":"search_term_string"}}],"inLanguage":"fr-FR"},{"@type":"Person","@id":"https:\/\/www.africa-press.net\/cotedivoire\/#\/schema\/person\/2b1cf3cd81a31e3cd26889ca66d677f1","name":"cfeditorfr"}]}},"_links":{"self":[{"href":"https:\/\/www.africa-press.net\/cotedivoire\/wp-json\/wp\/v2\/posts\/9668","targetHints":{"allow":["GET"]}}],"collection":[{"href":"https:\/\/www.africa-press.net\/cotedivoire\/wp-json\/wp\/v2\/posts"}],"about":[{"href":"https:\/\/www.africa-press.net\/cotedivoire\/wp-json\/wp\/v2\/types\/post"}],"author":[{"embeddable":true,"href":"https:\/\/www.africa-press.net\/cotedivoire\/wp-json\/wp\/v2\/users\/82"}],"replies":[{"embeddable":true,"href":"https:\/\/www.africa-press.net\/cotedivoire\/wp-json\/wp\/v2\/comments?post=9668"}],"version-history":[{"count":0,"href":"https:\/\/www.africa-press.net\/cotedivoire\/wp-json\/wp\/v2\/posts\/9668\/revisions"}],"wp:featuredmedia":[{"embeddable":true,"href":"https:\/\/www.africa-press.net\/cotedivoire\/wp-json\/wp\/v2\/media\/9667"}],"wp:attachment":[{"href":"https:\/\/www.africa-press.net\/cotedivoire\/wp-json\/wp\/v2\/media?parent=9668"}],"wp:term":[{"taxonomy":"category","embeddable":true,"href":"https:\/\/www.africa-press.net\/cotedivoire\/wp-json\/wp\/v2\/categories?post=9668"},{"taxonomy":"post_tag","embeddable":true,"href":"https:\/\/www.africa-press.net\/cotedivoire\/wp-json\/wp\/v2\/tags?post=9668"}],"curies":[{"name":"wp","href":"https:\/\/api.w.org\/{rel}","templated":true}]}}