{"id":9674,"date":"2021-07-03T16:43:49","date_gmt":"2021-07-03T16:43:49","guid":{"rendered":"https:\/\/www.africa-press.net\/cotedivoire\/?p=9674"},"modified":"2021-07-03T19:18:02","modified_gmt":"2021-07-03T19:18:02","slug":"retrouvailles-fraternelles-cote-divoire-gbagbo-76-ans-chez-bedie-87-ans-le-10-juillet","status":"publish","type":"post","link":"https:\/\/www.africa-press.net\/cotedivoire\/politique\/retrouvailles-fraternelles-cote-divoire-gbagbo-76-ans-chez-bedie-87-ans-le-10-juillet","title":{"rendered":"\u00ab\u00a0Retrouvailles fraternelles\u00a0\u00bb C\u00f4te-d\u2019Ivoire: Gbagbo (76 ans) chez B\u00e9di\u00e9 (87 ans) le 10 juillet"},"content":{"rendered":"<p><span style=\"color: #ff6600\"><strong><a href=\"https:\/\/www.africa-press.net\/\">Africa-Press<\/a> &#8211; <a href=\"https:\/\/www.africa-press.net\/cotedivoire\">C\u00f4te d&rsquo;Ivoire<\/a>. <\/strong><\/span>Selon le PDCI-RDA, les deux anciens pr\u00e9sidents de la C\u00f4te-d\u2019Ivoire, Henri Konan B\u00e9di\u00e9 et Laurent Gbagbo auront leur premi\u00e8re rencontre depuis le retour du plus jeune de la Haye, le 10 juillet prochain.<\/p>\n<p>Ces \u00ab retrouvailles fraternelles \u00bb selon le PDCI, auront lieu \u00e0 Daoukro dans le village de B\u00e9di\u00e9.<\/p>\n<p>Laurent Gbagbo s\u2019est envol\u00e9 hier pour Kinshasa au Congo RDR dans le cadre d\u2019une visite priv\u00e9e. Il sera de retour 8 juillet en C\u00f4te-d\u2019Ivoire.<\/p>\n<p>Autrefois alli\u00e9 de Ouattara quand Gbagbo se faisait arr\u00eater et emprisonner \u00e0 Korhogo puis \u00e0 La Haye, B\u00e9di\u00e9 depuis sa rupture d\u2019avec l\u2019actuel pr\u00e9sident, conclu une alliance avec le parti de Laurent Gbagbo, le FPI.<\/p>\n<p>&nbsp;<\/p>\n","protected":false},"excerpt":{"rendered":"<p>Africa-Press &#8211; C\u00f4te d&rsquo;Ivoire. Selon le PDCI-RDA, les deux anciens pr\u00e9sidents de la C\u00f4te-d\u2019Ivoire, Henri Konan B\u00e9di\u00e9 et Laurent Gbagbo auront leur premi\u00e8re rencontre depuis le retour du plus jeune de la Haye, le 10 juillet prochain. Ces \u00ab retrouvailles fraternelles \u00bb selon le PDCI, auront lieu \u00e0 Daoukro dans le village de B\u00e9di\u00e9. Laurent [&hellip;]<\/p>\n","protected":false},"author":82,"featured_media":9673,"comment_status":"open","ping_status":"closed","sticky":false,"template":"","format":"standard","meta":{"footnotes":""},"categories":[11,2,20,10],"tags":[56,63,29],"class_list":["post-9674","post","type-post","status-publish","format-standard","has-post-thumbnail","hentry","category-homepage-french","category-politique","category-top-nouvelles","category-toutes-les-actualites","tag-africa-press","tag-africa-press-cote-divoire","tag-cote-divoire"],"yoast_head":"<!-- This site is optimized with the Yoast SEO Premium plugin v26.1 (Yoast SEO v27.0) - https:\/\/yoast.com\/product\/yoast-seo-premium-wordpress\/ -->\n<title>\u00ab\u00a0Retrouvailles fraternelles\u00a0\u00bb C\u00f4te-d\u2019Ivoire: Gbagbo (76 ans) chez B\u00e9di\u00e9 (87 ans) le 10 juillet - C\u00f4te d&#039;Ivoire<\/title>\n<meta name=\"description\" content=\"Selon le PDCI-RDA, les deux anciens pr\u00e9sidents de la C\u00f4te-d\u2019Ivoire, Henri Konan B\u00e9di\u00e9 et Laurent Gbagbo auront leur prem ...\" \/>\n<meta name=\"robots\" content=\"index, follow, max-snippet:-1, max-image-preview:large, max-video-preview:-1\" \/>\n<link rel=\"canonical\" href=\"https:\/\/www.africa-press.net\/cotedivoire\/politique\/retrouvailles-fraternelles-cote-divoire-gbagbo-76-ans-chez-bedie-87-ans-le-10-juillet\" \/>\n<meta property=\"og:locale\" content=\"fr_FR\" \/>\n<meta property=\"og:type\" content=\"article\" \/>\n<meta property=\"og:title\" content=\"\u00ab\u00a0Retrouvailles fraternelles\u00a0\u00bb C\u00f4te-d\u2019Ivoire: Gbagbo (76 ans) chez B\u00e9di\u00e9 (87 ans) le 10 juillet\" \/>\n<meta property=\"og:description\" content=\"Selon le PDCI-RDA, les deux anciens pr\u00e9sidents de la C\u00f4te-d\u2019Ivoire, Henri Konan B\u00e9di\u00e9 et Laurent Gbagbo auront leur prem ...\" \/>\n<meta property=\"og:url\" content=\"https:\/\/www.africa-press.net\/cotedivoire\/politique\/retrouvailles-fraternelles-cote-divoire-gbagbo-76-ans-chez-bedie-87-ans-le-10-juillet\" \/>\n<meta property=\"og:site_name\" content=\"C\u00f4te d&#039;Ivoire\" \/>\n<meta property=\"article:published_time\" content=\"2021-07-03T16:43:49+00:00\" \/>\n<meta property=\"article:modified_time\" content=\"2021-07-03T19:18:02+00:00\" \/>\n<meta property=\"og:image\" content=\"https:\/\/static.africa-press.net\/cote\/sites\/43\/2021\/07\/img-60e08e51c8d3a.jpg\" \/>\n\t<meta property=\"og:image:width\" content=\"720\" \/>\n\t<meta property=\"og:image:height\" content=\"360\" \/>\n\t<meta property=\"og:image:type\" content=\"image\/jpeg\" \/>\n<meta name=\"author\" content=\"cfeditorfr\" \/>\n<meta name=\"twitter:card\" content=\"summary_large_image\" \/>\n<meta name=\"twitter:label1\" content=\"\u00c9crit par\" \/>\n\t<meta name=\"twitter:data1\" content=\"cfeditorfr\" \/>\n\t<meta name=\"twitter:label2\" content=\"Dur\u00e9e de lecture estim\u00e9e\" \/>\n\t<meta name=\"twitter:data2\" content=\"1 minute\" \/>\n<script type=\"application\/ld+json\" class=\"yoast-schema-graph\">{\"@context\":\"https:\/\/schema.org\",\"@graph\":[{\"@type\":\"Article\",\"@id\":\"https:\/\/www.africa-press.net\/cotedivoire\/politique\/retrouvailles-fraternelles-cote-divoire-gbagbo-76-ans-chez-bedie-87-ans-le-10-juillet#article\",\"isPartOf\":{\"@id\":\"https:\/\/www.africa-press.net\/cotedivoire\/politique\/retrouvailles-fraternelles-cote-divoire-gbagbo-76-ans-chez-bedie-87-ans-le-10-juillet\"},\"author\":{\"name\":\"cfeditorfr\",\"@id\":\"https:\/\/www.africa-press.net\/cotedivoire\/#\/schema\/person\/2b1cf3cd81a31e3cd26889ca66d677f1\"},\"headline\":\"\u00ab\u00a0Retrouvailles fraternelles\u00a0\u00bb C\u00f4te-d\u2019Ivoire: Gbagbo (76 ans) chez B\u00e9di\u00e9 (87 ans) le 10 juillet\",\"datePublished\":\"2021-07-03T16:43:49+00:00\",\"dateModified\":\"2021-07-03T19:18:02+00:00\",\"mainEntityOfPage\":{\"@id\":\"https:\/\/www.africa-press.net\/cotedivoire\/politique\/retrouvailles-fraternelles-cote-divoire-gbagbo-76-ans-chez-bedie-87-ans-le-10-juillet\"},\"wordCount\":138,\"commentCount\":0,\"image\":{\"@id\":\"https:\/\/www.africa-press.net\/cotedivoire\/politique\/retrouvailles-fraternelles-cote-divoire-gbagbo-76-ans-chez-bedie-87-ans-le-10-juillet#primaryimage\"},\"thumbnailUrl\":\"https:\/\/static.africa-press.net\/cote\/sites\/43\/2021\/07\/img-60e08e51c8d3a.jpg\",\"keywords\":[\"Africa Press\",\"Africa Press-C\u00f4te d'Ivoire\",\"C\u00d4TE D'IVOIRE\"],\"articleSection\":[\"homepage-french\",\"Politique\",\"Top Nouvelles\",\"Toutes les actualit\u00e9s\"],\"inLanguage\":\"fr-FR\",\"potentialAction\":[{\"@type\":\"CommentAction\",\"name\":\"Comment\",\"target\":[\"https:\/\/www.africa-press.net\/cotedivoire\/politique\/retrouvailles-fraternelles-cote-divoire-gbagbo-76-ans-chez-bedie-87-ans-le-10-juillet#respond\"]}]},{\"@type\":\"WebPage\",\"@id\":\"https:\/\/www.africa-press.net\/cotedivoire\/politique\/retrouvailles-fraternelles-cote-divoire-gbagbo-76-ans-chez-bedie-87-ans-le-10-juillet\",\"url\":\"https:\/\/www.africa-press.net\/cotedivoire\/politique\/retrouvailles-fraternelles-cote-divoire-gbagbo-76-ans-chez-bedie-87-ans-le-10-juillet\",\"name\":\"\u00ab\u00a0Retrouvailles fraternelles\u00a0\u00bb C\u00f4te-d\u2019Ivoire: Gbagbo (76 ans) chez B\u00e9di\u00e9 (87 ans) le 10 juillet - C\u00f4te d&#039;Ivoire\",\"isPartOf\":{\"@id\":\"https:\/\/www.africa-press.net\/cotedivoire\/#website\"},\"primaryImageOfPage\":{\"@id\":\"https:\/\/www.africa-press.net\/cotedivoire\/politique\/retrouvailles-fraternelles-cote-divoire-gbagbo-76-ans-chez-bedie-87-ans-le-10-juillet#primaryimage\"},\"image\":{\"@id\":\"https:\/\/www.africa-press.net\/cotedivoire\/politique\/retrouvailles-fraternelles-cote-divoire-gbagbo-76-ans-chez-bedie-87-ans-le-10-juillet#primaryimage\"},\"thumbnailUrl\":\"https:\/\/static.africa-press.net\/cote\/sites\/43\/2021\/07\/img-60e08e51c8d3a.jpg\",\"datePublished\":\"2021-07-03T16:43:49+00:00\",\"dateModified\":\"2021-07-03T19:18:02+00:00\",\"author\":{\"@id\":\"https:\/\/www.africa-press.net\/cotedivoire\/#\/schema\/person\/2b1cf3cd81a31e3cd26889ca66d677f1\"},\"description\":\"Selon le PDCI-RDA, les deux anciens pr\u00e9sidents de la C\u00f4te-d\u2019Ivoire, Henri Konan B\u00e9di\u00e9 et Laurent Gbagbo auront leur prem ...\",\"breadcrumb\":{\"@id\":\"https:\/\/www.africa-press.net\/cotedivoire\/politique\/retrouvailles-fraternelles-cote-divoire-gbagbo-76-ans-chez-bedie-87-ans-le-10-juillet#breadcrumb\"},\"inLanguage\":\"fr-FR\",\"potentialAction\":[{\"@type\":\"ReadAction\",\"target\":[\"https:\/\/www.africa-press.net\/cotedivoire\/politique\/retrouvailles-fraternelles-cote-divoire-gbagbo-76-ans-chez-bedie-87-ans-le-10-juillet\"]}]},{\"@type\":\"ImageObject\",\"inLanguage\":\"fr-FR\",\"@id\":\"https:\/\/www.africa-press.net\/cotedivoire\/politique\/retrouvailles-fraternelles-cote-divoire-gbagbo-76-ans-chez-bedie-87-ans-le-10-juillet#primaryimage\",\"url\":\"https:\/\/static.africa-press.net\/cote\/sites\/43\/2021\/07\/img-60e08e51c8d3a.jpg\",\"contentUrl\":\"https:\/\/static.africa-press.net\/cote\/sites\/43\/2021\/07\/img-60e08e51c8d3a.jpg\",\"width\":720,\"height\":360,\"caption\":\"\u00ab\u00a0Retrouvailles fraternelles\u00a0\u00bb C\u00f4te-d\u2019Ivoire: Gbagbo (76 ans) chez B\u00e9di\u00e9 (87 ans) le 10 juillet\"},{\"@type\":\"BreadcrumbList\",\"@id\":\"https:\/\/www.africa-press.net\/cotedivoire\/politique\/retrouvailles-fraternelles-cote-divoire-gbagbo-76-ans-chez-bedie-87-ans-le-10-juillet#breadcrumb\",\"itemListElement\":[{\"@type\":\"ListItem\",\"position\":1,\"name\":\"Accueil\",\"item\":\"https:\/\/www.africa-press.net\/cotedivoire\/\"},{\"@type\":\"ListItem\",\"position\":2,\"name\":\"\u00ab\u00a0Retrouvailles fraternelles\u00a0\u00bb C\u00f4te-d\u2019Ivoire: Gbagbo (76 ans) chez B\u00e9di\u00e9 (87 ans) le 10 juillet\"}]},{\"@type\":\"WebSite\",\"@id\":\"https:\/\/www.africa-press.net\/cotedivoire\/#website\",\"url\":\"https:\/\/www.africa-press.net\/cotedivoire\/\",\"name\":\"C\u00f4te d&#039;Ivoire\",\"description\":\"Just another Africa News Agency Sites site\",\"potentialAction\":[{\"@type\":\"SearchAction\",\"target\":{\"@type\":\"EntryPoint\",\"urlTemplate\":\"https:\/\/www.africa-press.net\/cotedivoire\/?s={search_term_string}\"},\"query-input\":{\"@type\":\"PropertyValueSpecification\",\"valueRequired\":true,\"valueName\":\"search_term_string\"}}],\"inLanguage\":\"fr-FR\"},{\"@type\":\"Person\",\"@id\":\"https:\/\/www.africa-press.net\/cotedivoire\/#\/schema\/person\/2b1cf3cd81a31e3cd26889ca66d677f1\",\"name\":\"cfeditorfr\"}]}<\/script>\n<!-- \/ Yoast SEO Premium plugin. -->","yoast_head_json":{"title":"\u00ab\u00a0Retrouvailles fraternelles\u00a0\u00bb C\u00f4te-d\u2019Ivoire: Gbagbo (76 ans) chez B\u00e9di\u00e9 (87 ans) le 10 juillet - C\u00f4te d&#039;Ivoire","description":"Selon le PDCI-RDA, les deux anciens pr\u00e9sidents de la C\u00f4te-d\u2019Ivoire, Henri Konan B\u00e9di\u00e9 et Laurent Gbagbo auront leur prem ...","robots":{"index":"index","follow":"follow","max-snippet":"max-snippet:-1","max-image-preview":"max-image-preview:large","max-video-preview":"max-video-preview:-1"},"canonical":"https:\/\/www.africa-press.net\/cotedivoire\/politique\/retrouvailles-fraternelles-cote-divoire-gbagbo-76-ans-chez-bedie-87-ans-le-10-juillet","og_locale":"fr_FR","og_type":"article","og_title":"\u00ab\u00a0Retrouvailles fraternelles\u00a0\u00bb C\u00f4te-d\u2019Ivoire: Gbagbo (76 ans) chez B\u00e9di\u00e9 (87 ans) le 10 juillet","og_description":"Selon le PDCI-RDA, les deux anciens pr\u00e9sidents de la C\u00f4te-d\u2019Ivoire, Henri Konan B\u00e9di\u00e9 et Laurent Gbagbo auront leur prem ...","og_url":"https:\/\/www.africa-press.net\/cotedivoire\/politique\/retrouvailles-fraternelles-cote-divoire-gbagbo-76-ans-chez-bedie-87-ans-le-10-juillet","og_site_name":"C\u00f4te d&#039;Ivoire","article_published_time":"2021-07-03T16:43:49+00:00","article_modified_time":"2021-07-03T19:18:02+00:00","og_image":[{"width":720,"height":360,"url":"https:\/\/static.africa-press.net\/cote\/sites\/43\/2021\/07\/img-60e08e51c8d3a.jpg","type":"image\/jpeg"}],"author":"cfeditorfr","twitter_card":"summary_large_image","twitter_misc":{"\u00c9crit par":"cfeditorfr","Dur\u00e9e de lecture estim\u00e9e":"1 minute"},"schema":{"@context":"https:\/\/schema.org","@graph":[{"@type":"Article","@id":"https:\/\/www.africa-press.net\/cotedivoire\/politique\/retrouvailles-fraternelles-cote-divoire-gbagbo-76-ans-chez-bedie-87-ans-le-10-juillet#article","isPartOf":{"@id":"https:\/\/www.africa-press.net\/cotedivoire\/politique\/retrouvailles-fraternelles-cote-divoire-gbagbo-76-ans-chez-bedie-87-ans-le-10-juillet"},"author":{"name":"cfeditorfr","@id":"https:\/\/www.africa-press.net\/cotedivoire\/#\/schema\/person\/2b1cf3cd81a31e3cd26889ca66d677f1"},"headline":"\u00ab\u00a0Retrouvailles fraternelles\u00a0\u00bb C\u00f4te-d\u2019Ivoire: Gbagbo (76 ans) chez B\u00e9di\u00e9 (87 ans) le 10 juillet","datePublished":"2021-07-03T16:43:49+00:00","dateModified":"2021-07-03T19:18:02+00:00","mainEntityOfPage":{"@id":"https:\/\/www.africa-press.net\/cotedivoire\/politique\/retrouvailles-fraternelles-cote-divoire-gbagbo-76-ans-chez-bedie-87-ans-le-10-juillet"},"wordCount":138,"commentCount":0,"image":{"@id":"https:\/\/www.africa-press.net\/cotedivoire\/politique\/retrouvailles-fraternelles-cote-divoire-gbagbo-76-ans-chez-bedie-87-ans-le-10-juillet#primaryimage"},"thumbnailUrl":"https:\/\/static.africa-press.net\/cote\/sites\/43\/2021\/07\/img-60e08e51c8d3a.jpg","keywords":["Africa Press","Africa Press-C\u00f4te d'Ivoire","C\u00d4TE D'IVOIRE"],"articleSection":["homepage-french","Politique","Top Nouvelles","Toutes les actualit\u00e9s"],"inLanguage":"fr-FR","potentialAction":[{"@type":"CommentAction","name":"Comment","target":["https:\/\/www.africa-press.net\/cotedivoire\/politique\/retrouvailles-fraternelles-cote-divoire-gbagbo-76-ans-chez-bedie-87-ans-le-10-juillet#respond"]}]},{"@type":"WebPage","@id":"https:\/\/www.africa-press.net\/cotedivoire\/politique\/retrouvailles-fraternelles-cote-divoire-gbagbo-76-ans-chez-bedie-87-ans-le-10-juillet","url":"https:\/\/www.africa-press.net\/cotedivoire\/politique\/retrouvailles-fraternelles-cote-divoire-gbagbo-76-ans-chez-bedie-87-ans-le-10-juillet","name":"\u00ab\u00a0Retrouvailles fraternelles\u00a0\u00bb C\u00f4te-d\u2019Ivoire: Gbagbo (76 ans) chez B\u00e9di\u00e9 (87 ans) le 10 juillet - C\u00f4te d&#039;Ivoire","isPartOf":{"@id":"https:\/\/www.africa-press.net\/cotedivoire\/#website"},"primaryImageOfPage":{"@id":"https:\/\/www.africa-press.net\/cotedivoire\/politique\/retrouvailles-fraternelles-cote-divoire-gbagbo-76-ans-chez-bedie-87-ans-le-10-juillet#primaryimage"},"image":{"@id":"https:\/\/www.africa-press.net\/cotedivoire\/politique\/retrouvailles-fraternelles-cote-divoire-gbagbo-76-ans-chez-bedie-87-ans-le-10-juillet#primaryimage"},"thumbnailUrl":"https:\/\/static.africa-press.net\/cote\/sites\/43\/2021\/07\/img-60e08e51c8d3a.jpg","datePublished":"2021-07-03T16:43:49+00:00","dateModified":"2021-07-03T19:18:02+00:00","author":{"@id":"https:\/\/www.africa-press.net\/cotedivoire\/#\/schema\/person\/2b1cf3cd81a31e3cd26889ca66d677f1"},"description":"Selon le PDCI-RDA, les deux anciens pr\u00e9sidents de la C\u00f4te-d\u2019Ivoire, Henri Konan B\u00e9di\u00e9 et Laurent Gbagbo auront leur prem ...","breadcrumb":{"@id":"https:\/\/www.africa-press.net\/cotedivoire\/politique\/retrouvailles-fraternelles-cote-divoire-gbagbo-76-ans-chez-bedie-87-ans-le-10-juillet#breadcrumb"},"inLanguage":"fr-FR","potentialAction":[{"@type":"ReadAction","target":["https:\/\/www.africa-press.net\/cotedivoire\/politique\/retrouvailles-fraternelles-cote-divoire-gbagbo-76-ans-chez-bedie-87-ans-le-10-juillet"]}]},{"@type":"ImageObject","inLanguage":"fr-FR","@id":"https:\/\/www.africa-press.net\/cotedivoire\/politique\/retrouvailles-fraternelles-cote-divoire-gbagbo-76-ans-chez-bedie-87-ans-le-10-juillet#primaryimage","url":"https:\/\/static.africa-press.net\/cote\/sites\/43\/2021\/07\/img-60e08e51c8d3a.jpg","contentUrl":"https:\/\/static.africa-press.net\/cote\/sites\/43\/2021\/07\/img-60e08e51c8d3a.jpg","width":720,"height":360,"caption":"\u00ab\u00a0Retrouvailles fraternelles\u00a0\u00bb C\u00f4te-d\u2019Ivoire: Gbagbo (76 ans) chez B\u00e9di\u00e9 (87 ans) le 10 juillet"},{"@type":"BreadcrumbList","@id":"https:\/\/www.africa-press.net\/cotedivoire\/politique\/retrouvailles-fraternelles-cote-divoire-gbagbo-76-ans-chez-bedie-87-ans-le-10-juillet#breadcrumb","itemListElement":[{"@type":"ListItem","position":1,"name":"Accueil","item":"https:\/\/www.africa-press.net\/cotedivoire\/"},{"@type":"ListItem","position":2,"name":"\u00ab\u00a0Retrouvailles fraternelles\u00a0\u00bb C\u00f4te-d\u2019Ivoire: Gbagbo (76 ans) chez B\u00e9di\u00e9 (87 ans) le 10 juillet"}]},{"@type":"WebSite","@id":"https:\/\/www.africa-press.net\/cotedivoire\/#website","url":"https:\/\/www.africa-press.net\/cotedivoire\/","name":"C\u00f4te d&#039;Ivoire","description":"Just another Africa News Agency Sites site","potentialAction":[{"@type":"SearchAction","target":{"@type":"EntryPoint","urlTemplate":"https:\/\/www.africa-press.net\/cotedivoire\/?s={search_term_string}"},"query-input":{"@type":"PropertyValueSpecification","valueRequired":true,"valueName":"search_term_string"}}],"inLanguage":"fr-FR"},{"@type":"Person","@id":"https:\/\/www.africa-press.net\/cotedivoire\/#\/schema\/person\/2b1cf3cd81a31e3cd26889ca66d677f1","name":"cfeditorfr"}]}},"_links":{"self":[{"href":"https:\/\/www.africa-press.net\/cotedivoire\/wp-json\/wp\/v2\/posts\/9674","targetHints":{"allow":["GET"]}}],"collection":[{"href":"https:\/\/www.africa-press.net\/cotedivoire\/wp-json\/wp\/v2\/posts"}],"about":[{"href":"https:\/\/www.africa-press.net\/cotedivoire\/wp-json\/wp\/v2\/types\/post"}],"author":[{"embeddable":true,"href":"https:\/\/www.africa-press.net\/cotedivoire\/wp-json\/wp\/v2\/users\/82"}],"replies":[{"embeddable":true,"href":"https:\/\/www.africa-press.net\/cotedivoire\/wp-json\/wp\/v2\/comments?post=9674"}],"version-history":[{"count":0,"href":"https:\/\/www.africa-press.net\/cotedivoire\/wp-json\/wp\/v2\/posts\/9674\/revisions"}],"wp:featuredmedia":[{"embeddable":true,"href":"https:\/\/www.africa-press.net\/cotedivoire\/wp-json\/wp\/v2\/media\/9673"}],"wp:attachment":[{"href":"https:\/\/www.africa-press.net\/cotedivoire\/wp-json\/wp\/v2\/media?parent=9674"}],"wp:term":[{"taxonomy":"category","embeddable":true,"href":"https:\/\/www.africa-press.net\/cotedivoire\/wp-json\/wp\/v2\/categories?post=9674"},{"taxonomy":"post_tag","embeddable":true,"href":"https:\/\/www.africa-press.net\/cotedivoire\/wp-json\/wp\/v2\/tags?post=9674"}],"curies":[{"name":"wp","href":"https:\/\/api.w.org\/{rel}","templated":true}]}}