{"id":9680,"date":"2021-07-03T17:02:36","date_gmt":"2021-07-03T17:02:36","guid":{"rendered":"https:\/\/www.africa-press.net\/cotedivoire\/?p=9680"},"modified":"2021-07-03T19:18:18","modified_gmt":"2021-07-03T19:18:18","slug":"patrick-achi-annonce-le-renforcement-du-controle-des-prix-sur-les-marches-en-cote-divoire","status":"publish","type":"post","link":"https:\/\/www.africa-press.net\/cotedivoire\/economie\/patrick-achi-annonce-le-renforcement-du-controle-des-prix-sur-les-marches-en-cote-divoire","title":{"rendered":"Patrick Achi annonce le renforcement du contr\u00f4le des prix sur les march\u00e9s en C\u00f4te-d\u2019Ivoire"},"content":{"rendered":"<p><span style=\"color: #ff6600\"><strong><a href=\"https:\/\/www.africa-press.net\/\">Africa-Press<\/a> &#8211; <a href=\"https:\/\/www.africa-press.net\/cotedivoire\">C\u00f4te d&rsquo;Ivoire<\/a>. <\/strong><\/span>Le Premier Ministre ivoirien, Patrick Achi, a eu le 2 juillet 2021 \u00e0 Abidjan, une r\u00e9union avec les diff\u00e9rents acteurs de la cha\u00eene de valeur des produits de grande consommation, pour trouver une solution durable \u00e0 la flamb\u00e9e des prix.<\/p>\n<p>Le ministre du Commerce et de l\u2019Industrie, Souleymane Diarrassouba, a relev\u00e9 que l\u2019objectif de la rencontre \u00e9tait de privil\u00e9gier en toutes circonstances les conditions de vie des populations ivoiriennes, face \u00e0 la hausse des prix des produits de premi\u00e8re n\u00e9cessit\u00e9.<\/p>\n<p>Ainsi, le gouvernement a d\u00e9cid\u00e9 de r\u00e9activer le Conseil National de Lutte contre la Vie Ch\u00e8re, au sein duquel un groupe de travail va r\u00e9fl\u00e9chir sur les probl\u00e9matiques des diff\u00e9rentes fili\u00e8res, avec pour objectif de trouver des solutions imm\u00e9diates \u00e0 court et \u00e0 moyen termes sur les pr\u00e9occupations des diff\u00e9rents op\u00e9rateurs.<\/p>\n<p><b>\u00ab C\u2019est l\u2019occasion pour moi, au nom de Monsieur le Premier Ministre, de rassurer les populations ivoiriennes et leur indiquer que le gouvernement est \u00e0 la t\u00e2che avec le secteur priv\u00e9 et la soci\u00e9t\u00e9 civile, pour trouver des solutions durables aux probl\u00e9matiques li\u00e9es \u00e0 la hausse des prix des produits de grande consommation sur le march\u00e9 ivoirien \u00ab<\/b><\/p>\n<p>, a conclu Souleymane Diarrassouba.<\/p>\n<p>Au terme d\u2019une visite de terrain au Forum des March\u00e9s d\u2019Adjam\u00e9, le Premier Ministre ivoirien, Patrick Achi, a annonc\u00e9 le 2 juillet 2021 \u00e0 Abidjan, la r\u00e9activation et le renforcement des actions du Conseil National de Lutte contre la Vie Ch\u00e8re (CNLVC), en vue de mettre fin \u00e0 l\u2019augmentation excessive de certaines denr\u00e9es alimentaires.<\/p>\n<p><b>\u00ab Nous avons rencontr\u00e9 tous les acteurs de la vie \u00e9conomique qui sont au c\u0153ur des \u00e9changes, pour leur dire que nous avons d\u00e9cid\u00e9 de r\u00e9activer et de renforcer les actions du Conseil National de Lutte contre la Vie Ch\u00e8re. C\u2019est un organe qui est en place, mais dont les activit\u00e9s ont \u00e9t\u00e9 ralenties du fait de la Covid-19 \u00bb<\/b><\/p>\n<p>, a-t-il indiqu\u00e9.<\/p>\n<p>Patrick Achi a expliqu\u00e9 que les \u00e9changes avec les diff\u00e9rents acteurs du secteur ont permis de prendre la mesure de la r\u00e9alit\u00e9 des choses. Pour lui, si des hausses de prix se comprennent dans certains cas, par contre, dans d\u2019autres, elles ne se justifient pas. \u00ab Les \u00e9v\u00e8nements successifs qui sont survenus, notamment la covid-19 et les questions li\u00e9es \u00e0 la p\u00e9nurie circonstancielle d\u2019\u00e9lectricit\u00e9, ont \u00e9t\u00e9 une occasion pour certains de proc\u00e9der \u00e0 des augmentations inconsid\u00e9r\u00e9es et inacceptables \u00bb, a-t-il regrett\u00e9.<\/p>\n<p>Et de rassurer que le gouvernement a re\u00e7u des instructions du Pr\u00e9sident de la R\u00e9publique pour que, dans les tout prochains jours, des actions urgentes soient men\u00e9es pour mettre fin aux d\u00e9rapages observ\u00e9s. Et de ramener les prix \u00e0 des niveaux raisonnables et compatibles avec le pouvoir d\u2019achat des populations.<\/p>\n<p>Le CNLVC a \u00e9t\u00e9 cr\u00e9\u00e9 par le gouvernement pour renforcer son dispositif de lutte contre la vie ch\u00e8re. Il est un cadre permanent d\u2019\u00e9changes entre les diff\u00e9rents acteurs du secteur.<\/p>\n<p>&nbsp;<\/p>\n","protected":false},"excerpt":{"rendered":"<p>Africa-Press &#8211; C\u00f4te d&rsquo;Ivoire. Le Premier Ministre ivoirien, Patrick Achi, a eu le 2 juillet 2021 \u00e0 Abidjan, une r\u00e9union avec les diff\u00e9rents acteurs de la cha\u00eene de valeur des produits de grande consommation, pour trouver une solution durable \u00e0 la flamb\u00e9e des prix. Le ministre du Commerce et de l\u2019Industrie, Souleymane Diarrassouba, a relev\u00e9 [&hellip;]<\/p>\n","protected":false},"author":82,"featured_media":9679,"comment_status":"open","ping_status":"closed","sticky":false,"template":"","format":"standard","meta":{"footnotes":""},"categories":[3,11,20,10],"tags":[56,63,29],"class_list":["post-9680","post","type-post","status-publish","format-standard","has-post-thumbnail","hentry","category-economie","category-homepage-french","category-top-nouvelles","category-toutes-les-actualites","tag-africa-press","tag-africa-press-cote-divoire","tag-cote-divoire"],"yoast_head":"<!-- This site is optimized with the Yoast SEO Premium plugin v26.1 (Yoast SEO v27.0) - https:\/\/yoast.com\/product\/yoast-seo-premium-wordpress\/ -->\n<title>Patrick Achi annonce le renforcement du contr\u00f4le des prix sur les march\u00e9s en C\u00f4te-d\u2019Ivoire - C\u00f4te d&#039;Ivoire<\/title>\n<meta name=\"description\" content=\"Le Premier Ministre ivoirien, Patrick Achi, a eu le 2 juillet 2021 \u00e0 Abidjan, une r\u00e9union avec les diff\u00e9rents acteurs de ...\" \/>\n<meta name=\"robots\" content=\"index, follow, max-snippet:-1, max-image-preview:large, max-video-preview:-1\" \/>\n<link rel=\"canonical\" href=\"https:\/\/www.africa-press.net\/cotedivoire\/economie\/patrick-achi-annonce-le-renforcement-du-controle-des-prix-sur-les-marches-en-cote-divoire\" \/>\n<meta property=\"og:locale\" content=\"fr_FR\" \/>\n<meta property=\"og:type\" content=\"article\" \/>\n<meta property=\"og:title\" content=\"Patrick Achi annonce le renforcement du contr\u00f4le des prix sur les march\u00e9s en C\u00f4te-d\u2019Ivoire\" \/>\n<meta property=\"og:description\" content=\"Le Premier Ministre ivoirien, Patrick Achi, a eu le 2 juillet 2021 \u00e0 Abidjan, une r\u00e9union avec les diff\u00e9rents acteurs de ...\" \/>\n<meta property=\"og:url\" content=\"https:\/\/www.africa-press.net\/cotedivoire\/economie\/patrick-achi-annonce-le-renforcement-du-controle-des-prix-sur-les-marches-en-cote-divoire\" \/>\n<meta property=\"og:site_name\" content=\"C\u00f4te d&#039;Ivoire\" \/>\n<meta property=\"article:published_time\" content=\"2021-07-03T17:02:36+00:00\" \/>\n<meta property=\"article:modified_time\" content=\"2021-07-03T19:18:18+00:00\" \/>\n<meta property=\"og:image\" content=\"https:\/\/static.africa-press.net\/cote\/sites\/43\/2021\/07\/img-60e08eb9c6c2c.jpg\" \/>\n\t<meta property=\"og:image:width\" content=\"1024\" \/>\n\t<meta property=\"og:image:height\" content=\"682\" \/>\n\t<meta property=\"og:image:type\" content=\"image\/jpeg\" \/>\n<meta name=\"author\" content=\"cfeditorfr\" \/>\n<meta name=\"twitter:card\" content=\"summary_large_image\" \/>\n<meta name=\"twitter:label1\" content=\"\u00c9crit par\" \/>\n\t<meta name=\"twitter:data1\" content=\"cfeditorfr\" \/>\n\t<meta name=\"twitter:label2\" content=\"Dur\u00e9e de lecture estim\u00e9e\" \/>\n\t<meta name=\"twitter:data2\" content=\"3 minutes\" \/>\n<script type=\"application\/ld+json\" class=\"yoast-schema-graph\">{\"@context\":\"https:\/\/schema.org\",\"@graph\":[{\"@type\":\"Article\",\"@id\":\"https:\/\/www.africa-press.net\/cotedivoire\/economie\/patrick-achi-annonce-le-renforcement-du-controle-des-prix-sur-les-marches-en-cote-divoire#article\",\"isPartOf\":{\"@id\":\"https:\/\/www.africa-press.net\/cotedivoire\/economie\/patrick-achi-annonce-le-renforcement-du-controle-des-prix-sur-les-marches-en-cote-divoire\"},\"author\":{\"name\":\"cfeditorfr\",\"@id\":\"https:\/\/www.africa-press.net\/cotedivoire\/#\/schema\/person\/2b1cf3cd81a31e3cd26889ca66d677f1\"},\"headline\":\"Patrick Achi annonce le renforcement du contr\u00f4le des prix sur les march\u00e9s en C\u00f4te-d\u2019Ivoire\",\"datePublished\":\"2021-07-03T17:02:36+00:00\",\"dateModified\":\"2021-07-03T19:18:18+00:00\",\"mainEntityOfPage\":{\"@id\":\"https:\/\/www.africa-press.net\/cotedivoire\/economie\/patrick-achi-annonce-le-renforcement-du-controle-des-prix-sur-les-marches-en-cote-divoire\"},\"wordCount\":533,\"commentCount\":0,\"image\":{\"@id\":\"https:\/\/www.africa-press.net\/cotedivoire\/economie\/patrick-achi-annonce-le-renforcement-du-controle-des-prix-sur-les-marches-en-cote-divoire#primaryimage\"},\"thumbnailUrl\":\"https:\/\/static.africa-press.net\/cote\/sites\/43\/2021\/07\/img-60e08eb9c6c2c.jpg\",\"keywords\":[\"Africa Press\",\"Africa Press-C\u00f4te d'Ivoire\",\"C\u00d4TE D'IVOIRE\"],\"articleSection\":[\"\u00c9conomie\",\"homepage-french\",\"Top Nouvelles\",\"Toutes les actualit\u00e9s\"],\"inLanguage\":\"fr-FR\",\"potentialAction\":[{\"@type\":\"CommentAction\",\"name\":\"Comment\",\"target\":[\"https:\/\/www.africa-press.net\/cotedivoire\/economie\/patrick-achi-annonce-le-renforcement-du-controle-des-prix-sur-les-marches-en-cote-divoire#respond\"]}]},{\"@type\":\"WebPage\",\"@id\":\"https:\/\/www.africa-press.net\/cotedivoire\/economie\/patrick-achi-annonce-le-renforcement-du-controle-des-prix-sur-les-marches-en-cote-divoire\",\"url\":\"https:\/\/www.africa-press.net\/cotedivoire\/economie\/patrick-achi-annonce-le-renforcement-du-controle-des-prix-sur-les-marches-en-cote-divoire\",\"name\":\"Patrick Achi annonce le renforcement du contr\u00f4le des prix sur les march\u00e9s en C\u00f4te-d\u2019Ivoire - C\u00f4te d&#039;Ivoire\",\"isPartOf\":{\"@id\":\"https:\/\/www.africa-press.net\/cotedivoire\/#website\"},\"primaryImageOfPage\":{\"@id\":\"https:\/\/www.africa-press.net\/cotedivoire\/economie\/patrick-achi-annonce-le-renforcement-du-controle-des-prix-sur-les-marches-en-cote-divoire#primaryimage\"},\"image\":{\"@id\":\"https:\/\/www.africa-press.net\/cotedivoire\/economie\/patrick-achi-annonce-le-renforcement-du-controle-des-prix-sur-les-marches-en-cote-divoire#primaryimage\"},\"thumbnailUrl\":\"https:\/\/static.africa-press.net\/cote\/sites\/43\/2021\/07\/img-60e08eb9c6c2c.jpg\",\"datePublished\":\"2021-07-03T17:02:36+00:00\",\"dateModified\":\"2021-07-03T19:18:18+00:00\",\"author\":{\"@id\":\"https:\/\/www.africa-press.net\/cotedivoire\/#\/schema\/person\/2b1cf3cd81a31e3cd26889ca66d677f1\"},\"description\":\"Le Premier Ministre ivoirien, Patrick Achi, a eu le 2 juillet 2021 \u00e0 Abidjan, une r\u00e9union avec les diff\u00e9rents acteurs de ...\",\"breadcrumb\":{\"@id\":\"https:\/\/www.africa-press.net\/cotedivoire\/economie\/patrick-achi-annonce-le-renforcement-du-controle-des-prix-sur-les-marches-en-cote-divoire#breadcrumb\"},\"inLanguage\":\"fr-FR\",\"potentialAction\":[{\"@type\":\"ReadAction\",\"target\":[\"https:\/\/www.africa-press.net\/cotedivoire\/economie\/patrick-achi-annonce-le-renforcement-du-controle-des-prix-sur-les-marches-en-cote-divoire\"]}]},{\"@type\":\"ImageObject\",\"inLanguage\":\"fr-FR\",\"@id\":\"https:\/\/www.africa-press.net\/cotedivoire\/economie\/patrick-achi-annonce-le-renforcement-du-controle-des-prix-sur-les-marches-en-cote-divoire#primaryimage\",\"url\":\"https:\/\/static.africa-press.net\/cote\/sites\/43\/2021\/07\/img-60e08eb9c6c2c.jpg\",\"contentUrl\":\"https:\/\/static.africa-press.net\/cote\/sites\/43\/2021\/07\/img-60e08eb9c6c2c.jpg\",\"width\":1024,\"height\":682,\"caption\":\"Patrick Achi annonce le renforcement du contr\u00f4le des prix sur les march\u00e9s en C\u00f4te-d\u2019Ivoire\"},{\"@type\":\"BreadcrumbList\",\"@id\":\"https:\/\/www.africa-press.net\/cotedivoire\/economie\/patrick-achi-annonce-le-renforcement-du-controle-des-prix-sur-les-marches-en-cote-divoire#breadcrumb\",\"itemListElement\":[{\"@type\":\"ListItem\",\"position\":1,\"name\":\"Accueil\",\"item\":\"https:\/\/www.africa-press.net\/cotedivoire\/\"},{\"@type\":\"ListItem\",\"position\":2,\"name\":\"Patrick Achi annonce le renforcement du contr\u00f4le des prix sur les march\u00e9s en C\u00f4te-d\u2019Ivoire\"}]},{\"@type\":\"WebSite\",\"@id\":\"https:\/\/www.africa-press.net\/cotedivoire\/#website\",\"url\":\"https:\/\/www.africa-press.net\/cotedivoire\/\",\"name\":\"C\u00f4te d&#039;Ivoire\",\"description\":\"Just another Africa News Agency Sites site\",\"potentialAction\":[{\"@type\":\"SearchAction\",\"target\":{\"@type\":\"EntryPoint\",\"urlTemplate\":\"https:\/\/www.africa-press.net\/cotedivoire\/?s={search_term_string}\"},\"query-input\":{\"@type\":\"PropertyValueSpecification\",\"valueRequired\":true,\"valueName\":\"search_term_string\"}}],\"inLanguage\":\"fr-FR\"},{\"@type\":\"Person\",\"@id\":\"https:\/\/www.africa-press.net\/cotedivoire\/#\/schema\/person\/2b1cf3cd81a31e3cd26889ca66d677f1\",\"name\":\"cfeditorfr\"}]}<\/script>\n<!-- \/ Yoast SEO Premium plugin. -->","yoast_head_json":{"title":"Patrick Achi annonce le renforcement du contr\u00f4le des prix sur les march\u00e9s en C\u00f4te-d\u2019Ivoire - C\u00f4te d&#039;Ivoire","description":"Le Premier Ministre ivoirien, Patrick Achi, a eu le 2 juillet 2021 \u00e0 Abidjan, une r\u00e9union avec les diff\u00e9rents acteurs de ...","robots":{"index":"index","follow":"follow","max-snippet":"max-snippet:-1","max-image-preview":"max-image-preview:large","max-video-preview":"max-video-preview:-1"},"canonical":"https:\/\/www.africa-press.net\/cotedivoire\/economie\/patrick-achi-annonce-le-renforcement-du-controle-des-prix-sur-les-marches-en-cote-divoire","og_locale":"fr_FR","og_type":"article","og_title":"Patrick Achi annonce le renforcement du contr\u00f4le des prix sur les march\u00e9s en C\u00f4te-d\u2019Ivoire","og_description":"Le Premier Ministre ivoirien, Patrick Achi, a eu le 2 juillet 2021 \u00e0 Abidjan, une r\u00e9union avec les diff\u00e9rents acteurs de ...","og_url":"https:\/\/www.africa-press.net\/cotedivoire\/economie\/patrick-achi-annonce-le-renforcement-du-controle-des-prix-sur-les-marches-en-cote-divoire","og_site_name":"C\u00f4te d&#039;Ivoire","article_published_time":"2021-07-03T17:02:36+00:00","article_modified_time":"2021-07-03T19:18:18+00:00","og_image":[{"width":1024,"height":682,"url":"https:\/\/static.africa-press.net\/cote\/sites\/43\/2021\/07\/img-60e08eb9c6c2c.jpg","type":"image\/jpeg"}],"author":"cfeditorfr","twitter_card":"summary_large_image","twitter_misc":{"\u00c9crit par":"cfeditorfr","Dur\u00e9e de lecture estim\u00e9e":"3 minutes"},"schema":{"@context":"https:\/\/schema.org","@graph":[{"@type":"Article","@id":"https:\/\/www.africa-press.net\/cotedivoire\/economie\/patrick-achi-annonce-le-renforcement-du-controle-des-prix-sur-les-marches-en-cote-divoire#article","isPartOf":{"@id":"https:\/\/www.africa-press.net\/cotedivoire\/economie\/patrick-achi-annonce-le-renforcement-du-controle-des-prix-sur-les-marches-en-cote-divoire"},"author":{"name":"cfeditorfr","@id":"https:\/\/www.africa-press.net\/cotedivoire\/#\/schema\/person\/2b1cf3cd81a31e3cd26889ca66d677f1"},"headline":"Patrick Achi annonce le renforcement du contr\u00f4le des prix sur les march\u00e9s en C\u00f4te-d\u2019Ivoire","datePublished":"2021-07-03T17:02:36+00:00","dateModified":"2021-07-03T19:18:18+00:00","mainEntityOfPage":{"@id":"https:\/\/www.africa-press.net\/cotedivoire\/economie\/patrick-achi-annonce-le-renforcement-du-controle-des-prix-sur-les-marches-en-cote-divoire"},"wordCount":533,"commentCount":0,"image":{"@id":"https:\/\/www.africa-press.net\/cotedivoire\/economie\/patrick-achi-annonce-le-renforcement-du-controle-des-prix-sur-les-marches-en-cote-divoire#primaryimage"},"thumbnailUrl":"https:\/\/static.africa-press.net\/cote\/sites\/43\/2021\/07\/img-60e08eb9c6c2c.jpg","keywords":["Africa Press","Africa Press-C\u00f4te d'Ivoire","C\u00d4TE D'IVOIRE"],"articleSection":["\u00c9conomie","homepage-french","Top Nouvelles","Toutes les actualit\u00e9s"],"inLanguage":"fr-FR","potentialAction":[{"@type":"CommentAction","name":"Comment","target":["https:\/\/www.africa-press.net\/cotedivoire\/economie\/patrick-achi-annonce-le-renforcement-du-controle-des-prix-sur-les-marches-en-cote-divoire#respond"]}]},{"@type":"WebPage","@id":"https:\/\/www.africa-press.net\/cotedivoire\/economie\/patrick-achi-annonce-le-renforcement-du-controle-des-prix-sur-les-marches-en-cote-divoire","url":"https:\/\/www.africa-press.net\/cotedivoire\/economie\/patrick-achi-annonce-le-renforcement-du-controle-des-prix-sur-les-marches-en-cote-divoire","name":"Patrick Achi annonce le renforcement du contr\u00f4le des prix sur les march\u00e9s en C\u00f4te-d\u2019Ivoire - C\u00f4te d&#039;Ivoire","isPartOf":{"@id":"https:\/\/www.africa-press.net\/cotedivoire\/#website"},"primaryImageOfPage":{"@id":"https:\/\/www.africa-press.net\/cotedivoire\/economie\/patrick-achi-annonce-le-renforcement-du-controle-des-prix-sur-les-marches-en-cote-divoire#primaryimage"},"image":{"@id":"https:\/\/www.africa-press.net\/cotedivoire\/economie\/patrick-achi-annonce-le-renforcement-du-controle-des-prix-sur-les-marches-en-cote-divoire#primaryimage"},"thumbnailUrl":"https:\/\/static.africa-press.net\/cote\/sites\/43\/2021\/07\/img-60e08eb9c6c2c.jpg","datePublished":"2021-07-03T17:02:36+00:00","dateModified":"2021-07-03T19:18:18+00:00","author":{"@id":"https:\/\/www.africa-press.net\/cotedivoire\/#\/schema\/person\/2b1cf3cd81a31e3cd26889ca66d677f1"},"description":"Le Premier Ministre ivoirien, Patrick Achi, a eu le 2 juillet 2021 \u00e0 Abidjan, une r\u00e9union avec les diff\u00e9rents acteurs de ...","breadcrumb":{"@id":"https:\/\/www.africa-press.net\/cotedivoire\/economie\/patrick-achi-annonce-le-renforcement-du-controle-des-prix-sur-les-marches-en-cote-divoire#breadcrumb"},"inLanguage":"fr-FR","potentialAction":[{"@type":"ReadAction","target":["https:\/\/www.africa-press.net\/cotedivoire\/economie\/patrick-achi-annonce-le-renforcement-du-controle-des-prix-sur-les-marches-en-cote-divoire"]}]},{"@type":"ImageObject","inLanguage":"fr-FR","@id":"https:\/\/www.africa-press.net\/cotedivoire\/economie\/patrick-achi-annonce-le-renforcement-du-controle-des-prix-sur-les-marches-en-cote-divoire#primaryimage","url":"https:\/\/static.africa-press.net\/cote\/sites\/43\/2021\/07\/img-60e08eb9c6c2c.jpg","contentUrl":"https:\/\/static.africa-press.net\/cote\/sites\/43\/2021\/07\/img-60e08eb9c6c2c.jpg","width":1024,"height":682,"caption":"Patrick Achi annonce le renforcement du contr\u00f4le des prix sur les march\u00e9s en C\u00f4te-d\u2019Ivoire"},{"@type":"BreadcrumbList","@id":"https:\/\/www.africa-press.net\/cotedivoire\/economie\/patrick-achi-annonce-le-renforcement-du-controle-des-prix-sur-les-marches-en-cote-divoire#breadcrumb","itemListElement":[{"@type":"ListItem","position":1,"name":"Accueil","item":"https:\/\/www.africa-press.net\/cotedivoire\/"},{"@type":"ListItem","position":2,"name":"Patrick Achi annonce le renforcement du contr\u00f4le des prix sur les march\u00e9s en C\u00f4te-d\u2019Ivoire"}]},{"@type":"WebSite","@id":"https:\/\/www.africa-press.net\/cotedivoire\/#website","url":"https:\/\/www.africa-press.net\/cotedivoire\/","name":"C\u00f4te d&#039;Ivoire","description":"Just another Africa News Agency Sites site","potentialAction":[{"@type":"SearchAction","target":{"@type":"EntryPoint","urlTemplate":"https:\/\/www.africa-press.net\/cotedivoire\/?s={search_term_string}"},"query-input":{"@type":"PropertyValueSpecification","valueRequired":true,"valueName":"search_term_string"}}],"inLanguage":"fr-FR"},{"@type":"Person","@id":"https:\/\/www.africa-press.net\/cotedivoire\/#\/schema\/person\/2b1cf3cd81a31e3cd26889ca66d677f1","name":"cfeditorfr"}]}},"_links":{"self":[{"href":"https:\/\/www.africa-press.net\/cotedivoire\/wp-json\/wp\/v2\/posts\/9680","targetHints":{"allow":["GET"]}}],"collection":[{"href":"https:\/\/www.africa-press.net\/cotedivoire\/wp-json\/wp\/v2\/posts"}],"about":[{"href":"https:\/\/www.africa-press.net\/cotedivoire\/wp-json\/wp\/v2\/types\/post"}],"author":[{"embeddable":true,"href":"https:\/\/www.africa-press.net\/cotedivoire\/wp-json\/wp\/v2\/users\/82"}],"replies":[{"embeddable":true,"href":"https:\/\/www.africa-press.net\/cotedivoire\/wp-json\/wp\/v2\/comments?post=9680"}],"version-history":[{"count":0,"href":"https:\/\/www.africa-press.net\/cotedivoire\/wp-json\/wp\/v2\/posts\/9680\/revisions"}],"wp:featuredmedia":[{"embeddable":true,"href":"https:\/\/www.africa-press.net\/cotedivoire\/wp-json\/wp\/v2\/media\/9679"}],"wp:attachment":[{"href":"https:\/\/www.africa-press.net\/cotedivoire\/wp-json\/wp\/v2\/media?parent=9680"}],"wp:term":[{"taxonomy":"category","embeddable":true,"href":"https:\/\/www.africa-press.net\/cotedivoire\/wp-json\/wp\/v2\/categories?post=9680"},{"taxonomy":"post_tag","embeddable":true,"href":"https:\/\/www.africa-press.net\/cotedivoire\/wp-json\/wp\/v2\/tags?post=9680"}],"curies":[{"name":"wp","href":"https:\/\/api.w.org\/{rel}","templated":true}]}}