{"id":96877,"date":"2025-03-29T19:21:57","date_gmt":"2025-03-29T19:21:57","guid":{"rendered":"https:\/\/www.africa-press.net\/cotedivoire\/politique\/ahouzi-achi-jules-refuse-detre-associe-a-une-destabilisation-du-pdci-et-reaffirme-son-soutien-a-tidjane-thiam"},"modified":"2025-03-29T19:21:57","modified_gmt":"2025-03-29T19:21:57","slug":"ahouzi-achi-jules-refuse-detre-associe-a-une-destabilisation-du-pdci-et-reaffirme-son-soutien-a-tidjane-thiam","status":"publish","type":"post","link":"https:\/\/www.africa-press.net\/cotedivoire\/politique\/ahouzi-achi-jules-refuse-detre-associe-a-une-destabilisation-du-pdci-et-reaffirme-son-soutien-a-tidjane-thiam","title":{"rendered":"Ahouzi Achi Jules refuse d&rsquo;\u00eatre associ\u00e9 \u00e0 une d\u00e9stabilisation du PDCI et r\u00e9affirme son soutien \u00e0 Tidjane Thiam"},"content":{"rendered":"<p><span style=\"color: #ff6600\"><strong>Africa-Press &#8211; C\u00f4te d&rsquo;Ivoire. <\/strong><\/span>Lors d\u2019un point de presse organise\u0301 ce vendredi a\u0300 Abidjan-Cocody, Ahouzi Achi Jules, vice-pre\u0301sident du PDCI-RDA et ancien pre\u0301sident du Conseil de discipline du parti, a fermement rejete\u0301 la suppose\u0301e proposition de Mme Vale\u0301rie Yapo, qui l\u2019aurait sugge\u0301re\u0301 aux dires de Me Suy Bi pour le ro\u0302le d\u2019administrateur provisoire du PDCI-RDA.<\/p>\n<p>L&rsquo;avocat de Tidjane Thiam a fait savoir que cette prise de position s&rsquo;est faite devant le juge des re\u0301fe\u0301re\u0301s, ou\u0300 elle demandait la suspension de la de\u0301cision du Conseil de discipline l\u2019excluant temporairement du parti.<\/p>\n<p>Mme Yapo, dans sa reque\u0302te, aurait propose\u0301 de nommer Ahouzi Achi Jules en tant qu&rsquo;administrateur provisoire du PDCI-RDA tout en remettant en question la le\u0301gitimite\u0301 du pre\u0301sident Tidjane Thiam.<\/p>\n<p>Ces alle\u0301gations ont e\u0301te\u0301 de\u0301menties par la concerne\u0301e Vale\u0301rie Yapo dans un communique\u0301.<\/p>\n<p>Ne\u0301anmoins cette suggestion re\u0301ve\u0301le\u0301e par l&rsquo;avocat de Tidjane Thiam a imme\u0301diatement suscite\u0301 une vive re\u0301action de la part du vice-pre\u0301sident, qui n\u2019a pas tarde\u0301 a\u0300 faire entendre sa voix.<\/p>\n<p>\u00ab Face a\u0300 cette de\u0301claration fort surprenante, je tiens a\u0300 exprimer mon e\u0301tonnement et je me re\u0301serve le droit de faire un de\u0301menti formel \u00bb, a de\u0301clare\u0301 Ahouzi Achi Jules. Il a ensuite tenu a\u0300 clarifier qu\u2019il n\u2019e\u0301tait en aucun cas concerne\u0301 par ces propositions. Il a assure\u0301 que ses actions et son engagement envers le PDCI-RDA e\u0301taient loin de toute tentative de de\u0301stabilisation, et a souligne\u0301 qu\u2019il n\u2019avait jamais soutenu une telle initiative.<\/p>\n<p>Le vice-pre\u0301sident a rappele\u0301 les pre\u0301ce\u0301dentes interactions avec Mme Yapo, notamment lorsqu\u2019il avait pris l\u2019initiative de l\u2019appeler a\u0300 plusieurs reprises afin de discuter de la situation, alors qu\u2019elle s\u2019opposait a\u0300 la nomination de M. Yapo Calixte en tant que haut repre\u0301sentant du PDCI-RDA. Selon lui, Mme Yapo n\u2019avait pas re\u0301pondu a\u0300 ses invitations et avait par la suite pris la de\u0301cision d\u2019entamer une action en justice contre le parti et son pre\u0301sident.<\/p>\n<p>Ahouzi Achi Jules a pre\u0301cise\u0301 que la de\u0301marche de Mme Yapo e\u0301tait en dehors des proce\u0301dures e\u0301tablies par les statuts du parti et qu&rsquo;elle n\u2019avait pas a\u0300 se substituer aux organes compe\u0301tents pour demander la suspension du pre\u0301sident e\u0301lu. Il a e\u0301galement rappele\u0301 son engagement sans faille au service du PDCI-RDA depuis ses de\u0301buts et a re\u0301affirme\u0301 sa loyaute\u0301 envers le parti et son pre\u0301sident.<\/p>\n<p>\u00ab Je suis PDCI convaincu, je reste PDCI convaincu et je milite pour la cohe\u0301sion au sein de notre grand parti. J&rsquo;appelle tous les militants a\u0300 soutenir le pre\u0301sident Tidjane Thiam \u00bb, a conclu Ahouzi Achi Jules.<\/p>\n<p>Ne\u0301anmoins, le vice-pre\u0301sident re\u0301affirme son engagement envers la stabilite\u0301 du parti et son soutien inde\u0301fectible au pre\u0301sident Tidjane Thiam.<\/p>\n<p><strong>Pour plus d&rsquo;informations et d&rsquo;analyses sur la <span style=\"color: #ff6600\">C\u00f4te d&rsquo;Ivoire<\/span>, suivez <span style=\"color: #ff6600\">Africa-Press<span style=\"color: #ff6600\"><\/span><\/strong><\/p>\n","protected":false},"excerpt":{"rendered":"<p>Africa-Press &#8211; C\u00f4te d&rsquo;Ivoire. Lors d\u2019un point de presse organise\u0301 ce vendredi a\u0300 Abidjan-Cocody, Ahouzi Achi Jules, vice-pre\u0301sident du PDCI-RDA et ancien pre\u0301sident du Conseil de discipline du parti, a fermement rejete\u0301 la suppose\u0301e proposition de Mme Vale\u0301rie Yapo, qui l\u2019aurait sugge\u0301re\u0301 aux dires de Me Suy Bi pour le ro\u0302le d\u2019administrateur provisoire du PDCI-RDA. [&hellip;]<\/p>\n","protected":false},"author":82,"featured_media":96876,"comment_status":"open","ping_status":"closed","sticky":false,"template":"","format":"standard","meta":{"footnotes":""},"categories":[2,10],"tags":[17237,37,423,1547,14065],"class_list":["post-96877","post","type-post","status-publish","format-standard","has-post-thumbnail","hentry","category-politique","category-toutes-les-actualites","tag-ahouzi","tag-cote-divoire-2","tag-pdci","tag-thiam","tag-valerie"],"yoast_head":"<!-- This site is optimized with the Yoast SEO Premium plugin v26.1 (Yoast SEO v27.0) - https:\/\/yoast.com\/product\/yoast-seo-premium-wordpress\/ -->\n<title>Ahouzi Achi Jules refuse d&#039;\u00eatre associ\u00e9 \u00e0 une d\u00e9stabilisation du PDCI et r\u00e9affirme son soutien \u00e0 Tidjane Thiam - C\u00f4te d&#039;Ivoire<\/title>\n<meta name=\"robots\" content=\"index, follow, max-snippet:-1, max-image-preview:large, max-video-preview:-1\" \/>\n<link rel=\"canonical\" href=\"https:\/\/www.africa-press.net\/cotedivoire\/politique\/ahouzi-achi-jules-refuse-detre-associe-a-une-destabilisation-du-pdci-et-reaffirme-son-soutien-a-tidjane-thiam\" \/>\n<meta property=\"og:locale\" content=\"fr_FR\" \/>\n<meta property=\"og:type\" content=\"article\" \/>\n<meta property=\"og:title\" content=\"Ahouzi Achi Jules refuse d&#039;\u00eatre associ\u00e9 \u00e0 une d\u00e9stabilisation du PDCI et r\u00e9affirme son soutien \u00e0 Tidjane Thiam\" \/>\n<meta property=\"og:description\" content=\"Africa-Press &#8211; C\u00f4te d&rsquo;Ivoire. Lors d\u2019un point de presse organise\u0301 ce vendredi a\u0300 Abidjan-Cocody, Ahouzi Achi Jules, vice-pre\u0301sident du PDCI-RDA et ancien pre\u0301sident du Conseil de discipline du parti, a fermement rejete\u0301 la suppose\u0301e proposition de Mme Vale\u0301rie Yapo, qui l\u2019aurait sugge\u0301re\u0301 aux dires de Me Suy Bi pour le ro\u0302le d\u2019administrateur provisoire du PDCI-RDA. [&hellip;]\" \/>\n<meta property=\"og:url\" content=\"https:\/\/www.africa-press.net\/cotedivoire\/politique\/ahouzi-achi-jules-refuse-detre-associe-a-une-destabilisation-du-pdci-et-reaffirme-son-soutien-a-tidjane-thiam\" \/>\n<meta property=\"og:site_name\" content=\"C\u00f4te d&#039;Ivoire\" \/>\n<meta property=\"article:published_time\" content=\"2025-03-29T19:21:57+00:00\" \/>\n<meta name=\"author\" content=\"cfeditorfr\" \/>\n<meta name=\"twitter:card\" content=\"summary_large_image\" \/>\n<meta name=\"twitter:label1\" content=\"\u00c9crit par\" \/>\n\t<meta name=\"twitter:data1\" content=\"cfeditorfr\" \/>\n\t<meta name=\"twitter:label2\" content=\"Dur\u00e9e de lecture estim\u00e9e\" \/>\n\t<meta name=\"twitter:data2\" content=\"3 minutes\" \/>\n<script type=\"application\/ld+json\" class=\"yoast-schema-graph\">{\"@context\":\"https:\/\/schema.org\",\"@graph\":[{\"@type\":\"Article\",\"@id\":\"https:\/\/www.africa-press.net\/cotedivoire\/politique\/ahouzi-achi-jules-refuse-detre-associe-a-une-destabilisation-du-pdci-et-reaffirme-son-soutien-a-tidjane-thiam#article\",\"isPartOf\":{\"@id\":\"https:\/\/www.africa-press.net\/cotedivoire\/politique\/ahouzi-achi-jules-refuse-detre-associe-a-une-destabilisation-du-pdci-et-reaffirme-son-soutien-a-tidjane-thiam\"},\"author\":{\"name\":\"cfeditorfr\",\"@id\":\"https:\/\/www.africa-press.net\/cotedivoire\/#\/schema\/person\/2b1cf3cd81a31e3cd26889ca66d677f1\"},\"headline\":\"Ahouzi Achi Jules refuse d&rsquo;\u00eatre associ\u00e9 \u00e0 une d\u00e9stabilisation du PDCI et r\u00e9affirme son soutien \u00e0 Tidjane Thiam\",\"datePublished\":\"2025-03-29T19:21:57+00:00\",\"mainEntityOfPage\":{\"@id\":\"https:\/\/www.africa-press.net\/cotedivoire\/politique\/ahouzi-achi-jules-refuse-detre-associe-a-une-destabilisation-du-pdci-et-reaffirme-son-soutien-a-tidjane-thiam\"},\"wordCount\":542,\"commentCount\":0,\"image\":{\"@id\":\"https:\/\/www.africa-press.net\/cotedivoire\/politique\/ahouzi-achi-jules-refuse-detre-associe-a-une-destabilisation-du-pdci-et-reaffirme-son-soutien-a-tidjane-thiam#primaryimage\"},\"thumbnailUrl\":\"https:\/\/static.africa-press.net\/cote\/sites\/43\/2025\/03\/sm_1743265631.310836.jpg\",\"keywords\":[\"Ahouzi\",\"C\u00f4te d'Ivoire\",\"Pdci\",\"Thiam\",\"Val\u00e9rie\"],\"articleSection\":[\"Politique\",\"Toutes les actualit\u00e9s\"],\"inLanguage\":\"fr-FR\",\"potentialAction\":[{\"@type\":\"CommentAction\",\"name\":\"Comment\",\"target\":[\"https:\/\/www.africa-press.net\/cotedivoire\/politique\/ahouzi-achi-jules-refuse-detre-associe-a-une-destabilisation-du-pdci-et-reaffirme-son-soutien-a-tidjane-thiam#respond\"]}]},{\"@type\":\"WebPage\",\"@id\":\"https:\/\/www.africa-press.net\/cotedivoire\/politique\/ahouzi-achi-jules-refuse-detre-associe-a-une-destabilisation-du-pdci-et-reaffirme-son-soutien-a-tidjane-thiam\",\"url\":\"https:\/\/www.africa-press.net\/cotedivoire\/politique\/ahouzi-achi-jules-refuse-detre-associe-a-une-destabilisation-du-pdci-et-reaffirme-son-soutien-a-tidjane-thiam\",\"name\":\"Ahouzi Achi Jules refuse d'\u00eatre associ\u00e9 \u00e0 une d\u00e9stabilisation du PDCI et r\u00e9affirme son soutien \u00e0 Tidjane Thiam - C\u00f4te d&#039;Ivoire\",\"isPartOf\":{\"@id\":\"https:\/\/www.africa-press.net\/cotedivoire\/#website\"},\"primaryImageOfPage\":{\"@id\":\"https:\/\/www.africa-press.net\/cotedivoire\/politique\/ahouzi-achi-jules-refuse-detre-associe-a-une-destabilisation-du-pdci-et-reaffirme-son-soutien-a-tidjane-thiam#primaryimage\"},\"image\":{\"@id\":\"https:\/\/www.africa-press.net\/cotedivoire\/politique\/ahouzi-achi-jules-refuse-detre-associe-a-une-destabilisation-du-pdci-et-reaffirme-son-soutien-a-tidjane-thiam#primaryimage\"},\"thumbnailUrl\":\"https:\/\/static.africa-press.net\/cote\/sites\/43\/2025\/03\/sm_1743265631.310836.jpg\",\"datePublished\":\"2025-03-29T19:21:57+00:00\",\"author\":{\"@id\":\"https:\/\/www.africa-press.net\/cotedivoire\/#\/schema\/person\/2b1cf3cd81a31e3cd26889ca66d677f1\"},\"breadcrumb\":{\"@id\":\"https:\/\/www.africa-press.net\/cotedivoire\/politique\/ahouzi-achi-jules-refuse-detre-associe-a-une-destabilisation-du-pdci-et-reaffirme-son-soutien-a-tidjane-thiam#breadcrumb\"},\"inLanguage\":\"fr-FR\",\"potentialAction\":[{\"@type\":\"ReadAction\",\"target\":[\"https:\/\/www.africa-press.net\/cotedivoire\/politique\/ahouzi-achi-jules-refuse-detre-associe-a-une-destabilisation-du-pdci-et-reaffirme-son-soutien-a-tidjane-thiam\"]}]},{\"@type\":\"ImageObject\",\"inLanguage\":\"fr-FR\",\"@id\":\"https:\/\/www.africa-press.net\/cotedivoire\/politique\/ahouzi-achi-jules-refuse-detre-associe-a-une-destabilisation-du-pdci-et-reaffirme-son-soutien-a-tidjane-thiam#primaryimage\",\"url\":\"https:\/\/static.africa-press.net\/cote\/sites\/43\/2025\/03\/sm_1743265631.310836.jpg\",\"contentUrl\":\"https:\/\/static.africa-press.net\/cote\/sites\/43\/2025\/03\/sm_1743265631.310836.jpg\",\"width\":720,\"height\":540,\"caption\":\"Ahouzi Achi Jules refuse d'\u00eatre associ\u00e9 \u00e0 une d\u00e9stabilisation du PDCI et r\u00e9affirme son soutien \u00e0 Tidjane Thiam\"},{\"@type\":\"BreadcrumbList\",\"@id\":\"https:\/\/www.africa-press.net\/cotedivoire\/politique\/ahouzi-achi-jules-refuse-detre-associe-a-une-destabilisation-du-pdci-et-reaffirme-son-soutien-a-tidjane-thiam#breadcrumb\",\"itemListElement\":[{\"@type\":\"ListItem\",\"position\":1,\"name\":\"Accueil\",\"item\":\"https:\/\/www.africa-press.net\/cotedivoire\/\"},{\"@type\":\"ListItem\",\"position\":2,\"name\":\"Ahouzi Achi Jules refuse d&rsquo;\u00eatre associ\u00e9 \u00e0 une d\u00e9stabilisation du PDCI et r\u00e9affirme son soutien \u00e0 Tidjane Thiam\"}]},{\"@type\":\"WebSite\",\"@id\":\"https:\/\/www.africa-press.net\/cotedivoire\/#website\",\"url\":\"https:\/\/www.africa-press.net\/cotedivoire\/\",\"name\":\"C\u00f4te d&#039;Ivoire\",\"description\":\"Just another Africa News Agency Sites site\",\"potentialAction\":[{\"@type\":\"SearchAction\",\"target\":{\"@type\":\"EntryPoint\",\"urlTemplate\":\"https:\/\/www.africa-press.net\/cotedivoire\/?s={search_term_string}\"},\"query-input\":{\"@type\":\"PropertyValueSpecification\",\"valueRequired\":true,\"valueName\":\"search_term_string\"}}],\"inLanguage\":\"fr-FR\"},{\"@type\":\"Person\",\"@id\":\"https:\/\/www.africa-press.net\/cotedivoire\/#\/schema\/person\/2b1cf3cd81a31e3cd26889ca66d677f1\",\"name\":\"cfeditorfr\"}]}<\/script>\n<!-- \/ Yoast SEO Premium plugin. -->","yoast_head_json":{"title":"Ahouzi Achi Jules refuse d'\u00eatre associ\u00e9 \u00e0 une d\u00e9stabilisation du PDCI et r\u00e9affirme son soutien \u00e0 Tidjane Thiam - C\u00f4te d&#039;Ivoire","robots":{"index":"index","follow":"follow","max-snippet":"max-snippet:-1","max-image-preview":"max-image-preview:large","max-video-preview":"max-video-preview:-1"},"canonical":"https:\/\/www.africa-press.net\/cotedivoire\/politique\/ahouzi-achi-jules-refuse-detre-associe-a-une-destabilisation-du-pdci-et-reaffirme-son-soutien-a-tidjane-thiam","og_locale":"fr_FR","og_type":"article","og_title":"Ahouzi Achi Jules refuse d'\u00eatre associ\u00e9 \u00e0 une d\u00e9stabilisation du PDCI et r\u00e9affirme son soutien \u00e0 Tidjane Thiam","og_description":"Africa-Press &#8211; C\u00f4te d&rsquo;Ivoire. Lors d\u2019un point de presse organise\u0301 ce vendredi a\u0300 Abidjan-Cocody, Ahouzi Achi Jules, vice-pre\u0301sident du PDCI-RDA et ancien pre\u0301sident du Conseil de discipline du parti, a fermement rejete\u0301 la suppose\u0301e proposition de Mme Vale\u0301rie Yapo, qui l\u2019aurait sugge\u0301re\u0301 aux dires de Me Suy Bi pour le ro\u0302le d\u2019administrateur provisoire du PDCI-RDA. [&hellip;]","og_url":"https:\/\/www.africa-press.net\/cotedivoire\/politique\/ahouzi-achi-jules-refuse-detre-associe-a-une-destabilisation-du-pdci-et-reaffirme-son-soutien-a-tidjane-thiam","og_site_name":"C\u00f4te d&#039;Ivoire","article_published_time":"2025-03-29T19:21:57+00:00","author":"cfeditorfr","twitter_card":"summary_large_image","twitter_misc":{"\u00c9crit par":"cfeditorfr","Dur\u00e9e de lecture estim\u00e9e":"3 minutes"},"schema":{"@context":"https:\/\/schema.org","@graph":[{"@type":"Article","@id":"https:\/\/www.africa-press.net\/cotedivoire\/politique\/ahouzi-achi-jules-refuse-detre-associe-a-une-destabilisation-du-pdci-et-reaffirme-son-soutien-a-tidjane-thiam#article","isPartOf":{"@id":"https:\/\/www.africa-press.net\/cotedivoire\/politique\/ahouzi-achi-jules-refuse-detre-associe-a-une-destabilisation-du-pdci-et-reaffirme-son-soutien-a-tidjane-thiam"},"author":{"name":"cfeditorfr","@id":"https:\/\/www.africa-press.net\/cotedivoire\/#\/schema\/person\/2b1cf3cd81a31e3cd26889ca66d677f1"},"headline":"Ahouzi Achi Jules refuse d&rsquo;\u00eatre associ\u00e9 \u00e0 une d\u00e9stabilisation du PDCI et r\u00e9affirme son soutien \u00e0 Tidjane Thiam","datePublished":"2025-03-29T19:21:57+00:00","mainEntityOfPage":{"@id":"https:\/\/www.africa-press.net\/cotedivoire\/politique\/ahouzi-achi-jules-refuse-detre-associe-a-une-destabilisation-du-pdci-et-reaffirme-son-soutien-a-tidjane-thiam"},"wordCount":542,"commentCount":0,"image":{"@id":"https:\/\/www.africa-press.net\/cotedivoire\/politique\/ahouzi-achi-jules-refuse-detre-associe-a-une-destabilisation-du-pdci-et-reaffirme-son-soutien-a-tidjane-thiam#primaryimage"},"thumbnailUrl":"https:\/\/static.africa-press.net\/cote\/sites\/43\/2025\/03\/sm_1743265631.310836.jpg","keywords":["Ahouzi","C\u00f4te d'Ivoire","Pdci","Thiam","Val\u00e9rie"],"articleSection":["Politique","Toutes les actualit\u00e9s"],"inLanguage":"fr-FR","potentialAction":[{"@type":"CommentAction","name":"Comment","target":["https:\/\/www.africa-press.net\/cotedivoire\/politique\/ahouzi-achi-jules-refuse-detre-associe-a-une-destabilisation-du-pdci-et-reaffirme-son-soutien-a-tidjane-thiam#respond"]}]},{"@type":"WebPage","@id":"https:\/\/www.africa-press.net\/cotedivoire\/politique\/ahouzi-achi-jules-refuse-detre-associe-a-une-destabilisation-du-pdci-et-reaffirme-son-soutien-a-tidjane-thiam","url":"https:\/\/www.africa-press.net\/cotedivoire\/politique\/ahouzi-achi-jules-refuse-detre-associe-a-une-destabilisation-du-pdci-et-reaffirme-son-soutien-a-tidjane-thiam","name":"Ahouzi Achi Jules refuse d'\u00eatre associ\u00e9 \u00e0 une d\u00e9stabilisation du PDCI et r\u00e9affirme son soutien \u00e0 Tidjane Thiam - C\u00f4te d&#039;Ivoire","isPartOf":{"@id":"https:\/\/www.africa-press.net\/cotedivoire\/#website"},"primaryImageOfPage":{"@id":"https:\/\/www.africa-press.net\/cotedivoire\/politique\/ahouzi-achi-jules-refuse-detre-associe-a-une-destabilisation-du-pdci-et-reaffirme-son-soutien-a-tidjane-thiam#primaryimage"},"image":{"@id":"https:\/\/www.africa-press.net\/cotedivoire\/politique\/ahouzi-achi-jules-refuse-detre-associe-a-une-destabilisation-du-pdci-et-reaffirme-son-soutien-a-tidjane-thiam#primaryimage"},"thumbnailUrl":"https:\/\/static.africa-press.net\/cote\/sites\/43\/2025\/03\/sm_1743265631.310836.jpg","datePublished":"2025-03-29T19:21:57+00:00","author":{"@id":"https:\/\/www.africa-press.net\/cotedivoire\/#\/schema\/person\/2b1cf3cd81a31e3cd26889ca66d677f1"},"breadcrumb":{"@id":"https:\/\/www.africa-press.net\/cotedivoire\/politique\/ahouzi-achi-jules-refuse-detre-associe-a-une-destabilisation-du-pdci-et-reaffirme-son-soutien-a-tidjane-thiam#breadcrumb"},"inLanguage":"fr-FR","potentialAction":[{"@type":"ReadAction","target":["https:\/\/www.africa-press.net\/cotedivoire\/politique\/ahouzi-achi-jules-refuse-detre-associe-a-une-destabilisation-du-pdci-et-reaffirme-son-soutien-a-tidjane-thiam"]}]},{"@type":"ImageObject","inLanguage":"fr-FR","@id":"https:\/\/www.africa-press.net\/cotedivoire\/politique\/ahouzi-achi-jules-refuse-detre-associe-a-une-destabilisation-du-pdci-et-reaffirme-son-soutien-a-tidjane-thiam#primaryimage","url":"https:\/\/static.africa-press.net\/cote\/sites\/43\/2025\/03\/sm_1743265631.310836.jpg","contentUrl":"https:\/\/static.africa-press.net\/cote\/sites\/43\/2025\/03\/sm_1743265631.310836.jpg","width":720,"height":540,"caption":"Ahouzi Achi Jules refuse d'\u00eatre associ\u00e9 \u00e0 une d\u00e9stabilisation du PDCI et r\u00e9affirme son soutien \u00e0 Tidjane Thiam"},{"@type":"BreadcrumbList","@id":"https:\/\/www.africa-press.net\/cotedivoire\/politique\/ahouzi-achi-jules-refuse-detre-associe-a-une-destabilisation-du-pdci-et-reaffirme-son-soutien-a-tidjane-thiam#breadcrumb","itemListElement":[{"@type":"ListItem","position":1,"name":"Accueil","item":"https:\/\/www.africa-press.net\/cotedivoire\/"},{"@type":"ListItem","position":2,"name":"Ahouzi Achi Jules refuse d&rsquo;\u00eatre associ\u00e9 \u00e0 une d\u00e9stabilisation du PDCI et r\u00e9affirme son soutien \u00e0 Tidjane Thiam"}]},{"@type":"WebSite","@id":"https:\/\/www.africa-press.net\/cotedivoire\/#website","url":"https:\/\/www.africa-press.net\/cotedivoire\/","name":"C\u00f4te d&#039;Ivoire","description":"Just another Africa News Agency Sites site","potentialAction":[{"@type":"SearchAction","target":{"@type":"EntryPoint","urlTemplate":"https:\/\/www.africa-press.net\/cotedivoire\/?s={search_term_string}"},"query-input":{"@type":"PropertyValueSpecification","valueRequired":true,"valueName":"search_term_string"}}],"inLanguage":"fr-FR"},{"@type":"Person","@id":"https:\/\/www.africa-press.net\/cotedivoire\/#\/schema\/person\/2b1cf3cd81a31e3cd26889ca66d677f1","name":"cfeditorfr"}]}},"_links":{"self":[{"href":"https:\/\/www.africa-press.net\/cotedivoire\/wp-json\/wp\/v2\/posts\/96877","targetHints":{"allow":["GET"]}}],"collection":[{"href":"https:\/\/www.africa-press.net\/cotedivoire\/wp-json\/wp\/v2\/posts"}],"about":[{"href":"https:\/\/www.africa-press.net\/cotedivoire\/wp-json\/wp\/v2\/types\/post"}],"author":[{"embeddable":true,"href":"https:\/\/www.africa-press.net\/cotedivoire\/wp-json\/wp\/v2\/users\/82"}],"replies":[{"embeddable":true,"href":"https:\/\/www.africa-press.net\/cotedivoire\/wp-json\/wp\/v2\/comments?post=96877"}],"version-history":[{"count":0,"href":"https:\/\/www.africa-press.net\/cotedivoire\/wp-json\/wp\/v2\/posts\/96877\/revisions"}],"wp:featuredmedia":[{"embeddable":true,"href":"https:\/\/www.africa-press.net\/cotedivoire\/wp-json\/wp\/v2\/media\/96876"}],"wp:attachment":[{"href":"https:\/\/www.africa-press.net\/cotedivoire\/wp-json\/wp\/v2\/media?parent=96877"}],"wp:term":[{"taxonomy":"category","embeddable":true,"href":"https:\/\/www.africa-press.net\/cotedivoire\/wp-json\/wp\/v2\/categories?post=96877"},{"taxonomy":"post_tag","embeddable":true,"href":"https:\/\/www.africa-press.net\/cotedivoire\/wp-json\/wp\/v2\/tags?post=96877"}],"curies":[{"name":"wp","href":"https:\/\/api.w.org\/{rel}","templated":true}]}}