{"id":9699,"date":"2021-07-04T16:37:08","date_gmt":"2021-07-04T16:37:08","guid":{"rendered":"https:\/\/www.africa-press.net\/cotedivoire\/?p=9699"},"modified":"2021-07-06T19:52:49","modified_gmt":"2021-07-06T19:52:49","slug":"en-cote-divoire-le-gouvernement-annonce-la-fin-des-rationnements-de-lelectricite","status":"publish","type":"post","link":"https:\/\/www.africa-press.net\/cotedivoire\/economie\/en-cote-divoire-le-gouvernement-annonce-la-fin-des-rationnements-de-lelectricite","title":{"rendered":"En C\u00f4te-d\u2019Ivoire le gouvernement annonce la fin des rationnements de l\u2019\u00e9lectricit\u00e9"},"content":{"rendered":"<p><span style=\"color: #ff6600\"><strong><a href=\"https:\/\/www.africa-press.net\/\">Africa-Press<\/a> &#8211; <a href=\"https:\/\/www.africa-press.net\/cotedivoire\">C\u00f4te d&rsquo;Ivoire<\/a>. <\/strong><\/span>Le ministre des Mines, du P\u00e9trole et de l\u2019Energie, Thomas Camara a annonc\u00e9, vendredi 02 juillet 2021, \u00e0 Abidjan, la fin du rationnement de l\u2019\u00e9lectricit\u00e9 depuis le 25 juin 2021 pour les m\u00e9nages et celui des industriels interviendra le 15 juillet.<\/p>\n<p>\u00ab Depuis le 25 juin 2021, le rationnement de la fourniture de l\u2019\u00e9lectricit\u00e9 aux m\u00e9nages a pris fin. Les m\u00e9nages sont d\u00e9sormais approvisionn\u00e9s de fa\u00e7on continue en \u00e9lectricit\u00e9, sous r\u00e9serve de certaines pannes et de quelques petits probl\u00e8mes. Au niveau des industriels, \u00e0 partir du 15 juillet 2021, le rationnement prendra fin. Ils seront r\u00e9guli\u00e8rement fournis en \u00e9lectricit\u00e9 \u00bb, a promis M. Camara aux terme d\u2019une r\u00e9union pr\u00e9sid\u00e9e par le Premier ministre, Patrick Achi, avec les industriels sur la chert\u00e9 de la vie.<\/p>\n<p>Le Premier ministre a rassur\u00e9 certains industriels qui sont dans une logique d\u2019importation de groupes \u00e9lectrog\u00e8nes pour alimenter leurs usines que le r\u00e9seau \u00e9lectrique ivoirien a une grande puissance capable de combler tous les besoins.<\/p>\n<p>Le programme de rationalisation de l\u2019\u00e9lectricit\u00e9 mis en place le 10 mai 2021 a impact\u00e9 le prix de plusieurs produits en C\u00f4te d\u2019Ivoire notamment le ciment et la viande.<\/p>\n<p>Les trois grands principes \u00e9tablis pour le fonctionnement de ce programme demeurent les deux plages horaires de rationnement d\u2019une dur\u00e9e de six heures, les plages altern\u00e9es chaque semaine, et l\u2019exclusion de la journ\u00e9e du dimanche du programme de rationnement.<\/p>\n<p>Sur la p\u00e9riode 2011-2020, les financements mobilis\u00e9s dans le secteur de l\u2019\u00e9nergie en C\u00f4te d\u2019Ivoire sont estim\u00e9s \u00e0 environ 3.039 milliards FCFA dont 1.594 milliards FCFA de projets r\u00e9alis\u00e9s et 1.445 milliards FCFA de projets en cours de r\u00e9alisation sur les segments de la production, du transport, de la distribution, de l\u2019\u00e9lectrification rurale et de la t\u00e9leconduite.<\/p>\n<p>Sur la p\u00e9riode 2021-2030, le montant global des investissements est estim\u00e9 \u00e0 4.465 milliards FCFA dont 2.582 milliards de projets en cours d\u2019instruction et 1.883 milliards FCFA \u00e0 financer pour l\u2019ensemble des investissements planifi\u00e9s.<\/p>\n<p>&nbsp;<\/p>\n","protected":false},"excerpt":{"rendered":"<p>Africa-Press &#8211; C\u00f4te d&rsquo;Ivoire. Le ministre des Mines, du P\u00e9trole et de l\u2019Energie, Thomas Camara a annonc\u00e9, vendredi 02 juillet 2021, \u00e0 Abidjan, la fin du rationnement de l\u2019\u00e9lectricit\u00e9 depuis le 25 juin 2021 pour les m\u00e9nages et celui des industriels interviendra le 15 juillet. \u00ab Depuis le 25 juin 2021, le rationnement de la [&hellip;]<\/p>\n","protected":false},"author":82,"featured_media":9698,"comment_status":"open","ping_status":"closed","sticky":false,"template":"","format":"standard","meta":{"footnotes":""},"categories":[3,11,20,10],"tags":[56,63,29],"class_list":["post-9699","post","type-post","status-publish","format-standard","has-post-thumbnail","hentry","category-economie","category-homepage-french","category-top-nouvelles","category-toutes-les-actualites","tag-africa-press","tag-africa-press-cote-divoire","tag-cote-divoire"],"yoast_head":"<!-- This site is optimized with the Yoast SEO Premium plugin v26.1 (Yoast SEO v27.0) - https:\/\/yoast.com\/product\/yoast-seo-premium-wordpress\/ -->\n<title>En C\u00f4te-d\u2019Ivoire le gouvernement annonce la fin des rationnements de l\u2019\u00e9lectricit\u00e9 - C\u00f4te d&#039;Ivoire<\/title>\n<meta name=\"description\" content=\"Le ministre des Mines, du P\u00e9trole et de l\u2019Energie, Thomas Camara a annonc\u00e9, vendredi 02 juillet 2021, \u00e0 Abidjan, la fin ...\" \/>\n<meta name=\"robots\" content=\"index, follow, max-snippet:-1, max-image-preview:large, max-video-preview:-1\" \/>\n<link rel=\"canonical\" href=\"https:\/\/www.africa-press.net\/cotedivoire\/economie\/en-cote-divoire-le-gouvernement-annonce-la-fin-des-rationnements-de-lelectricite\" \/>\n<meta property=\"og:locale\" content=\"fr_FR\" \/>\n<meta property=\"og:type\" content=\"article\" \/>\n<meta property=\"og:title\" content=\"En C\u00f4te-d\u2019Ivoire le gouvernement annonce la fin des rationnements de l\u2019\u00e9lectricit\u00e9\" \/>\n<meta property=\"og:description\" content=\"Le ministre des Mines, du P\u00e9trole et de l\u2019Energie, Thomas Camara a annonc\u00e9, vendredi 02 juillet 2021, \u00e0 Abidjan, la fin ...\" \/>\n<meta property=\"og:url\" content=\"https:\/\/www.africa-press.net\/cotedivoire\/economie\/en-cote-divoire-le-gouvernement-annonce-la-fin-des-rationnements-de-lelectricite\" \/>\n<meta property=\"og:site_name\" content=\"C\u00f4te d&#039;Ivoire\" \/>\n<meta property=\"article:published_time\" content=\"2021-07-04T16:37:08+00:00\" \/>\n<meta property=\"article:modified_time\" content=\"2021-07-06T19:52:49+00:00\" \/>\n<meta property=\"og:image\" content=\"https:\/\/static.africa-press.net\/cote\/sites\/43\/2021\/07\/img-60e1e2777161f.jpg\" \/>\n\t<meta property=\"og:image:width\" content=\"825\" \/>\n\t<meta property=\"og:image:height\" content=\"425\" \/>\n\t<meta property=\"og:image:type\" content=\"image\/jpeg\" \/>\n<meta name=\"author\" content=\"cfeditorfr\" \/>\n<meta name=\"twitter:card\" content=\"summary_large_image\" \/>\n<meta name=\"twitter:label1\" content=\"\u00c9crit par\" \/>\n\t<meta name=\"twitter:data1\" content=\"cfeditorfr\" \/>\n\t<meta name=\"twitter:label2\" content=\"Dur\u00e9e de lecture estim\u00e9e\" \/>\n\t<meta name=\"twitter:data2\" content=\"2 minutes\" \/>\n<script type=\"application\/ld+json\" class=\"yoast-schema-graph\">{\"@context\":\"https:\/\/schema.org\",\"@graph\":[{\"@type\":\"Article\",\"@id\":\"https:\/\/www.africa-press.net\/cotedivoire\/economie\/en-cote-divoire-le-gouvernement-annonce-la-fin-des-rationnements-de-lelectricite#article\",\"isPartOf\":{\"@id\":\"https:\/\/www.africa-press.net\/cotedivoire\/economie\/en-cote-divoire-le-gouvernement-annonce-la-fin-des-rationnements-de-lelectricite\"},\"author\":{\"name\":\"cfeditorfr\",\"@id\":\"https:\/\/www.africa-press.net\/cotedivoire\/#\/schema\/person\/2b1cf3cd81a31e3cd26889ca66d677f1\"},\"headline\":\"En C\u00f4te-d\u2019Ivoire le gouvernement annonce la fin des rationnements de l\u2019\u00e9lectricit\u00e9\",\"datePublished\":\"2021-07-04T16:37:08+00:00\",\"dateModified\":\"2021-07-06T19:52:49+00:00\",\"mainEntityOfPage\":{\"@id\":\"https:\/\/www.africa-press.net\/cotedivoire\/economie\/en-cote-divoire-le-gouvernement-annonce-la-fin-des-rationnements-de-lelectricite\"},\"wordCount\":359,\"commentCount\":0,\"image\":{\"@id\":\"https:\/\/www.africa-press.net\/cotedivoire\/economie\/en-cote-divoire-le-gouvernement-annonce-la-fin-des-rationnements-de-lelectricite#primaryimage\"},\"thumbnailUrl\":\"https:\/\/static.africa-press.net\/cote\/sites\/43\/2021\/07\/img-60e1e2777161f.jpg\",\"keywords\":[\"Africa Press\",\"Africa Press-C\u00f4te d'Ivoire\",\"C\u00d4TE D'IVOIRE\"],\"articleSection\":[\"\u00c9conomie\",\"homepage-french\",\"Top Nouvelles\",\"Toutes les actualit\u00e9s\"],\"inLanguage\":\"fr-FR\",\"potentialAction\":[{\"@type\":\"CommentAction\",\"name\":\"Comment\",\"target\":[\"https:\/\/www.africa-press.net\/cotedivoire\/economie\/en-cote-divoire-le-gouvernement-annonce-la-fin-des-rationnements-de-lelectricite#respond\"]}]},{\"@type\":\"WebPage\",\"@id\":\"https:\/\/www.africa-press.net\/cotedivoire\/economie\/en-cote-divoire-le-gouvernement-annonce-la-fin-des-rationnements-de-lelectricite\",\"url\":\"https:\/\/www.africa-press.net\/cotedivoire\/economie\/en-cote-divoire-le-gouvernement-annonce-la-fin-des-rationnements-de-lelectricite\",\"name\":\"En C\u00f4te-d\u2019Ivoire le gouvernement annonce la fin des rationnements de l\u2019\u00e9lectricit\u00e9 - C\u00f4te d&#039;Ivoire\",\"isPartOf\":{\"@id\":\"https:\/\/www.africa-press.net\/cotedivoire\/#website\"},\"primaryImageOfPage\":{\"@id\":\"https:\/\/www.africa-press.net\/cotedivoire\/economie\/en-cote-divoire-le-gouvernement-annonce-la-fin-des-rationnements-de-lelectricite#primaryimage\"},\"image\":{\"@id\":\"https:\/\/www.africa-press.net\/cotedivoire\/economie\/en-cote-divoire-le-gouvernement-annonce-la-fin-des-rationnements-de-lelectricite#primaryimage\"},\"thumbnailUrl\":\"https:\/\/static.africa-press.net\/cote\/sites\/43\/2021\/07\/img-60e1e2777161f.jpg\",\"datePublished\":\"2021-07-04T16:37:08+00:00\",\"dateModified\":\"2021-07-06T19:52:49+00:00\",\"author\":{\"@id\":\"https:\/\/www.africa-press.net\/cotedivoire\/#\/schema\/person\/2b1cf3cd81a31e3cd26889ca66d677f1\"},\"description\":\"Le ministre des Mines, du P\u00e9trole et de l\u2019Energie, Thomas Camara a annonc\u00e9, vendredi 02 juillet 2021, \u00e0 Abidjan, la fin ...\",\"breadcrumb\":{\"@id\":\"https:\/\/www.africa-press.net\/cotedivoire\/economie\/en-cote-divoire-le-gouvernement-annonce-la-fin-des-rationnements-de-lelectricite#breadcrumb\"},\"inLanguage\":\"fr-FR\",\"potentialAction\":[{\"@type\":\"ReadAction\",\"target\":[\"https:\/\/www.africa-press.net\/cotedivoire\/economie\/en-cote-divoire-le-gouvernement-annonce-la-fin-des-rationnements-de-lelectricite\"]}]},{\"@type\":\"ImageObject\",\"inLanguage\":\"fr-FR\",\"@id\":\"https:\/\/www.africa-press.net\/cotedivoire\/economie\/en-cote-divoire-le-gouvernement-annonce-la-fin-des-rationnements-de-lelectricite#primaryimage\",\"url\":\"https:\/\/static.africa-press.net\/cote\/sites\/43\/2021\/07\/img-60e1e2777161f.jpg\",\"contentUrl\":\"https:\/\/static.africa-press.net\/cote\/sites\/43\/2021\/07\/img-60e1e2777161f.jpg\",\"width\":825,\"height\":425,\"caption\":\"En C\u00f4te-d\u2019Ivoire le gouvernement annonce la fin des rationnements de l\u2019\u00e9lectricit\u00e9\"},{\"@type\":\"BreadcrumbList\",\"@id\":\"https:\/\/www.africa-press.net\/cotedivoire\/economie\/en-cote-divoire-le-gouvernement-annonce-la-fin-des-rationnements-de-lelectricite#breadcrumb\",\"itemListElement\":[{\"@type\":\"ListItem\",\"position\":1,\"name\":\"Accueil\",\"item\":\"https:\/\/www.africa-press.net\/cotedivoire\/\"},{\"@type\":\"ListItem\",\"position\":2,\"name\":\"En C\u00f4te-d\u2019Ivoire le gouvernement annonce la fin des rationnements de l\u2019\u00e9lectricit\u00e9\"}]},{\"@type\":\"WebSite\",\"@id\":\"https:\/\/www.africa-press.net\/cotedivoire\/#website\",\"url\":\"https:\/\/www.africa-press.net\/cotedivoire\/\",\"name\":\"C\u00f4te d&#039;Ivoire\",\"description\":\"Just another Africa News Agency Sites site\",\"potentialAction\":[{\"@type\":\"SearchAction\",\"target\":{\"@type\":\"EntryPoint\",\"urlTemplate\":\"https:\/\/www.africa-press.net\/cotedivoire\/?s={search_term_string}\"},\"query-input\":{\"@type\":\"PropertyValueSpecification\",\"valueRequired\":true,\"valueName\":\"search_term_string\"}}],\"inLanguage\":\"fr-FR\"},{\"@type\":\"Person\",\"@id\":\"https:\/\/www.africa-press.net\/cotedivoire\/#\/schema\/person\/2b1cf3cd81a31e3cd26889ca66d677f1\",\"name\":\"cfeditorfr\"}]}<\/script>\n<!-- \/ Yoast SEO Premium plugin. -->","yoast_head_json":{"title":"En C\u00f4te-d\u2019Ivoire le gouvernement annonce la fin des rationnements de l\u2019\u00e9lectricit\u00e9 - C\u00f4te d&#039;Ivoire","description":"Le ministre des Mines, du P\u00e9trole et de l\u2019Energie, Thomas Camara a annonc\u00e9, vendredi 02 juillet 2021, \u00e0 Abidjan, la fin ...","robots":{"index":"index","follow":"follow","max-snippet":"max-snippet:-1","max-image-preview":"max-image-preview:large","max-video-preview":"max-video-preview:-1"},"canonical":"https:\/\/www.africa-press.net\/cotedivoire\/economie\/en-cote-divoire-le-gouvernement-annonce-la-fin-des-rationnements-de-lelectricite","og_locale":"fr_FR","og_type":"article","og_title":"En C\u00f4te-d\u2019Ivoire le gouvernement annonce la fin des rationnements de l\u2019\u00e9lectricit\u00e9","og_description":"Le ministre des Mines, du P\u00e9trole et de l\u2019Energie, Thomas Camara a annonc\u00e9, vendredi 02 juillet 2021, \u00e0 Abidjan, la fin ...","og_url":"https:\/\/www.africa-press.net\/cotedivoire\/economie\/en-cote-divoire-le-gouvernement-annonce-la-fin-des-rationnements-de-lelectricite","og_site_name":"C\u00f4te d&#039;Ivoire","article_published_time":"2021-07-04T16:37:08+00:00","article_modified_time":"2021-07-06T19:52:49+00:00","og_image":[{"width":825,"height":425,"url":"https:\/\/static.africa-press.net\/cote\/sites\/43\/2021\/07\/img-60e1e2777161f.jpg","type":"image\/jpeg"}],"author":"cfeditorfr","twitter_card":"summary_large_image","twitter_misc":{"\u00c9crit par":"cfeditorfr","Dur\u00e9e de lecture estim\u00e9e":"2 minutes"},"schema":{"@context":"https:\/\/schema.org","@graph":[{"@type":"Article","@id":"https:\/\/www.africa-press.net\/cotedivoire\/economie\/en-cote-divoire-le-gouvernement-annonce-la-fin-des-rationnements-de-lelectricite#article","isPartOf":{"@id":"https:\/\/www.africa-press.net\/cotedivoire\/economie\/en-cote-divoire-le-gouvernement-annonce-la-fin-des-rationnements-de-lelectricite"},"author":{"name":"cfeditorfr","@id":"https:\/\/www.africa-press.net\/cotedivoire\/#\/schema\/person\/2b1cf3cd81a31e3cd26889ca66d677f1"},"headline":"En C\u00f4te-d\u2019Ivoire le gouvernement annonce la fin des rationnements de l\u2019\u00e9lectricit\u00e9","datePublished":"2021-07-04T16:37:08+00:00","dateModified":"2021-07-06T19:52:49+00:00","mainEntityOfPage":{"@id":"https:\/\/www.africa-press.net\/cotedivoire\/economie\/en-cote-divoire-le-gouvernement-annonce-la-fin-des-rationnements-de-lelectricite"},"wordCount":359,"commentCount":0,"image":{"@id":"https:\/\/www.africa-press.net\/cotedivoire\/economie\/en-cote-divoire-le-gouvernement-annonce-la-fin-des-rationnements-de-lelectricite#primaryimage"},"thumbnailUrl":"https:\/\/static.africa-press.net\/cote\/sites\/43\/2021\/07\/img-60e1e2777161f.jpg","keywords":["Africa Press","Africa Press-C\u00f4te d'Ivoire","C\u00d4TE D'IVOIRE"],"articleSection":["\u00c9conomie","homepage-french","Top Nouvelles","Toutes les actualit\u00e9s"],"inLanguage":"fr-FR","potentialAction":[{"@type":"CommentAction","name":"Comment","target":["https:\/\/www.africa-press.net\/cotedivoire\/economie\/en-cote-divoire-le-gouvernement-annonce-la-fin-des-rationnements-de-lelectricite#respond"]}]},{"@type":"WebPage","@id":"https:\/\/www.africa-press.net\/cotedivoire\/economie\/en-cote-divoire-le-gouvernement-annonce-la-fin-des-rationnements-de-lelectricite","url":"https:\/\/www.africa-press.net\/cotedivoire\/economie\/en-cote-divoire-le-gouvernement-annonce-la-fin-des-rationnements-de-lelectricite","name":"En C\u00f4te-d\u2019Ivoire le gouvernement annonce la fin des rationnements de l\u2019\u00e9lectricit\u00e9 - C\u00f4te d&#039;Ivoire","isPartOf":{"@id":"https:\/\/www.africa-press.net\/cotedivoire\/#website"},"primaryImageOfPage":{"@id":"https:\/\/www.africa-press.net\/cotedivoire\/economie\/en-cote-divoire-le-gouvernement-annonce-la-fin-des-rationnements-de-lelectricite#primaryimage"},"image":{"@id":"https:\/\/www.africa-press.net\/cotedivoire\/economie\/en-cote-divoire-le-gouvernement-annonce-la-fin-des-rationnements-de-lelectricite#primaryimage"},"thumbnailUrl":"https:\/\/static.africa-press.net\/cote\/sites\/43\/2021\/07\/img-60e1e2777161f.jpg","datePublished":"2021-07-04T16:37:08+00:00","dateModified":"2021-07-06T19:52:49+00:00","author":{"@id":"https:\/\/www.africa-press.net\/cotedivoire\/#\/schema\/person\/2b1cf3cd81a31e3cd26889ca66d677f1"},"description":"Le ministre des Mines, du P\u00e9trole et de l\u2019Energie, Thomas Camara a annonc\u00e9, vendredi 02 juillet 2021, \u00e0 Abidjan, la fin ...","breadcrumb":{"@id":"https:\/\/www.africa-press.net\/cotedivoire\/economie\/en-cote-divoire-le-gouvernement-annonce-la-fin-des-rationnements-de-lelectricite#breadcrumb"},"inLanguage":"fr-FR","potentialAction":[{"@type":"ReadAction","target":["https:\/\/www.africa-press.net\/cotedivoire\/economie\/en-cote-divoire-le-gouvernement-annonce-la-fin-des-rationnements-de-lelectricite"]}]},{"@type":"ImageObject","inLanguage":"fr-FR","@id":"https:\/\/www.africa-press.net\/cotedivoire\/economie\/en-cote-divoire-le-gouvernement-annonce-la-fin-des-rationnements-de-lelectricite#primaryimage","url":"https:\/\/static.africa-press.net\/cote\/sites\/43\/2021\/07\/img-60e1e2777161f.jpg","contentUrl":"https:\/\/static.africa-press.net\/cote\/sites\/43\/2021\/07\/img-60e1e2777161f.jpg","width":825,"height":425,"caption":"En C\u00f4te-d\u2019Ivoire le gouvernement annonce la fin des rationnements de l\u2019\u00e9lectricit\u00e9"},{"@type":"BreadcrumbList","@id":"https:\/\/www.africa-press.net\/cotedivoire\/economie\/en-cote-divoire-le-gouvernement-annonce-la-fin-des-rationnements-de-lelectricite#breadcrumb","itemListElement":[{"@type":"ListItem","position":1,"name":"Accueil","item":"https:\/\/www.africa-press.net\/cotedivoire\/"},{"@type":"ListItem","position":2,"name":"En C\u00f4te-d\u2019Ivoire le gouvernement annonce la fin des rationnements de l\u2019\u00e9lectricit\u00e9"}]},{"@type":"WebSite","@id":"https:\/\/www.africa-press.net\/cotedivoire\/#website","url":"https:\/\/www.africa-press.net\/cotedivoire\/","name":"C\u00f4te d&#039;Ivoire","description":"Just another Africa News Agency Sites site","potentialAction":[{"@type":"SearchAction","target":{"@type":"EntryPoint","urlTemplate":"https:\/\/www.africa-press.net\/cotedivoire\/?s={search_term_string}"},"query-input":{"@type":"PropertyValueSpecification","valueRequired":true,"valueName":"search_term_string"}}],"inLanguage":"fr-FR"},{"@type":"Person","@id":"https:\/\/www.africa-press.net\/cotedivoire\/#\/schema\/person\/2b1cf3cd81a31e3cd26889ca66d677f1","name":"cfeditorfr"}]}},"_links":{"self":[{"href":"https:\/\/www.africa-press.net\/cotedivoire\/wp-json\/wp\/v2\/posts\/9699","targetHints":{"allow":["GET"]}}],"collection":[{"href":"https:\/\/www.africa-press.net\/cotedivoire\/wp-json\/wp\/v2\/posts"}],"about":[{"href":"https:\/\/www.africa-press.net\/cotedivoire\/wp-json\/wp\/v2\/types\/post"}],"author":[{"embeddable":true,"href":"https:\/\/www.africa-press.net\/cotedivoire\/wp-json\/wp\/v2\/users\/82"}],"replies":[{"embeddable":true,"href":"https:\/\/www.africa-press.net\/cotedivoire\/wp-json\/wp\/v2\/comments?post=9699"}],"version-history":[{"count":0,"href":"https:\/\/www.africa-press.net\/cotedivoire\/wp-json\/wp\/v2\/posts\/9699\/revisions"}],"wp:featuredmedia":[{"embeddable":true,"href":"https:\/\/www.africa-press.net\/cotedivoire\/wp-json\/wp\/v2\/media\/9698"}],"wp:attachment":[{"href":"https:\/\/www.africa-press.net\/cotedivoire\/wp-json\/wp\/v2\/media?parent=9699"}],"wp:term":[{"taxonomy":"category","embeddable":true,"href":"https:\/\/www.africa-press.net\/cotedivoire\/wp-json\/wp\/v2\/categories?post=9699"},{"taxonomy":"post_tag","embeddable":true,"href":"https:\/\/www.africa-press.net\/cotedivoire\/wp-json\/wp\/v2\/tags?post=9699"}],"curies":[{"name":"wp","href":"https:\/\/api.w.org\/{rel}","templated":true}]}}