{"id":96990,"date":"2025-04-02T18:43:53","date_gmt":"2025-04-02T18:43:53","guid":{"rendered":"https:\/\/www.africa-press.net\/cotedivoire\/politique\/affaire-valerie-yapo-thiam-des-militants-du-pdci-prennent-dassaut-le-plateau-ambiance-electrique"},"modified":"2025-04-02T18:43:53","modified_gmt":"2025-04-02T18:43:53","slug":"affaire-valerie-yapo-thiam-des-militants-du-pdci-prennent-dassaut-le-plateau-ambiance-electrique","status":"publish","type":"post","link":"https:\/\/www.africa-press.net\/cotedivoire\/politique\/affaire-valerie-yapo-thiam-des-militants-du-pdci-prennent-dassaut-le-plateau-ambiance-electrique","title":{"rendered":"Affaire Val\u00e9rie Yapo-Thiam, des militants du PDCI prennent d&rsquo;assaut le Plateau, ambiance \u00e9lectrique"},"content":{"rendered":"<p><span style=\"color: #ff6600\"><strong>Africa-Press &#8211; C\u00f4te d&rsquo;Ivoire. <\/strong><\/span>L\u2019audience de l\u2019affaire opposant le pre\u0301sident du PDCI-RDA, Tidjane Thiam a\u0300 Vale\u0301rie Yapo se tient ce mercredi 02 avril 2025, au tribunal de premie\u0300re instance d\u2019Abidjan-Plateau.<\/p>\n<p>Avant le verdict tant attendu, des de\u0301pute\u0301s du parti de l\u2019opposition et des militants ont pris d\u2019assaut la commune du Plateau.<\/p>\n<p>Ils se dirigeaient vers le tribunal ou\u0300 un impressionnant dispositif se\u0301curitaire a e\u0301te\u0301 de\u0301ploye\u0301 pour se\u0301curiser la tenue de l&rsquo;audience en re\u0301fe\u0301re\u0301 quand ils ont e\u0301te\u0301 refoule\u0301s par les forces de la Police nationale.<\/p>\n<p>Plusieurs de\u0301pute\u0301s du groupe parlementaire PDCI-RDA, dont son pre\u0301sident Simon Doho, ainsi que les e\u0301lus Aby Raoul et Jacques Ehouo, ont e\u0301te\u0301 refoule\u0301s par les forces de l\u2019ordre alors qu\u2019ils tentaient d\u2019acce\u0301der a\u0300 la salle d\u2019audience. Leur intention e\u0301tait de soutenir symboliquement leur parti, directement concerne\u0301 par cette affaire judiciaire aux ramifications politiques sensibles.<\/p>\n<p>Les parlementaires, accompagne\u0301s de militants du PDCI-RDA, se sont heurte\u0301s a\u0300 un refus cate\u0301gorique des e\u0301le\u0301ments de la police nationale, qui ont invoque\u0301 des \u00ab consignes de se\u0301curite\u0301 \u00bb pour justifier leur de\u0301cision. Les e\u0301changes, bien que non violents, ont e\u0301te\u0301 tendus, relanc\u0327ant le de\u0301bat sur la liberte\u0301 de circulation des e\u0301lus et le droit a\u0300 un proce\u0300s e\u0301quitable.<\/p>\n<p>Au c\u0153ur de cette affaire, une histoire de rivalite\u0301s internes au sein du Pdci.<\/p>\n<p>Les de\u0301pute\u0301s du PDCI-RDA ont fustige\u0301 une \u00ab entrave de\u0301mocratique \u00bb, qualifiant l\u2019incident de \u00ab man\u0153uvre pour e\u0301touffer les voix dissidentes \u00bb.<\/p>\n<p>Selon notre constat sur place, l\u2019ambiance e\u0301tait e\u0301lectrique aux abords du tribunal, mais maitrise\u0301e par les forces de l&rsquo;ordre bien organise\u0301es et stoiques face aux provocations verbales et parfois physiques. Ces militants du PDCI RDA, supporters de Yapo d&rsquo;un co\u0302te\u0301 et de Thiam de l&rsquo;autre, retiennent leur souffle en attendant le verdict de la justice.<\/p>\n<p><strong>Pour plus d&rsquo;informations et d&rsquo;analyses sur la <span style=\"color: #ff6600\">C\u00f4te d&rsquo;Ivoire<\/span>, suivez <span style=\"color: #ff6600\">Africa-Press<span style=\"color: #ff6600\"><\/span><\/strong><\/p>\n","protected":false},"excerpt":{"rendered":"<p>Africa-Press &#8211; C\u00f4te d&rsquo;Ivoire. L\u2019audience de l\u2019affaire opposant le pre\u0301sident du PDCI-RDA, Tidjane Thiam a\u0300 Vale\u0301rie Yapo se tient ce mercredi 02 avril 2025, au tribunal de premie\u0300re instance d\u2019Abidjan-Plateau. Avant le verdict tant attendu, des de\u0301pute\u0301s du parti de l\u2019opposition et des militants ont pris d\u2019assaut la commune du Plateau. Ils se dirigeaient vers [&hellip;]<\/p>\n","protected":false},"author":82,"featured_media":96989,"comment_status":"open","ping_status":"closed","sticky":false,"template":"","format":"standard","meta":{"footnotes":""},"categories":[2,10],"tags":[17264,37,3713,1853,423,309,1547,945,14064],"class_list":["post-96990","post","type-post","status-publish","format-standard","has-post-thumbnail","hentry","category-politique","category-toutes-les-actualites","tag-ambiance","tag-cote-divoire-2","tag-electrique","tag-militants","tag-pdci","tag-police","tag-thiam","tag-tribunal","tag-yapo"],"yoast_head":"<!-- This site is optimized with the Yoast SEO Premium plugin v26.1 (Yoast SEO v27.0) - https:\/\/yoast.com\/product\/yoast-seo-premium-wordpress\/ -->\n<title>Affaire Val\u00e9rie Yapo-Thiam, des militants du PDCI prennent d&#039;assaut le Plateau, ambiance \u00e9lectrique - C\u00f4te d&#039;Ivoire<\/title>\n<meta name=\"robots\" content=\"index, follow, max-snippet:-1, max-image-preview:large, max-video-preview:-1\" \/>\n<link rel=\"canonical\" href=\"https:\/\/www.africa-press.net\/cotedivoire\/politique\/affaire-valerie-yapo-thiam-des-militants-du-pdci-prennent-dassaut-le-plateau-ambiance-electrique\" \/>\n<meta property=\"og:locale\" content=\"fr_FR\" \/>\n<meta property=\"og:type\" content=\"article\" \/>\n<meta property=\"og:title\" content=\"Affaire Val\u00e9rie Yapo-Thiam, des militants du PDCI prennent d&#039;assaut le Plateau, ambiance \u00e9lectrique\" \/>\n<meta property=\"og:description\" content=\"Africa-Press &#8211; C\u00f4te d&rsquo;Ivoire. L\u2019audience de l\u2019affaire opposant le pre\u0301sident du PDCI-RDA, Tidjane Thiam a\u0300 Vale\u0301rie Yapo se tient ce mercredi 02 avril 2025, au tribunal de premie\u0300re instance d\u2019Abidjan-Plateau. Avant le verdict tant attendu, des de\u0301pute\u0301s du parti de l\u2019opposition et des militants ont pris d\u2019assaut la commune du Plateau. Ils se dirigeaient vers [&hellip;]\" \/>\n<meta property=\"og:url\" content=\"https:\/\/www.africa-press.net\/cotedivoire\/politique\/affaire-valerie-yapo-thiam-des-militants-du-pdci-prennent-dassaut-le-plateau-ambiance-electrique\" \/>\n<meta property=\"og:site_name\" content=\"C\u00f4te d&#039;Ivoire\" \/>\n<meta property=\"article:published_time\" content=\"2025-04-02T18:43:53+00:00\" \/>\n<meta name=\"author\" content=\"cfeditorfr\" \/>\n<meta name=\"twitter:card\" content=\"summary_large_image\" \/>\n<meta name=\"twitter:label1\" content=\"\u00c9crit par\" \/>\n\t<meta name=\"twitter:data1\" content=\"cfeditorfr\" \/>\n\t<meta name=\"twitter:label2\" content=\"Dur\u00e9e de lecture estim\u00e9e\" \/>\n\t<meta name=\"twitter:data2\" content=\"2 minutes\" \/>\n<script type=\"application\/ld+json\" class=\"yoast-schema-graph\">{\"@context\":\"https:\/\/schema.org\",\"@graph\":[{\"@type\":\"Article\",\"@id\":\"https:\/\/www.africa-press.net\/cotedivoire\/politique\/affaire-valerie-yapo-thiam-des-militants-du-pdci-prennent-dassaut-le-plateau-ambiance-electrique#article\",\"isPartOf\":{\"@id\":\"https:\/\/www.africa-press.net\/cotedivoire\/politique\/affaire-valerie-yapo-thiam-des-militants-du-pdci-prennent-dassaut-le-plateau-ambiance-electrique\"},\"author\":{\"name\":\"cfeditorfr\",\"@id\":\"https:\/\/www.africa-press.net\/cotedivoire\/#\/schema\/person\/2b1cf3cd81a31e3cd26889ca66d677f1\"},\"headline\":\"Affaire Val\u00e9rie Yapo-Thiam, des militants du PDCI prennent d&rsquo;assaut le Plateau, ambiance \u00e9lectrique\",\"datePublished\":\"2025-04-02T18:43:53+00:00\",\"mainEntityOfPage\":{\"@id\":\"https:\/\/www.africa-press.net\/cotedivoire\/politique\/affaire-valerie-yapo-thiam-des-militants-du-pdci-prennent-dassaut-le-plateau-ambiance-electrique\"},\"wordCount\":375,\"commentCount\":0,\"image\":{\"@id\":\"https:\/\/www.africa-press.net\/cotedivoire\/politique\/affaire-valerie-yapo-thiam-des-militants-du-pdci-prennent-dassaut-le-plateau-ambiance-electrique#primaryimage\"},\"thumbnailUrl\":\"https:\/\/static.africa-press.net\/cote\/sites\/43\/2025\/04\/sm_1743609464.37896.jpg\",\"keywords\":[\"ambiance\",\"C\u00f4te d'Ivoire\",\"\u00e9lectrique\",\"militants\",\"Pdci\",\"police\",\"Thiam\",\"Tribunal\",\"Yapo\"],\"articleSection\":[\"Politique\",\"Toutes les actualit\u00e9s\"],\"inLanguage\":\"fr-FR\",\"potentialAction\":[{\"@type\":\"CommentAction\",\"name\":\"Comment\",\"target\":[\"https:\/\/www.africa-press.net\/cotedivoire\/politique\/affaire-valerie-yapo-thiam-des-militants-du-pdci-prennent-dassaut-le-plateau-ambiance-electrique#respond\"]}]},{\"@type\":\"WebPage\",\"@id\":\"https:\/\/www.africa-press.net\/cotedivoire\/politique\/affaire-valerie-yapo-thiam-des-militants-du-pdci-prennent-dassaut-le-plateau-ambiance-electrique\",\"url\":\"https:\/\/www.africa-press.net\/cotedivoire\/politique\/affaire-valerie-yapo-thiam-des-militants-du-pdci-prennent-dassaut-le-plateau-ambiance-electrique\",\"name\":\"Affaire Val\u00e9rie Yapo-Thiam, des militants du PDCI prennent d'assaut le Plateau, ambiance \u00e9lectrique - C\u00f4te d&#039;Ivoire\",\"isPartOf\":{\"@id\":\"https:\/\/www.africa-press.net\/cotedivoire\/#website\"},\"primaryImageOfPage\":{\"@id\":\"https:\/\/www.africa-press.net\/cotedivoire\/politique\/affaire-valerie-yapo-thiam-des-militants-du-pdci-prennent-dassaut-le-plateau-ambiance-electrique#primaryimage\"},\"image\":{\"@id\":\"https:\/\/www.africa-press.net\/cotedivoire\/politique\/affaire-valerie-yapo-thiam-des-militants-du-pdci-prennent-dassaut-le-plateau-ambiance-electrique#primaryimage\"},\"thumbnailUrl\":\"https:\/\/static.africa-press.net\/cote\/sites\/43\/2025\/04\/sm_1743609464.37896.jpg\",\"datePublished\":\"2025-04-02T18:43:53+00:00\",\"author\":{\"@id\":\"https:\/\/www.africa-press.net\/cotedivoire\/#\/schema\/person\/2b1cf3cd81a31e3cd26889ca66d677f1\"},\"breadcrumb\":{\"@id\":\"https:\/\/www.africa-press.net\/cotedivoire\/politique\/affaire-valerie-yapo-thiam-des-militants-du-pdci-prennent-dassaut-le-plateau-ambiance-electrique#breadcrumb\"},\"inLanguage\":\"fr-FR\",\"potentialAction\":[{\"@type\":\"ReadAction\",\"target\":[\"https:\/\/www.africa-press.net\/cotedivoire\/politique\/affaire-valerie-yapo-thiam-des-militants-du-pdci-prennent-dassaut-le-plateau-ambiance-electrique\"]}]},{\"@type\":\"ImageObject\",\"inLanguage\":\"fr-FR\",\"@id\":\"https:\/\/www.africa-press.net\/cotedivoire\/politique\/affaire-valerie-yapo-thiam-des-militants-du-pdci-prennent-dassaut-le-plateau-ambiance-electrique#primaryimage\",\"url\":\"https:\/\/static.africa-press.net\/cote\/sites\/43\/2025\/04\/sm_1743609464.37896.jpg\",\"contentUrl\":\"https:\/\/static.africa-press.net\/cote\/sites\/43\/2025\/04\/sm_1743609464.37896.jpg\",\"width\":720,\"height\":360,\"caption\":\"Affaire Val\u00e9rie Yapo-Thiam, des militants du PDCI prennent d'assaut le Plateau, ambiance \u00e9lectrique\"},{\"@type\":\"BreadcrumbList\",\"@id\":\"https:\/\/www.africa-press.net\/cotedivoire\/politique\/affaire-valerie-yapo-thiam-des-militants-du-pdci-prennent-dassaut-le-plateau-ambiance-electrique#breadcrumb\",\"itemListElement\":[{\"@type\":\"ListItem\",\"position\":1,\"name\":\"Accueil\",\"item\":\"https:\/\/www.africa-press.net\/cotedivoire\/\"},{\"@type\":\"ListItem\",\"position\":2,\"name\":\"Affaire Val\u00e9rie Yapo-Thiam, des militants du PDCI prennent d&rsquo;assaut le Plateau, ambiance \u00e9lectrique\"}]},{\"@type\":\"WebSite\",\"@id\":\"https:\/\/www.africa-press.net\/cotedivoire\/#website\",\"url\":\"https:\/\/www.africa-press.net\/cotedivoire\/\",\"name\":\"C\u00f4te d&#039;Ivoire\",\"description\":\"Just another Africa News Agency Sites site\",\"potentialAction\":[{\"@type\":\"SearchAction\",\"target\":{\"@type\":\"EntryPoint\",\"urlTemplate\":\"https:\/\/www.africa-press.net\/cotedivoire\/?s={search_term_string}\"},\"query-input\":{\"@type\":\"PropertyValueSpecification\",\"valueRequired\":true,\"valueName\":\"search_term_string\"}}],\"inLanguage\":\"fr-FR\"},{\"@type\":\"Person\",\"@id\":\"https:\/\/www.africa-press.net\/cotedivoire\/#\/schema\/person\/2b1cf3cd81a31e3cd26889ca66d677f1\",\"name\":\"cfeditorfr\"}]}<\/script>\n<!-- \/ Yoast SEO Premium plugin. -->","yoast_head_json":{"title":"Affaire Val\u00e9rie Yapo-Thiam, des militants du PDCI prennent d'assaut le Plateau, ambiance \u00e9lectrique - C\u00f4te d&#039;Ivoire","robots":{"index":"index","follow":"follow","max-snippet":"max-snippet:-1","max-image-preview":"max-image-preview:large","max-video-preview":"max-video-preview:-1"},"canonical":"https:\/\/www.africa-press.net\/cotedivoire\/politique\/affaire-valerie-yapo-thiam-des-militants-du-pdci-prennent-dassaut-le-plateau-ambiance-electrique","og_locale":"fr_FR","og_type":"article","og_title":"Affaire Val\u00e9rie Yapo-Thiam, des militants du PDCI prennent d'assaut le Plateau, ambiance \u00e9lectrique","og_description":"Africa-Press &#8211; C\u00f4te d&rsquo;Ivoire. L\u2019audience de l\u2019affaire opposant le pre\u0301sident du PDCI-RDA, Tidjane Thiam a\u0300 Vale\u0301rie Yapo se tient ce mercredi 02 avril 2025, au tribunal de premie\u0300re instance d\u2019Abidjan-Plateau. Avant le verdict tant attendu, des de\u0301pute\u0301s du parti de l\u2019opposition et des militants ont pris d\u2019assaut la commune du Plateau. Ils se dirigeaient vers [&hellip;]","og_url":"https:\/\/www.africa-press.net\/cotedivoire\/politique\/affaire-valerie-yapo-thiam-des-militants-du-pdci-prennent-dassaut-le-plateau-ambiance-electrique","og_site_name":"C\u00f4te d&#039;Ivoire","article_published_time":"2025-04-02T18:43:53+00:00","author":"cfeditorfr","twitter_card":"summary_large_image","twitter_misc":{"\u00c9crit par":"cfeditorfr","Dur\u00e9e de lecture estim\u00e9e":"2 minutes"},"schema":{"@context":"https:\/\/schema.org","@graph":[{"@type":"Article","@id":"https:\/\/www.africa-press.net\/cotedivoire\/politique\/affaire-valerie-yapo-thiam-des-militants-du-pdci-prennent-dassaut-le-plateau-ambiance-electrique#article","isPartOf":{"@id":"https:\/\/www.africa-press.net\/cotedivoire\/politique\/affaire-valerie-yapo-thiam-des-militants-du-pdci-prennent-dassaut-le-plateau-ambiance-electrique"},"author":{"name":"cfeditorfr","@id":"https:\/\/www.africa-press.net\/cotedivoire\/#\/schema\/person\/2b1cf3cd81a31e3cd26889ca66d677f1"},"headline":"Affaire Val\u00e9rie Yapo-Thiam, des militants du PDCI prennent d&rsquo;assaut le Plateau, ambiance \u00e9lectrique","datePublished":"2025-04-02T18:43:53+00:00","mainEntityOfPage":{"@id":"https:\/\/www.africa-press.net\/cotedivoire\/politique\/affaire-valerie-yapo-thiam-des-militants-du-pdci-prennent-dassaut-le-plateau-ambiance-electrique"},"wordCount":375,"commentCount":0,"image":{"@id":"https:\/\/www.africa-press.net\/cotedivoire\/politique\/affaire-valerie-yapo-thiam-des-militants-du-pdci-prennent-dassaut-le-plateau-ambiance-electrique#primaryimage"},"thumbnailUrl":"https:\/\/static.africa-press.net\/cote\/sites\/43\/2025\/04\/sm_1743609464.37896.jpg","keywords":["ambiance","C\u00f4te d'Ivoire","\u00e9lectrique","militants","Pdci","police","Thiam","Tribunal","Yapo"],"articleSection":["Politique","Toutes les actualit\u00e9s"],"inLanguage":"fr-FR","potentialAction":[{"@type":"CommentAction","name":"Comment","target":["https:\/\/www.africa-press.net\/cotedivoire\/politique\/affaire-valerie-yapo-thiam-des-militants-du-pdci-prennent-dassaut-le-plateau-ambiance-electrique#respond"]}]},{"@type":"WebPage","@id":"https:\/\/www.africa-press.net\/cotedivoire\/politique\/affaire-valerie-yapo-thiam-des-militants-du-pdci-prennent-dassaut-le-plateau-ambiance-electrique","url":"https:\/\/www.africa-press.net\/cotedivoire\/politique\/affaire-valerie-yapo-thiam-des-militants-du-pdci-prennent-dassaut-le-plateau-ambiance-electrique","name":"Affaire Val\u00e9rie Yapo-Thiam, des militants du PDCI prennent d'assaut le Plateau, ambiance \u00e9lectrique - C\u00f4te d&#039;Ivoire","isPartOf":{"@id":"https:\/\/www.africa-press.net\/cotedivoire\/#website"},"primaryImageOfPage":{"@id":"https:\/\/www.africa-press.net\/cotedivoire\/politique\/affaire-valerie-yapo-thiam-des-militants-du-pdci-prennent-dassaut-le-plateau-ambiance-electrique#primaryimage"},"image":{"@id":"https:\/\/www.africa-press.net\/cotedivoire\/politique\/affaire-valerie-yapo-thiam-des-militants-du-pdci-prennent-dassaut-le-plateau-ambiance-electrique#primaryimage"},"thumbnailUrl":"https:\/\/static.africa-press.net\/cote\/sites\/43\/2025\/04\/sm_1743609464.37896.jpg","datePublished":"2025-04-02T18:43:53+00:00","author":{"@id":"https:\/\/www.africa-press.net\/cotedivoire\/#\/schema\/person\/2b1cf3cd81a31e3cd26889ca66d677f1"},"breadcrumb":{"@id":"https:\/\/www.africa-press.net\/cotedivoire\/politique\/affaire-valerie-yapo-thiam-des-militants-du-pdci-prennent-dassaut-le-plateau-ambiance-electrique#breadcrumb"},"inLanguage":"fr-FR","potentialAction":[{"@type":"ReadAction","target":["https:\/\/www.africa-press.net\/cotedivoire\/politique\/affaire-valerie-yapo-thiam-des-militants-du-pdci-prennent-dassaut-le-plateau-ambiance-electrique"]}]},{"@type":"ImageObject","inLanguage":"fr-FR","@id":"https:\/\/www.africa-press.net\/cotedivoire\/politique\/affaire-valerie-yapo-thiam-des-militants-du-pdci-prennent-dassaut-le-plateau-ambiance-electrique#primaryimage","url":"https:\/\/static.africa-press.net\/cote\/sites\/43\/2025\/04\/sm_1743609464.37896.jpg","contentUrl":"https:\/\/static.africa-press.net\/cote\/sites\/43\/2025\/04\/sm_1743609464.37896.jpg","width":720,"height":360,"caption":"Affaire Val\u00e9rie Yapo-Thiam, des militants du PDCI prennent d'assaut le Plateau, ambiance \u00e9lectrique"},{"@type":"BreadcrumbList","@id":"https:\/\/www.africa-press.net\/cotedivoire\/politique\/affaire-valerie-yapo-thiam-des-militants-du-pdci-prennent-dassaut-le-plateau-ambiance-electrique#breadcrumb","itemListElement":[{"@type":"ListItem","position":1,"name":"Accueil","item":"https:\/\/www.africa-press.net\/cotedivoire\/"},{"@type":"ListItem","position":2,"name":"Affaire Val\u00e9rie Yapo-Thiam, des militants du PDCI prennent d&rsquo;assaut le Plateau, ambiance \u00e9lectrique"}]},{"@type":"WebSite","@id":"https:\/\/www.africa-press.net\/cotedivoire\/#website","url":"https:\/\/www.africa-press.net\/cotedivoire\/","name":"C\u00f4te d&#039;Ivoire","description":"Just another Africa News Agency Sites site","potentialAction":[{"@type":"SearchAction","target":{"@type":"EntryPoint","urlTemplate":"https:\/\/www.africa-press.net\/cotedivoire\/?s={search_term_string}"},"query-input":{"@type":"PropertyValueSpecification","valueRequired":true,"valueName":"search_term_string"}}],"inLanguage":"fr-FR"},{"@type":"Person","@id":"https:\/\/www.africa-press.net\/cotedivoire\/#\/schema\/person\/2b1cf3cd81a31e3cd26889ca66d677f1","name":"cfeditorfr"}]}},"_links":{"self":[{"href":"https:\/\/www.africa-press.net\/cotedivoire\/wp-json\/wp\/v2\/posts\/96990","targetHints":{"allow":["GET"]}}],"collection":[{"href":"https:\/\/www.africa-press.net\/cotedivoire\/wp-json\/wp\/v2\/posts"}],"about":[{"href":"https:\/\/www.africa-press.net\/cotedivoire\/wp-json\/wp\/v2\/types\/post"}],"author":[{"embeddable":true,"href":"https:\/\/www.africa-press.net\/cotedivoire\/wp-json\/wp\/v2\/users\/82"}],"replies":[{"embeddable":true,"href":"https:\/\/www.africa-press.net\/cotedivoire\/wp-json\/wp\/v2\/comments?post=96990"}],"version-history":[{"count":0,"href":"https:\/\/www.africa-press.net\/cotedivoire\/wp-json\/wp\/v2\/posts\/96990\/revisions"}],"wp:featuredmedia":[{"embeddable":true,"href":"https:\/\/www.africa-press.net\/cotedivoire\/wp-json\/wp\/v2\/media\/96989"}],"wp:attachment":[{"href":"https:\/\/www.africa-press.net\/cotedivoire\/wp-json\/wp\/v2\/media?parent=96990"}],"wp:term":[{"taxonomy":"category","embeddable":true,"href":"https:\/\/www.africa-press.net\/cotedivoire\/wp-json\/wp\/v2\/categories?post=96990"},{"taxonomy":"post_tag","embeddable":true,"href":"https:\/\/www.africa-press.net\/cotedivoire\/wp-json\/wp\/v2\/tags?post=96990"}],"curies":[{"name":"wp","href":"https:\/\/api.w.org\/{rel}","templated":true}]}}