{"id":97034,"date":"2025-04-03T16:40:01","date_gmt":"2025-04-03T16:40:01","guid":{"rendered":"https:\/\/www.africa-press.net\/cotedivoire\/politique\/lancement-du-fomci-2025-adama-bictogo-ces-evenements-sont-essentiels-pour-promouvoir-nos-champions-nationaux"},"modified":"2025-04-03T16:40:01","modified_gmt":"2025-04-03T16:40:01","slug":"lancement-du-fomci-2025-adama-bictogo-ces-evenements-sont-essentiels-pour-promouvoir-nos-champions-nationaux","status":"publish","type":"post","link":"https:\/\/www.africa-press.net\/cotedivoire\/economie\/lancement-du-fomci-2025-adama-bictogo-ces-evenements-sont-essentiels-pour-promouvoir-nos-champions-nationaux","title":{"rendered":"Lancement du FOMCI 2025, Adama Bictogo: \u00ab Ces \u00e9v\u00e9nements sont essentiels pour promouvoir nos champions nationaux \u00bb"},"content":{"rendered":"<p><span style=\"color: #ff6600\"><strong>Africa-Press &#8211; C\u00f4te d&rsquo;Ivoire. <\/strong><\/span>La 3e e\u0301dition de la Foire du Made in Co\u0302te d&rsquo;Ivoire (FOMCI 2025) a e\u0301te\u0301 officiellement lance\u0301e ce mercredi 2 avril 2025, au Parc des Expositions d\u2019Abidjan. Cet e\u0301ve\u0301nement phare, parraine\u0301 par Adama Bictogo, Pre\u0301sident de l\u2019Assemble\u0301e Nationale, a re\u0301uni de nombreuses personnalite\u0301s politiques, e\u0301conomiques, diplomatiques et culturelles, soulignant l&rsquo;importance de cet e\u0301ve\u0301nement pour le de\u0301veloppement de la production locale en Co\u0302te d&rsquo;Ivoire.<\/p>\n<p>Dans son discours inaugural, Adama Bictogo a salue\u0301 l&rsquo;initiative du ministe\u0300re du Commerce et de l\u2019Industrie et a exprime\u0301 sa gratitude envers le Pre\u0301sident Alassane Ouattara pour sa vision ambitieuse, qui place la Co\u0302te d&rsquo;Ivoire sur la voie de l\u2019e\u0301mergence e\u0301conomique.<\/p>\n<p>\u00ab\u00a0Des e\u0301ve\u0301nements comme la FOMCI sont essentiels pour promouvoir nos champions nationaux, soutenir nos start-ups et valoriser nos marche\u0301s nationaux et re\u0301gionaux\u00a0\u00bb, a-t-il souligne\u0301.<\/p>\n<p>Sous le the\u0300me \u00ab Cap sur la compe\u0301titivite\u0301 et l\u2019innovation \u00bb, cette e\u0301dition met en avant l\u2019importance de l\u2019innovation et de la compe\u0301titivite\u0301 pour les entreprises ivoiriennes, qui doivent se de\u0301marquer dans un marche\u0301 de plus en plus globalise\u0301.<\/p>\n<p>Adama Bictogo a ajoute\u0301 que la qualite\u0301 des produits, la certification et la protection par des brevets sont des leviers indispensables pour renforcer la compe\u0301titivite\u0301 des entreprises locales.<\/p>\n<p>Le Commissaire ge\u0301ne\u0301ral de la FOMCI 2025 a e\u0301galement pris la parole pour souligner l&rsquo;importance de cet e\u0301ve\u0301nement comme une plateforme unique destine\u0301e a\u0300 renforcer les chai\u0302nes de valeur locales et dynamiser l\u2019e\u0301conomie ivoirienne.<\/p>\n<p>Selon lui, la foire constitue une opportunite\u0301 strate\u0301gique pour e\u0301tablir des partenariats solides et favoriser l\u2019autonomisation des jeunes entrepreneurs locaux.<\/p>\n<p>La FOMCI 2025 se distingue par la diversite\u0301 de ses activite\u0301s. Plus de 160 exposants sont pre\u0301sents, re\u0301partis sur une centaine de stands repre\u0301sentant divers secteurs e\u0301conomiques, dont l\u2019agroalimentaire, l\u2019industrie, l\u2019artisanat et l\u2019automobile, avec des stands de\u0301die\u0301s a\u0300 l\u2019assemblage automobile en Co\u0302te d&rsquo;Ivoire. Des panels the\u0301matiques sont e\u0301galement organise\u0301s pour discuter de l\u2019innovation collaborative, des leviers de la compe\u0301titivite\u0301 et des normes de certification.<\/p>\n<p>Un autre aspect important de cette e\u0301dition est la mise en avant des initiatives novatrices, telles que l\u2019espace \u00ab\u00a0Co\u0302te d&rsquo;Ivoire Start Up\u00a0\u00bb, qui valorise les nouvelles technologies, et \u00ab\u00a0Mode in Co\u0302te d&rsquo;Ivoire\u00a0\u00bb, qui met en lumie\u0300re les cre\u0301ations des jeunes stylistes ivoiriens. La foire propose e\u0301galement un espace culinaire, \u00ab\u00a0Cuisine de Co\u0302te d&rsquo;Ivoire\u00a0\u00bb, qui permet aux visiteurs de de\u0301couvrir la richesse de la gastronomie locale.<\/p>\n<p>En clo\u0302turant son discours, le Commissaire Ge\u0301ne\u0301ral de la FOMCI Aime\u0301 Koizan a remercie\u0301 tous les exposants pour leur participation et encourage\u0301 les visiteurs a\u0300 profiter des nombreuses offres de la foire, y compris les soldes exceptionnelles propose\u0301es cette anne\u0301e. Il a exprime\u0301 le souhait que cette e\u0301dition de la FOMCI contribue a\u0300 l\u2019essor de l\u2019e\u0301conomie ivoirienne, en consolidant la place du \u00ab\u00a0Made in Co\u0302te d&rsquo;Ivoire\u00a0\u00bb dans l\u2019e\u0301conomie mondiale.<\/p>\n<p>Le ministre du Commerce et de l\u2019Industrie, le Dr Souleymane Diarrassouba, a souligne\u0301 lors de son allocution l\u2019importance du secteur local pour le de\u0301veloppement e\u0301conomique de la Co\u0302te d&rsquo;Ivoire.<\/p>\n<p>Il a rappele\u0301 que la croissance de\u0301mographique rapide et l\u2019e\u0301mergence d&rsquo;une classe moyenne solvable offrent des opportunite\u0301s conside\u0301rables pour les produits fabrique\u0301s localement.<\/p>\n<p>Le ministre a e\u0301galement mis en avant les efforts du gouvernement pour stimuler la production locale a\u0300 travers le Plan National de De\u0301veloppement 2021-2025, qui vise a\u0300 renforcer l\u2019industrialisation et la transformation des produits locaux.<\/p>\n<p>Il a insiste\u0301 sur l&rsquo;importance de l\u2019innovation pour permettre aux entreprises locales de se diffe\u0301rencier dans un marche\u0301 international concurrentiel, en particulier dans le cadre de la Zone de Libre-Echange Continentale Africaine (ZLECAf), qui regroupe 1,3 milliard de consommateurs.<\/p>\n<p>Souleymane Diarrassouba a encourage\u0301 les entreprises locales a\u0300 adopter une approche oriente\u0301e vers l\u2019innovation et la compe\u0301titivite\u0301, et a invite\u0301 les jeunes et les femmes a\u0300 saisir les opportunite\u0301s offertes par la FOMCI 2025 pour de\u0301velopper de nouveaux partenariats strate\u0301giques.<\/p>\n<p>Cette anne\u0301e, l&rsquo;e\u0301ve\u0301nement be\u0301ne\u0301ficie du soutien de grands sponsors, dont le Groupe Carre\u0301 d&rsquo;Or (Sponsor Leader), Sotici (Sponsor Diamant), Solibra (Sponsor Or), et SUCAF-Co\u0302te d\u2019Ivoire (Sponsor Argent), qui te\u0301moignent de la dynamique e\u0301conomique du pays et de la confiance croissante des acteurs prive\u0301s dans l&rsquo;environnement des affaires ivoirien.<\/p>\n<p>La FOMCI 2025 se poursuit jusqu\u2019au 6 avril et repre\u0301sente un moment cle\u0301 pour la promotion des produits fabrique\u0301s en Co\u0302te d&rsquo;Ivoire. Cette foire constitue une vitrine de choix pour les entreprises locales et une occasion unique de mettre en avant l&rsquo;innovation, l&rsquo;industrie et la cre\u0301ativite\u0301 ivoirienne sur le marche\u0301 national et international.<\/p>\n<p>La FOMCI 2025 confirme ainsi son ro\u0302le essentiel dans la promotion de l\u2019industrie locale et dans la construction d\u2019une e\u0301conomie ivoirienne plus compe\u0301titive et innovante.<\/p>\n<p><strong>Pour plus d&rsquo;informations et d&rsquo;analyses sur la <span style=\"color: #ff6600\">C\u00f4te d&rsquo;Ivoire<\/span>, suivez <span style=\"color: #ff6600\">Africa-Press<span style=\"color: #ff6600\"><\/span><\/strong><\/p>\n","protected":false},"excerpt":{"rendered":"<p>Africa-Press &#8211; C\u00f4te d&rsquo;Ivoire. La 3e e\u0301dition de la Foire du Made in Co\u0302te d&rsquo;Ivoire (FOMCI 2025) a e\u0301te\u0301 officiellement lance\u0301e ce mercredi 2 avril 2025, au Parc des Expositions d\u2019Abidjan. Cet e\u0301ve\u0301nement phare, parraine\u0301 par Adama Bictogo, Pre\u0301sident de l\u2019Assemble\u0301e Nationale, a re\u0301uni de nombreuses personnalite\u0301s politiques, e\u0301conomiques, diplomatiques et culturelles, soulignant l&rsquo;importance de [&hellip;]<\/p>\n","protected":false},"author":82,"featured_media":97033,"comment_status":"open","ping_status":"closed","sticky":false,"template":"","format":"standard","meta":{"footnotes":""},"categories":[3,10],"tags":[17273,1265,17272,13624,37,5184,17140,96,6774,17274],"class_list":["post-97034","post","type-post","status-publish","format-standard","has-post-thumbnail","hentry","category-economie","category-toutes-les-actualites","tag-3e-edition","tag-adama-bictogo","tag-catalyseur","tag-competitivite","tag-cote-divoire-2","tag-foire","tag-fomci-2025","tag-innovation","tag-locale","tag-made-in"],"yoast_head":"<!-- This site is optimized with the Yoast SEO Premium plugin v26.1 (Yoast SEO v27.0) - https:\/\/yoast.com\/product\/yoast-seo-premium-wordpress\/ -->\n<title>Lancement du FOMCI 2025, Adama Bictogo: \u00ab Ces \u00e9v\u00e9nements sont essentiels pour promouvoir nos champions nationaux \u00bb - C\u00f4te d&#039;Ivoire<\/title>\n<meta name=\"robots\" content=\"index, follow, max-snippet:-1, max-image-preview:large, max-video-preview:-1\" \/>\n<link rel=\"canonical\" href=\"https:\/\/www.africa-press.net\/cotedivoire\/politique\/lancement-du-fomci-2025-adama-bictogo-ces-evenements-sont-essentiels-pour-promouvoir-nos-champions-nationaux\" \/>\n<meta property=\"og:locale\" content=\"fr_FR\" \/>\n<meta property=\"og:type\" content=\"article\" \/>\n<meta property=\"og:title\" content=\"Lancement du FOMCI 2025, Adama Bictogo: \u00ab Ces \u00e9v\u00e9nements sont essentiels pour promouvoir nos champions nationaux \u00bb\" \/>\n<meta property=\"og:description\" content=\"Africa-Press &#8211; C\u00f4te d&rsquo;Ivoire. La 3e e\u0301dition de la Foire du Made in Co\u0302te d&rsquo;Ivoire (FOMCI 2025) a e\u0301te\u0301 officiellement lance\u0301e ce mercredi 2 avril 2025, au Parc des Expositions d\u2019Abidjan. Cet e\u0301ve\u0301nement phare, parraine\u0301 par Adama Bictogo, Pre\u0301sident de l\u2019Assemble\u0301e Nationale, a re\u0301uni de nombreuses personnalite\u0301s politiques, e\u0301conomiques, diplomatiques et culturelles, soulignant l&rsquo;importance de [&hellip;]\" \/>\n<meta property=\"og:url\" content=\"https:\/\/www.africa-press.net\/cotedivoire\/politique\/lancement-du-fomci-2025-adama-bictogo-ces-evenements-sont-essentiels-pour-promouvoir-nos-champions-nationaux\" \/>\n<meta property=\"og:site_name\" content=\"C\u00f4te d&#039;Ivoire\" \/>\n<meta property=\"article:published_time\" content=\"2025-04-03T16:40:01+00:00\" \/>\n<meta name=\"author\" content=\"cfeditorfr\" \/>\n<meta name=\"twitter:card\" content=\"summary_large_image\" \/>\n<meta name=\"twitter:label1\" content=\"\u00c9crit par\" \/>\n\t<meta name=\"twitter:data1\" content=\"cfeditorfr\" \/>\n\t<meta name=\"twitter:label2\" content=\"Dur\u00e9e de lecture estim\u00e9e\" \/>\n\t<meta name=\"twitter:data2\" content=\"4 minutes\" \/>\n<script type=\"application\/ld+json\" class=\"yoast-schema-graph\">{\"@context\":\"https:\/\/schema.org\",\"@graph\":[{\"@type\":\"Article\",\"@id\":\"https:\/\/www.africa-press.net\/cotedivoire\/politique\/lancement-du-fomci-2025-adama-bictogo-ces-evenements-sont-essentiels-pour-promouvoir-nos-champions-nationaux#article\",\"isPartOf\":{\"@id\":\"https:\/\/www.africa-press.net\/cotedivoire\/politique\/lancement-du-fomci-2025-adama-bictogo-ces-evenements-sont-essentiels-pour-promouvoir-nos-champions-nationaux\"},\"author\":{\"name\":\"cfeditorfr\",\"@id\":\"https:\/\/www.africa-press.net\/cotedivoire\/#\/schema\/person\/2b1cf3cd81a31e3cd26889ca66d677f1\"},\"headline\":\"Lancement du FOMCI 2025, Adama Bictogo: \u00ab Ces \u00e9v\u00e9nements sont essentiels pour promouvoir nos champions nationaux \u00bb\",\"datePublished\":\"2025-04-03T16:40:01+00:00\",\"mainEntityOfPage\":{\"@id\":\"https:\/\/www.africa-press.net\/cotedivoire\/politique\/lancement-du-fomci-2025-adama-bictogo-ces-evenements-sont-essentiels-pour-promouvoir-nos-champions-nationaux\"},\"wordCount\":912,\"commentCount\":0,\"image\":{\"@id\":\"https:\/\/www.africa-press.net\/cotedivoire\/politique\/lancement-du-fomci-2025-adama-bictogo-ces-evenements-sont-essentiels-pour-promouvoir-nos-champions-nationaux#primaryimage\"},\"thumbnailUrl\":\"https:\/\/static.africa-press.net\/cote\/sites\/43\/2025\/04\/sm_1743687116.06995.jpg\",\"keywords\":[\"3e \u00e9dition\",\"Adama Bictogo\",\"catalyseur\",\"comp\u00e9titivit\u00e9\",\"C\u00f4te d'Ivoire\",\"Foire\",\"FOMCI 2025\",\"innovation\",\"locale\",\"Made in\"],\"articleSection\":[\"\u00c9conomie\",\"Toutes les actualit\u00e9s\"],\"inLanguage\":\"fr-FR\",\"potentialAction\":[{\"@type\":\"CommentAction\",\"name\":\"Comment\",\"target\":[\"https:\/\/www.africa-press.net\/cotedivoire\/politique\/lancement-du-fomci-2025-adama-bictogo-ces-evenements-sont-essentiels-pour-promouvoir-nos-champions-nationaux#respond\"]}]},{\"@type\":\"WebPage\",\"@id\":\"https:\/\/www.africa-press.net\/cotedivoire\/politique\/lancement-du-fomci-2025-adama-bictogo-ces-evenements-sont-essentiels-pour-promouvoir-nos-champions-nationaux\",\"url\":\"https:\/\/www.africa-press.net\/cotedivoire\/politique\/lancement-du-fomci-2025-adama-bictogo-ces-evenements-sont-essentiels-pour-promouvoir-nos-champions-nationaux\",\"name\":\"Lancement du FOMCI 2025, Adama Bictogo: \u00ab Ces \u00e9v\u00e9nements sont essentiels pour promouvoir nos champions nationaux \u00bb - C\u00f4te d&#039;Ivoire\",\"isPartOf\":{\"@id\":\"https:\/\/www.africa-press.net\/cotedivoire\/#website\"},\"primaryImageOfPage\":{\"@id\":\"https:\/\/www.africa-press.net\/cotedivoire\/politique\/lancement-du-fomci-2025-adama-bictogo-ces-evenements-sont-essentiels-pour-promouvoir-nos-champions-nationaux#primaryimage\"},\"image\":{\"@id\":\"https:\/\/www.africa-press.net\/cotedivoire\/politique\/lancement-du-fomci-2025-adama-bictogo-ces-evenements-sont-essentiels-pour-promouvoir-nos-champions-nationaux#primaryimage\"},\"thumbnailUrl\":\"https:\/\/static.africa-press.net\/cote\/sites\/43\/2025\/04\/sm_1743687116.06995.jpg\",\"datePublished\":\"2025-04-03T16:40:01+00:00\",\"author\":{\"@id\":\"https:\/\/www.africa-press.net\/cotedivoire\/#\/schema\/person\/2b1cf3cd81a31e3cd26889ca66d677f1\"},\"breadcrumb\":{\"@id\":\"https:\/\/www.africa-press.net\/cotedivoire\/politique\/lancement-du-fomci-2025-adama-bictogo-ces-evenements-sont-essentiels-pour-promouvoir-nos-champions-nationaux#breadcrumb\"},\"inLanguage\":\"fr-FR\",\"potentialAction\":[{\"@type\":\"ReadAction\",\"target\":[\"https:\/\/www.africa-press.net\/cotedivoire\/politique\/lancement-du-fomci-2025-adama-bictogo-ces-evenements-sont-essentiels-pour-promouvoir-nos-champions-nationaux\"]}]},{\"@type\":\"ImageObject\",\"inLanguage\":\"fr-FR\",\"@id\":\"https:\/\/www.africa-press.net\/cotedivoire\/politique\/lancement-du-fomci-2025-adama-bictogo-ces-evenements-sont-essentiels-pour-promouvoir-nos-champions-nationaux#primaryimage\",\"url\":\"https:\/\/static.africa-press.net\/cote\/sites\/43\/2025\/04\/sm_1743687116.06995.jpg\",\"contentUrl\":\"https:\/\/static.africa-press.net\/cote\/sites\/43\/2025\/04\/sm_1743687116.06995.jpg\",\"width\":720,\"height\":369,\"caption\":\"Lancement du FOMCI 2025, Adama Bictogo: \u00ab Ces \u00e9v\u00e9nements sont essentiels pour promouvoir nos champions nationaux \u00bb\"},{\"@type\":\"BreadcrumbList\",\"@id\":\"https:\/\/www.africa-press.net\/cotedivoire\/politique\/lancement-du-fomci-2025-adama-bictogo-ces-evenements-sont-essentiels-pour-promouvoir-nos-champions-nationaux#breadcrumb\",\"itemListElement\":[{\"@type\":\"ListItem\",\"position\":1,\"name\":\"Accueil\",\"item\":\"https:\/\/www.africa-press.net\/cotedivoire\/\"},{\"@type\":\"ListItem\",\"position\":2,\"name\":\"Lancement du FOMCI 2025, Adama Bictogo: \u00ab Ces \u00e9v\u00e9nements sont essentiels pour promouvoir nos champions nationaux \u00bb\"}]},{\"@type\":\"WebSite\",\"@id\":\"https:\/\/www.africa-press.net\/cotedivoire\/#website\",\"url\":\"https:\/\/www.africa-press.net\/cotedivoire\/\",\"name\":\"C\u00f4te d&#039;Ivoire\",\"description\":\"Just another Africa News Agency Sites site\",\"potentialAction\":[{\"@type\":\"SearchAction\",\"target\":{\"@type\":\"EntryPoint\",\"urlTemplate\":\"https:\/\/www.africa-press.net\/cotedivoire\/?s={search_term_string}\"},\"query-input\":{\"@type\":\"PropertyValueSpecification\",\"valueRequired\":true,\"valueName\":\"search_term_string\"}}],\"inLanguage\":\"fr-FR\"},{\"@type\":\"Person\",\"@id\":\"https:\/\/www.africa-press.net\/cotedivoire\/#\/schema\/person\/2b1cf3cd81a31e3cd26889ca66d677f1\",\"name\":\"cfeditorfr\"}]}<\/script>\n<!-- \/ Yoast SEO Premium plugin. -->","yoast_head_json":{"title":"Lancement du FOMCI 2025, Adama Bictogo: \u00ab Ces \u00e9v\u00e9nements sont essentiels pour promouvoir nos champions nationaux \u00bb - C\u00f4te d&#039;Ivoire","robots":{"index":"index","follow":"follow","max-snippet":"max-snippet:-1","max-image-preview":"max-image-preview:large","max-video-preview":"max-video-preview:-1"},"canonical":"https:\/\/www.africa-press.net\/cotedivoire\/politique\/lancement-du-fomci-2025-adama-bictogo-ces-evenements-sont-essentiels-pour-promouvoir-nos-champions-nationaux","og_locale":"fr_FR","og_type":"article","og_title":"Lancement du FOMCI 2025, Adama Bictogo: \u00ab Ces \u00e9v\u00e9nements sont essentiels pour promouvoir nos champions nationaux \u00bb","og_description":"Africa-Press &#8211; C\u00f4te d&rsquo;Ivoire. La 3e e\u0301dition de la Foire du Made in Co\u0302te d&rsquo;Ivoire (FOMCI 2025) a e\u0301te\u0301 officiellement lance\u0301e ce mercredi 2 avril 2025, au Parc des Expositions d\u2019Abidjan. Cet e\u0301ve\u0301nement phare, parraine\u0301 par Adama Bictogo, Pre\u0301sident de l\u2019Assemble\u0301e Nationale, a re\u0301uni de nombreuses personnalite\u0301s politiques, e\u0301conomiques, diplomatiques et culturelles, soulignant l&rsquo;importance de [&hellip;]","og_url":"https:\/\/www.africa-press.net\/cotedivoire\/politique\/lancement-du-fomci-2025-adama-bictogo-ces-evenements-sont-essentiels-pour-promouvoir-nos-champions-nationaux","og_site_name":"C\u00f4te d&#039;Ivoire","article_published_time":"2025-04-03T16:40:01+00:00","author":"cfeditorfr","twitter_card":"summary_large_image","twitter_misc":{"\u00c9crit par":"cfeditorfr","Dur\u00e9e de lecture estim\u00e9e":"4 minutes"},"schema":{"@context":"https:\/\/schema.org","@graph":[{"@type":"Article","@id":"https:\/\/www.africa-press.net\/cotedivoire\/politique\/lancement-du-fomci-2025-adama-bictogo-ces-evenements-sont-essentiels-pour-promouvoir-nos-champions-nationaux#article","isPartOf":{"@id":"https:\/\/www.africa-press.net\/cotedivoire\/politique\/lancement-du-fomci-2025-adama-bictogo-ces-evenements-sont-essentiels-pour-promouvoir-nos-champions-nationaux"},"author":{"name":"cfeditorfr","@id":"https:\/\/www.africa-press.net\/cotedivoire\/#\/schema\/person\/2b1cf3cd81a31e3cd26889ca66d677f1"},"headline":"Lancement du FOMCI 2025, Adama Bictogo: \u00ab Ces \u00e9v\u00e9nements sont essentiels pour promouvoir nos champions nationaux \u00bb","datePublished":"2025-04-03T16:40:01+00:00","mainEntityOfPage":{"@id":"https:\/\/www.africa-press.net\/cotedivoire\/politique\/lancement-du-fomci-2025-adama-bictogo-ces-evenements-sont-essentiels-pour-promouvoir-nos-champions-nationaux"},"wordCount":912,"commentCount":0,"image":{"@id":"https:\/\/www.africa-press.net\/cotedivoire\/politique\/lancement-du-fomci-2025-adama-bictogo-ces-evenements-sont-essentiels-pour-promouvoir-nos-champions-nationaux#primaryimage"},"thumbnailUrl":"https:\/\/static.africa-press.net\/cote\/sites\/43\/2025\/04\/sm_1743687116.06995.jpg","keywords":["3e \u00e9dition","Adama Bictogo","catalyseur","comp\u00e9titivit\u00e9","C\u00f4te d'Ivoire","Foire","FOMCI 2025","innovation","locale","Made in"],"articleSection":["\u00c9conomie","Toutes les actualit\u00e9s"],"inLanguage":"fr-FR","potentialAction":[{"@type":"CommentAction","name":"Comment","target":["https:\/\/www.africa-press.net\/cotedivoire\/politique\/lancement-du-fomci-2025-adama-bictogo-ces-evenements-sont-essentiels-pour-promouvoir-nos-champions-nationaux#respond"]}]},{"@type":"WebPage","@id":"https:\/\/www.africa-press.net\/cotedivoire\/politique\/lancement-du-fomci-2025-adama-bictogo-ces-evenements-sont-essentiels-pour-promouvoir-nos-champions-nationaux","url":"https:\/\/www.africa-press.net\/cotedivoire\/politique\/lancement-du-fomci-2025-adama-bictogo-ces-evenements-sont-essentiels-pour-promouvoir-nos-champions-nationaux","name":"Lancement du FOMCI 2025, Adama Bictogo: \u00ab Ces \u00e9v\u00e9nements sont essentiels pour promouvoir nos champions nationaux \u00bb - C\u00f4te d&#039;Ivoire","isPartOf":{"@id":"https:\/\/www.africa-press.net\/cotedivoire\/#website"},"primaryImageOfPage":{"@id":"https:\/\/www.africa-press.net\/cotedivoire\/politique\/lancement-du-fomci-2025-adama-bictogo-ces-evenements-sont-essentiels-pour-promouvoir-nos-champions-nationaux#primaryimage"},"image":{"@id":"https:\/\/www.africa-press.net\/cotedivoire\/politique\/lancement-du-fomci-2025-adama-bictogo-ces-evenements-sont-essentiels-pour-promouvoir-nos-champions-nationaux#primaryimage"},"thumbnailUrl":"https:\/\/static.africa-press.net\/cote\/sites\/43\/2025\/04\/sm_1743687116.06995.jpg","datePublished":"2025-04-03T16:40:01+00:00","author":{"@id":"https:\/\/www.africa-press.net\/cotedivoire\/#\/schema\/person\/2b1cf3cd81a31e3cd26889ca66d677f1"},"breadcrumb":{"@id":"https:\/\/www.africa-press.net\/cotedivoire\/politique\/lancement-du-fomci-2025-adama-bictogo-ces-evenements-sont-essentiels-pour-promouvoir-nos-champions-nationaux#breadcrumb"},"inLanguage":"fr-FR","potentialAction":[{"@type":"ReadAction","target":["https:\/\/www.africa-press.net\/cotedivoire\/politique\/lancement-du-fomci-2025-adama-bictogo-ces-evenements-sont-essentiels-pour-promouvoir-nos-champions-nationaux"]}]},{"@type":"ImageObject","inLanguage":"fr-FR","@id":"https:\/\/www.africa-press.net\/cotedivoire\/politique\/lancement-du-fomci-2025-adama-bictogo-ces-evenements-sont-essentiels-pour-promouvoir-nos-champions-nationaux#primaryimage","url":"https:\/\/static.africa-press.net\/cote\/sites\/43\/2025\/04\/sm_1743687116.06995.jpg","contentUrl":"https:\/\/static.africa-press.net\/cote\/sites\/43\/2025\/04\/sm_1743687116.06995.jpg","width":720,"height":369,"caption":"Lancement du FOMCI 2025, Adama Bictogo: \u00ab Ces \u00e9v\u00e9nements sont essentiels pour promouvoir nos champions nationaux \u00bb"},{"@type":"BreadcrumbList","@id":"https:\/\/www.africa-press.net\/cotedivoire\/politique\/lancement-du-fomci-2025-adama-bictogo-ces-evenements-sont-essentiels-pour-promouvoir-nos-champions-nationaux#breadcrumb","itemListElement":[{"@type":"ListItem","position":1,"name":"Accueil","item":"https:\/\/www.africa-press.net\/cotedivoire\/"},{"@type":"ListItem","position":2,"name":"Lancement du FOMCI 2025, Adama Bictogo: \u00ab Ces \u00e9v\u00e9nements sont essentiels pour promouvoir nos champions nationaux \u00bb"}]},{"@type":"WebSite","@id":"https:\/\/www.africa-press.net\/cotedivoire\/#website","url":"https:\/\/www.africa-press.net\/cotedivoire\/","name":"C\u00f4te d&#039;Ivoire","description":"Just another Africa News Agency Sites site","potentialAction":[{"@type":"SearchAction","target":{"@type":"EntryPoint","urlTemplate":"https:\/\/www.africa-press.net\/cotedivoire\/?s={search_term_string}"},"query-input":{"@type":"PropertyValueSpecification","valueRequired":true,"valueName":"search_term_string"}}],"inLanguage":"fr-FR"},{"@type":"Person","@id":"https:\/\/www.africa-press.net\/cotedivoire\/#\/schema\/person\/2b1cf3cd81a31e3cd26889ca66d677f1","name":"cfeditorfr"}]}},"_links":{"self":[{"href":"https:\/\/www.africa-press.net\/cotedivoire\/wp-json\/wp\/v2\/posts\/97034","targetHints":{"allow":["GET"]}}],"collection":[{"href":"https:\/\/www.africa-press.net\/cotedivoire\/wp-json\/wp\/v2\/posts"}],"about":[{"href":"https:\/\/www.africa-press.net\/cotedivoire\/wp-json\/wp\/v2\/types\/post"}],"author":[{"embeddable":true,"href":"https:\/\/www.africa-press.net\/cotedivoire\/wp-json\/wp\/v2\/users\/82"}],"replies":[{"embeddable":true,"href":"https:\/\/www.africa-press.net\/cotedivoire\/wp-json\/wp\/v2\/comments?post=97034"}],"version-history":[{"count":0,"href":"https:\/\/www.africa-press.net\/cotedivoire\/wp-json\/wp\/v2\/posts\/97034\/revisions"}],"wp:featuredmedia":[{"embeddable":true,"href":"https:\/\/www.africa-press.net\/cotedivoire\/wp-json\/wp\/v2\/media\/97033"}],"wp:attachment":[{"href":"https:\/\/www.africa-press.net\/cotedivoire\/wp-json\/wp\/v2\/media?parent=97034"}],"wp:term":[{"taxonomy":"category","embeddable":true,"href":"https:\/\/www.africa-press.net\/cotedivoire\/wp-json\/wp\/v2\/categories?post=97034"},{"taxonomy":"post_tag","embeddable":true,"href":"https:\/\/www.africa-press.net\/cotedivoire\/wp-json\/wp\/v2\/tags?post=97034"}],"curies":[{"name":"wp","href":"https:\/\/api.w.org\/{rel}","templated":true}]}}