{"id":9705,"date":"2021-07-04T16:52:40","date_gmt":"2021-07-04T16:52:40","guid":{"rendered":"https:\/\/www.africa-press.net\/cotedivoire\/?p=9705"},"modified":"2021-07-06T19:49:47","modified_gmt":"2021-07-06T19:49:47","slug":"cote-divoire-rentre-dexil-bendjo-beneficiera-t-il-damnistie-ou-de-la-grace","status":"publish","type":"post","link":"https:\/\/www.africa-press.net\/cotedivoire\/politique\/cote-divoire-rentre-dexil-bendjo-beneficiera-t-il-damnistie-ou-de-la-grace","title":{"rendered":"Rentr\u00e9 d\u2019exil Bendjo b\u00e9n\u00e9ficiera-t-il d\u2019amnistie ou de la gr\u00e2ce ?"},"content":{"rendered":"<p><span style=\"color: #ff6600\"><strong><a href=\"https:\/\/www.africa-press.net\/\">Africa-Press<\/a> &#8211; <a href=\"https:\/\/www.africa-press.net\/cotedivoire\">C\u00f4te d&rsquo;Ivoire<\/a>. <\/strong><\/span>Par Sylvie Kouam\u00e9<\/p>\n<p>Le vice-pr\u00e9sident du PDCI\u2014RDA, ancien maire de la commune du Plateau (quartier des affaires d\u2019Abidjan), No\u00ebl Akossi Bendjo, est rentr\u00e9 ce weekend en C\u00f4te d\u2019Ivoire apr\u00e8s trois ann\u00e9es d\u2019exil \u00e0 Paris.<\/p>\n<p>\u00c0 son arriv\u00e9e, celui qui est pressenti pour \u00eatre l\u2019un des candidats \u00e0 la succession d\u2019Henri Konan B\u00e9di\u00e9 (87 ans) \u00e0 la pr\u00e9sidence du PDCI, a indiqu\u00e9 \u00eatre revenu d\u2019exil \u00ab sans haine, ni ressentiment \u00bb.<\/p>\n<p>Celui qui fut pendant de longues ann\u00e9es le tout puissant maire de la commune phare de la C\u00f4te-d\u2019Ivoire, avait fui le pays en 2018, soup\u00e7onn\u00e9 par la justice de malversations financi\u00e8res, d\u00e9tournement de fonds publics et faux et usage de faux. Il s\u2019\u00e9tait vu r\u00e9voqu\u00e9 puis condamn\u00e9 par contumace \u00e0 20 ans de prison.<\/p>\n<p>Intervenant en mai dernier sur le cas Bendjo, le secr\u00e9taire ex\u00e9cutif du parti Maurice Kakou Guikahu\u00e9 affirmait que Bendjo avait \u00e9t\u00e9 sp\u00e9cialement autoris\u00e9 par le pr\u00e9sident de la R\u00e9publique \u00e0 rentrer au pays, mais sans toutefois l\u2019assurance d\u2019une gr\u00e2ce ou d\u2019une amnistie.<\/p>\n","protected":false},"excerpt":{"rendered":"<p>Africa-Press &#8211; C\u00f4te d&rsquo;Ivoire. Par Sylvie Kouam\u00e9 Le vice-pr\u00e9sident du PDCI\u2014RDA, ancien maire de la commune du Plateau (quartier des affaires d\u2019Abidjan), No\u00ebl Akossi Bendjo, est rentr\u00e9 ce weekend en C\u00f4te d\u2019Ivoire apr\u00e8s trois ann\u00e9es d\u2019exil \u00e0 Paris. \u00c0 son arriv\u00e9e, celui qui est pressenti pour \u00eatre l\u2019un des candidats \u00e0 la succession d\u2019Henri Konan [&hellip;]<\/p>\n","protected":false},"author":82,"featured_media":9704,"comment_status":"open","ping_status":"closed","sticky":false,"template":"","format":"standard","meta":{"footnotes":""},"categories":[11,2,20,10],"tags":[56,63,29],"class_list":["post-9705","post","type-post","status-publish","format-standard","has-post-thumbnail","hentry","category-homepage-french","category-politique","category-top-nouvelles","category-toutes-les-actualites","tag-africa-press","tag-africa-press-cote-divoire","tag-cote-divoire"],"yoast_head":"<!-- This site is optimized with the Yoast SEO Premium plugin v26.1 (Yoast SEO v27.0) - https:\/\/yoast.com\/product\/yoast-seo-premium-wordpress\/ -->\n<title>Rentr\u00e9 d\u2019exil Bendjo b\u00e9n\u00e9ficiera-t-il d\u2019amnistie ou de la gr\u00e2ce ? - C\u00f4te d&#039;Ivoire<\/title>\n<meta name=\"description\" content=\"Par Sylvie Kouam\u00e9 Le vice-pr\u00e9sident du PDCI\u2014RDA, ancien maire de la commune du Plateau (quartier des affaires d\u2019Abidjan ...\" \/>\n<meta name=\"robots\" content=\"index, follow, max-snippet:-1, max-image-preview:large, max-video-preview:-1\" \/>\n<link rel=\"canonical\" href=\"https:\/\/www.africa-press.net\/cotedivoire\/politique\/cote-divoire-rentre-dexil-bendjo-beneficiera-t-il-damnistie-ou-de-la-grace\" \/>\n<meta property=\"og:locale\" content=\"fr_FR\" \/>\n<meta property=\"og:type\" content=\"article\" \/>\n<meta property=\"og:title\" content=\"Rentr\u00e9 d\u2019exil Bendjo b\u00e9n\u00e9ficiera-t-il d\u2019amnistie ou de la gr\u00e2ce ?\" \/>\n<meta property=\"og:description\" content=\"Par Sylvie Kouam\u00e9 Le vice-pr\u00e9sident du PDCI\u2014RDA, ancien maire de la commune du Plateau (quartier des affaires d\u2019Abidjan ...\" \/>\n<meta property=\"og:url\" content=\"https:\/\/www.africa-press.net\/cotedivoire\/politique\/cote-divoire-rentre-dexil-bendjo-beneficiera-t-il-damnistie-ou-de-la-grace\" \/>\n<meta property=\"og:site_name\" content=\"C\u00f4te d&#039;Ivoire\" \/>\n<meta property=\"article:published_time\" content=\"2021-07-04T16:52:40+00:00\" \/>\n<meta property=\"article:modified_time\" content=\"2021-07-06T19:49:47+00:00\" \/>\n<meta property=\"og:image\" content=\"https:\/\/static.africa-press.net\/cote\/sites\/43\/2021\/07\/img-60e1e307d6864.jpg\" \/>\n\t<meta property=\"og:image:width\" content=\"1280\" \/>\n\t<meta property=\"og:image:height\" content=\"720\" \/>\n\t<meta property=\"og:image:type\" content=\"image\/jpeg\" \/>\n<meta name=\"author\" content=\"cfeditorfr\" \/>\n<meta name=\"twitter:card\" content=\"summary_large_image\" \/>\n<meta name=\"twitter:label1\" content=\"\u00c9crit par\" \/>\n\t<meta name=\"twitter:data1\" content=\"cfeditorfr\" \/>\n\t<meta name=\"twitter:label2\" content=\"Dur\u00e9e de lecture estim\u00e9e\" \/>\n\t<meta name=\"twitter:data2\" content=\"1 minute\" \/>\n<script type=\"application\/ld+json\" class=\"yoast-schema-graph\">{\"@context\":\"https:\/\/schema.org\",\"@graph\":[{\"@type\":\"Article\",\"@id\":\"https:\/\/www.africa-press.net\/cotedivoire\/politique\/cote-divoire-rentre-dexil-bendjo-beneficiera-t-il-damnistie-ou-de-la-grace#article\",\"isPartOf\":{\"@id\":\"https:\/\/www.africa-press.net\/cotedivoire\/politique\/cote-divoire-rentre-dexil-bendjo-beneficiera-t-il-damnistie-ou-de-la-grace\"},\"author\":{\"name\":\"cfeditorfr\",\"@id\":\"https:\/\/www.africa-press.net\/cotedivoire\/#\/schema\/person\/2b1cf3cd81a31e3cd26889ca66d677f1\"},\"headline\":\"Rentr\u00e9 d\u2019exil Bendjo b\u00e9n\u00e9ficiera-t-il d\u2019amnistie ou de la gr\u00e2ce ?\",\"datePublished\":\"2021-07-04T16:52:40+00:00\",\"dateModified\":\"2021-07-06T19:49:47+00:00\",\"mainEntityOfPage\":{\"@id\":\"https:\/\/www.africa-press.net\/cotedivoire\/politique\/cote-divoire-rentre-dexil-bendjo-beneficiera-t-il-damnistie-ou-de-la-grace\"},\"wordCount\":207,\"commentCount\":0,\"image\":{\"@id\":\"https:\/\/www.africa-press.net\/cotedivoire\/politique\/cote-divoire-rentre-dexil-bendjo-beneficiera-t-il-damnistie-ou-de-la-grace#primaryimage\"},\"thumbnailUrl\":\"https:\/\/static.africa-press.net\/cote\/sites\/43\/2021\/07\/img-60e1e307d6864.jpg\",\"keywords\":[\"Africa Press\",\"Africa Press-C\u00f4te d'Ivoire\",\"C\u00d4TE D'IVOIRE\"],\"articleSection\":[\"homepage-french\",\"Politique\",\"Top Nouvelles\",\"Toutes les actualit\u00e9s\"],\"inLanguage\":\"fr-FR\",\"potentialAction\":[{\"@type\":\"CommentAction\",\"name\":\"Comment\",\"target\":[\"https:\/\/www.africa-press.net\/cotedivoire\/politique\/cote-divoire-rentre-dexil-bendjo-beneficiera-t-il-damnistie-ou-de-la-grace#respond\"]}]},{\"@type\":\"WebPage\",\"@id\":\"https:\/\/www.africa-press.net\/cotedivoire\/politique\/cote-divoire-rentre-dexil-bendjo-beneficiera-t-il-damnistie-ou-de-la-grace\",\"url\":\"https:\/\/www.africa-press.net\/cotedivoire\/politique\/cote-divoire-rentre-dexil-bendjo-beneficiera-t-il-damnistie-ou-de-la-grace\",\"name\":\"Rentr\u00e9 d\u2019exil Bendjo b\u00e9n\u00e9ficiera-t-il d\u2019amnistie ou de la gr\u00e2ce ? - C\u00f4te d&#039;Ivoire\",\"isPartOf\":{\"@id\":\"https:\/\/www.africa-press.net\/cotedivoire\/#website\"},\"primaryImageOfPage\":{\"@id\":\"https:\/\/www.africa-press.net\/cotedivoire\/politique\/cote-divoire-rentre-dexil-bendjo-beneficiera-t-il-damnistie-ou-de-la-grace#primaryimage\"},\"image\":{\"@id\":\"https:\/\/www.africa-press.net\/cotedivoire\/politique\/cote-divoire-rentre-dexil-bendjo-beneficiera-t-il-damnistie-ou-de-la-grace#primaryimage\"},\"thumbnailUrl\":\"https:\/\/static.africa-press.net\/cote\/sites\/43\/2021\/07\/img-60e1e307d6864.jpg\",\"datePublished\":\"2021-07-04T16:52:40+00:00\",\"dateModified\":\"2021-07-06T19:49:47+00:00\",\"author\":{\"@id\":\"https:\/\/www.africa-press.net\/cotedivoire\/#\/schema\/person\/2b1cf3cd81a31e3cd26889ca66d677f1\"},\"description\":\"Par Sylvie Kouam\u00e9 Le vice-pr\u00e9sident du PDCI\u2014RDA, ancien maire de la commune du Plateau (quartier des affaires d\u2019Abidjan ...\",\"breadcrumb\":{\"@id\":\"https:\/\/www.africa-press.net\/cotedivoire\/politique\/cote-divoire-rentre-dexil-bendjo-beneficiera-t-il-damnistie-ou-de-la-grace#breadcrumb\"},\"inLanguage\":\"fr-FR\",\"potentialAction\":[{\"@type\":\"ReadAction\",\"target\":[\"https:\/\/www.africa-press.net\/cotedivoire\/politique\/cote-divoire-rentre-dexil-bendjo-beneficiera-t-il-damnistie-ou-de-la-grace\"]}]},{\"@type\":\"ImageObject\",\"inLanguage\":\"fr-FR\",\"@id\":\"https:\/\/www.africa-press.net\/cotedivoire\/politique\/cote-divoire-rentre-dexil-bendjo-beneficiera-t-il-damnistie-ou-de-la-grace#primaryimage\",\"url\":\"https:\/\/static.africa-press.net\/cote\/sites\/43\/2021\/07\/img-60e1e307d6864.jpg\",\"contentUrl\":\"https:\/\/static.africa-press.net\/cote\/sites\/43\/2021\/07\/img-60e1e307d6864.jpg\",\"width\":1280,\"height\":720,\"caption\":\"C\u00f4te-d\u2019Ivoire: Rentr\u00e9 d\u2019exil Bendjo b\u00e9n\u00e9ficiera-t-il d\u2019amnistie ou de la gr\u00e2ce ?\"},{\"@type\":\"BreadcrumbList\",\"@id\":\"https:\/\/www.africa-press.net\/cotedivoire\/politique\/cote-divoire-rentre-dexil-bendjo-beneficiera-t-il-damnistie-ou-de-la-grace#breadcrumb\",\"itemListElement\":[{\"@type\":\"ListItem\",\"position\":1,\"name\":\"Accueil\",\"item\":\"https:\/\/www.africa-press.net\/cotedivoire\/\"},{\"@type\":\"ListItem\",\"position\":2,\"name\":\"Rentr\u00e9 d\u2019exil Bendjo b\u00e9n\u00e9ficiera-t-il d\u2019amnistie ou de la gr\u00e2ce ?\"}]},{\"@type\":\"WebSite\",\"@id\":\"https:\/\/www.africa-press.net\/cotedivoire\/#website\",\"url\":\"https:\/\/www.africa-press.net\/cotedivoire\/\",\"name\":\"C\u00f4te d&#039;Ivoire\",\"description\":\"Just another Africa News Agency Sites site\",\"potentialAction\":[{\"@type\":\"SearchAction\",\"target\":{\"@type\":\"EntryPoint\",\"urlTemplate\":\"https:\/\/www.africa-press.net\/cotedivoire\/?s={search_term_string}\"},\"query-input\":{\"@type\":\"PropertyValueSpecification\",\"valueRequired\":true,\"valueName\":\"search_term_string\"}}],\"inLanguage\":\"fr-FR\"},{\"@type\":\"Person\",\"@id\":\"https:\/\/www.africa-press.net\/cotedivoire\/#\/schema\/person\/2b1cf3cd81a31e3cd26889ca66d677f1\",\"name\":\"cfeditorfr\"}]}<\/script>\n<!-- \/ Yoast SEO Premium plugin. -->","yoast_head_json":{"title":"Rentr\u00e9 d\u2019exil Bendjo b\u00e9n\u00e9ficiera-t-il d\u2019amnistie ou de la gr\u00e2ce ? - C\u00f4te d&#039;Ivoire","description":"Par Sylvie Kouam\u00e9 Le vice-pr\u00e9sident du PDCI\u2014RDA, ancien maire de la commune du Plateau (quartier des affaires d\u2019Abidjan ...","robots":{"index":"index","follow":"follow","max-snippet":"max-snippet:-1","max-image-preview":"max-image-preview:large","max-video-preview":"max-video-preview:-1"},"canonical":"https:\/\/www.africa-press.net\/cotedivoire\/politique\/cote-divoire-rentre-dexil-bendjo-beneficiera-t-il-damnistie-ou-de-la-grace","og_locale":"fr_FR","og_type":"article","og_title":"Rentr\u00e9 d\u2019exil Bendjo b\u00e9n\u00e9ficiera-t-il d\u2019amnistie ou de la gr\u00e2ce ?","og_description":"Par Sylvie Kouam\u00e9 Le vice-pr\u00e9sident du PDCI\u2014RDA, ancien maire de la commune du Plateau (quartier des affaires d\u2019Abidjan ...","og_url":"https:\/\/www.africa-press.net\/cotedivoire\/politique\/cote-divoire-rentre-dexil-bendjo-beneficiera-t-il-damnistie-ou-de-la-grace","og_site_name":"C\u00f4te d&#039;Ivoire","article_published_time":"2021-07-04T16:52:40+00:00","article_modified_time":"2021-07-06T19:49:47+00:00","og_image":[{"width":1280,"height":720,"url":"https:\/\/static.africa-press.net\/cote\/sites\/43\/2021\/07\/img-60e1e307d6864.jpg","type":"image\/jpeg"}],"author":"cfeditorfr","twitter_card":"summary_large_image","twitter_misc":{"\u00c9crit par":"cfeditorfr","Dur\u00e9e de lecture estim\u00e9e":"1 minute"},"schema":{"@context":"https:\/\/schema.org","@graph":[{"@type":"Article","@id":"https:\/\/www.africa-press.net\/cotedivoire\/politique\/cote-divoire-rentre-dexil-bendjo-beneficiera-t-il-damnistie-ou-de-la-grace#article","isPartOf":{"@id":"https:\/\/www.africa-press.net\/cotedivoire\/politique\/cote-divoire-rentre-dexil-bendjo-beneficiera-t-il-damnistie-ou-de-la-grace"},"author":{"name":"cfeditorfr","@id":"https:\/\/www.africa-press.net\/cotedivoire\/#\/schema\/person\/2b1cf3cd81a31e3cd26889ca66d677f1"},"headline":"Rentr\u00e9 d\u2019exil Bendjo b\u00e9n\u00e9ficiera-t-il d\u2019amnistie ou de la gr\u00e2ce ?","datePublished":"2021-07-04T16:52:40+00:00","dateModified":"2021-07-06T19:49:47+00:00","mainEntityOfPage":{"@id":"https:\/\/www.africa-press.net\/cotedivoire\/politique\/cote-divoire-rentre-dexil-bendjo-beneficiera-t-il-damnistie-ou-de-la-grace"},"wordCount":207,"commentCount":0,"image":{"@id":"https:\/\/www.africa-press.net\/cotedivoire\/politique\/cote-divoire-rentre-dexil-bendjo-beneficiera-t-il-damnistie-ou-de-la-grace#primaryimage"},"thumbnailUrl":"https:\/\/static.africa-press.net\/cote\/sites\/43\/2021\/07\/img-60e1e307d6864.jpg","keywords":["Africa Press","Africa Press-C\u00f4te d'Ivoire","C\u00d4TE D'IVOIRE"],"articleSection":["homepage-french","Politique","Top Nouvelles","Toutes les actualit\u00e9s"],"inLanguage":"fr-FR","potentialAction":[{"@type":"CommentAction","name":"Comment","target":["https:\/\/www.africa-press.net\/cotedivoire\/politique\/cote-divoire-rentre-dexil-bendjo-beneficiera-t-il-damnistie-ou-de-la-grace#respond"]}]},{"@type":"WebPage","@id":"https:\/\/www.africa-press.net\/cotedivoire\/politique\/cote-divoire-rentre-dexil-bendjo-beneficiera-t-il-damnistie-ou-de-la-grace","url":"https:\/\/www.africa-press.net\/cotedivoire\/politique\/cote-divoire-rentre-dexil-bendjo-beneficiera-t-il-damnistie-ou-de-la-grace","name":"Rentr\u00e9 d\u2019exil Bendjo b\u00e9n\u00e9ficiera-t-il d\u2019amnistie ou de la gr\u00e2ce ? - C\u00f4te d&#039;Ivoire","isPartOf":{"@id":"https:\/\/www.africa-press.net\/cotedivoire\/#website"},"primaryImageOfPage":{"@id":"https:\/\/www.africa-press.net\/cotedivoire\/politique\/cote-divoire-rentre-dexil-bendjo-beneficiera-t-il-damnistie-ou-de-la-grace#primaryimage"},"image":{"@id":"https:\/\/www.africa-press.net\/cotedivoire\/politique\/cote-divoire-rentre-dexil-bendjo-beneficiera-t-il-damnistie-ou-de-la-grace#primaryimage"},"thumbnailUrl":"https:\/\/static.africa-press.net\/cote\/sites\/43\/2021\/07\/img-60e1e307d6864.jpg","datePublished":"2021-07-04T16:52:40+00:00","dateModified":"2021-07-06T19:49:47+00:00","author":{"@id":"https:\/\/www.africa-press.net\/cotedivoire\/#\/schema\/person\/2b1cf3cd81a31e3cd26889ca66d677f1"},"description":"Par Sylvie Kouam\u00e9 Le vice-pr\u00e9sident du PDCI\u2014RDA, ancien maire de la commune du Plateau (quartier des affaires d\u2019Abidjan ...","breadcrumb":{"@id":"https:\/\/www.africa-press.net\/cotedivoire\/politique\/cote-divoire-rentre-dexil-bendjo-beneficiera-t-il-damnistie-ou-de-la-grace#breadcrumb"},"inLanguage":"fr-FR","potentialAction":[{"@type":"ReadAction","target":["https:\/\/www.africa-press.net\/cotedivoire\/politique\/cote-divoire-rentre-dexil-bendjo-beneficiera-t-il-damnistie-ou-de-la-grace"]}]},{"@type":"ImageObject","inLanguage":"fr-FR","@id":"https:\/\/www.africa-press.net\/cotedivoire\/politique\/cote-divoire-rentre-dexil-bendjo-beneficiera-t-il-damnistie-ou-de-la-grace#primaryimage","url":"https:\/\/static.africa-press.net\/cote\/sites\/43\/2021\/07\/img-60e1e307d6864.jpg","contentUrl":"https:\/\/static.africa-press.net\/cote\/sites\/43\/2021\/07\/img-60e1e307d6864.jpg","width":1280,"height":720,"caption":"C\u00f4te-d\u2019Ivoire: Rentr\u00e9 d\u2019exil Bendjo b\u00e9n\u00e9ficiera-t-il d\u2019amnistie ou de la gr\u00e2ce ?"},{"@type":"BreadcrumbList","@id":"https:\/\/www.africa-press.net\/cotedivoire\/politique\/cote-divoire-rentre-dexil-bendjo-beneficiera-t-il-damnistie-ou-de-la-grace#breadcrumb","itemListElement":[{"@type":"ListItem","position":1,"name":"Accueil","item":"https:\/\/www.africa-press.net\/cotedivoire\/"},{"@type":"ListItem","position":2,"name":"Rentr\u00e9 d\u2019exil Bendjo b\u00e9n\u00e9ficiera-t-il d\u2019amnistie ou de la gr\u00e2ce ?"}]},{"@type":"WebSite","@id":"https:\/\/www.africa-press.net\/cotedivoire\/#website","url":"https:\/\/www.africa-press.net\/cotedivoire\/","name":"C\u00f4te d&#039;Ivoire","description":"Just another Africa News Agency Sites site","potentialAction":[{"@type":"SearchAction","target":{"@type":"EntryPoint","urlTemplate":"https:\/\/www.africa-press.net\/cotedivoire\/?s={search_term_string}"},"query-input":{"@type":"PropertyValueSpecification","valueRequired":true,"valueName":"search_term_string"}}],"inLanguage":"fr-FR"},{"@type":"Person","@id":"https:\/\/www.africa-press.net\/cotedivoire\/#\/schema\/person\/2b1cf3cd81a31e3cd26889ca66d677f1","name":"cfeditorfr"}]}},"_links":{"self":[{"href":"https:\/\/www.africa-press.net\/cotedivoire\/wp-json\/wp\/v2\/posts\/9705","targetHints":{"allow":["GET"]}}],"collection":[{"href":"https:\/\/www.africa-press.net\/cotedivoire\/wp-json\/wp\/v2\/posts"}],"about":[{"href":"https:\/\/www.africa-press.net\/cotedivoire\/wp-json\/wp\/v2\/types\/post"}],"author":[{"embeddable":true,"href":"https:\/\/www.africa-press.net\/cotedivoire\/wp-json\/wp\/v2\/users\/82"}],"replies":[{"embeddable":true,"href":"https:\/\/www.africa-press.net\/cotedivoire\/wp-json\/wp\/v2\/comments?post=9705"}],"version-history":[{"count":0,"href":"https:\/\/www.africa-press.net\/cotedivoire\/wp-json\/wp\/v2\/posts\/9705\/revisions"}],"wp:featuredmedia":[{"embeddable":true,"href":"https:\/\/www.africa-press.net\/cotedivoire\/wp-json\/wp\/v2\/media\/9704"}],"wp:attachment":[{"href":"https:\/\/www.africa-press.net\/cotedivoire\/wp-json\/wp\/v2\/media?parent=9705"}],"wp:term":[{"taxonomy":"category","embeddable":true,"href":"https:\/\/www.africa-press.net\/cotedivoire\/wp-json\/wp\/v2\/categories?post=9705"},{"taxonomy":"post_tag","embeddable":true,"href":"https:\/\/www.africa-press.net\/cotedivoire\/wp-json\/wp\/v2\/tags?post=9705"}],"curies":[{"name":"wp","href":"https:\/\/api.w.org\/{rel}","templated":true}]}}