{"id":97114,"date":"2025-04-05T14:47:08","date_gmt":"2025-04-05T14:47:08","guid":{"rendered":"https:\/\/www.africa-press.net\/cotedivoire\/politique\/bictogo-a-la-150%e1%b5%89-assemblee-de-luip-a-tachkent-developpement-social-et-justice-sociale-au-coeur-des-discussions"},"modified":"2025-04-05T14:47:08","modified_gmt":"2025-04-05T14:47:08","slug":"bictogo-a-la-150%e1%b5%89-assemblee-de-luip-a-tachkent-developpement-social-et-justice-sociale-au-coeur-des-discussions","status":"publish","type":"post","link":"https:\/\/www.africa-press.net\/cotedivoire\/politique\/bictogo-a-la-150%e1%b5%89-assemblee-de-luip-a-tachkent-developpement-social-et-justice-sociale-au-coeur-des-discussions","title":{"rendered":"Bictogo \u00e0 la 150\u1d49 Assembl\u00e9e de l&rsquo;UIP \u00e0 Tachkent, d\u00e9veloppement social et justice sociale au coeur des discussions"},"content":{"rendered":"<p><span style=\"color: #ff6600\"><strong>Africa-Press &#8211; C\u00f4te d&rsquo;Ivoire. <\/strong><\/span>Le Pre\u0301sident de l\u2019Assemble\u0301e nationale de Co\u0302te d\u2019Ivoire, Adama Bictogo, participera a\u0300 la 150e Assemble\u0301e de l\u2019Union Interparlementaire (UIP) qui se tiendra du 5 au 9 avril 2025 a\u0300 Tachkent, en Ouzbe\u0301kistan. Cette rencontre re\u0301unira des parlementaires de 178 E\u0301tats membres autour du the\u0300me central: \u00ab L\u2019action parlementaire pour le de\u0301veloppement social et la justice sociale \u00bb.<\/p>\n<p>Les discussions porteront sur des sujets essentiels tels que l\u2019e\u0301radication de la pauvrete\u0301, la promotion du travail de\u0301cent, l\u2019inclusion sociale et le renforcement de la participation des groupes marginalise\u0301s dans les processus de\u0301cisionnels.<\/p>\n<p>Adama Bictogo prendra la parole lors de la se\u0301ance d\u2019ouverture et du de\u0301bat ge\u0301ne\u0301ral pour partager la vision et les engagements de la Co\u0302te d\u2019Ivoire en matie\u0300re de de\u0301veloppement social et de justice sociale.<\/p>\n<p>Un moment cle\u0301 de cette Assemble\u0301e sera l\u2019intervention de S.E.M. Shavkat Mirziyoyev, Pre\u0301sident de la Re\u0301publique d\u2019Ouzbe\u0301kistan, qui prononcera un discours lors de l\u2019ouverture des travaux.<\/p>\n<p>L\u2019e\u0301ve\u0301nement reve\u0302t e\u0301galement une importance particulie\u0300re en raison du 40e anniversaire du Forum des femmes parlementaires de l\u2019UIP, un anniversaire marquant dans un contexte ou\u0300 la repre\u0301sentation fe\u0301minine au sein des parlements reste un enjeu crucial. D\u2019apre\u0300s le dernier rapport de l\u2019UIP, la proportion mondiale de femmes parlementaires est de 27,2 %.<\/p>\n<p>En marge des sessions ple\u0301nie\u0300res, Adama Bictogo multipliera les rencontres bilate\u0301rales avec ses homologues parlementaires de plusieurs pays. Ces e\u0301changes seront l\u2019occasion de renforcer les liens de coope\u0301ration parlementaire et diplomatique.<\/p>\n<p>Il pre\u0301voit notamment des entretiens avec les Pre\u0301sidents des Assemble\u0301es nationales d\u2019Alge\u0301rie, de Bahrei\u0308n, d\u2019Arabie Saoudite, d\u2019Afrique du Sud, de Tu\u0308rkiye, et du Maroc.<\/p>\n<p>L\u2019Union Interparlementaire, cre\u0301e\u0301e en 1889, est la plus ancienne organisation parlementaire internationale a\u0300 vocation intergouvernementale. Elle a joue\u0301 un ro\u0302le fondamental dans la cre\u0301ation de la Cour permanente d\u2019arbitrage de La Haye en 1899 et \u0153uvre constamment pour la promotion de la de\u0301mocratie, le renforcement des parlements et la de\u0301fense des droits humains a\u0300 l\u2019e\u0301chelle mondiale.<\/p>\n<p><strong>Pour plus d&rsquo;informations et d&rsquo;analyses sur la <span style=\"color: #ff6600\">C\u00f4te d&rsquo;Ivoire<\/span>, suivez <span style=\"color: #ff6600\">Africa-Press<span style=\"color: #ff6600\"><\/span><\/strong><\/p>\n","protected":false},"excerpt":{"rendered":"<p>Africa-Press &#8211; C\u00f4te d&rsquo;Ivoire. Le Pre\u0301sident de l\u2019Assemble\u0301e nationale de Co\u0302te d\u2019Ivoire, Adama Bictogo, participera a\u0300 la 150e Assemble\u0301e de l\u2019Union Interparlementaire (UIP) qui se tiendra du 5 au 9 avril 2025 a\u0300 Tachkent, en Ouzbe\u0301kistan. Cette rencontre re\u0301unira des parlementaires de 178 E\u0301tats membres autour du the\u0300me central: \u00ab L\u2019action parlementaire pour le de\u0301veloppement [&hellip;]<\/p>\n","protected":false},"author":82,"featured_media":97113,"comment_status":"open","ping_status":"closed","sticky":false,"template":"","format":"standard","meta":{"footnotes":""},"categories":[2,20,10],"tags":[1265,2188,37,15178,17296,15185,1941],"class_list":["post-97114","post","type-post","status-publish","format-standard","has-post-thumbnail","hentry","category-politique","category-top-nouvelles","category-toutes-les-actualites","tag-adama-bictogo","tag-assemblee","tag-cote-divoire-2","tag-interparlementaire","tag-tachkent","tag-uip","tag-union"],"yoast_head":"<!-- This site is optimized with the Yoast SEO Premium plugin v26.1 (Yoast SEO v27.0) - https:\/\/yoast.com\/product\/yoast-seo-premium-wordpress\/ -->\n<title>Bictogo \u00e0 la 150\u1d49 Assembl\u00e9e de l&#039;UIP \u00e0 Tachkent, d\u00e9veloppement social et justice sociale au coeur des discussions - C\u00f4te d&#039;Ivoire<\/title>\n<meta name=\"robots\" content=\"index, follow, max-snippet:-1, max-image-preview:large, max-video-preview:-1\" \/>\n<link rel=\"canonical\" href=\"https:\/\/www.africa-press.net\/cotedivoire\/politique\/bictogo-a-la-150\u1d49-assemblee-de-luip-a-tachkent-developpement-social-et-justice-sociale-au-coeur-des-discussions\" \/>\n<meta property=\"og:locale\" content=\"fr_FR\" \/>\n<meta property=\"og:type\" content=\"article\" \/>\n<meta property=\"og:title\" content=\"Bictogo \u00e0 la 150\u1d49 Assembl\u00e9e de l&#039;UIP \u00e0 Tachkent, d\u00e9veloppement social et justice sociale au coeur des discussions\" \/>\n<meta property=\"og:description\" content=\"Africa-Press &#8211; C\u00f4te d&rsquo;Ivoire. Le Pre\u0301sident de l\u2019Assemble\u0301e nationale de Co\u0302te d\u2019Ivoire, Adama Bictogo, participera a\u0300 la 150e Assemble\u0301e de l\u2019Union Interparlementaire (UIP) qui se tiendra du 5 au 9 avril 2025 a\u0300 Tachkent, en Ouzbe\u0301kistan. Cette rencontre re\u0301unira des parlementaires de 178 E\u0301tats membres autour du the\u0300me central: \u00ab L\u2019action parlementaire pour le de\u0301veloppement [&hellip;]\" \/>\n<meta property=\"og:url\" content=\"https:\/\/www.africa-press.net\/cotedivoire\/politique\/bictogo-a-la-150\u1d49-assemblee-de-luip-a-tachkent-developpement-social-et-justice-sociale-au-coeur-des-discussions\" \/>\n<meta property=\"og:site_name\" content=\"C\u00f4te d&#039;Ivoire\" \/>\n<meta property=\"article:published_time\" content=\"2025-04-05T14:47:08+00:00\" \/>\n<meta name=\"author\" content=\"cfeditorfr\" \/>\n<meta name=\"twitter:card\" content=\"summary_large_image\" \/>\n<meta name=\"twitter:label1\" content=\"\u00c9crit par\" \/>\n\t<meta name=\"twitter:data1\" content=\"cfeditorfr\" \/>\n\t<meta name=\"twitter:label2\" content=\"Dur\u00e9e de lecture estim\u00e9e\" \/>\n\t<meta name=\"twitter:data2\" content=\"2 minutes\" \/>\n<script type=\"application\/ld+json\" class=\"yoast-schema-graph\">{\"@context\":\"https:\/\/schema.org\",\"@graph\":[{\"@type\":\"Article\",\"@id\":\"https:\/\/www.africa-press.net\/cotedivoire\/politique\/bictogo-a-la-150%e1%b5%89-assemblee-de-luip-a-tachkent-developpement-social-et-justice-sociale-au-coeur-des-discussions#article\",\"isPartOf\":{\"@id\":\"https:\/\/www.africa-press.net\/cotedivoire\/politique\/bictogo-a-la-150%e1%b5%89-assemblee-de-luip-a-tachkent-developpement-social-et-justice-sociale-au-coeur-des-discussions\"},\"author\":{\"name\":\"cfeditorfr\",\"@id\":\"https:\/\/www.africa-press.net\/cotedivoire\/#\/schema\/person\/2b1cf3cd81a31e3cd26889ca66d677f1\"},\"headline\":\"Bictogo \u00e0 la 150\u1d49 Assembl\u00e9e de l&rsquo;UIP \u00e0 Tachkent, d\u00e9veloppement social et justice sociale au coeur des discussions\",\"datePublished\":\"2025-04-05T14:47:08+00:00\",\"mainEntityOfPage\":{\"@id\":\"https:\/\/www.africa-press.net\/cotedivoire\/politique\/bictogo-a-la-150%e1%b5%89-assemblee-de-luip-a-tachkent-developpement-social-et-justice-sociale-au-coeur-des-discussions\"},\"wordCount\":416,\"commentCount\":0,\"image\":{\"@id\":\"https:\/\/www.africa-press.net\/cotedivoire\/politique\/bictogo-a-la-150%e1%b5%89-assemblee-de-luip-a-tachkent-developpement-social-et-justice-sociale-au-coeur-des-discussions#primaryimage\"},\"thumbnailUrl\":\"https:\/\/static.africa-press.net\/cote\/sites\/43\/2025\/04\/sm_1743852420.704371.jpg\",\"keywords\":[\"Adama Bictogo\",\"Assembl\u00e9e\",\"C\u00f4te d'Ivoire\",\"Interparlementaire\",\"Tachkent\",\"UIP\",\"Union\"],\"articleSection\":[\"Politique\",\"Top Nouvelles\",\"Toutes les actualit\u00e9s\"],\"inLanguage\":\"fr-FR\",\"potentialAction\":[{\"@type\":\"CommentAction\",\"name\":\"Comment\",\"target\":[\"https:\/\/www.africa-press.net\/cotedivoire\/politique\/bictogo-a-la-150%e1%b5%89-assemblee-de-luip-a-tachkent-developpement-social-et-justice-sociale-au-coeur-des-discussions#respond\"]}]},{\"@type\":\"WebPage\",\"@id\":\"https:\/\/www.africa-press.net\/cotedivoire\/politique\/bictogo-a-la-150%e1%b5%89-assemblee-de-luip-a-tachkent-developpement-social-et-justice-sociale-au-coeur-des-discussions\",\"url\":\"https:\/\/www.africa-press.net\/cotedivoire\/politique\/bictogo-a-la-150%e1%b5%89-assemblee-de-luip-a-tachkent-developpement-social-et-justice-sociale-au-coeur-des-discussions\",\"name\":\"Bictogo \u00e0 la 150\u1d49 Assembl\u00e9e de l'UIP \u00e0 Tachkent, d\u00e9veloppement social et justice sociale au coeur des discussions - C\u00f4te d&#039;Ivoire\",\"isPartOf\":{\"@id\":\"https:\/\/www.africa-press.net\/cotedivoire\/#website\"},\"primaryImageOfPage\":{\"@id\":\"https:\/\/www.africa-press.net\/cotedivoire\/politique\/bictogo-a-la-150%e1%b5%89-assemblee-de-luip-a-tachkent-developpement-social-et-justice-sociale-au-coeur-des-discussions#primaryimage\"},\"image\":{\"@id\":\"https:\/\/www.africa-press.net\/cotedivoire\/politique\/bictogo-a-la-150%e1%b5%89-assemblee-de-luip-a-tachkent-developpement-social-et-justice-sociale-au-coeur-des-discussions#primaryimage\"},\"thumbnailUrl\":\"https:\/\/static.africa-press.net\/cote\/sites\/43\/2025\/04\/sm_1743852420.704371.jpg\",\"datePublished\":\"2025-04-05T14:47:08+00:00\",\"author\":{\"@id\":\"https:\/\/www.africa-press.net\/cotedivoire\/#\/schema\/person\/2b1cf3cd81a31e3cd26889ca66d677f1\"},\"breadcrumb\":{\"@id\":\"https:\/\/www.africa-press.net\/cotedivoire\/politique\/bictogo-a-la-150%e1%b5%89-assemblee-de-luip-a-tachkent-developpement-social-et-justice-sociale-au-coeur-des-discussions#breadcrumb\"},\"inLanguage\":\"fr-FR\",\"potentialAction\":[{\"@type\":\"ReadAction\",\"target\":[\"https:\/\/www.africa-press.net\/cotedivoire\/politique\/bictogo-a-la-150%e1%b5%89-assemblee-de-luip-a-tachkent-developpement-social-et-justice-sociale-au-coeur-des-discussions\"]}]},{\"@type\":\"ImageObject\",\"inLanguage\":\"fr-FR\",\"@id\":\"https:\/\/www.africa-press.net\/cotedivoire\/politique\/bictogo-a-la-150%e1%b5%89-assemblee-de-luip-a-tachkent-developpement-social-et-justice-sociale-au-coeur-des-discussions#primaryimage\",\"url\":\"https:\/\/static.africa-press.net\/cote\/sites\/43\/2025\/04\/sm_1743852420.704371.jpg\",\"contentUrl\":\"https:\/\/static.africa-press.net\/cote\/sites\/43\/2025\/04\/sm_1743852420.704371.jpg\",\"width\":720,\"height\":495,\"caption\":\"Bictogo \u00e0 la 150\u1d49 Assembl\u00e9e de l'UIP \u00e0 Tachkent, d\u00e9veloppement social et justice sociale au coeur des discussions\"},{\"@type\":\"BreadcrumbList\",\"@id\":\"https:\/\/www.africa-press.net\/cotedivoire\/politique\/bictogo-a-la-150%e1%b5%89-assemblee-de-luip-a-tachkent-developpement-social-et-justice-sociale-au-coeur-des-discussions#breadcrumb\",\"itemListElement\":[{\"@type\":\"ListItem\",\"position\":1,\"name\":\"Accueil\",\"item\":\"https:\/\/www.africa-press.net\/cotedivoire\/\"},{\"@type\":\"ListItem\",\"position\":2,\"name\":\"Bictogo \u00e0 la 150\u1d49 Assembl\u00e9e de l&rsquo;UIP \u00e0 Tachkent, d\u00e9veloppement social et justice sociale au coeur des discussions\"}]},{\"@type\":\"WebSite\",\"@id\":\"https:\/\/www.africa-press.net\/cotedivoire\/#website\",\"url\":\"https:\/\/www.africa-press.net\/cotedivoire\/\",\"name\":\"C\u00f4te d&#039;Ivoire\",\"description\":\"Just another Africa News Agency Sites site\",\"potentialAction\":[{\"@type\":\"SearchAction\",\"target\":{\"@type\":\"EntryPoint\",\"urlTemplate\":\"https:\/\/www.africa-press.net\/cotedivoire\/?s={search_term_string}\"},\"query-input\":{\"@type\":\"PropertyValueSpecification\",\"valueRequired\":true,\"valueName\":\"search_term_string\"}}],\"inLanguage\":\"fr-FR\"},{\"@type\":\"Person\",\"@id\":\"https:\/\/www.africa-press.net\/cotedivoire\/#\/schema\/person\/2b1cf3cd81a31e3cd26889ca66d677f1\",\"name\":\"cfeditorfr\"}]}<\/script>\n<!-- \/ Yoast SEO Premium plugin. -->","yoast_head_json":{"title":"Bictogo \u00e0 la 150\u1d49 Assembl\u00e9e de l'UIP \u00e0 Tachkent, d\u00e9veloppement social et justice sociale au coeur des discussions - C\u00f4te d&#039;Ivoire","robots":{"index":"index","follow":"follow","max-snippet":"max-snippet:-1","max-image-preview":"max-image-preview:large","max-video-preview":"max-video-preview:-1"},"canonical":"https:\/\/www.africa-press.net\/cotedivoire\/politique\/bictogo-a-la-150\u1d49-assemblee-de-luip-a-tachkent-developpement-social-et-justice-sociale-au-coeur-des-discussions","og_locale":"fr_FR","og_type":"article","og_title":"Bictogo \u00e0 la 150\u1d49 Assembl\u00e9e de l'UIP \u00e0 Tachkent, d\u00e9veloppement social et justice sociale au coeur des discussions","og_description":"Africa-Press &#8211; C\u00f4te d&rsquo;Ivoire. Le Pre\u0301sident de l\u2019Assemble\u0301e nationale de Co\u0302te d\u2019Ivoire, Adama Bictogo, participera a\u0300 la 150e Assemble\u0301e de l\u2019Union Interparlementaire (UIP) qui se tiendra du 5 au 9 avril 2025 a\u0300 Tachkent, en Ouzbe\u0301kistan. Cette rencontre re\u0301unira des parlementaires de 178 E\u0301tats membres autour du the\u0300me central: \u00ab L\u2019action parlementaire pour le de\u0301veloppement [&hellip;]","og_url":"https:\/\/www.africa-press.net\/cotedivoire\/politique\/bictogo-a-la-150\u1d49-assemblee-de-luip-a-tachkent-developpement-social-et-justice-sociale-au-coeur-des-discussions","og_site_name":"C\u00f4te d&#039;Ivoire","article_published_time":"2025-04-05T14:47:08+00:00","author":"cfeditorfr","twitter_card":"summary_large_image","twitter_misc":{"\u00c9crit par":"cfeditorfr","Dur\u00e9e de lecture estim\u00e9e":"2 minutes"},"schema":{"@context":"https:\/\/schema.org","@graph":[{"@type":"Article","@id":"https:\/\/www.africa-press.net\/cotedivoire\/politique\/bictogo-a-la-150%e1%b5%89-assemblee-de-luip-a-tachkent-developpement-social-et-justice-sociale-au-coeur-des-discussions#article","isPartOf":{"@id":"https:\/\/www.africa-press.net\/cotedivoire\/politique\/bictogo-a-la-150%e1%b5%89-assemblee-de-luip-a-tachkent-developpement-social-et-justice-sociale-au-coeur-des-discussions"},"author":{"name":"cfeditorfr","@id":"https:\/\/www.africa-press.net\/cotedivoire\/#\/schema\/person\/2b1cf3cd81a31e3cd26889ca66d677f1"},"headline":"Bictogo \u00e0 la 150\u1d49 Assembl\u00e9e de l&rsquo;UIP \u00e0 Tachkent, d\u00e9veloppement social et justice sociale au coeur des discussions","datePublished":"2025-04-05T14:47:08+00:00","mainEntityOfPage":{"@id":"https:\/\/www.africa-press.net\/cotedivoire\/politique\/bictogo-a-la-150%e1%b5%89-assemblee-de-luip-a-tachkent-developpement-social-et-justice-sociale-au-coeur-des-discussions"},"wordCount":416,"commentCount":0,"image":{"@id":"https:\/\/www.africa-press.net\/cotedivoire\/politique\/bictogo-a-la-150%e1%b5%89-assemblee-de-luip-a-tachkent-developpement-social-et-justice-sociale-au-coeur-des-discussions#primaryimage"},"thumbnailUrl":"https:\/\/static.africa-press.net\/cote\/sites\/43\/2025\/04\/sm_1743852420.704371.jpg","keywords":["Adama Bictogo","Assembl\u00e9e","C\u00f4te d'Ivoire","Interparlementaire","Tachkent","UIP","Union"],"articleSection":["Politique","Top Nouvelles","Toutes les actualit\u00e9s"],"inLanguage":"fr-FR","potentialAction":[{"@type":"CommentAction","name":"Comment","target":["https:\/\/www.africa-press.net\/cotedivoire\/politique\/bictogo-a-la-150%e1%b5%89-assemblee-de-luip-a-tachkent-developpement-social-et-justice-sociale-au-coeur-des-discussions#respond"]}]},{"@type":"WebPage","@id":"https:\/\/www.africa-press.net\/cotedivoire\/politique\/bictogo-a-la-150%e1%b5%89-assemblee-de-luip-a-tachkent-developpement-social-et-justice-sociale-au-coeur-des-discussions","url":"https:\/\/www.africa-press.net\/cotedivoire\/politique\/bictogo-a-la-150%e1%b5%89-assemblee-de-luip-a-tachkent-developpement-social-et-justice-sociale-au-coeur-des-discussions","name":"Bictogo \u00e0 la 150\u1d49 Assembl\u00e9e de l'UIP \u00e0 Tachkent, d\u00e9veloppement social et justice sociale au coeur des discussions - C\u00f4te d&#039;Ivoire","isPartOf":{"@id":"https:\/\/www.africa-press.net\/cotedivoire\/#website"},"primaryImageOfPage":{"@id":"https:\/\/www.africa-press.net\/cotedivoire\/politique\/bictogo-a-la-150%e1%b5%89-assemblee-de-luip-a-tachkent-developpement-social-et-justice-sociale-au-coeur-des-discussions#primaryimage"},"image":{"@id":"https:\/\/www.africa-press.net\/cotedivoire\/politique\/bictogo-a-la-150%e1%b5%89-assemblee-de-luip-a-tachkent-developpement-social-et-justice-sociale-au-coeur-des-discussions#primaryimage"},"thumbnailUrl":"https:\/\/static.africa-press.net\/cote\/sites\/43\/2025\/04\/sm_1743852420.704371.jpg","datePublished":"2025-04-05T14:47:08+00:00","author":{"@id":"https:\/\/www.africa-press.net\/cotedivoire\/#\/schema\/person\/2b1cf3cd81a31e3cd26889ca66d677f1"},"breadcrumb":{"@id":"https:\/\/www.africa-press.net\/cotedivoire\/politique\/bictogo-a-la-150%e1%b5%89-assemblee-de-luip-a-tachkent-developpement-social-et-justice-sociale-au-coeur-des-discussions#breadcrumb"},"inLanguage":"fr-FR","potentialAction":[{"@type":"ReadAction","target":["https:\/\/www.africa-press.net\/cotedivoire\/politique\/bictogo-a-la-150%e1%b5%89-assemblee-de-luip-a-tachkent-developpement-social-et-justice-sociale-au-coeur-des-discussions"]}]},{"@type":"ImageObject","inLanguage":"fr-FR","@id":"https:\/\/www.africa-press.net\/cotedivoire\/politique\/bictogo-a-la-150%e1%b5%89-assemblee-de-luip-a-tachkent-developpement-social-et-justice-sociale-au-coeur-des-discussions#primaryimage","url":"https:\/\/static.africa-press.net\/cote\/sites\/43\/2025\/04\/sm_1743852420.704371.jpg","contentUrl":"https:\/\/static.africa-press.net\/cote\/sites\/43\/2025\/04\/sm_1743852420.704371.jpg","width":720,"height":495,"caption":"Bictogo \u00e0 la 150\u1d49 Assembl\u00e9e de l'UIP \u00e0 Tachkent, d\u00e9veloppement social et justice sociale au coeur des discussions"},{"@type":"BreadcrumbList","@id":"https:\/\/www.africa-press.net\/cotedivoire\/politique\/bictogo-a-la-150%e1%b5%89-assemblee-de-luip-a-tachkent-developpement-social-et-justice-sociale-au-coeur-des-discussions#breadcrumb","itemListElement":[{"@type":"ListItem","position":1,"name":"Accueil","item":"https:\/\/www.africa-press.net\/cotedivoire\/"},{"@type":"ListItem","position":2,"name":"Bictogo \u00e0 la 150\u1d49 Assembl\u00e9e de l&rsquo;UIP \u00e0 Tachkent, d\u00e9veloppement social et justice sociale au coeur des discussions"}]},{"@type":"WebSite","@id":"https:\/\/www.africa-press.net\/cotedivoire\/#website","url":"https:\/\/www.africa-press.net\/cotedivoire\/","name":"C\u00f4te d&#039;Ivoire","description":"Just another Africa News Agency Sites site","potentialAction":[{"@type":"SearchAction","target":{"@type":"EntryPoint","urlTemplate":"https:\/\/www.africa-press.net\/cotedivoire\/?s={search_term_string}"},"query-input":{"@type":"PropertyValueSpecification","valueRequired":true,"valueName":"search_term_string"}}],"inLanguage":"fr-FR"},{"@type":"Person","@id":"https:\/\/www.africa-press.net\/cotedivoire\/#\/schema\/person\/2b1cf3cd81a31e3cd26889ca66d677f1","name":"cfeditorfr"}]}},"_links":{"self":[{"href":"https:\/\/www.africa-press.net\/cotedivoire\/wp-json\/wp\/v2\/posts\/97114","targetHints":{"allow":["GET"]}}],"collection":[{"href":"https:\/\/www.africa-press.net\/cotedivoire\/wp-json\/wp\/v2\/posts"}],"about":[{"href":"https:\/\/www.africa-press.net\/cotedivoire\/wp-json\/wp\/v2\/types\/post"}],"author":[{"embeddable":true,"href":"https:\/\/www.africa-press.net\/cotedivoire\/wp-json\/wp\/v2\/users\/82"}],"replies":[{"embeddable":true,"href":"https:\/\/www.africa-press.net\/cotedivoire\/wp-json\/wp\/v2\/comments?post=97114"}],"version-history":[{"count":0,"href":"https:\/\/www.africa-press.net\/cotedivoire\/wp-json\/wp\/v2\/posts\/97114\/revisions"}],"wp:featuredmedia":[{"embeddable":true,"href":"https:\/\/www.africa-press.net\/cotedivoire\/wp-json\/wp\/v2\/media\/97113"}],"wp:attachment":[{"href":"https:\/\/www.africa-press.net\/cotedivoire\/wp-json\/wp\/v2\/media?parent=97114"}],"wp:term":[{"taxonomy":"category","embeddable":true,"href":"https:\/\/www.africa-press.net\/cotedivoire\/wp-json\/wp\/v2\/categories?post=97114"},{"taxonomy":"post_tag","embeddable":true,"href":"https:\/\/www.africa-press.net\/cotedivoire\/wp-json\/wp\/v2\/tags?post=97114"}],"curies":[{"name":"wp","href":"https:\/\/api.w.org\/{rel}","templated":true}]}}