{"id":9714,"date":"2021-07-04T17:13:11","date_gmt":"2021-07-04T17:13:11","guid":{"rendered":"https:\/\/www.africa-press.net\/cotedivoire\/?p=9714"},"modified":"2021-07-06T19:50:20","modified_gmt":"2021-07-06T19:50:20","slug":"droit-maritime-institut-universitaire-inquiets-pour-leur-avenir-serey-doh-celestin-rassure-les-etudiants","status":"publish","type":"post","link":"https:\/\/www.africa-press.net\/cotedivoire\/economie\/droit-maritime-institut-universitaire-inquiets-pour-leur-avenir-serey-doh-celestin-rassure-les-etudiants","title":{"rendered":"Droit Maritime\/Institut universitaire: Inquiets pour leur avenir, Serey Doh C\u00e9lestin rassure les \u00e9tudiants"},"content":{"rendered":"<p><span style=\"color: #ff6600\"><strong><a href=\"https:\/\/www.africa-press.net\/\">Africa-Press<\/a> &#8211; <a href=\"https:\/\/www.africa-press.net\/cotedivoire\">C\u00f4te d&rsquo;Ivoire<\/a>. <\/strong><\/span>Dans le cadre du lancement des activit\u00e9s de leur association, les \u00e9tudiants en Droit maritime et Activit\u00e9s Portuaires de l\u2019Institut Universitaire d\u2019Abidjan (IUA) ont organis\u00e9 une conf\u00e9rence sur le th\u00e8me \u00ab l\u2019importance du droit maritime dans l\u2019\u00e9conomie ivoirienne \u00bb.<\/p>\n<p>Dans le cadre du lancement des activit\u00e9s de leur association, les \u00e9tudiants en Droit maritime et Activit\u00e9s Portuaires de l\u2019Institut Universitaire d\u2019Abidjan (IUA) ont organis\u00e9 une conf\u00e9rence sur le th\u00e8me \u00ab l\u2019importance du droit maritime dans l\u2019\u00e9conomie ivoirienne \u00bb. Le directeur de l\u2019acad\u00e9mie r\u00e9gionale des sciences et techniques de la Mer (ARSTM), Coulibaly Karim a, au nom du secr\u00e9taire d\u2019Etat aupr\u00e8s du ministre des transports en charge des affaires maritimes, Dr Serey Doh C\u00e9lestin, parrain de ladite c\u00e9r\u00e9monie, rassur\u00e9 les \u00e9tudiants inquiets pour leur avenir dans ce secteur d\u2019activit\u00e9 qui offre d\u2019\u00e9normes potentialit\u00e9s \u00e9conomiques et d\u00e9bouch\u00e9s (travail) mais peu connu du grand public. C\u2019\u00e9tait le 30 juin 2021 \u00e0 l\u2019amphi 9 de la Riviera Bonoumin ; en pr\u00e9sence du professeur Coulibaly Climanlo J\u00e9r\u00f4me, responsable de la fili\u00e8re et pr\u00e9curseur du droit maritime en C\u00f4te d\u2019Ivoire.<\/p>\n<p>Koffi Ass\u00e8ne Junior Franklyn, \u00e9tudiant en Master 2 de Droit maritime, pr\u00e9sident de l\u2019association des \u00e9tudiants de cette fili\u00e8re \u00e0 l\u2019IUA et ses camarades ont sollicit\u00e9 d\u2019\u00e9minents professeurs \u00e0 l\u2019effet de les \u00e9difier sur l\u2019importance de leur choix de carri\u00e8re, mais \u00e9galement renforcer leurs connaissances et enfin rassurer ceux de leurs autres amis \u00e9tudiants qui d\u00e9couvrent ou souhaitent embrasser la fili\u00e8re du Droit maritime.<\/p>\n<p>Invit\u00e9 \u00e0 exposer sur l\u2019importance du Droit Maritime dans le d\u00e9veloppement \u00e9conomique et social de la C\u00f4te d\u2019ivoire, il a cit\u00e9 feu Felix Houphouet Boigny pour qui le d\u00e9veloppement \u00e9conomique de la C\u00f4te d\u2019ivoire passe par la Mer, avant de regretter la mise \u00e0 mort de cette vision du premier pr\u00e9sident ivoirien par ses successeurs par un manque de volont\u00e9 politique.<\/p>\n<p>\u00ab Tout est parti des diff\u00e9rentes conventions maritimes internationales avec pour socle, celle de 1974. Face \u00e0 la loi des puissants armateurs dans le secteur de la navigation, il s\u2019est av\u00e9r\u00e9 n\u00e9cessaire de le r\u00e9glementer afin qu\u2019il soit profitable \u00e0 tous les acteurs intervenant dans le domaine maritime. La C\u00f4te d\u2019ivoire l\u2019a ratifi\u00e9e en 1977 et a sign\u00e9 plusieurs autres accords avec des pays europ\u00e9ens et africains. Cela nous a permis d\u2019avoir nos propres flottes. A savoir la Sitram qui avait 11 navires et Sivomar avec 3 navires.<\/p>\n<p>Il y a eu des acquis. Le secteur a g\u00e9n\u00e9r\u00e9 un chiffre d\u2019affaires de 108,3 milliards de fcfa en 1991 et 116 milliards de fcfa en 1993. Il couvrait 20% du transport national et employait 13.800 personnes. Malheureusement le manque de volont\u00e9 politique a fait baisser le nombre de navires et nos deux armateurs ( Sivomar et Sitram) ont \u00e9t\u00e9 dissous en 1995, suite aux plans d\u2019ajustement structurels impos\u00e9s par les institutions de bretonWood. En d\u00e9finitive, nous avons des marins form\u00e9s sans-emploi. Nous avons la capacit\u00e9 et le personnel. Il manque l\u2019ouvrage. Il faut mettre les gens au travail \u00bb a fait savoir le colonel Bigot Mamadou, est administrateur maritime et enseignant.<\/p>\n<p>Le deuxi\u00e8me paneliste, Me Nzi Jean Claude, avocat sp\u00e9cialiste en Droit Maritime et Transport s\u2019est quant \u00e0 lui appesanti sur l\u2019apport du juriste dans le d\u00e9veloppement du secteur maritime.<\/p>\n<p>S\u2019agissant du champ d\u2019intervention du juriste maritime, Me Nzi a regrett\u00e9 que les \u00e9tudiants ne se sp\u00e9cialisent pas chacun dans l\u2019une des 300 conventions internationales de droit maritime.<\/p>\n<p>A savoir : la Convention internationale de 1974 pour la sauvegarde de la vie humaine en mer, telle que modifi\u00e9e (SOLAS), la Convention internationale de 1973 pour la pr\u00e9vention de la pollution par les navires, telle que modifi\u00e9e par les Protocoles de 1978 et de 1997 (MARPOL), la Convention internationale de 1978 sur les normes de formation des gens de mer, de d\u00e9livrance des brevets et de veille, telle que modifi\u00e9e (STCW), y compris les amendements de 1995 et les Amendements de Manille de 2010 ect pour ne citer que les plus importantes.<\/p>\n<p>Enfin, pour lui, le juriste maritimes doit aider \u00e0 assurer le r\u00e8glement des litiges et apporter la s\u00e9curit\u00e9 dans la sph\u00e8re maritime.<\/p>\n<p>Intervenant sur les d\u00e9bouch\u00e9s qu\u2019offre le droit maritime, le troisi\u00e8me paneliste, Commandant ADOYI Akoun Joseph, a dress\u00e9 une liste de soci\u00e9t\u00e9s et activit\u00e9s qui n\u2019attendent que des experts du Droit maritime et Portuaire.<\/p>\n<p>C\u2019est le cas des armateurs, les plateformes portuaires, les consignataires, les manutentionnaires, les transitaires, les banques, le transport routier, les entreprises p\u00e9troli\u00e8res, les entreprises d\u2019export-import ect.<\/p>\n<p>\u00ab 90% des \u00e9changes commerciaux mondiaux passent par la Mer. C\u2019est un secteur productif en plein essor. Vous y avez votre place. Mais seuls les plus m\u00e9ritants seront les premiers servis\u00bb, a-t-il rappel\u00e9.<\/p>\n<p>En r\u00e9action \u00e0 toutes les pr\u00e9occupations des experts et des \u00e9tudiants, le directeur g\u00e9n\u00e9ral de l\u2019acad\u00e9mie r\u00e9gionale des sciences et techniques de la Mer, Karim Coulibaly, qui parlait au nom du secr\u00e9taire d\u2019\u00e9tat aux affaires maritimes, Dr Serey Doh C\u00e9lestin, parrain, a affirm\u00e9 que la vision futuriste du pr\u00e9sident F\u00e9lix Houphouet Boigny concernant le secteur maritime est de retour sous Alassane Ouattara, qui a d\u00e9di\u00e9 un d\u00e9partement minist\u00e9riel exclusivement aux affaires maritimes dans ses gouvernements successifs.<\/p>\n<p>\u00ab Serey Doh C\u00e9lestin , le nouveau secr\u00e9taire d\u2019\u00e9tat aupr\u00e8s du ministre des transports en charge des affaires maritimes, votre parrain me charge de vous dire qu\u2019il accorde personnellement une attention particuli\u00e8re \u00e0 la carri\u00e8re du droit maritime et portuaire, maillon indispensable dans le d\u00e9veloppement et la s\u00e9curit\u00e9 de l\u2019\u00e9conomie bleue \u00bb, a-t-il rassur\u00e9.<\/p>\n<p>Il a rappel\u00e9 les grandes r\u00e9formes entam\u00e9es par le secr\u00e9taire d\u2019\u00e9tat d\u00e8s son arriv\u00e9e. Notamment, l\u2019ouverture du registre international pour l\u2019immatriculation des navires en C\u00f4te d\u2019ivoire et du projet de cr\u00e9ation d\u2019une compagnie nationale du transport maritime .<\/p>\n<p>En effet, ces diff\u00e9rents projets permettront au plan diplomatique \u00e0 l\u2019Etat de C\u00f4te d\u2019Ivoire de rem\u00e9dier \u00e0 l\u2019absence du pavillon ivoirien sur les oc\u00e9ans et \u00eatre pr\u00e9sent \u00e0 nouveau sur les mers depuis la disparition des armements tels que la SITRAM et la SIVOMAR.<\/p>\n<p>Au plan social, ils permettront d\u2019embaucher des marins ivoiriens, d\u2019offrir des stages embarqu\u00e9s aux \u00e9l\u00e8ves ivoiriens et de permettre la formation pratique des officiers des 2 ports ivoiriens, tout en produisant des recettes pour l\u2019Etat de C\u00f4te d\u2019Ivoire.<\/p>\n<p>\u00ab Le nouveau code maritime adopt\u00e9 en 2017 appara\u00eet \u00e9galement comme la r\u00e9ponse \u00e0 ces pr\u00e9occupations d\u2019ordre juridique dans la mesure o\u00f9, tr\u00e8s pointilleux sur des questions de s\u00e9curit\u00e9 juridiques d\u2019\u00e9voluer technologiques. Il contient des innovations importantes adapt\u00e9es aux r\u00e9alit\u00e9s du commerce international \u00bb, a-t-il ajout\u00e9.<\/p>\n<p>Commandant AYA Odette Kouakou, administrateur des Affaires maritimes et Portuaires, conseiller technique du ministre des transports a, au nom du minist\u00e8re dit toute la disponibilit\u00e9 du ministre Amadou Kon\u00e9 \u00e0 accompagner et \u00e0 soutenir les filleuls de son secr\u00e9taire d\u2019Etat, Serey Doh C\u00e9lestin.<\/p>\n<p>\u00ab Chers \u00e9tudiants, la C\u00f4te d\u2019Ivoire a besoin de vous. C\u2019est pourquoi le minist\u00e8re des Transports s\u2019engage \u00e0 vos c\u00f4t\u00e9s pour vous accompagner et vous soutenir dans vos activit\u00e9s et votre formation car le droit maritime est un m\u00e9tier d\u2019avenir, gage d\u2019une \u00e9conomie ivoirienne durable \u00bb, a-t-elle conclu.<\/p>\n<p>Fond\u00e9 en 2004, l\u2019IUA s\u2019est bien illustr\u00e9 en se hissant \u00e0 la t\u00eate des meilleures universit\u00e9s priv\u00e9es du pays. L\u2019Institut dispose de deux facult\u00e9s organis\u00e9es en d\u00e9placement.<\/p>\n<p>Ainsi, la facult\u00e9 des Sciences \u00e9conomiques et sociales et la facult\u00e9 des sciences juridiques et politiques qui comprend les d\u00e9partements de Droit, de Sciences politique et de Communication.<\/p>\n<p>Du d\u00e9partement de Droit est n\u00e9e la fili\u00e8re du Droit maritime pour laquelle il y a d\u00e9j\u00e0 eu trois promotions pour une centaine d\u2019\u00e9tudiants.<\/p>\n<p>Enfin le droit maritime est au sens large, l\u2019ensemble des r\u00e8gles juridiques relatives \u00e0 la navigation en mer, aux abords des c\u00f4tes et dans les ports ; Ainsi que celles qui \u00e9tablissent un fonctionnement de base et r\u00e8gle les litiges \u00e0 bord du navire.<\/p>\n<p>&nbsp;<\/p>\n","protected":false},"excerpt":{"rendered":"<p>Africa-Press &#8211; C\u00f4te d&rsquo;Ivoire. Dans le cadre du lancement des activit\u00e9s de leur association, les \u00e9tudiants en Droit maritime et Activit\u00e9s Portuaires de l\u2019Institut Universitaire d\u2019Abidjan (IUA) ont organis\u00e9 une conf\u00e9rence sur le th\u00e8me \u00ab l\u2019importance du droit maritime dans l\u2019\u00e9conomie ivoirienne \u00bb. Dans le cadre du lancement des activit\u00e9s de leur association, les \u00e9tudiants [&hellip;]<\/p>\n","protected":false},"author":82,"featured_media":9713,"comment_status":"open","ping_status":"closed","sticky":false,"template":"","format":"standard","meta":{"footnotes":""},"categories":[3,11,10],"tags":[56,63,29],"class_list":["post-9714","post","type-post","status-publish","format-standard","has-post-thumbnail","hentry","category-economie","category-homepage-french","category-toutes-les-actualites","tag-africa-press","tag-africa-press-cote-divoire","tag-cote-divoire"],"yoast_head":"<!-- This site is optimized with the Yoast SEO Premium plugin v26.1 (Yoast SEO v27.0) - https:\/\/yoast.com\/product\/yoast-seo-premium-wordpress\/ -->\n<title>Droit Maritime\/Institut universitaire: Inquiets pour leur avenir, Serey Doh C\u00e9lestin rassure les \u00e9tudiants - C\u00f4te d&#039;Ivoire<\/title>\n<meta name=\"description\" content=\"Dans le cadre du lancement des activit\u00e9s de leur association, les \u00e9tudiants en Droit maritime et Activit\u00e9s Portuaires de ...\" \/>\n<meta name=\"robots\" content=\"index, follow, max-snippet:-1, max-image-preview:large, max-video-preview:-1\" \/>\n<link rel=\"canonical\" href=\"https:\/\/www.africa-press.net\/cotedivoire\/economie\/droit-maritime-institut-universitaire-inquiets-pour-leur-avenir-serey-doh-celestin-rassure-les-etudiants\" \/>\n<meta property=\"og:locale\" content=\"fr_FR\" \/>\n<meta property=\"og:type\" content=\"article\" \/>\n<meta property=\"og:title\" content=\"Droit Maritime\/Institut universitaire: Inquiets pour leur avenir, Serey Doh C\u00e9lestin rassure les \u00e9tudiants\" \/>\n<meta property=\"og:description\" content=\"Dans le cadre du lancement des activit\u00e9s de leur association, les \u00e9tudiants en Droit maritime et Activit\u00e9s Portuaires de ...\" \/>\n<meta property=\"og:url\" content=\"https:\/\/www.africa-press.net\/cotedivoire\/economie\/droit-maritime-institut-universitaire-inquiets-pour-leur-avenir-serey-doh-celestin-rassure-les-etudiants\" \/>\n<meta property=\"og:site_name\" content=\"C\u00f4te d&#039;Ivoire\" \/>\n<meta property=\"article:published_time\" content=\"2021-07-04T17:13:11+00:00\" \/>\n<meta property=\"article:modified_time\" content=\"2021-07-06T19:50:20+00:00\" \/>\n<meta property=\"og:image\" content=\"https:\/\/static.africa-press.net\/cote\/sites\/43\/2021\/07\/img-60e1e39e86fed.jpg\" \/>\n\t<meta property=\"og:image:width\" content=\"1140\" \/>\n\t<meta property=\"og:image:height\" content=\"760\" \/>\n\t<meta property=\"og:image:type\" content=\"image\/jpeg\" \/>\n<meta name=\"author\" content=\"cfeditorfr\" \/>\n<meta name=\"twitter:card\" content=\"summary_large_image\" \/>\n<meta name=\"twitter:label1\" content=\"\u00c9crit par\" \/>\n\t<meta name=\"twitter:data1\" content=\"cfeditorfr\" \/>\n\t<meta name=\"twitter:label2\" content=\"Dur\u00e9e de lecture estim\u00e9e\" \/>\n\t<meta name=\"twitter:data2\" content=\"7 minutes\" \/>\n<script type=\"application\/ld+json\" class=\"yoast-schema-graph\">{\"@context\":\"https:\/\/schema.org\",\"@graph\":[{\"@type\":\"Article\",\"@id\":\"https:\/\/www.africa-press.net\/cotedivoire\/economie\/droit-maritime-institut-universitaire-inquiets-pour-leur-avenir-serey-doh-celestin-rassure-les-etudiants#article\",\"isPartOf\":{\"@id\":\"https:\/\/www.africa-press.net\/cotedivoire\/economie\/droit-maritime-institut-universitaire-inquiets-pour-leur-avenir-serey-doh-celestin-rassure-les-etudiants\"},\"author\":{\"name\":\"cfeditorfr\",\"@id\":\"https:\/\/www.africa-press.net\/cotedivoire\/#\/schema\/person\/2b1cf3cd81a31e3cd26889ca66d677f1\"},\"headline\":\"Droit Maritime\/Institut universitaire: Inquiets pour leur avenir, Serey Doh C\u00e9lestin rassure les \u00e9tudiants\",\"datePublished\":\"2021-07-04T17:13:11+00:00\",\"dateModified\":\"2021-07-06T19:50:20+00:00\",\"mainEntityOfPage\":{\"@id\":\"https:\/\/www.africa-press.net\/cotedivoire\/economie\/droit-maritime-institut-universitaire-inquiets-pour-leur-avenir-serey-doh-celestin-rassure-les-etudiants\"},\"wordCount\":1433,\"commentCount\":0,\"image\":{\"@id\":\"https:\/\/www.africa-press.net\/cotedivoire\/economie\/droit-maritime-institut-universitaire-inquiets-pour-leur-avenir-serey-doh-celestin-rassure-les-etudiants#primaryimage\"},\"thumbnailUrl\":\"https:\/\/static.africa-press.net\/cote\/sites\/43\/2021\/07\/img-60e1e39e86fed.jpg\",\"keywords\":[\"Africa Press\",\"Africa Press-C\u00f4te d'Ivoire\",\"C\u00d4TE D'IVOIRE\"],\"articleSection\":[\"\u00c9conomie\",\"homepage-french\",\"Toutes les actualit\u00e9s\"],\"inLanguage\":\"fr-FR\",\"potentialAction\":[{\"@type\":\"CommentAction\",\"name\":\"Comment\",\"target\":[\"https:\/\/www.africa-press.net\/cotedivoire\/economie\/droit-maritime-institut-universitaire-inquiets-pour-leur-avenir-serey-doh-celestin-rassure-les-etudiants#respond\"]}]},{\"@type\":\"WebPage\",\"@id\":\"https:\/\/www.africa-press.net\/cotedivoire\/economie\/droit-maritime-institut-universitaire-inquiets-pour-leur-avenir-serey-doh-celestin-rassure-les-etudiants\",\"url\":\"https:\/\/www.africa-press.net\/cotedivoire\/economie\/droit-maritime-institut-universitaire-inquiets-pour-leur-avenir-serey-doh-celestin-rassure-les-etudiants\",\"name\":\"Droit Maritime\/Institut universitaire: Inquiets pour leur avenir, Serey Doh C\u00e9lestin rassure les \u00e9tudiants - C\u00f4te d&#039;Ivoire\",\"isPartOf\":{\"@id\":\"https:\/\/www.africa-press.net\/cotedivoire\/#website\"},\"primaryImageOfPage\":{\"@id\":\"https:\/\/www.africa-press.net\/cotedivoire\/economie\/droit-maritime-institut-universitaire-inquiets-pour-leur-avenir-serey-doh-celestin-rassure-les-etudiants#primaryimage\"},\"image\":{\"@id\":\"https:\/\/www.africa-press.net\/cotedivoire\/economie\/droit-maritime-institut-universitaire-inquiets-pour-leur-avenir-serey-doh-celestin-rassure-les-etudiants#primaryimage\"},\"thumbnailUrl\":\"https:\/\/static.africa-press.net\/cote\/sites\/43\/2021\/07\/img-60e1e39e86fed.jpg\",\"datePublished\":\"2021-07-04T17:13:11+00:00\",\"dateModified\":\"2021-07-06T19:50:20+00:00\",\"author\":{\"@id\":\"https:\/\/www.africa-press.net\/cotedivoire\/#\/schema\/person\/2b1cf3cd81a31e3cd26889ca66d677f1\"},\"description\":\"Dans le cadre du lancement des activit\u00e9s de leur association, les \u00e9tudiants en Droit maritime et Activit\u00e9s Portuaires de ...\",\"breadcrumb\":{\"@id\":\"https:\/\/www.africa-press.net\/cotedivoire\/economie\/droit-maritime-institut-universitaire-inquiets-pour-leur-avenir-serey-doh-celestin-rassure-les-etudiants#breadcrumb\"},\"inLanguage\":\"fr-FR\",\"potentialAction\":[{\"@type\":\"ReadAction\",\"target\":[\"https:\/\/www.africa-press.net\/cotedivoire\/economie\/droit-maritime-institut-universitaire-inquiets-pour-leur-avenir-serey-doh-celestin-rassure-les-etudiants\"]}]},{\"@type\":\"ImageObject\",\"inLanguage\":\"fr-FR\",\"@id\":\"https:\/\/www.africa-press.net\/cotedivoire\/economie\/droit-maritime-institut-universitaire-inquiets-pour-leur-avenir-serey-doh-celestin-rassure-les-etudiants#primaryimage\",\"url\":\"https:\/\/static.africa-press.net\/cote\/sites\/43\/2021\/07\/img-60e1e39e86fed.jpg\",\"contentUrl\":\"https:\/\/static.africa-press.net\/cote\/sites\/43\/2021\/07\/img-60e1e39e86fed.jpg\",\"width\":1140,\"height\":760,\"caption\":\"Droit Maritime\/Institut universitaire: Inquiets pour leur avenir, Serey Doh C\u00e9lestin rassure les \u00e9tudiants\"},{\"@type\":\"BreadcrumbList\",\"@id\":\"https:\/\/www.africa-press.net\/cotedivoire\/economie\/droit-maritime-institut-universitaire-inquiets-pour-leur-avenir-serey-doh-celestin-rassure-les-etudiants#breadcrumb\",\"itemListElement\":[{\"@type\":\"ListItem\",\"position\":1,\"name\":\"Accueil\",\"item\":\"https:\/\/www.africa-press.net\/cotedivoire\/\"},{\"@type\":\"ListItem\",\"position\":2,\"name\":\"Droit Maritime\/Institut universitaire: Inquiets pour leur avenir, Serey Doh C\u00e9lestin rassure les \u00e9tudiants\"}]},{\"@type\":\"WebSite\",\"@id\":\"https:\/\/www.africa-press.net\/cotedivoire\/#website\",\"url\":\"https:\/\/www.africa-press.net\/cotedivoire\/\",\"name\":\"C\u00f4te d&#039;Ivoire\",\"description\":\"Just another Africa News Agency Sites site\",\"potentialAction\":[{\"@type\":\"SearchAction\",\"target\":{\"@type\":\"EntryPoint\",\"urlTemplate\":\"https:\/\/www.africa-press.net\/cotedivoire\/?s={search_term_string}\"},\"query-input\":{\"@type\":\"PropertyValueSpecification\",\"valueRequired\":true,\"valueName\":\"search_term_string\"}}],\"inLanguage\":\"fr-FR\"},{\"@type\":\"Person\",\"@id\":\"https:\/\/www.africa-press.net\/cotedivoire\/#\/schema\/person\/2b1cf3cd81a31e3cd26889ca66d677f1\",\"name\":\"cfeditorfr\"}]}<\/script>\n<!-- \/ Yoast SEO Premium plugin. -->","yoast_head_json":{"title":"Droit Maritime\/Institut universitaire: Inquiets pour leur avenir, Serey Doh C\u00e9lestin rassure les \u00e9tudiants - C\u00f4te d&#039;Ivoire","description":"Dans le cadre du lancement des activit\u00e9s de leur association, les \u00e9tudiants en Droit maritime et Activit\u00e9s Portuaires de ...","robots":{"index":"index","follow":"follow","max-snippet":"max-snippet:-1","max-image-preview":"max-image-preview:large","max-video-preview":"max-video-preview:-1"},"canonical":"https:\/\/www.africa-press.net\/cotedivoire\/economie\/droit-maritime-institut-universitaire-inquiets-pour-leur-avenir-serey-doh-celestin-rassure-les-etudiants","og_locale":"fr_FR","og_type":"article","og_title":"Droit Maritime\/Institut universitaire: Inquiets pour leur avenir, Serey Doh C\u00e9lestin rassure les \u00e9tudiants","og_description":"Dans le cadre du lancement des activit\u00e9s de leur association, les \u00e9tudiants en Droit maritime et Activit\u00e9s Portuaires de ...","og_url":"https:\/\/www.africa-press.net\/cotedivoire\/economie\/droit-maritime-institut-universitaire-inquiets-pour-leur-avenir-serey-doh-celestin-rassure-les-etudiants","og_site_name":"C\u00f4te d&#039;Ivoire","article_published_time":"2021-07-04T17:13:11+00:00","article_modified_time":"2021-07-06T19:50:20+00:00","og_image":[{"width":1140,"height":760,"url":"https:\/\/static.africa-press.net\/cote\/sites\/43\/2021\/07\/img-60e1e39e86fed.jpg","type":"image\/jpeg"}],"author":"cfeditorfr","twitter_card":"summary_large_image","twitter_misc":{"\u00c9crit par":"cfeditorfr","Dur\u00e9e de lecture estim\u00e9e":"7 minutes"},"schema":{"@context":"https:\/\/schema.org","@graph":[{"@type":"Article","@id":"https:\/\/www.africa-press.net\/cotedivoire\/economie\/droit-maritime-institut-universitaire-inquiets-pour-leur-avenir-serey-doh-celestin-rassure-les-etudiants#article","isPartOf":{"@id":"https:\/\/www.africa-press.net\/cotedivoire\/economie\/droit-maritime-institut-universitaire-inquiets-pour-leur-avenir-serey-doh-celestin-rassure-les-etudiants"},"author":{"name":"cfeditorfr","@id":"https:\/\/www.africa-press.net\/cotedivoire\/#\/schema\/person\/2b1cf3cd81a31e3cd26889ca66d677f1"},"headline":"Droit Maritime\/Institut universitaire: Inquiets pour leur avenir, Serey Doh C\u00e9lestin rassure les \u00e9tudiants","datePublished":"2021-07-04T17:13:11+00:00","dateModified":"2021-07-06T19:50:20+00:00","mainEntityOfPage":{"@id":"https:\/\/www.africa-press.net\/cotedivoire\/economie\/droit-maritime-institut-universitaire-inquiets-pour-leur-avenir-serey-doh-celestin-rassure-les-etudiants"},"wordCount":1433,"commentCount":0,"image":{"@id":"https:\/\/www.africa-press.net\/cotedivoire\/economie\/droit-maritime-institut-universitaire-inquiets-pour-leur-avenir-serey-doh-celestin-rassure-les-etudiants#primaryimage"},"thumbnailUrl":"https:\/\/static.africa-press.net\/cote\/sites\/43\/2021\/07\/img-60e1e39e86fed.jpg","keywords":["Africa Press","Africa Press-C\u00f4te d'Ivoire","C\u00d4TE D'IVOIRE"],"articleSection":["\u00c9conomie","homepage-french","Toutes les actualit\u00e9s"],"inLanguage":"fr-FR","potentialAction":[{"@type":"CommentAction","name":"Comment","target":["https:\/\/www.africa-press.net\/cotedivoire\/economie\/droit-maritime-institut-universitaire-inquiets-pour-leur-avenir-serey-doh-celestin-rassure-les-etudiants#respond"]}]},{"@type":"WebPage","@id":"https:\/\/www.africa-press.net\/cotedivoire\/economie\/droit-maritime-institut-universitaire-inquiets-pour-leur-avenir-serey-doh-celestin-rassure-les-etudiants","url":"https:\/\/www.africa-press.net\/cotedivoire\/economie\/droit-maritime-institut-universitaire-inquiets-pour-leur-avenir-serey-doh-celestin-rassure-les-etudiants","name":"Droit Maritime\/Institut universitaire: Inquiets pour leur avenir, Serey Doh C\u00e9lestin rassure les \u00e9tudiants - C\u00f4te d&#039;Ivoire","isPartOf":{"@id":"https:\/\/www.africa-press.net\/cotedivoire\/#website"},"primaryImageOfPage":{"@id":"https:\/\/www.africa-press.net\/cotedivoire\/economie\/droit-maritime-institut-universitaire-inquiets-pour-leur-avenir-serey-doh-celestin-rassure-les-etudiants#primaryimage"},"image":{"@id":"https:\/\/www.africa-press.net\/cotedivoire\/economie\/droit-maritime-institut-universitaire-inquiets-pour-leur-avenir-serey-doh-celestin-rassure-les-etudiants#primaryimage"},"thumbnailUrl":"https:\/\/static.africa-press.net\/cote\/sites\/43\/2021\/07\/img-60e1e39e86fed.jpg","datePublished":"2021-07-04T17:13:11+00:00","dateModified":"2021-07-06T19:50:20+00:00","author":{"@id":"https:\/\/www.africa-press.net\/cotedivoire\/#\/schema\/person\/2b1cf3cd81a31e3cd26889ca66d677f1"},"description":"Dans le cadre du lancement des activit\u00e9s de leur association, les \u00e9tudiants en Droit maritime et Activit\u00e9s Portuaires de ...","breadcrumb":{"@id":"https:\/\/www.africa-press.net\/cotedivoire\/economie\/droit-maritime-institut-universitaire-inquiets-pour-leur-avenir-serey-doh-celestin-rassure-les-etudiants#breadcrumb"},"inLanguage":"fr-FR","potentialAction":[{"@type":"ReadAction","target":["https:\/\/www.africa-press.net\/cotedivoire\/economie\/droit-maritime-institut-universitaire-inquiets-pour-leur-avenir-serey-doh-celestin-rassure-les-etudiants"]}]},{"@type":"ImageObject","inLanguage":"fr-FR","@id":"https:\/\/www.africa-press.net\/cotedivoire\/economie\/droit-maritime-institut-universitaire-inquiets-pour-leur-avenir-serey-doh-celestin-rassure-les-etudiants#primaryimage","url":"https:\/\/static.africa-press.net\/cote\/sites\/43\/2021\/07\/img-60e1e39e86fed.jpg","contentUrl":"https:\/\/static.africa-press.net\/cote\/sites\/43\/2021\/07\/img-60e1e39e86fed.jpg","width":1140,"height":760,"caption":"Droit Maritime\/Institut universitaire: Inquiets pour leur avenir, Serey Doh C\u00e9lestin rassure les \u00e9tudiants"},{"@type":"BreadcrumbList","@id":"https:\/\/www.africa-press.net\/cotedivoire\/economie\/droit-maritime-institut-universitaire-inquiets-pour-leur-avenir-serey-doh-celestin-rassure-les-etudiants#breadcrumb","itemListElement":[{"@type":"ListItem","position":1,"name":"Accueil","item":"https:\/\/www.africa-press.net\/cotedivoire\/"},{"@type":"ListItem","position":2,"name":"Droit Maritime\/Institut universitaire: Inquiets pour leur avenir, Serey Doh C\u00e9lestin rassure les \u00e9tudiants"}]},{"@type":"WebSite","@id":"https:\/\/www.africa-press.net\/cotedivoire\/#website","url":"https:\/\/www.africa-press.net\/cotedivoire\/","name":"C\u00f4te d&#039;Ivoire","description":"Just another Africa News Agency Sites site","potentialAction":[{"@type":"SearchAction","target":{"@type":"EntryPoint","urlTemplate":"https:\/\/www.africa-press.net\/cotedivoire\/?s={search_term_string}"},"query-input":{"@type":"PropertyValueSpecification","valueRequired":true,"valueName":"search_term_string"}}],"inLanguage":"fr-FR"},{"@type":"Person","@id":"https:\/\/www.africa-press.net\/cotedivoire\/#\/schema\/person\/2b1cf3cd81a31e3cd26889ca66d677f1","name":"cfeditorfr"}]}},"_links":{"self":[{"href":"https:\/\/www.africa-press.net\/cotedivoire\/wp-json\/wp\/v2\/posts\/9714","targetHints":{"allow":["GET"]}}],"collection":[{"href":"https:\/\/www.africa-press.net\/cotedivoire\/wp-json\/wp\/v2\/posts"}],"about":[{"href":"https:\/\/www.africa-press.net\/cotedivoire\/wp-json\/wp\/v2\/types\/post"}],"author":[{"embeddable":true,"href":"https:\/\/www.africa-press.net\/cotedivoire\/wp-json\/wp\/v2\/users\/82"}],"replies":[{"embeddable":true,"href":"https:\/\/www.africa-press.net\/cotedivoire\/wp-json\/wp\/v2\/comments?post=9714"}],"version-history":[{"count":0,"href":"https:\/\/www.africa-press.net\/cotedivoire\/wp-json\/wp\/v2\/posts\/9714\/revisions"}],"wp:featuredmedia":[{"embeddable":true,"href":"https:\/\/www.africa-press.net\/cotedivoire\/wp-json\/wp\/v2\/media\/9713"}],"wp:attachment":[{"href":"https:\/\/www.africa-press.net\/cotedivoire\/wp-json\/wp\/v2\/media?parent=9714"}],"wp:term":[{"taxonomy":"category","embeddable":true,"href":"https:\/\/www.africa-press.net\/cotedivoire\/wp-json\/wp\/v2\/categories?post=9714"},{"taxonomy":"post_tag","embeddable":true,"href":"https:\/\/www.africa-press.net\/cotedivoire\/wp-json\/wp\/v2\/tags?post=9714"}],"curies":[{"name":"wp","href":"https:\/\/api.w.org\/{rel}","templated":true}]}}