{"id":9726,"date":"2021-07-06T13:43:38","date_gmt":"2021-07-06T13:43:38","guid":{"rendered":"https:\/\/www.africa-press.net\/cotedivoire\/?p=9726"},"modified":"2021-07-06T19:50:49","modified_gmt":"2021-07-06T19:50:49","slug":"attaques-terroristes-en-cote-divoire-sept-mauritaniens-incarceres","status":"publish","type":"post","link":"https:\/\/www.africa-press.net\/cotedivoire\/politique\/attaques-terroristes-en-cote-divoire-sept-mauritaniens-incarceres","title":{"rendered":"Attaques terroristes en C\u00f4te d\u2019Ivoire\u00a0: sept Mauritaniens incarc\u00e9r\u00e9s"},"content":{"rendered":"<p><span style=\"color: #ff6600\"><strong><a href=\"https:\/\/www.africa-press.net\/\">Africa-Press<\/a> &#8211; <a href=\"https:\/\/www.africa-press.net\/cotedivoire\">C\u00f4te d&rsquo;Ivoire<\/a>. <\/strong><\/span>Les services de renseignement ivoiriens ont progress\u00e9 dans leurs enqu\u00eates sur les attaques terroristes ayant vis\u00e9 les bases de Kafolo et de Doropo. Selon nos informations, les autorit\u00e9s ivoiriennes ont \u00e9tabli avec certitude que des groupes salafistes mauritaniens \u00e9taient impliqu\u00e9s dans ces attaques. Environ 2 millions d\u2019ouguiyas ont servi \u00e0 financer celle de juin 2020 \u00e0 Kafolo, ayant caus\u00e9 la mort de 14 soldats ivoiriens. Cinq ressortissants de ce pays, par qui les fonds auraient transit\u00e9, ont \u00e9t\u00e9 arr\u00eat\u00e9s.<\/p>\n<p><b>\u00a0<\/b><\/p>\n","protected":false},"excerpt":{"rendered":"<p>Africa-Press &#8211; C\u00f4te d&rsquo;Ivoire. Les services de renseignement ivoiriens ont progress\u00e9 dans leurs enqu\u00eates sur les attaques terroristes ayant vis\u00e9 les bases de Kafolo et de Doropo. Selon nos informations, les autorit\u00e9s ivoiriennes ont \u00e9tabli avec certitude que des groupes salafistes mauritaniens \u00e9taient impliqu\u00e9s dans ces attaques. Environ 2 millions d\u2019ouguiyas ont servi \u00e0 financer [&hellip;]<\/p>\n","protected":false},"author":82,"featured_media":9725,"comment_status":"open","ping_status":"closed","sticky":false,"template":"","format":"standard","meta":{"footnotes":""},"categories":[11,2,20,10],"tags":[56,63,29],"class_list":["post-9726","post","type-post","status-publish","format-standard","has-post-thumbnail","hentry","category-homepage-french","category-politique","category-top-nouvelles","category-toutes-les-actualites","tag-africa-press","tag-africa-press-cote-divoire","tag-cote-divoire"],"yoast_head":"<!-- This site is optimized with the Yoast SEO Premium plugin v26.1 (Yoast SEO v27.0) - https:\/\/yoast.com\/product\/yoast-seo-premium-wordpress\/ -->\n<title>Attaques terroristes en C\u00f4te d\u2019Ivoire\u00a0: sept Mauritaniens incarc\u00e9r\u00e9s - C\u00f4te d&#039;Ivoire<\/title>\n<meta name=\"description\" content=\"Les services de renseignement ivoiriens ont progress\u00e9 dans leurs enqu\u00eates sur les attaques terroristes ayant vis\u00e9 les ba ...\" \/>\n<meta name=\"robots\" content=\"index, follow, max-snippet:-1, max-image-preview:large, max-video-preview:-1\" \/>\n<link rel=\"canonical\" href=\"https:\/\/www.africa-press.net\/cotedivoire\/politique\/attaques-terroristes-en-cote-divoire-sept-mauritaniens-incarceres\" \/>\n<meta property=\"og:locale\" content=\"fr_FR\" \/>\n<meta property=\"og:type\" content=\"article\" \/>\n<meta property=\"og:title\" content=\"Attaques terroristes en C\u00f4te d\u2019Ivoire\u00a0: sept Mauritaniens incarc\u00e9r\u00e9s\" \/>\n<meta property=\"og:description\" content=\"Les services de renseignement ivoiriens ont progress\u00e9 dans leurs enqu\u00eates sur les attaques terroristes ayant vis\u00e9 les ba ...\" \/>\n<meta property=\"og:url\" content=\"https:\/\/www.africa-press.net\/cotedivoire\/politique\/attaques-terroristes-en-cote-divoire-sept-mauritaniens-incarceres\" \/>\n<meta property=\"og:site_name\" content=\"C\u00f4te d&#039;Ivoire\" \/>\n<meta property=\"article:published_time\" content=\"2021-07-06T13:43:38+00:00\" \/>\n<meta property=\"article:modified_time\" content=\"2021-07-06T19:50:49+00:00\" \/>\n<meta property=\"og:image\" content=\"https:\/\/static.africa-press.net\/cote\/sites\/43\/2021\/07\/img-60e45d4931f59.jpg\" \/>\n\t<meta property=\"og:image:width\" content=\"720\" \/>\n\t<meta property=\"og:image:height\" content=\"360\" \/>\n\t<meta property=\"og:image:type\" content=\"image\/jpeg\" \/>\n<meta name=\"author\" content=\"cfeditorfr\" \/>\n<meta name=\"twitter:card\" content=\"summary_large_image\" \/>\n<meta name=\"twitter:label1\" content=\"\u00c9crit par\" \/>\n\t<meta name=\"twitter:data1\" content=\"cfeditorfr\" \/>\n\t<meta name=\"twitter:label2\" content=\"Dur\u00e9e de lecture estim\u00e9e\" \/>\n\t<meta name=\"twitter:data2\" content=\"1 minute\" \/>\n<script type=\"application\/ld+json\" class=\"yoast-schema-graph\">{\"@context\":\"https:\/\/schema.org\",\"@graph\":[{\"@type\":\"Article\",\"@id\":\"https:\/\/www.africa-press.net\/cotedivoire\/politique\/attaques-terroristes-en-cote-divoire-sept-mauritaniens-incarceres#article\",\"isPartOf\":{\"@id\":\"https:\/\/www.africa-press.net\/cotedivoire\/politique\/attaques-terroristes-en-cote-divoire-sept-mauritaniens-incarceres\"},\"author\":{\"name\":\"cfeditorfr\",\"@id\":\"https:\/\/www.africa-press.net\/cotedivoire\/#\/schema\/person\/2b1cf3cd81a31e3cd26889ca66d677f1\"},\"headline\":\"Attaques terroristes en C\u00f4te d\u2019Ivoire\u00a0: sept Mauritaniens incarc\u00e9r\u00e9s\",\"datePublished\":\"2021-07-06T13:43:38+00:00\",\"dateModified\":\"2021-07-06T19:50:49+00:00\",\"mainEntityOfPage\":{\"@id\":\"https:\/\/www.africa-press.net\/cotedivoire\/politique\/attaques-terroristes-en-cote-divoire-sept-mauritaniens-incarceres\"},\"wordCount\":98,\"commentCount\":0,\"image\":{\"@id\":\"https:\/\/www.africa-press.net\/cotedivoire\/politique\/attaques-terroristes-en-cote-divoire-sept-mauritaniens-incarceres#primaryimage\"},\"thumbnailUrl\":\"https:\/\/static.africa-press.net\/cote\/sites\/43\/2021\/07\/img-60e45d4931f59.jpg\",\"keywords\":[\"Africa Press\",\"Africa Press-C\u00f4te d'Ivoire\",\"C\u00d4TE D'IVOIRE\"],\"articleSection\":[\"homepage-french\",\"Politique\",\"Top Nouvelles\",\"Toutes les actualit\u00e9s\"],\"inLanguage\":\"fr-FR\",\"potentialAction\":[{\"@type\":\"CommentAction\",\"name\":\"Comment\",\"target\":[\"https:\/\/www.africa-press.net\/cotedivoire\/politique\/attaques-terroristes-en-cote-divoire-sept-mauritaniens-incarceres#respond\"]}]},{\"@type\":\"WebPage\",\"@id\":\"https:\/\/www.africa-press.net\/cotedivoire\/politique\/attaques-terroristes-en-cote-divoire-sept-mauritaniens-incarceres\",\"url\":\"https:\/\/www.africa-press.net\/cotedivoire\/politique\/attaques-terroristes-en-cote-divoire-sept-mauritaniens-incarceres\",\"name\":\"Attaques terroristes en C\u00f4te d\u2019Ivoire\u00a0: sept Mauritaniens incarc\u00e9r\u00e9s - C\u00f4te d&#039;Ivoire\",\"isPartOf\":{\"@id\":\"https:\/\/www.africa-press.net\/cotedivoire\/#website\"},\"primaryImageOfPage\":{\"@id\":\"https:\/\/www.africa-press.net\/cotedivoire\/politique\/attaques-terroristes-en-cote-divoire-sept-mauritaniens-incarceres#primaryimage\"},\"image\":{\"@id\":\"https:\/\/www.africa-press.net\/cotedivoire\/politique\/attaques-terroristes-en-cote-divoire-sept-mauritaniens-incarceres#primaryimage\"},\"thumbnailUrl\":\"https:\/\/static.africa-press.net\/cote\/sites\/43\/2021\/07\/img-60e45d4931f59.jpg\",\"datePublished\":\"2021-07-06T13:43:38+00:00\",\"dateModified\":\"2021-07-06T19:50:49+00:00\",\"author\":{\"@id\":\"https:\/\/www.africa-press.net\/cotedivoire\/#\/schema\/person\/2b1cf3cd81a31e3cd26889ca66d677f1\"},\"description\":\"Les services de renseignement ivoiriens ont progress\u00e9 dans leurs enqu\u00eates sur les attaques terroristes ayant vis\u00e9 les ba ...\",\"breadcrumb\":{\"@id\":\"https:\/\/www.africa-press.net\/cotedivoire\/politique\/attaques-terroristes-en-cote-divoire-sept-mauritaniens-incarceres#breadcrumb\"},\"inLanguage\":\"fr-FR\",\"potentialAction\":[{\"@type\":\"ReadAction\",\"target\":[\"https:\/\/www.africa-press.net\/cotedivoire\/politique\/attaques-terroristes-en-cote-divoire-sept-mauritaniens-incarceres\"]}]},{\"@type\":\"ImageObject\",\"inLanguage\":\"fr-FR\",\"@id\":\"https:\/\/www.africa-press.net\/cotedivoire\/politique\/attaques-terroristes-en-cote-divoire-sept-mauritaniens-incarceres#primaryimage\",\"url\":\"https:\/\/static.africa-press.net\/cote\/sites\/43\/2021\/07\/img-60e45d4931f59.jpg\",\"contentUrl\":\"https:\/\/static.africa-press.net\/cote\/sites\/43\/2021\/07\/img-60e45d4931f59.jpg\",\"width\":720,\"height\":360,\"caption\":\"Attaques terroristes en C\u00f4te d\u2019Ivoire\u00a0: sept Mauritaniens incarc\u00e9r\u00e9s\"},{\"@type\":\"BreadcrumbList\",\"@id\":\"https:\/\/www.africa-press.net\/cotedivoire\/politique\/attaques-terroristes-en-cote-divoire-sept-mauritaniens-incarceres#breadcrumb\",\"itemListElement\":[{\"@type\":\"ListItem\",\"position\":1,\"name\":\"Accueil\",\"item\":\"https:\/\/www.africa-press.net\/cotedivoire\/\"},{\"@type\":\"ListItem\",\"position\":2,\"name\":\"Attaques terroristes en C\u00f4te d\u2019Ivoire\u00a0: sept Mauritaniens incarc\u00e9r\u00e9s\"}]},{\"@type\":\"WebSite\",\"@id\":\"https:\/\/www.africa-press.net\/cotedivoire\/#website\",\"url\":\"https:\/\/www.africa-press.net\/cotedivoire\/\",\"name\":\"C\u00f4te d&#039;Ivoire\",\"description\":\"Just another Africa News Agency Sites site\",\"potentialAction\":[{\"@type\":\"SearchAction\",\"target\":{\"@type\":\"EntryPoint\",\"urlTemplate\":\"https:\/\/www.africa-press.net\/cotedivoire\/?s={search_term_string}\"},\"query-input\":{\"@type\":\"PropertyValueSpecification\",\"valueRequired\":true,\"valueName\":\"search_term_string\"}}],\"inLanguage\":\"fr-FR\"},{\"@type\":\"Person\",\"@id\":\"https:\/\/www.africa-press.net\/cotedivoire\/#\/schema\/person\/2b1cf3cd81a31e3cd26889ca66d677f1\",\"name\":\"cfeditorfr\"}]}<\/script>\n<!-- \/ Yoast SEO Premium plugin. -->","yoast_head_json":{"title":"Attaques terroristes en C\u00f4te d\u2019Ivoire\u00a0: sept Mauritaniens incarc\u00e9r\u00e9s - C\u00f4te d&#039;Ivoire","description":"Les services de renseignement ivoiriens ont progress\u00e9 dans leurs enqu\u00eates sur les attaques terroristes ayant vis\u00e9 les ba ...","robots":{"index":"index","follow":"follow","max-snippet":"max-snippet:-1","max-image-preview":"max-image-preview:large","max-video-preview":"max-video-preview:-1"},"canonical":"https:\/\/www.africa-press.net\/cotedivoire\/politique\/attaques-terroristes-en-cote-divoire-sept-mauritaniens-incarceres","og_locale":"fr_FR","og_type":"article","og_title":"Attaques terroristes en C\u00f4te d\u2019Ivoire\u00a0: sept Mauritaniens incarc\u00e9r\u00e9s","og_description":"Les services de renseignement ivoiriens ont progress\u00e9 dans leurs enqu\u00eates sur les attaques terroristes ayant vis\u00e9 les ba ...","og_url":"https:\/\/www.africa-press.net\/cotedivoire\/politique\/attaques-terroristes-en-cote-divoire-sept-mauritaniens-incarceres","og_site_name":"C\u00f4te d&#039;Ivoire","article_published_time":"2021-07-06T13:43:38+00:00","article_modified_time":"2021-07-06T19:50:49+00:00","og_image":[{"width":720,"height":360,"url":"https:\/\/static.africa-press.net\/cote\/sites\/43\/2021\/07\/img-60e45d4931f59.jpg","type":"image\/jpeg"}],"author":"cfeditorfr","twitter_card":"summary_large_image","twitter_misc":{"\u00c9crit par":"cfeditorfr","Dur\u00e9e de lecture estim\u00e9e":"1 minute"},"schema":{"@context":"https:\/\/schema.org","@graph":[{"@type":"Article","@id":"https:\/\/www.africa-press.net\/cotedivoire\/politique\/attaques-terroristes-en-cote-divoire-sept-mauritaniens-incarceres#article","isPartOf":{"@id":"https:\/\/www.africa-press.net\/cotedivoire\/politique\/attaques-terroristes-en-cote-divoire-sept-mauritaniens-incarceres"},"author":{"name":"cfeditorfr","@id":"https:\/\/www.africa-press.net\/cotedivoire\/#\/schema\/person\/2b1cf3cd81a31e3cd26889ca66d677f1"},"headline":"Attaques terroristes en C\u00f4te d\u2019Ivoire\u00a0: sept Mauritaniens incarc\u00e9r\u00e9s","datePublished":"2021-07-06T13:43:38+00:00","dateModified":"2021-07-06T19:50:49+00:00","mainEntityOfPage":{"@id":"https:\/\/www.africa-press.net\/cotedivoire\/politique\/attaques-terroristes-en-cote-divoire-sept-mauritaniens-incarceres"},"wordCount":98,"commentCount":0,"image":{"@id":"https:\/\/www.africa-press.net\/cotedivoire\/politique\/attaques-terroristes-en-cote-divoire-sept-mauritaniens-incarceres#primaryimage"},"thumbnailUrl":"https:\/\/static.africa-press.net\/cote\/sites\/43\/2021\/07\/img-60e45d4931f59.jpg","keywords":["Africa Press","Africa Press-C\u00f4te d'Ivoire","C\u00d4TE D'IVOIRE"],"articleSection":["homepage-french","Politique","Top Nouvelles","Toutes les actualit\u00e9s"],"inLanguage":"fr-FR","potentialAction":[{"@type":"CommentAction","name":"Comment","target":["https:\/\/www.africa-press.net\/cotedivoire\/politique\/attaques-terroristes-en-cote-divoire-sept-mauritaniens-incarceres#respond"]}]},{"@type":"WebPage","@id":"https:\/\/www.africa-press.net\/cotedivoire\/politique\/attaques-terroristes-en-cote-divoire-sept-mauritaniens-incarceres","url":"https:\/\/www.africa-press.net\/cotedivoire\/politique\/attaques-terroristes-en-cote-divoire-sept-mauritaniens-incarceres","name":"Attaques terroristes en C\u00f4te d\u2019Ivoire\u00a0: sept Mauritaniens incarc\u00e9r\u00e9s - C\u00f4te d&#039;Ivoire","isPartOf":{"@id":"https:\/\/www.africa-press.net\/cotedivoire\/#website"},"primaryImageOfPage":{"@id":"https:\/\/www.africa-press.net\/cotedivoire\/politique\/attaques-terroristes-en-cote-divoire-sept-mauritaniens-incarceres#primaryimage"},"image":{"@id":"https:\/\/www.africa-press.net\/cotedivoire\/politique\/attaques-terroristes-en-cote-divoire-sept-mauritaniens-incarceres#primaryimage"},"thumbnailUrl":"https:\/\/static.africa-press.net\/cote\/sites\/43\/2021\/07\/img-60e45d4931f59.jpg","datePublished":"2021-07-06T13:43:38+00:00","dateModified":"2021-07-06T19:50:49+00:00","author":{"@id":"https:\/\/www.africa-press.net\/cotedivoire\/#\/schema\/person\/2b1cf3cd81a31e3cd26889ca66d677f1"},"description":"Les services de renseignement ivoiriens ont progress\u00e9 dans leurs enqu\u00eates sur les attaques terroristes ayant vis\u00e9 les ba ...","breadcrumb":{"@id":"https:\/\/www.africa-press.net\/cotedivoire\/politique\/attaques-terroristes-en-cote-divoire-sept-mauritaniens-incarceres#breadcrumb"},"inLanguage":"fr-FR","potentialAction":[{"@type":"ReadAction","target":["https:\/\/www.africa-press.net\/cotedivoire\/politique\/attaques-terroristes-en-cote-divoire-sept-mauritaniens-incarceres"]}]},{"@type":"ImageObject","inLanguage":"fr-FR","@id":"https:\/\/www.africa-press.net\/cotedivoire\/politique\/attaques-terroristes-en-cote-divoire-sept-mauritaniens-incarceres#primaryimage","url":"https:\/\/static.africa-press.net\/cote\/sites\/43\/2021\/07\/img-60e45d4931f59.jpg","contentUrl":"https:\/\/static.africa-press.net\/cote\/sites\/43\/2021\/07\/img-60e45d4931f59.jpg","width":720,"height":360,"caption":"Attaques terroristes en C\u00f4te d\u2019Ivoire\u00a0: sept Mauritaniens incarc\u00e9r\u00e9s"},{"@type":"BreadcrumbList","@id":"https:\/\/www.africa-press.net\/cotedivoire\/politique\/attaques-terroristes-en-cote-divoire-sept-mauritaniens-incarceres#breadcrumb","itemListElement":[{"@type":"ListItem","position":1,"name":"Accueil","item":"https:\/\/www.africa-press.net\/cotedivoire\/"},{"@type":"ListItem","position":2,"name":"Attaques terroristes en C\u00f4te d\u2019Ivoire\u00a0: sept Mauritaniens incarc\u00e9r\u00e9s"}]},{"@type":"WebSite","@id":"https:\/\/www.africa-press.net\/cotedivoire\/#website","url":"https:\/\/www.africa-press.net\/cotedivoire\/","name":"C\u00f4te d&#039;Ivoire","description":"Just another Africa News Agency Sites site","potentialAction":[{"@type":"SearchAction","target":{"@type":"EntryPoint","urlTemplate":"https:\/\/www.africa-press.net\/cotedivoire\/?s={search_term_string}"},"query-input":{"@type":"PropertyValueSpecification","valueRequired":true,"valueName":"search_term_string"}}],"inLanguage":"fr-FR"},{"@type":"Person","@id":"https:\/\/www.africa-press.net\/cotedivoire\/#\/schema\/person\/2b1cf3cd81a31e3cd26889ca66d677f1","name":"cfeditorfr"}]}},"_links":{"self":[{"href":"https:\/\/www.africa-press.net\/cotedivoire\/wp-json\/wp\/v2\/posts\/9726","targetHints":{"allow":["GET"]}}],"collection":[{"href":"https:\/\/www.africa-press.net\/cotedivoire\/wp-json\/wp\/v2\/posts"}],"about":[{"href":"https:\/\/www.africa-press.net\/cotedivoire\/wp-json\/wp\/v2\/types\/post"}],"author":[{"embeddable":true,"href":"https:\/\/www.africa-press.net\/cotedivoire\/wp-json\/wp\/v2\/users\/82"}],"replies":[{"embeddable":true,"href":"https:\/\/www.africa-press.net\/cotedivoire\/wp-json\/wp\/v2\/comments?post=9726"}],"version-history":[{"count":0,"href":"https:\/\/www.africa-press.net\/cotedivoire\/wp-json\/wp\/v2\/posts\/9726\/revisions"}],"wp:featuredmedia":[{"embeddable":true,"href":"https:\/\/www.africa-press.net\/cotedivoire\/wp-json\/wp\/v2\/media\/9725"}],"wp:attachment":[{"href":"https:\/\/www.africa-press.net\/cotedivoire\/wp-json\/wp\/v2\/media?parent=9726"}],"wp:term":[{"taxonomy":"category","embeddable":true,"href":"https:\/\/www.africa-press.net\/cotedivoire\/wp-json\/wp\/v2\/categories?post=9726"},{"taxonomy":"post_tag","embeddable":true,"href":"https:\/\/www.africa-press.net\/cotedivoire\/wp-json\/wp\/v2\/tags?post=9726"}],"curies":[{"name":"wp","href":"https:\/\/api.w.org\/{rel}","templated":true}]}}