{"id":9729,"date":"2021-07-06T13:51:22","date_gmt":"2021-07-06T13:51:22","guid":{"rendered":"https:\/\/www.africa-press.net\/cotedivoire\/?p=9729"},"modified":"2021-07-06T19:50:59","modified_gmt":"2021-07-06T19:50:59","slug":"affaire-gbagbo-redevient-catholique-pourquoi-guy-vincent-defend-lex-chef-de-letat-catholique-ce-nest-pas-chretien","status":"publish","type":"post","link":"https:\/\/www.africa-press.net\/cotedivoire\/culture-et-art\/affaire-gbagbo-redevient-catholique-pourquoi-guy-vincent-defend-lex-chef-de-letat-catholique-ce-nest-pas-chretien","title":{"rendered":"Affaire Gbagbo redevient catholique: Pourquoi Guy-Vincent d\u00e9fend l\u2019ex chef de l\u2019\u00c9tat \u00ab\u00a0catholique ce n\u2019est pas chr\u00e9tien\u00a0\u00bb?"},"content":{"rendered":"<p><span style=\"color: #ff6600\"><strong><a href=\"https:\/\/www.africa-press.net\/\">Africa-Press<\/a> &#8211; <a href=\"https:\/\/www.africa-press.net\/cotedivoire\">C\u00f4te d&rsquo;Ivoire<\/a>. <\/strong><\/span>L\u2019Archev\u00eaque Guy-Vincent Kodja est mont\u00e9 au cr\u00e9neau, ce dimanche 4 juillet 2021, au culte d\u2019action de gr\u00e2ce, tenu au si\u00e8ge des \u00c9glises Mission \u00c9vang\u00e9lique Gr\u00e2ce de Vie (MEGVIE). Invitant l\u2019opinion publique \u00e0 cesser de juger les autres pour leur choix, l\u2019homme de Dieu a estim\u00e9 que la religion de Laurent Gbagbo restait la m\u00eame.<\/p>\n<p>\u00ab Les gens se l\u00e8vent et ils disent que Gbagbo est devenu catholique. Catholique, ce n\u2019est pas chr\u00e9tien ? Vous avez fait quoi et puis il est devenu catholique. Remettez vous en cause au lieu d\u2019accuser les autres. Allons \u00e0 l\u2019essentiel. On n\u2019est pas venu sur la terre pour s\u2019occuper de la vie des autres \u00bb a-t-il d\u00e9clar\u00e9.<\/p>\n<p>L\u2019homme de Dieu a \u00e9galement exhort\u00e9 a cesser les critiques contre L\u2019\u00c9glise catholique car a-t-il expliqu\u00e9, L\u2019\u00c9glise est une Nation.<\/p>\n<p>\u00ab L\u2019\u00c9glise, c\u2019est une Nation. Nous devons r\u00e9gner dans le monde. Quand je vois les gens se comparer \u00e0 L\u2019\u00c9glise catholique, \u00e7a me choque. L\u2019\u00c9glise catholique, c\u2019est un royaume. Ils ont la plus grande r\u00e9serve d\u2019or au monde. Ils ont la plus grande soci\u00e9t\u00e9 immobili\u00e8re au monde qu\u2019on appelle \u201cImmobiliare\u201d. L\u2019\u00c9glise \u00e9vang\u00e9lique, on a l\u2019esprit et on prend pour critiquer. Il faut cesser tout \u00e7a \u00bb, a ajout\u00e9 l\u2019Archev\u00eaque Kodja.<\/p>\n<p>EburMedia<\/p>\n<p><b>ARCHEV\u00caQUE BISHOP KODJA GUY VINCENT KODJA : Voil\u00e0 comment, j\u2019ai re\u00e7u l\u2019appel de Dieu.<\/b><\/p>\n<p><b>\u00ab En 1997, je revenais de Lisbonne et mon avion a failli s\u2019\u00e9craser, il y a eu un grand vent qui a fait qu\u2019on a rat\u00e9 l\u2019atterrissage trois (3) fois.<\/b><\/p>\n<p>J\u2019ai eu tellement peur que je ne pouvais plus m\u2019asseoir, je pensais que c\u2019\u00e9tait la fin pour moi donc j\u2019ai fait une pri\u00e8re \u00e0 Dieu en lui disant : Seigneur, vraiment si je dois partir aujourd\u2019hui, je te demande pardon pour mes p\u00e9ch\u00e9s et puis j\u2019ai entendu une voix qui me disait, est-ce que tu es pr\u00eat \u00e0 me servir ?<\/p>\n<p>J\u2019ai r\u00e9pondu, si tu me sauve, je te sers, comme tout \u00eatre humain.<\/p>\n<p>D\u00e8s que je fais cette pri\u00e8re, le m\u00eame vent qui \u00e9tait fort, s\u2019arr\u00eate et le pilote a pu atterrir l\u00e0 ou il ne pouvait pas atterrir.<\/p>\n<p>De retour \u00e0 Abidjan, j\u2019avais oubli\u00e9 cette promesse que j\u2019avais faite \u00e0 Dieu et voil\u00e0 qu\u2019une fois, je marchais dans la rue pour aller acheter des fruits et voir un ami et il y a un fou qui m\u2019a appel\u00e9 Abraham ce qui a fit que les gens autour ont commenc\u00e9 \u00e0 se moquer de moi.<\/p>\n<p>La nuit quand, je dormais la m\u00eame voix dans l\u2019avion me parle en me disant: \u00ab Tu n\u2019as pas respect\u00e9 ta parole pourtant tu me l\u2019as promis mais je t\u2019attends dans l\u2019avion \u00bb.<\/p>\n<p>&nbsp;<\/p>\n","protected":false},"excerpt":{"rendered":"<p>Africa-Press &#8211; C\u00f4te d&rsquo;Ivoire. L\u2019Archev\u00eaque Guy-Vincent Kodja est mont\u00e9 au cr\u00e9neau, ce dimanche 4 juillet 2021, au culte d\u2019action de gr\u00e2ce, tenu au si\u00e8ge des \u00c9glises Mission \u00c9vang\u00e9lique Gr\u00e2ce de Vie (MEGVIE). Invitant l\u2019opinion publique \u00e0 cesser de juger les autres pour leur choix, l\u2019homme de Dieu a estim\u00e9 que la religion de Laurent Gbagbo [&hellip;]<\/p>\n","protected":false},"author":82,"featured_media":9728,"comment_status":"open","ping_status":"closed","sticky":false,"template":"","format":"standard","meta":{"footnotes":""},"categories":[5,11,10],"tags":[56,63,29],"class_list":["post-9729","post","type-post","status-publish","format-standard","has-post-thumbnail","hentry","category-culture-et-art","category-homepage-french","category-toutes-les-actualites","tag-africa-press","tag-africa-press-cote-divoire","tag-cote-divoire"],"yoast_head":"<!-- This site is optimized with the Yoast SEO Premium plugin v26.1 (Yoast SEO v27.0) - https:\/\/yoast.com\/product\/yoast-seo-premium-wordpress\/ -->\n<title>Affaire Gbagbo redevient catholique: Pourquoi Guy-Vincent d\u00e9fend l\u2019ex chef de l\u2019\u00c9tat \u00ab\u00a0catholique ce n\u2019est pas chr\u00e9tien\u00a0\u00bb? - C\u00f4te d&#039;Ivoire<\/title>\n<meta name=\"description\" content=\"L\u2019Archev\u00eaque Guy-Vincent Kodja est mont\u00e9 au cr\u00e9neau, ce dimanche 4 juillet 2021, au culte d\u2019action de gr\u00e2ce, tenu au si\u00e8 ...\" \/>\n<meta name=\"robots\" content=\"index, follow, max-snippet:-1, max-image-preview:large, max-video-preview:-1\" \/>\n<link rel=\"canonical\" href=\"https:\/\/www.africa-press.net\/cotedivoire\/culture-et-art\/affaire-gbagbo-redevient-catholique-pourquoi-guy-vincent-defend-lex-chef-de-letat-catholique-ce-nest-pas-chretien\" \/>\n<meta property=\"og:locale\" content=\"fr_FR\" \/>\n<meta property=\"og:type\" content=\"article\" \/>\n<meta property=\"og:title\" content=\"Affaire Gbagbo redevient catholique: Pourquoi Guy-Vincent d\u00e9fend l\u2019ex chef de l\u2019\u00c9tat \u00ab\u00a0catholique ce n\u2019est pas chr\u00e9tien\u00a0\u00bb?\" \/>\n<meta property=\"og:description\" content=\"L\u2019Archev\u00eaque Guy-Vincent Kodja est mont\u00e9 au cr\u00e9neau, ce dimanche 4 juillet 2021, au culte d\u2019action de gr\u00e2ce, tenu au si\u00e8 ...\" \/>\n<meta property=\"og:url\" content=\"https:\/\/www.africa-press.net\/cotedivoire\/culture-et-art\/affaire-gbagbo-redevient-catholique-pourquoi-guy-vincent-defend-lex-chef-de-letat-catholique-ce-nest-pas-chretien\" \/>\n<meta property=\"og:site_name\" content=\"C\u00f4te d&#039;Ivoire\" \/>\n<meta property=\"article:published_time\" content=\"2021-07-06T13:51:22+00:00\" \/>\n<meta property=\"article:modified_time\" content=\"2021-07-06T19:50:59+00:00\" \/>\n<meta property=\"og:image\" content=\"https:\/\/static.africa-press.net\/cote\/sites\/43\/2021\/07\/img-60e45d745d4d7.jpg\" \/>\n\t<meta property=\"og:image:width\" content=\"720\" \/>\n\t<meta property=\"og:image:height\" content=\"732\" \/>\n\t<meta property=\"og:image:type\" content=\"image\/jpeg\" \/>\n<meta name=\"author\" content=\"cfeditorfr\" \/>\n<meta name=\"twitter:card\" content=\"summary_large_image\" \/>\n<meta name=\"twitter:label1\" content=\"\u00c9crit par\" \/>\n\t<meta name=\"twitter:data1\" content=\"cfeditorfr\" \/>\n\t<meta name=\"twitter:label2\" content=\"Dur\u00e9e de lecture estim\u00e9e\" \/>\n\t<meta name=\"twitter:data2\" content=\"2 minutes\" \/>\n<script type=\"application\/ld+json\" class=\"yoast-schema-graph\">{\"@context\":\"https:\/\/schema.org\",\"@graph\":[{\"@type\":\"Article\",\"@id\":\"https:\/\/www.africa-press.net\/cotedivoire\/culture-et-art\/affaire-gbagbo-redevient-catholique-pourquoi-guy-vincent-defend-lex-chef-de-letat-catholique-ce-nest-pas-chretien#article\",\"isPartOf\":{\"@id\":\"https:\/\/www.africa-press.net\/cotedivoire\/culture-et-art\/affaire-gbagbo-redevient-catholique-pourquoi-guy-vincent-defend-lex-chef-de-letat-catholique-ce-nest-pas-chretien\"},\"author\":{\"name\":\"cfeditorfr\",\"@id\":\"https:\/\/www.africa-press.net\/cotedivoire\/#\/schema\/person\/2b1cf3cd81a31e3cd26889ca66d677f1\"},\"headline\":\"Affaire Gbagbo redevient catholique: Pourquoi Guy-Vincent d\u00e9fend l\u2019ex chef de l\u2019\u00c9tat \u00ab\u00a0catholique ce n\u2019est pas chr\u00e9tien\u00a0\u00bb?\",\"datePublished\":\"2021-07-06T13:51:22+00:00\",\"dateModified\":\"2021-07-06T19:50:59+00:00\",\"mainEntityOfPage\":{\"@id\":\"https:\/\/www.africa-press.net\/cotedivoire\/culture-et-art\/affaire-gbagbo-redevient-catholique-pourquoi-guy-vincent-defend-lex-chef-de-letat-catholique-ce-nest-pas-chretien\"},\"wordCount\":513,\"commentCount\":0,\"image\":{\"@id\":\"https:\/\/www.africa-press.net\/cotedivoire\/culture-et-art\/affaire-gbagbo-redevient-catholique-pourquoi-guy-vincent-defend-lex-chef-de-letat-catholique-ce-nest-pas-chretien#primaryimage\"},\"thumbnailUrl\":\"https:\/\/static.africa-press.net\/cote\/sites\/43\/2021\/07\/img-60e45d745d4d7.jpg\",\"keywords\":[\"Africa Press\",\"Africa Press-C\u00f4te d'Ivoire\",\"C\u00d4TE D'IVOIRE\"],\"articleSection\":[\"Culture et Art\",\"homepage-french\",\"Toutes les actualit\u00e9s\"],\"inLanguage\":\"fr-FR\",\"potentialAction\":[{\"@type\":\"CommentAction\",\"name\":\"Comment\",\"target\":[\"https:\/\/www.africa-press.net\/cotedivoire\/culture-et-art\/affaire-gbagbo-redevient-catholique-pourquoi-guy-vincent-defend-lex-chef-de-letat-catholique-ce-nest-pas-chretien#respond\"]}]},{\"@type\":\"WebPage\",\"@id\":\"https:\/\/www.africa-press.net\/cotedivoire\/culture-et-art\/affaire-gbagbo-redevient-catholique-pourquoi-guy-vincent-defend-lex-chef-de-letat-catholique-ce-nest-pas-chretien\",\"url\":\"https:\/\/www.africa-press.net\/cotedivoire\/culture-et-art\/affaire-gbagbo-redevient-catholique-pourquoi-guy-vincent-defend-lex-chef-de-letat-catholique-ce-nest-pas-chretien\",\"name\":\"Affaire Gbagbo redevient catholique: Pourquoi Guy-Vincent d\u00e9fend l\u2019ex chef de l\u2019\u00c9tat \u00ab\u00a0catholique ce n\u2019est pas chr\u00e9tien\u00a0\u00bb? - C\u00f4te d&#039;Ivoire\",\"isPartOf\":{\"@id\":\"https:\/\/www.africa-press.net\/cotedivoire\/#website\"},\"primaryImageOfPage\":{\"@id\":\"https:\/\/www.africa-press.net\/cotedivoire\/culture-et-art\/affaire-gbagbo-redevient-catholique-pourquoi-guy-vincent-defend-lex-chef-de-letat-catholique-ce-nest-pas-chretien#primaryimage\"},\"image\":{\"@id\":\"https:\/\/www.africa-press.net\/cotedivoire\/culture-et-art\/affaire-gbagbo-redevient-catholique-pourquoi-guy-vincent-defend-lex-chef-de-letat-catholique-ce-nest-pas-chretien#primaryimage\"},\"thumbnailUrl\":\"https:\/\/static.africa-press.net\/cote\/sites\/43\/2021\/07\/img-60e45d745d4d7.jpg\",\"datePublished\":\"2021-07-06T13:51:22+00:00\",\"dateModified\":\"2021-07-06T19:50:59+00:00\",\"author\":{\"@id\":\"https:\/\/www.africa-press.net\/cotedivoire\/#\/schema\/person\/2b1cf3cd81a31e3cd26889ca66d677f1\"},\"description\":\"L\u2019Archev\u00eaque Guy-Vincent Kodja est mont\u00e9 au cr\u00e9neau, ce dimanche 4 juillet 2021, au culte d\u2019action de gr\u00e2ce, tenu au si\u00e8 ...\",\"breadcrumb\":{\"@id\":\"https:\/\/www.africa-press.net\/cotedivoire\/culture-et-art\/affaire-gbagbo-redevient-catholique-pourquoi-guy-vincent-defend-lex-chef-de-letat-catholique-ce-nest-pas-chretien#breadcrumb\"},\"inLanguage\":\"fr-FR\",\"potentialAction\":[{\"@type\":\"ReadAction\",\"target\":[\"https:\/\/www.africa-press.net\/cotedivoire\/culture-et-art\/affaire-gbagbo-redevient-catholique-pourquoi-guy-vincent-defend-lex-chef-de-letat-catholique-ce-nest-pas-chretien\"]}]},{\"@type\":\"ImageObject\",\"inLanguage\":\"fr-FR\",\"@id\":\"https:\/\/www.africa-press.net\/cotedivoire\/culture-et-art\/affaire-gbagbo-redevient-catholique-pourquoi-guy-vincent-defend-lex-chef-de-letat-catholique-ce-nest-pas-chretien#primaryimage\",\"url\":\"https:\/\/static.africa-press.net\/cote\/sites\/43\/2021\/07\/img-60e45d745d4d7.jpg\",\"contentUrl\":\"https:\/\/static.africa-press.net\/cote\/sites\/43\/2021\/07\/img-60e45d745d4d7.jpg\",\"width\":720,\"height\":732,\"caption\":\"Affaire Gbagbo redevient catholique: Pourquoi Guy-Vincent d\u00e9fend l\u2019ex chef de l\u2019\u00c9tat \u00ab\u00a0catholique ce n\u2019est pas chr\u00e9tien\u00a0\u00bb?\"},{\"@type\":\"BreadcrumbList\",\"@id\":\"https:\/\/www.africa-press.net\/cotedivoire\/culture-et-art\/affaire-gbagbo-redevient-catholique-pourquoi-guy-vincent-defend-lex-chef-de-letat-catholique-ce-nest-pas-chretien#breadcrumb\",\"itemListElement\":[{\"@type\":\"ListItem\",\"position\":1,\"name\":\"Accueil\",\"item\":\"https:\/\/www.africa-press.net\/cotedivoire\/\"},{\"@type\":\"ListItem\",\"position\":2,\"name\":\"Affaire Gbagbo redevient catholique: Pourquoi Guy-Vincent d\u00e9fend l\u2019ex chef de l\u2019\u00c9tat \u00ab\u00a0catholique ce n\u2019est pas chr\u00e9tien\u00a0\u00bb?\"}]},{\"@type\":\"WebSite\",\"@id\":\"https:\/\/www.africa-press.net\/cotedivoire\/#website\",\"url\":\"https:\/\/www.africa-press.net\/cotedivoire\/\",\"name\":\"C\u00f4te d&#039;Ivoire\",\"description\":\"Just another Africa News Agency Sites site\",\"potentialAction\":[{\"@type\":\"SearchAction\",\"target\":{\"@type\":\"EntryPoint\",\"urlTemplate\":\"https:\/\/www.africa-press.net\/cotedivoire\/?s={search_term_string}\"},\"query-input\":{\"@type\":\"PropertyValueSpecification\",\"valueRequired\":true,\"valueName\":\"search_term_string\"}}],\"inLanguage\":\"fr-FR\"},{\"@type\":\"Person\",\"@id\":\"https:\/\/www.africa-press.net\/cotedivoire\/#\/schema\/person\/2b1cf3cd81a31e3cd26889ca66d677f1\",\"name\":\"cfeditorfr\"}]}<\/script>\n<!-- \/ Yoast SEO Premium plugin. -->","yoast_head_json":{"title":"Affaire Gbagbo redevient catholique: Pourquoi Guy-Vincent d\u00e9fend l\u2019ex chef de l\u2019\u00c9tat \u00ab\u00a0catholique ce n\u2019est pas chr\u00e9tien\u00a0\u00bb? - C\u00f4te d&#039;Ivoire","description":"L\u2019Archev\u00eaque Guy-Vincent Kodja est mont\u00e9 au cr\u00e9neau, ce dimanche 4 juillet 2021, au culte d\u2019action de gr\u00e2ce, tenu au si\u00e8 ...","robots":{"index":"index","follow":"follow","max-snippet":"max-snippet:-1","max-image-preview":"max-image-preview:large","max-video-preview":"max-video-preview:-1"},"canonical":"https:\/\/www.africa-press.net\/cotedivoire\/culture-et-art\/affaire-gbagbo-redevient-catholique-pourquoi-guy-vincent-defend-lex-chef-de-letat-catholique-ce-nest-pas-chretien","og_locale":"fr_FR","og_type":"article","og_title":"Affaire Gbagbo redevient catholique: Pourquoi Guy-Vincent d\u00e9fend l\u2019ex chef de l\u2019\u00c9tat \u00ab\u00a0catholique ce n\u2019est pas chr\u00e9tien\u00a0\u00bb?","og_description":"L\u2019Archev\u00eaque Guy-Vincent Kodja est mont\u00e9 au cr\u00e9neau, ce dimanche 4 juillet 2021, au culte d\u2019action de gr\u00e2ce, tenu au si\u00e8 ...","og_url":"https:\/\/www.africa-press.net\/cotedivoire\/culture-et-art\/affaire-gbagbo-redevient-catholique-pourquoi-guy-vincent-defend-lex-chef-de-letat-catholique-ce-nest-pas-chretien","og_site_name":"C\u00f4te d&#039;Ivoire","article_published_time":"2021-07-06T13:51:22+00:00","article_modified_time":"2021-07-06T19:50:59+00:00","og_image":[{"width":720,"height":732,"url":"https:\/\/static.africa-press.net\/cote\/sites\/43\/2021\/07\/img-60e45d745d4d7.jpg","type":"image\/jpeg"}],"author":"cfeditorfr","twitter_card":"summary_large_image","twitter_misc":{"\u00c9crit par":"cfeditorfr","Dur\u00e9e de lecture estim\u00e9e":"2 minutes"},"schema":{"@context":"https:\/\/schema.org","@graph":[{"@type":"Article","@id":"https:\/\/www.africa-press.net\/cotedivoire\/culture-et-art\/affaire-gbagbo-redevient-catholique-pourquoi-guy-vincent-defend-lex-chef-de-letat-catholique-ce-nest-pas-chretien#article","isPartOf":{"@id":"https:\/\/www.africa-press.net\/cotedivoire\/culture-et-art\/affaire-gbagbo-redevient-catholique-pourquoi-guy-vincent-defend-lex-chef-de-letat-catholique-ce-nest-pas-chretien"},"author":{"name":"cfeditorfr","@id":"https:\/\/www.africa-press.net\/cotedivoire\/#\/schema\/person\/2b1cf3cd81a31e3cd26889ca66d677f1"},"headline":"Affaire Gbagbo redevient catholique: Pourquoi Guy-Vincent d\u00e9fend l\u2019ex chef de l\u2019\u00c9tat \u00ab\u00a0catholique ce n\u2019est pas chr\u00e9tien\u00a0\u00bb?","datePublished":"2021-07-06T13:51:22+00:00","dateModified":"2021-07-06T19:50:59+00:00","mainEntityOfPage":{"@id":"https:\/\/www.africa-press.net\/cotedivoire\/culture-et-art\/affaire-gbagbo-redevient-catholique-pourquoi-guy-vincent-defend-lex-chef-de-letat-catholique-ce-nest-pas-chretien"},"wordCount":513,"commentCount":0,"image":{"@id":"https:\/\/www.africa-press.net\/cotedivoire\/culture-et-art\/affaire-gbagbo-redevient-catholique-pourquoi-guy-vincent-defend-lex-chef-de-letat-catholique-ce-nest-pas-chretien#primaryimage"},"thumbnailUrl":"https:\/\/static.africa-press.net\/cote\/sites\/43\/2021\/07\/img-60e45d745d4d7.jpg","keywords":["Africa Press","Africa Press-C\u00f4te d'Ivoire","C\u00d4TE D'IVOIRE"],"articleSection":["Culture et Art","homepage-french","Toutes les actualit\u00e9s"],"inLanguage":"fr-FR","potentialAction":[{"@type":"CommentAction","name":"Comment","target":["https:\/\/www.africa-press.net\/cotedivoire\/culture-et-art\/affaire-gbagbo-redevient-catholique-pourquoi-guy-vincent-defend-lex-chef-de-letat-catholique-ce-nest-pas-chretien#respond"]}]},{"@type":"WebPage","@id":"https:\/\/www.africa-press.net\/cotedivoire\/culture-et-art\/affaire-gbagbo-redevient-catholique-pourquoi-guy-vincent-defend-lex-chef-de-letat-catholique-ce-nest-pas-chretien","url":"https:\/\/www.africa-press.net\/cotedivoire\/culture-et-art\/affaire-gbagbo-redevient-catholique-pourquoi-guy-vincent-defend-lex-chef-de-letat-catholique-ce-nest-pas-chretien","name":"Affaire Gbagbo redevient catholique: Pourquoi Guy-Vincent d\u00e9fend l\u2019ex chef de l\u2019\u00c9tat \u00ab\u00a0catholique ce n\u2019est pas chr\u00e9tien\u00a0\u00bb? - C\u00f4te d&#039;Ivoire","isPartOf":{"@id":"https:\/\/www.africa-press.net\/cotedivoire\/#website"},"primaryImageOfPage":{"@id":"https:\/\/www.africa-press.net\/cotedivoire\/culture-et-art\/affaire-gbagbo-redevient-catholique-pourquoi-guy-vincent-defend-lex-chef-de-letat-catholique-ce-nest-pas-chretien#primaryimage"},"image":{"@id":"https:\/\/www.africa-press.net\/cotedivoire\/culture-et-art\/affaire-gbagbo-redevient-catholique-pourquoi-guy-vincent-defend-lex-chef-de-letat-catholique-ce-nest-pas-chretien#primaryimage"},"thumbnailUrl":"https:\/\/static.africa-press.net\/cote\/sites\/43\/2021\/07\/img-60e45d745d4d7.jpg","datePublished":"2021-07-06T13:51:22+00:00","dateModified":"2021-07-06T19:50:59+00:00","author":{"@id":"https:\/\/www.africa-press.net\/cotedivoire\/#\/schema\/person\/2b1cf3cd81a31e3cd26889ca66d677f1"},"description":"L\u2019Archev\u00eaque Guy-Vincent Kodja est mont\u00e9 au cr\u00e9neau, ce dimanche 4 juillet 2021, au culte d\u2019action de gr\u00e2ce, tenu au si\u00e8 ...","breadcrumb":{"@id":"https:\/\/www.africa-press.net\/cotedivoire\/culture-et-art\/affaire-gbagbo-redevient-catholique-pourquoi-guy-vincent-defend-lex-chef-de-letat-catholique-ce-nest-pas-chretien#breadcrumb"},"inLanguage":"fr-FR","potentialAction":[{"@type":"ReadAction","target":["https:\/\/www.africa-press.net\/cotedivoire\/culture-et-art\/affaire-gbagbo-redevient-catholique-pourquoi-guy-vincent-defend-lex-chef-de-letat-catholique-ce-nest-pas-chretien"]}]},{"@type":"ImageObject","inLanguage":"fr-FR","@id":"https:\/\/www.africa-press.net\/cotedivoire\/culture-et-art\/affaire-gbagbo-redevient-catholique-pourquoi-guy-vincent-defend-lex-chef-de-letat-catholique-ce-nest-pas-chretien#primaryimage","url":"https:\/\/static.africa-press.net\/cote\/sites\/43\/2021\/07\/img-60e45d745d4d7.jpg","contentUrl":"https:\/\/static.africa-press.net\/cote\/sites\/43\/2021\/07\/img-60e45d745d4d7.jpg","width":720,"height":732,"caption":"Affaire Gbagbo redevient catholique: Pourquoi Guy-Vincent d\u00e9fend l\u2019ex chef de l\u2019\u00c9tat \u00ab\u00a0catholique ce n\u2019est pas chr\u00e9tien\u00a0\u00bb?"},{"@type":"BreadcrumbList","@id":"https:\/\/www.africa-press.net\/cotedivoire\/culture-et-art\/affaire-gbagbo-redevient-catholique-pourquoi-guy-vincent-defend-lex-chef-de-letat-catholique-ce-nest-pas-chretien#breadcrumb","itemListElement":[{"@type":"ListItem","position":1,"name":"Accueil","item":"https:\/\/www.africa-press.net\/cotedivoire\/"},{"@type":"ListItem","position":2,"name":"Affaire Gbagbo redevient catholique: Pourquoi Guy-Vincent d\u00e9fend l\u2019ex chef de l\u2019\u00c9tat \u00ab\u00a0catholique ce n\u2019est pas chr\u00e9tien\u00a0\u00bb?"}]},{"@type":"WebSite","@id":"https:\/\/www.africa-press.net\/cotedivoire\/#website","url":"https:\/\/www.africa-press.net\/cotedivoire\/","name":"C\u00f4te d&#039;Ivoire","description":"Just another Africa News Agency Sites site","potentialAction":[{"@type":"SearchAction","target":{"@type":"EntryPoint","urlTemplate":"https:\/\/www.africa-press.net\/cotedivoire\/?s={search_term_string}"},"query-input":{"@type":"PropertyValueSpecification","valueRequired":true,"valueName":"search_term_string"}}],"inLanguage":"fr-FR"},{"@type":"Person","@id":"https:\/\/www.africa-press.net\/cotedivoire\/#\/schema\/person\/2b1cf3cd81a31e3cd26889ca66d677f1","name":"cfeditorfr"}]}},"_links":{"self":[{"href":"https:\/\/www.africa-press.net\/cotedivoire\/wp-json\/wp\/v2\/posts\/9729","targetHints":{"allow":["GET"]}}],"collection":[{"href":"https:\/\/www.africa-press.net\/cotedivoire\/wp-json\/wp\/v2\/posts"}],"about":[{"href":"https:\/\/www.africa-press.net\/cotedivoire\/wp-json\/wp\/v2\/types\/post"}],"author":[{"embeddable":true,"href":"https:\/\/www.africa-press.net\/cotedivoire\/wp-json\/wp\/v2\/users\/82"}],"replies":[{"embeddable":true,"href":"https:\/\/www.africa-press.net\/cotedivoire\/wp-json\/wp\/v2\/comments?post=9729"}],"version-history":[{"count":0,"href":"https:\/\/www.africa-press.net\/cotedivoire\/wp-json\/wp\/v2\/posts\/9729\/revisions"}],"wp:featuredmedia":[{"embeddable":true,"href":"https:\/\/www.africa-press.net\/cotedivoire\/wp-json\/wp\/v2\/media\/9728"}],"wp:attachment":[{"href":"https:\/\/www.africa-press.net\/cotedivoire\/wp-json\/wp\/v2\/media?parent=9729"}],"wp:term":[{"taxonomy":"category","embeddable":true,"href":"https:\/\/www.africa-press.net\/cotedivoire\/wp-json\/wp\/v2\/categories?post=9729"},{"taxonomy":"post_tag","embeddable":true,"href":"https:\/\/www.africa-press.net\/cotedivoire\/wp-json\/wp\/v2\/tags?post=9729"}],"curies":[{"name":"wp","href":"https:\/\/api.w.org\/{rel}","templated":true}]}}