{"id":97301,"date":"2025-04-08T16:33:53","date_gmt":"2025-04-08T16:33:53","guid":{"rendered":"https:\/\/www.africa-press.net\/cotedivoire\/politique\/ppa-ci-absence-annoncee-de-kone-katinan-a-la-fete-de-la-renaissance-a-dabou-voici-les-raisons-evoqueees"},"modified":"2025-04-08T16:33:53","modified_gmt":"2025-04-08T16:33:53","slug":"ppa-ci-absence-annoncee-de-kone-katinan-a-la-fete-de-la-renaissance-a-dabou-voici-les-raisons-evoqueees","status":"publish","type":"post","link":"https:\/\/www.africa-press.net\/cotedivoire\/politique\/ppa-ci-absence-annoncee-de-kone-katinan-a-la-fete-de-la-renaissance-a-dabou-voici-les-raisons-evoqueees","title":{"rendered":"PPA-CI, absence annonc\u00e9e de Kon\u00e9 Katinan \u00e0 la F\u00eate de la Renaissance \u00e0 Dabou, voici les raisons \u00e9voque\u00e9es"},"content":{"rendered":"<p><span style=\"color: #ff6600\"><strong>Africa-Press &#8211; C\u00f4te d&rsquo;Ivoire. <\/strong><\/span>Alors que Dabou s\u2019appre\u0302te a\u0300 vibrer au rythme de la Fe\u0302te de la Renaissance les 11 et 12 avril prochains, une absence notable marquera l\u2019e\u0301ve\u0301nement: celle de Justin Kone\u0301 Katinan, pre\u0301sident du Conseil Strate\u0301gie et Politique (CSP) du Parti des Peuples Africains-Co\u0302te d\u2019Ivoire (PPA-CI). Contrairement aux spe\u0301culations qui circulent, son indisponibilite\u0301 n\u2019a aucun rapport avec une quelconque tension avec Nady Bamba, l\u2019e\u0301pouse de Laurent Gbagbo.<\/p>\n<p>Selon des sources proches du parti, Kone\u0301 Katinan serait actuellement mobilise\u0301 par une mission politique confie\u0301e par Laurent Gbagbo lui-me\u0302me. Bien que l\u2019ancien pre\u0301sident ivoirien soit en se\u0301jour prive\u0301 a\u0300 Bruxelles avec sa famille, il aurait charge\u0301 son collaborateur d\u2019une ta\u0302che cruciale pour le PPA-CI, justifiant ainsi son absence a\u0300 Dabou.<\/p>\n<p>Cette troisie\u0300me e\u0301dition de la Fe\u0302te de la Renaissance reve\u0302t une importance particulie\u0300re, puisqu\u2019elle se de\u0301roule dans un climat politique e\u0301lectrique, marque\u0301 par l\u2019incertitude autour de la candidature de Laurent Gbagbo a\u0300 la pre\u0301sidentielle d\u2019octobre 2025. Le the\u0300me choisi, \u00ab Laurent Gbagbo: de La Haye a\u0300 la pre\u0301sidence de la Re\u0301publique en 2025 \u00bb, te\u0301moigne de l\u2019ambition affiche\u0301e par ses partisans, malgre\u0301 les obstacles judiciaires qui pe\u0300sent sur lui.<\/p>\n<p>Si certains me\u0301dias proches du pouvoir ont laisse\u0301 entendre des dissensions internes, les responsables du PPA-CI balaient ces rumeurs, insistant sur l\u2019unite\u0301 du mouvement et la priorite\u0301 donne\u0301e a\u0300 la strate\u0301gie e\u0301lectorale. L\u2019absence de Kone\u0301 Katinan, loin d\u2019e\u0302tre un signe de division, serait donc le re\u0301sultat d\u2019une re\u0301partition rigoureuse des ta\u0302ches au sein du parti.<\/p>\n<p>Alors que les militants se pre\u0301parent a\u0300 ce\u0301le\u0301brer leur leader, cette nouvelle de\u0301montre que, derrie\u0300re les festivite\u0301s, le PPA-CI travaille discre\u0300tement a\u0300 consolider ses positions en vue de la bataille politique a\u0300 venir.<\/p>\n<p><strong>Pour plus d&rsquo;informations et d&rsquo;analyses sur la <span style=\"color: #ff6600\">C\u00f4te d&rsquo;Ivoire<\/span>, suivez <span style=\"color: #ff6600\">Africa-Press<span style=\"color: #ff6600\"><\/span><\/strong><\/p>\n","protected":false},"excerpt":{"rendered":"<p>Africa-Press &#8211; C\u00f4te d&rsquo;Ivoire. Alors que Dabou s\u2019appre\u0302te a\u0300 vibrer au rythme de la Fe\u0302te de la Renaissance les 11 et 12 avril prochains, une absence notable marquera l\u2019e\u0301ve\u0301nement: celle de Justin Kone\u0301 Katinan, pre\u0301sident du Conseil Strate\u0301gie et Politique (CSP) du Parti des Peuples Africains-Co\u0302te d\u2019Ivoire (PPA-CI). Contrairement aux spe\u0301culations qui circulent, son indisponibilite\u0301 [&hellip;]<\/p>\n","protected":false},"author":82,"featured_media":97300,"comment_status":"open","ping_status":"closed","sticky":false,"template":"","format":"standard","meta":{"footnotes":""},"categories":[2,10],"tags":[37,1160,320,1586,3132,60,1952],"class_list":["post-97301","post","type-post","status-publish","format-standard","has-post-thumbnail","hentry","category-politique","category-toutes-les-actualites","tag-cote-divoire-2","tag-dabou","tag-gbagbo","tag-katinan","tag-militant","tag-politique","tag-ppa-ci"],"yoast_head":"<!-- This site is optimized with the Yoast SEO Premium plugin v26.1 (Yoast SEO v27.0) - https:\/\/yoast.com\/product\/yoast-seo-premium-wordpress\/ -->\n<title>PPA-CI, absence annonc\u00e9e de Kon\u00e9 Katinan \u00e0 la F\u00eate de la Renaissance \u00e0 Dabou, voici les raisons \u00e9voque\u00e9es - C\u00f4te d&#039;Ivoire<\/title>\n<meta name=\"robots\" content=\"index, follow, max-snippet:-1, max-image-preview:large, max-video-preview:-1\" \/>\n<link rel=\"canonical\" href=\"https:\/\/www.africa-press.net\/cotedivoire\/politique\/ppa-ci-absence-annoncee-de-kone-katinan-a-la-fete-de-la-renaissance-a-dabou-voici-les-raisons-evoqueees\" \/>\n<meta property=\"og:locale\" content=\"fr_FR\" \/>\n<meta property=\"og:type\" content=\"article\" \/>\n<meta property=\"og:title\" content=\"PPA-CI, absence annonc\u00e9e de Kon\u00e9 Katinan \u00e0 la F\u00eate de la Renaissance \u00e0 Dabou, voici les raisons \u00e9voque\u00e9es\" \/>\n<meta property=\"og:description\" content=\"Africa-Press &#8211; C\u00f4te d&rsquo;Ivoire. Alors que Dabou s\u2019appre\u0302te a\u0300 vibrer au rythme de la Fe\u0302te de la Renaissance les 11 et 12 avril prochains, une absence notable marquera l\u2019e\u0301ve\u0301nement: celle de Justin Kone\u0301 Katinan, pre\u0301sident du Conseil Strate\u0301gie et Politique (CSP) du Parti des Peuples Africains-Co\u0302te d\u2019Ivoire (PPA-CI). Contrairement aux spe\u0301culations qui circulent, son indisponibilite\u0301 [&hellip;]\" \/>\n<meta property=\"og:url\" content=\"https:\/\/www.africa-press.net\/cotedivoire\/politique\/ppa-ci-absence-annoncee-de-kone-katinan-a-la-fete-de-la-renaissance-a-dabou-voici-les-raisons-evoqueees\" \/>\n<meta property=\"og:site_name\" content=\"C\u00f4te d&#039;Ivoire\" \/>\n<meta property=\"article:published_time\" content=\"2025-04-08T16:33:53+00:00\" \/>\n<meta name=\"author\" content=\"cfeditorfr\" \/>\n<meta name=\"twitter:card\" content=\"summary_large_image\" \/>\n<meta name=\"twitter:label1\" content=\"\u00c9crit par\" \/>\n\t<meta name=\"twitter:data1\" content=\"cfeditorfr\" \/>\n\t<meta name=\"twitter:label2\" content=\"Dur\u00e9e de lecture estim\u00e9e\" \/>\n\t<meta name=\"twitter:data2\" content=\"2 minutes\" \/>\n<script type=\"application\/ld+json\" class=\"yoast-schema-graph\">{\"@context\":\"https:\/\/schema.org\",\"@graph\":[{\"@type\":\"Article\",\"@id\":\"https:\/\/www.africa-press.net\/cotedivoire\/politique\/ppa-ci-absence-annoncee-de-kone-katinan-a-la-fete-de-la-renaissance-a-dabou-voici-les-raisons-evoqueees#article\",\"isPartOf\":{\"@id\":\"https:\/\/www.africa-press.net\/cotedivoire\/politique\/ppa-ci-absence-annoncee-de-kone-katinan-a-la-fete-de-la-renaissance-a-dabou-voici-les-raisons-evoqueees\"},\"author\":{\"name\":\"cfeditorfr\",\"@id\":\"https:\/\/www.africa-press.net\/cotedivoire\/#\/schema\/person\/2b1cf3cd81a31e3cd26889ca66d677f1\"},\"headline\":\"PPA-CI, absence annonc\u00e9e de Kon\u00e9 Katinan \u00e0 la F\u00eate de la Renaissance \u00e0 Dabou, voici les raisons \u00e9voque\u00e9es\",\"datePublished\":\"2025-04-08T16:33:53+00:00\",\"mainEntityOfPage\":{\"@id\":\"https:\/\/www.africa-press.net\/cotedivoire\/politique\/ppa-ci-absence-annoncee-de-kone-katinan-a-la-fete-de-la-renaissance-a-dabou-voici-les-raisons-evoqueees\"},\"wordCount\":365,\"commentCount\":0,\"image\":{\"@id\":\"https:\/\/www.africa-press.net\/cotedivoire\/politique\/ppa-ci-absence-annoncee-de-kone-katinan-a-la-fete-de-la-renaissance-a-dabou-voici-les-raisons-evoqueees#primaryimage\"},\"thumbnailUrl\":\"https:\/\/static.africa-press.net\/cote\/sites\/43\/2025\/04\/sm_1744117667.141842.jpg\",\"keywords\":[\"C\u00f4te d'Ivoire\",\"Dabou\",\"Gbagbo\",\"Katinan\",\"militant\",\"Politique\",\"PPA-CI\"],\"articleSection\":[\"Politique\",\"Toutes les actualit\u00e9s\"],\"inLanguage\":\"fr-FR\",\"potentialAction\":[{\"@type\":\"CommentAction\",\"name\":\"Comment\",\"target\":[\"https:\/\/www.africa-press.net\/cotedivoire\/politique\/ppa-ci-absence-annoncee-de-kone-katinan-a-la-fete-de-la-renaissance-a-dabou-voici-les-raisons-evoqueees#respond\"]}]},{\"@type\":\"WebPage\",\"@id\":\"https:\/\/www.africa-press.net\/cotedivoire\/politique\/ppa-ci-absence-annoncee-de-kone-katinan-a-la-fete-de-la-renaissance-a-dabou-voici-les-raisons-evoqueees\",\"url\":\"https:\/\/www.africa-press.net\/cotedivoire\/politique\/ppa-ci-absence-annoncee-de-kone-katinan-a-la-fete-de-la-renaissance-a-dabou-voici-les-raisons-evoqueees\",\"name\":\"PPA-CI, absence annonc\u00e9e de Kon\u00e9 Katinan \u00e0 la F\u00eate de la Renaissance \u00e0 Dabou, voici les raisons \u00e9voque\u00e9es - C\u00f4te d&#039;Ivoire\",\"isPartOf\":{\"@id\":\"https:\/\/www.africa-press.net\/cotedivoire\/#website\"},\"primaryImageOfPage\":{\"@id\":\"https:\/\/www.africa-press.net\/cotedivoire\/politique\/ppa-ci-absence-annoncee-de-kone-katinan-a-la-fete-de-la-renaissance-a-dabou-voici-les-raisons-evoqueees#primaryimage\"},\"image\":{\"@id\":\"https:\/\/www.africa-press.net\/cotedivoire\/politique\/ppa-ci-absence-annoncee-de-kone-katinan-a-la-fete-de-la-renaissance-a-dabou-voici-les-raisons-evoqueees#primaryimage\"},\"thumbnailUrl\":\"https:\/\/static.africa-press.net\/cote\/sites\/43\/2025\/04\/sm_1744117667.141842.jpg\",\"datePublished\":\"2025-04-08T16:33:53+00:00\",\"author\":{\"@id\":\"https:\/\/www.africa-press.net\/cotedivoire\/#\/schema\/person\/2b1cf3cd81a31e3cd26889ca66d677f1\"},\"breadcrumb\":{\"@id\":\"https:\/\/www.africa-press.net\/cotedivoire\/politique\/ppa-ci-absence-annoncee-de-kone-katinan-a-la-fete-de-la-renaissance-a-dabou-voici-les-raisons-evoqueees#breadcrumb\"},\"inLanguage\":\"fr-FR\",\"potentialAction\":[{\"@type\":\"ReadAction\",\"target\":[\"https:\/\/www.africa-press.net\/cotedivoire\/politique\/ppa-ci-absence-annoncee-de-kone-katinan-a-la-fete-de-la-renaissance-a-dabou-voici-les-raisons-evoqueees\"]}]},{\"@type\":\"ImageObject\",\"inLanguage\":\"fr-FR\",\"@id\":\"https:\/\/www.africa-press.net\/cotedivoire\/politique\/ppa-ci-absence-annoncee-de-kone-katinan-a-la-fete-de-la-renaissance-a-dabou-voici-les-raisons-evoqueees#primaryimage\",\"url\":\"https:\/\/static.africa-press.net\/cote\/sites\/43\/2025\/04\/sm_1744117667.141842.jpg\",\"contentUrl\":\"https:\/\/static.africa-press.net\/cote\/sites\/43\/2025\/04\/sm_1744117667.141842.jpg\",\"width\":720,\"height\":480,\"caption\":\"PPA-CI, absence annonc\u00e9e de Kon\u00e9 Katinan \u00e0 la F\u00eate de la Renaissance \u00e0 Dabou, voici les raisons \u00e9voque\u00e9es\"},{\"@type\":\"BreadcrumbList\",\"@id\":\"https:\/\/www.africa-press.net\/cotedivoire\/politique\/ppa-ci-absence-annoncee-de-kone-katinan-a-la-fete-de-la-renaissance-a-dabou-voici-les-raisons-evoqueees#breadcrumb\",\"itemListElement\":[{\"@type\":\"ListItem\",\"position\":1,\"name\":\"Accueil\",\"item\":\"https:\/\/www.africa-press.net\/cotedivoire\/\"},{\"@type\":\"ListItem\",\"position\":2,\"name\":\"PPA-CI, absence annonc\u00e9e de Kon\u00e9 Katinan \u00e0 la F\u00eate de la Renaissance \u00e0 Dabou, voici les raisons \u00e9voque\u00e9es\"}]},{\"@type\":\"WebSite\",\"@id\":\"https:\/\/www.africa-press.net\/cotedivoire\/#website\",\"url\":\"https:\/\/www.africa-press.net\/cotedivoire\/\",\"name\":\"C\u00f4te d&#039;Ivoire\",\"description\":\"Just another Africa News Agency Sites site\",\"potentialAction\":[{\"@type\":\"SearchAction\",\"target\":{\"@type\":\"EntryPoint\",\"urlTemplate\":\"https:\/\/www.africa-press.net\/cotedivoire\/?s={search_term_string}\"},\"query-input\":{\"@type\":\"PropertyValueSpecification\",\"valueRequired\":true,\"valueName\":\"search_term_string\"}}],\"inLanguage\":\"fr-FR\"},{\"@type\":\"Person\",\"@id\":\"https:\/\/www.africa-press.net\/cotedivoire\/#\/schema\/person\/2b1cf3cd81a31e3cd26889ca66d677f1\",\"name\":\"cfeditorfr\"}]}<\/script>\n<!-- \/ Yoast SEO Premium plugin. -->","yoast_head_json":{"title":"PPA-CI, absence annonc\u00e9e de Kon\u00e9 Katinan \u00e0 la F\u00eate de la Renaissance \u00e0 Dabou, voici les raisons \u00e9voque\u00e9es - C\u00f4te d&#039;Ivoire","robots":{"index":"index","follow":"follow","max-snippet":"max-snippet:-1","max-image-preview":"max-image-preview:large","max-video-preview":"max-video-preview:-1"},"canonical":"https:\/\/www.africa-press.net\/cotedivoire\/politique\/ppa-ci-absence-annoncee-de-kone-katinan-a-la-fete-de-la-renaissance-a-dabou-voici-les-raisons-evoqueees","og_locale":"fr_FR","og_type":"article","og_title":"PPA-CI, absence annonc\u00e9e de Kon\u00e9 Katinan \u00e0 la F\u00eate de la Renaissance \u00e0 Dabou, voici les raisons \u00e9voque\u00e9es","og_description":"Africa-Press &#8211; C\u00f4te d&rsquo;Ivoire. Alors que Dabou s\u2019appre\u0302te a\u0300 vibrer au rythme de la Fe\u0302te de la Renaissance les 11 et 12 avril prochains, une absence notable marquera l\u2019e\u0301ve\u0301nement: celle de Justin Kone\u0301 Katinan, pre\u0301sident du Conseil Strate\u0301gie et Politique (CSP) du Parti des Peuples Africains-Co\u0302te d\u2019Ivoire (PPA-CI). Contrairement aux spe\u0301culations qui circulent, son indisponibilite\u0301 [&hellip;]","og_url":"https:\/\/www.africa-press.net\/cotedivoire\/politique\/ppa-ci-absence-annoncee-de-kone-katinan-a-la-fete-de-la-renaissance-a-dabou-voici-les-raisons-evoqueees","og_site_name":"C\u00f4te d&#039;Ivoire","article_published_time":"2025-04-08T16:33:53+00:00","author":"cfeditorfr","twitter_card":"summary_large_image","twitter_misc":{"\u00c9crit par":"cfeditorfr","Dur\u00e9e de lecture estim\u00e9e":"2 minutes"},"schema":{"@context":"https:\/\/schema.org","@graph":[{"@type":"Article","@id":"https:\/\/www.africa-press.net\/cotedivoire\/politique\/ppa-ci-absence-annoncee-de-kone-katinan-a-la-fete-de-la-renaissance-a-dabou-voici-les-raisons-evoqueees#article","isPartOf":{"@id":"https:\/\/www.africa-press.net\/cotedivoire\/politique\/ppa-ci-absence-annoncee-de-kone-katinan-a-la-fete-de-la-renaissance-a-dabou-voici-les-raisons-evoqueees"},"author":{"name":"cfeditorfr","@id":"https:\/\/www.africa-press.net\/cotedivoire\/#\/schema\/person\/2b1cf3cd81a31e3cd26889ca66d677f1"},"headline":"PPA-CI, absence annonc\u00e9e de Kon\u00e9 Katinan \u00e0 la F\u00eate de la Renaissance \u00e0 Dabou, voici les raisons \u00e9voque\u00e9es","datePublished":"2025-04-08T16:33:53+00:00","mainEntityOfPage":{"@id":"https:\/\/www.africa-press.net\/cotedivoire\/politique\/ppa-ci-absence-annoncee-de-kone-katinan-a-la-fete-de-la-renaissance-a-dabou-voici-les-raisons-evoqueees"},"wordCount":365,"commentCount":0,"image":{"@id":"https:\/\/www.africa-press.net\/cotedivoire\/politique\/ppa-ci-absence-annoncee-de-kone-katinan-a-la-fete-de-la-renaissance-a-dabou-voici-les-raisons-evoqueees#primaryimage"},"thumbnailUrl":"https:\/\/static.africa-press.net\/cote\/sites\/43\/2025\/04\/sm_1744117667.141842.jpg","keywords":["C\u00f4te d'Ivoire","Dabou","Gbagbo","Katinan","militant","Politique","PPA-CI"],"articleSection":["Politique","Toutes les actualit\u00e9s"],"inLanguage":"fr-FR","potentialAction":[{"@type":"CommentAction","name":"Comment","target":["https:\/\/www.africa-press.net\/cotedivoire\/politique\/ppa-ci-absence-annoncee-de-kone-katinan-a-la-fete-de-la-renaissance-a-dabou-voici-les-raisons-evoqueees#respond"]}]},{"@type":"WebPage","@id":"https:\/\/www.africa-press.net\/cotedivoire\/politique\/ppa-ci-absence-annoncee-de-kone-katinan-a-la-fete-de-la-renaissance-a-dabou-voici-les-raisons-evoqueees","url":"https:\/\/www.africa-press.net\/cotedivoire\/politique\/ppa-ci-absence-annoncee-de-kone-katinan-a-la-fete-de-la-renaissance-a-dabou-voici-les-raisons-evoqueees","name":"PPA-CI, absence annonc\u00e9e de Kon\u00e9 Katinan \u00e0 la F\u00eate de la Renaissance \u00e0 Dabou, voici les raisons \u00e9voque\u00e9es - C\u00f4te d&#039;Ivoire","isPartOf":{"@id":"https:\/\/www.africa-press.net\/cotedivoire\/#website"},"primaryImageOfPage":{"@id":"https:\/\/www.africa-press.net\/cotedivoire\/politique\/ppa-ci-absence-annoncee-de-kone-katinan-a-la-fete-de-la-renaissance-a-dabou-voici-les-raisons-evoqueees#primaryimage"},"image":{"@id":"https:\/\/www.africa-press.net\/cotedivoire\/politique\/ppa-ci-absence-annoncee-de-kone-katinan-a-la-fete-de-la-renaissance-a-dabou-voici-les-raisons-evoqueees#primaryimage"},"thumbnailUrl":"https:\/\/static.africa-press.net\/cote\/sites\/43\/2025\/04\/sm_1744117667.141842.jpg","datePublished":"2025-04-08T16:33:53+00:00","author":{"@id":"https:\/\/www.africa-press.net\/cotedivoire\/#\/schema\/person\/2b1cf3cd81a31e3cd26889ca66d677f1"},"breadcrumb":{"@id":"https:\/\/www.africa-press.net\/cotedivoire\/politique\/ppa-ci-absence-annoncee-de-kone-katinan-a-la-fete-de-la-renaissance-a-dabou-voici-les-raisons-evoqueees#breadcrumb"},"inLanguage":"fr-FR","potentialAction":[{"@type":"ReadAction","target":["https:\/\/www.africa-press.net\/cotedivoire\/politique\/ppa-ci-absence-annoncee-de-kone-katinan-a-la-fete-de-la-renaissance-a-dabou-voici-les-raisons-evoqueees"]}]},{"@type":"ImageObject","inLanguage":"fr-FR","@id":"https:\/\/www.africa-press.net\/cotedivoire\/politique\/ppa-ci-absence-annoncee-de-kone-katinan-a-la-fete-de-la-renaissance-a-dabou-voici-les-raisons-evoqueees#primaryimage","url":"https:\/\/static.africa-press.net\/cote\/sites\/43\/2025\/04\/sm_1744117667.141842.jpg","contentUrl":"https:\/\/static.africa-press.net\/cote\/sites\/43\/2025\/04\/sm_1744117667.141842.jpg","width":720,"height":480,"caption":"PPA-CI, absence annonc\u00e9e de Kon\u00e9 Katinan \u00e0 la F\u00eate de la Renaissance \u00e0 Dabou, voici les raisons \u00e9voque\u00e9es"},{"@type":"BreadcrumbList","@id":"https:\/\/www.africa-press.net\/cotedivoire\/politique\/ppa-ci-absence-annoncee-de-kone-katinan-a-la-fete-de-la-renaissance-a-dabou-voici-les-raisons-evoqueees#breadcrumb","itemListElement":[{"@type":"ListItem","position":1,"name":"Accueil","item":"https:\/\/www.africa-press.net\/cotedivoire\/"},{"@type":"ListItem","position":2,"name":"PPA-CI, absence annonc\u00e9e de Kon\u00e9 Katinan \u00e0 la F\u00eate de la Renaissance \u00e0 Dabou, voici les raisons \u00e9voque\u00e9es"}]},{"@type":"WebSite","@id":"https:\/\/www.africa-press.net\/cotedivoire\/#website","url":"https:\/\/www.africa-press.net\/cotedivoire\/","name":"C\u00f4te d&#039;Ivoire","description":"Just another Africa News Agency Sites site","potentialAction":[{"@type":"SearchAction","target":{"@type":"EntryPoint","urlTemplate":"https:\/\/www.africa-press.net\/cotedivoire\/?s={search_term_string}"},"query-input":{"@type":"PropertyValueSpecification","valueRequired":true,"valueName":"search_term_string"}}],"inLanguage":"fr-FR"},{"@type":"Person","@id":"https:\/\/www.africa-press.net\/cotedivoire\/#\/schema\/person\/2b1cf3cd81a31e3cd26889ca66d677f1","name":"cfeditorfr"}]}},"_links":{"self":[{"href":"https:\/\/www.africa-press.net\/cotedivoire\/wp-json\/wp\/v2\/posts\/97301","targetHints":{"allow":["GET"]}}],"collection":[{"href":"https:\/\/www.africa-press.net\/cotedivoire\/wp-json\/wp\/v2\/posts"}],"about":[{"href":"https:\/\/www.africa-press.net\/cotedivoire\/wp-json\/wp\/v2\/types\/post"}],"author":[{"embeddable":true,"href":"https:\/\/www.africa-press.net\/cotedivoire\/wp-json\/wp\/v2\/users\/82"}],"replies":[{"embeddable":true,"href":"https:\/\/www.africa-press.net\/cotedivoire\/wp-json\/wp\/v2\/comments?post=97301"}],"version-history":[{"count":0,"href":"https:\/\/www.africa-press.net\/cotedivoire\/wp-json\/wp\/v2\/posts\/97301\/revisions"}],"wp:featuredmedia":[{"embeddable":true,"href":"https:\/\/www.africa-press.net\/cotedivoire\/wp-json\/wp\/v2\/media\/97300"}],"wp:attachment":[{"href":"https:\/\/www.africa-press.net\/cotedivoire\/wp-json\/wp\/v2\/media?parent=97301"}],"wp:term":[{"taxonomy":"category","embeddable":true,"href":"https:\/\/www.africa-press.net\/cotedivoire\/wp-json\/wp\/v2\/categories?post=97301"},{"taxonomy":"post_tag","embeddable":true,"href":"https:\/\/www.africa-press.net\/cotedivoire\/wp-json\/wp\/v2\/tags?post=97301"}],"curies":[{"name":"wp","href":"https:\/\/api.w.org\/{rel}","templated":true}]}}