{"id":97315,"date":"2025-04-09T13:15:48","date_gmt":"2025-04-09T13:15:48","guid":{"rendered":"https:\/\/www.africa-press.net\/cotedivoire\/politique\/mutuelle-des-commercants-les-premieres-cartes-de-la-mucci-remises-aux-membres-plus-de-3000-adherents-deja-enregistres"},"modified":"2025-04-09T13:15:48","modified_gmt":"2025-04-09T13:15:48","slug":"mutuelle-des-commercants-les-premieres-cartes-de-la-mucci-remises-aux-membres-plus-de-3000-adherents-deja-enregistres","status":"publish","type":"post","link":"https:\/\/www.africa-press.net\/cotedivoire\/toutes-les-actualites\/mutuelle-des-commercants-les-premieres-cartes-de-la-mucci-remises-aux-membres-plus-de-3000-adherents-deja-enregistres","title":{"rendered":"Mutuelle des commer\u00e7ants, les premi\u00e8res cartes de la MUCCI remises aux membres, plus de 3000 adh\u00e9rents d\u00e9j\u00e0 enregistr\u00e9s"},"content":{"rendered":"<p><span style=\"color: #ff6600\"><strong>Africa-Press &#8211; C\u00f4te d&rsquo;Ivoire. <\/strong><\/span>Le 8 avril 2025, la ce\u0301re\u0301monie officielle de remise des premie\u0300res cartes de la Mutuelle des Commerc\u0327ants de Co\u0302te d\u2019Ivoire (MUCCI) s\u2019est tenue a\u0300 la mairie d\u2019Adjame\u0301. Cet e\u0301ve\u0301nement marquait un tournant majeur pour le secteur commercial ivoirien, avec la pre\u0301sence du De\u0301pute\u0301-Maire et Pre\u0301sident du Conseil d&rsquo;Administration (PCA) de la MUCCI, Farikou Soumahoro, accompagne\u0301 du Directeur ge\u0301ne\u0301ral de la Mutuelle, Toure\u0301 Lacine\u0301, ainsi que des administrateurs et partenaires institutionnels.<\/p>\n<p>La MUCCI est ne\u0301e d&rsquo;une ambition claire: offrir aux commerc\u0327ants de Co\u0302te d&rsquo;Ivoire un ve\u0301ritable outil de solidarite\u0301 et de protection sociale. En effet, trop longtemps, cette cate\u0301gorie de travailleurs a e\u0301te\u0301 laisse\u0301e a\u0300 l\u2019e\u0301cart des syste\u0300mes classiques de se\u0301curite\u0301 sociale. A\u0300 travers la MUCCI, l\u2019objectif est de re\u0301pondre aux besoins essentiels des commerc\u0327ants, notamment en matie\u0300re de sante\u0301, de pre\u0301voyance, et de se\u0301curite\u0301 e\u0301conomique.<\/p>\n<p>Dans son discours, Farikou Soumahoro a souligne\u0301 l\u2019importance de cette mutuelle qui repre\u0301sente de\u0301sormais bien plus qu\u2019un simple dispositif: elle incarne la solidarite\u0301, l&rsquo;unite\u0301, et l\u2019espoir pour un avenir meilleur des commerc\u0327ants.<\/p>\n<p>\u00ab Ces cartes symbolisent l&rsquo;appartenance a\u0300 une grande famille, la reconnaissance de vos droits et l\u2019acce\u0300s a\u0300 des services adapte\u0301s a\u0300 vos re\u0301alite\u0301s \u00bb, a-t-il affirme\u0301.<\/p>\n<p>Pour lui, la ce\u0301re\u0301monie marquait le de\u0301but d&rsquo;une grande aventure, et avec l&rsquo;engagement et l\u2019adhe\u0301sion des commerc\u0327ants, il est convaincu que le projet re\u0301ussira.<\/p>\n<p>Toure\u0301 Lacine\u0301, Directeur ge\u0301ne\u0301ral de la Mutuelle, a e\u0301galement souligne\u0301 le chemin parcouru en peu de temps. En moins de deux mois, la MUCCI a de\u0301ja\u0300 enregistre\u0301 plus de 1500 adhe\u0301sions, un nombre qui de\u0301passe aujourd\u2019hui les 3000.<\/p>\n<p>Un succe\u0300s notable, surtout dans un contexte de moyens limite\u0301s. Cependant, il a insiste\u0301 sur la ne\u0301cessite\u0301 d&rsquo;une mobilisation encore plus grande pour garantir la viabilite\u0301 a\u0300 long terme de cette mutuelle, pre\u0301cisant que chaque commerc\u0327ant a un ro\u0302le a\u0300 jouer pour attirer davantage de membres.<\/p>\n<p>\u00ab Votre engagement est essentiel. La mutuelle ne re\u0301ussira pas sans une adhe\u0301sion massive et un paiement re\u0301gulier des cotisations \u00bb, a-t-il martele\u0301.<\/p>\n<p>Aline Ogba, Directrice de l\u2019insertion et de la promotion des activite\u0301s commerciales au ministe\u0300re du Commerce, a exprime\u0301 son soutien total a\u0300 l\u2019initiative, tout en appelant a\u0300 une appropriation plus large de la mutuelle par les commerc\u0327ants.<\/p>\n<p>Elle a rappele\u0301 que la MUCCI est la premie\u0300re du genre dans la sous-re\u0301gion et que son succe\u0300s pourrait bien servir de mode\u0300le pour d&rsquo;autres. Elle a e\u0301galement salue\u0301 le travail des ministres du Commerce et de l&rsquo;Emploi, Docteur Souleymane Diarrassouba et Mai\u0302tre Kamara Adama, pour leur engagement a\u0300 soutenir la cre\u0301ation de la mutuelle.<\/p>\n<p>La ce\u0301re\u0301monie de remise des cartes marque l\u2019aboutissement de la phase 5 du processus de cre\u0301ation de la MUCCI, un projet qui a de\u0301bute\u0301 en 2013 avec le forum FOCOMCI. Ce processus a permis de poser les bases de la mutuelle, de structurer les organisations commerciales et d\u2019installer les organes dirigeants.<\/p>\n<p>La phase 6, qui s\u2019annonce imminente, concernera la souscription des commerc\u0327ants aux polices d\u2019assurance pour be\u0301ne\u0301ficier des avantages comme la couverture sante\u0301, l\u2019assistance en cas d\u2019incendie des marche\u0301s, ou encore la prise en charge des frais de scolarite\u0301 des enfants des commerc\u0327ants.<\/p>\n<p>Le projet de la MUCCI est donc bien plus qu\u2019une simple initiative locale: il s\u2019agit d\u2019un levier puissant pour le de\u0301veloppement du secteur commercial ivoirien, mais aussi un acteur cle\u0301 dans la construction d\u2019une socie\u0301te\u0301 plus solidaire et plus prospe\u0300re.<\/p>\n<p>Selon Karim Sanogo, administrateur et DG de la FENACCI, la MUCCI vise a\u0300 re\u0301gler les proble\u0300mes re\u0301currents rencontre\u0301s par les commerc\u0327ants, notamment en matie\u0300re de sante\u0301 et de retraite, tout en renforc\u0327ant leur pouvoir e\u0301conomique.<\/p>\n<p>La mutuelle des commerc\u0327ants est de\u0301sormais une re\u0301alite\u0301, et la balle est dans le camp des commerc\u0327ants eux-me\u0302mes. Pour que cette initiative soit pleinement fructueuse, l\u2019adhe\u0301sion continue, le paiement des cotisations et l\u2019implication de chaque acteur sont essentiels.<\/p>\n<p>Les commerc\u0327ants ont de\u0301sormais entre leurs mains un outil puissant pour ame\u0301liorer leur quotidien et garantir un avenir plus serein pour leurs familles.<\/p>\n<p><strong>Pour plus d&rsquo;informations et d&rsquo;analyses sur la <span style=\"color: #ff6600\">C\u00f4te d&rsquo;Ivoire<\/span>, suivez <span style=\"color: #ff6600\">Africa-Press<span style=\"color: #ff6600\"><\/span><\/strong><\/p>\n","protected":false},"excerpt":{"rendered":"<p>Africa-Press &#8211; C\u00f4te d&rsquo;Ivoire. Le 8 avril 2025, la ce\u0301re\u0301monie officielle de remise des premie\u0300res cartes de la Mutuelle des Commerc\u0327ants de Co\u0302te d\u2019Ivoire (MUCCI) s\u2019est tenue a\u0300 la mairie d\u2019Adjame\u0301. Cet e\u0301ve\u0301nement marquait un tournant majeur pour le secteur commercial ivoirien, avec la pre\u0301sence du De\u0301pute\u0301-Maire et Pre\u0301sident du Conseil d&rsquo;Administration (PCA) de la [&hellip;]<\/p>\n","protected":false},"author":82,"featured_media":97314,"comment_status":"open","ping_status":"closed","sticky":false,"template":"","format":"standard","meta":{"footnotes":""},"categories":[21,10],"tags":[1525,37,17320,2586,297,986,17318,2846,3016,17319],"class_list":["post-97315","post","type-post","status-publish","format-standard","has-post-thumbnail","hentry","category-communaute","category-toutes-les-actualites","tag-commercants","tag-cote-divoire-2","tag-mucci","tag-mutuelle","tag-nouvelle","tag-protection","tag-realite","tag-sociale","tag-unite","tag-vive"],"yoast_head":"<!-- This site is optimized with the Yoast SEO Premium plugin v26.1 (Yoast SEO v27.0) - https:\/\/yoast.com\/product\/yoast-seo-premium-wordpress\/ -->\n<title>Mutuelle des commer\u00e7ants, les premi\u00e8res cartes de la MUCCI remises aux membres, plus de 3000 adh\u00e9rents d\u00e9j\u00e0 enregistr\u00e9s - C\u00f4te d&#039;Ivoire<\/title>\n<meta name=\"robots\" content=\"index, follow, max-snippet:-1, max-image-preview:large, max-video-preview:-1\" \/>\n<link rel=\"canonical\" href=\"https:\/\/www.africa-press.net\/cotedivoire\/politique\/mutuelle-des-commercants-les-premieres-cartes-de-la-mucci-remises-aux-membres-plus-de-3000-adherents-deja-enregistres\" \/>\n<meta property=\"og:locale\" content=\"fr_FR\" \/>\n<meta property=\"og:type\" content=\"article\" \/>\n<meta property=\"og:title\" content=\"Mutuelle des commer\u00e7ants, les premi\u00e8res cartes de la MUCCI remises aux membres, plus de 3000 adh\u00e9rents d\u00e9j\u00e0 enregistr\u00e9s\" \/>\n<meta property=\"og:description\" content=\"Africa-Press &#8211; C\u00f4te d&rsquo;Ivoire. Le 8 avril 2025, la ce\u0301re\u0301monie officielle de remise des premie\u0300res cartes de la Mutuelle des Commerc\u0327ants de Co\u0302te d\u2019Ivoire (MUCCI) s\u2019est tenue a\u0300 la mairie d\u2019Adjame\u0301. Cet e\u0301ve\u0301nement marquait un tournant majeur pour le secteur commercial ivoirien, avec la pre\u0301sence du De\u0301pute\u0301-Maire et Pre\u0301sident du Conseil d&rsquo;Administration (PCA) de la [&hellip;]\" \/>\n<meta property=\"og:url\" content=\"https:\/\/www.africa-press.net\/cotedivoire\/politique\/mutuelle-des-commercants-les-premieres-cartes-de-la-mucci-remises-aux-membres-plus-de-3000-adherents-deja-enregistres\" \/>\n<meta property=\"og:site_name\" content=\"C\u00f4te d&#039;Ivoire\" \/>\n<meta property=\"article:published_time\" content=\"2025-04-09T13:15:48+00:00\" \/>\n<meta name=\"author\" content=\"cfeditorfr\" \/>\n<meta name=\"twitter:card\" content=\"summary_large_image\" \/>\n<meta name=\"twitter:label1\" content=\"\u00c9crit par\" \/>\n\t<meta name=\"twitter:data1\" content=\"cfeditorfr\" \/>\n\t<meta name=\"twitter:label2\" content=\"Dur\u00e9e de lecture estim\u00e9e\" \/>\n\t<meta name=\"twitter:data2\" content=\"4 minutes\" \/>\n<script type=\"application\/ld+json\" class=\"yoast-schema-graph\">{\"@context\":\"https:\/\/schema.org\",\"@graph\":[{\"@type\":\"Article\",\"@id\":\"https:\/\/www.africa-press.net\/cotedivoire\/politique\/mutuelle-des-commercants-les-premieres-cartes-de-la-mucci-remises-aux-membres-plus-de-3000-adherents-deja-enregistres#article\",\"isPartOf\":{\"@id\":\"https:\/\/www.africa-press.net\/cotedivoire\/politique\/mutuelle-des-commercants-les-premieres-cartes-de-la-mucci-remises-aux-membres-plus-de-3000-adherents-deja-enregistres\"},\"author\":{\"name\":\"cfeditorfr\",\"@id\":\"https:\/\/www.africa-press.net\/cotedivoire\/#\/schema\/person\/2b1cf3cd81a31e3cd26889ca66d677f1\"},\"headline\":\"Mutuelle des commer\u00e7ants, les premi\u00e8res cartes de la MUCCI remises aux membres, plus de 3000 adh\u00e9rents d\u00e9j\u00e0 enregistr\u00e9s\",\"datePublished\":\"2025-04-09T13:15:48+00:00\",\"mainEntityOfPage\":{\"@id\":\"https:\/\/www.africa-press.net\/cotedivoire\/politique\/mutuelle-des-commercants-les-premieres-cartes-de-la-mucci-remises-aux-membres-plus-de-3000-adherents-deja-enregistres\"},\"wordCount\":808,\"commentCount\":0,\"image\":{\"@id\":\"https:\/\/www.africa-press.net\/cotedivoire\/politique\/mutuelle-des-commercants-les-premieres-cartes-de-la-mucci-remises-aux-membres-plus-de-3000-adherents-deja-enregistres#primaryimage\"},\"thumbnailUrl\":\"https:\/\/static.africa-press.net\/cote\/sites\/43\/2025\/04\/sm_1744191994.404593.jpg\",\"keywords\":[\"commer\u00e7ants\",\"C\u00f4te d'Ivoire\",\"MUCCI\",\"mutuelle\",\"nouvelle\",\"Protection\",\"r\u00e9alit\u00e9\",\"sociale\",\"unit\u00e9\",\"vive\"],\"articleSection\":[\"Communaut\u00e9\",\"Toutes les actualit\u00e9s\"],\"inLanguage\":\"fr-FR\",\"potentialAction\":[{\"@type\":\"CommentAction\",\"name\":\"Comment\",\"target\":[\"https:\/\/www.africa-press.net\/cotedivoire\/politique\/mutuelle-des-commercants-les-premieres-cartes-de-la-mucci-remises-aux-membres-plus-de-3000-adherents-deja-enregistres#respond\"]}]},{\"@type\":\"WebPage\",\"@id\":\"https:\/\/www.africa-press.net\/cotedivoire\/politique\/mutuelle-des-commercants-les-premieres-cartes-de-la-mucci-remises-aux-membres-plus-de-3000-adherents-deja-enregistres\",\"url\":\"https:\/\/www.africa-press.net\/cotedivoire\/politique\/mutuelle-des-commercants-les-premieres-cartes-de-la-mucci-remises-aux-membres-plus-de-3000-adherents-deja-enregistres\",\"name\":\"Mutuelle des commer\u00e7ants, les premi\u00e8res cartes de la MUCCI remises aux membres, plus de 3000 adh\u00e9rents d\u00e9j\u00e0 enregistr\u00e9s - C\u00f4te d&#039;Ivoire\",\"isPartOf\":{\"@id\":\"https:\/\/www.africa-press.net\/cotedivoire\/#website\"},\"primaryImageOfPage\":{\"@id\":\"https:\/\/www.africa-press.net\/cotedivoire\/politique\/mutuelle-des-commercants-les-premieres-cartes-de-la-mucci-remises-aux-membres-plus-de-3000-adherents-deja-enregistres#primaryimage\"},\"image\":{\"@id\":\"https:\/\/www.africa-press.net\/cotedivoire\/politique\/mutuelle-des-commercants-les-premieres-cartes-de-la-mucci-remises-aux-membres-plus-de-3000-adherents-deja-enregistres#primaryimage\"},\"thumbnailUrl\":\"https:\/\/static.africa-press.net\/cote\/sites\/43\/2025\/04\/sm_1744191994.404593.jpg\",\"datePublished\":\"2025-04-09T13:15:48+00:00\",\"author\":{\"@id\":\"https:\/\/www.africa-press.net\/cotedivoire\/#\/schema\/person\/2b1cf3cd81a31e3cd26889ca66d677f1\"},\"breadcrumb\":{\"@id\":\"https:\/\/www.africa-press.net\/cotedivoire\/politique\/mutuelle-des-commercants-les-premieres-cartes-de-la-mucci-remises-aux-membres-plus-de-3000-adherents-deja-enregistres#breadcrumb\"},\"inLanguage\":\"fr-FR\",\"potentialAction\":[{\"@type\":\"ReadAction\",\"target\":[\"https:\/\/www.africa-press.net\/cotedivoire\/politique\/mutuelle-des-commercants-les-premieres-cartes-de-la-mucci-remises-aux-membres-plus-de-3000-adherents-deja-enregistres\"]}]},{\"@type\":\"ImageObject\",\"inLanguage\":\"fr-FR\",\"@id\":\"https:\/\/www.africa-press.net\/cotedivoire\/politique\/mutuelle-des-commercants-les-premieres-cartes-de-la-mucci-remises-aux-membres-plus-de-3000-adherents-deja-enregistres#primaryimage\",\"url\":\"https:\/\/static.africa-press.net\/cote\/sites\/43\/2025\/04\/sm_1744191994.404593.jpg\",\"contentUrl\":\"https:\/\/static.africa-press.net\/cote\/sites\/43\/2025\/04\/sm_1744191994.404593.jpg\",\"width\":720,\"height\":398,\"caption\":\"Mutuelle des commer\u00e7ants, les premi\u00e8res cartes de la MUCCI remises aux membres, plus de 3000 adh\u00e9rents d\u00e9j\u00e0 enregistr\u00e9s\"},{\"@type\":\"BreadcrumbList\",\"@id\":\"https:\/\/www.africa-press.net\/cotedivoire\/politique\/mutuelle-des-commercants-les-premieres-cartes-de-la-mucci-remises-aux-membres-plus-de-3000-adherents-deja-enregistres#breadcrumb\",\"itemListElement\":[{\"@type\":\"ListItem\",\"position\":1,\"name\":\"Accueil\",\"item\":\"https:\/\/www.africa-press.net\/cotedivoire\/\"},{\"@type\":\"ListItem\",\"position\":2,\"name\":\"Mutuelle des commer\u00e7ants, les premi\u00e8res cartes de la MUCCI remises aux membres, plus de 3000 adh\u00e9rents d\u00e9j\u00e0 enregistr\u00e9s\"}]},{\"@type\":\"WebSite\",\"@id\":\"https:\/\/www.africa-press.net\/cotedivoire\/#website\",\"url\":\"https:\/\/www.africa-press.net\/cotedivoire\/\",\"name\":\"C\u00f4te d&#039;Ivoire\",\"description\":\"Just another Africa News Agency Sites site\",\"potentialAction\":[{\"@type\":\"SearchAction\",\"target\":{\"@type\":\"EntryPoint\",\"urlTemplate\":\"https:\/\/www.africa-press.net\/cotedivoire\/?s={search_term_string}\"},\"query-input\":{\"@type\":\"PropertyValueSpecification\",\"valueRequired\":true,\"valueName\":\"search_term_string\"}}],\"inLanguage\":\"fr-FR\"},{\"@type\":\"Person\",\"@id\":\"https:\/\/www.africa-press.net\/cotedivoire\/#\/schema\/person\/2b1cf3cd81a31e3cd26889ca66d677f1\",\"name\":\"cfeditorfr\"}]}<\/script>\n<!-- \/ Yoast SEO Premium plugin. -->","yoast_head_json":{"title":"Mutuelle des commer\u00e7ants, les premi\u00e8res cartes de la MUCCI remises aux membres, plus de 3000 adh\u00e9rents d\u00e9j\u00e0 enregistr\u00e9s - C\u00f4te d&#039;Ivoire","robots":{"index":"index","follow":"follow","max-snippet":"max-snippet:-1","max-image-preview":"max-image-preview:large","max-video-preview":"max-video-preview:-1"},"canonical":"https:\/\/www.africa-press.net\/cotedivoire\/politique\/mutuelle-des-commercants-les-premieres-cartes-de-la-mucci-remises-aux-membres-plus-de-3000-adherents-deja-enregistres","og_locale":"fr_FR","og_type":"article","og_title":"Mutuelle des commer\u00e7ants, les premi\u00e8res cartes de la MUCCI remises aux membres, plus de 3000 adh\u00e9rents d\u00e9j\u00e0 enregistr\u00e9s","og_description":"Africa-Press &#8211; C\u00f4te d&rsquo;Ivoire. Le 8 avril 2025, la ce\u0301re\u0301monie officielle de remise des premie\u0300res cartes de la Mutuelle des Commerc\u0327ants de Co\u0302te d\u2019Ivoire (MUCCI) s\u2019est tenue a\u0300 la mairie d\u2019Adjame\u0301. Cet e\u0301ve\u0301nement marquait un tournant majeur pour le secteur commercial ivoirien, avec la pre\u0301sence du De\u0301pute\u0301-Maire et Pre\u0301sident du Conseil d&rsquo;Administration (PCA) de la [&hellip;]","og_url":"https:\/\/www.africa-press.net\/cotedivoire\/politique\/mutuelle-des-commercants-les-premieres-cartes-de-la-mucci-remises-aux-membres-plus-de-3000-adherents-deja-enregistres","og_site_name":"C\u00f4te d&#039;Ivoire","article_published_time":"2025-04-09T13:15:48+00:00","author":"cfeditorfr","twitter_card":"summary_large_image","twitter_misc":{"\u00c9crit par":"cfeditorfr","Dur\u00e9e de lecture estim\u00e9e":"4 minutes"},"schema":{"@context":"https:\/\/schema.org","@graph":[{"@type":"Article","@id":"https:\/\/www.africa-press.net\/cotedivoire\/politique\/mutuelle-des-commercants-les-premieres-cartes-de-la-mucci-remises-aux-membres-plus-de-3000-adherents-deja-enregistres#article","isPartOf":{"@id":"https:\/\/www.africa-press.net\/cotedivoire\/politique\/mutuelle-des-commercants-les-premieres-cartes-de-la-mucci-remises-aux-membres-plus-de-3000-adherents-deja-enregistres"},"author":{"name":"cfeditorfr","@id":"https:\/\/www.africa-press.net\/cotedivoire\/#\/schema\/person\/2b1cf3cd81a31e3cd26889ca66d677f1"},"headline":"Mutuelle des commer\u00e7ants, les premi\u00e8res cartes de la MUCCI remises aux membres, plus de 3000 adh\u00e9rents d\u00e9j\u00e0 enregistr\u00e9s","datePublished":"2025-04-09T13:15:48+00:00","mainEntityOfPage":{"@id":"https:\/\/www.africa-press.net\/cotedivoire\/politique\/mutuelle-des-commercants-les-premieres-cartes-de-la-mucci-remises-aux-membres-plus-de-3000-adherents-deja-enregistres"},"wordCount":808,"commentCount":0,"image":{"@id":"https:\/\/www.africa-press.net\/cotedivoire\/politique\/mutuelle-des-commercants-les-premieres-cartes-de-la-mucci-remises-aux-membres-plus-de-3000-adherents-deja-enregistres#primaryimage"},"thumbnailUrl":"https:\/\/static.africa-press.net\/cote\/sites\/43\/2025\/04\/sm_1744191994.404593.jpg","keywords":["commer\u00e7ants","C\u00f4te d'Ivoire","MUCCI","mutuelle","nouvelle","Protection","r\u00e9alit\u00e9","sociale","unit\u00e9","vive"],"articleSection":["Communaut\u00e9","Toutes les actualit\u00e9s"],"inLanguage":"fr-FR","potentialAction":[{"@type":"CommentAction","name":"Comment","target":["https:\/\/www.africa-press.net\/cotedivoire\/politique\/mutuelle-des-commercants-les-premieres-cartes-de-la-mucci-remises-aux-membres-plus-de-3000-adherents-deja-enregistres#respond"]}]},{"@type":"WebPage","@id":"https:\/\/www.africa-press.net\/cotedivoire\/politique\/mutuelle-des-commercants-les-premieres-cartes-de-la-mucci-remises-aux-membres-plus-de-3000-adherents-deja-enregistres","url":"https:\/\/www.africa-press.net\/cotedivoire\/politique\/mutuelle-des-commercants-les-premieres-cartes-de-la-mucci-remises-aux-membres-plus-de-3000-adherents-deja-enregistres","name":"Mutuelle des commer\u00e7ants, les premi\u00e8res cartes de la MUCCI remises aux membres, plus de 3000 adh\u00e9rents d\u00e9j\u00e0 enregistr\u00e9s - C\u00f4te d&#039;Ivoire","isPartOf":{"@id":"https:\/\/www.africa-press.net\/cotedivoire\/#website"},"primaryImageOfPage":{"@id":"https:\/\/www.africa-press.net\/cotedivoire\/politique\/mutuelle-des-commercants-les-premieres-cartes-de-la-mucci-remises-aux-membres-plus-de-3000-adherents-deja-enregistres#primaryimage"},"image":{"@id":"https:\/\/www.africa-press.net\/cotedivoire\/politique\/mutuelle-des-commercants-les-premieres-cartes-de-la-mucci-remises-aux-membres-plus-de-3000-adherents-deja-enregistres#primaryimage"},"thumbnailUrl":"https:\/\/static.africa-press.net\/cote\/sites\/43\/2025\/04\/sm_1744191994.404593.jpg","datePublished":"2025-04-09T13:15:48+00:00","author":{"@id":"https:\/\/www.africa-press.net\/cotedivoire\/#\/schema\/person\/2b1cf3cd81a31e3cd26889ca66d677f1"},"breadcrumb":{"@id":"https:\/\/www.africa-press.net\/cotedivoire\/politique\/mutuelle-des-commercants-les-premieres-cartes-de-la-mucci-remises-aux-membres-plus-de-3000-adherents-deja-enregistres#breadcrumb"},"inLanguage":"fr-FR","potentialAction":[{"@type":"ReadAction","target":["https:\/\/www.africa-press.net\/cotedivoire\/politique\/mutuelle-des-commercants-les-premieres-cartes-de-la-mucci-remises-aux-membres-plus-de-3000-adherents-deja-enregistres"]}]},{"@type":"ImageObject","inLanguage":"fr-FR","@id":"https:\/\/www.africa-press.net\/cotedivoire\/politique\/mutuelle-des-commercants-les-premieres-cartes-de-la-mucci-remises-aux-membres-plus-de-3000-adherents-deja-enregistres#primaryimage","url":"https:\/\/static.africa-press.net\/cote\/sites\/43\/2025\/04\/sm_1744191994.404593.jpg","contentUrl":"https:\/\/static.africa-press.net\/cote\/sites\/43\/2025\/04\/sm_1744191994.404593.jpg","width":720,"height":398,"caption":"Mutuelle des commer\u00e7ants, les premi\u00e8res cartes de la MUCCI remises aux membres, plus de 3000 adh\u00e9rents d\u00e9j\u00e0 enregistr\u00e9s"},{"@type":"BreadcrumbList","@id":"https:\/\/www.africa-press.net\/cotedivoire\/politique\/mutuelle-des-commercants-les-premieres-cartes-de-la-mucci-remises-aux-membres-plus-de-3000-adherents-deja-enregistres#breadcrumb","itemListElement":[{"@type":"ListItem","position":1,"name":"Accueil","item":"https:\/\/www.africa-press.net\/cotedivoire\/"},{"@type":"ListItem","position":2,"name":"Mutuelle des commer\u00e7ants, les premi\u00e8res cartes de la MUCCI remises aux membres, plus de 3000 adh\u00e9rents d\u00e9j\u00e0 enregistr\u00e9s"}]},{"@type":"WebSite","@id":"https:\/\/www.africa-press.net\/cotedivoire\/#website","url":"https:\/\/www.africa-press.net\/cotedivoire\/","name":"C\u00f4te d&#039;Ivoire","description":"Just another Africa News Agency Sites site","potentialAction":[{"@type":"SearchAction","target":{"@type":"EntryPoint","urlTemplate":"https:\/\/www.africa-press.net\/cotedivoire\/?s={search_term_string}"},"query-input":{"@type":"PropertyValueSpecification","valueRequired":true,"valueName":"search_term_string"}}],"inLanguage":"fr-FR"},{"@type":"Person","@id":"https:\/\/www.africa-press.net\/cotedivoire\/#\/schema\/person\/2b1cf3cd81a31e3cd26889ca66d677f1","name":"cfeditorfr"}]}},"_links":{"self":[{"href":"https:\/\/www.africa-press.net\/cotedivoire\/wp-json\/wp\/v2\/posts\/97315","targetHints":{"allow":["GET"]}}],"collection":[{"href":"https:\/\/www.africa-press.net\/cotedivoire\/wp-json\/wp\/v2\/posts"}],"about":[{"href":"https:\/\/www.africa-press.net\/cotedivoire\/wp-json\/wp\/v2\/types\/post"}],"author":[{"embeddable":true,"href":"https:\/\/www.africa-press.net\/cotedivoire\/wp-json\/wp\/v2\/users\/82"}],"replies":[{"embeddable":true,"href":"https:\/\/www.africa-press.net\/cotedivoire\/wp-json\/wp\/v2\/comments?post=97315"}],"version-history":[{"count":0,"href":"https:\/\/www.africa-press.net\/cotedivoire\/wp-json\/wp\/v2\/posts\/97315\/revisions"}],"wp:featuredmedia":[{"embeddable":true,"href":"https:\/\/www.africa-press.net\/cotedivoire\/wp-json\/wp\/v2\/media\/97314"}],"wp:attachment":[{"href":"https:\/\/www.africa-press.net\/cotedivoire\/wp-json\/wp\/v2\/media?parent=97315"}],"wp:term":[{"taxonomy":"category","embeddable":true,"href":"https:\/\/www.africa-press.net\/cotedivoire\/wp-json\/wp\/v2\/categories?post=97315"},{"taxonomy":"post_tag","embeddable":true,"href":"https:\/\/www.africa-press.net\/cotedivoire\/wp-json\/wp\/v2\/tags?post=97315"}],"curies":[{"name":"wp","href":"https:\/\/api.w.org\/{rel}","templated":true}]}}