{"id":9738,"date":"2021-07-06T14:12:22","date_gmt":"2021-07-06T14:12:22","guid":{"rendered":"https:\/\/www.africa-press.net\/cotedivoire\/?p=9738"},"modified":"2021-07-06T19:51:29","modified_gmt":"2021-07-06T19:51:29","slug":"ida20-21-chefs-detats-en-cote-divoire-pour-une-reconstitution-ambitieuse-des-ressources-de-lassociation-internationale-de-developpement","status":"publish","type":"post","link":"https:\/\/www.africa-press.net\/cotedivoire\/politique\/ida20-21-chefs-detats-en-cote-divoire-pour-une-reconstitution-ambitieuse-des-ressources-de-lassociation-internationale-de-developpement","title":{"rendered":"IDA20 \u2013 21 chefs d\u2019\u00c9tats en C\u00f4te-d\u2019Ivoire pour une Reconstitution ambitieuse des ressources de l\u2019Association Internationale de D\u00e9veloppement"},"content":{"rendered":"<p><span style=\"color: #ff6600\"><strong><a href=\"https:\/\/www.africa-press.net\/\">Africa-Press<\/a> &#8211; <a href=\"https:\/\/www.africa-press.net\/cotedivoire\">C\u00f4te d&rsquo;Ivoire<\/a>. <\/strong><\/span>Les Dirigeants Africains s\u2019Unissent pour une Reconstitution Ambitieuse<\/p>\n<p>des Ressources de l\u2019Association Internationale de D\u00e9veloppement (IDA20)<\/p>\n<p>ABIDJAN, le 5juillet, 2021 \u2013 Son Excellence Monsieur Alassane Ouattara, Pr\u00e9sident de la R\u00e9publique de C\u00f4te d\u2019Ivoire, et le Groupe de la Banque mondiale accueilleront une r\u00e9union de haut niveau, le Jeudi 15 juillet 2021 \u00e0 Abidjan, avec des dirigeants africains pour souligner l\u2019importance d\u2019une 20\u00e8me reconstitution ambitieuse et substantielle des ressources de l\u2019Association internationale de d\u00e9veloppement (IDA20). La reconstitution soutiendra une relance r\u00e9siliente \u00e0 la crise \u00e9conomique du COVID 19, et aidera le continent \u00e0 poursuivre sa transformation \u00e9conomique.<\/p>\n<p>Compte tenu des effets d\u00e9vastateurs de la pand\u00e9mie, un soutien continu de la Banque mondiale, en particulier de l\u2019IDA, est essentiel pour aider les pays africains \u00e0 r\u00e9pondre \u00e0 leurs besoins de financement, d\u00e9j\u00e0 \u00e9lev\u00e9s avant la<\/p>\n<p>pand\u00e9mie.<\/p>\n<p>Cette r\u00e9union de haut niveau fait suite \u00e0 l\u2019appel lanc\u00e9 par les dirigeants africains, lors du Sommet sur le financement des \u00e9conomies africaines \u00e0 Paris en mai dernier, pour un soutien renforc\u00e9 dans l\u2019objectif de soutenir une reprise verte et r\u00e9siliente de leurs \u00e9conomies. Les discussions permettront d\u2019identifier les priorit\u00e9s cl\u00e9s pour le financement en Afrique, et de d\u00e9fendre une politique et des contributions plus importantes pour la reconstitution ambitieuse des ressources de l\u2019IDA20. L\u2019Afrique est le plus grand b\u00e9n\u00e9ficiaire de l\u2019IDA avec 39 pays et a fait des efforts importants en vue d\u2019am\u00e9liorer ses indicateurs de d\u00e9veloppement tout au long des six d\u00e9cennies de partenariat avec la Banque mondiale.<\/p>\n<p>QUI :<\/p>\n<p>\uf0a7 Chefs d\u2019\u00c9tat africains des pays suivants : Angola, B\u00e9nin, Burkina Faso, Cameroun, \u00c9thiopie, Ghana, Guin\u00e9e, Kenya, Lib\u00e9ria, Mauritanie, Madagascar, Mozambique, Niger, Nig\u00e9ria, R\u00e9publique D\u00e9mocratique du Congo, Rwanda, S\u00e9n\u00e9gal, Soudan, Tanzanie, Togo et Ouganda ;<\/p>\n<p>Dirigeants d \u2018organisations partenaires<\/p>\n<p>Officiels du Groupe de la Banque mondiale.<\/p>\n<p>O\u00d9 : Sofitel H\u00f4tel Ivoire, Abidjan, C\u00f4te d\u2019Ivoire<\/p>\n<p>QUAND : Jeudi 15 juillet 2021 de 10h00 \u00e0 13h00 GMT<\/p>\n<p>A propos de l\u2019IDA<\/p>\n<p>L\u2019Association Internationale de D\u00e9veloppement (IDA) est l\u2019une des plus importantes sources de financement pour<\/p>\n<p>lutter contre l\u2019extr\u00eame pauvret\u00e9 dans les pays aux revenus les plus faibles du monde. L\u2019IDA accorde des pr\u00eats et<\/p>\n<p>des subventions \u00e0 taux z\u00e9ro ou faible \u00e0 ces pays pour des projets et des programmes qui stimulent la croissance<\/p>\n<p>\u00e9conomique, renforcent la r\u00e9silience et am\u00e9liorent la vie des pauvres dans le monde. Depuis 1960, l\u2019IDA a fourni<\/p>\n<p>environ 422 milliards de dollars US pour des investissements dans 114 pays. En tant qu\u2019institution du Groupe de<\/p>\n<p>la Banque Mondiale, l\u2019IDA combine une expertise mondiale avec un accent exclusif sur la r\u00e9duction de la<\/p>\n<p>pauvret\u00e9 et l\u2019augmentation de la prosp\u00e9rit\u00e9 dans les pays aux revenus les plus faibles du monde.<\/p>\n<p>En savoir plus en ligne : IDA.worldbank.org. #IDAworks4Africa<\/p>\n","protected":false},"excerpt":{"rendered":"<p>Africa-Press &#8211; C\u00f4te d&rsquo;Ivoire. Les Dirigeants Africains s\u2019Unissent pour une Reconstitution Ambitieuse des Ressources de l\u2019Association Internationale de D\u00e9veloppement (IDA20) ABIDJAN, le 5juillet, 2021 \u2013 Son Excellence Monsieur Alassane Ouattara, Pr\u00e9sident de la R\u00e9publique de C\u00f4te d\u2019Ivoire, et le Groupe de la Banque mondiale accueilleront une r\u00e9union de haut niveau, le Jeudi 15 juillet 2021 [&hellip;]<\/p>\n","protected":false},"author":82,"featured_media":9737,"comment_status":"open","ping_status":"closed","sticky":false,"template":"","format":"standard","meta":{"footnotes":""},"categories":[11,2,10],"tags":[56,63,29],"class_list":["post-9738","post","type-post","status-publish","format-standard","has-post-thumbnail","hentry","category-homepage-french","category-politique","category-toutes-les-actualites","tag-africa-press","tag-africa-press-cote-divoire","tag-cote-divoire"],"yoast_head":"<!-- This site is optimized with the Yoast SEO Premium plugin v26.1 (Yoast SEO v27.0) - https:\/\/yoast.com\/product\/yoast-seo-premium-wordpress\/ -->\n<title>IDA20 \u2013 21 chefs d\u2019\u00c9tats en C\u00f4te-d\u2019Ivoire pour une Reconstitution ambitieuse des ressources de l\u2019Association Internationale de D\u00e9veloppement - C\u00f4te d&#039;Ivoire<\/title>\n<meta name=\"description\" content=\"Les Dirigeants Africains s\u2019Unissent pour une Reconstitution Ambitieuse des Ressources de l\u2019Association Internationale d ...\" \/>\n<meta name=\"robots\" content=\"index, follow, max-snippet:-1, max-image-preview:large, max-video-preview:-1\" \/>\n<link rel=\"canonical\" href=\"https:\/\/www.africa-press.net\/cotedivoire\/politique\/ida20-21-chefs-detats-en-cote-divoire-pour-une-reconstitution-ambitieuse-des-ressources-de-lassociation-internationale-de-developpement\" \/>\n<meta property=\"og:locale\" content=\"fr_FR\" \/>\n<meta property=\"og:type\" content=\"article\" \/>\n<meta property=\"og:title\" content=\"IDA20 \u2013 21 chefs d\u2019\u00c9tats en C\u00f4te-d\u2019Ivoire pour une Reconstitution ambitieuse des ressources de l\u2019Association Internationale de D\u00e9veloppement\" \/>\n<meta property=\"og:description\" content=\"Les Dirigeants Africains s\u2019Unissent pour une Reconstitution Ambitieuse des Ressources de l\u2019Association Internationale d ...\" \/>\n<meta property=\"og:url\" content=\"https:\/\/www.africa-press.net\/cotedivoire\/politique\/ida20-21-chefs-detats-en-cote-divoire-pour-une-reconstitution-ambitieuse-des-ressources-de-lassociation-internationale-de-developpement\" \/>\n<meta property=\"og:site_name\" content=\"C\u00f4te d&#039;Ivoire\" \/>\n<meta property=\"article:published_time\" content=\"2021-07-06T14:12:22+00:00\" \/>\n<meta property=\"article:modified_time\" content=\"2021-07-06T19:51:29+00:00\" \/>\n<meta property=\"og:image\" content=\"https:\/\/static.africa-press.net\/cote\/sites\/43\/2021\/07\/img-60e45dea60c99.jpg\" \/>\n\t<meta property=\"og:image:width\" content=\"1217\" \/>\n\t<meta property=\"og:image:height\" content=\"823\" \/>\n\t<meta property=\"og:image:type\" content=\"image\/jpeg\" \/>\n<meta name=\"author\" content=\"cfeditorfr\" \/>\n<meta name=\"twitter:card\" content=\"summary_large_image\" \/>\n<meta name=\"twitter:label1\" content=\"\u00c9crit par\" \/>\n\t<meta name=\"twitter:data1\" content=\"cfeditorfr\" \/>\n\t<meta name=\"twitter:label2\" content=\"Dur\u00e9e de lecture estim\u00e9e\" \/>\n\t<meta name=\"twitter:data2\" content=\"2 minutes\" \/>\n<script type=\"application\/ld+json\" class=\"yoast-schema-graph\">{\"@context\":\"https:\/\/schema.org\",\"@graph\":[{\"@type\":\"Article\",\"@id\":\"https:\/\/www.africa-press.net\/cotedivoire\/politique\/ida20-21-chefs-detats-en-cote-divoire-pour-une-reconstitution-ambitieuse-des-ressources-de-lassociation-internationale-de-developpement#article\",\"isPartOf\":{\"@id\":\"https:\/\/www.africa-press.net\/cotedivoire\/politique\/ida20-21-chefs-detats-en-cote-divoire-pour-une-reconstitution-ambitieuse-des-ressources-de-lassociation-internationale-de-developpement\"},\"author\":{\"name\":\"cfeditorfr\",\"@id\":\"https:\/\/www.africa-press.net\/cotedivoire\/#\/schema\/person\/2b1cf3cd81a31e3cd26889ca66d677f1\"},\"headline\":\"IDA20 \u2013 21 chefs d\u2019\u00c9tats en C\u00f4te-d\u2019Ivoire pour une Reconstitution ambitieuse des ressources de l\u2019Association Internationale de D\u00e9veloppement\",\"datePublished\":\"2021-07-06T14:12:22+00:00\",\"dateModified\":\"2021-07-06T19:51:29+00:00\",\"mainEntityOfPage\":{\"@id\":\"https:\/\/www.africa-press.net\/cotedivoire\/politique\/ida20-21-chefs-detats-en-cote-divoire-pour-une-reconstitution-ambitieuse-des-ressources-de-lassociation-internationale-de-developpement\"},\"wordCount\":513,\"commentCount\":0,\"image\":{\"@id\":\"https:\/\/www.africa-press.net\/cotedivoire\/politique\/ida20-21-chefs-detats-en-cote-divoire-pour-une-reconstitution-ambitieuse-des-ressources-de-lassociation-internationale-de-developpement#primaryimage\"},\"thumbnailUrl\":\"https:\/\/static.africa-press.net\/cote\/sites\/43\/2021\/07\/img-60e45dea60c99.jpg\",\"keywords\":[\"Africa Press\",\"Africa Press-C\u00f4te d'Ivoire\",\"C\u00d4TE D'IVOIRE\"],\"articleSection\":[\"homepage-french\",\"Politique\",\"Toutes les actualit\u00e9s\"],\"inLanguage\":\"fr-FR\",\"potentialAction\":[{\"@type\":\"CommentAction\",\"name\":\"Comment\",\"target\":[\"https:\/\/www.africa-press.net\/cotedivoire\/politique\/ida20-21-chefs-detats-en-cote-divoire-pour-une-reconstitution-ambitieuse-des-ressources-de-lassociation-internationale-de-developpement#respond\"]}]},{\"@type\":\"WebPage\",\"@id\":\"https:\/\/www.africa-press.net\/cotedivoire\/politique\/ida20-21-chefs-detats-en-cote-divoire-pour-une-reconstitution-ambitieuse-des-ressources-de-lassociation-internationale-de-developpement\",\"url\":\"https:\/\/www.africa-press.net\/cotedivoire\/politique\/ida20-21-chefs-detats-en-cote-divoire-pour-une-reconstitution-ambitieuse-des-ressources-de-lassociation-internationale-de-developpement\",\"name\":\"IDA20 \u2013 21 chefs d\u2019\u00c9tats en C\u00f4te-d\u2019Ivoire pour une Reconstitution ambitieuse des ressources de l\u2019Association Internationale de D\u00e9veloppement - C\u00f4te d&#039;Ivoire\",\"isPartOf\":{\"@id\":\"https:\/\/www.africa-press.net\/cotedivoire\/#website\"},\"primaryImageOfPage\":{\"@id\":\"https:\/\/www.africa-press.net\/cotedivoire\/politique\/ida20-21-chefs-detats-en-cote-divoire-pour-une-reconstitution-ambitieuse-des-ressources-de-lassociation-internationale-de-developpement#primaryimage\"},\"image\":{\"@id\":\"https:\/\/www.africa-press.net\/cotedivoire\/politique\/ida20-21-chefs-detats-en-cote-divoire-pour-une-reconstitution-ambitieuse-des-ressources-de-lassociation-internationale-de-developpement#primaryimage\"},\"thumbnailUrl\":\"https:\/\/static.africa-press.net\/cote\/sites\/43\/2021\/07\/img-60e45dea60c99.jpg\",\"datePublished\":\"2021-07-06T14:12:22+00:00\",\"dateModified\":\"2021-07-06T19:51:29+00:00\",\"author\":{\"@id\":\"https:\/\/www.africa-press.net\/cotedivoire\/#\/schema\/person\/2b1cf3cd81a31e3cd26889ca66d677f1\"},\"description\":\"Les Dirigeants Africains s\u2019Unissent pour une Reconstitution Ambitieuse des Ressources de l\u2019Association Internationale d ...\",\"breadcrumb\":{\"@id\":\"https:\/\/www.africa-press.net\/cotedivoire\/politique\/ida20-21-chefs-detats-en-cote-divoire-pour-une-reconstitution-ambitieuse-des-ressources-de-lassociation-internationale-de-developpement#breadcrumb\"},\"inLanguage\":\"fr-FR\",\"potentialAction\":[{\"@type\":\"ReadAction\",\"target\":[\"https:\/\/www.africa-press.net\/cotedivoire\/politique\/ida20-21-chefs-detats-en-cote-divoire-pour-une-reconstitution-ambitieuse-des-ressources-de-lassociation-internationale-de-developpement\"]}]},{\"@type\":\"ImageObject\",\"inLanguage\":\"fr-FR\",\"@id\":\"https:\/\/www.africa-press.net\/cotedivoire\/politique\/ida20-21-chefs-detats-en-cote-divoire-pour-une-reconstitution-ambitieuse-des-ressources-de-lassociation-internationale-de-developpement#primaryimage\",\"url\":\"https:\/\/static.africa-press.net\/cote\/sites\/43\/2021\/07\/img-60e45dea60c99.jpg\",\"contentUrl\":\"https:\/\/static.africa-press.net\/cote\/sites\/43\/2021\/07\/img-60e45dea60c99.jpg\",\"width\":1217,\"height\":823,\"caption\":\"IDA20 \u2013 21 chefs d\u2019\u00c9tats en C\u00f4te-d\u2019Ivoire pour une Reconstitution ambitieuse des ressources de l\u2019Association Internationale de D\u00e9veloppement\"},{\"@type\":\"BreadcrumbList\",\"@id\":\"https:\/\/www.africa-press.net\/cotedivoire\/politique\/ida20-21-chefs-detats-en-cote-divoire-pour-une-reconstitution-ambitieuse-des-ressources-de-lassociation-internationale-de-developpement#breadcrumb\",\"itemListElement\":[{\"@type\":\"ListItem\",\"position\":1,\"name\":\"Accueil\",\"item\":\"https:\/\/www.africa-press.net\/cotedivoire\/\"},{\"@type\":\"ListItem\",\"position\":2,\"name\":\"IDA20 \u2013 21 chefs d\u2019\u00c9tats en C\u00f4te-d\u2019Ivoire pour une Reconstitution ambitieuse des ressources de l\u2019Association Internationale de D\u00e9veloppement\"}]},{\"@type\":\"WebSite\",\"@id\":\"https:\/\/www.africa-press.net\/cotedivoire\/#website\",\"url\":\"https:\/\/www.africa-press.net\/cotedivoire\/\",\"name\":\"C\u00f4te d&#039;Ivoire\",\"description\":\"Just another Africa News Agency Sites site\",\"potentialAction\":[{\"@type\":\"SearchAction\",\"target\":{\"@type\":\"EntryPoint\",\"urlTemplate\":\"https:\/\/www.africa-press.net\/cotedivoire\/?s={search_term_string}\"},\"query-input\":{\"@type\":\"PropertyValueSpecification\",\"valueRequired\":true,\"valueName\":\"search_term_string\"}}],\"inLanguage\":\"fr-FR\"},{\"@type\":\"Person\",\"@id\":\"https:\/\/www.africa-press.net\/cotedivoire\/#\/schema\/person\/2b1cf3cd81a31e3cd26889ca66d677f1\",\"name\":\"cfeditorfr\"}]}<\/script>\n<!-- \/ Yoast SEO Premium plugin. -->","yoast_head_json":{"title":"IDA20 \u2013 21 chefs d\u2019\u00c9tats en C\u00f4te-d\u2019Ivoire pour une Reconstitution ambitieuse des ressources de l\u2019Association Internationale de D\u00e9veloppement - C\u00f4te d&#039;Ivoire","description":"Les Dirigeants Africains s\u2019Unissent pour une Reconstitution Ambitieuse des Ressources de l\u2019Association Internationale d ...","robots":{"index":"index","follow":"follow","max-snippet":"max-snippet:-1","max-image-preview":"max-image-preview:large","max-video-preview":"max-video-preview:-1"},"canonical":"https:\/\/www.africa-press.net\/cotedivoire\/politique\/ida20-21-chefs-detats-en-cote-divoire-pour-une-reconstitution-ambitieuse-des-ressources-de-lassociation-internationale-de-developpement","og_locale":"fr_FR","og_type":"article","og_title":"IDA20 \u2013 21 chefs d\u2019\u00c9tats en C\u00f4te-d\u2019Ivoire pour une Reconstitution ambitieuse des ressources de l\u2019Association Internationale de D\u00e9veloppement","og_description":"Les Dirigeants Africains s\u2019Unissent pour une Reconstitution Ambitieuse des Ressources de l\u2019Association Internationale d ...","og_url":"https:\/\/www.africa-press.net\/cotedivoire\/politique\/ida20-21-chefs-detats-en-cote-divoire-pour-une-reconstitution-ambitieuse-des-ressources-de-lassociation-internationale-de-developpement","og_site_name":"C\u00f4te d&#039;Ivoire","article_published_time":"2021-07-06T14:12:22+00:00","article_modified_time":"2021-07-06T19:51:29+00:00","og_image":[{"width":1217,"height":823,"url":"https:\/\/static.africa-press.net\/cote\/sites\/43\/2021\/07\/img-60e45dea60c99.jpg","type":"image\/jpeg"}],"author":"cfeditorfr","twitter_card":"summary_large_image","twitter_misc":{"\u00c9crit par":"cfeditorfr","Dur\u00e9e de lecture estim\u00e9e":"2 minutes"},"schema":{"@context":"https:\/\/schema.org","@graph":[{"@type":"Article","@id":"https:\/\/www.africa-press.net\/cotedivoire\/politique\/ida20-21-chefs-detats-en-cote-divoire-pour-une-reconstitution-ambitieuse-des-ressources-de-lassociation-internationale-de-developpement#article","isPartOf":{"@id":"https:\/\/www.africa-press.net\/cotedivoire\/politique\/ida20-21-chefs-detats-en-cote-divoire-pour-une-reconstitution-ambitieuse-des-ressources-de-lassociation-internationale-de-developpement"},"author":{"name":"cfeditorfr","@id":"https:\/\/www.africa-press.net\/cotedivoire\/#\/schema\/person\/2b1cf3cd81a31e3cd26889ca66d677f1"},"headline":"IDA20 \u2013 21 chefs d\u2019\u00c9tats en C\u00f4te-d\u2019Ivoire pour une Reconstitution ambitieuse des ressources de l\u2019Association Internationale de D\u00e9veloppement","datePublished":"2021-07-06T14:12:22+00:00","dateModified":"2021-07-06T19:51:29+00:00","mainEntityOfPage":{"@id":"https:\/\/www.africa-press.net\/cotedivoire\/politique\/ida20-21-chefs-detats-en-cote-divoire-pour-une-reconstitution-ambitieuse-des-ressources-de-lassociation-internationale-de-developpement"},"wordCount":513,"commentCount":0,"image":{"@id":"https:\/\/www.africa-press.net\/cotedivoire\/politique\/ida20-21-chefs-detats-en-cote-divoire-pour-une-reconstitution-ambitieuse-des-ressources-de-lassociation-internationale-de-developpement#primaryimage"},"thumbnailUrl":"https:\/\/static.africa-press.net\/cote\/sites\/43\/2021\/07\/img-60e45dea60c99.jpg","keywords":["Africa Press","Africa Press-C\u00f4te d'Ivoire","C\u00d4TE D'IVOIRE"],"articleSection":["homepage-french","Politique","Toutes les actualit\u00e9s"],"inLanguage":"fr-FR","potentialAction":[{"@type":"CommentAction","name":"Comment","target":["https:\/\/www.africa-press.net\/cotedivoire\/politique\/ida20-21-chefs-detats-en-cote-divoire-pour-une-reconstitution-ambitieuse-des-ressources-de-lassociation-internationale-de-developpement#respond"]}]},{"@type":"WebPage","@id":"https:\/\/www.africa-press.net\/cotedivoire\/politique\/ida20-21-chefs-detats-en-cote-divoire-pour-une-reconstitution-ambitieuse-des-ressources-de-lassociation-internationale-de-developpement","url":"https:\/\/www.africa-press.net\/cotedivoire\/politique\/ida20-21-chefs-detats-en-cote-divoire-pour-une-reconstitution-ambitieuse-des-ressources-de-lassociation-internationale-de-developpement","name":"IDA20 \u2013 21 chefs d\u2019\u00c9tats en C\u00f4te-d\u2019Ivoire pour une Reconstitution ambitieuse des ressources de l\u2019Association Internationale de D\u00e9veloppement - C\u00f4te d&#039;Ivoire","isPartOf":{"@id":"https:\/\/www.africa-press.net\/cotedivoire\/#website"},"primaryImageOfPage":{"@id":"https:\/\/www.africa-press.net\/cotedivoire\/politique\/ida20-21-chefs-detats-en-cote-divoire-pour-une-reconstitution-ambitieuse-des-ressources-de-lassociation-internationale-de-developpement#primaryimage"},"image":{"@id":"https:\/\/www.africa-press.net\/cotedivoire\/politique\/ida20-21-chefs-detats-en-cote-divoire-pour-une-reconstitution-ambitieuse-des-ressources-de-lassociation-internationale-de-developpement#primaryimage"},"thumbnailUrl":"https:\/\/static.africa-press.net\/cote\/sites\/43\/2021\/07\/img-60e45dea60c99.jpg","datePublished":"2021-07-06T14:12:22+00:00","dateModified":"2021-07-06T19:51:29+00:00","author":{"@id":"https:\/\/www.africa-press.net\/cotedivoire\/#\/schema\/person\/2b1cf3cd81a31e3cd26889ca66d677f1"},"description":"Les Dirigeants Africains s\u2019Unissent pour une Reconstitution Ambitieuse des Ressources de l\u2019Association Internationale d ...","breadcrumb":{"@id":"https:\/\/www.africa-press.net\/cotedivoire\/politique\/ida20-21-chefs-detats-en-cote-divoire-pour-une-reconstitution-ambitieuse-des-ressources-de-lassociation-internationale-de-developpement#breadcrumb"},"inLanguage":"fr-FR","potentialAction":[{"@type":"ReadAction","target":["https:\/\/www.africa-press.net\/cotedivoire\/politique\/ida20-21-chefs-detats-en-cote-divoire-pour-une-reconstitution-ambitieuse-des-ressources-de-lassociation-internationale-de-developpement"]}]},{"@type":"ImageObject","inLanguage":"fr-FR","@id":"https:\/\/www.africa-press.net\/cotedivoire\/politique\/ida20-21-chefs-detats-en-cote-divoire-pour-une-reconstitution-ambitieuse-des-ressources-de-lassociation-internationale-de-developpement#primaryimage","url":"https:\/\/static.africa-press.net\/cote\/sites\/43\/2021\/07\/img-60e45dea60c99.jpg","contentUrl":"https:\/\/static.africa-press.net\/cote\/sites\/43\/2021\/07\/img-60e45dea60c99.jpg","width":1217,"height":823,"caption":"IDA20 \u2013 21 chefs d\u2019\u00c9tats en C\u00f4te-d\u2019Ivoire pour une Reconstitution ambitieuse des ressources de l\u2019Association Internationale de D\u00e9veloppement"},{"@type":"BreadcrumbList","@id":"https:\/\/www.africa-press.net\/cotedivoire\/politique\/ida20-21-chefs-detats-en-cote-divoire-pour-une-reconstitution-ambitieuse-des-ressources-de-lassociation-internationale-de-developpement#breadcrumb","itemListElement":[{"@type":"ListItem","position":1,"name":"Accueil","item":"https:\/\/www.africa-press.net\/cotedivoire\/"},{"@type":"ListItem","position":2,"name":"IDA20 \u2013 21 chefs d\u2019\u00c9tats en C\u00f4te-d\u2019Ivoire pour une Reconstitution ambitieuse des ressources de l\u2019Association Internationale de D\u00e9veloppement"}]},{"@type":"WebSite","@id":"https:\/\/www.africa-press.net\/cotedivoire\/#website","url":"https:\/\/www.africa-press.net\/cotedivoire\/","name":"C\u00f4te d&#039;Ivoire","description":"Just another Africa News Agency Sites site","potentialAction":[{"@type":"SearchAction","target":{"@type":"EntryPoint","urlTemplate":"https:\/\/www.africa-press.net\/cotedivoire\/?s={search_term_string}"},"query-input":{"@type":"PropertyValueSpecification","valueRequired":true,"valueName":"search_term_string"}}],"inLanguage":"fr-FR"},{"@type":"Person","@id":"https:\/\/www.africa-press.net\/cotedivoire\/#\/schema\/person\/2b1cf3cd81a31e3cd26889ca66d677f1","name":"cfeditorfr"}]}},"_links":{"self":[{"href":"https:\/\/www.africa-press.net\/cotedivoire\/wp-json\/wp\/v2\/posts\/9738","targetHints":{"allow":["GET"]}}],"collection":[{"href":"https:\/\/www.africa-press.net\/cotedivoire\/wp-json\/wp\/v2\/posts"}],"about":[{"href":"https:\/\/www.africa-press.net\/cotedivoire\/wp-json\/wp\/v2\/types\/post"}],"author":[{"embeddable":true,"href":"https:\/\/www.africa-press.net\/cotedivoire\/wp-json\/wp\/v2\/users\/82"}],"replies":[{"embeddable":true,"href":"https:\/\/www.africa-press.net\/cotedivoire\/wp-json\/wp\/v2\/comments?post=9738"}],"version-history":[{"count":0,"href":"https:\/\/www.africa-press.net\/cotedivoire\/wp-json\/wp\/v2\/posts\/9738\/revisions"}],"wp:featuredmedia":[{"embeddable":true,"href":"https:\/\/www.africa-press.net\/cotedivoire\/wp-json\/wp\/v2\/media\/9737"}],"wp:attachment":[{"href":"https:\/\/www.africa-press.net\/cotedivoire\/wp-json\/wp\/v2\/media?parent=9738"}],"wp:term":[{"taxonomy":"category","embeddable":true,"href":"https:\/\/www.africa-press.net\/cotedivoire\/wp-json\/wp\/v2\/categories?post=9738"},{"taxonomy":"post_tag","embeddable":true,"href":"https:\/\/www.africa-press.net\/cotedivoire\/wp-json\/wp\/v2\/tags?post=9738"}],"curies":[{"name":"wp","href":"https:\/\/api.w.org\/{rel}","templated":true}]}}