{"id":9747,"date":"2021-07-06T14:38:24","date_gmt":"2021-07-06T14:38:24","guid":{"rendered":"https:\/\/www.africa-press.net\/cotedivoire\/?p=9747"},"modified":"2021-07-06T19:52:02","modified_gmt":"2021-07-06T19:52:02","slug":"sortie-de-lautobiographique-le-coeur-et-lesprit-damadou-gon-coulibaly-patrick-achi-exhorte-a-realiser-son-reve","status":"publish","type":"post","link":"https:\/\/www.africa-press.net\/cotedivoire\/culture-et-art\/sortie-de-lautobiographique-le-coeur-et-lesprit-damadou-gon-coulibaly-patrick-achi-exhorte-a-realiser-son-reve","title":{"rendered":"Sortie de l\u2019autobiographique \u00ab\u00a0Le C\u0153ur et l\u2019Esprit\u00a0\u00bb d\u2019Amadou Gon Coulibaly: Patrick Achi exhorte \u00e0 r\u00e9aliser son r\u00eave"},"content":{"rendered":"<p><span style=\"color: #ff6600\"><strong><a href=\"https:\/\/www.africa-press.net\/\">Africa-Press<\/a> &#8211; <a href=\"https:\/\/www.africa-press.net\/cotedivoire\">C\u00f4te d&rsquo;Ivoire<\/a>.\u00a0 <\/strong><\/span>Le Premier Ministre ivoirien, Patrick Achi, a exhort\u00e9 les Ivoiriens le 5 juillet 2021 \u00e0 Abidjan, \u00e0 transformer en r\u00e9alit\u00e9 le r\u00eave laiss\u00e9 par feu le Premier Ministre Amadou Gon Coulibaly.<\/p>\n<p>C\u2019\u00e9tait lors de la pr\u00e9sentation du livre autobiographique \u00ab Le C\u0153ur et l\u2019Esprit \u00bb du d\u00e9funt, publi\u00e9 \u00e0 la veille du premier anniversaire de son d\u00e9c\u00e8s.<\/p>\n<p>\u00ab Amadou Gon Coulibaly nous a laiss\u00e9 un r\u00eave que nous avons le devoir de r\u00e9aliser. En Amadou Gon, j\u2019ai certes perdu un ami, mais son r\u00eave ne meurt pas. Il avait un r\u00eave et une passion pour la C\u00f4te d\u2019Ivoire \u00bb, a affirm\u00e9 Patrick Achi.<\/p>\n<p>Et d\u2019ajouter qu\u2019Amadou Gon Coulibaly \u00e9tait un grand homme d\u2019Etat qui aimait son pays et voulait en faire un grand pays d\u2019Afrique. Les Ivoiriens ont la responsabilit\u00e9 de faire en sorte que son projet de soci\u00e9t\u00e9 voit le jour.<\/p>\n<p>\u00ab Le C\u0153ur et l\u2019Esprit \u00bb est une publication de Frat Mat \u00c9ditions et des Editions Ensuite. Il a \u00e9t\u00e9 r\u00e9alis\u00e9 avec la collaboration de Zyad Limam (Directeur de R\u00e9daction du Mensuel \u00ab Afrique Magazine \u00bb, bas\u00e9 en France) et de Venance Konan (Directeur G\u00e9n\u00e9ral du Groupe de presse ivoirien \u00ab Fraternit\u00e9 Matin \u00bb).<\/p>\n<p>C\u2019est un livre de 155 pages qui comprend onze chapitres. Amadou Gon Coulibaly y raconte son enfance, son adolescence, son parcours universitaire en France et les d\u00e9buts de sa carri\u00e8re professionnelle. Il \u00e9voque aussi sa vision pour la C\u00f4te d\u2019Ivoire et pour l\u2019Afrique.<\/p>\n<p>La porte-parole de la famille Gon Coulibaly, Dj\u00e9n\u00e9bou Gon Coulibaly Okou, a invit\u00e9 tous ceux qui veulent savoir qui \u00e9tait Amadou Gon Coulibaly, \u00e0 lire le livre \u00ab pour d\u00e9couvrir Amadou Gon, l\u2019homme secret, l\u2019homme discret \u00bb, a-t-elle soutenu.<\/p>\n<p>Amadou Gon Coulibaly a \u00e9t\u00e9 Premier Ministre de C\u00f4te d\u2019Ivoire du 10 janvier 2017 au 8 juillet 2020, date de son d\u00e9c\u00e8s.<\/p>\n<p>&nbsp;<\/p>\n","protected":false},"excerpt":{"rendered":"<p>Africa-Press &#8211; C\u00f4te d&rsquo;Ivoire.\u00a0 Le Premier Ministre ivoirien, Patrick Achi, a exhort\u00e9 les Ivoiriens le 5 juillet 2021 \u00e0 Abidjan, \u00e0 transformer en r\u00e9alit\u00e9 le r\u00eave laiss\u00e9 par feu le Premier Ministre Amadou Gon Coulibaly. C\u2019\u00e9tait lors de la pr\u00e9sentation du livre autobiographique \u00ab Le C\u0153ur et l\u2019Esprit \u00bb du d\u00e9funt, publi\u00e9 \u00e0 la veille [&hellip;]<\/p>\n","protected":false},"author":82,"featured_media":9746,"comment_status":"open","ping_status":"closed","sticky":false,"template":"","format":"standard","meta":{"footnotes":""},"categories":[5,11,10],"tags":[56,63,29],"class_list":["post-9747","post","type-post","status-publish","format-standard","has-post-thumbnail","hentry","category-culture-et-art","category-homepage-french","category-toutes-les-actualites","tag-africa-press","tag-africa-press-cote-divoire","tag-cote-divoire"],"yoast_head":"<!-- This site is optimized with the Yoast SEO Premium plugin v26.1 (Yoast SEO v27.0) - https:\/\/yoast.com\/product\/yoast-seo-premium-wordpress\/ -->\n<title>Sortie de l\u2019autobiographique \u00ab\u00a0Le C\u0153ur et l\u2019Esprit\u00a0\u00bb d\u2019Amadou Gon Coulibaly: Patrick Achi exhorte \u00e0 r\u00e9aliser son r\u00eave - C\u00f4te d&#039;Ivoire<\/title>\n<meta name=\"description\" content=\"Abidjan, le 5 juillet 2021- Le Premier Ministre ivoirien, Patrick Achi, a exhort\u00e9 les Ivoiriens le 5 juillet 2021 \u00e0 Abid ...\" \/>\n<meta name=\"robots\" content=\"index, follow, max-snippet:-1, max-image-preview:large, max-video-preview:-1\" \/>\n<link rel=\"canonical\" href=\"https:\/\/www.africa-press.net\/cotedivoire\/culture-et-art\/sortie-de-lautobiographique-le-coeur-et-lesprit-damadou-gon-coulibaly-patrick-achi-exhorte-a-realiser-son-reve\" \/>\n<meta property=\"og:locale\" content=\"fr_FR\" \/>\n<meta property=\"og:type\" content=\"article\" \/>\n<meta property=\"og:title\" content=\"Sortie de l\u2019autobiographique \u00ab\u00a0Le C\u0153ur et l\u2019Esprit\u00a0\u00bb d\u2019Amadou Gon Coulibaly: Patrick Achi exhorte \u00e0 r\u00e9aliser son r\u00eave\" \/>\n<meta property=\"og:description\" content=\"Abidjan, le 5 juillet 2021- Le Premier Ministre ivoirien, Patrick Achi, a exhort\u00e9 les Ivoiriens le 5 juillet 2021 \u00e0 Abid ...\" \/>\n<meta property=\"og:url\" content=\"https:\/\/www.africa-press.net\/cotedivoire\/culture-et-art\/sortie-de-lautobiographique-le-coeur-et-lesprit-damadou-gon-coulibaly-patrick-achi-exhorte-a-realiser-son-reve\" \/>\n<meta property=\"og:site_name\" content=\"C\u00f4te d&#039;Ivoire\" \/>\n<meta property=\"article:published_time\" content=\"2021-07-06T14:38:24+00:00\" \/>\n<meta property=\"article:modified_time\" content=\"2021-07-06T19:52:02+00:00\" \/>\n<meta property=\"og:image\" content=\"https:\/\/static.africa-press.net\/cote\/sites\/43\/2021\/07\/img-60e45e64cb88d.jpg\" \/>\n\t<meta property=\"og:image:width\" content=\"844\" \/>\n\t<meta property=\"og:image:height\" content=\"768\" \/>\n\t<meta property=\"og:image:type\" content=\"image\/jpeg\" \/>\n<meta name=\"author\" content=\"cfeditorfr\" \/>\n<meta name=\"twitter:card\" content=\"summary_large_image\" \/>\n<meta name=\"twitter:label1\" content=\"\u00c9crit par\" \/>\n\t<meta name=\"twitter:data1\" content=\"cfeditorfr\" \/>\n\t<meta name=\"twitter:label2\" content=\"Dur\u00e9e de lecture estim\u00e9e\" \/>\n\t<meta name=\"twitter:data2\" content=\"2 minutes\" \/>\n<script type=\"application\/ld+json\" class=\"yoast-schema-graph\">{\"@context\":\"https:\/\/schema.org\",\"@graph\":[{\"@type\":\"Article\",\"@id\":\"https:\/\/www.africa-press.net\/cotedivoire\/culture-et-art\/sortie-de-lautobiographique-le-coeur-et-lesprit-damadou-gon-coulibaly-patrick-achi-exhorte-a-realiser-son-reve#article\",\"isPartOf\":{\"@id\":\"https:\/\/www.africa-press.net\/cotedivoire\/culture-et-art\/sortie-de-lautobiographique-le-coeur-et-lesprit-damadou-gon-coulibaly-patrick-achi-exhorte-a-realiser-son-reve\"},\"author\":{\"name\":\"cfeditorfr\",\"@id\":\"https:\/\/www.africa-press.net\/cotedivoire\/#\/schema\/person\/2b1cf3cd81a31e3cd26889ca66d677f1\"},\"headline\":\"Sortie de l\u2019autobiographique \u00ab\u00a0Le C\u0153ur et l\u2019Esprit\u00a0\u00bb d\u2019Amadou Gon Coulibaly: Patrick Achi exhorte \u00e0 r\u00e9aliser son r\u00eave\",\"datePublished\":\"2021-07-06T14:38:24+00:00\",\"dateModified\":\"2021-07-06T19:52:02+00:00\",\"mainEntityOfPage\":{\"@id\":\"https:\/\/www.africa-press.net\/cotedivoire\/culture-et-art\/sortie-de-lautobiographique-le-coeur-et-lesprit-damadou-gon-coulibaly-patrick-achi-exhorte-a-realiser-son-reve\"},\"wordCount\":348,\"commentCount\":0,\"image\":{\"@id\":\"https:\/\/www.africa-press.net\/cotedivoire\/culture-et-art\/sortie-de-lautobiographique-le-coeur-et-lesprit-damadou-gon-coulibaly-patrick-achi-exhorte-a-realiser-son-reve#primaryimage\"},\"thumbnailUrl\":\"https:\/\/static.africa-press.net\/cote\/sites\/43\/2021\/07\/img-60e45e64cb88d.jpg\",\"keywords\":[\"Africa Press\",\"Africa Press-C\u00f4te d'Ivoire\",\"C\u00d4TE D'IVOIRE\"],\"articleSection\":[\"Culture et Art\",\"homepage-french\",\"Toutes les actualit\u00e9s\"],\"inLanguage\":\"fr-FR\",\"potentialAction\":[{\"@type\":\"CommentAction\",\"name\":\"Comment\",\"target\":[\"https:\/\/www.africa-press.net\/cotedivoire\/culture-et-art\/sortie-de-lautobiographique-le-coeur-et-lesprit-damadou-gon-coulibaly-patrick-achi-exhorte-a-realiser-son-reve#respond\"]}]},{\"@type\":\"WebPage\",\"@id\":\"https:\/\/www.africa-press.net\/cotedivoire\/culture-et-art\/sortie-de-lautobiographique-le-coeur-et-lesprit-damadou-gon-coulibaly-patrick-achi-exhorte-a-realiser-son-reve\",\"url\":\"https:\/\/www.africa-press.net\/cotedivoire\/culture-et-art\/sortie-de-lautobiographique-le-coeur-et-lesprit-damadou-gon-coulibaly-patrick-achi-exhorte-a-realiser-son-reve\",\"name\":\"Sortie de l\u2019autobiographique \u00ab\u00a0Le C\u0153ur et l\u2019Esprit\u00a0\u00bb d\u2019Amadou Gon Coulibaly: Patrick Achi exhorte \u00e0 r\u00e9aliser son r\u00eave - C\u00f4te d&#039;Ivoire\",\"isPartOf\":{\"@id\":\"https:\/\/www.africa-press.net\/cotedivoire\/#website\"},\"primaryImageOfPage\":{\"@id\":\"https:\/\/www.africa-press.net\/cotedivoire\/culture-et-art\/sortie-de-lautobiographique-le-coeur-et-lesprit-damadou-gon-coulibaly-patrick-achi-exhorte-a-realiser-son-reve#primaryimage\"},\"image\":{\"@id\":\"https:\/\/www.africa-press.net\/cotedivoire\/culture-et-art\/sortie-de-lautobiographique-le-coeur-et-lesprit-damadou-gon-coulibaly-patrick-achi-exhorte-a-realiser-son-reve#primaryimage\"},\"thumbnailUrl\":\"https:\/\/static.africa-press.net\/cote\/sites\/43\/2021\/07\/img-60e45e64cb88d.jpg\",\"datePublished\":\"2021-07-06T14:38:24+00:00\",\"dateModified\":\"2021-07-06T19:52:02+00:00\",\"author\":{\"@id\":\"https:\/\/www.africa-press.net\/cotedivoire\/#\/schema\/person\/2b1cf3cd81a31e3cd26889ca66d677f1\"},\"description\":\"Abidjan, le 5 juillet 2021- Le Premier Ministre ivoirien, Patrick Achi, a exhort\u00e9 les Ivoiriens le 5 juillet 2021 \u00e0 Abid ...\",\"breadcrumb\":{\"@id\":\"https:\/\/www.africa-press.net\/cotedivoire\/culture-et-art\/sortie-de-lautobiographique-le-coeur-et-lesprit-damadou-gon-coulibaly-patrick-achi-exhorte-a-realiser-son-reve#breadcrumb\"},\"inLanguage\":\"fr-FR\",\"potentialAction\":[{\"@type\":\"ReadAction\",\"target\":[\"https:\/\/www.africa-press.net\/cotedivoire\/culture-et-art\/sortie-de-lautobiographique-le-coeur-et-lesprit-damadou-gon-coulibaly-patrick-achi-exhorte-a-realiser-son-reve\"]}]},{\"@type\":\"ImageObject\",\"inLanguage\":\"fr-FR\",\"@id\":\"https:\/\/www.africa-press.net\/cotedivoire\/culture-et-art\/sortie-de-lautobiographique-le-coeur-et-lesprit-damadou-gon-coulibaly-patrick-achi-exhorte-a-realiser-son-reve#primaryimage\",\"url\":\"https:\/\/static.africa-press.net\/cote\/sites\/43\/2021\/07\/img-60e45e64cb88d.jpg\",\"contentUrl\":\"https:\/\/static.africa-press.net\/cote\/sites\/43\/2021\/07\/img-60e45e64cb88d.jpg\",\"width\":844,\"height\":768,\"caption\":\"Sortie de l\u2019autobiographique \u00ab\u00a0Le C\u0153ur et l\u2019Esprit\u00a0\u00bb d\u2019Amadou Gon Coulibaly: Patrick Achi exhorte \u00e0 r\u00e9aliser son r\u00eave\"},{\"@type\":\"BreadcrumbList\",\"@id\":\"https:\/\/www.africa-press.net\/cotedivoire\/culture-et-art\/sortie-de-lautobiographique-le-coeur-et-lesprit-damadou-gon-coulibaly-patrick-achi-exhorte-a-realiser-son-reve#breadcrumb\",\"itemListElement\":[{\"@type\":\"ListItem\",\"position\":1,\"name\":\"Accueil\",\"item\":\"https:\/\/www.africa-press.net\/cotedivoire\/\"},{\"@type\":\"ListItem\",\"position\":2,\"name\":\"Sortie de l\u2019autobiographique \u00ab\u00a0Le C\u0153ur et l\u2019Esprit\u00a0\u00bb d\u2019Amadou Gon Coulibaly: Patrick Achi exhorte \u00e0 r\u00e9aliser son r\u00eave\"}]},{\"@type\":\"WebSite\",\"@id\":\"https:\/\/www.africa-press.net\/cotedivoire\/#website\",\"url\":\"https:\/\/www.africa-press.net\/cotedivoire\/\",\"name\":\"C\u00f4te d&#039;Ivoire\",\"description\":\"Just another Africa News Agency Sites site\",\"potentialAction\":[{\"@type\":\"SearchAction\",\"target\":{\"@type\":\"EntryPoint\",\"urlTemplate\":\"https:\/\/www.africa-press.net\/cotedivoire\/?s={search_term_string}\"},\"query-input\":{\"@type\":\"PropertyValueSpecification\",\"valueRequired\":true,\"valueName\":\"search_term_string\"}}],\"inLanguage\":\"fr-FR\"},{\"@type\":\"Person\",\"@id\":\"https:\/\/www.africa-press.net\/cotedivoire\/#\/schema\/person\/2b1cf3cd81a31e3cd26889ca66d677f1\",\"name\":\"cfeditorfr\"}]}<\/script>\n<!-- \/ Yoast SEO Premium plugin. -->","yoast_head_json":{"title":"Sortie de l\u2019autobiographique \u00ab\u00a0Le C\u0153ur et l\u2019Esprit\u00a0\u00bb d\u2019Amadou Gon Coulibaly: Patrick Achi exhorte \u00e0 r\u00e9aliser son r\u00eave - C\u00f4te d&#039;Ivoire","description":"Abidjan, le 5 juillet 2021- Le Premier Ministre ivoirien, Patrick Achi, a exhort\u00e9 les Ivoiriens le 5 juillet 2021 \u00e0 Abid ...","robots":{"index":"index","follow":"follow","max-snippet":"max-snippet:-1","max-image-preview":"max-image-preview:large","max-video-preview":"max-video-preview:-1"},"canonical":"https:\/\/www.africa-press.net\/cotedivoire\/culture-et-art\/sortie-de-lautobiographique-le-coeur-et-lesprit-damadou-gon-coulibaly-patrick-achi-exhorte-a-realiser-son-reve","og_locale":"fr_FR","og_type":"article","og_title":"Sortie de l\u2019autobiographique \u00ab\u00a0Le C\u0153ur et l\u2019Esprit\u00a0\u00bb d\u2019Amadou Gon Coulibaly: Patrick Achi exhorte \u00e0 r\u00e9aliser son r\u00eave","og_description":"Abidjan, le 5 juillet 2021- Le Premier Ministre ivoirien, Patrick Achi, a exhort\u00e9 les Ivoiriens le 5 juillet 2021 \u00e0 Abid ...","og_url":"https:\/\/www.africa-press.net\/cotedivoire\/culture-et-art\/sortie-de-lautobiographique-le-coeur-et-lesprit-damadou-gon-coulibaly-patrick-achi-exhorte-a-realiser-son-reve","og_site_name":"C\u00f4te d&#039;Ivoire","article_published_time":"2021-07-06T14:38:24+00:00","article_modified_time":"2021-07-06T19:52:02+00:00","og_image":[{"width":844,"height":768,"url":"https:\/\/static.africa-press.net\/cote\/sites\/43\/2021\/07\/img-60e45e64cb88d.jpg","type":"image\/jpeg"}],"author":"cfeditorfr","twitter_card":"summary_large_image","twitter_misc":{"\u00c9crit par":"cfeditorfr","Dur\u00e9e de lecture estim\u00e9e":"2 minutes"},"schema":{"@context":"https:\/\/schema.org","@graph":[{"@type":"Article","@id":"https:\/\/www.africa-press.net\/cotedivoire\/culture-et-art\/sortie-de-lautobiographique-le-coeur-et-lesprit-damadou-gon-coulibaly-patrick-achi-exhorte-a-realiser-son-reve#article","isPartOf":{"@id":"https:\/\/www.africa-press.net\/cotedivoire\/culture-et-art\/sortie-de-lautobiographique-le-coeur-et-lesprit-damadou-gon-coulibaly-patrick-achi-exhorte-a-realiser-son-reve"},"author":{"name":"cfeditorfr","@id":"https:\/\/www.africa-press.net\/cotedivoire\/#\/schema\/person\/2b1cf3cd81a31e3cd26889ca66d677f1"},"headline":"Sortie de l\u2019autobiographique \u00ab\u00a0Le C\u0153ur et l\u2019Esprit\u00a0\u00bb d\u2019Amadou Gon Coulibaly: Patrick Achi exhorte \u00e0 r\u00e9aliser son r\u00eave","datePublished":"2021-07-06T14:38:24+00:00","dateModified":"2021-07-06T19:52:02+00:00","mainEntityOfPage":{"@id":"https:\/\/www.africa-press.net\/cotedivoire\/culture-et-art\/sortie-de-lautobiographique-le-coeur-et-lesprit-damadou-gon-coulibaly-patrick-achi-exhorte-a-realiser-son-reve"},"wordCount":348,"commentCount":0,"image":{"@id":"https:\/\/www.africa-press.net\/cotedivoire\/culture-et-art\/sortie-de-lautobiographique-le-coeur-et-lesprit-damadou-gon-coulibaly-patrick-achi-exhorte-a-realiser-son-reve#primaryimage"},"thumbnailUrl":"https:\/\/static.africa-press.net\/cote\/sites\/43\/2021\/07\/img-60e45e64cb88d.jpg","keywords":["Africa Press","Africa Press-C\u00f4te d'Ivoire","C\u00d4TE D'IVOIRE"],"articleSection":["Culture et Art","homepage-french","Toutes les actualit\u00e9s"],"inLanguage":"fr-FR","potentialAction":[{"@type":"CommentAction","name":"Comment","target":["https:\/\/www.africa-press.net\/cotedivoire\/culture-et-art\/sortie-de-lautobiographique-le-coeur-et-lesprit-damadou-gon-coulibaly-patrick-achi-exhorte-a-realiser-son-reve#respond"]}]},{"@type":"WebPage","@id":"https:\/\/www.africa-press.net\/cotedivoire\/culture-et-art\/sortie-de-lautobiographique-le-coeur-et-lesprit-damadou-gon-coulibaly-patrick-achi-exhorte-a-realiser-son-reve","url":"https:\/\/www.africa-press.net\/cotedivoire\/culture-et-art\/sortie-de-lautobiographique-le-coeur-et-lesprit-damadou-gon-coulibaly-patrick-achi-exhorte-a-realiser-son-reve","name":"Sortie de l\u2019autobiographique \u00ab\u00a0Le C\u0153ur et l\u2019Esprit\u00a0\u00bb d\u2019Amadou Gon Coulibaly: Patrick Achi exhorte \u00e0 r\u00e9aliser son r\u00eave - C\u00f4te d&#039;Ivoire","isPartOf":{"@id":"https:\/\/www.africa-press.net\/cotedivoire\/#website"},"primaryImageOfPage":{"@id":"https:\/\/www.africa-press.net\/cotedivoire\/culture-et-art\/sortie-de-lautobiographique-le-coeur-et-lesprit-damadou-gon-coulibaly-patrick-achi-exhorte-a-realiser-son-reve#primaryimage"},"image":{"@id":"https:\/\/www.africa-press.net\/cotedivoire\/culture-et-art\/sortie-de-lautobiographique-le-coeur-et-lesprit-damadou-gon-coulibaly-patrick-achi-exhorte-a-realiser-son-reve#primaryimage"},"thumbnailUrl":"https:\/\/static.africa-press.net\/cote\/sites\/43\/2021\/07\/img-60e45e64cb88d.jpg","datePublished":"2021-07-06T14:38:24+00:00","dateModified":"2021-07-06T19:52:02+00:00","author":{"@id":"https:\/\/www.africa-press.net\/cotedivoire\/#\/schema\/person\/2b1cf3cd81a31e3cd26889ca66d677f1"},"description":"Abidjan, le 5 juillet 2021- Le Premier Ministre ivoirien, Patrick Achi, a exhort\u00e9 les Ivoiriens le 5 juillet 2021 \u00e0 Abid ...","breadcrumb":{"@id":"https:\/\/www.africa-press.net\/cotedivoire\/culture-et-art\/sortie-de-lautobiographique-le-coeur-et-lesprit-damadou-gon-coulibaly-patrick-achi-exhorte-a-realiser-son-reve#breadcrumb"},"inLanguage":"fr-FR","potentialAction":[{"@type":"ReadAction","target":["https:\/\/www.africa-press.net\/cotedivoire\/culture-et-art\/sortie-de-lautobiographique-le-coeur-et-lesprit-damadou-gon-coulibaly-patrick-achi-exhorte-a-realiser-son-reve"]}]},{"@type":"ImageObject","inLanguage":"fr-FR","@id":"https:\/\/www.africa-press.net\/cotedivoire\/culture-et-art\/sortie-de-lautobiographique-le-coeur-et-lesprit-damadou-gon-coulibaly-patrick-achi-exhorte-a-realiser-son-reve#primaryimage","url":"https:\/\/static.africa-press.net\/cote\/sites\/43\/2021\/07\/img-60e45e64cb88d.jpg","contentUrl":"https:\/\/static.africa-press.net\/cote\/sites\/43\/2021\/07\/img-60e45e64cb88d.jpg","width":844,"height":768,"caption":"Sortie de l\u2019autobiographique \u00ab\u00a0Le C\u0153ur et l\u2019Esprit\u00a0\u00bb d\u2019Amadou Gon Coulibaly: Patrick Achi exhorte \u00e0 r\u00e9aliser son r\u00eave"},{"@type":"BreadcrumbList","@id":"https:\/\/www.africa-press.net\/cotedivoire\/culture-et-art\/sortie-de-lautobiographique-le-coeur-et-lesprit-damadou-gon-coulibaly-patrick-achi-exhorte-a-realiser-son-reve#breadcrumb","itemListElement":[{"@type":"ListItem","position":1,"name":"Accueil","item":"https:\/\/www.africa-press.net\/cotedivoire\/"},{"@type":"ListItem","position":2,"name":"Sortie de l\u2019autobiographique \u00ab\u00a0Le C\u0153ur et l\u2019Esprit\u00a0\u00bb d\u2019Amadou Gon Coulibaly: Patrick Achi exhorte \u00e0 r\u00e9aliser son r\u00eave"}]},{"@type":"WebSite","@id":"https:\/\/www.africa-press.net\/cotedivoire\/#website","url":"https:\/\/www.africa-press.net\/cotedivoire\/","name":"C\u00f4te d&#039;Ivoire","description":"Just another Africa News Agency Sites site","potentialAction":[{"@type":"SearchAction","target":{"@type":"EntryPoint","urlTemplate":"https:\/\/www.africa-press.net\/cotedivoire\/?s={search_term_string}"},"query-input":{"@type":"PropertyValueSpecification","valueRequired":true,"valueName":"search_term_string"}}],"inLanguage":"fr-FR"},{"@type":"Person","@id":"https:\/\/www.africa-press.net\/cotedivoire\/#\/schema\/person\/2b1cf3cd81a31e3cd26889ca66d677f1","name":"cfeditorfr"}]}},"_links":{"self":[{"href":"https:\/\/www.africa-press.net\/cotedivoire\/wp-json\/wp\/v2\/posts\/9747","targetHints":{"allow":["GET"]}}],"collection":[{"href":"https:\/\/www.africa-press.net\/cotedivoire\/wp-json\/wp\/v2\/posts"}],"about":[{"href":"https:\/\/www.africa-press.net\/cotedivoire\/wp-json\/wp\/v2\/types\/post"}],"author":[{"embeddable":true,"href":"https:\/\/www.africa-press.net\/cotedivoire\/wp-json\/wp\/v2\/users\/82"}],"replies":[{"embeddable":true,"href":"https:\/\/www.africa-press.net\/cotedivoire\/wp-json\/wp\/v2\/comments?post=9747"}],"version-history":[{"count":0,"href":"https:\/\/www.africa-press.net\/cotedivoire\/wp-json\/wp\/v2\/posts\/9747\/revisions"}],"wp:featuredmedia":[{"embeddable":true,"href":"https:\/\/www.africa-press.net\/cotedivoire\/wp-json\/wp\/v2\/media\/9746"}],"wp:attachment":[{"href":"https:\/\/www.africa-press.net\/cotedivoire\/wp-json\/wp\/v2\/media?parent=9747"}],"wp:term":[{"taxonomy":"category","embeddable":true,"href":"https:\/\/www.africa-press.net\/cotedivoire\/wp-json\/wp\/v2\/categories?post=9747"},{"taxonomy":"post_tag","embeddable":true,"href":"https:\/\/www.africa-press.net\/cotedivoire\/wp-json\/wp\/v2\/tags?post=9747"}],"curies":[{"name":"wp","href":"https:\/\/api.w.org\/{rel}","templated":true}]}}