{"id":9750,"date":"2021-07-06T14:44:04","date_gmt":"2021-07-06T14:44:04","guid":{"rendered":"https:\/\/www.africa-press.net\/cotedivoire\/?p=9750"},"modified":"2021-07-06T19:52:16","modified_gmt":"2021-07-06T19:52:16","slug":"la-cote-divoire-est-elle-sur-le-point-de-perdre-sa-place-de-1er-producteur-mondial-de-cacao","status":"publish","type":"post","link":"https:\/\/www.africa-press.net\/cotedivoire\/dossiers\/la-cote-divoire-est-elle-sur-le-point-de-perdre-sa-place-de-1er-producteur-mondial-de-cacao","title":{"rendered":"La C\u00f4te-d\u2019Ivoire est-elle sur le point de perdre sa place de 1er producteur mondial de cacao ?"},"content":{"rendered":"<p><span style=\"color: #ff6600\"><strong><a href=\"https:\/\/www.africa-press.net\/\">Africa-Press<\/a> &#8211; <a href=\"https:\/\/www.africa-press.net\/cotedivoire\">C\u00f4te d&rsquo;Ivoire<\/a>. <\/strong><\/span>Mardi 15 juin, dans le village de Kodjina, \u00e0 Abengourou, Kouadio Adjoua Viviane, productrice de cacao, est \u00e0 la t\u00e2che dans son champ de 6 hectares, qui \u00e9quivaut \u00e0 presque 3 tonnes de f\u00e8ves \u00e0 la r\u00e9colte.<\/p>\n<p>Pratiquement seule \u00e0 cabosser ses f\u00e8ves, la paysanne est parfois aid\u00e9e par des man\u0153uvres qui s\u2019emploient aussi \u00e0 d\u00e9sherber son champ. \u00abSi l\u2019Etat ne fait pas face \u00e0 la situation des planteurs d\u2019ici 10 \u00e0 20 ans, la cacaoculture va dispara\u00eetre. Parce que les cacaoculteurs ont trop de probl\u00e8mes. Le cacao n\u2019est pas bien pay\u00e9. M\u00eame si l\u2019on nous dit parfois que le prix bord champ est \u00e0 1000 Fcfa, nous sommes contraints de livrer notre production \u00e0 800 Fcfa ou 750 Fcfa\u00bb, d\u00e9plore Kouadio Viviane.<\/p>\n<p>Aujourd\u2019hui, les coop\u00e9ratives ne peuvent pas bien payer les paysans parce qu\u2019elles n\u2019ont pas la possibilit\u00e9 de livrer les f\u00e8ves \u00e0 Abidjan. Les microfinances peuvent octroyer des financements mais elles<\/p>\n<p>exigent des taux d\u2019int\u00e9r\u00eat tr\u00e8s \u00e9lev\u00e9s pour les remboursements et des d\u00e9lais qui ne conviennent pas forc\u00e9ment \u00e0 l\u2019emprunteur, lequel ne ma\u00eetrise pas le revenu de sa r\u00e9colte. Une situation qui montre les difficult\u00e9s que subissent au quotidien certains acteurs de la fili\u00e8re cacao.<\/p>\n<p>Selon Maurice Sawadogo, pr\u00e9sident de la Soci\u00e9t\u00e9 coop\u00e9rative des agriculteurs Agnintie d\u2019Abengourou (Scoop 3A), Il y a des coop\u00e9ratives qui ont vendu leur production \u00e0 certaines personnes et qui ne sont pas encore rentr\u00e9es en possession de leur argent, \u00e0 Abengourou et m\u00eame \u00e0 Agnibilekrou. \u00abIl y a plus de 40 \u00e0 50 millions de Fcfa qui n\u2019ont pas \u00e9t\u00e9 r\u00e9gl\u00e9s, donc des pr\u00e9sidents de coop\u00e9ratives trainent \u00e0 Abidjan. Ils ne peuvent pas rentrer au village\u00bb, explique-t-il.<\/p>\n<p>En d\u00e9pit de la bonne sant\u00e9 de la fili\u00e8re face au changement climatique, M. Sawadogo Maurice, \u00e9galement vice-pr\u00e9sident de la F\u00e9d\u00e9ration des organisations de producteurs de caf\u00e9 cacao (Fopcc), estime \u00e9galement qu\u2019au niveau des prix il y a un probl\u00e8me. \u00abLe prix qui \u00e9tait \u00e0 1000 Fcfa\/kg pendant la grande campagne n\u2019a pas \u00e9t\u00e9 consid\u00e9r\u00e9 pendant la petite traite. Ils ont pu d\u00e9dommager les exportateurs et notamment les petits exportateurs. Il n\u2019y a pas de loi qui stipule qu\u2019on doit d\u00e9dommager les coop\u00e9ratives. Donc, ils sont des laiss\u00e9s pour contre, poursuit-il.<\/p>\n<p>Ancienne premi\u00e8re boucle du cacao, avec des producteurs renomm\u00e9s, Abengourou essaie de s\u2019adapter aujourd\u2019hui \u00e0 cette situation cacaoy\u00e8re qui est aussi frapp\u00e9e de plein fouet par la Covid 19. \u00abIl y a eu beaucoup d\u2019invendus avec la crise sanitaire, des paysans \u00e9taient oblig\u00e9s de vendre leurs f\u00e8ves \u00e0 750 Fcfa\/kg. Ceux qui ont voulu vendre \u00e0 1000 n\u2019ont pas encore eu leur argent\u00bb, rench\u00e9rit Serikpa Eric, cacaoculteur.<\/p>\n<p>Face aux difficult\u00e9s de la fili\u00e8re, de plus en de plus de cacaoculteurs se tournent vers la diversification. C\u2019est le cas du conseiller agricole Maurice Sawadogo, qui s\u2019est lanc\u00e9 dans la pisciculture et l\u2019h\u00e9v\u00e9aculture. \u00abL\u2019h\u00e9v\u00e9a par exemple est \u00e0 319Fcfa\/kg ; \u00e7a permet d\u2019avoir quelque chose pour scolariser les enfants. Le Covid nous a impact\u00e9, c\u2019est vrai qu\u2019il y a eu des appuis mais pas dans le cacao. Nous sommes oblig\u00e9s de nous tourner vers le Conseil caf\u00e9 -cacao, esp\u00e9rant avoir quelque chose pour d\u00e9dommager les coop\u00e9ratives et les acheteurs de produits\u00bb, a-t-il affirm\u00e9.<\/p>\n<p>De nos jours, dans cette zone, plusieurs man\u0153uvres qui aidaient les paysans \u00e0 d\u00e9velopper leur activit\u00e9 agricole ont migr\u00e9 vers les zones aurif\u00e8res pour devenir orpailleurs. Une raison qui explique aussi la baisse de la production. Plus inqui\u00e9tant encore, les jeunes de 18 ans, qui ont maintenant l\u2019\u00e2ge d\u2019aider leurs parents paysans dans les champs, lors des grandes vacances, sont en train de d\u00e9missionner, d\u00e9plore Tigori Minata, dont le grand p\u00e8re fut l\u2019un des grands producteurs de cacao de l\u2019Indeni\u00e9. \u00abIl faut que l\u2019Etat revise les dispositions afin que le fils du paysan puisse, s\u2019il le veut, assurer la rel\u00e8ve de ses parents et apprenne \u00e0 un certain \u00e2ge la cacaoculture. Actuellement, \u00e0 l\u2019\u00e2ge de 17 ans, ils sont en vacances, mais refusent de nous aider. Ils ne veulent plus rien faire, sous le pr\u00e9texte de l\u2019interdiction de la traite des enfants dans les champs\u00bb, fait-elle remarquer.<\/p>\n<p>Approuvant la scolarisation des enfants, Tigori Minata souligne cependant que pendant les vacances ils peuvent venir juste voir la pratique agricole et l\u2019apprendre plus tard. Car \u00abla mort ne pr\u00e9vient pas. Si demain je ne suis pas l\u00e0 et que ces enfants ne connaissent pas les p\u00e9rim\u00e8tres de ma plantation, le man\u0153uvre risque de se l\u2019approprier\u00bb, s\u2019attriste-t-elle.<\/p>\n<p>La particularit\u00e9 d\u2019Abengourou, contrairement \u00e0 d\u2019autres r\u00e9gions, est que les femmes ont droit \u00e0 la terre. Un droit consacr\u00e9 par la coutume. Une d\u00e9cision royale l\u2019approuve. Ce qui explique la pr\u00e9sence massive des femmes dans la cacaoculture ou l\u2019h\u00e9v\u00e9aculture etc. Mais, ce qu\u2019elles souhaitent pour leur production, c\u2019est la r\u00e9duction des taxes qui avoisinent, selon elles, le seuil de 30%. \u00abOn aurait souhait\u00e9 que ces taxes soient aussi revers\u00e9es dans l\u2019appui comme la fourniture de pesticides qui demeurent insuffisante au regard du p\u00e9rim\u00e8tre de notre champ\u00bb, note Kouadio Viviane. \u00ab Nos enfants n\u2019ont pas d\u2019emplois, nous-m\u00eames ne gagnons rien. En ce moment on travaille pour l\u2019Etat ou pour nous m\u00eame ? \u00bb, s\u2019interroge-t-elle.<\/p>\n<p>Dans la plupart des villages d\u2019Abengourou comme Ebilassokro, Sankadiokro, Niabl\u00e9 etc, l\u2019interdiction de la traite des enfants dans les champs cacaoy\u00e8res est respect\u00e9e. Le trafic qui s\u2019op\u00e9rait \u00e0 la fronti\u00e8re ghan\u00e9enne via Niabl\u00e9 s\u2019est estomp\u00e9. \u00abConcernant le Conseil national de surveillance, une v\u00e9ritable lutte contre la traite des enfants est en train d\u2019\u00eatre men\u00e9e. Il y a eu des arrestations r\u00e9cemment. Ici les trafiquants sont en d\u00e9route. Les pr\u00e9fets jouent bien leur r\u00f4le. Certes certains rentrent, mais pour que cela marche correctement, il faut chasser la pauvret\u00e9 dans le milieu du cacao\u00bb, affirme un conseiller agricole. Qui explique que tant que les man\u0153uvres ne sont pas bien r\u00e9mun\u00e9r\u00e9s, ils ne pourront pas s\u2019occuper de leurs enfants et ceux-ci seront toujours dans les plantations. \u00abLorsqu\u2019on fixe le prix de cacao \u00e0 1000 Fcfa\/kg, il faut prendre des lois pour que ces prix puissent tenir un \u00e0 deux ans. Mais chaque fois qu\u2019on a un prix qui d\u00e9passe 800 Fcfa \u00e0 1000 Fcfa\/kg, nous sommes confront\u00e9s aux d\u00e9sordres, donc on ne profite pas des prix que le gouvernement fixe. Il faut qu\u2019il songe \u00e0 mettre un contr\u00f4le comme dans le cas du travail des enfants dans les champs. Afin que les interm\u00e9diaires ne tuent pas les petits producteurs\u00bb.<\/p>\n<p>Contrairement \u00e0 la Cocoa Board au Ghana qui ach\u00e8te directement les f\u00e8ves avec les planteurs, pour le revendre aux exportateurs, la C\u00f4te d\u2019Ivoire a fait le choix de la lib\u00e9ralisation. Et les cacaoculteurs ne peuvent pas vendre directement leur production au Conseil caf\u00e9-cacao. D\u2019o\u00f9 la pr\u00e9sence des interm\u00e9diaires. A trois mois de la nouvelle campagne 2021-2022, les planteurs lancent un cri de coeur : \u00abtant qu\u2019on ne laissera pas les exportateurs au port et qu\u2019ils viendront faire la concurrence aux acheteurs au bord champ, \u00e7a ne peut pas marcher. Ils ont les moyens et ils nous \u00e9crasent. Nous n\u2019avons pas de moyens ni d\u2019appui, on ne peut pas tenir devant ces multinationales \u00bb.<\/p>\n<p>Mais, dans un souci d\u2019harmonisation entre les activit\u00e9s du Conseil caf\u00e9 cacao et celle de Cooaboard, le Chef de l\u2019Etat ivoirien, Alassane Ouattara, et son homologue ghan\u00e9en, Nana Akuffo Addo, ont d\u00e9cid\u00e9 de se mettre ensemble pour d\u00e9fendre non seulement les int\u00e9r\u00eats des producteurs mais aussi permettre une \u00e9conomie cacaoy\u00e8re \u00abprosp\u00e8re et durable\u00bb.<\/p>\n<p>A travers l\u2019initiative Cacao C\u00f4te d\u2019Ivoire Ghana mise en place, les deux pays entendent faire passer un message : les producteurs de cacao ne doivent pas vivent dans la pr\u00e9carit\u00e9. Le Secr\u00e9taire ex\u00e9cutif de l\u2019Initiative, Alex Assanvo, qui a pris ses quartiers \u00e0 Accra, si\u00e8ge de l\u2019initiative, l\u2019a r\u00e9affirm\u00e9 lors de la premi\u00e8re r\u00e9union du comit\u00e9 de pilotage, le 22 juin \u00e0 Abidjan. Pour lui, le seul moyen d\u2019arriver \u00e0 maintenir l\u2019attractivit\u00e9 du secteur du cacao, c\u2019est l\u2019application stricte et non n\u00e9gociable du Diff\u00e9rentiel de revenu d\u00e9cent (Drd), qui est d\u00e9j\u00e0 respect\u00e9 par certains groupes. \u00abAvec ceux-l\u00e0 nous allons travailler et esp\u00e9rons continuer \u00e0 \u00e9lever le niveau de revenu du paysan \u00bb, affirme Alex Assanvo.<\/p>\n<p>M\u00eame son de cloche chez le directeur g\u00e9n\u00e9ral du Conseil caf\u00e9 cacao, Yves Brahima Kon\u00e9. Qui clame que les planteurs m\u00e9ritent aussi de vivre. \u00abCertains trainent les pieds pour appliquer le Drd en faveur des planteurs. Lorsqu\u2019on parle de durabilit\u00e9, la base c\u2019est payer le planteur. Si on ne paye pas d\u00e9cemment le planteur cela ne sert \u00e0 rien de parler de durabilit\u00e9 du cacao. Face \u00e0 ce sujet br\u00fblant, nous allons renforcer la gouvernance commune qui est l\u2019initiative cacao C\u00f4te d\u2019Ivoire Ghana. Un outil qui intervient sur tous les aspects des probl\u00e8mes qui concernent le planteur au quotidien\u00bb, dit-il. Au dire du directeur g\u00e9n\u00e9ral du CCC, Sur 120 milliards de dollars que g\u00e9n\u00e8re le cacao au plan mondial, les planteurs ont \u00e0 peine 5 milliards de dollars.<\/p>\n<p>&nbsp;<\/p>\n","protected":false},"excerpt":{"rendered":"<p>Africa-Press &#8211; C\u00f4te d&rsquo;Ivoire. Mardi 15 juin, dans le village de Kodjina, \u00e0 Abengourou, Kouadio Adjoua Viviane, productrice de cacao, est \u00e0 la t\u00e2che dans son champ de 6 hectares, qui \u00e9quivaut \u00e0 presque 3 tonnes de f\u00e8ves \u00e0 la r\u00e9colte. Pratiquement seule \u00e0 cabosser ses f\u00e8ves, la paysanne est parfois aid\u00e9e par des man\u0153uvres [&hellip;]<\/p>\n","protected":false},"author":82,"featured_media":9749,"comment_status":"open","ping_status":"closed","sticky":false,"template":"","format":"standard","meta":{"footnotes":""},"categories":[7,11,20,10],"tags":[56,63,29],"class_list":["post-9750","post","type-post","status-publish","format-standard","has-post-thumbnail","hentry","category-dossiers","category-homepage-french","category-top-nouvelles","category-toutes-les-actualites","tag-africa-press","tag-africa-press-cote-divoire","tag-cote-divoire"],"yoast_head":"<!-- This site is optimized with the Yoast SEO Premium plugin v26.1 (Yoast SEO v27.0) - https:\/\/yoast.com\/product\/yoast-seo-premium-wordpress\/ -->\n<title>La C\u00f4te-d\u2019Ivoire est-elle sur le point de perdre sa place de 1er producteur mondial de cacao ? - C\u00f4te d&#039;Ivoire<\/title>\n<meta name=\"description\" content=\"Mardi 15 juin, dans le village de Kodjina, \u00e0 Abengourou, Kouadio Adjoua Viviane, productrice de cacao, est \u00e0 la t\u00e2che da ...\" \/>\n<meta name=\"robots\" content=\"index, follow, max-snippet:-1, max-image-preview:large, max-video-preview:-1\" \/>\n<link rel=\"canonical\" href=\"https:\/\/www.africa-press.net\/cotedivoire\/dossiers\/la-cote-divoire-est-elle-sur-le-point-de-perdre-sa-place-de-1er-producteur-mondial-de-cacao\" \/>\n<meta property=\"og:locale\" content=\"fr_FR\" \/>\n<meta property=\"og:type\" content=\"article\" \/>\n<meta property=\"og:title\" content=\"La C\u00f4te-d\u2019Ivoire est-elle sur le point de perdre sa place de 1er producteur mondial de cacao ?\" \/>\n<meta property=\"og:description\" content=\"Mardi 15 juin, dans le village de Kodjina, \u00e0 Abengourou, Kouadio Adjoua Viviane, productrice de cacao, est \u00e0 la t\u00e2che da ...\" \/>\n<meta property=\"og:url\" content=\"https:\/\/www.africa-press.net\/cotedivoire\/dossiers\/la-cote-divoire-est-elle-sur-le-point-de-perdre-sa-place-de-1er-producteur-mondial-de-cacao\" \/>\n<meta property=\"og:site_name\" content=\"C\u00f4te d&#039;Ivoire\" \/>\n<meta property=\"article:published_time\" content=\"2021-07-06T14:44:04+00:00\" \/>\n<meta property=\"article:modified_time\" content=\"2021-07-06T19:52:16+00:00\" \/>\n<meta property=\"og:image\" content=\"https:\/\/static.africa-press.net\/cote\/sites\/43\/2021\/07\/img-60e45e8d8ce65.jpg\" \/>\n\t<meta property=\"og:image:width\" content=\"721\" \/>\n\t<meta property=\"og:image:height\" content=\"400\" \/>\n\t<meta property=\"og:image:type\" content=\"image\/jpeg\" \/>\n<meta name=\"author\" content=\"cfeditorfr\" \/>\n<meta name=\"twitter:card\" content=\"summary_large_image\" \/>\n<meta name=\"twitter:label1\" content=\"\u00c9crit par\" \/>\n\t<meta name=\"twitter:data1\" content=\"cfeditorfr\" \/>\n\t<meta name=\"twitter:label2\" content=\"Dur\u00e9e de lecture estim\u00e9e\" \/>\n\t<meta name=\"twitter:data2\" content=\"8 minutes\" \/>\n<script type=\"application\/ld+json\" class=\"yoast-schema-graph\">{\"@context\":\"https:\/\/schema.org\",\"@graph\":[{\"@type\":\"Article\",\"@id\":\"https:\/\/www.africa-press.net\/cotedivoire\/dossiers\/la-cote-divoire-est-elle-sur-le-point-de-perdre-sa-place-de-1er-producteur-mondial-de-cacao#article\",\"isPartOf\":{\"@id\":\"https:\/\/www.africa-press.net\/cotedivoire\/dossiers\/la-cote-divoire-est-elle-sur-le-point-de-perdre-sa-place-de-1er-producteur-mondial-de-cacao\"},\"author\":{\"name\":\"cfeditorfr\",\"@id\":\"https:\/\/www.africa-press.net\/cotedivoire\/#\/schema\/person\/2b1cf3cd81a31e3cd26889ca66d677f1\"},\"headline\":\"La C\u00f4te-d\u2019Ivoire est-elle sur le point de perdre sa place de 1er producteur mondial de cacao ?\",\"datePublished\":\"2021-07-06T14:44:04+00:00\",\"dateModified\":\"2021-07-06T19:52:16+00:00\",\"mainEntityOfPage\":{\"@id\":\"https:\/\/www.africa-press.net\/cotedivoire\/dossiers\/la-cote-divoire-est-elle-sur-le-point-de-perdre-sa-place-de-1er-producteur-mondial-de-cacao\"},\"wordCount\":1641,\"commentCount\":0,\"image\":{\"@id\":\"https:\/\/www.africa-press.net\/cotedivoire\/dossiers\/la-cote-divoire-est-elle-sur-le-point-de-perdre-sa-place-de-1er-producteur-mondial-de-cacao#primaryimage\"},\"thumbnailUrl\":\"https:\/\/static.africa-press.net\/cote\/sites\/43\/2021\/07\/img-60e45e8d8ce65.jpg\",\"keywords\":[\"Africa Press\",\"Africa Press-C\u00f4te d'Ivoire\",\"C\u00d4TE D'IVOIRE\"],\"articleSection\":[\"Dossiers\",\"homepage-french\",\"Top Nouvelles\",\"Toutes les actualit\u00e9s\"],\"inLanguage\":\"fr-FR\",\"potentialAction\":[{\"@type\":\"CommentAction\",\"name\":\"Comment\",\"target\":[\"https:\/\/www.africa-press.net\/cotedivoire\/dossiers\/la-cote-divoire-est-elle-sur-le-point-de-perdre-sa-place-de-1er-producteur-mondial-de-cacao#respond\"]}]},{\"@type\":\"WebPage\",\"@id\":\"https:\/\/www.africa-press.net\/cotedivoire\/dossiers\/la-cote-divoire-est-elle-sur-le-point-de-perdre-sa-place-de-1er-producteur-mondial-de-cacao\",\"url\":\"https:\/\/www.africa-press.net\/cotedivoire\/dossiers\/la-cote-divoire-est-elle-sur-le-point-de-perdre-sa-place-de-1er-producteur-mondial-de-cacao\",\"name\":\"La C\u00f4te-d\u2019Ivoire est-elle sur le point de perdre sa place de 1er producteur mondial de cacao ? - C\u00f4te d&#039;Ivoire\",\"isPartOf\":{\"@id\":\"https:\/\/www.africa-press.net\/cotedivoire\/#website\"},\"primaryImageOfPage\":{\"@id\":\"https:\/\/www.africa-press.net\/cotedivoire\/dossiers\/la-cote-divoire-est-elle-sur-le-point-de-perdre-sa-place-de-1er-producteur-mondial-de-cacao#primaryimage\"},\"image\":{\"@id\":\"https:\/\/www.africa-press.net\/cotedivoire\/dossiers\/la-cote-divoire-est-elle-sur-le-point-de-perdre-sa-place-de-1er-producteur-mondial-de-cacao#primaryimage\"},\"thumbnailUrl\":\"https:\/\/static.africa-press.net\/cote\/sites\/43\/2021\/07\/img-60e45e8d8ce65.jpg\",\"datePublished\":\"2021-07-06T14:44:04+00:00\",\"dateModified\":\"2021-07-06T19:52:16+00:00\",\"author\":{\"@id\":\"https:\/\/www.africa-press.net\/cotedivoire\/#\/schema\/person\/2b1cf3cd81a31e3cd26889ca66d677f1\"},\"description\":\"Mardi 15 juin, dans le village de Kodjina, \u00e0 Abengourou, Kouadio Adjoua Viviane, productrice de cacao, est \u00e0 la t\u00e2che da ...\",\"breadcrumb\":{\"@id\":\"https:\/\/www.africa-press.net\/cotedivoire\/dossiers\/la-cote-divoire-est-elle-sur-le-point-de-perdre-sa-place-de-1er-producteur-mondial-de-cacao#breadcrumb\"},\"inLanguage\":\"fr-FR\",\"potentialAction\":[{\"@type\":\"ReadAction\",\"target\":[\"https:\/\/www.africa-press.net\/cotedivoire\/dossiers\/la-cote-divoire-est-elle-sur-le-point-de-perdre-sa-place-de-1er-producteur-mondial-de-cacao\"]}]},{\"@type\":\"ImageObject\",\"inLanguage\":\"fr-FR\",\"@id\":\"https:\/\/www.africa-press.net\/cotedivoire\/dossiers\/la-cote-divoire-est-elle-sur-le-point-de-perdre-sa-place-de-1er-producteur-mondial-de-cacao#primaryimage\",\"url\":\"https:\/\/static.africa-press.net\/cote\/sites\/43\/2021\/07\/img-60e45e8d8ce65.jpg\",\"contentUrl\":\"https:\/\/static.africa-press.net\/cote\/sites\/43\/2021\/07\/img-60e45e8d8ce65.jpg\",\"width\":721,\"height\":400,\"caption\":\"La C\u00f4te-d\u2019Ivoire est-elle sur le point de perdre sa place de 1er producteur mondial de cacao ?\"},{\"@type\":\"BreadcrumbList\",\"@id\":\"https:\/\/www.africa-press.net\/cotedivoire\/dossiers\/la-cote-divoire-est-elle-sur-le-point-de-perdre-sa-place-de-1er-producteur-mondial-de-cacao#breadcrumb\",\"itemListElement\":[{\"@type\":\"ListItem\",\"position\":1,\"name\":\"Accueil\",\"item\":\"https:\/\/www.africa-press.net\/cotedivoire\/\"},{\"@type\":\"ListItem\",\"position\":2,\"name\":\"La C\u00f4te-d\u2019Ivoire est-elle sur le point de perdre sa place de 1er producteur mondial de cacao ?\"}]},{\"@type\":\"WebSite\",\"@id\":\"https:\/\/www.africa-press.net\/cotedivoire\/#website\",\"url\":\"https:\/\/www.africa-press.net\/cotedivoire\/\",\"name\":\"C\u00f4te d&#039;Ivoire\",\"description\":\"Just another Africa News Agency Sites site\",\"potentialAction\":[{\"@type\":\"SearchAction\",\"target\":{\"@type\":\"EntryPoint\",\"urlTemplate\":\"https:\/\/www.africa-press.net\/cotedivoire\/?s={search_term_string}\"},\"query-input\":{\"@type\":\"PropertyValueSpecification\",\"valueRequired\":true,\"valueName\":\"search_term_string\"}}],\"inLanguage\":\"fr-FR\"},{\"@type\":\"Person\",\"@id\":\"https:\/\/www.africa-press.net\/cotedivoire\/#\/schema\/person\/2b1cf3cd81a31e3cd26889ca66d677f1\",\"name\":\"cfeditorfr\"}]}<\/script>\n<!-- \/ Yoast SEO Premium plugin. -->","yoast_head_json":{"title":"La C\u00f4te-d\u2019Ivoire est-elle sur le point de perdre sa place de 1er producteur mondial de cacao ? - C\u00f4te d&#039;Ivoire","description":"Mardi 15 juin, dans le village de Kodjina, \u00e0 Abengourou, Kouadio Adjoua Viviane, productrice de cacao, est \u00e0 la t\u00e2che da ...","robots":{"index":"index","follow":"follow","max-snippet":"max-snippet:-1","max-image-preview":"max-image-preview:large","max-video-preview":"max-video-preview:-1"},"canonical":"https:\/\/www.africa-press.net\/cotedivoire\/dossiers\/la-cote-divoire-est-elle-sur-le-point-de-perdre-sa-place-de-1er-producteur-mondial-de-cacao","og_locale":"fr_FR","og_type":"article","og_title":"La C\u00f4te-d\u2019Ivoire est-elle sur le point de perdre sa place de 1er producteur mondial de cacao ?","og_description":"Mardi 15 juin, dans le village de Kodjina, \u00e0 Abengourou, Kouadio Adjoua Viviane, productrice de cacao, est \u00e0 la t\u00e2che da ...","og_url":"https:\/\/www.africa-press.net\/cotedivoire\/dossiers\/la-cote-divoire-est-elle-sur-le-point-de-perdre-sa-place-de-1er-producteur-mondial-de-cacao","og_site_name":"C\u00f4te d&#039;Ivoire","article_published_time":"2021-07-06T14:44:04+00:00","article_modified_time":"2021-07-06T19:52:16+00:00","og_image":[{"width":721,"height":400,"url":"https:\/\/static.africa-press.net\/cote\/sites\/43\/2021\/07\/img-60e45e8d8ce65.jpg","type":"image\/jpeg"}],"author":"cfeditorfr","twitter_card":"summary_large_image","twitter_misc":{"\u00c9crit par":"cfeditorfr","Dur\u00e9e de lecture estim\u00e9e":"8 minutes"},"schema":{"@context":"https:\/\/schema.org","@graph":[{"@type":"Article","@id":"https:\/\/www.africa-press.net\/cotedivoire\/dossiers\/la-cote-divoire-est-elle-sur-le-point-de-perdre-sa-place-de-1er-producteur-mondial-de-cacao#article","isPartOf":{"@id":"https:\/\/www.africa-press.net\/cotedivoire\/dossiers\/la-cote-divoire-est-elle-sur-le-point-de-perdre-sa-place-de-1er-producteur-mondial-de-cacao"},"author":{"name":"cfeditorfr","@id":"https:\/\/www.africa-press.net\/cotedivoire\/#\/schema\/person\/2b1cf3cd81a31e3cd26889ca66d677f1"},"headline":"La C\u00f4te-d\u2019Ivoire est-elle sur le point de perdre sa place de 1er producteur mondial de cacao ?","datePublished":"2021-07-06T14:44:04+00:00","dateModified":"2021-07-06T19:52:16+00:00","mainEntityOfPage":{"@id":"https:\/\/www.africa-press.net\/cotedivoire\/dossiers\/la-cote-divoire-est-elle-sur-le-point-de-perdre-sa-place-de-1er-producteur-mondial-de-cacao"},"wordCount":1641,"commentCount":0,"image":{"@id":"https:\/\/www.africa-press.net\/cotedivoire\/dossiers\/la-cote-divoire-est-elle-sur-le-point-de-perdre-sa-place-de-1er-producteur-mondial-de-cacao#primaryimage"},"thumbnailUrl":"https:\/\/static.africa-press.net\/cote\/sites\/43\/2021\/07\/img-60e45e8d8ce65.jpg","keywords":["Africa Press","Africa Press-C\u00f4te d'Ivoire","C\u00d4TE D'IVOIRE"],"articleSection":["Dossiers","homepage-french","Top Nouvelles","Toutes les actualit\u00e9s"],"inLanguage":"fr-FR","potentialAction":[{"@type":"CommentAction","name":"Comment","target":["https:\/\/www.africa-press.net\/cotedivoire\/dossiers\/la-cote-divoire-est-elle-sur-le-point-de-perdre-sa-place-de-1er-producteur-mondial-de-cacao#respond"]}]},{"@type":"WebPage","@id":"https:\/\/www.africa-press.net\/cotedivoire\/dossiers\/la-cote-divoire-est-elle-sur-le-point-de-perdre-sa-place-de-1er-producteur-mondial-de-cacao","url":"https:\/\/www.africa-press.net\/cotedivoire\/dossiers\/la-cote-divoire-est-elle-sur-le-point-de-perdre-sa-place-de-1er-producteur-mondial-de-cacao","name":"La C\u00f4te-d\u2019Ivoire est-elle sur le point de perdre sa place de 1er producteur mondial de cacao ? - C\u00f4te d&#039;Ivoire","isPartOf":{"@id":"https:\/\/www.africa-press.net\/cotedivoire\/#website"},"primaryImageOfPage":{"@id":"https:\/\/www.africa-press.net\/cotedivoire\/dossiers\/la-cote-divoire-est-elle-sur-le-point-de-perdre-sa-place-de-1er-producteur-mondial-de-cacao#primaryimage"},"image":{"@id":"https:\/\/www.africa-press.net\/cotedivoire\/dossiers\/la-cote-divoire-est-elle-sur-le-point-de-perdre-sa-place-de-1er-producteur-mondial-de-cacao#primaryimage"},"thumbnailUrl":"https:\/\/static.africa-press.net\/cote\/sites\/43\/2021\/07\/img-60e45e8d8ce65.jpg","datePublished":"2021-07-06T14:44:04+00:00","dateModified":"2021-07-06T19:52:16+00:00","author":{"@id":"https:\/\/www.africa-press.net\/cotedivoire\/#\/schema\/person\/2b1cf3cd81a31e3cd26889ca66d677f1"},"description":"Mardi 15 juin, dans le village de Kodjina, \u00e0 Abengourou, Kouadio Adjoua Viviane, productrice de cacao, est \u00e0 la t\u00e2che da ...","breadcrumb":{"@id":"https:\/\/www.africa-press.net\/cotedivoire\/dossiers\/la-cote-divoire-est-elle-sur-le-point-de-perdre-sa-place-de-1er-producteur-mondial-de-cacao#breadcrumb"},"inLanguage":"fr-FR","potentialAction":[{"@type":"ReadAction","target":["https:\/\/www.africa-press.net\/cotedivoire\/dossiers\/la-cote-divoire-est-elle-sur-le-point-de-perdre-sa-place-de-1er-producteur-mondial-de-cacao"]}]},{"@type":"ImageObject","inLanguage":"fr-FR","@id":"https:\/\/www.africa-press.net\/cotedivoire\/dossiers\/la-cote-divoire-est-elle-sur-le-point-de-perdre-sa-place-de-1er-producteur-mondial-de-cacao#primaryimage","url":"https:\/\/static.africa-press.net\/cote\/sites\/43\/2021\/07\/img-60e45e8d8ce65.jpg","contentUrl":"https:\/\/static.africa-press.net\/cote\/sites\/43\/2021\/07\/img-60e45e8d8ce65.jpg","width":721,"height":400,"caption":"La C\u00f4te-d\u2019Ivoire est-elle sur le point de perdre sa place de 1er producteur mondial de cacao ?"},{"@type":"BreadcrumbList","@id":"https:\/\/www.africa-press.net\/cotedivoire\/dossiers\/la-cote-divoire-est-elle-sur-le-point-de-perdre-sa-place-de-1er-producteur-mondial-de-cacao#breadcrumb","itemListElement":[{"@type":"ListItem","position":1,"name":"Accueil","item":"https:\/\/www.africa-press.net\/cotedivoire\/"},{"@type":"ListItem","position":2,"name":"La C\u00f4te-d\u2019Ivoire est-elle sur le point de perdre sa place de 1er producteur mondial de cacao ?"}]},{"@type":"WebSite","@id":"https:\/\/www.africa-press.net\/cotedivoire\/#website","url":"https:\/\/www.africa-press.net\/cotedivoire\/","name":"C\u00f4te d&#039;Ivoire","description":"Just another Africa News Agency Sites site","potentialAction":[{"@type":"SearchAction","target":{"@type":"EntryPoint","urlTemplate":"https:\/\/www.africa-press.net\/cotedivoire\/?s={search_term_string}"},"query-input":{"@type":"PropertyValueSpecification","valueRequired":true,"valueName":"search_term_string"}}],"inLanguage":"fr-FR"},{"@type":"Person","@id":"https:\/\/www.africa-press.net\/cotedivoire\/#\/schema\/person\/2b1cf3cd81a31e3cd26889ca66d677f1","name":"cfeditorfr"}]}},"_links":{"self":[{"href":"https:\/\/www.africa-press.net\/cotedivoire\/wp-json\/wp\/v2\/posts\/9750","targetHints":{"allow":["GET"]}}],"collection":[{"href":"https:\/\/www.africa-press.net\/cotedivoire\/wp-json\/wp\/v2\/posts"}],"about":[{"href":"https:\/\/www.africa-press.net\/cotedivoire\/wp-json\/wp\/v2\/types\/post"}],"author":[{"embeddable":true,"href":"https:\/\/www.africa-press.net\/cotedivoire\/wp-json\/wp\/v2\/users\/82"}],"replies":[{"embeddable":true,"href":"https:\/\/www.africa-press.net\/cotedivoire\/wp-json\/wp\/v2\/comments?post=9750"}],"version-history":[{"count":0,"href":"https:\/\/www.africa-press.net\/cotedivoire\/wp-json\/wp\/v2\/posts\/9750\/revisions"}],"wp:featuredmedia":[{"embeddable":true,"href":"https:\/\/www.africa-press.net\/cotedivoire\/wp-json\/wp\/v2\/media\/9749"}],"wp:attachment":[{"href":"https:\/\/www.africa-press.net\/cotedivoire\/wp-json\/wp\/v2\/media?parent=9750"}],"wp:term":[{"taxonomy":"category","embeddable":true,"href":"https:\/\/www.africa-press.net\/cotedivoire\/wp-json\/wp\/v2\/categories?post=9750"},{"taxonomy":"post_tag","embeddable":true,"href":"https:\/\/www.africa-press.net\/cotedivoire\/wp-json\/wp\/v2\/tags?post=9750"}],"curies":[{"name":"wp","href":"https:\/\/api.w.org\/{rel}","templated":true}]}}