{"id":9753,"date":"2021-07-06T14:52:48","date_gmt":"2021-07-06T14:52:48","guid":{"rendered":"https:\/\/www.africa-press.net\/cotedivoire\/?p=9753"},"modified":"2021-07-06T19:52:22","modified_gmt":"2021-07-06T19:52:22","slug":"le-ministre-de-la-defense-appelle-les-attaches-de-defense-a-aider-la-cote-divoire-dans-son-combat-contre-les-djihadistes","status":"publish","type":"post","link":"https:\/\/www.africa-press.net\/cotedivoire\/politique\/le-ministre-de-la-defense-appelle-les-attaches-de-defense-a-aider-la-cote-divoire-dans-son-combat-contre-les-djihadistes","title":{"rendered":"Le ministre de la d\u00e9fense appelle les Attach\u00e9s de d\u00e9fense \u00e0 aider la C\u00f4te-d\u2019Ivoire dans son combat contre les djihadistes"},"content":{"rendered":"<p><span style=\"color: #ff6600\"><strong><a href=\"https:\/\/www.africa-press.net\/\">Africa-Press<\/a> &#8211; <a href=\"https:\/\/www.africa-press.net\/cotedivoire\">C\u00f4te d&rsquo;Ivoire<\/a>. <\/strong><\/span>Le gouvernement du Premier ministre Patrick Achi a demand\u00e9 lundi le soutien des attach\u00e9s de D\u00e9fense des ambassades pr\u00e9sentes en C\u00f4te-d\u2019Ivoire dans sa lutte contre le terrorisme. Cette demande a \u00e9t\u00e9 faite par le ministre de la D\u00e9fense T\u00e9n\u00e9 Birahima Ouattara \u00e0 l\u2019occasion d\u2019une c\u00e9r\u00e9monie de d\u00e9corations des attach\u00e9s de d\u00e9fense de l\u2019Afrique du Sud et de la France avant leur d\u00e9part d\u00e9finitif de la C\u00f4te-d\u2019Ivoire.<\/p>\n<p>En fin de mission, les attach\u00e9s de d\u00e9fense pr\u00e8s l\u2019ambassade de France et de l\u2019Afrique du Sud en C\u00f4te d\u2019Ivoire, les colonels Xavier Clochard et Macotiwa Kiddo, ont \u00e9t\u00e9 \u00e9lev\u00e9s lundi respectivement au rang d\u2019officier dans l\u2019ordre national et dans l\u2019ordre du m\u00e9rite ivoirien.<\/p>\n<p>La d\u00e9coration a eu lieu au Cabinet du ministre d\u2019Etat, ministre de la D\u00e9fense, Tene Birahima Ouattara.<\/p>\n<p>A cette occasion, \u00e9taient pr\u00e9sents une d\u00e9l\u00e9gation de l\u2019association des attach\u00e9s de d\u00e9fense aupr\u00e8s des ambassades accr\u00e9dit\u00e9es en C\u00f4te d\u2019Ivoire.<\/p>\n<p>M. T\u00e9n\u00e9 Birahima Ouattara, a fait observer qu\u2019apr\u00e8s les ann\u00e9es pass\u00e9es ensemble, \u00ab nous avons constat\u00e9 la consolidation et le renforcement des accords de coop\u00e9ration \u00bb qui existent entre la C\u00f4te d\u2019Ivoire et ces deux pays.<\/p>\n<p>Cela, ajoutera-t-il, \u00ab s\u2019est traduit par la mise en oeuvre effective de la premi\u00e8re phase de construction de l\u2019acad\u00e9mie internationale de lutte contre le terrorisme et des offres de formations aux forces arm\u00e9es de C\u00f4te d\u2019Ivoire, des dons en \u00e9quipements et mat\u00e9riels divers \u00bb.<\/p>\n<p><b>\u00ab Vos diff\u00e9rents pays ont toujours \u00e9t\u00e9 aux c\u00f4t\u00e9s de la C\u00f4te d\u2019Ivoire, dans des moments difficiles de son histoire r\u00e9cente et nous avons pu toujours compter sur votre collaboration et votre assistance<\/b><\/p>\n<p>\u00bb, a-t-il poursuivi.<\/p>\n<p>\u00c9voquant la question de terrorisme \u00e0 laquelle le pays est confront\u00e9, il a assur\u00e9 que \u00ab le pr\u00e9sident de la R\u00e9publique et le gouvernement ivoirien sont d\u00e9termin\u00e9s \u00e0 maintenir la paix et la s\u00e9curit\u00e9 sur l\u2019ensemble du territoire \u00bb, avant de lancer un appel de soutien a tous les pays repr\u00e9sent\u00e9s en Cote-d\u2019Ivoire dans le cadre de cette lutte.<\/p>\n<p>&nbsp;<\/p>\n","protected":false},"excerpt":{"rendered":"<p>Africa-Press &#8211; C\u00f4te d&rsquo;Ivoire. Le gouvernement du Premier ministre Patrick Achi a demand\u00e9 lundi le soutien des attach\u00e9s de D\u00e9fense des ambassades pr\u00e9sentes en C\u00f4te-d\u2019Ivoire dans sa lutte contre le terrorisme. Cette demande a \u00e9t\u00e9 faite par le ministre de la D\u00e9fense T\u00e9n\u00e9 Birahima Ouattara \u00e0 l\u2019occasion d\u2019une c\u00e9r\u00e9monie de d\u00e9corations des attach\u00e9s de d\u00e9fense [&hellip;]<\/p>\n","protected":false},"author":82,"featured_media":9752,"comment_status":"open","ping_status":"closed","sticky":false,"template":"","format":"standard","meta":{"footnotes":""},"categories":[11,2,10],"tags":[56,63,29],"class_list":["post-9753","post","type-post","status-publish","format-standard","has-post-thumbnail","hentry","category-homepage-french","category-politique","category-toutes-les-actualites","tag-africa-press","tag-africa-press-cote-divoire","tag-cote-divoire"],"yoast_head":"<!-- This site is optimized with the Yoast SEO Premium plugin v26.1 (Yoast SEO v27.0) - https:\/\/yoast.com\/product\/yoast-seo-premium-wordpress\/ -->\n<title>Le ministre de la d\u00e9fense appelle les Attach\u00e9s de d\u00e9fense \u00e0 aider la C\u00f4te-d\u2019Ivoire dans son combat contre les djihadistes - C\u00f4te d&#039;Ivoire<\/title>\n<meta name=\"description\" content=\"Le gouvernement du Premier ministre Patrick Achi a demand\u00e9 lundi le soutien des attach\u00e9s de D\u00e9fense des ambassades pr\u00e9se ...\" \/>\n<meta name=\"robots\" content=\"index, follow, max-snippet:-1, max-image-preview:large, max-video-preview:-1\" \/>\n<link rel=\"canonical\" href=\"https:\/\/www.africa-press.net\/cotedivoire\/politique\/le-ministre-de-la-defense-appelle-les-attaches-de-defense-a-aider-la-cote-divoire-dans-son-combat-contre-les-djihadistes\" \/>\n<meta property=\"og:locale\" content=\"fr_FR\" \/>\n<meta property=\"og:type\" content=\"article\" \/>\n<meta property=\"og:title\" content=\"Le ministre de la d\u00e9fense appelle les Attach\u00e9s de d\u00e9fense \u00e0 aider la C\u00f4te-d\u2019Ivoire dans son combat contre les djihadistes\" \/>\n<meta property=\"og:description\" content=\"Le gouvernement du Premier ministre Patrick Achi a demand\u00e9 lundi le soutien des attach\u00e9s de D\u00e9fense des ambassades pr\u00e9se ...\" \/>\n<meta property=\"og:url\" content=\"https:\/\/www.africa-press.net\/cotedivoire\/politique\/le-ministre-de-la-defense-appelle-les-attaches-de-defense-a-aider-la-cote-divoire-dans-son-combat-contre-les-djihadistes\" \/>\n<meta property=\"og:site_name\" content=\"C\u00f4te d&#039;Ivoire\" \/>\n<meta property=\"article:published_time\" content=\"2021-07-06T14:52:48+00:00\" \/>\n<meta property=\"article:modified_time\" content=\"2021-07-06T19:52:22+00:00\" \/>\n<meta property=\"og:image\" content=\"https:\/\/static.africa-press.net\/cote\/sites\/43\/2021\/07\/img-60e45eb8e7f2c.jpg\" \/>\n\t<meta property=\"og:image:width\" content=\"1024\" \/>\n\t<meta property=\"og:image:height\" content=\"684\" \/>\n\t<meta property=\"og:image:type\" content=\"image\/jpeg\" \/>\n<meta name=\"author\" content=\"cfeditorfr\" \/>\n<meta name=\"twitter:card\" content=\"summary_large_image\" \/>\n<meta name=\"twitter:label1\" content=\"\u00c9crit par\" \/>\n\t<meta name=\"twitter:data1\" content=\"cfeditorfr\" \/>\n\t<meta name=\"twitter:label2\" content=\"Dur\u00e9e de lecture estim\u00e9e\" \/>\n\t<meta name=\"twitter:data2\" content=\"2 minutes\" \/>\n<script type=\"application\/ld+json\" class=\"yoast-schema-graph\">{\"@context\":\"https:\/\/schema.org\",\"@graph\":[{\"@type\":\"Article\",\"@id\":\"https:\/\/www.africa-press.net\/cotedivoire\/politique\/le-ministre-de-la-defense-appelle-les-attaches-de-defense-a-aider-la-cote-divoire-dans-son-combat-contre-les-djihadistes#article\",\"isPartOf\":{\"@id\":\"https:\/\/www.africa-press.net\/cotedivoire\/politique\/le-ministre-de-la-defense-appelle-les-attaches-de-defense-a-aider-la-cote-divoire-dans-son-combat-contre-les-djihadistes\"},\"author\":{\"name\":\"cfeditorfr\",\"@id\":\"https:\/\/www.africa-press.net\/cotedivoire\/#\/schema\/person\/2b1cf3cd81a31e3cd26889ca66d677f1\"},\"headline\":\"Le ministre de la d\u00e9fense appelle les Attach\u00e9s de d\u00e9fense \u00e0 aider la C\u00f4te-d\u2019Ivoire dans son combat contre les djihadistes\",\"datePublished\":\"2021-07-06T14:52:48+00:00\",\"dateModified\":\"2021-07-06T19:52:22+00:00\",\"mainEntityOfPage\":{\"@id\":\"https:\/\/www.africa-press.net\/cotedivoire\/politique\/le-ministre-de-la-defense-appelle-les-attaches-de-defense-a-aider-la-cote-divoire-dans-son-combat-contre-les-djihadistes\"},\"wordCount\":418,\"commentCount\":0,\"image\":{\"@id\":\"https:\/\/www.africa-press.net\/cotedivoire\/politique\/le-ministre-de-la-defense-appelle-les-attaches-de-defense-a-aider-la-cote-divoire-dans-son-combat-contre-les-djihadistes#primaryimage\"},\"thumbnailUrl\":\"https:\/\/static.africa-press.net\/cote\/sites\/43\/2021\/07\/img-60e45eb8e7f2c.jpg\",\"keywords\":[\"Africa Press\",\"Africa Press-C\u00f4te d'Ivoire\",\"C\u00d4TE D'IVOIRE\"],\"articleSection\":[\"homepage-french\",\"Politique\",\"Toutes les actualit\u00e9s\"],\"inLanguage\":\"fr-FR\",\"potentialAction\":[{\"@type\":\"CommentAction\",\"name\":\"Comment\",\"target\":[\"https:\/\/www.africa-press.net\/cotedivoire\/politique\/le-ministre-de-la-defense-appelle-les-attaches-de-defense-a-aider-la-cote-divoire-dans-son-combat-contre-les-djihadistes#respond\"]}]},{\"@type\":\"WebPage\",\"@id\":\"https:\/\/www.africa-press.net\/cotedivoire\/politique\/le-ministre-de-la-defense-appelle-les-attaches-de-defense-a-aider-la-cote-divoire-dans-son-combat-contre-les-djihadistes\",\"url\":\"https:\/\/www.africa-press.net\/cotedivoire\/politique\/le-ministre-de-la-defense-appelle-les-attaches-de-defense-a-aider-la-cote-divoire-dans-son-combat-contre-les-djihadistes\",\"name\":\"Le ministre de la d\u00e9fense appelle les Attach\u00e9s de d\u00e9fense \u00e0 aider la C\u00f4te-d\u2019Ivoire dans son combat contre les djihadistes - C\u00f4te d&#039;Ivoire\",\"isPartOf\":{\"@id\":\"https:\/\/www.africa-press.net\/cotedivoire\/#website\"},\"primaryImageOfPage\":{\"@id\":\"https:\/\/www.africa-press.net\/cotedivoire\/politique\/le-ministre-de-la-defense-appelle-les-attaches-de-defense-a-aider-la-cote-divoire-dans-son-combat-contre-les-djihadistes#primaryimage\"},\"image\":{\"@id\":\"https:\/\/www.africa-press.net\/cotedivoire\/politique\/le-ministre-de-la-defense-appelle-les-attaches-de-defense-a-aider-la-cote-divoire-dans-son-combat-contre-les-djihadistes#primaryimage\"},\"thumbnailUrl\":\"https:\/\/static.africa-press.net\/cote\/sites\/43\/2021\/07\/img-60e45eb8e7f2c.jpg\",\"datePublished\":\"2021-07-06T14:52:48+00:00\",\"dateModified\":\"2021-07-06T19:52:22+00:00\",\"author\":{\"@id\":\"https:\/\/www.africa-press.net\/cotedivoire\/#\/schema\/person\/2b1cf3cd81a31e3cd26889ca66d677f1\"},\"description\":\"Le gouvernement du Premier ministre Patrick Achi a demand\u00e9 lundi le soutien des attach\u00e9s de D\u00e9fense des ambassades pr\u00e9se ...\",\"breadcrumb\":{\"@id\":\"https:\/\/www.africa-press.net\/cotedivoire\/politique\/le-ministre-de-la-defense-appelle-les-attaches-de-defense-a-aider-la-cote-divoire-dans-son-combat-contre-les-djihadistes#breadcrumb\"},\"inLanguage\":\"fr-FR\",\"potentialAction\":[{\"@type\":\"ReadAction\",\"target\":[\"https:\/\/www.africa-press.net\/cotedivoire\/politique\/le-ministre-de-la-defense-appelle-les-attaches-de-defense-a-aider-la-cote-divoire-dans-son-combat-contre-les-djihadistes\"]}]},{\"@type\":\"ImageObject\",\"inLanguage\":\"fr-FR\",\"@id\":\"https:\/\/www.africa-press.net\/cotedivoire\/politique\/le-ministre-de-la-defense-appelle-les-attaches-de-defense-a-aider-la-cote-divoire-dans-son-combat-contre-les-djihadistes#primaryimage\",\"url\":\"https:\/\/static.africa-press.net\/cote\/sites\/43\/2021\/07\/img-60e45eb8e7f2c.jpg\",\"contentUrl\":\"https:\/\/static.africa-press.net\/cote\/sites\/43\/2021\/07\/img-60e45eb8e7f2c.jpg\",\"width\":1024,\"height\":684,\"caption\":\"Le ministre de la d\u00e9fense appelle les Attach\u00e9s de d\u00e9fense \u00e0 aider la C\u00f4te-d\u2019Ivoire dans son combat contre les djihadistes\"},{\"@type\":\"BreadcrumbList\",\"@id\":\"https:\/\/www.africa-press.net\/cotedivoire\/politique\/le-ministre-de-la-defense-appelle-les-attaches-de-defense-a-aider-la-cote-divoire-dans-son-combat-contre-les-djihadistes#breadcrumb\",\"itemListElement\":[{\"@type\":\"ListItem\",\"position\":1,\"name\":\"Accueil\",\"item\":\"https:\/\/www.africa-press.net\/cotedivoire\/\"},{\"@type\":\"ListItem\",\"position\":2,\"name\":\"Le ministre de la d\u00e9fense appelle les Attach\u00e9s de d\u00e9fense \u00e0 aider la C\u00f4te-d\u2019Ivoire dans son combat contre les djihadistes\"}]},{\"@type\":\"WebSite\",\"@id\":\"https:\/\/www.africa-press.net\/cotedivoire\/#website\",\"url\":\"https:\/\/www.africa-press.net\/cotedivoire\/\",\"name\":\"C\u00f4te d&#039;Ivoire\",\"description\":\"Just another Africa News Agency Sites site\",\"potentialAction\":[{\"@type\":\"SearchAction\",\"target\":{\"@type\":\"EntryPoint\",\"urlTemplate\":\"https:\/\/www.africa-press.net\/cotedivoire\/?s={search_term_string}\"},\"query-input\":{\"@type\":\"PropertyValueSpecification\",\"valueRequired\":true,\"valueName\":\"search_term_string\"}}],\"inLanguage\":\"fr-FR\"},{\"@type\":\"Person\",\"@id\":\"https:\/\/www.africa-press.net\/cotedivoire\/#\/schema\/person\/2b1cf3cd81a31e3cd26889ca66d677f1\",\"name\":\"cfeditorfr\"}]}<\/script>\n<!-- \/ Yoast SEO Premium plugin. -->","yoast_head_json":{"title":"Le ministre de la d\u00e9fense appelle les Attach\u00e9s de d\u00e9fense \u00e0 aider la C\u00f4te-d\u2019Ivoire dans son combat contre les djihadistes - C\u00f4te d&#039;Ivoire","description":"Le gouvernement du Premier ministre Patrick Achi a demand\u00e9 lundi le soutien des attach\u00e9s de D\u00e9fense des ambassades pr\u00e9se ...","robots":{"index":"index","follow":"follow","max-snippet":"max-snippet:-1","max-image-preview":"max-image-preview:large","max-video-preview":"max-video-preview:-1"},"canonical":"https:\/\/www.africa-press.net\/cotedivoire\/politique\/le-ministre-de-la-defense-appelle-les-attaches-de-defense-a-aider-la-cote-divoire-dans-son-combat-contre-les-djihadistes","og_locale":"fr_FR","og_type":"article","og_title":"Le ministre de la d\u00e9fense appelle les Attach\u00e9s de d\u00e9fense \u00e0 aider la C\u00f4te-d\u2019Ivoire dans son combat contre les djihadistes","og_description":"Le gouvernement du Premier ministre Patrick Achi a demand\u00e9 lundi le soutien des attach\u00e9s de D\u00e9fense des ambassades pr\u00e9se ...","og_url":"https:\/\/www.africa-press.net\/cotedivoire\/politique\/le-ministre-de-la-defense-appelle-les-attaches-de-defense-a-aider-la-cote-divoire-dans-son-combat-contre-les-djihadistes","og_site_name":"C\u00f4te d&#039;Ivoire","article_published_time":"2021-07-06T14:52:48+00:00","article_modified_time":"2021-07-06T19:52:22+00:00","og_image":[{"width":1024,"height":684,"url":"https:\/\/static.africa-press.net\/cote\/sites\/43\/2021\/07\/img-60e45eb8e7f2c.jpg","type":"image\/jpeg"}],"author":"cfeditorfr","twitter_card":"summary_large_image","twitter_misc":{"\u00c9crit par":"cfeditorfr","Dur\u00e9e de lecture estim\u00e9e":"2 minutes"},"schema":{"@context":"https:\/\/schema.org","@graph":[{"@type":"Article","@id":"https:\/\/www.africa-press.net\/cotedivoire\/politique\/le-ministre-de-la-defense-appelle-les-attaches-de-defense-a-aider-la-cote-divoire-dans-son-combat-contre-les-djihadistes#article","isPartOf":{"@id":"https:\/\/www.africa-press.net\/cotedivoire\/politique\/le-ministre-de-la-defense-appelle-les-attaches-de-defense-a-aider-la-cote-divoire-dans-son-combat-contre-les-djihadistes"},"author":{"name":"cfeditorfr","@id":"https:\/\/www.africa-press.net\/cotedivoire\/#\/schema\/person\/2b1cf3cd81a31e3cd26889ca66d677f1"},"headline":"Le ministre de la d\u00e9fense appelle les Attach\u00e9s de d\u00e9fense \u00e0 aider la C\u00f4te-d\u2019Ivoire dans son combat contre les djihadistes","datePublished":"2021-07-06T14:52:48+00:00","dateModified":"2021-07-06T19:52:22+00:00","mainEntityOfPage":{"@id":"https:\/\/www.africa-press.net\/cotedivoire\/politique\/le-ministre-de-la-defense-appelle-les-attaches-de-defense-a-aider-la-cote-divoire-dans-son-combat-contre-les-djihadistes"},"wordCount":418,"commentCount":0,"image":{"@id":"https:\/\/www.africa-press.net\/cotedivoire\/politique\/le-ministre-de-la-defense-appelle-les-attaches-de-defense-a-aider-la-cote-divoire-dans-son-combat-contre-les-djihadistes#primaryimage"},"thumbnailUrl":"https:\/\/static.africa-press.net\/cote\/sites\/43\/2021\/07\/img-60e45eb8e7f2c.jpg","keywords":["Africa Press","Africa Press-C\u00f4te d'Ivoire","C\u00d4TE D'IVOIRE"],"articleSection":["homepage-french","Politique","Toutes les actualit\u00e9s"],"inLanguage":"fr-FR","potentialAction":[{"@type":"CommentAction","name":"Comment","target":["https:\/\/www.africa-press.net\/cotedivoire\/politique\/le-ministre-de-la-defense-appelle-les-attaches-de-defense-a-aider-la-cote-divoire-dans-son-combat-contre-les-djihadistes#respond"]}]},{"@type":"WebPage","@id":"https:\/\/www.africa-press.net\/cotedivoire\/politique\/le-ministre-de-la-defense-appelle-les-attaches-de-defense-a-aider-la-cote-divoire-dans-son-combat-contre-les-djihadistes","url":"https:\/\/www.africa-press.net\/cotedivoire\/politique\/le-ministre-de-la-defense-appelle-les-attaches-de-defense-a-aider-la-cote-divoire-dans-son-combat-contre-les-djihadistes","name":"Le ministre de la d\u00e9fense appelle les Attach\u00e9s de d\u00e9fense \u00e0 aider la C\u00f4te-d\u2019Ivoire dans son combat contre les djihadistes - C\u00f4te d&#039;Ivoire","isPartOf":{"@id":"https:\/\/www.africa-press.net\/cotedivoire\/#website"},"primaryImageOfPage":{"@id":"https:\/\/www.africa-press.net\/cotedivoire\/politique\/le-ministre-de-la-defense-appelle-les-attaches-de-defense-a-aider-la-cote-divoire-dans-son-combat-contre-les-djihadistes#primaryimage"},"image":{"@id":"https:\/\/www.africa-press.net\/cotedivoire\/politique\/le-ministre-de-la-defense-appelle-les-attaches-de-defense-a-aider-la-cote-divoire-dans-son-combat-contre-les-djihadistes#primaryimage"},"thumbnailUrl":"https:\/\/static.africa-press.net\/cote\/sites\/43\/2021\/07\/img-60e45eb8e7f2c.jpg","datePublished":"2021-07-06T14:52:48+00:00","dateModified":"2021-07-06T19:52:22+00:00","author":{"@id":"https:\/\/www.africa-press.net\/cotedivoire\/#\/schema\/person\/2b1cf3cd81a31e3cd26889ca66d677f1"},"description":"Le gouvernement du Premier ministre Patrick Achi a demand\u00e9 lundi le soutien des attach\u00e9s de D\u00e9fense des ambassades pr\u00e9se ...","breadcrumb":{"@id":"https:\/\/www.africa-press.net\/cotedivoire\/politique\/le-ministre-de-la-defense-appelle-les-attaches-de-defense-a-aider-la-cote-divoire-dans-son-combat-contre-les-djihadistes#breadcrumb"},"inLanguage":"fr-FR","potentialAction":[{"@type":"ReadAction","target":["https:\/\/www.africa-press.net\/cotedivoire\/politique\/le-ministre-de-la-defense-appelle-les-attaches-de-defense-a-aider-la-cote-divoire-dans-son-combat-contre-les-djihadistes"]}]},{"@type":"ImageObject","inLanguage":"fr-FR","@id":"https:\/\/www.africa-press.net\/cotedivoire\/politique\/le-ministre-de-la-defense-appelle-les-attaches-de-defense-a-aider-la-cote-divoire-dans-son-combat-contre-les-djihadistes#primaryimage","url":"https:\/\/static.africa-press.net\/cote\/sites\/43\/2021\/07\/img-60e45eb8e7f2c.jpg","contentUrl":"https:\/\/static.africa-press.net\/cote\/sites\/43\/2021\/07\/img-60e45eb8e7f2c.jpg","width":1024,"height":684,"caption":"Le ministre de la d\u00e9fense appelle les Attach\u00e9s de d\u00e9fense \u00e0 aider la C\u00f4te-d\u2019Ivoire dans son combat contre les djihadistes"},{"@type":"BreadcrumbList","@id":"https:\/\/www.africa-press.net\/cotedivoire\/politique\/le-ministre-de-la-defense-appelle-les-attaches-de-defense-a-aider-la-cote-divoire-dans-son-combat-contre-les-djihadistes#breadcrumb","itemListElement":[{"@type":"ListItem","position":1,"name":"Accueil","item":"https:\/\/www.africa-press.net\/cotedivoire\/"},{"@type":"ListItem","position":2,"name":"Le ministre de la d\u00e9fense appelle les Attach\u00e9s de d\u00e9fense \u00e0 aider la C\u00f4te-d\u2019Ivoire dans son combat contre les djihadistes"}]},{"@type":"WebSite","@id":"https:\/\/www.africa-press.net\/cotedivoire\/#website","url":"https:\/\/www.africa-press.net\/cotedivoire\/","name":"C\u00f4te d&#039;Ivoire","description":"Just another Africa News Agency Sites site","potentialAction":[{"@type":"SearchAction","target":{"@type":"EntryPoint","urlTemplate":"https:\/\/www.africa-press.net\/cotedivoire\/?s={search_term_string}"},"query-input":{"@type":"PropertyValueSpecification","valueRequired":true,"valueName":"search_term_string"}}],"inLanguage":"fr-FR"},{"@type":"Person","@id":"https:\/\/www.africa-press.net\/cotedivoire\/#\/schema\/person\/2b1cf3cd81a31e3cd26889ca66d677f1","name":"cfeditorfr"}]}},"_links":{"self":[{"href":"https:\/\/www.africa-press.net\/cotedivoire\/wp-json\/wp\/v2\/posts\/9753","targetHints":{"allow":["GET"]}}],"collection":[{"href":"https:\/\/www.africa-press.net\/cotedivoire\/wp-json\/wp\/v2\/posts"}],"about":[{"href":"https:\/\/www.africa-press.net\/cotedivoire\/wp-json\/wp\/v2\/types\/post"}],"author":[{"embeddable":true,"href":"https:\/\/www.africa-press.net\/cotedivoire\/wp-json\/wp\/v2\/users\/82"}],"replies":[{"embeddable":true,"href":"https:\/\/www.africa-press.net\/cotedivoire\/wp-json\/wp\/v2\/comments?post=9753"}],"version-history":[{"count":0,"href":"https:\/\/www.africa-press.net\/cotedivoire\/wp-json\/wp\/v2\/posts\/9753\/revisions"}],"wp:featuredmedia":[{"embeddable":true,"href":"https:\/\/www.africa-press.net\/cotedivoire\/wp-json\/wp\/v2\/media\/9752"}],"wp:attachment":[{"href":"https:\/\/www.africa-press.net\/cotedivoire\/wp-json\/wp\/v2\/media?parent=9753"}],"wp:term":[{"taxonomy":"category","embeddable":true,"href":"https:\/\/www.africa-press.net\/cotedivoire\/wp-json\/wp\/v2\/categories?post=9753"},{"taxonomy":"post_tag","embeddable":true,"href":"https:\/\/www.africa-press.net\/cotedivoire\/wp-json\/wp\/v2\/tags?post=9753"}],"curies":[{"name":"wp","href":"https:\/\/api.w.org\/{rel}","templated":true}]}}