{"id":9759,"date":"2021-07-06T15:08:06","date_gmt":"2021-07-06T15:08:06","guid":{"rendered":"https:\/\/www.africa-press.net\/cotedivoire\/?p=9759"},"modified":"2021-07-06T19:52:39","modified_gmt":"2021-07-06T19:52:39","slug":"un-marche-pour-les-vehicules-electriques-en-rdc-ou-en-cote-divoire","status":"publish","type":"post","link":"https:\/\/www.africa-press.net\/cotedivoire\/economie\/un-marche-pour-les-vehicules-electriques-en-rdc-ou-en-cote-divoire","title":{"rendered":"Un march\u00e9 pour les v\u00e9hicules \u00e9lectriques en RDC ou en C\u00f4te d\u2019Ivoire ?"},"content":{"rendered":"<p><span style=\"color: #ff6600\"><strong><a href=\"https:\/\/www.africa-press.net\/\">Africa-Press<\/a> &#8211; <a href=\"https:\/\/www.africa-press.net\/cotedivoire\">C\u00f4te d&rsquo;Ivoire<\/a>. <\/strong><\/span>L\u2019\u00e9lectromobilit\u00e9 reste anecdotique sur le continent, m\u00eame en Afrique du Sud et au Maroc. Toutefois, on note un timide d\u00e9marrage sur le locatif du deux-roues en ville.<\/p>\n<p>Un horizon bien lointain. Ainsi apparait le march\u00e9 du v\u00e9hicule neuf \u00e9lectrique sur le continent. \u00ab \u00c0 ce stade, la demande des entreprises n\u2019est pas perceptible. Hormis les mod\u00e8les hybrides de Toyota, l\u2019usage de l\u2019\u00e9lectrique n\u2019est pas adapt\u00e9 au contexte r\u00e9gional et aux besoins quotidiens de nos clients professionnels. Il faudra du temps et une action des pouvoirs publics pour que cela change \u00bb, estime Marc Hirschfeld, directeur g\u00e9n\u00e9ral de CFAO Automotive, l\u2019un des premiers distributeurs du continent.<\/p>\n<p>Avec des prix \u00e9lev\u00e9s, le caract\u00e8re souvent al\u00e9atoire du r\u00e9seau \u00e9lectrique et l\u2019absence quasi totale d\u2019infrastructures de recharge m\u00eame en milieu urbain, ces v\u00e9hicules restent loin des r\u00e9alit\u00e9s africaines.<\/p>\n","protected":false},"excerpt":{"rendered":"<p>Africa-Press &#8211; C\u00f4te d&rsquo;Ivoire. L\u2019\u00e9lectromobilit\u00e9 reste anecdotique sur le continent, m\u00eame en Afrique du Sud et au Maroc. Toutefois, on note un timide d\u00e9marrage sur le locatif du deux-roues en ville. Un horizon bien lointain. Ainsi apparait le march\u00e9 du v\u00e9hicule neuf \u00e9lectrique sur le continent. \u00ab \u00c0 ce stade, la demande des entreprises n\u2019est [&hellip;]<\/p>\n","protected":false},"author":82,"featured_media":9758,"comment_status":"open","ping_status":"closed","sticky":false,"template":"","format":"standard","meta":{"footnotes":""},"categories":[3,11,20,10],"tags":[56,63,29],"class_list":["post-9759","post","type-post","status-publish","format-standard","has-post-thumbnail","hentry","category-economie","category-homepage-french","category-top-nouvelles","category-toutes-les-actualites","tag-africa-press","tag-africa-press-cote-divoire","tag-cote-divoire"],"yoast_head":"<!-- This site is optimized with the Yoast SEO Premium plugin v26.1 (Yoast SEO v27.0) - https:\/\/yoast.com\/product\/yoast-seo-premium-wordpress\/ -->\n<title>Un march\u00e9 pour les v\u00e9hicules \u00e9lectriques en RDC ou en C\u00f4te d\u2019Ivoire ? - C\u00f4te d&#039;Ivoire<\/title>\n<meta name=\"description\" content=\"L\u2019\u00e9lectromobilit\u00e9 reste anecdotique sur le continent, m\u00eame en Afrique du Sud et au Maroc. Toutefois, on note un timide d ...\" \/>\n<meta name=\"robots\" content=\"index, follow, max-snippet:-1, max-image-preview:large, max-video-preview:-1\" \/>\n<link rel=\"canonical\" href=\"https:\/\/www.africa-press.net\/cotedivoire\/economie\/un-marche-pour-les-vehicules-electriques-en-rdc-ou-en-cote-divoire\" \/>\n<meta property=\"og:locale\" content=\"fr_FR\" \/>\n<meta property=\"og:type\" content=\"article\" \/>\n<meta property=\"og:title\" content=\"Un march\u00e9 pour les v\u00e9hicules \u00e9lectriques en RDC ou en C\u00f4te d\u2019Ivoire ?\" \/>\n<meta property=\"og:description\" content=\"L\u2019\u00e9lectromobilit\u00e9 reste anecdotique sur le continent, m\u00eame en Afrique du Sud et au Maroc. Toutefois, on note un timide d ...\" \/>\n<meta property=\"og:url\" content=\"https:\/\/www.africa-press.net\/cotedivoire\/economie\/un-marche-pour-les-vehicules-electriques-en-rdc-ou-en-cote-divoire\" \/>\n<meta property=\"og:site_name\" content=\"C\u00f4te d&#039;Ivoire\" \/>\n<meta property=\"article:published_time\" content=\"2021-07-06T15:08:06+00:00\" \/>\n<meta property=\"article:modified_time\" content=\"2021-07-06T19:52:39+00:00\" \/>\n<meta property=\"og:image\" content=\"https:\/\/static.africa-press.net\/cote\/sites\/43\/2021\/07\/img-60e45f08394a0.jpg\" \/>\n\t<meta property=\"og:image:width\" content=\"720\" \/>\n\t<meta property=\"og:image:height\" content=\"360\" \/>\n\t<meta property=\"og:image:type\" content=\"image\/jpeg\" \/>\n<meta name=\"author\" content=\"cfeditorfr\" \/>\n<meta name=\"twitter:card\" content=\"summary_large_image\" \/>\n<meta name=\"twitter:label1\" content=\"\u00c9crit par\" \/>\n\t<meta name=\"twitter:data1\" content=\"cfeditorfr\" \/>\n\t<meta name=\"twitter:label2\" content=\"Dur\u00e9e de lecture estim\u00e9e\" \/>\n\t<meta name=\"twitter:data2\" content=\"1 minute\" \/>\n<script type=\"application\/ld+json\" class=\"yoast-schema-graph\">{\"@context\":\"https:\/\/schema.org\",\"@graph\":[{\"@type\":\"Article\",\"@id\":\"https:\/\/www.africa-press.net\/cotedivoire\/economie\/un-marche-pour-les-vehicules-electriques-en-rdc-ou-en-cote-divoire#article\",\"isPartOf\":{\"@id\":\"https:\/\/www.africa-press.net\/cotedivoire\/economie\/un-marche-pour-les-vehicules-electriques-en-rdc-ou-en-cote-divoire\"},\"author\":{\"name\":\"cfeditorfr\",\"@id\":\"https:\/\/www.africa-press.net\/cotedivoire\/#\/schema\/person\/2b1cf3cd81a31e3cd26889ca66d677f1\"},\"headline\":\"Un march\u00e9 pour les v\u00e9hicules \u00e9lectriques en RDC ou en C\u00f4te d\u2019Ivoire ?\",\"datePublished\":\"2021-07-06T15:08:06+00:00\",\"dateModified\":\"2021-07-06T19:52:39+00:00\",\"mainEntityOfPage\":{\"@id\":\"https:\/\/www.africa-press.net\/cotedivoire\/economie\/un-marche-pour-les-vehicules-electriques-en-rdc-ou-en-cote-divoire\"},\"wordCount\":175,\"commentCount\":0,\"image\":{\"@id\":\"https:\/\/www.africa-press.net\/cotedivoire\/economie\/un-marche-pour-les-vehicules-electriques-en-rdc-ou-en-cote-divoire#primaryimage\"},\"thumbnailUrl\":\"https:\/\/static.africa-press.net\/cote\/sites\/43\/2021\/07\/img-60e45f08394a0.jpg\",\"keywords\":[\"Africa Press\",\"Africa Press-C\u00f4te d'Ivoire\",\"C\u00d4TE D'IVOIRE\"],\"articleSection\":[\"\u00c9conomie\",\"homepage-french\",\"Top Nouvelles\",\"Toutes les actualit\u00e9s\"],\"inLanguage\":\"fr-FR\",\"potentialAction\":[{\"@type\":\"CommentAction\",\"name\":\"Comment\",\"target\":[\"https:\/\/www.africa-press.net\/cotedivoire\/economie\/un-marche-pour-les-vehicules-electriques-en-rdc-ou-en-cote-divoire#respond\"]}]},{\"@type\":\"WebPage\",\"@id\":\"https:\/\/www.africa-press.net\/cotedivoire\/economie\/un-marche-pour-les-vehicules-electriques-en-rdc-ou-en-cote-divoire\",\"url\":\"https:\/\/www.africa-press.net\/cotedivoire\/economie\/un-marche-pour-les-vehicules-electriques-en-rdc-ou-en-cote-divoire\",\"name\":\"Un march\u00e9 pour les v\u00e9hicules \u00e9lectriques en RDC ou en C\u00f4te d\u2019Ivoire ? - C\u00f4te d&#039;Ivoire\",\"isPartOf\":{\"@id\":\"https:\/\/www.africa-press.net\/cotedivoire\/#website\"},\"primaryImageOfPage\":{\"@id\":\"https:\/\/www.africa-press.net\/cotedivoire\/economie\/un-marche-pour-les-vehicules-electriques-en-rdc-ou-en-cote-divoire#primaryimage\"},\"image\":{\"@id\":\"https:\/\/www.africa-press.net\/cotedivoire\/economie\/un-marche-pour-les-vehicules-electriques-en-rdc-ou-en-cote-divoire#primaryimage\"},\"thumbnailUrl\":\"https:\/\/static.africa-press.net\/cote\/sites\/43\/2021\/07\/img-60e45f08394a0.jpg\",\"datePublished\":\"2021-07-06T15:08:06+00:00\",\"dateModified\":\"2021-07-06T19:52:39+00:00\",\"author\":{\"@id\":\"https:\/\/www.africa-press.net\/cotedivoire\/#\/schema\/person\/2b1cf3cd81a31e3cd26889ca66d677f1\"},\"description\":\"L\u2019\u00e9lectromobilit\u00e9 reste anecdotique sur le continent, m\u00eame en Afrique du Sud et au Maroc. Toutefois, on note un timide d ...\",\"breadcrumb\":{\"@id\":\"https:\/\/www.africa-press.net\/cotedivoire\/economie\/un-marche-pour-les-vehicules-electriques-en-rdc-ou-en-cote-divoire#breadcrumb\"},\"inLanguage\":\"fr-FR\",\"potentialAction\":[{\"@type\":\"ReadAction\",\"target\":[\"https:\/\/www.africa-press.net\/cotedivoire\/economie\/un-marche-pour-les-vehicules-electriques-en-rdc-ou-en-cote-divoire\"]}]},{\"@type\":\"ImageObject\",\"inLanguage\":\"fr-FR\",\"@id\":\"https:\/\/www.africa-press.net\/cotedivoire\/economie\/un-marche-pour-les-vehicules-electriques-en-rdc-ou-en-cote-divoire#primaryimage\",\"url\":\"https:\/\/static.africa-press.net\/cote\/sites\/43\/2021\/07\/img-60e45f08394a0.jpg\",\"contentUrl\":\"https:\/\/static.africa-press.net\/cote\/sites\/43\/2021\/07\/img-60e45f08394a0.jpg\",\"width\":720,\"height\":360,\"caption\":\"Un march\u00e9 pour les v\u00e9hicules \u00e9lectriques en RDC ou en C\u00f4te d\u2019Ivoire ?\"},{\"@type\":\"BreadcrumbList\",\"@id\":\"https:\/\/www.africa-press.net\/cotedivoire\/economie\/un-marche-pour-les-vehicules-electriques-en-rdc-ou-en-cote-divoire#breadcrumb\",\"itemListElement\":[{\"@type\":\"ListItem\",\"position\":1,\"name\":\"Accueil\",\"item\":\"https:\/\/www.africa-press.net\/cotedivoire\/\"},{\"@type\":\"ListItem\",\"position\":2,\"name\":\"Un march\u00e9 pour les v\u00e9hicules \u00e9lectriques en RDC ou en C\u00f4te d\u2019Ivoire ?\"}]},{\"@type\":\"WebSite\",\"@id\":\"https:\/\/www.africa-press.net\/cotedivoire\/#website\",\"url\":\"https:\/\/www.africa-press.net\/cotedivoire\/\",\"name\":\"C\u00f4te d&#039;Ivoire\",\"description\":\"Just another Africa News Agency Sites site\",\"potentialAction\":[{\"@type\":\"SearchAction\",\"target\":{\"@type\":\"EntryPoint\",\"urlTemplate\":\"https:\/\/www.africa-press.net\/cotedivoire\/?s={search_term_string}\"},\"query-input\":{\"@type\":\"PropertyValueSpecification\",\"valueRequired\":true,\"valueName\":\"search_term_string\"}}],\"inLanguage\":\"fr-FR\"},{\"@type\":\"Person\",\"@id\":\"https:\/\/www.africa-press.net\/cotedivoire\/#\/schema\/person\/2b1cf3cd81a31e3cd26889ca66d677f1\",\"name\":\"cfeditorfr\"}]}<\/script>\n<!-- \/ Yoast SEO Premium plugin. -->","yoast_head_json":{"title":"Un march\u00e9 pour les v\u00e9hicules \u00e9lectriques en RDC ou en C\u00f4te d\u2019Ivoire ? - C\u00f4te d&#039;Ivoire","description":"L\u2019\u00e9lectromobilit\u00e9 reste anecdotique sur le continent, m\u00eame en Afrique du Sud et au Maroc. Toutefois, on note un timide d ...","robots":{"index":"index","follow":"follow","max-snippet":"max-snippet:-1","max-image-preview":"max-image-preview:large","max-video-preview":"max-video-preview:-1"},"canonical":"https:\/\/www.africa-press.net\/cotedivoire\/economie\/un-marche-pour-les-vehicules-electriques-en-rdc-ou-en-cote-divoire","og_locale":"fr_FR","og_type":"article","og_title":"Un march\u00e9 pour les v\u00e9hicules \u00e9lectriques en RDC ou en C\u00f4te d\u2019Ivoire ?","og_description":"L\u2019\u00e9lectromobilit\u00e9 reste anecdotique sur le continent, m\u00eame en Afrique du Sud et au Maroc. Toutefois, on note un timide d ...","og_url":"https:\/\/www.africa-press.net\/cotedivoire\/economie\/un-marche-pour-les-vehicules-electriques-en-rdc-ou-en-cote-divoire","og_site_name":"C\u00f4te d&#039;Ivoire","article_published_time":"2021-07-06T15:08:06+00:00","article_modified_time":"2021-07-06T19:52:39+00:00","og_image":[{"width":720,"height":360,"url":"https:\/\/static.africa-press.net\/cote\/sites\/43\/2021\/07\/img-60e45f08394a0.jpg","type":"image\/jpeg"}],"author":"cfeditorfr","twitter_card":"summary_large_image","twitter_misc":{"\u00c9crit par":"cfeditorfr","Dur\u00e9e de lecture estim\u00e9e":"1 minute"},"schema":{"@context":"https:\/\/schema.org","@graph":[{"@type":"Article","@id":"https:\/\/www.africa-press.net\/cotedivoire\/economie\/un-marche-pour-les-vehicules-electriques-en-rdc-ou-en-cote-divoire#article","isPartOf":{"@id":"https:\/\/www.africa-press.net\/cotedivoire\/economie\/un-marche-pour-les-vehicules-electriques-en-rdc-ou-en-cote-divoire"},"author":{"name":"cfeditorfr","@id":"https:\/\/www.africa-press.net\/cotedivoire\/#\/schema\/person\/2b1cf3cd81a31e3cd26889ca66d677f1"},"headline":"Un march\u00e9 pour les v\u00e9hicules \u00e9lectriques en RDC ou en C\u00f4te d\u2019Ivoire ?","datePublished":"2021-07-06T15:08:06+00:00","dateModified":"2021-07-06T19:52:39+00:00","mainEntityOfPage":{"@id":"https:\/\/www.africa-press.net\/cotedivoire\/economie\/un-marche-pour-les-vehicules-electriques-en-rdc-ou-en-cote-divoire"},"wordCount":175,"commentCount":0,"image":{"@id":"https:\/\/www.africa-press.net\/cotedivoire\/economie\/un-marche-pour-les-vehicules-electriques-en-rdc-ou-en-cote-divoire#primaryimage"},"thumbnailUrl":"https:\/\/static.africa-press.net\/cote\/sites\/43\/2021\/07\/img-60e45f08394a0.jpg","keywords":["Africa Press","Africa Press-C\u00f4te d'Ivoire","C\u00d4TE D'IVOIRE"],"articleSection":["\u00c9conomie","homepage-french","Top Nouvelles","Toutes les actualit\u00e9s"],"inLanguage":"fr-FR","potentialAction":[{"@type":"CommentAction","name":"Comment","target":["https:\/\/www.africa-press.net\/cotedivoire\/economie\/un-marche-pour-les-vehicules-electriques-en-rdc-ou-en-cote-divoire#respond"]}]},{"@type":"WebPage","@id":"https:\/\/www.africa-press.net\/cotedivoire\/economie\/un-marche-pour-les-vehicules-electriques-en-rdc-ou-en-cote-divoire","url":"https:\/\/www.africa-press.net\/cotedivoire\/economie\/un-marche-pour-les-vehicules-electriques-en-rdc-ou-en-cote-divoire","name":"Un march\u00e9 pour les v\u00e9hicules \u00e9lectriques en RDC ou en C\u00f4te d\u2019Ivoire ? - C\u00f4te d&#039;Ivoire","isPartOf":{"@id":"https:\/\/www.africa-press.net\/cotedivoire\/#website"},"primaryImageOfPage":{"@id":"https:\/\/www.africa-press.net\/cotedivoire\/economie\/un-marche-pour-les-vehicules-electriques-en-rdc-ou-en-cote-divoire#primaryimage"},"image":{"@id":"https:\/\/www.africa-press.net\/cotedivoire\/economie\/un-marche-pour-les-vehicules-electriques-en-rdc-ou-en-cote-divoire#primaryimage"},"thumbnailUrl":"https:\/\/static.africa-press.net\/cote\/sites\/43\/2021\/07\/img-60e45f08394a0.jpg","datePublished":"2021-07-06T15:08:06+00:00","dateModified":"2021-07-06T19:52:39+00:00","author":{"@id":"https:\/\/www.africa-press.net\/cotedivoire\/#\/schema\/person\/2b1cf3cd81a31e3cd26889ca66d677f1"},"description":"L\u2019\u00e9lectromobilit\u00e9 reste anecdotique sur le continent, m\u00eame en Afrique du Sud et au Maroc. Toutefois, on note un timide d ...","breadcrumb":{"@id":"https:\/\/www.africa-press.net\/cotedivoire\/economie\/un-marche-pour-les-vehicules-electriques-en-rdc-ou-en-cote-divoire#breadcrumb"},"inLanguage":"fr-FR","potentialAction":[{"@type":"ReadAction","target":["https:\/\/www.africa-press.net\/cotedivoire\/economie\/un-marche-pour-les-vehicules-electriques-en-rdc-ou-en-cote-divoire"]}]},{"@type":"ImageObject","inLanguage":"fr-FR","@id":"https:\/\/www.africa-press.net\/cotedivoire\/economie\/un-marche-pour-les-vehicules-electriques-en-rdc-ou-en-cote-divoire#primaryimage","url":"https:\/\/static.africa-press.net\/cote\/sites\/43\/2021\/07\/img-60e45f08394a0.jpg","contentUrl":"https:\/\/static.africa-press.net\/cote\/sites\/43\/2021\/07\/img-60e45f08394a0.jpg","width":720,"height":360,"caption":"Un march\u00e9 pour les v\u00e9hicules \u00e9lectriques en RDC ou en C\u00f4te d\u2019Ivoire ?"},{"@type":"BreadcrumbList","@id":"https:\/\/www.africa-press.net\/cotedivoire\/economie\/un-marche-pour-les-vehicules-electriques-en-rdc-ou-en-cote-divoire#breadcrumb","itemListElement":[{"@type":"ListItem","position":1,"name":"Accueil","item":"https:\/\/www.africa-press.net\/cotedivoire\/"},{"@type":"ListItem","position":2,"name":"Un march\u00e9 pour les v\u00e9hicules \u00e9lectriques en RDC ou en C\u00f4te d\u2019Ivoire ?"}]},{"@type":"WebSite","@id":"https:\/\/www.africa-press.net\/cotedivoire\/#website","url":"https:\/\/www.africa-press.net\/cotedivoire\/","name":"C\u00f4te d&#039;Ivoire","description":"Just another Africa News Agency Sites site","potentialAction":[{"@type":"SearchAction","target":{"@type":"EntryPoint","urlTemplate":"https:\/\/www.africa-press.net\/cotedivoire\/?s={search_term_string}"},"query-input":{"@type":"PropertyValueSpecification","valueRequired":true,"valueName":"search_term_string"}}],"inLanguage":"fr-FR"},{"@type":"Person","@id":"https:\/\/www.africa-press.net\/cotedivoire\/#\/schema\/person\/2b1cf3cd81a31e3cd26889ca66d677f1","name":"cfeditorfr"}]}},"_links":{"self":[{"href":"https:\/\/www.africa-press.net\/cotedivoire\/wp-json\/wp\/v2\/posts\/9759","targetHints":{"allow":["GET"]}}],"collection":[{"href":"https:\/\/www.africa-press.net\/cotedivoire\/wp-json\/wp\/v2\/posts"}],"about":[{"href":"https:\/\/www.africa-press.net\/cotedivoire\/wp-json\/wp\/v2\/types\/post"}],"author":[{"embeddable":true,"href":"https:\/\/www.africa-press.net\/cotedivoire\/wp-json\/wp\/v2\/users\/82"}],"replies":[{"embeddable":true,"href":"https:\/\/www.africa-press.net\/cotedivoire\/wp-json\/wp\/v2\/comments?post=9759"}],"version-history":[{"count":0,"href":"https:\/\/www.africa-press.net\/cotedivoire\/wp-json\/wp\/v2\/posts\/9759\/revisions"}],"wp:featuredmedia":[{"embeddable":true,"href":"https:\/\/www.africa-press.net\/cotedivoire\/wp-json\/wp\/v2\/media\/9758"}],"wp:attachment":[{"href":"https:\/\/www.africa-press.net\/cotedivoire\/wp-json\/wp\/v2\/media?parent=9759"}],"wp:term":[{"taxonomy":"category","embeddable":true,"href":"https:\/\/www.africa-press.net\/cotedivoire\/wp-json\/wp\/v2\/categories?post=9759"},{"taxonomy":"post_tag","embeddable":true,"href":"https:\/\/www.africa-press.net\/cotedivoire\/wp-json\/wp\/v2\/tags?post=9759"}],"curies":[{"name":"wp","href":"https:\/\/api.w.org\/{rel}","templated":true}]}}