{"id":97687,"date":"2025-04-16T17:42:41","date_gmt":"2025-04-16T17:42:41","guid":{"rendered":"https:\/\/www.africa-press.net\/cotedivoire\/politique\/ministere-de-lenseignement-technique-lancement-dun-recrutement-pour-la-formation-insertion-de-750-jeunes"},"modified":"2025-04-16T17:42:41","modified_gmt":"2025-04-16T17:42:41","slug":"ministere-de-lenseignement-technique-lancement-dun-recrutement-pour-la-formation-insertion-de-750-jeunes","status":"publish","type":"post","link":"https:\/\/www.africa-press.net\/cotedivoire\/culture-et-art\/ministere-de-lenseignement-technique-lancement-dun-recrutement-pour-la-formation-insertion-de-750-jeunes","title":{"rendered":"Minist\u00e8re de l&rsquo;Enseignement Technique, lancement d&rsquo;un recrutement pour la Formation Insertion de 750 jeunes"},"content":{"rendered":"<p><span style=\"color: #ff6600\"><strong>Africa-Press &#8211; C\u00f4te d&rsquo;Ivoire. <\/strong><\/span>Dans le cadre de l\u2019E\u0301cole de la 2e Chance (E2C), le @Ministe\u0300re de l\u2019Enseignement Technique, de la Formation Ministe\u0300re de l&rsquo;Enseignement Technique et de la Formation Professionnelle et de l\u2019Apprentissage (METFPA) et l\u2019entreprise LEMETIER lancent un recrutement pour la Formation Insertion de sept cent cinquante (750) jeunes.<\/p>\n<p>Les concerne\u0301s seront forme\u0301s aux me\u0301tiers des Services d\u2019Aide a\u0300 la Personne et aux Entreprises (Serveur, Gouvernant(e), Linge\u0300re, Nounou, Me\u0301nage\u0300re, Cuisinier(e\u0300re), Re\u0301ceptionniste, Agent de nettoyage, Aide-Soignant a\u0300 Domicile).<\/p>\n<p>Les candidatures sont rec\u0327ues depuis le lundi 14 avril et prendront fin le dimanche 20 avril 2025. Pour toutes informations utiles, les inte\u0301resse\u0301s peuvent contacter les services du Ministe\u0300re.<\/p>\n<p><strong>Pour plus d&rsquo;informations et d&rsquo;analyses sur la <span style=\"color: #ff6600\">C\u00f4te d&rsquo;Ivoire<\/span>, suivez <span style=\"color: #ff6600\">Africa-Press<span style=\"color: #ff6600\"><\/span><\/strong><\/p>\n","protected":false},"excerpt":{"rendered":"<p>Africa-Press &#8211; C\u00f4te d&rsquo;Ivoire. Dans le cadre de l\u2019E\u0301cole de la 2e Chance (E2C), le @Ministe\u0300re de l\u2019Enseignement Technique, de la Formation Ministe\u0300re de l&rsquo;Enseignement Technique et de la Formation Professionnelle et de l\u2019Apprentissage (METFPA) et l\u2019entreprise LEMETIER lancent un recrutement pour la Formation Insertion de sept cent cinquante (750) jeunes. Les concerne\u0301s seront forme\u0301s [&hellip;]<\/p>\n","protected":false},"author":82,"featured_media":97686,"comment_status":"open","ping_status":"closed","sticky":false,"template":"","format":"standard","meta":{"footnotes":""},"categories":[5,10],"tags":[37,87,865,13375,17398,571,856],"class_list":["post-97687","post","type-post","status-publish","format-standard","has-post-thumbnail","hentry","category-culture-et-art","category-toutes-les-actualites","tag-cote-divoire-2","tag-enseignement","tag-formation","tag-insertion","tag-lemetier","tag-ministere","tag-technique"],"yoast_head":"<!-- This site is optimized with the Yoast SEO Premium plugin v26.1 (Yoast SEO v27.0) - https:\/\/yoast.com\/product\/yoast-seo-premium-wordpress\/ -->\n<title>Minist\u00e8re de l&#039;Enseignement Technique, lancement d&#039;un recrutement pour la Formation Insertion de 750 jeunes - C\u00f4te d&#039;Ivoire<\/title>\n<meta name=\"robots\" content=\"index, follow, max-snippet:-1, max-image-preview:large, max-video-preview:-1\" \/>\n<link rel=\"canonical\" href=\"https:\/\/www.africa-press.net\/cotedivoire\/politique\/ministere-de-lenseignement-technique-lancement-dun-recrutement-pour-la-formation-insertion-de-750-jeunes\" \/>\n<meta property=\"og:locale\" content=\"fr_FR\" \/>\n<meta property=\"og:type\" content=\"article\" \/>\n<meta property=\"og:title\" content=\"Minist\u00e8re de l&#039;Enseignement Technique, lancement d&#039;un recrutement pour la Formation Insertion de 750 jeunes\" \/>\n<meta property=\"og:description\" content=\"Africa-Press &#8211; C\u00f4te d&rsquo;Ivoire. Dans le cadre de l\u2019E\u0301cole de la 2e Chance (E2C), le @Ministe\u0300re de l\u2019Enseignement Technique, de la Formation Ministe\u0300re de l&rsquo;Enseignement Technique et de la Formation Professionnelle et de l\u2019Apprentissage (METFPA) et l\u2019entreprise LEMETIER lancent un recrutement pour la Formation Insertion de sept cent cinquante (750) jeunes. Les concerne\u0301s seront forme\u0301s [&hellip;]\" \/>\n<meta property=\"og:url\" content=\"https:\/\/www.africa-press.net\/cotedivoire\/politique\/ministere-de-lenseignement-technique-lancement-dun-recrutement-pour-la-formation-insertion-de-750-jeunes\" \/>\n<meta property=\"og:site_name\" content=\"C\u00f4te d&#039;Ivoire\" \/>\n<meta property=\"article:published_time\" content=\"2025-04-16T17:42:41+00:00\" \/>\n<meta name=\"author\" content=\"cfeditorfr\" \/>\n<meta name=\"twitter:card\" content=\"summary_large_image\" \/>\n<meta name=\"twitter:label1\" content=\"\u00c9crit par\" \/>\n\t<meta name=\"twitter:data1\" content=\"cfeditorfr\" \/>\n\t<meta name=\"twitter:label2\" content=\"Dur\u00e9e de lecture estim\u00e9e\" \/>\n\t<meta name=\"twitter:data2\" content=\"1 minute\" \/>\n<script type=\"application\/ld+json\" class=\"yoast-schema-graph\">{\"@context\":\"https:\/\/schema.org\",\"@graph\":[{\"@type\":\"Article\",\"@id\":\"https:\/\/www.africa-press.net\/cotedivoire\/politique\/ministere-de-lenseignement-technique-lancement-dun-recrutement-pour-la-formation-insertion-de-750-jeunes#article\",\"isPartOf\":{\"@id\":\"https:\/\/www.africa-press.net\/cotedivoire\/politique\/ministere-de-lenseignement-technique-lancement-dun-recrutement-pour-la-formation-insertion-de-750-jeunes\"},\"author\":{\"name\":\"cfeditorfr\",\"@id\":\"https:\/\/www.africa-press.net\/cotedivoire\/#\/schema\/person\/2b1cf3cd81a31e3cd26889ca66d677f1\"},\"headline\":\"Minist\u00e8re de l&rsquo;Enseignement Technique, lancement d&rsquo;un recrutement pour la Formation Insertion de 750 jeunes\",\"datePublished\":\"2025-04-16T17:42:41+00:00\",\"mainEntityOfPage\":{\"@id\":\"https:\/\/www.africa-press.net\/cotedivoire\/politique\/ministere-de-lenseignement-technique-lancement-dun-recrutement-pour-la-formation-insertion-de-750-jeunes\"},\"wordCount\":161,\"commentCount\":0,\"image\":{\"@id\":\"https:\/\/www.africa-press.net\/cotedivoire\/politique\/ministere-de-lenseignement-technique-lancement-dun-recrutement-pour-la-formation-insertion-de-750-jeunes#primaryimage\"},\"thumbnailUrl\":\"https:\/\/static.africa-press.net\/cote\/sites\/43\/2025\/04\/sm_1744816494.821486.jpg\",\"keywords\":[\"C\u00f4te d'Ivoire\",\"Enseignement\",\"Formation\",\"insertion\",\"LEMETIER\",\"Minist\u00e8re\",\"technique\"],\"articleSection\":[\"Culture et Art\",\"Toutes les actualit\u00e9s\"],\"inLanguage\":\"fr-FR\",\"potentialAction\":[{\"@type\":\"CommentAction\",\"name\":\"Comment\",\"target\":[\"https:\/\/www.africa-press.net\/cotedivoire\/politique\/ministere-de-lenseignement-technique-lancement-dun-recrutement-pour-la-formation-insertion-de-750-jeunes#respond\"]}]},{\"@type\":\"WebPage\",\"@id\":\"https:\/\/www.africa-press.net\/cotedivoire\/politique\/ministere-de-lenseignement-technique-lancement-dun-recrutement-pour-la-formation-insertion-de-750-jeunes\",\"url\":\"https:\/\/www.africa-press.net\/cotedivoire\/politique\/ministere-de-lenseignement-technique-lancement-dun-recrutement-pour-la-formation-insertion-de-750-jeunes\",\"name\":\"Minist\u00e8re de l'Enseignement Technique, lancement d'un recrutement pour la Formation Insertion de 750 jeunes - C\u00f4te d&#039;Ivoire\",\"isPartOf\":{\"@id\":\"https:\/\/www.africa-press.net\/cotedivoire\/#website\"},\"primaryImageOfPage\":{\"@id\":\"https:\/\/www.africa-press.net\/cotedivoire\/politique\/ministere-de-lenseignement-technique-lancement-dun-recrutement-pour-la-formation-insertion-de-750-jeunes#primaryimage\"},\"image\":{\"@id\":\"https:\/\/www.africa-press.net\/cotedivoire\/politique\/ministere-de-lenseignement-technique-lancement-dun-recrutement-pour-la-formation-insertion-de-750-jeunes#primaryimage\"},\"thumbnailUrl\":\"https:\/\/static.africa-press.net\/cote\/sites\/43\/2025\/04\/sm_1744816494.821486.jpg\",\"datePublished\":\"2025-04-16T17:42:41+00:00\",\"author\":{\"@id\":\"https:\/\/www.africa-press.net\/cotedivoire\/#\/schema\/person\/2b1cf3cd81a31e3cd26889ca66d677f1\"},\"breadcrumb\":{\"@id\":\"https:\/\/www.africa-press.net\/cotedivoire\/politique\/ministere-de-lenseignement-technique-lancement-dun-recrutement-pour-la-formation-insertion-de-750-jeunes#breadcrumb\"},\"inLanguage\":\"fr-FR\",\"potentialAction\":[{\"@type\":\"ReadAction\",\"target\":[\"https:\/\/www.africa-press.net\/cotedivoire\/politique\/ministere-de-lenseignement-technique-lancement-dun-recrutement-pour-la-formation-insertion-de-750-jeunes\"]}]},{\"@type\":\"ImageObject\",\"inLanguage\":\"fr-FR\",\"@id\":\"https:\/\/www.africa-press.net\/cotedivoire\/politique\/ministere-de-lenseignement-technique-lancement-dun-recrutement-pour-la-formation-insertion-de-750-jeunes#primaryimage\",\"url\":\"https:\/\/static.africa-press.net\/cote\/sites\/43\/2025\/04\/sm_1744816494.821486.jpg\",\"contentUrl\":\"https:\/\/static.africa-press.net\/cote\/sites\/43\/2025\/04\/sm_1744816494.821486.jpg\",\"width\":720,\"height\":434,\"caption\":\"Minist\u00e8re de l'Enseignement Technique, lancement d'un recrutement pour la Formation Insertion de 750 jeunes\"},{\"@type\":\"BreadcrumbList\",\"@id\":\"https:\/\/www.africa-press.net\/cotedivoire\/politique\/ministere-de-lenseignement-technique-lancement-dun-recrutement-pour-la-formation-insertion-de-750-jeunes#breadcrumb\",\"itemListElement\":[{\"@type\":\"ListItem\",\"position\":1,\"name\":\"Accueil\",\"item\":\"https:\/\/www.africa-press.net\/cotedivoire\/\"},{\"@type\":\"ListItem\",\"position\":2,\"name\":\"Minist\u00e8re de l&rsquo;Enseignement Technique, lancement d&rsquo;un recrutement pour la Formation Insertion de 750 jeunes\"}]},{\"@type\":\"WebSite\",\"@id\":\"https:\/\/www.africa-press.net\/cotedivoire\/#website\",\"url\":\"https:\/\/www.africa-press.net\/cotedivoire\/\",\"name\":\"C\u00f4te d&#039;Ivoire\",\"description\":\"Just another Africa News Agency Sites site\",\"potentialAction\":[{\"@type\":\"SearchAction\",\"target\":{\"@type\":\"EntryPoint\",\"urlTemplate\":\"https:\/\/www.africa-press.net\/cotedivoire\/?s={search_term_string}\"},\"query-input\":{\"@type\":\"PropertyValueSpecification\",\"valueRequired\":true,\"valueName\":\"search_term_string\"}}],\"inLanguage\":\"fr-FR\"},{\"@type\":\"Person\",\"@id\":\"https:\/\/www.africa-press.net\/cotedivoire\/#\/schema\/person\/2b1cf3cd81a31e3cd26889ca66d677f1\",\"name\":\"cfeditorfr\"}]}<\/script>\n<!-- \/ Yoast SEO Premium plugin. -->","yoast_head_json":{"title":"Minist\u00e8re de l'Enseignement Technique, lancement d'un recrutement pour la Formation Insertion de 750 jeunes - C\u00f4te d&#039;Ivoire","robots":{"index":"index","follow":"follow","max-snippet":"max-snippet:-1","max-image-preview":"max-image-preview:large","max-video-preview":"max-video-preview:-1"},"canonical":"https:\/\/www.africa-press.net\/cotedivoire\/politique\/ministere-de-lenseignement-technique-lancement-dun-recrutement-pour-la-formation-insertion-de-750-jeunes","og_locale":"fr_FR","og_type":"article","og_title":"Minist\u00e8re de l'Enseignement Technique, lancement d'un recrutement pour la Formation Insertion de 750 jeunes","og_description":"Africa-Press &#8211; C\u00f4te d&rsquo;Ivoire. Dans le cadre de l\u2019E\u0301cole de la 2e Chance (E2C), le @Ministe\u0300re de l\u2019Enseignement Technique, de la Formation Ministe\u0300re de l&rsquo;Enseignement Technique et de la Formation Professionnelle et de l\u2019Apprentissage (METFPA) et l\u2019entreprise LEMETIER lancent un recrutement pour la Formation Insertion de sept cent cinquante (750) jeunes. Les concerne\u0301s seront forme\u0301s [&hellip;]","og_url":"https:\/\/www.africa-press.net\/cotedivoire\/politique\/ministere-de-lenseignement-technique-lancement-dun-recrutement-pour-la-formation-insertion-de-750-jeunes","og_site_name":"C\u00f4te d&#039;Ivoire","article_published_time":"2025-04-16T17:42:41+00:00","author":"cfeditorfr","twitter_card":"summary_large_image","twitter_misc":{"\u00c9crit par":"cfeditorfr","Dur\u00e9e de lecture estim\u00e9e":"1 minute"},"schema":{"@context":"https:\/\/schema.org","@graph":[{"@type":"Article","@id":"https:\/\/www.africa-press.net\/cotedivoire\/politique\/ministere-de-lenseignement-technique-lancement-dun-recrutement-pour-la-formation-insertion-de-750-jeunes#article","isPartOf":{"@id":"https:\/\/www.africa-press.net\/cotedivoire\/politique\/ministere-de-lenseignement-technique-lancement-dun-recrutement-pour-la-formation-insertion-de-750-jeunes"},"author":{"name":"cfeditorfr","@id":"https:\/\/www.africa-press.net\/cotedivoire\/#\/schema\/person\/2b1cf3cd81a31e3cd26889ca66d677f1"},"headline":"Minist\u00e8re de l&rsquo;Enseignement Technique, lancement d&rsquo;un recrutement pour la Formation Insertion de 750 jeunes","datePublished":"2025-04-16T17:42:41+00:00","mainEntityOfPage":{"@id":"https:\/\/www.africa-press.net\/cotedivoire\/politique\/ministere-de-lenseignement-technique-lancement-dun-recrutement-pour-la-formation-insertion-de-750-jeunes"},"wordCount":161,"commentCount":0,"image":{"@id":"https:\/\/www.africa-press.net\/cotedivoire\/politique\/ministere-de-lenseignement-technique-lancement-dun-recrutement-pour-la-formation-insertion-de-750-jeunes#primaryimage"},"thumbnailUrl":"https:\/\/static.africa-press.net\/cote\/sites\/43\/2025\/04\/sm_1744816494.821486.jpg","keywords":["C\u00f4te d'Ivoire","Enseignement","Formation","insertion","LEMETIER","Minist\u00e8re","technique"],"articleSection":["Culture et Art","Toutes les actualit\u00e9s"],"inLanguage":"fr-FR","potentialAction":[{"@type":"CommentAction","name":"Comment","target":["https:\/\/www.africa-press.net\/cotedivoire\/politique\/ministere-de-lenseignement-technique-lancement-dun-recrutement-pour-la-formation-insertion-de-750-jeunes#respond"]}]},{"@type":"WebPage","@id":"https:\/\/www.africa-press.net\/cotedivoire\/politique\/ministere-de-lenseignement-technique-lancement-dun-recrutement-pour-la-formation-insertion-de-750-jeunes","url":"https:\/\/www.africa-press.net\/cotedivoire\/politique\/ministere-de-lenseignement-technique-lancement-dun-recrutement-pour-la-formation-insertion-de-750-jeunes","name":"Minist\u00e8re de l'Enseignement Technique, lancement d'un recrutement pour la Formation Insertion de 750 jeunes - C\u00f4te d&#039;Ivoire","isPartOf":{"@id":"https:\/\/www.africa-press.net\/cotedivoire\/#website"},"primaryImageOfPage":{"@id":"https:\/\/www.africa-press.net\/cotedivoire\/politique\/ministere-de-lenseignement-technique-lancement-dun-recrutement-pour-la-formation-insertion-de-750-jeunes#primaryimage"},"image":{"@id":"https:\/\/www.africa-press.net\/cotedivoire\/politique\/ministere-de-lenseignement-technique-lancement-dun-recrutement-pour-la-formation-insertion-de-750-jeunes#primaryimage"},"thumbnailUrl":"https:\/\/static.africa-press.net\/cote\/sites\/43\/2025\/04\/sm_1744816494.821486.jpg","datePublished":"2025-04-16T17:42:41+00:00","author":{"@id":"https:\/\/www.africa-press.net\/cotedivoire\/#\/schema\/person\/2b1cf3cd81a31e3cd26889ca66d677f1"},"breadcrumb":{"@id":"https:\/\/www.africa-press.net\/cotedivoire\/politique\/ministere-de-lenseignement-technique-lancement-dun-recrutement-pour-la-formation-insertion-de-750-jeunes#breadcrumb"},"inLanguage":"fr-FR","potentialAction":[{"@type":"ReadAction","target":["https:\/\/www.africa-press.net\/cotedivoire\/politique\/ministere-de-lenseignement-technique-lancement-dun-recrutement-pour-la-formation-insertion-de-750-jeunes"]}]},{"@type":"ImageObject","inLanguage":"fr-FR","@id":"https:\/\/www.africa-press.net\/cotedivoire\/politique\/ministere-de-lenseignement-technique-lancement-dun-recrutement-pour-la-formation-insertion-de-750-jeunes#primaryimage","url":"https:\/\/static.africa-press.net\/cote\/sites\/43\/2025\/04\/sm_1744816494.821486.jpg","contentUrl":"https:\/\/static.africa-press.net\/cote\/sites\/43\/2025\/04\/sm_1744816494.821486.jpg","width":720,"height":434,"caption":"Minist\u00e8re de l'Enseignement Technique, lancement d'un recrutement pour la Formation Insertion de 750 jeunes"},{"@type":"BreadcrumbList","@id":"https:\/\/www.africa-press.net\/cotedivoire\/politique\/ministere-de-lenseignement-technique-lancement-dun-recrutement-pour-la-formation-insertion-de-750-jeunes#breadcrumb","itemListElement":[{"@type":"ListItem","position":1,"name":"Accueil","item":"https:\/\/www.africa-press.net\/cotedivoire\/"},{"@type":"ListItem","position":2,"name":"Minist\u00e8re de l&rsquo;Enseignement Technique, lancement d&rsquo;un recrutement pour la Formation Insertion de 750 jeunes"}]},{"@type":"WebSite","@id":"https:\/\/www.africa-press.net\/cotedivoire\/#website","url":"https:\/\/www.africa-press.net\/cotedivoire\/","name":"C\u00f4te d&#039;Ivoire","description":"Just another Africa News Agency Sites site","potentialAction":[{"@type":"SearchAction","target":{"@type":"EntryPoint","urlTemplate":"https:\/\/www.africa-press.net\/cotedivoire\/?s={search_term_string}"},"query-input":{"@type":"PropertyValueSpecification","valueRequired":true,"valueName":"search_term_string"}}],"inLanguage":"fr-FR"},{"@type":"Person","@id":"https:\/\/www.africa-press.net\/cotedivoire\/#\/schema\/person\/2b1cf3cd81a31e3cd26889ca66d677f1","name":"cfeditorfr"}]}},"_links":{"self":[{"href":"https:\/\/www.africa-press.net\/cotedivoire\/wp-json\/wp\/v2\/posts\/97687","targetHints":{"allow":["GET"]}}],"collection":[{"href":"https:\/\/www.africa-press.net\/cotedivoire\/wp-json\/wp\/v2\/posts"}],"about":[{"href":"https:\/\/www.africa-press.net\/cotedivoire\/wp-json\/wp\/v2\/types\/post"}],"author":[{"embeddable":true,"href":"https:\/\/www.africa-press.net\/cotedivoire\/wp-json\/wp\/v2\/users\/82"}],"replies":[{"embeddable":true,"href":"https:\/\/www.africa-press.net\/cotedivoire\/wp-json\/wp\/v2\/comments?post=97687"}],"version-history":[{"count":0,"href":"https:\/\/www.africa-press.net\/cotedivoire\/wp-json\/wp\/v2\/posts\/97687\/revisions"}],"wp:featuredmedia":[{"embeddable":true,"href":"https:\/\/www.africa-press.net\/cotedivoire\/wp-json\/wp\/v2\/media\/97686"}],"wp:attachment":[{"href":"https:\/\/www.africa-press.net\/cotedivoire\/wp-json\/wp\/v2\/media?parent=97687"}],"wp:term":[{"taxonomy":"category","embeddable":true,"href":"https:\/\/www.africa-press.net\/cotedivoire\/wp-json\/wp\/v2\/categories?post=97687"},{"taxonomy":"post_tag","embeddable":true,"href":"https:\/\/www.africa-press.net\/cotedivoire\/wp-json\/wp\/v2\/tags?post=97687"}],"curies":[{"name":"wp","href":"https:\/\/api.w.org\/{rel}","templated":true}]}}