{"id":9790,"date":"2021-07-07T14:37:03","date_gmt":"2021-07-07T14:37:03","guid":{"rendered":"https:\/\/www.africa-press.net\/cotedivoire\/?p=9790"},"modified":"2021-07-08T02:56:12","modified_gmt":"2021-07-08T02:56:12","slug":"cote-divoire-jacques-ehouo-et-robert-beugre-mambe-un-bras-de-fer-tres-politique-au-plateau","status":"publish","type":"post","link":"https:\/\/www.africa-press.net\/cotedivoire\/politique\/cote-divoire-jacques-ehouo-et-robert-beugre-mambe-un-bras-de-fer-tres-politique-au-plateau","title":{"rendered":"Jacques Ehouo et Robert Beugr\u00e9 Mamb\u00e9 : un bras de fer tr\u00e8s politique au Plateau"},"content":{"rendered":"<p><span style=\"color: #ff6600\"><strong><a href=\"https:\/\/www.africa-press.net\/\">Africa-Press<\/a> &#8211; <a href=\"https:\/\/www.africa-press.net\/cotedivoire\">C\u00f4te d&rsquo;Ivoire<\/a>. <\/strong><\/span>Le 4 juillet, le district d\u2019Abidjan a proc\u00e9d\u00e9 \u00e0 la d\u00e9molition d\u2019un ouvrage d\u2019embellissement r\u00e9alis\u00e9 par la mairie du Plateau. Une querelle qui r\u00e9v\u00e8le les tensions entre le d\u00e9put\u00e9-maire du quartier d\u2019affaires, membre du parti d\u2019Henri Konan B\u00e9di\u00e9, et le ministre-gouverneur d\u2019Abidjan, membre du RHDP d\u2019Alassane Ouattara.<\/p>\n<p>Il est presque minuit, dans la nuit du samedi au dimanche 4 juillet, lorsque des agents missionn\u00e9s par le gouvernorat du district d\u2019Abidjan entament la d\u00e9molition d\u2019un ouvrage d\u2019embellissement du Plateau, am\u00e9nag\u00e9 entre le palais de justice et la cath\u00e9drale Saint-Paul. Ils s\u2019activent sous le regard des forces de l\u2019ordre, jusqu\u2019\u00e0 sa destruction totale. Commandit\u00e9 par la mairie dans le cadre d\u2019un projet d\u2019am\u00e9nagement de la commune la plus puissante du pays, l\u2019installation devait \u00eatre livr\u00e9e le lundi 5 juillet. Depuis, les autorit\u00e9s communales ne d\u00e9col\u00e8rent pas : elles se sont fendues d\u2019un communiqu\u00e9 le 6 juillet pour d\u00e9noncer un \u00ab abus d\u2019autorit\u00e9 \u00bb.<\/p>\n<p>Comment l\u2019ornementation de cet espace public est-elle devenue un sujet de discorde \u00e0 Abidjan ? Depuis plusieurs mois, elle est au centre d\u2019un bras de fer qui oppose deux hommes influents de la capitale \u00e9conomique ivoirienne : le d\u00e9put\u00e9-maire PDCI-RDA (Parti d\u00e9mocratique de C\u00f4te d\u2019Ivoire-Rassemblement d\u00e9mocratique africain) Jacques Ehouo, et le ministre-gouverneur du district, Robert Beugr\u00e9 Mamb\u00e9, membre du parti au pouvoir, le Rassemblement des houphou\u00ebtistes pour la d\u00e9mocratie et la paix (RHDP).<\/p>\n<p><b>Suspensions \u00e0 r\u00e9p\u00e9tition<\/b><\/p>\n<p>Tout commence au d\u00e9but de l\u2019ann\u00e9e, quand le conseil du Plateau vote un budget pour am\u00e9nager les points d\u2019entr\u00e9e du quartier d\u2019affaires. \u00ab Nous avons port\u00e9 l\u2019information au district, afin de savoir s\u2019ils avaient des observations \u00e0 faire. Il n\u2019y en a pas eu, raconte Jacques Ehouo. Nous avons donc entam\u00e9 la r\u00e9alisation du projet, en commen\u00e7ant par les entr\u00e9es Chardy et Carena. Celle situ\u00e9e pr\u00e8s du palais de justice et de la cath\u00e9drale \u00e9tait le troisi\u00e8me espace sur lequel nous faisions des am\u00e9nagements \u00bb. Mais le district, qui revendique la propri\u00e9t\u00e9 des lieux, interpelle la mairie et fait arr\u00eater les travaux en f\u00e9vrier.<\/p>\n","protected":false},"excerpt":{"rendered":"<p>Africa-Press &#8211; C\u00f4te d&rsquo;Ivoire. Le 4 juillet, le district d\u2019Abidjan a proc\u00e9d\u00e9 \u00e0 la d\u00e9molition d\u2019un ouvrage d\u2019embellissement r\u00e9alis\u00e9 par la mairie du Plateau. Une querelle qui r\u00e9v\u00e8le les tensions entre le d\u00e9put\u00e9-maire du quartier d\u2019affaires, membre du parti d\u2019Henri Konan B\u00e9di\u00e9, et le ministre-gouverneur d\u2019Abidjan, membre du RHDP d\u2019Alassane Ouattara. Il est presque minuit, [&hellip;]<\/p>\n","protected":false},"author":82,"featured_media":9789,"comment_status":"open","ping_status":"closed","sticky":false,"template":"","format":"standard","meta":{"footnotes":""},"categories":[11,2,20,10],"tags":[56,63,29],"class_list":["post-9790","post","type-post","status-publish","format-standard","has-post-thumbnail","hentry","category-homepage-french","category-politique","category-top-nouvelles","category-toutes-les-actualites","tag-africa-press","tag-africa-press-cote-divoire","tag-cote-divoire"],"yoast_head":"<!-- This site is optimized with the Yoast SEO Premium plugin v26.1 (Yoast SEO v27.0) - https:\/\/yoast.com\/product\/yoast-seo-premium-wordpress\/ -->\n<title>Jacques Ehouo et Robert Beugr\u00e9 Mamb\u00e9 : un bras de fer tr\u00e8s politique au Plateau - C\u00f4te d&#039;Ivoire<\/title>\n<meta name=\"description\" content=\"Le 4 juillet, le district d\u2019Abidjan a proc\u00e9d\u00e9 \u00e0 la d\u00e9molition d\u2019un ouvrage d\u2019embellissement r\u00e9alis\u00e9 par la mairie du Pla ...\" \/>\n<meta name=\"robots\" content=\"index, follow, max-snippet:-1, max-image-preview:large, max-video-preview:-1\" \/>\n<link rel=\"canonical\" href=\"https:\/\/www.africa-press.net\/cotedivoire\/politique\/cote-divoire-jacques-ehouo-et-robert-beugre-mambe-un-bras-de-fer-tres-politique-au-plateau\" \/>\n<meta property=\"og:locale\" content=\"fr_FR\" \/>\n<meta property=\"og:type\" content=\"article\" \/>\n<meta property=\"og:title\" content=\"Jacques Ehouo et Robert Beugr\u00e9 Mamb\u00e9 : un bras de fer tr\u00e8s politique au Plateau\" \/>\n<meta property=\"og:description\" content=\"Le 4 juillet, le district d\u2019Abidjan a proc\u00e9d\u00e9 \u00e0 la d\u00e9molition d\u2019un ouvrage d\u2019embellissement r\u00e9alis\u00e9 par la mairie du Pla ...\" \/>\n<meta property=\"og:url\" content=\"https:\/\/www.africa-press.net\/cotedivoire\/politique\/cote-divoire-jacques-ehouo-et-robert-beugre-mambe-un-bras-de-fer-tres-politique-au-plateau\" \/>\n<meta property=\"og:site_name\" content=\"C\u00f4te d&#039;Ivoire\" \/>\n<meta property=\"article:published_time\" content=\"2021-07-07T14:37:03+00:00\" \/>\n<meta property=\"article:modified_time\" content=\"2021-07-08T02:56:12+00:00\" \/>\n<meta property=\"og:image\" content=\"https:\/\/static.africa-press.net\/cote\/sites\/43\/2021\/07\/img-60e5b96d4e987.jpg\" \/>\n\t<meta property=\"og:image:width\" content=\"720\" \/>\n\t<meta property=\"og:image:height\" content=\"360\" \/>\n\t<meta property=\"og:image:type\" content=\"image\/jpeg\" \/>\n<meta name=\"author\" content=\"cfeditorfr\" \/>\n<meta name=\"twitter:card\" content=\"summary_large_image\" \/>\n<meta name=\"twitter:label1\" content=\"\u00c9crit par\" \/>\n\t<meta name=\"twitter:data1\" content=\"cfeditorfr\" \/>\n\t<meta name=\"twitter:label2\" content=\"Dur\u00e9e de lecture estim\u00e9e\" \/>\n\t<meta name=\"twitter:data2\" content=\"2 minutes\" \/>\n<script type=\"application\/ld+json\" class=\"yoast-schema-graph\">{\"@context\":\"https:\/\/schema.org\",\"@graph\":[{\"@type\":\"Article\",\"@id\":\"https:\/\/www.africa-press.net\/cotedivoire\/politique\/cote-divoire-jacques-ehouo-et-robert-beugre-mambe-un-bras-de-fer-tres-politique-au-plateau#article\",\"isPartOf\":{\"@id\":\"https:\/\/www.africa-press.net\/cotedivoire\/politique\/cote-divoire-jacques-ehouo-et-robert-beugre-mambe-un-bras-de-fer-tres-politique-au-plateau\"},\"author\":{\"name\":\"cfeditorfr\",\"@id\":\"https:\/\/www.africa-press.net\/cotedivoire\/#\/schema\/person\/2b1cf3cd81a31e3cd26889ca66d677f1\"},\"headline\":\"Jacques Ehouo et Robert Beugr\u00e9 Mamb\u00e9 : un bras de fer tr\u00e8s politique au Plateau\",\"datePublished\":\"2021-07-07T14:37:03+00:00\",\"dateModified\":\"2021-07-08T02:56:12+00:00\",\"mainEntityOfPage\":{\"@id\":\"https:\/\/www.africa-press.net\/cotedivoire\/politique\/cote-divoire-jacques-ehouo-et-robert-beugre-mambe-un-bras-de-fer-tres-politique-au-plateau\"},\"wordCount\":405,\"commentCount\":0,\"image\":{\"@id\":\"https:\/\/www.africa-press.net\/cotedivoire\/politique\/cote-divoire-jacques-ehouo-et-robert-beugre-mambe-un-bras-de-fer-tres-politique-au-plateau#primaryimage\"},\"thumbnailUrl\":\"https:\/\/static.africa-press.net\/cote\/sites\/43\/2021\/07\/img-60e5b96d4e987.jpg\",\"keywords\":[\"Africa Press\",\"Africa Press-C\u00f4te d'Ivoire\",\"C\u00d4TE D'IVOIRE\"],\"articleSection\":[\"homepage-french\",\"Politique\",\"Top Nouvelles\",\"Toutes les actualit\u00e9s\"],\"inLanguage\":\"fr-FR\",\"potentialAction\":[{\"@type\":\"CommentAction\",\"name\":\"Comment\",\"target\":[\"https:\/\/www.africa-press.net\/cotedivoire\/politique\/cote-divoire-jacques-ehouo-et-robert-beugre-mambe-un-bras-de-fer-tres-politique-au-plateau#respond\"]}]},{\"@type\":\"WebPage\",\"@id\":\"https:\/\/www.africa-press.net\/cotedivoire\/politique\/cote-divoire-jacques-ehouo-et-robert-beugre-mambe-un-bras-de-fer-tres-politique-au-plateau\",\"url\":\"https:\/\/www.africa-press.net\/cotedivoire\/politique\/cote-divoire-jacques-ehouo-et-robert-beugre-mambe-un-bras-de-fer-tres-politique-au-plateau\",\"name\":\"Jacques Ehouo et Robert Beugr\u00e9 Mamb\u00e9 : un bras de fer tr\u00e8s politique au Plateau - C\u00f4te d&#039;Ivoire\",\"isPartOf\":{\"@id\":\"https:\/\/www.africa-press.net\/cotedivoire\/#website\"},\"primaryImageOfPage\":{\"@id\":\"https:\/\/www.africa-press.net\/cotedivoire\/politique\/cote-divoire-jacques-ehouo-et-robert-beugre-mambe-un-bras-de-fer-tres-politique-au-plateau#primaryimage\"},\"image\":{\"@id\":\"https:\/\/www.africa-press.net\/cotedivoire\/politique\/cote-divoire-jacques-ehouo-et-robert-beugre-mambe-un-bras-de-fer-tres-politique-au-plateau#primaryimage\"},\"thumbnailUrl\":\"https:\/\/static.africa-press.net\/cote\/sites\/43\/2021\/07\/img-60e5b96d4e987.jpg\",\"datePublished\":\"2021-07-07T14:37:03+00:00\",\"dateModified\":\"2021-07-08T02:56:12+00:00\",\"author\":{\"@id\":\"https:\/\/www.africa-press.net\/cotedivoire\/#\/schema\/person\/2b1cf3cd81a31e3cd26889ca66d677f1\"},\"description\":\"Le 4 juillet, le district d\u2019Abidjan a proc\u00e9d\u00e9 \u00e0 la d\u00e9molition d\u2019un ouvrage d\u2019embellissement r\u00e9alis\u00e9 par la mairie du Pla ...\",\"breadcrumb\":{\"@id\":\"https:\/\/www.africa-press.net\/cotedivoire\/politique\/cote-divoire-jacques-ehouo-et-robert-beugre-mambe-un-bras-de-fer-tres-politique-au-plateau#breadcrumb\"},\"inLanguage\":\"fr-FR\",\"potentialAction\":[{\"@type\":\"ReadAction\",\"target\":[\"https:\/\/www.africa-press.net\/cotedivoire\/politique\/cote-divoire-jacques-ehouo-et-robert-beugre-mambe-un-bras-de-fer-tres-politique-au-plateau\"]}]},{\"@type\":\"ImageObject\",\"inLanguage\":\"fr-FR\",\"@id\":\"https:\/\/www.africa-press.net\/cotedivoire\/politique\/cote-divoire-jacques-ehouo-et-robert-beugre-mambe-un-bras-de-fer-tres-politique-au-plateau#primaryimage\",\"url\":\"https:\/\/static.africa-press.net\/cote\/sites\/43\/2021\/07\/img-60e5b96d4e987.jpg\",\"contentUrl\":\"https:\/\/static.africa-press.net\/cote\/sites\/43\/2021\/07\/img-60e5b96d4e987.jpg\",\"width\":720,\"height\":360,\"caption\":\"C\u00f4te d\u2019Ivoire \u2013 Jacques Ehouo et Robert Beugr\u00e9 Mamb\u00e9 : un bras de fer tr\u00e8s politique au Plateau\"},{\"@type\":\"BreadcrumbList\",\"@id\":\"https:\/\/www.africa-press.net\/cotedivoire\/politique\/cote-divoire-jacques-ehouo-et-robert-beugre-mambe-un-bras-de-fer-tres-politique-au-plateau#breadcrumb\",\"itemListElement\":[{\"@type\":\"ListItem\",\"position\":1,\"name\":\"Accueil\",\"item\":\"https:\/\/www.africa-press.net\/cotedivoire\/\"},{\"@type\":\"ListItem\",\"position\":2,\"name\":\"Jacques Ehouo et Robert Beugr\u00e9 Mamb\u00e9 : un bras de fer tr\u00e8s politique au Plateau\"}]},{\"@type\":\"WebSite\",\"@id\":\"https:\/\/www.africa-press.net\/cotedivoire\/#website\",\"url\":\"https:\/\/www.africa-press.net\/cotedivoire\/\",\"name\":\"C\u00f4te d&#039;Ivoire\",\"description\":\"Just another Africa News Agency Sites site\",\"potentialAction\":[{\"@type\":\"SearchAction\",\"target\":{\"@type\":\"EntryPoint\",\"urlTemplate\":\"https:\/\/www.africa-press.net\/cotedivoire\/?s={search_term_string}\"},\"query-input\":{\"@type\":\"PropertyValueSpecification\",\"valueRequired\":true,\"valueName\":\"search_term_string\"}}],\"inLanguage\":\"fr-FR\"},{\"@type\":\"Person\",\"@id\":\"https:\/\/www.africa-press.net\/cotedivoire\/#\/schema\/person\/2b1cf3cd81a31e3cd26889ca66d677f1\",\"name\":\"cfeditorfr\"}]}<\/script>\n<!-- \/ Yoast SEO Premium plugin. -->","yoast_head_json":{"title":"Jacques Ehouo et Robert Beugr\u00e9 Mamb\u00e9 : un bras de fer tr\u00e8s politique au Plateau - C\u00f4te d&#039;Ivoire","description":"Le 4 juillet, le district d\u2019Abidjan a proc\u00e9d\u00e9 \u00e0 la d\u00e9molition d\u2019un ouvrage d\u2019embellissement r\u00e9alis\u00e9 par la mairie du Pla ...","robots":{"index":"index","follow":"follow","max-snippet":"max-snippet:-1","max-image-preview":"max-image-preview:large","max-video-preview":"max-video-preview:-1"},"canonical":"https:\/\/www.africa-press.net\/cotedivoire\/politique\/cote-divoire-jacques-ehouo-et-robert-beugre-mambe-un-bras-de-fer-tres-politique-au-plateau","og_locale":"fr_FR","og_type":"article","og_title":"Jacques Ehouo et Robert Beugr\u00e9 Mamb\u00e9 : un bras de fer tr\u00e8s politique au Plateau","og_description":"Le 4 juillet, le district d\u2019Abidjan a proc\u00e9d\u00e9 \u00e0 la d\u00e9molition d\u2019un ouvrage d\u2019embellissement r\u00e9alis\u00e9 par la mairie du Pla ...","og_url":"https:\/\/www.africa-press.net\/cotedivoire\/politique\/cote-divoire-jacques-ehouo-et-robert-beugre-mambe-un-bras-de-fer-tres-politique-au-plateau","og_site_name":"C\u00f4te d&#039;Ivoire","article_published_time":"2021-07-07T14:37:03+00:00","article_modified_time":"2021-07-08T02:56:12+00:00","og_image":[{"width":720,"height":360,"url":"https:\/\/static.africa-press.net\/cote\/sites\/43\/2021\/07\/img-60e5b96d4e987.jpg","type":"image\/jpeg"}],"author":"cfeditorfr","twitter_card":"summary_large_image","twitter_misc":{"\u00c9crit par":"cfeditorfr","Dur\u00e9e de lecture estim\u00e9e":"2 minutes"},"schema":{"@context":"https:\/\/schema.org","@graph":[{"@type":"Article","@id":"https:\/\/www.africa-press.net\/cotedivoire\/politique\/cote-divoire-jacques-ehouo-et-robert-beugre-mambe-un-bras-de-fer-tres-politique-au-plateau#article","isPartOf":{"@id":"https:\/\/www.africa-press.net\/cotedivoire\/politique\/cote-divoire-jacques-ehouo-et-robert-beugre-mambe-un-bras-de-fer-tres-politique-au-plateau"},"author":{"name":"cfeditorfr","@id":"https:\/\/www.africa-press.net\/cotedivoire\/#\/schema\/person\/2b1cf3cd81a31e3cd26889ca66d677f1"},"headline":"Jacques Ehouo et Robert Beugr\u00e9 Mamb\u00e9 : un bras de fer tr\u00e8s politique au Plateau","datePublished":"2021-07-07T14:37:03+00:00","dateModified":"2021-07-08T02:56:12+00:00","mainEntityOfPage":{"@id":"https:\/\/www.africa-press.net\/cotedivoire\/politique\/cote-divoire-jacques-ehouo-et-robert-beugre-mambe-un-bras-de-fer-tres-politique-au-plateau"},"wordCount":405,"commentCount":0,"image":{"@id":"https:\/\/www.africa-press.net\/cotedivoire\/politique\/cote-divoire-jacques-ehouo-et-robert-beugre-mambe-un-bras-de-fer-tres-politique-au-plateau#primaryimage"},"thumbnailUrl":"https:\/\/static.africa-press.net\/cote\/sites\/43\/2021\/07\/img-60e5b96d4e987.jpg","keywords":["Africa Press","Africa Press-C\u00f4te d'Ivoire","C\u00d4TE D'IVOIRE"],"articleSection":["homepage-french","Politique","Top Nouvelles","Toutes les actualit\u00e9s"],"inLanguage":"fr-FR","potentialAction":[{"@type":"CommentAction","name":"Comment","target":["https:\/\/www.africa-press.net\/cotedivoire\/politique\/cote-divoire-jacques-ehouo-et-robert-beugre-mambe-un-bras-de-fer-tres-politique-au-plateau#respond"]}]},{"@type":"WebPage","@id":"https:\/\/www.africa-press.net\/cotedivoire\/politique\/cote-divoire-jacques-ehouo-et-robert-beugre-mambe-un-bras-de-fer-tres-politique-au-plateau","url":"https:\/\/www.africa-press.net\/cotedivoire\/politique\/cote-divoire-jacques-ehouo-et-robert-beugre-mambe-un-bras-de-fer-tres-politique-au-plateau","name":"Jacques Ehouo et Robert Beugr\u00e9 Mamb\u00e9 : un bras de fer tr\u00e8s politique au Plateau - C\u00f4te d&#039;Ivoire","isPartOf":{"@id":"https:\/\/www.africa-press.net\/cotedivoire\/#website"},"primaryImageOfPage":{"@id":"https:\/\/www.africa-press.net\/cotedivoire\/politique\/cote-divoire-jacques-ehouo-et-robert-beugre-mambe-un-bras-de-fer-tres-politique-au-plateau#primaryimage"},"image":{"@id":"https:\/\/www.africa-press.net\/cotedivoire\/politique\/cote-divoire-jacques-ehouo-et-robert-beugre-mambe-un-bras-de-fer-tres-politique-au-plateau#primaryimage"},"thumbnailUrl":"https:\/\/static.africa-press.net\/cote\/sites\/43\/2021\/07\/img-60e5b96d4e987.jpg","datePublished":"2021-07-07T14:37:03+00:00","dateModified":"2021-07-08T02:56:12+00:00","author":{"@id":"https:\/\/www.africa-press.net\/cotedivoire\/#\/schema\/person\/2b1cf3cd81a31e3cd26889ca66d677f1"},"description":"Le 4 juillet, le district d\u2019Abidjan a proc\u00e9d\u00e9 \u00e0 la d\u00e9molition d\u2019un ouvrage d\u2019embellissement r\u00e9alis\u00e9 par la mairie du Pla ...","breadcrumb":{"@id":"https:\/\/www.africa-press.net\/cotedivoire\/politique\/cote-divoire-jacques-ehouo-et-robert-beugre-mambe-un-bras-de-fer-tres-politique-au-plateau#breadcrumb"},"inLanguage":"fr-FR","potentialAction":[{"@type":"ReadAction","target":["https:\/\/www.africa-press.net\/cotedivoire\/politique\/cote-divoire-jacques-ehouo-et-robert-beugre-mambe-un-bras-de-fer-tres-politique-au-plateau"]}]},{"@type":"ImageObject","inLanguage":"fr-FR","@id":"https:\/\/www.africa-press.net\/cotedivoire\/politique\/cote-divoire-jacques-ehouo-et-robert-beugre-mambe-un-bras-de-fer-tres-politique-au-plateau#primaryimage","url":"https:\/\/static.africa-press.net\/cote\/sites\/43\/2021\/07\/img-60e5b96d4e987.jpg","contentUrl":"https:\/\/static.africa-press.net\/cote\/sites\/43\/2021\/07\/img-60e5b96d4e987.jpg","width":720,"height":360,"caption":"C\u00f4te d\u2019Ivoire \u2013 Jacques Ehouo et Robert Beugr\u00e9 Mamb\u00e9 : un bras de fer tr\u00e8s politique au Plateau"},{"@type":"BreadcrumbList","@id":"https:\/\/www.africa-press.net\/cotedivoire\/politique\/cote-divoire-jacques-ehouo-et-robert-beugre-mambe-un-bras-de-fer-tres-politique-au-plateau#breadcrumb","itemListElement":[{"@type":"ListItem","position":1,"name":"Accueil","item":"https:\/\/www.africa-press.net\/cotedivoire\/"},{"@type":"ListItem","position":2,"name":"Jacques Ehouo et Robert Beugr\u00e9 Mamb\u00e9 : un bras de fer tr\u00e8s politique au Plateau"}]},{"@type":"WebSite","@id":"https:\/\/www.africa-press.net\/cotedivoire\/#website","url":"https:\/\/www.africa-press.net\/cotedivoire\/","name":"C\u00f4te d&#039;Ivoire","description":"Just another Africa News Agency Sites site","potentialAction":[{"@type":"SearchAction","target":{"@type":"EntryPoint","urlTemplate":"https:\/\/www.africa-press.net\/cotedivoire\/?s={search_term_string}"},"query-input":{"@type":"PropertyValueSpecification","valueRequired":true,"valueName":"search_term_string"}}],"inLanguage":"fr-FR"},{"@type":"Person","@id":"https:\/\/www.africa-press.net\/cotedivoire\/#\/schema\/person\/2b1cf3cd81a31e3cd26889ca66d677f1","name":"cfeditorfr"}]}},"_links":{"self":[{"href":"https:\/\/www.africa-press.net\/cotedivoire\/wp-json\/wp\/v2\/posts\/9790","targetHints":{"allow":["GET"]}}],"collection":[{"href":"https:\/\/www.africa-press.net\/cotedivoire\/wp-json\/wp\/v2\/posts"}],"about":[{"href":"https:\/\/www.africa-press.net\/cotedivoire\/wp-json\/wp\/v2\/types\/post"}],"author":[{"embeddable":true,"href":"https:\/\/www.africa-press.net\/cotedivoire\/wp-json\/wp\/v2\/users\/82"}],"replies":[{"embeddable":true,"href":"https:\/\/www.africa-press.net\/cotedivoire\/wp-json\/wp\/v2\/comments?post=9790"}],"version-history":[{"count":0,"href":"https:\/\/www.africa-press.net\/cotedivoire\/wp-json\/wp\/v2\/posts\/9790\/revisions"}],"wp:featuredmedia":[{"embeddable":true,"href":"https:\/\/www.africa-press.net\/cotedivoire\/wp-json\/wp\/v2\/media\/9789"}],"wp:attachment":[{"href":"https:\/\/www.africa-press.net\/cotedivoire\/wp-json\/wp\/v2\/media?parent=9790"}],"wp:term":[{"taxonomy":"category","embeddable":true,"href":"https:\/\/www.africa-press.net\/cotedivoire\/wp-json\/wp\/v2\/categories?post=9790"},{"taxonomy":"post_tag","embeddable":true,"href":"https:\/\/www.africa-press.net\/cotedivoire\/wp-json\/wp\/v2\/tags?post=9790"}],"curies":[{"name":"wp","href":"https:\/\/api.w.org\/{rel}","templated":true}]}}