{"id":9793,"date":"2021-07-07T14:41:51","date_gmt":"2021-07-07T14:41:51","guid":{"rendered":"https:\/\/www.africa-press.net\/cotedivoire\/?p=9793"},"modified":"2021-07-08T02:56:25","modified_gmt":"2021-07-08T02:56:25","slug":"entretien-entre-le-president-ouattara-et-le-pdg-dafreximbank","status":"publish","type":"post","link":"https:\/\/www.africa-press.net\/cotedivoire\/politique\/entretien-entre-le-president-ouattara-et-le-pdg-dafreximbank","title":{"rendered":"Entretien entre le Pr\u00e9sident Ouattara et le PDG d\u2019Afreximbank"},"content":{"rendered":"<p><span style=\"color: #ff6600\"><strong><a href=\"https:\/\/www.africa-press.net\/\">Africa-Press<\/a> &#8211; <a href=\"https:\/\/www.africa-press.net\/cotedivoire\">C\u00f4te d&rsquo;Ivoire<\/a>. <\/strong><\/span>Le Chef de l\u2019Etat a \u00e9chang\u00e9 avec le Pr\u00e9sident Directeur G\u00e9n\u00e9ral d\u2019Afreximbank<\/p>\n<p>Le Pr\u00e9sident de la R\u00e9publique, S.E.M. Alassane OUATTARA, a \u00e9chang\u00e9, ce mardi 06<\/p>\n<p>juillet 2021, au Palais de la Pr\u00e9sidence de la R\u00e9publique, avec le Pr\u00e9sident Directeur G\u00e9n\u00e9ral d\u2019Afreximbank, M. Benedict Okey ORAMAH.<\/p>\n<p>Au terme de l\u2019entretien, M. Benedict ORAMAH a dit avoir \u00e9voqu\u00e9 avec le Chef de<\/p>\n<p>l\u2019Etat, toutes les initiatives et autres transactions d\u00e9velopp\u00e9es par son Institution en C\u00f4te d\u2019Ivoire, et qui s\u2019\u00e9l\u00e8vent \u00e0 environ 3,5 milliards de dollars.<\/p>\n<p>Il a, par ailleurs, indiqu\u00e9 avoir profit\u00e9 de l\u2019occasion pour saluer les progr\u00e8s r\u00e9alis\u00e9s par notre pays dans le cadre de sa strat\u00e9gie de lutte contre la COVID-19, notamment en ce qui concerne la campagne de vaccination contre cette pand\u00e9mie.<\/p>\n<p>A cet \u00e9gard, il a annonc\u00e9 la contribution et le soutien d\u2019Afreximbank \u00e0 la lutte contre le Coronavirus en mettant \u00e0 la disposition de l\u2019Union Africaine 420 millions de doses de vaccins de tous types, dont 7,8 millions de doses pour la C\u00f4te d\u2019Ivoire.<\/p>\n<p>Notons que le Ministre, Secr\u00e9taire G\u00e9n\u00e9ral de la Pr\u00e9sidence de la R\u00e9publique, M.<\/p>\n<p>Abdourahmane CISSE, a pris part \u00e0 la rencontre.<\/p>\n<p>&nbsp;<\/p>\n","protected":false},"excerpt":{"rendered":"<p>Africa-Press &#8211; C\u00f4te d&rsquo;Ivoire. Le Chef de l\u2019Etat a \u00e9chang\u00e9 avec le Pr\u00e9sident Directeur G\u00e9n\u00e9ral d\u2019Afreximbank Le Pr\u00e9sident de la R\u00e9publique, S.E.M. Alassane OUATTARA, a \u00e9chang\u00e9, ce mardi 06 juillet 2021, au Palais de la Pr\u00e9sidence de la R\u00e9publique, avec le Pr\u00e9sident Directeur G\u00e9n\u00e9ral d\u2019Afreximbank, M. Benedict Okey ORAMAH. Au terme de l\u2019entretien, M. Benedict [&hellip;]<\/p>\n","protected":false},"author":82,"featured_media":9792,"comment_status":"open","ping_status":"closed","sticky":false,"template":"","format":"standard","meta":{"footnotes":""},"categories":[11,2,10],"tags":[56,63,29],"class_list":["post-9793","post","type-post","status-publish","format-standard","has-post-thumbnail","hentry","category-homepage-french","category-politique","category-toutes-les-actualites","tag-africa-press","tag-africa-press-cote-divoire","tag-cote-divoire"],"yoast_head":"<!-- This site is optimized with the Yoast SEO Premium plugin v26.1 (Yoast SEO v27.0) - https:\/\/yoast.com\/product\/yoast-seo-premium-wordpress\/ -->\n<title>Entretien entre le Pr\u00e9sident Ouattara et le PDG d\u2019Afreximbank - C\u00f4te d&#039;Ivoire<\/title>\n<meta name=\"description\" content=\"Le Chef de l\u2019Etat a \u00e9chang\u00e9 avec le Pr\u00e9sident Directeur G\u00e9n\u00e9ral d\u2019Afreximbank Le Pr\u00e9sident de la R\u00e9publique, S.E.M. Ala ...\" \/>\n<meta name=\"robots\" content=\"index, follow, max-snippet:-1, max-image-preview:large, max-video-preview:-1\" \/>\n<link rel=\"canonical\" href=\"https:\/\/www.africa-press.net\/cotedivoire\/politique\/entretien-entre-le-president-ouattara-et-le-pdg-dafreximbank\" \/>\n<meta property=\"og:locale\" content=\"fr_FR\" \/>\n<meta property=\"og:type\" content=\"article\" \/>\n<meta property=\"og:title\" content=\"Entretien entre le Pr\u00e9sident Ouattara et le PDG d\u2019Afreximbank\" \/>\n<meta property=\"og:description\" content=\"Le Chef de l\u2019Etat a \u00e9chang\u00e9 avec le Pr\u00e9sident Directeur G\u00e9n\u00e9ral d\u2019Afreximbank Le Pr\u00e9sident de la R\u00e9publique, S.E.M. Ala ...\" \/>\n<meta property=\"og:url\" content=\"https:\/\/www.africa-press.net\/cotedivoire\/politique\/entretien-entre-le-president-ouattara-et-le-pdg-dafreximbank\" \/>\n<meta property=\"og:site_name\" content=\"C\u00f4te d&#039;Ivoire\" \/>\n<meta property=\"article:published_time\" content=\"2021-07-07T14:41:51+00:00\" \/>\n<meta property=\"article:modified_time\" content=\"2021-07-08T02:56:25+00:00\" \/>\n<meta property=\"og:image\" content=\"https:\/\/static.africa-press.net\/cote\/sites\/43\/2021\/07\/img-60e5b99c2bebb.jpg\" \/>\n\t<meta property=\"og:image:width\" content=\"1024\" \/>\n\t<meta property=\"og:image:height\" content=\"683\" \/>\n\t<meta property=\"og:image:type\" content=\"image\/jpeg\" \/>\n<meta name=\"author\" content=\"cfeditorfr\" \/>\n<meta name=\"twitter:card\" content=\"summary_large_image\" \/>\n<meta name=\"twitter:label1\" content=\"\u00c9crit par\" \/>\n\t<meta name=\"twitter:data1\" content=\"cfeditorfr\" \/>\n\t<meta name=\"twitter:label2\" content=\"Dur\u00e9e de lecture estim\u00e9e\" \/>\n\t<meta name=\"twitter:data2\" content=\"1 minute\" \/>\n<script type=\"application\/ld+json\" class=\"yoast-schema-graph\">{\"@context\":\"https:\/\/schema.org\",\"@graph\":[{\"@type\":\"Article\",\"@id\":\"https:\/\/www.africa-press.net\/cotedivoire\/politique\/entretien-entre-le-president-ouattara-et-le-pdg-dafreximbank#article\",\"isPartOf\":{\"@id\":\"https:\/\/www.africa-press.net\/cotedivoire\/politique\/entretien-entre-le-president-ouattara-et-le-pdg-dafreximbank\"},\"author\":{\"name\":\"cfeditorfr\",\"@id\":\"https:\/\/www.africa-press.net\/cotedivoire\/#\/schema\/person\/2b1cf3cd81a31e3cd26889ca66d677f1\"},\"headline\":\"Entretien entre le Pr\u00e9sident Ouattara et le PDG d\u2019Afreximbank\",\"datePublished\":\"2021-07-07T14:41:51+00:00\",\"dateModified\":\"2021-07-08T02:56:25+00:00\",\"mainEntityOfPage\":{\"@id\":\"https:\/\/www.africa-press.net\/cotedivoire\/politique\/entretien-entre-le-president-ouattara-et-le-pdg-dafreximbank\"},\"wordCount\":235,\"commentCount\":0,\"image\":{\"@id\":\"https:\/\/www.africa-press.net\/cotedivoire\/politique\/entretien-entre-le-president-ouattara-et-le-pdg-dafreximbank#primaryimage\"},\"thumbnailUrl\":\"https:\/\/static.africa-press.net\/cote\/sites\/43\/2021\/07\/img-60e5b99c2bebb.jpg\",\"keywords\":[\"Africa Press\",\"Africa Press-C\u00f4te d'Ivoire\",\"C\u00d4TE D'IVOIRE\"],\"articleSection\":[\"homepage-french\",\"Politique\",\"Toutes les actualit\u00e9s\"],\"inLanguage\":\"fr-FR\",\"potentialAction\":[{\"@type\":\"CommentAction\",\"name\":\"Comment\",\"target\":[\"https:\/\/www.africa-press.net\/cotedivoire\/politique\/entretien-entre-le-president-ouattara-et-le-pdg-dafreximbank#respond\"]}]},{\"@type\":\"WebPage\",\"@id\":\"https:\/\/www.africa-press.net\/cotedivoire\/politique\/entretien-entre-le-president-ouattara-et-le-pdg-dafreximbank\",\"url\":\"https:\/\/www.africa-press.net\/cotedivoire\/politique\/entretien-entre-le-president-ouattara-et-le-pdg-dafreximbank\",\"name\":\"Entretien entre le Pr\u00e9sident Ouattara et le PDG d\u2019Afreximbank - C\u00f4te d&#039;Ivoire\",\"isPartOf\":{\"@id\":\"https:\/\/www.africa-press.net\/cotedivoire\/#website\"},\"primaryImageOfPage\":{\"@id\":\"https:\/\/www.africa-press.net\/cotedivoire\/politique\/entretien-entre-le-president-ouattara-et-le-pdg-dafreximbank#primaryimage\"},\"image\":{\"@id\":\"https:\/\/www.africa-press.net\/cotedivoire\/politique\/entretien-entre-le-president-ouattara-et-le-pdg-dafreximbank#primaryimage\"},\"thumbnailUrl\":\"https:\/\/static.africa-press.net\/cote\/sites\/43\/2021\/07\/img-60e5b99c2bebb.jpg\",\"datePublished\":\"2021-07-07T14:41:51+00:00\",\"dateModified\":\"2021-07-08T02:56:25+00:00\",\"author\":{\"@id\":\"https:\/\/www.africa-press.net\/cotedivoire\/#\/schema\/person\/2b1cf3cd81a31e3cd26889ca66d677f1\"},\"description\":\"Le Chef de l\u2019Etat a \u00e9chang\u00e9 avec le Pr\u00e9sident Directeur G\u00e9n\u00e9ral d\u2019Afreximbank Le Pr\u00e9sident de la R\u00e9publique, S.E.M. Ala ...\",\"breadcrumb\":{\"@id\":\"https:\/\/www.africa-press.net\/cotedivoire\/politique\/entretien-entre-le-president-ouattara-et-le-pdg-dafreximbank#breadcrumb\"},\"inLanguage\":\"fr-FR\",\"potentialAction\":[{\"@type\":\"ReadAction\",\"target\":[\"https:\/\/www.africa-press.net\/cotedivoire\/politique\/entretien-entre-le-president-ouattara-et-le-pdg-dafreximbank\"]}]},{\"@type\":\"ImageObject\",\"inLanguage\":\"fr-FR\",\"@id\":\"https:\/\/www.africa-press.net\/cotedivoire\/politique\/entretien-entre-le-president-ouattara-et-le-pdg-dafreximbank#primaryimage\",\"url\":\"https:\/\/static.africa-press.net\/cote\/sites\/43\/2021\/07\/img-60e5b99c2bebb.jpg\",\"contentUrl\":\"https:\/\/static.africa-press.net\/cote\/sites\/43\/2021\/07\/img-60e5b99c2bebb.jpg\",\"width\":1024,\"height\":683,\"caption\":\"Entretien entre le Pr\u00e9sident Ouattara et le PDG d\u2019Afreximbank\"},{\"@type\":\"BreadcrumbList\",\"@id\":\"https:\/\/www.africa-press.net\/cotedivoire\/politique\/entretien-entre-le-president-ouattara-et-le-pdg-dafreximbank#breadcrumb\",\"itemListElement\":[{\"@type\":\"ListItem\",\"position\":1,\"name\":\"Accueil\",\"item\":\"https:\/\/www.africa-press.net\/cotedivoire\/\"},{\"@type\":\"ListItem\",\"position\":2,\"name\":\"Entretien entre le Pr\u00e9sident Ouattara et le PDG d\u2019Afreximbank\"}]},{\"@type\":\"WebSite\",\"@id\":\"https:\/\/www.africa-press.net\/cotedivoire\/#website\",\"url\":\"https:\/\/www.africa-press.net\/cotedivoire\/\",\"name\":\"C\u00f4te d&#039;Ivoire\",\"description\":\"Just another Africa News Agency Sites site\",\"potentialAction\":[{\"@type\":\"SearchAction\",\"target\":{\"@type\":\"EntryPoint\",\"urlTemplate\":\"https:\/\/www.africa-press.net\/cotedivoire\/?s={search_term_string}\"},\"query-input\":{\"@type\":\"PropertyValueSpecification\",\"valueRequired\":true,\"valueName\":\"search_term_string\"}}],\"inLanguage\":\"fr-FR\"},{\"@type\":\"Person\",\"@id\":\"https:\/\/www.africa-press.net\/cotedivoire\/#\/schema\/person\/2b1cf3cd81a31e3cd26889ca66d677f1\",\"name\":\"cfeditorfr\"}]}<\/script>\n<!-- \/ Yoast SEO Premium plugin. -->","yoast_head_json":{"title":"Entretien entre le Pr\u00e9sident Ouattara et le PDG d\u2019Afreximbank - C\u00f4te d&#039;Ivoire","description":"Le Chef de l\u2019Etat a \u00e9chang\u00e9 avec le Pr\u00e9sident Directeur G\u00e9n\u00e9ral d\u2019Afreximbank Le Pr\u00e9sident de la R\u00e9publique, S.E.M. Ala ...","robots":{"index":"index","follow":"follow","max-snippet":"max-snippet:-1","max-image-preview":"max-image-preview:large","max-video-preview":"max-video-preview:-1"},"canonical":"https:\/\/www.africa-press.net\/cotedivoire\/politique\/entretien-entre-le-president-ouattara-et-le-pdg-dafreximbank","og_locale":"fr_FR","og_type":"article","og_title":"Entretien entre le Pr\u00e9sident Ouattara et le PDG d\u2019Afreximbank","og_description":"Le Chef de l\u2019Etat a \u00e9chang\u00e9 avec le Pr\u00e9sident Directeur G\u00e9n\u00e9ral d\u2019Afreximbank Le Pr\u00e9sident de la R\u00e9publique, S.E.M. Ala ...","og_url":"https:\/\/www.africa-press.net\/cotedivoire\/politique\/entretien-entre-le-president-ouattara-et-le-pdg-dafreximbank","og_site_name":"C\u00f4te d&#039;Ivoire","article_published_time":"2021-07-07T14:41:51+00:00","article_modified_time":"2021-07-08T02:56:25+00:00","og_image":[{"width":1024,"height":683,"url":"https:\/\/static.africa-press.net\/cote\/sites\/43\/2021\/07\/img-60e5b99c2bebb.jpg","type":"image\/jpeg"}],"author":"cfeditorfr","twitter_card":"summary_large_image","twitter_misc":{"\u00c9crit par":"cfeditorfr","Dur\u00e9e de lecture estim\u00e9e":"1 minute"},"schema":{"@context":"https:\/\/schema.org","@graph":[{"@type":"Article","@id":"https:\/\/www.africa-press.net\/cotedivoire\/politique\/entretien-entre-le-president-ouattara-et-le-pdg-dafreximbank#article","isPartOf":{"@id":"https:\/\/www.africa-press.net\/cotedivoire\/politique\/entretien-entre-le-president-ouattara-et-le-pdg-dafreximbank"},"author":{"name":"cfeditorfr","@id":"https:\/\/www.africa-press.net\/cotedivoire\/#\/schema\/person\/2b1cf3cd81a31e3cd26889ca66d677f1"},"headline":"Entretien entre le Pr\u00e9sident Ouattara et le PDG d\u2019Afreximbank","datePublished":"2021-07-07T14:41:51+00:00","dateModified":"2021-07-08T02:56:25+00:00","mainEntityOfPage":{"@id":"https:\/\/www.africa-press.net\/cotedivoire\/politique\/entretien-entre-le-president-ouattara-et-le-pdg-dafreximbank"},"wordCount":235,"commentCount":0,"image":{"@id":"https:\/\/www.africa-press.net\/cotedivoire\/politique\/entretien-entre-le-president-ouattara-et-le-pdg-dafreximbank#primaryimage"},"thumbnailUrl":"https:\/\/static.africa-press.net\/cote\/sites\/43\/2021\/07\/img-60e5b99c2bebb.jpg","keywords":["Africa Press","Africa Press-C\u00f4te d'Ivoire","C\u00d4TE D'IVOIRE"],"articleSection":["homepage-french","Politique","Toutes les actualit\u00e9s"],"inLanguage":"fr-FR","potentialAction":[{"@type":"CommentAction","name":"Comment","target":["https:\/\/www.africa-press.net\/cotedivoire\/politique\/entretien-entre-le-president-ouattara-et-le-pdg-dafreximbank#respond"]}]},{"@type":"WebPage","@id":"https:\/\/www.africa-press.net\/cotedivoire\/politique\/entretien-entre-le-president-ouattara-et-le-pdg-dafreximbank","url":"https:\/\/www.africa-press.net\/cotedivoire\/politique\/entretien-entre-le-president-ouattara-et-le-pdg-dafreximbank","name":"Entretien entre le Pr\u00e9sident Ouattara et le PDG d\u2019Afreximbank - C\u00f4te d&#039;Ivoire","isPartOf":{"@id":"https:\/\/www.africa-press.net\/cotedivoire\/#website"},"primaryImageOfPage":{"@id":"https:\/\/www.africa-press.net\/cotedivoire\/politique\/entretien-entre-le-president-ouattara-et-le-pdg-dafreximbank#primaryimage"},"image":{"@id":"https:\/\/www.africa-press.net\/cotedivoire\/politique\/entretien-entre-le-president-ouattara-et-le-pdg-dafreximbank#primaryimage"},"thumbnailUrl":"https:\/\/static.africa-press.net\/cote\/sites\/43\/2021\/07\/img-60e5b99c2bebb.jpg","datePublished":"2021-07-07T14:41:51+00:00","dateModified":"2021-07-08T02:56:25+00:00","author":{"@id":"https:\/\/www.africa-press.net\/cotedivoire\/#\/schema\/person\/2b1cf3cd81a31e3cd26889ca66d677f1"},"description":"Le Chef de l\u2019Etat a \u00e9chang\u00e9 avec le Pr\u00e9sident Directeur G\u00e9n\u00e9ral d\u2019Afreximbank Le Pr\u00e9sident de la R\u00e9publique, S.E.M. Ala ...","breadcrumb":{"@id":"https:\/\/www.africa-press.net\/cotedivoire\/politique\/entretien-entre-le-president-ouattara-et-le-pdg-dafreximbank#breadcrumb"},"inLanguage":"fr-FR","potentialAction":[{"@type":"ReadAction","target":["https:\/\/www.africa-press.net\/cotedivoire\/politique\/entretien-entre-le-president-ouattara-et-le-pdg-dafreximbank"]}]},{"@type":"ImageObject","inLanguage":"fr-FR","@id":"https:\/\/www.africa-press.net\/cotedivoire\/politique\/entretien-entre-le-president-ouattara-et-le-pdg-dafreximbank#primaryimage","url":"https:\/\/static.africa-press.net\/cote\/sites\/43\/2021\/07\/img-60e5b99c2bebb.jpg","contentUrl":"https:\/\/static.africa-press.net\/cote\/sites\/43\/2021\/07\/img-60e5b99c2bebb.jpg","width":1024,"height":683,"caption":"Entretien entre le Pr\u00e9sident Ouattara et le PDG d\u2019Afreximbank"},{"@type":"BreadcrumbList","@id":"https:\/\/www.africa-press.net\/cotedivoire\/politique\/entretien-entre-le-president-ouattara-et-le-pdg-dafreximbank#breadcrumb","itemListElement":[{"@type":"ListItem","position":1,"name":"Accueil","item":"https:\/\/www.africa-press.net\/cotedivoire\/"},{"@type":"ListItem","position":2,"name":"Entretien entre le Pr\u00e9sident Ouattara et le PDG d\u2019Afreximbank"}]},{"@type":"WebSite","@id":"https:\/\/www.africa-press.net\/cotedivoire\/#website","url":"https:\/\/www.africa-press.net\/cotedivoire\/","name":"C\u00f4te d&#039;Ivoire","description":"Just another Africa News Agency Sites site","potentialAction":[{"@type":"SearchAction","target":{"@type":"EntryPoint","urlTemplate":"https:\/\/www.africa-press.net\/cotedivoire\/?s={search_term_string}"},"query-input":{"@type":"PropertyValueSpecification","valueRequired":true,"valueName":"search_term_string"}}],"inLanguage":"fr-FR"},{"@type":"Person","@id":"https:\/\/www.africa-press.net\/cotedivoire\/#\/schema\/person\/2b1cf3cd81a31e3cd26889ca66d677f1","name":"cfeditorfr"}]}},"_links":{"self":[{"href":"https:\/\/www.africa-press.net\/cotedivoire\/wp-json\/wp\/v2\/posts\/9793","targetHints":{"allow":["GET"]}}],"collection":[{"href":"https:\/\/www.africa-press.net\/cotedivoire\/wp-json\/wp\/v2\/posts"}],"about":[{"href":"https:\/\/www.africa-press.net\/cotedivoire\/wp-json\/wp\/v2\/types\/post"}],"author":[{"embeddable":true,"href":"https:\/\/www.africa-press.net\/cotedivoire\/wp-json\/wp\/v2\/users\/82"}],"replies":[{"embeddable":true,"href":"https:\/\/www.africa-press.net\/cotedivoire\/wp-json\/wp\/v2\/comments?post=9793"}],"version-history":[{"count":0,"href":"https:\/\/www.africa-press.net\/cotedivoire\/wp-json\/wp\/v2\/posts\/9793\/revisions"}],"wp:featuredmedia":[{"embeddable":true,"href":"https:\/\/www.africa-press.net\/cotedivoire\/wp-json\/wp\/v2\/media\/9792"}],"wp:attachment":[{"href":"https:\/\/www.africa-press.net\/cotedivoire\/wp-json\/wp\/v2\/media?parent=9793"}],"wp:term":[{"taxonomy":"category","embeddable":true,"href":"https:\/\/www.africa-press.net\/cotedivoire\/wp-json\/wp\/v2\/categories?post=9793"},{"taxonomy":"post_tag","embeddable":true,"href":"https:\/\/www.africa-press.net\/cotedivoire\/wp-json\/wp\/v2\/tags?post=9793"}],"curies":[{"name":"wp","href":"https:\/\/api.w.org\/{rel}","templated":true}]}}