{"id":9796,"date":"2021-07-07T14:51:34","date_gmt":"2021-07-07T14:51:34","guid":{"rendered":"https:\/\/www.africa-press.net\/cotedivoire\/?p=9796"},"modified":"2021-07-08T02:57:06","modified_gmt":"2021-07-08T02:57:06","slug":"la-cote-divoire-preside-la-35e-session-extraordinaire-du-conseil-de-lorganisation-internationale-du-cacao-icco","status":"publish","type":"post","link":"https:\/\/www.africa-press.net\/cotedivoire\/economie\/la-cote-divoire-preside-la-35e-session-extraordinaire-du-conseil-de-lorganisation-internationale-du-cacao-icco","title":{"rendered":"La C\u00f4te-d\u2019Ivoire pr\u00e9side la 35e session extraordinaire du Conseil de l\u2019Organisation Internationale du Cacao (ICCO)"},"content":{"rendered":"<p><span style=\"color: #ff6600\"><strong><a href=\"https:\/\/www.africa-press.net\/\">Africa-Press<\/a> &#8211; <a href=\"https:\/\/www.africa-press.net\/cotedivoire\">C\u00f4te d&rsquo;Ivoire<\/a>. <\/strong><\/span>Le Conseil de l\u2019Organisation Internationale du Cacao (OIC) tient sa 35\u00e8me session Extraordinaire, du 06 au 08 Juillet 2021 sous la pr\u00e9sidence de SEM Aly TOURE (Cote d\u2019Ivoire).<\/p>\n<p>L\u2019ICCO est la principale organisation intergouvernementale charg\u00e9e des questions du cacao depuis 1973. Elle rassemble 22 pays exportateurs (92% des exportations mondiales) et 29 pays importateurs de cacao (80% des importations mondiales de cacao).<\/p>\n<p>Au cours de cette 35\u00e8me session Extraordinaire, les d\u00e9l\u00e9gations examineront la question de l\u2019avenir de l\u2019Accord International de 2010 sur le Cacao.<\/p>\n<p>En effet, l\u2019Accord International de 2010 sur le Cacao est entr\u00e9 en vigueur d\u00e9finitivement le 1er octobre 2012 pour une dur\u00e9e de dix ann\u00e9es cacaoy\u00e8res et prendra fin le 30 septembre 2022<\/p>\n<p>&nbsp;<\/p>\n","protected":false},"excerpt":{"rendered":"<p>Africa-Press &#8211; C\u00f4te d&rsquo;Ivoire. Le Conseil de l\u2019Organisation Internationale du Cacao (OIC) tient sa 35\u00e8me session Extraordinaire, du 06 au 08 Juillet 2021 sous la pr\u00e9sidence de SEM Aly TOURE (Cote d\u2019Ivoire). L\u2019ICCO est la principale organisation intergouvernementale charg\u00e9e des questions du cacao depuis 1973. Elle rassemble 22 pays exportateurs (92% des exportations mondiales) et [&hellip;]<\/p>\n","protected":false},"author":82,"featured_media":9795,"comment_status":"open","ping_status":"closed","sticky":false,"template":"","format":"standard","meta":{"footnotes":""},"categories":[3,11,10],"tags":[56,63,29],"class_list":["post-9796","post","type-post","status-publish","format-standard","has-post-thumbnail","hentry","category-economie","category-homepage-french","category-toutes-les-actualites","tag-africa-press","tag-africa-press-cote-divoire","tag-cote-divoire"],"yoast_head":"<!-- This site is optimized with the Yoast SEO Premium plugin v26.1 (Yoast SEO v27.0) - https:\/\/yoast.com\/product\/yoast-seo-premium-wordpress\/ -->\n<title>La C\u00f4te-d\u2019Ivoire pr\u00e9side la 35e session extraordinaire du Conseil de l\u2019Organisation Internationale du Cacao (ICCO) - C\u00f4te d&#039;Ivoire<\/title>\n<meta name=\"description\" content=\"Le Conseil de l\u2019Organisation Internationale du Cacao (OIC) tient sa 35\u00e8me session Extraordinaire, du 06 au 08 Juillet 20 ...\" \/>\n<meta name=\"robots\" content=\"index, follow, max-snippet:-1, max-image-preview:large, max-video-preview:-1\" \/>\n<link rel=\"canonical\" href=\"https:\/\/www.africa-press.net\/cotedivoire\/economie\/la-cote-divoire-preside-la-35e-session-extraordinaire-du-conseil-de-lorganisation-internationale-du-cacao-icco\" \/>\n<meta property=\"og:locale\" content=\"fr_FR\" \/>\n<meta property=\"og:type\" content=\"article\" \/>\n<meta property=\"og:title\" content=\"La C\u00f4te-d\u2019Ivoire pr\u00e9side la 35e session extraordinaire du Conseil de l\u2019Organisation Internationale du Cacao (ICCO)\" \/>\n<meta property=\"og:description\" content=\"Le Conseil de l\u2019Organisation Internationale du Cacao (OIC) tient sa 35\u00e8me session Extraordinaire, du 06 au 08 Juillet 20 ...\" \/>\n<meta property=\"og:url\" content=\"https:\/\/www.africa-press.net\/cotedivoire\/economie\/la-cote-divoire-preside-la-35e-session-extraordinaire-du-conseil-de-lorganisation-internationale-du-cacao-icco\" \/>\n<meta property=\"og:site_name\" content=\"C\u00f4te d&#039;Ivoire\" \/>\n<meta property=\"article:published_time\" content=\"2021-07-07T14:51:34+00:00\" \/>\n<meta property=\"article:modified_time\" content=\"2021-07-08T02:57:06+00:00\" \/>\n<meta property=\"og:image\" content=\"https:\/\/static.africa-press.net\/cote\/sites\/43\/2021\/07\/img-60e5b9c76ed59.jpg\" \/>\n\t<meta property=\"og:image:width\" content=\"823\" \/>\n\t<meta property=\"og:image:height\" content=\"425\" \/>\n\t<meta property=\"og:image:type\" content=\"image\/jpeg\" \/>\n<meta name=\"author\" content=\"cfeditorfr\" \/>\n<meta name=\"twitter:card\" content=\"summary_large_image\" \/>\n<meta name=\"twitter:label1\" content=\"\u00c9crit par\" \/>\n\t<meta name=\"twitter:data1\" content=\"cfeditorfr\" \/>\n\t<meta name=\"twitter:label2\" content=\"Dur\u00e9e de lecture estim\u00e9e\" \/>\n\t<meta name=\"twitter:data2\" content=\"1 minute\" \/>\n<script type=\"application\/ld+json\" class=\"yoast-schema-graph\">{\"@context\":\"https:\/\/schema.org\",\"@graph\":[{\"@type\":\"Article\",\"@id\":\"https:\/\/www.africa-press.net\/cotedivoire\/economie\/la-cote-divoire-preside-la-35e-session-extraordinaire-du-conseil-de-lorganisation-internationale-du-cacao-icco#article\",\"isPartOf\":{\"@id\":\"https:\/\/www.africa-press.net\/cotedivoire\/economie\/la-cote-divoire-preside-la-35e-session-extraordinaire-du-conseil-de-lorganisation-internationale-du-cacao-icco\"},\"author\":{\"name\":\"cfeditorfr\",\"@id\":\"https:\/\/www.africa-press.net\/cotedivoire\/#\/schema\/person\/2b1cf3cd81a31e3cd26889ca66d677f1\"},\"headline\":\"La C\u00f4te-d\u2019Ivoire pr\u00e9side la 35e session extraordinaire du Conseil de l\u2019Organisation Internationale du Cacao (ICCO)\",\"datePublished\":\"2021-07-07T14:51:34+00:00\",\"dateModified\":\"2021-07-08T02:57:06+00:00\",\"mainEntityOfPage\":{\"@id\":\"https:\/\/www.africa-press.net\/cotedivoire\/economie\/la-cote-divoire-preside-la-35e-session-extraordinaire-du-conseil-de-lorganisation-internationale-du-cacao-icco\"},\"wordCount\":143,\"commentCount\":0,\"image\":{\"@id\":\"https:\/\/www.africa-press.net\/cotedivoire\/economie\/la-cote-divoire-preside-la-35e-session-extraordinaire-du-conseil-de-lorganisation-internationale-du-cacao-icco#primaryimage\"},\"thumbnailUrl\":\"https:\/\/static.africa-press.net\/cote\/sites\/43\/2021\/07\/img-60e5b9c76ed59.jpg\",\"keywords\":[\"Africa Press\",\"Africa Press-C\u00f4te d'Ivoire\",\"C\u00d4TE D'IVOIRE\"],\"articleSection\":[\"\u00c9conomie\",\"homepage-french\",\"Toutes les actualit\u00e9s\"],\"inLanguage\":\"fr-FR\",\"potentialAction\":[{\"@type\":\"CommentAction\",\"name\":\"Comment\",\"target\":[\"https:\/\/www.africa-press.net\/cotedivoire\/economie\/la-cote-divoire-preside-la-35e-session-extraordinaire-du-conseil-de-lorganisation-internationale-du-cacao-icco#respond\"]}]},{\"@type\":\"WebPage\",\"@id\":\"https:\/\/www.africa-press.net\/cotedivoire\/economie\/la-cote-divoire-preside-la-35e-session-extraordinaire-du-conseil-de-lorganisation-internationale-du-cacao-icco\",\"url\":\"https:\/\/www.africa-press.net\/cotedivoire\/economie\/la-cote-divoire-preside-la-35e-session-extraordinaire-du-conseil-de-lorganisation-internationale-du-cacao-icco\",\"name\":\"La C\u00f4te-d\u2019Ivoire pr\u00e9side la 35e session extraordinaire du Conseil de l\u2019Organisation Internationale du Cacao (ICCO) - C\u00f4te d&#039;Ivoire\",\"isPartOf\":{\"@id\":\"https:\/\/www.africa-press.net\/cotedivoire\/#website\"},\"primaryImageOfPage\":{\"@id\":\"https:\/\/www.africa-press.net\/cotedivoire\/economie\/la-cote-divoire-preside-la-35e-session-extraordinaire-du-conseil-de-lorganisation-internationale-du-cacao-icco#primaryimage\"},\"image\":{\"@id\":\"https:\/\/www.africa-press.net\/cotedivoire\/economie\/la-cote-divoire-preside-la-35e-session-extraordinaire-du-conseil-de-lorganisation-internationale-du-cacao-icco#primaryimage\"},\"thumbnailUrl\":\"https:\/\/static.africa-press.net\/cote\/sites\/43\/2021\/07\/img-60e5b9c76ed59.jpg\",\"datePublished\":\"2021-07-07T14:51:34+00:00\",\"dateModified\":\"2021-07-08T02:57:06+00:00\",\"author\":{\"@id\":\"https:\/\/www.africa-press.net\/cotedivoire\/#\/schema\/person\/2b1cf3cd81a31e3cd26889ca66d677f1\"},\"description\":\"Le Conseil de l\u2019Organisation Internationale du Cacao (OIC) tient sa 35\u00e8me session Extraordinaire, du 06 au 08 Juillet 20 ...\",\"breadcrumb\":{\"@id\":\"https:\/\/www.africa-press.net\/cotedivoire\/economie\/la-cote-divoire-preside-la-35e-session-extraordinaire-du-conseil-de-lorganisation-internationale-du-cacao-icco#breadcrumb\"},\"inLanguage\":\"fr-FR\",\"potentialAction\":[{\"@type\":\"ReadAction\",\"target\":[\"https:\/\/www.africa-press.net\/cotedivoire\/economie\/la-cote-divoire-preside-la-35e-session-extraordinaire-du-conseil-de-lorganisation-internationale-du-cacao-icco\"]}]},{\"@type\":\"ImageObject\",\"inLanguage\":\"fr-FR\",\"@id\":\"https:\/\/www.africa-press.net\/cotedivoire\/economie\/la-cote-divoire-preside-la-35e-session-extraordinaire-du-conseil-de-lorganisation-internationale-du-cacao-icco#primaryimage\",\"url\":\"https:\/\/static.africa-press.net\/cote\/sites\/43\/2021\/07\/img-60e5b9c76ed59.jpg\",\"contentUrl\":\"https:\/\/static.africa-press.net\/cote\/sites\/43\/2021\/07\/img-60e5b9c76ed59.jpg\",\"width\":823,\"height\":425,\"caption\":\"La C\u00f4te-d\u2019Ivoire pr\u00e9side la 35e session extraordinaire du Conseil de l\u2019Organisation Internationale du Cacao (ICCO)\"},{\"@type\":\"BreadcrumbList\",\"@id\":\"https:\/\/www.africa-press.net\/cotedivoire\/economie\/la-cote-divoire-preside-la-35e-session-extraordinaire-du-conseil-de-lorganisation-internationale-du-cacao-icco#breadcrumb\",\"itemListElement\":[{\"@type\":\"ListItem\",\"position\":1,\"name\":\"Accueil\",\"item\":\"https:\/\/www.africa-press.net\/cotedivoire\/\"},{\"@type\":\"ListItem\",\"position\":2,\"name\":\"La C\u00f4te-d\u2019Ivoire pr\u00e9side la 35e session extraordinaire du Conseil de l\u2019Organisation Internationale du Cacao (ICCO)\"}]},{\"@type\":\"WebSite\",\"@id\":\"https:\/\/www.africa-press.net\/cotedivoire\/#website\",\"url\":\"https:\/\/www.africa-press.net\/cotedivoire\/\",\"name\":\"C\u00f4te d&#039;Ivoire\",\"description\":\"Just another Africa News Agency Sites site\",\"potentialAction\":[{\"@type\":\"SearchAction\",\"target\":{\"@type\":\"EntryPoint\",\"urlTemplate\":\"https:\/\/www.africa-press.net\/cotedivoire\/?s={search_term_string}\"},\"query-input\":{\"@type\":\"PropertyValueSpecification\",\"valueRequired\":true,\"valueName\":\"search_term_string\"}}],\"inLanguage\":\"fr-FR\"},{\"@type\":\"Person\",\"@id\":\"https:\/\/www.africa-press.net\/cotedivoire\/#\/schema\/person\/2b1cf3cd81a31e3cd26889ca66d677f1\",\"name\":\"cfeditorfr\"}]}<\/script>\n<!-- \/ Yoast SEO Premium plugin. -->","yoast_head_json":{"title":"La C\u00f4te-d\u2019Ivoire pr\u00e9side la 35e session extraordinaire du Conseil de l\u2019Organisation Internationale du Cacao (ICCO) - C\u00f4te d&#039;Ivoire","description":"Le Conseil de l\u2019Organisation Internationale du Cacao (OIC) tient sa 35\u00e8me session Extraordinaire, du 06 au 08 Juillet 20 ...","robots":{"index":"index","follow":"follow","max-snippet":"max-snippet:-1","max-image-preview":"max-image-preview:large","max-video-preview":"max-video-preview:-1"},"canonical":"https:\/\/www.africa-press.net\/cotedivoire\/economie\/la-cote-divoire-preside-la-35e-session-extraordinaire-du-conseil-de-lorganisation-internationale-du-cacao-icco","og_locale":"fr_FR","og_type":"article","og_title":"La C\u00f4te-d\u2019Ivoire pr\u00e9side la 35e session extraordinaire du Conseil de l\u2019Organisation Internationale du Cacao (ICCO)","og_description":"Le Conseil de l\u2019Organisation Internationale du Cacao (OIC) tient sa 35\u00e8me session Extraordinaire, du 06 au 08 Juillet 20 ...","og_url":"https:\/\/www.africa-press.net\/cotedivoire\/economie\/la-cote-divoire-preside-la-35e-session-extraordinaire-du-conseil-de-lorganisation-internationale-du-cacao-icco","og_site_name":"C\u00f4te d&#039;Ivoire","article_published_time":"2021-07-07T14:51:34+00:00","article_modified_time":"2021-07-08T02:57:06+00:00","og_image":[{"width":823,"height":425,"url":"https:\/\/static.africa-press.net\/cote\/sites\/43\/2021\/07\/img-60e5b9c76ed59.jpg","type":"image\/jpeg"}],"author":"cfeditorfr","twitter_card":"summary_large_image","twitter_misc":{"\u00c9crit par":"cfeditorfr","Dur\u00e9e de lecture estim\u00e9e":"1 minute"},"schema":{"@context":"https:\/\/schema.org","@graph":[{"@type":"Article","@id":"https:\/\/www.africa-press.net\/cotedivoire\/economie\/la-cote-divoire-preside-la-35e-session-extraordinaire-du-conseil-de-lorganisation-internationale-du-cacao-icco#article","isPartOf":{"@id":"https:\/\/www.africa-press.net\/cotedivoire\/economie\/la-cote-divoire-preside-la-35e-session-extraordinaire-du-conseil-de-lorganisation-internationale-du-cacao-icco"},"author":{"name":"cfeditorfr","@id":"https:\/\/www.africa-press.net\/cotedivoire\/#\/schema\/person\/2b1cf3cd81a31e3cd26889ca66d677f1"},"headline":"La C\u00f4te-d\u2019Ivoire pr\u00e9side la 35e session extraordinaire du Conseil de l\u2019Organisation Internationale du Cacao (ICCO)","datePublished":"2021-07-07T14:51:34+00:00","dateModified":"2021-07-08T02:57:06+00:00","mainEntityOfPage":{"@id":"https:\/\/www.africa-press.net\/cotedivoire\/economie\/la-cote-divoire-preside-la-35e-session-extraordinaire-du-conseil-de-lorganisation-internationale-du-cacao-icco"},"wordCount":143,"commentCount":0,"image":{"@id":"https:\/\/www.africa-press.net\/cotedivoire\/economie\/la-cote-divoire-preside-la-35e-session-extraordinaire-du-conseil-de-lorganisation-internationale-du-cacao-icco#primaryimage"},"thumbnailUrl":"https:\/\/static.africa-press.net\/cote\/sites\/43\/2021\/07\/img-60e5b9c76ed59.jpg","keywords":["Africa Press","Africa Press-C\u00f4te d'Ivoire","C\u00d4TE D'IVOIRE"],"articleSection":["\u00c9conomie","homepage-french","Toutes les actualit\u00e9s"],"inLanguage":"fr-FR","potentialAction":[{"@type":"CommentAction","name":"Comment","target":["https:\/\/www.africa-press.net\/cotedivoire\/economie\/la-cote-divoire-preside-la-35e-session-extraordinaire-du-conseil-de-lorganisation-internationale-du-cacao-icco#respond"]}]},{"@type":"WebPage","@id":"https:\/\/www.africa-press.net\/cotedivoire\/economie\/la-cote-divoire-preside-la-35e-session-extraordinaire-du-conseil-de-lorganisation-internationale-du-cacao-icco","url":"https:\/\/www.africa-press.net\/cotedivoire\/economie\/la-cote-divoire-preside-la-35e-session-extraordinaire-du-conseil-de-lorganisation-internationale-du-cacao-icco","name":"La C\u00f4te-d\u2019Ivoire pr\u00e9side la 35e session extraordinaire du Conseil de l\u2019Organisation Internationale du Cacao (ICCO) - C\u00f4te d&#039;Ivoire","isPartOf":{"@id":"https:\/\/www.africa-press.net\/cotedivoire\/#website"},"primaryImageOfPage":{"@id":"https:\/\/www.africa-press.net\/cotedivoire\/economie\/la-cote-divoire-preside-la-35e-session-extraordinaire-du-conseil-de-lorganisation-internationale-du-cacao-icco#primaryimage"},"image":{"@id":"https:\/\/www.africa-press.net\/cotedivoire\/economie\/la-cote-divoire-preside-la-35e-session-extraordinaire-du-conseil-de-lorganisation-internationale-du-cacao-icco#primaryimage"},"thumbnailUrl":"https:\/\/static.africa-press.net\/cote\/sites\/43\/2021\/07\/img-60e5b9c76ed59.jpg","datePublished":"2021-07-07T14:51:34+00:00","dateModified":"2021-07-08T02:57:06+00:00","author":{"@id":"https:\/\/www.africa-press.net\/cotedivoire\/#\/schema\/person\/2b1cf3cd81a31e3cd26889ca66d677f1"},"description":"Le Conseil de l\u2019Organisation Internationale du Cacao (OIC) tient sa 35\u00e8me session Extraordinaire, du 06 au 08 Juillet 20 ...","breadcrumb":{"@id":"https:\/\/www.africa-press.net\/cotedivoire\/economie\/la-cote-divoire-preside-la-35e-session-extraordinaire-du-conseil-de-lorganisation-internationale-du-cacao-icco#breadcrumb"},"inLanguage":"fr-FR","potentialAction":[{"@type":"ReadAction","target":["https:\/\/www.africa-press.net\/cotedivoire\/economie\/la-cote-divoire-preside-la-35e-session-extraordinaire-du-conseil-de-lorganisation-internationale-du-cacao-icco"]}]},{"@type":"ImageObject","inLanguage":"fr-FR","@id":"https:\/\/www.africa-press.net\/cotedivoire\/economie\/la-cote-divoire-preside-la-35e-session-extraordinaire-du-conseil-de-lorganisation-internationale-du-cacao-icco#primaryimage","url":"https:\/\/static.africa-press.net\/cote\/sites\/43\/2021\/07\/img-60e5b9c76ed59.jpg","contentUrl":"https:\/\/static.africa-press.net\/cote\/sites\/43\/2021\/07\/img-60e5b9c76ed59.jpg","width":823,"height":425,"caption":"La C\u00f4te-d\u2019Ivoire pr\u00e9side la 35e session extraordinaire du Conseil de l\u2019Organisation Internationale du Cacao (ICCO)"},{"@type":"BreadcrumbList","@id":"https:\/\/www.africa-press.net\/cotedivoire\/economie\/la-cote-divoire-preside-la-35e-session-extraordinaire-du-conseil-de-lorganisation-internationale-du-cacao-icco#breadcrumb","itemListElement":[{"@type":"ListItem","position":1,"name":"Accueil","item":"https:\/\/www.africa-press.net\/cotedivoire\/"},{"@type":"ListItem","position":2,"name":"La C\u00f4te-d\u2019Ivoire pr\u00e9side la 35e session extraordinaire du Conseil de l\u2019Organisation Internationale du Cacao (ICCO)"}]},{"@type":"WebSite","@id":"https:\/\/www.africa-press.net\/cotedivoire\/#website","url":"https:\/\/www.africa-press.net\/cotedivoire\/","name":"C\u00f4te d&#039;Ivoire","description":"Just another Africa News Agency Sites site","potentialAction":[{"@type":"SearchAction","target":{"@type":"EntryPoint","urlTemplate":"https:\/\/www.africa-press.net\/cotedivoire\/?s={search_term_string}"},"query-input":{"@type":"PropertyValueSpecification","valueRequired":true,"valueName":"search_term_string"}}],"inLanguage":"fr-FR"},{"@type":"Person","@id":"https:\/\/www.africa-press.net\/cotedivoire\/#\/schema\/person\/2b1cf3cd81a31e3cd26889ca66d677f1","name":"cfeditorfr"}]}},"_links":{"self":[{"href":"https:\/\/www.africa-press.net\/cotedivoire\/wp-json\/wp\/v2\/posts\/9796","targetHints":{"allow":["GET"]}}],"collection":[{"href":"https:\/\/www.africa-press.net\/cotedivoire\/wp-json\/wp\/v2\/posts"}],"about":[{"href":"https:\/\/www.africa-press.net\/cotedivoire\/wp-json\/wp\/v2\/types\/post"}],"author":[{"embeddable":true,"href":"https:\/\/www.africa-press.net\/cotedivoire\/wp-json\/wp\/v2\/users\/82"}],"replies":[{"embeddable":true,"href":"https:\/\/www.africa-press.net\/cotedivoire\/wp-json\/wp\/v2\/comments?post=9796"}],"version-history":[{"count":0,"href":"https:\/\/www.africa-press.net\/cotedivoire\/wp-json\/wp\/v2\/posts\/9796\/revisions"}],"wp:featuredmedia":[{"embeddable":true,"href":"https:\/\/www.africa-press.net\/cotedivoire\/wp-json\/wp\/v2\/media\/9795"}],"wp:attachment":[{"href":"https:\/\/www.africa-press.net\/cotedivoire\/wp-json\/wp\/v2\/media?parent=9796"}],"wp:term":[{"taxonomy":"category","embeddable":true,"href":"https:\/\/www.africa-press.net\/cotedivoire\/wp-json\/wp\/v2\/categories?post=9796"},{"taxonomy":"post_tag","embeddable":true,"href":"https:\/\/www.africa-press.net\/cotedivoire\/wp-json\/wp\/v2\/tags?post=9796"}],"curies":[{"name":"wp","href":"https:\/\/api.w.org\/{rel}","templated":true}]}}