{"id":9799,"date":"2021-07-07T14:57:17","date_gmt":"2021-07-07T14:57:17","guid":{"rendered":"https:\/\/www.africa-press.net\/cotedivoire\/?p=9799"},"modified":"2021-07-08T02:57:18","modified_gmt":"2021-07-08T02:57:18","slug":"la-cote-divoire-va-former-500-mille-jeunes-pour-assurer-la-competitivite-de-ses-filieres-agricoles","status":"publish","type":"post","link":"https:\/\/www.africa-press.net\/cotedivoire\/economie\/la-cote-divoire-va-former-500-mille-jeunes-pour-assurer-la-competitivite-de-ses-filieres-agricoles","title":{"rendered":"La C\u00f4te-d\u2019Ivoire va former 500 mille jeunes pour assurer la comp\u00e9titivit\u00e9 de ses fili\u00e8res agricoles"},"content":{"rendered":"<p><span style=\"color: #ff6600\"><strong><a href=\"https:\/\/www.africa-press.net\/\">Africa-Press<\/a> &#8211; <a href=\"https:\/\/www.africa-press.net\/cotedivoire\">C\u00f4te d&rsquo;Ivoire<\/a>. <\/strong><\/span>Dans sa nouvelle vision \u00abla C\u00f4te d\u2019Ivoire solidaire\u00bb, le gouvernement compte former 500.000 jeunes dont l\u2019\u00e2ge varie entre 15 et 25 ans pour relancer l\u2019\u00e9conomie agricole, animali\u00e8re et halieutique.<\/p>\n<p>Passer de la politique de la production \u00e0 celle de la valeur ajout\u00e9e est le nouveau paradigme adopt\u00e9 par le gouvernement qui compte rehausser l\u2019image des producteurs en renfor\u00e7ant leur capacit\u00e9 surtout ceux qui vont assurer la rel\u00e8ve de l\u2019agriculture ivoirienne, \u00e0 travers l\u2019acquisition des technologies, la construction de centres de recherches, la conqu\u00eate des march\u00e9s.<\/p>\n<p>\u00ab A partir du 1er septembre 2021, les premiers projets pilotes seront mis en place dans chacune de ces fili\u00e8res sur l\u2019ensemble du territoire ivoirien. Ces jeunes, par milliers, seront d\u00e9ploy\u00e9s dans les fili\u00e8res mangue, ananas, cacao, etc. pour qu\u2019ils deviennent de jeunes agriculteurs de deuxi\u00e8me g\u00e9n\u00e9ration \u00bb, affirme le premier ministre Patrick Achi, qui \u00e9changeait le 5 juillet 2021 \u00e0 Abidjan, avec les professionnels de l\u2019agriculture, et de la cha\u00eene agro-alimentaire pour comprendre leur besoin.<\/p>\n<p>Le secteur primaire qui repr\u00e9sente plus de 30% du PIB peut encore tirer profit si les produits agricoles sont plus transform\u00e9s localement avec \u00e9galement une politique efficiente pour l\u2019exportation. Des d\u00e9fis que Patrick Achi veut relever avec une am\u00e9lioration des conditions de vie des planteurs dans les diff\u00e9rentes fili\u00e8res.<\/p>\n<p>&nbsp;<\/p>\n","protected":false},"excerpt":{"rendered":"<p>Africa-Press &#8211; C\u00f4te d&rsquo;Ivoire. Dans sa nouvelle vision \u00abla C\u00f4te d\u2019Ivoire solidaire\u00bb, le gouvernement compte former 500.000 jeunes dont l\u2019\u00e2ge varie entre 15 et 25 ans pour relancer l\u2019\u00e9conomie agricole, animali\u00e8re et halieutique. Passer de la politique de la production \u00e0 celle de la valeur ajout\u00e9e est le nouveau paradigme adopt\u00e9 par le gouvernement qui [&hellip;]<\/p>\n","protected":false},"author":82,"featured_media":9798,"comment_status":"open","ping_status":"closed","sticky":false,"template":"","format":"standard","meta":{"footnotes":""},"categories":[3,11,20,10],"tags":[56,63,29],"class_list":["post-9799","post","type-post","status-publish","format-standard","has-post-thumbnail","hentry","category-economie","category-homepage-french","category-top-nouvelles","category-toutes-les-actualites","tag-africa-press","tag-africa-press-cote-divoire","tag-cote-divoire"],"yoast_head":"<!-- This site is optimized with the Yoast SEO Premium plugin v26.1 (Yoast SEO v27.0) - https:\/\/yoast.com\/product\/yoast-seo-premium-wordpress\/ -->\n<title>La C\u00f4te-d\u2019Ivoire va former 500 mille jeunes pour assurer la comp\u00e9titivit\u00e9 de ses fili\u00e8res agricoles - C\u00f4te d&#039;Ivoire<\/title>\n<meta name=\"description\" content=\"Par Issouf Kamgate Dans sa nouvelle vision \u00abla C\u00f4te d\u2019Ivoire solidaire\u00bb, le gouvernement compte former 500.000 jeunes d ...\" \/>\n<meta name=\"robots\" content=\"index, follow, max-snippet:-1, max-image-preview:large, max-video-preview:-1\" \/>\n<link rel=\"canonical\" href=\"https:\/\/www.africa-press.net\/cotedivoire\/economie\/la-cote-divoire-va-former-500-mille-jeunes-pour-assurer-la-competitivite-de-ses-filieres-agricoles\" \/>\n<meta property=\"og:locale\" content=\"fr_FR\" \/>\n<meta property=\"og:type\" content=\"article\" \/>\n<meta property=\"og:title\" content=\"La C\u00f4te-d\u2019Ivoire va former 500 mille jeunes pour assurer la comp\u00e9titivit\u00e9 de ses fili\u00e8res agricoles\" \/>\n<meta property=\"og:description\" content=\"Par Issouf Kamgate Dans sa nouvelle vision \u00abla C\u00f4te d\u2019Ivoire solidaire\u00bb, le gouvernement compte former 500.000 jeunes d ...\" \/>\n<meta property=\"og:url\" content=\"https:\/\/www.africa-press.net\/cotedivoire\/economie\/la-cote-divoire-va-former-500-mille-jeunes-pour-assurer-la-competitivite-de-ses-filieres-agricoles\" \/>\n<meta property=\"og:site_name\" content=\"C\u00f4te d&#039;Ivoire\" \/>\n<meta property=\"article:published_time\" content=\"2021-07-07T14:57:17+00:00\" \/>\n<meta property=\"article:modified_time\" content=\"2021-07-08T02:57:18+00:00\" \/>\n<meta property=\"og:image\" content=\"https:\/\/static.africa-press.net\/cote\/sites\/43\/2021\/07\/img-60e5b9f2592b8.jpg\" \/>\n\t<meta property=\"og:image:width\" content=\"720\" \/>\n\t<meta property=\"og:image:height\" content=\"404\" \/>\n\t<meta property=\"og:image:type\" content=\"image\/jpeg\" \/>\n<meta name=\"author\" content=\"cfeditorfr\" \/>\n<meta name=\"twitter:card\" content=\"summary_large_image\" \/>\n<meta name=\"twitter:label1\" content=\"\u00c9crit par\" \/>\n\t<meta name=\"twitter:data1\" content=\"cfeditorfr\" \/>\n\t<meta name=\"twitter:label2\" content=\"Dur\u00e9e de lecture estim\u00e9e\" \/>\n\t<meta name=\"twitter:data2\" content=\"1 minute\" \/>\n<script type=\"application\/ld+json\" class=\"yoast-schema-graph\">{\"@context\":\"https:\/\/schema.org\",\"@graph\":[{\"@type\":\"Article\",\"@id\":\"https:\/\/www.africa-press.net\/cotedivoire\/economie\/la-cote-divoire-va-former-500-mille-jeunes-pour-assurer-la-competitivite-de-ses-filieres-agricoles#article\",\"isPartOf\":{\"@id\":\"https:\/\/www.africa-press.net\/cotedivoire\/economie\/la-cote-divoire-va-former-500-mille-jeunes-pour-assurer-la-competitivite-de-ses-filieres-agricoles\"},\"author\":{\"name\":\"cfeditorfr\",\"@id\":\"https:\/\/www.africa-press.net\/cotedivoire\/#\/schema\/person\/2b1cf3cd81a31e3cd26889ca66d677f1\"},\"headline\":\"La C\u00f4te-d\u2019Ivoire va former 500 mille jeunes pour assurer la comp\u00e9titivit\u00e9 de ses fili\u00e8res agricoles\",\"datePublished\":\"2021-07-07T14:57:17+00:00\",\"dateModified\":\"2021-07-08T02:57:18+00:00\",\"mainEntityOfPage\":{\"@id\":\"https:\/\/www.africa-press.net\/cotedivoire\/economie\/la-cote-divoire-va-former-500-mille-jeunes-pour-assurer-la-competitivite-de-ses-filieres-agricoles\"},\"wordCount\":254,\"commentCount\":0,\"image\":{\"@id\":\"https:\/\/www.africa-press.net\/cotedivoire\/economie\/la-cote-divoire-va-former-500-mille-jeunes-pour-assurer-la-competitivite-de-ses-filieres-agricoles#primaryimage\"},\"thumbnailUrl\":\"https:\/\/static.africa-press.net\/cote\/sites\/43\/2021\/07\/img-60e5b9f2592b8.jpg\",\"keywords\":[\"Africa Press\",\"Africa Press-C\u00f4te d'Ivoire\",\"C\u00d4TE D'IVOIRE\"],\"articleSection\":[\"\u00c9conomie\",\"homepage-french\",\"Top Nouvelles\",\"Toutes les actualit\u00e9s\"],\"inLanguage\":\"fr-FR\",\"potentialAction\":[{\"@type\":\"CommentAction\",\"name\":\"Comment\",\"target\":[\"https:\/\/www.africa-press.net\/cotedivoire\/economie\/la-cote-divoire-va-former-500-mille-jeunes-pour-assurer-la-competitivite-de-ses-filieres-agricoles#respond\"]}]},{\"@type\":\"WebPage\",\"@id\":\"https:\/\/www.africa-press.net\/cotedivoire\/economie\/la-cote-divoire-va-former-500-mille-jeunes-pour-assurer-la-competitivite-de-ses-filieres-agricoles\",\"url\":\"https:\/\/www.africa-press.net\/cotedivoire\/economie\/la-cote-divoire-va-former-500-mille-jeunes-pour-assurer-la-competitivite-de-ses-filieres-agricoles\",\"name\":\"La C\u00f4te-d\u2019Ivoire va former 500 mille jeunes pour assurer la comp\u00e9titivit\u00e9 de ses fili\u00e8res agricoles - C\u00f4te d&#039;Ivoire\",\"isPartOf\":{\"@id\":\"https:\/\/www.africa-press.net\/cotedivoire\/#website\"},\"primaryImageOfPage\":{\"@id\":\"https:\/\/www.africa-press.net\/cotedivoire\/economie\/la-cote-divoire-va-former-500-mille-jeunes-pour-assurer-la-competitivite-de-ses-filieres-agricoles#primaryimage\"},\"image\":{\"@id\":\"https:\/\/www.africa-press.net\/cotedivoire\/economie\/la-cote-divoire-va-former-500-mille-jeunes-pour-assurer-la-competitivite-de-ses-filieres-agricoles#primaryimage\"},\"thumbnailUrl\":\"https:\/\/static.africa-press.net\/cote\/sites\/43\/2021\/07\/img-60e5b9f2592b8.jpg\",\"datePublished\":\"2021-07-07T14:57:17+00:00\",\"dateModified\":\"2021-07-08T02:57:18+00:00\",\"author\":{\"@id\":\"https:\/\/www.africa-press.net\/cotedivoire\/#\/schema\/person\/2b1cf3cd81a31e3cd26889ca66d677f1\"},\"description\":\"Par Issouf Kamgate Dans sa nouvelle vision \u00abla C\u00f4te d\u2019Ivoire solidaire\u00bb, le gouvernement compte former 500.000 jeunes d ...\",\"breadcrumb\":{\"@id\":\"https:\/\/www.africa-press.net\/cotedivoire\/economie\/la-cote-divoire-va-former-500-mille-jeunes-pour-assurer-la-competitivite-de-ses-filieres-agricoles#breadcrumb\"},\"inLanguage\":\"fr-FR\",\"potentialAction\":[{\"@type\":\"ReadAction\",\"target\":[\"https:\/\/www.africa-press.net\/cotedivoire\/economie\/la-cote-divoire-va-former-500-mille-jeunes-pour-assurer-la-competitivite-de-ses-filieres-agricoles\"]}]},{\"@type\":\"ImageObject\",\"inLanguage\":\"fr-FR\",\"@id\":\"https:\/\/www.africa-press.net\/cotedivoire\/economie\/la-cote-divoire-va-former-500-mille-jeunes-pour-assurer-la-competitivite-de-ses-filieres-agricoles#primaryimage\",\"url\":\"https:\/\/static.africa-press.net\/cote\/sites\/43\/2021\/07\/img-60e5b9f2592b8.jpg\",\"contentUrl\":\"https:\/\/static.africa-press.net\/cote\/sites\/43\/2021\/07\/img-60e5b9f2592b8.jpg\",\"width\":720,\"height\":404,\"caption\":\"La C\u00f4te-d\u2019Ivoire va former 500 mille jeunes pour assurer la comp\u00e9titivit\u00e9 de ses fili\u00e8res agricoles\"},{\"@type\":\"BreadcrumbList\",\"@id\":\"https:\/\/www.africa-press.net\/cotedivoire\/economie\/la-cote-divoire-va-former-500-mille-jeunes-pour-assurer-la-competitivite-de-ses-filieres-agricoles#breadcrumb\",\"itemListElement\":[{\"@type\":\"ListItem\",\"position\":1,\"name\":\"Accueil\",\"item\":\"https:\/\/www.africa-press.net\/cotedivoire\/\"},{\"@type\":\"ListItem\",\"position\":2,\"name\":\"La C\u00f4te-d\u2019Ivoire va former 500 mille jeunes pour assurer la comp\u00e9titivit\u00e9 de ses fili\u00e8res agricoles\"}]},{\"@type\":\"WebSite\",\"@id\":\"https:\/\/www.africa-press.net\/cotedivoire\/#website\",\"url\":\"https:\/\/www.africa-press.net\/cotedivoire\/\",\"name\":\"C\u00f4te d&#039;Ivoire\",\"description\":\"Just another Africa News Agency Sites site\",\"potentialAction\":[{\"@type\":\"SearchAction\",\"target\":{\"@type\":\"EntryPoint\",\"urlTemplate\":\"https:\/\/www.africa-press.net\/cotedivoire\/?s={search_term_string}\"},\"query-input\":{\"@type\":\"PropertyValueSpecification\",\"valueRequired\":true,\"valueName\":\"search_term_string\"}}],\"inLanguage\":\"fr-FR\"},{\"@type\":\"Person\",\"@id\":\"https:\/\/www.africa-press.net\/cotedivoire\/#\/schema\/person\/2b1cf3cd81a31e3cd26889ca66d677f1\",\"name\":\"cfeditorfr\"}]}<\/script>\n<!-- \/ Yoast SEO Premium plugin. -->","yoast_head_json":{"title":"La C\u00f4te-d\u2019Ivoire va former 500 mille jeunes pour assurer la comp\u00e9titivit\u00e9 de ses fili\u00e8res agricoles - C\u00f4te d&#039;Ivoire","description":"Par Issouf Kamgate Dans sa nouvelle vision \u00abla C\u00f4te d\u2019Ivoire solidaire\u00bb, le gouvernement compte former 500.000 jeunes d ...","robots":{"index":"index","follow":"follow","max-snippet":"max-snippet:-1","max-image-preview":"max-image-preview:large","max-video-preview":"max-video-preview:-1"},"canonical":"https:\/\/www.africa-press.net\/cotedivoire\/economie\/la-cote-divoire-va-former-500-mille-jeunes-pour-assurer-la-competitivite-de-ses-filieres-agricoles","og_locale":"fr_FR","og_type":"article","og_title":"La C\u00f4te-d\u2019Ivoire va former 500 mille jeunes pour assurer la comp\u00e9titivit\u00e9 de ses fili\u00e8res agricoles","og_description":"Par Issouf Kamgate Dans sa nouvelle vision \u00abla C\u00f4te d\u2019Ivoire solidaire\u00bb, le gouvernement compte former 500.000 jeunes d ...","og_url":"https:\/\/www.africa-press.net\/cotedivoire\/economie\/la-cote-divoire-va-former-500-mille-jeunes-pour-assurer-la-competitivite-de-ses-filieres-agricoles","og_site_name":"C\u00f4te d&#039;Ivoire","article_published_time":"2021-07-07T14:57:17+00:00","article_modified_time":"2021-07-08T02:57:18+00:00","og_image":[{"width":720,"height":404,"url":"https:\/\/static.africa-press.net\/cote\/sites\/43\/2021\/07\/img-60e5b9f2592b8.jpg","type":"image\/jpeg"}],"author":"cfeditorfr","twitter_card":"summary_large_image","twitter_misc":{"\u00c9crit par":"cfeditorfr","Dur\u00e9e de lecture estim\u00e9e":"1 minute"},"schema":{"@context":"https:\/\/schema.org","@graph":[{"@type":"Article","@id":"https:\/\/www.africa-press.net\/cotedivoire\/economie\/la-cote-divoire-va-former-500-mille-jeunes-pour-assurer-la-competitivite-de-ses-filieres-agricoles#article","isPartOf":{"@id":"https:\/\/www.africa-press.net\/cotedivoire\/economie\/la-cote-divoire-va-former-500-mille-jeunes-pour-assurer-la-competitivite-de-ses-filieres-agricoles"},"author":{"name":"cfeditorfr","@id":"https:\/\/www.africa-press.net\/cotedivoire\/#\/schema\/person\/2b1cf3cd81a31e3cd26889ca66d677f1"},"headline":"La C\u00f4te-d\u2019Ivoire va former 500 mille jeunes pour assurer la comp\u00e9titivit\u00e9 de ses fili\u00e8res agricoles","datePublished":"2021-07-07T14:57:17+00:00","dateModified":"2021-07-08T02:57:18+00:00","mainEntityOfPage":{"@id":"https:\/\/www.africa-press.net\/cotedivoire\/economie\/la-cote-divoire-va-former-500-mille-jeunes-pour-assurer-la-competitivite-de-ses-filieres-agricoles"},"wordCount":254,"commentCount":0,"image":{"@id":"https:\/\/www.africa-press.net\/cotedivoire\/economie\/la-cote-divoire-va-former-500-mille-jeunes-pour-assurer-la-competitivite-de-ses-filieres-agricoles#primaryimage"},"thumbnailUrl":"https:\/\/static.africa-press.net\/cote\/sites\/43\/2021\/07\/img-60e5b9f2592b8.jpg","keywords":["Africa Press","Africa Press-C\u00f4te d'Ivoire","C\u00d4TE D'IVOIRE"],"articleSection":["\u00c9conomie","homepage-french","Top Nouvelles","Toutes les actualit\u00e9s"],"inLanguage":"fr-FR","potentialAction":[{"@type":"CommentAction","name":"Comment","target":["https:\/\/www.africa-press.net\/cotedivoire\/economie\/la-cote-divoire-va-former-500-mille-jeunes-pour-assurer-la-competitivite-de-ses-filieres-agricoles#respond"]}]},{"@type":"WebPage","@id":"https:\/\/www.africa-press.net\/cotedivoire\/economie\/la-cote-divoire-va-former-500-mille-jeunes-pour-assurer-la-competitivite-de-ses-filieres-agricoles","url":"https:\/\/www.africa-press.net\/cotedivoire\/economie\/la-cote-divoire-va-former-500-mille-jeunes-pour-assurer-la-competitivite-de-ses-filieres-agricoles","name":"La C\u00f4te-d\u2019Ivoire va former 500 mille jeunes pour assurer la comp\u00e9titivit\u00e9 de ses fili\u00e8res agricoles - C\u00f4te d&#039;Ivoire","isPartOf":{"@id":"https:\/\/www.africa-press.net\/cotedivoire\/#website"},"primaryImageOfPage":{"@id":"https:\/\/www.africa-press.net\/cotedivoire\/economie\/la-cote-divoire-va-former-500-mille-jeunes-pour-assurer-la-competitivite-de-ses-filieres-agricoles#primaryimage"},"image":{"@id":"https:\/\/www.africa-press.net\/cotedivoire\/economie\/la-cote-divoire-va-former-500-mille-jeunes-pour-assurer-la-competitivite-de-ses-filieres-agricoles#primaryimage"},"thumbnailUrl":"https:\/\/static.africa-press.net\/cote\/sites\/43\/2021\/07\/img-60e5b9f2592b8.jpg","datePublished":"2021-07-07T14:57:17+00:00","dateModified":"2021-07-08T02:57:18+00:00","author":{"@id":"https:\/\/www.africa-press.net\/cotedivoire\/#\/schema\/person\/2b1cf3cd81a31e3cd26889ca66d677f1"},"description":"Par Issouf Kamgate Dans sa nouvelle vision \u00abla C\u00f4te d\u2019Ivoire solidaire\u00bb, le gouvernement compte former 500.000 jeunes d ...","breadcrumb":{"@id":"https:\/\/www.africa-press.net\/cotedivoire\/economie\/la-cote-divoire-va-former-500-mille-jeunes-pour-assurer-la-competitivite-de-ses-filieres-agricoles#breadcrumb"},"inLanguage":"fr-FR","potentialAction":[{"@type":"ReadAction","target":["https:\/\/www.africa-press.net\/cotedivoire\/economie\/la-cote-divoire-va-former-500-mille-jeunes-pour-assurer-la-competitivite-de-ses-filieres-agricoles"]}]},{"@type":"ImageObject","inLanguage":"fr-FR","@id":"https:\/\/www.africa-press.net\/cotedivoire\/economie\/la-cote-divoire-va-former-500-mille-jeunes-pour-assurer-la-competitivite-de-ses-filieres-agricoles#primaryimage","url":"https:\/\/static.africa-press.net\/cote\/sites\/43\/2021\/07\/img-60e5b9f2592b8.jpg","contentUrl":"https:\/\/static.africa-press.net\/cote\/sites\/43\/2021\/07\/img-60e5b9f2592b8.jpg","width":720,"height":404,"caption":"La C\u00f4te-d\u2019Ivoire va former 500 mille jeunes pour assurer la comp\u00e9titivit\u00e9 de ses fili\u00e8res agricoles"},{"@type":"BreadcrumbList","@id":"https:\/\/www.africa-press.net\/cotedivoire\/economie\/la-cote-divoire-va-former-500-mille-jeunes-pour-assurer-la-competitivite-de-ses-filieres-agricoles#breadcrumb","itemListElement":[{"@type":"ListItem","position":1,"name":"Accueil","item":"https:\/\/www.africa-press.net\/cotedivoire\/"},{"@type":"ListItem","position":2,"name":"La C\u00f4te-d\u2019Ivoire va former 500 mille jeunes pour assurer la comp\u00e9titivit\u00e9 de ses fili\u00e8res agricoles"}]},{"@type":"WebSite","@id":"https:\/\/www.africa-press.net\/cotedivoire\/#website","url":"https:\/\/www.africa-press.net\/cotedivoire\/","name":"C\u00f4te d&#039;Ivoire","description":"Just another Africa News Agency Sites site","potentialAction":[{"@type":"SearchAction","target":{"@type":"EntryPoint","urlTemplate":"https:\/\/www.africa-press.net\/cotedivoire\/?s={search_term_string}"},"query-input":{"@type":"PropertyValueSpecification","valueRequired":true,"valueName":"search_term_string"}}],"inLanguage":"fr-FR"},{"@type":"Person","@id":"https:\/\/www.africa-press.net\/cotedivoire\/#\/schema\/person\/2b1cf3cd81a31e3cd26889ca66d677f1","name":"cfeditorfr"}]}},"_links":{"self":[{"href":"https:\/\/www.africa-press.net\/cotedivoire\/wp-json\/wp\/v2\/posts\/9799","targetHints":{"allow":["GET"]}}],"collection":[{"href":"https:\/\/www.africa-press.net\/cotedivoire\/wp-json\/wp\/v2\/posts"}],"about":[{"href":"https:\/\/www.africa-press.net\/cotedivoire\/wp-json\/wp\/v2\/types\/post"}],"author":[{"embeddable":true,"href":"https:\/\/www.africa-press.net\/cotedivoire\/wp-json\/wp\/v2\/users\/82"}],"replies":[{"embeddable":true,"href":"https:\/\/www.africa-press.net\/cotedivoire\/wp-json\/wp\/v2\/comments?post=9799"}],"version-history":[{"count":0,"href":"https:\/\/www.africa-press.net\/cotedivoire\/wp-json\/wp\/v2\/posts\/9799\/revisions"}],"wp:featuredmedia":[{"embeddable":true,"href":"https:\/\/www.africa-press.net\/cotedivoire\/wp-json\/wp\/v2\/media\/9798"}],"wp:attachment":[{"href":"https:\/\/www.africa-press.net\/cotedivoire\/wp-json\/wp\/v2\/media?parent=9799"}],"wp:term":[{"taxonomy":"category","embeddable":true,"href":"https:\/\/www.africa-press.net\/cotedivoire\/wp-json\/wp\/v2\/categories?post=9799"},{"taxonomy":"post_tag","embeddable":true,"href":"https:\/\/www.africa-press.net\/cotedivoire\/wp-json\/wp\/v2\/tags?post=9799"}],"curies":[{"name":"wp","href":"https:\/\/api.w.org\/{rel}","templated":true}]}}