{"id":9802,"date":"2021-07-07T15:08:07","date_gmt":"2021-07-07T15:08:07","guid":{"rendered":"https:\/\/www.africa-press.net\/cotedivoire\/?p=9802"},"modified":"2021-07-08T02:57:25","modified_gmt":"2021-07-08T02:57:25","slug":"abobo-cote-divoire-kandia-candidate-du-rhdp-pour-la-mairie-apres-le-deces-de-hambak","status":"publish","type":"post","link":"https:\/\/www.africa-press.net\/cotedivoire\/politique\/abobo-cote-divoire-kandia-candidate-du-rhdp-pour-la-mairie-apres-le-deces-de-hambak","title":{"rendered":"Abobo\/C\u00f4te-d\u2019Ivoire: Kandia candidate du Rhdp pour la mairie apr\u00e8s le d\u00e9c\u00e8s de Hambak"},"content":{"rendered":"<p><span style=\"color: #ff6600\"><strong><a href=\"https:\/\/www.africa-press.net\/\">Africa-Press<\/a> &#8211; <a href=\"https:\/\/www.africa-press.net\/cotedivoire\">C\u00f4te d&rsquo;Ivoire<\/a>. <\/strong><\/span>La ministre ivoirienne des affaires \u00e9trang\u00e8res Kandia Camara sera la candidate de la coalition au pouvoir en C\u00f4te-d\u2019Ivoire, le Rhdp du pr\u00e9sident Alassane Ouattara, aux \u00e9lections l\u00e9gislatives partielles dans la commune d\u2019Abobo, suite au d\u00e9c\u00e8s du maire sortant Hamed Bakayoko.<\/p>\n<p>Le directeur ex\u00e9cutif du Rassemblement des houphou\u00e9tistes pour la d\u00e9mocratie et la paix (RHDP, pouvoir), Adama Bictogo, a fait cette annonce hier mardi lors d\u2019une rencontre avec les d\u00e9l\u00e9gu\u00e9s de son parti tenue \u00e0 la salle des f\u00eates de la mairie d\u2019Abobo.<\/p>\n<p>Bictogo a aussi profit\u00e9 de l\u2019occasion pour tancer les opposants du FPI et du PDCI, en affirmant que son parti le Rhdp pouvait \u00ab gagner toutes les \u00e9lections \u00bb en C\u00f4te-d\u2019Ivoire sans une \u00ab alliance \u00bb.<\/p>\n<p>Le FPI\/EDS de Laurent Gbagbo et le PDCI de B\u00e9di\u00e9 entendent pr\u00e9senter une liste unique \u00e0 cette \u00e9lection du maire de la 2e plus grande commune de C\u00f4te-d\u2019Ivoire, celle d\u2019Abobo apr\u00e8s Yopougon.<\/p>\n<p>\u00abUn homme politique, c\u2019est comme le nageur de la mer qui \u00e9pouse les vagues. La seule chose qu\u2019il faut retenir, c\u2019est que les lignes ont boug\u00e9, il y a une recomposition politique et le RHDP a confort\u00e9 ses r\u00e9sultats aux pr\u00e9sidentielles, \u00e0 travers les l\u00e9gislatives en gagnant largement ces \u00e9lections \u00bb, a affirm\u00e9 Bictogo, pour qui le retour de Laurent Gbagbo le 17 juin dernier ne change rien aux chances du rdr\/rhdp de pouvoir remporter toutes les \u00e9lections, pr\u00e9sidentielle, l\u00e9gislatives ou encore municipales.<\/p>\n<p>&nbsp;<\/p>\n","protected":false},"excerpt":{"rendered":"<p>Africa-Press &#8211; C\u00f4te d&rsquo;Ivoire. La ministre ivoirienne des affaires \u00e9trang\u00e8res Kandia Camara sera la candidate de la coalition au pouvoir en C\u00f4te-d\u2019Ivoire, le Rhdp du pr\u00e9sident Alassane Ouattara, aux \u00e9lections l\u00e9gislatives partielles dans la commune d\u2019Abobo, suite au d\u00e9c\u00e8s du maire sortant Hamed Bakayoko. Le directeur ex\u00e9cutif du Rassemblement des houphou\u00e9tistes pour la d\u00e9mocratie et [&hellip;]<\/p>\n","protected":false},"author":82,"featured_media":9801,"comment_status":"open","ping_status":"closed","sticky":false,"template":"","format":"standard","meta":{"footnotes":""},"categories":[11,2,10],"tags":[56,63,29],"class_list":["post-9802","post","type-post","status-publish","format-standard","has-post-thumbnail","hentry","category-homepage-french","category-politique","category-toutes-les-actualites","tag-africa-press","tag-africa-press-cote-divoire","tag-cote-divoire"],"yoast_head":"<!-- This site is optimized with the Yoast SEO Premium plugin v26.1 (Yoast SEO v27.0) - https:\/\/yoast.com\/product\/yoast-seo-premium-wordpress\/ -->\n<title>Abobo\/C\u00f4te-d\u2019Ivoire: Kandia candidate du Rhdp pour la mairie apr\u00e8s le d\u00e9c\u00e8s de Hambak - C\u00f4te d&#039;Ivoire<\/title>\n<meta name=\"description\" content=\"La ministre ivoirienne des affaires \u00e9trang\u00e8res Kandia Camara sera la candidate de la coalition au pouvoir en C\u00f4te-d\u2019Ivoi ...\" \/>\n<meta name=\"robots\" content=\"index, follow, max-snippet:-1, max-image-preview:large, max-video-preview:-1\" \/>\n<link rel=\"canonical\" href=\"https:\/\/www.africa-press.net\/cotedivoire\/politique\/abobo-cote-divoire-kandia-candidate-du-rhdp-pour-la-mairie-apres-le-deces-de-hambak\" \/>\n<meta property=\"og:locale\" content=\"fr_FR\" \/>\n<meta property=\"og:type\" content=\"article\" \/>\n<meta property=\"og:title\" content=\"Abobo\/C\u00f4te-d\u2019Ivoire: Kandia candidate du Rhdp pour la mairie apr\u00e8s le d\u00e9c\u00e8s de Hambak\" \/>\n<meta property=\"og:description\" content=\"La ministre ivoirienne des affaires \u00e9trang\u00e8res Kandia Camara sera la candidate de la coalition au pouvoir en C\u00f4te-d\u2019Ivoi ...\" \/>\n<meta property=\"og:url\" content=\"https:\/\/www.africa-press.net\/cotedivoire\/politique\/abobo-cote-divoire-kandia-candidate-du-rhdp-pour-la-mairie-apres-le-deces-de-hambak\" \/>\n<meta property=\"og:site_name\" content=\"C\u00f4te d&#039;Ivoire\" \/>\n<meta property=\"article:published_time\" content=\"2021-07-07T15:08:07+00:00\" \/>\n<meta property=\"article:modified_time\" content=\"2021-07-08T02:57:25+00:00\" \/>\n<meta property=\"og:image\" content=\"https:\/\/static.africa-press.net\/cote\/sites\/43\/2021\/07\/img-60e5ba22b3d37.jpg\" \/>\n\t<meta property=\"og:image:width\" content=\"1080\" \/>\n\t<meta property=\"og:image:height\" content=\"720\" \/>\n\t<meta property=\"og:image:type\" content=\"image\/jpeg\" \/>\n<meta name=\"author\" content=\"cfeditorfr\" \/>\n<meta name=\"twitter:card\" content=\"summary_large_image\" \/>\n<meta name=\"twitter:label1\" content=\"\u00c9crit par\" \/>\n\t<meta name=\"twitter:data1\" content=\"cfeditorfr\" \/>\n\t<meta name=\"twitter:label2\" content=\"Dur\u00e9e de lecture estim\u00e9e\" \/>\n\t<meta name=\"twitter:data2\" content=\"1 minute\" \/>\n<script type=\"application\/ld+json\" class=\"yoast-schema-graph\">{\"@context\":\"https:\/\/schema.org\",\"@graph\":[{\"@type\":\"Article\",\"@id\":\"https:\/\/www.africa-press.net\/cotedivoire\/politique\/abobo-cote-divoire-kandia-candidate-du-rhdp-pour-la-mairie-apres-le-deces-de-hambak#article\",\"isPartOf\":{\"@id\":\"https:\/\/www.africa-press.net\/cotedivoire\/politique\/abobo-cote-divoire-kandia-candidate-du-rhdp-pour-la-mairie-apres-le-deces-de-hambak\"},\"author\":{\"name\":\"cfeditorfr\",\"@id\":\"https:\/\/www.africa-press.net\/cotedivoire\/#\/schema\/person\/2b1cf3cd81a31e3cd26889ca66d677f1\"},\"headline\":\"Abobo\/C\u00f4te-d\u2019Ivoire: Kandia candidate du Rhdp pour la mairie apr\u00e8s le d\u00e9c\u00e8s de Hambak\",\"datePublished\":\"2021-07-07T15:08:07+00:00\",\"dateModified\":\"2021-07-08T02:57:25+00:00\",\"mainEntityOfPage\":{\"@id\":\"https:\/\/www.africa-press.net\/cotedivoire\/politique\/abobo-cote-divoire-kandia-candidate-du-rhdp-pour-la-mairie-apres-le-deces-de-hambak\"},\"wordCount\":286,\"commentCount\":0,\"image\":{\"@id\":\"https:\/\/www.africa-press.net\/cotedivoire\/politique\/abobo-cote-divoire-kandia-candidate-du-rhdp-pour-la-mairie-apres-le-deces-de-hambak#primaryimage\"},\"thumbnailUrl\":\"https:\/\/static.africa-press.net\/cote\/sites\/43\/2021\/07\/img-60e5ba22b3d37.jpg\",\"keywords\":[\"Africa Press\",\"Africa Press-C\u00f4te d'Ivoire\",\"C\u00d4TE D'IVOIRE\"],\"articleSection\":[\"homepage-french\",\"Politique\",\"Toutes les actualit\u00e9s\"],\"inLanguage\":\"fr-FR\",\"potentialAction\":[{\"@type\":\"CommentAction\",\"name\":\"Comment\",\"target\":[\"https:\/\/www.africa-press.net\/cotedivoire\/politique\/abobo-cote-divoire-kandia-candidate-du-rhdp-pour-la-mairie-apres-le-deces-de-hambak#respond\"]}]},{\"@type\":\"WebPage\",\"@id\":\"https:\/\/www.africa-press.net\/cotedivoire\/politique\/abobo-cote-divoire-kandia-candidate-du-rhdp-pour-la-mairie-apres-le-deces-de-hambak\",\"url\":\"https:\/\/www.africa-press.net\/cotedivoire\/politique\/abobo-cote-divoire-kandia-candidate-du-rhdp-pour-la-mairie-apres-le-deces-de-hambak\",\"name\":\"Abobo\/C\u00f4te-d\u2019Ivoire: Kandia candidate du Rhdp pour la mairie apr\u00e8s le d\u00e9c\u00e8s de Hambak - C\u00f4te d&#039;Ivoire\",\"isPartOf\":{\"@id\":\"https:\/\/www.africa-press.net\/cotedivoire\/#website\"},\"primaryImageOfPage\":{\"@id\":\"https:\/\/www.africa-press.net\/cotedivoire\/politique\/abobo-cote-divoire-kandia-candidate-du-rhdp-pour-la-mairie-apres-le-deces-de-hambak#primaryimage\"},\"image\":{\"@id\":\"https:\/\/www.africa-press.net\/cotedivoire\/politique\/abobo-cote-divoire-kandia-candidate-du-rhdp-pour-la-mairie-apres-le-deces-de-hambak#primaryimage\"},\"thumbnailUrl\":\"https:\/\/static.africa-press.net\/cote\/sites\/43\/2021\/07\/img-60e5ba22b3d37.jpg\",\"datePublished\":\"2021-07-07T15:08:07+00:00\",\"dateModified\":\"2021-07-08T02:57:25+00:00\",\"author\":{\"@id\":\"https:\/\/www.africa-press.net\/cotedivoire\/#\/schema\/person\/2b1cf3cd81a31e3cd26889ca66d677f1\"},\"description\":\"La ministre ivoirienne des affaires \u00e9trang\u00e8res Kandia Camara sera la candidate de la coalition au pouvoir en C\u00f4te-d\u2019Ivoi ...\",\"breadcrumb\":{\"@id\":\"https:\/\/www.africa-press.net\/cotedivoire\/politique\/abobo-cote-divoire-kandia-candidate-du-rhdp-pour-la-mairie-apres-le-deces-de-hambak#breadcrumb\"},\"inLanguage\":\"fr-FR\",\"potentialAction\":[{\"@type\":\"ReadAction\",\"target\":[\"https:\/\/www.africa-press.net\/cotedivoire\/politique\/abobo-cote-divoire-kandia-candidate-du-rhdp-pour-la-mairie-apres-le-deces-de-hambak\"]}]},{\"@type\":\"ImageObject\",\"inLanguage\":\"fr-FR\",\"@id\":\"https:\/\/www.africa-press.net\/cotedivoire\/politique\/abobo-cote-divoire-kandia-candidate-du-rhdp-pour-la-mairie-apres-le-deces-de-hambak#primaryimage\",\"url\":\"https:\/\/static.africa-press.net\/cote\/sites\/43\/2021\/07\/img-60e5ba22b3d37.jpg\",\"contentUrl\":\"https:\/\/static.africa-press.net\/cote\/sites\/43\/2021\/07\/img-60e5ba22b3d37.jpg\",\"width\":1080,\"height\":720,\"caption\":\"Abobo\/C\u00f4te-d\u2019Ivoire: Kandia candidate du Rhdp pour la mairie apr\u00e8s le d\u00e9c\u00e8s de Hambak\"},{\"@type\":\"BreadcrumbList\",\"@id\":\"https:\/\/www.africa-press.net\/cotedivoire\/politique\/abobo-cote-divoire-kandia-candidate-du-rhdp-pour-la-mairie-apres-le-deces-de-hambak#breadcrumb\",\"itemListElement\":[{\"@type\":\"ListItem\",\"position\":1,\"name\":\"Accueil\",\"item\":\"https:\/\/www.africa-press.net\/cotedivoire\/\"},{\"@type\":\"ListItem\",\"position\":2,\"name\":\"Abobo\/C\u00f4te-d\u2019Ivoire: Kandia candidate du Rhdp pour la mairie apr\u00e8s le d\u00e9c\u00e8s de Hambak\"}]},{\"@type\":\"WebSite\",\"@id\":\"https:\/\/www.africa-press.net\/cotedivoire\/#website\",\"url\":\"https:\/\/www.africa-press.net\/cotedivoire\/\",\"name\":\"C\u00f4te d&#039;Ivoire\",\"description\":\"Just another Africa News Agency Sites site\",\"potentialAction\":[{\"@type\":\"SearchAction\",\"target\":{\"@type\":\"EntryPoint\",\"urlTemplate\":\"https:\/\/www.africa-press.net\/cotedivoire\/?s={search_term_string}\"},\"query-input\":{\"@type\":\"PropertyValueSpecification\",\"valueRequired\":true,\"valueName\":\"search_term_string\"}}],\"inLanguage\":\"fr-FR\"},{\"@type\":\"Person\",\"@id\":\"https:\/\/www.africa-press.net\/cotedivoire\/#\/schema\/person\/2b1cf3cd81a31e3cd26889ca66d677f1\",\"name\":\"cfeditorfr\"}]}<\/script>\n<!-- \/ Yoast SEO Premium plugin. -->","yoast_head_json":{"title":"Abobo\/C\u00f4te-d\u2019Ivoire: Kandia candidate du Rhdp pour la mairie apr\u00e8s le d\u00e9c\u00e8s de Hambak - C\u00f4te d&#039;Ivoire","description":"La ministre ivoirienne des affaires \u00e9trang\u00e8res Kandia Camara sera la candidate de la coalition au pouvoir en C\u00f4te-d\u2019Ivoi ...","robots":{"index":"index","follow":"follow","max-snippet":"max-snippet:-1","max-image-preview":"max-image-preview:large","max-video-preview":"max-video-preview:-1"},"canonical":"https:\/\/www.africa-press.net\/cotedivoire\/politique\/abobo-cote-divoire-kandia-candidate-du-rhdp-pour-la-mairie-apres-le-deces-de-hambak","og_locale":"fr_FR","og_type":"article","og_title":"Abobo\/C\u00f4te-d\u2019Ivoire: Kandia candidate du Rhdp pour la mairie apr\u00e8s le d\u00e9c\u00e8s de Hambak","og_description":"La ministre ivoirienne des affaires \u00e9trang\u00e8res Kandia Camara sera la candidate de la coalition au pouvoir en C\u00f4te-d\u2019Ivoi ...","og_url":"https:\/\/www.africa-press.net\/cotedivoire\/politique\/abobo-cote-divoire-kandia-candidate-du-rhdp-pour-la-mairie-apres-le-deces-de-hambak","og_site_name":"C\u00f4te d&#039;Ivoire","article_published_time":"2021-07-07T15:08:07+00:00","article_modified_time":"2021-07-08T02:57:25+00:00","og_image":[{"width":1080,"height":720,"url":"https:\/\/static.africa-press.net\/cote\/sites\/43\/2021\/07\/img-60e5ba22b3d37.jpg","type":"image\/jpeg"}],"author":"cfeditorfr","twitter_card":"summary_large_image","twitter_misc":{"\u00c9crit par":"cfeditorfr","Dur\u00e9e de lecture estim\u00e9e":"1 minute"},"schema":{"@context":"https:\/\/schema.org","@graph":[{"@type":"Article","@id":"https:\/\/www.africa-press.net\/cotedivoire\/politique\/abobo-cote-divoire-kandia-candidate-du-rhdp-pour-la-mairie-apres-le-deces-de-hambak#article","isPartOf":{"@id":"https:\/\/www.africa-press.net\/cotedivoire\/politique\/abobo-cote-divoire-kandia-candidate-du-rhdp-pour-la-mairie-apres-le-deces-de-hambak"},"author":{"name":"cfeditorfr","@id":"https:\/\/www.africa-press.net\/cotedivoire\/#\/schema\/person\/2b1cf3cd81a31e3cd26889ca66d677f1"},"headline":"Abobo\/C\u00f4te-d\u2019Ivoire: Kandia candidate du Rhdp pour la mairie apr\u00e8s le d\u00e9c\u00e8s de Hambak","datePublished":"2021-07-07T15:08:07+00:00","dateModified":"2021-07-08T02:57:25+00:00","mainEntityOfPage":{"@id":"https:\/\/www.africa-press.net\/cotedivoire\/politique\/abobo-cote-divoire-kandia-candidate-du-rhdp-pour-la-mairie-apres-le-deces-de-hambak"},"wordCount":286,"commentCount":0,"image":{"@id":"https:\/\/www.africa-press.net\/cotedivoire\/politique\/abobo-cote-divoire-kandia-candidate-du-rhdp-pour-la-mairie-apres-le-deces-de-hambak#primaryimage"},"thumbnailUrl":"https:\/\/static.africa-press.net\/cote\/sites\/43\/2021\/07\/img-60e5ba22b3d37.jpg","keywords":["Africa Press","Africa Press-C\u00f4te d'Ivoire","C\u00d4TE D'IVOIRE"],"articleSection":["homepage-french","Politique","Toutes les actualit\u00e9s"],"inLanguage":"fr-FR","potentialAction":[{"@type":"CommentAction","name":"Comment","target":["https:\/\/www.africa-press.net\/cotedivoire\/politique\/abobo-cote-divoire-kandia-candidate-du-rhdp-pour-la-mairie-apres-le-deces-de-hambak#respond"]}]},{"@type":"WebPage","@id":"https:\/\/www.africa-press.net\/cotedivoire\/politique\/abobo-cote-divoire-kandia-candidate-du-rhdp-pour-la-mairie-apres-le-deces-de-hambak","url":"https:\/\/www.africa-press.net\/cotedivoire\/politique\/abobo-cote-divoire-kandia-candidate-du-rhdp-pour-la-mairie-apres-le-deces-de-hambak","name":"Abobo\/C\u00f4te-d\u2019Ivoire: Kandia candidate du Rhdp pour la mairie apr\u00e8s le d\u00e9c\u00e8s de Hambak - C\u00f4te d&#039;Ivoire","isPartOf":{"@id":"https:\/\/www.africa-press.net\/cotedivoire\/#website"},"primaryImageOfPage":{"@id":"https:\/\/www.africa-press.net\/cotedivoire\/politique\/abobo-cote-divoire-kandia-candidate-du-rhdp-pour-la-mairie-apres-le-deces-de-hambak#primaryimage"},"image":{"@id":"https:\/\/www.africa-press.net\/cotedivoire\/politique\/abobo-cote-divoire-kandia-candidate-du-rhdp-pour-la-mairie-apres-le-deces-de-hambak#primaryimage"},"thumbnailUrl":"https:\/\/static.africa-press.net\/cote\/sites\/43\/2021\/07\/img-60e5ba22b3d37.jpg","datePublished":"2021-07-07T15:08:07+00:00","dateModified":"2021-07-08T02:57:25+00:00","author":{"@id":"https:\/\/www.africa-press.net\/cotedivoire\/#\/schema\/person\/2b1cf3cd81a31e3cd26889ca66d677f1"},"description":"La ministre ivoirienne des affaires \u00e9trang\u00e8res Kandia Camara sera la candidate de la coalition au pouvoir en C\u00f4te-d\u2019Ivoi ...","breadcrumb":{"@id":"https:\/\/www.africa-press.net\/cotedivoire\/politique\/abobo-cote-divoire-kandia-candidate-du-rhdp-pour-la-mairie-apres-le-deces-de-hambak#breadcrumb"},"inLanguage":"fr-FR","potentialAction":[{"@type":"ReadAction","target":["https:\/\/www.africa-press.net\/cotedivoire\/politique\/abobo-cote-divoire-kandia-candidate-du-rhdp-pour-la-mairie-apres-le-deces-de-hambak"]}]},{"@type":"ImageObject","inLanguage":"fr-FR","@id":"https:\/\/www.africa-press.net\/cotedivoire\/politique\/abobo-cote-divoire-kandia-candidate-du-rhdp-pour-la-mairie-apres-le-deces-de-hambak#primaryimage","url":"https:\/\/static.africa-press.net\/cote\/sites\/43\/2021\/07\/img-60e5ba22b3d37.jpg","contentUrl":"https:\/\/static.africa-press.net\/cote\/sites\/43\/2021\/07\/img-60e5ba22b3d37.jpg","width":1080,"height":720,"caption":"Abobo\/C\u00f4te-d\u2019Ivoire: Kandia candidate du Rhdp pour la mairie apr\u00e8s le d\u00e9c\u00e8s de Hambak"},{"@type":"BreadcrumbList","@id":"https:\/\/www.africa-press.net\/cotedivoire\/politique\/abobo-cote-divoire-kandia-candidate-du-rhdp-pour-la-mairie-apres-le-deces-de-hambak#breadcrumb","itemListElement":[{"@type":"ListItem","position":1,"name":"Accueil","item":"https:\/\/www.africa-press.net\/cotedivoire\/"},{"@type":"ListItem","position":2,"name":"Abobo\/C\u00f4te-d\u2019Ivoire: Kandia candidate du Rhdp pour la mairie apr\u00e8s le d\u00e9c\u00e8s de Hambak"}]},{"@type":"WebSite","@id":"https:\/\/www.africa-press.net\/cotedivoire\/#website","url":"https:\/\/www.africa-press.net\/cotedivoire\/","name":"C\u00f4te d&#039;Ivoire","description":"Just another Africa News Agency Sites site","potentialAction":[{"@type":"SearchAction","target":{"@type":"EntryPoint","urlTemplate":"https:\/\/www.africa-press.net\/cotedivoire\/?s={search_term_string}"},"query-input":{"@type":"PropertyValueSpecification","valueRequired":true,"valueName":"search_term_string"}}],"inLanguage":"fr-FR"},{"@type":"Person","@id":"https:\/\/www.africa-press.net\/cotedivoire\/#\/schema\/person\/2b1cf3cd81a31e3cd26889ca66d677f1","name":"cfeditorfr"}]}},"_links":{"self":[{"href":"https:\/\/www.africa-press.net\/cotedivoire\/wp-json\/wp\/v2\/posts\/9802","targetHints":{"allow":["GET"]}}],"collection":[{"href":"https:\/\/www.africa-press.net\/cotedivoire\/wp-json\/wp\/v2\/posts"}],"about":[{"href":"https:\/\/www.africa-press.net\/cotedivoire\/wp-json\/wp\/v2\/types\/post"}],"author":[{"embeddable":true,"href":"https:\/\/www.africa-press.net\/cotedivoire\/wp-json\/wp\/v2\/users\/82"}],"replies":[{"embeddable":true,"href":"https:\/\/www.africa-press.net\/cotedivoire\/wp-json\/wp\/v2\/comments?post=9802"}],"version-history":[{"count":0,"href":"https:\/\/www.africa-press.net\/cotedivoire\/wp-json\/wp\/v2\/posts\/9802\/revisions"}],"wp:featuredmedia":[{"embeddable":true,"href":"https:\/\/www.africa-press.net\/cotedivoire\/wp-json\/wp\/v2\/media\/9801"}],"wp:attachment":[{"href":"https:\/\/www.africa-press.net\/cotedivoire\/wp-json\/wp\/v2\/media?parent=9802"}],"wp:term":[{"taxonomy":"category","embeddable":true,"href":"https:\/\/www.africa-press.net\/cotedivoire\/wp-json\/wp\/v2\/categories?post=9802"},{"taxonomy":"post_tag","embeddable":true,"href":"https:\/\/www.africa-press.net\/cotedivoire\/wp-json\/wp\/v2\/tags?post=9802"}],"curies":[{"name":"wp","href":"https:\/\/api.w.org\/{rel}","templated":true}]}}