{"id":98026,"date":"2025-04-23T16:45:09","date_gmt":"2025-04-23T16:45:09","guid":{"rendered":"https:\/\/www.africa-press.net\/cotedivoire\/politique\/fif-un-arbitre-reconnu-coupable-de-vol-dun-portable-dans-les-vestiaires-radie"},"modified":"2025-04-23T16:45:09","modified_gmt":"2025-04-23T16:45:09","slug":"fif-un-arbitre-reconnu-coupable-de-vol-dun-portable-dans-les-vestiaires-radie","status":"publish","type":"post","link":"https:\/\/www.africa-press.net\/cotedivoire\/sports\/fif-un-arbitre-reconnu-coupable-de-vol-dun-portable-dans-les-vestiaires-radie","title":{"rendered":"FIF, un arbitre reconnu coupable de vol d&rsquo;un portable dans les vestiaires radi\u00e9"},"content":{"rendered":"<p><span style=\"color: #ff6600\"><strong>Africa-Press &#8211; C\u00f4te d&rsquo;Ivoire. <\/strong><\/span>Un arbitre officiant lors d\u2019un match de la 8e\u0300 journe\u0301e du championnat de District joue\u0301 au stade Municipal de Yamoussoukro a e\u0301te\u0301 reconnu coupable de vol de te\u0301le\u0301phone portable, le 16 avril 2025.<\/p>\n<p>Nous apprenons que, le te\u0301le\u0301phone mobile appartenant a\u0300 Madame la Directrice du centre qui a accueilli les trois (03) arbitres de\u0301signe\u0301s pour la rencontre avait disparu juste apre\u0300s leur de\u0301part.<\/p>\n<p>La Dame a plusieurs fois questionne\u0301 les trois arbitres qui ont religieusement nie\u0301 les faits. C\u2019est ainsi qu\u2019elle est alle\u0301e porter plainte a\u0300 la police contre X.<\/p>\n<p>La Commission Centrale des Arbitres (CCA) de la Fe\u0301de\u0301ration Ivoirienne de Football (FIF) saisie de l\u2019affaire, l\u2019ordre a e\u0301te\u0301 donne\u0301 a\u0300 chaque Arbitre de fouiller syste\u0301matiquement dans tous les sacs.<\/p>\n<p>Le voleur sachant que la CCA a demande\u0301 a\u0300 la police de garder tous les suspects jusqu\u2019a\u0300 ce que le te\u0301le\u0301phone soit retrouve\u0301, de\u0301pose le te\u0301le\u0301phone dans la chasse du WC des vestiaires des Arbitres.<\/p>\n<p>Apre\u0300s avoir situe\u0301 les responsabilite\u0301s des uns et des autres au cours de cette recherche, Monsieur Kiahue\u0301 Prince Eze\u0301chiel (arbitre re\u0301gional de la Commission de\u0301partementale des Arbitres de Saioua) a e\u0301te\u0301 reconnu coupable.<\/p>\n<p>La CCA a condamne\u0301 fermement ces genres de comportements qui ternissent l\u2019image de la corporation et pre\u0301sente\u0301 toutes ses excuses a\u0300 la Dame.<\/p>\n<p>Par conse\u0301quent, elle a annonce\u0301 la radiation de l\u2019arbitre en question des effectifs des Arbitres de football de Co\u0302te d\u2019Ivoire, il perd e\u0301galement son grade d\u2019arbitre re\u0301gional.<\/p>\n<p>Mr Kiahue\u0301 Prince Eze\u0301chiel n\u2019e\u0301tant plus conside\u0301re\u0301 comme un membre de la commission des arbitres de Saioua, ne doit plus s\u2019approcher des arbitres de football.<\/p>\n<p><strong>Pour plus d&rsquo;informations et d&rsquo;analyses sur la <span style=\"color: #ff6600\">C\u00f4te d&rsquo;Ivoire<\/span>, suivez <span style=\"color: #ff6600\">Africa-Press<span style=\"color: #ff6600\"><\/span><\/strong><\/p>\n","protected":false},"excerpt":{"rendered":"<p>Africa-Press &#8211; C\u00f4te d&rsquo;Ivoire. Un arbitre officiant lors d\u2019un match de la 8e\u0300 journe\u0301e du championnat de District joue\u0301 au stade Municipal de Yamoussoukro a e\u0301te\u0301 reconnu coupable de vol de te\u0301le\u0301phone portable, le 16 avril 2025. Nous apprenons que, le te\u0301le\u0301phone mobile appartenant a\u0300 Madame la Directrice du centre qui a accueilli les trois [&hellip;]<\/p>\n","protected":false},"author":82,"featured_media":98025,"comment_status":"open","ping_status":"closed","sticky":false,"template":"","format":"standard","meta":{"footnotes":""},"categories":[6,10],"tags":[6839,9576,37,859,17459,17461,17462,17460,3806],"class_list":["post-98026","post","type-post","status-publish","format-standard","has-post-thumbnail","hentry","category-sports","category-toutes-les-actualites","tag-arbitres","tag-cca","tag-cote-divoire-2","tag-fif","tag-kiahue-prince","tag-portable","tag-saioua-3","tag-telephone-2","tag-vol"],"yoast_head":"<!-- This site is optimized with the Yoast SEO Premium plugin v26.1 (Yoast SEO v27.0) - https:\/\/yoast.com\/product\/yoast-seo-premium-wordpress\/ -->\n<title>FIF, un arbitre reconnu coupable de vol d&#039;un portable dans les vestiaires radi\u00e9 - C\u00f4te d&#039;Ivoire<\/title>\n<meta name=\"robots\" content=\"index, follow, max-snippet:-1, max-image-preview:large, max-video-preview:-1\" \/>\n<link rel=\"canonical\" href=\"https:\/\/www.africa-press.net\/cotedivoire\/politique\/fif-un-arbitre-reconnu-coupable-de-vol-dun-portable-dans-les-vestiaires-radie\" \/>\n<meta property=\"og:locale\" content=\"fr_FR\" \/>\n<meta property=\"og:type\" content=\"article\" \/>\n<meta property=\"og:title\" content=\"FIF, un arbitre reconnu coupable de vol d&#039;un portable dans les vestiaires radi\u00e9\" \/>\n<meta property=\"og:description\" content=\"Africa-Press &#8211; C\u00f4te d&rsquo;Ivoire. Un arbitre officiant lors d\u2019un match de la 8e\u0300 journe\u0301e du championnat de District joue\u0301 au stade Municipal de Yamoussoukro a e\u0301te\u0301 reconnu coupable de vol de te\u0301le\u0301phone portable, le 16 avril 2025. Nous apprenons que, le te\u0301le\u0301phone mobile appartenant a\u0300 Madame la Directrice du centre qui a accueilli les trois [&hellip;]\" \/>\n<meta property=\"og:url\" content=\"https:\/\/www.africa-press.net\/cotedivoire\/politique\/fif-un-arbitre-reconnu-coupable-de-vol-dun-portable-dans-les-vestiaires-radie\" \/>\n<meta property=\"og:site_name\" content=\"C\u00f4te d&#039;Ivoire\" \/>\n<meta property=\"article:published_time\" content=\"2025-04-23T16:45:09+00:00\" \/>\n<meta name=\"author\" content=\"cfeditorfr\" \/>\n<meta name=\"twitter:card\" content=\"summary_large_image\" \/>\n<meta name=\"twitter:label1\" content=\"\u00c9crit par\" \/>\n\t<meta name=\"twitter:data1\" content=\"cfeditorfr\" \/>\n\t<meta name=\"twitter:label2\" content=\"Dur\u00e9e de lecture estim\u00e9e\" \/>\n\t<meta name=\"twitter:data2\" content=\"2 minutes\" \/>\n<script type=\"application\/ld+json\" class=\"yoast-schema-graph\">{\"@context\":\"https:\/\/schema.org\",\"@graph\":[{\"@type\":\"Article\",\"@id\":\"https:\/\/www.africa-press.net\/cotedivoire\/politique\/fif-un-arbitre-reconnu-coupable-de-vol-dun-portable-dans-les-vestiaires-radie#article\",\"isPartOf\":{\"@id\":\"https:\/\/www.africa-press.net\/cotedivoire\/politique\/fif-un-arbitre-reconnu-coupable-de-vol-dun-portable-dans-les-vestiaires-radie\"},\"author\":{\"name\":\"cfeditorfr\",\"@id\":\"https:\/\/www.africa-press.net\/cotedivoire\/#\/schema\/person\/2b1cf3cd81a31e3cd26889ca66d677f1\"},\"headline\":\"FIF, un arbitre reconnu coupable de vol d&rsquo;un portable dans les vestiaires radi\u00e9\",\"datePublished\":\"2025-04-23T16:45:09+00:00\",\"mainEntityOfPage\":{\"@id\":\"https:\/\/www.africa-press.net\/cotedivoire\/politique\/fif-un-arbitre-reconnu-coupable-de-vol-dun-portable-dans-les-vestiaires-radie\"},\"wordCount\":341,\"commentCount\":0,\"image\":{\"@id\":\"https:\/\/www.africa-press.net\/cotedivoire\/politique\/fif-un-arbitre-reconnu-coupable-de-vol-dun-portable-dans-les-vestiaires-radie#primaryimage\"},\"thumbnailUrl\":\"https:\/\/static.africa-press.net\/cote\/sites\/43\/2025\/04\/sm_1745415797.5249.jpg\",\"keywords\":[\"arbitres\",\"CCA\",\"C\u00f4te d'Ivoire\",\"FIF\",\"Kiahu\u00e9 Prince\",\"portable\",\"Saioua\",\"telephone\",\"vol\"],\"articleSection\":[\"Sports\",\"Toutes les actualit\u00e9s\"],\"inLanguage\":\"fr-FR\",\"potentialAction\":[{\"@type\":\"CommentAction\",\"name\":\"Comment\",\"target\":[\"https:\/\/www.africa-press.net\/cotedivoire\/politique\/fif-un-arbitre-reconnu-coupable-de-vol-dun-portable-dans-les-vestiaires-radie#respond\"]}]},{\"@type\":\"WebPage\",\"@id\":\"https:\/\/www.africa-press.net\/cotedivoire\/politique\/fif-un-arbitre-reconnu-coupable-de-vol-dun-portable-dans-les-vestiaires-radie\",\"url\":\"https:\/\/www.africa-press.net\/cotedivoire\/politique\/fif-un-arbitre-reconnu-coupable-de-vol-dun-portable-dans-les-vestiaires-radie\",\"name\":\"FIF, un arbitre reconnu coupable de vol d'un portable dans les vestiaires radi\u00e9 - C\u00f4te d&#039;Ivoire\",\"isPartOf\":{\"@id\":\"https:\/\/www.africa-press.net\/cotedivoire\/#website\"},\"primaryImageOfPage\":{\"@id\":\"https:\/\/www.africa-press.net\/cotedivoire\/politique\/fif-un-arbitre-reconnu-coupable-de-vol-dun-portable-dans-les-vestiaires-radie#primaryimage\"},\"image\":{\"@id\":\"https:\/\/www.africa-press.net\/cotedivoire\/politique\/fif-un-arbitre-reconnu-coupable-de-vol-dun-portable-dans-les-vestiaires-radie#primaryimage\"},\"thumbnailUrl\":\"https:\/\/static.africa-press.net\/cote\/sites\/43\/2025\/04\/sm_1745415797.5249.jpg\",\"datePublished\":\"2025-04-23T16:45:09+00:00\",\"author\":{\"@id\":\"https:\/\/www.africa-press.net\/cotedivoire\/#\/schema\/person\/2b1cf3cd81a31e3cd26889ca66d677f1\"},\"breadcrumb\":{\"@id\":\"https:\/\/www.africa-press.net\/cotedivoire\/politique\/fif-un-arbitre-reconnu-coupable-de-vol-dun-portable-dans-les-vestiaires-radie#breadcrumb\"},\"inLanguage\":\"fr-FR\",\"potentialAction\":[{\"@type\":\"ReadAction\",\"target\":[\"https:\/\/www.africa-press.net\/cotedivoire\/politique\/fif-un-arbitre-reconnu-coupable-de-vol-dun-portable-dans-les-vestiaires-radie\"]}]},{\"@type\":\"ImageObject\",\"inLanguage\":\"fr-FR\",\"@id\":\"https:\/\/www.africa-press.net\/cotedivoire\/politique\/fif-un-arbitre-reconnu-coupable-de-vol-dun-portable-dans-les-vestiaires-radie#primaryimage\",\"url\":\"https:\/\/static.africa-press.net\/cote\/sites\/43\/2025\/04\/sm_1745415797.5249.jpg\",\"contentUrl\":\"https:\/\/static.africa-press.net\/cote\/sites\/43\/2025\/04\/sm_1745415797.5249.jpg\",\"width\":720,\"height\":312,\"caption\":\"FIF, un arbitre reconnu coupable de vol d'un portable dans les vestiaires radi\u00e9\"},{\"@type\":\"BreadcrumbList\",\"@id\":\"https:\/\/www.africa-press.net\/cotedivoire\/politique\/fif-un-arbitre-reconnu-coupable-de-vol-dun-portable-dans-les-vestiaires-radie#breadcrumb\",\"itemListElement\":[{\"@type\":\"ListItem\",\"position\":1,\"name\":\"Accueil\",\"item\":\"https:\/\/www.africa-press.net\/cotedivoire\/\"},{\"@type\":\"ListItem\",\"position\":2,\"name\":\"FIF, un arbitre reconnu coupable de vol d&rsquo;un portable dans les vestiaires radi\u00e9\"}]},{\"@type\":\"WebSite\",\"@id\":\"https:\/\/www.africa-press.net\/cotedivoire\/#website\",\"url\":\"https:\/\/www.africa-press.net\/cotedivoire\/\",\"name\":\"C\u00f4te d&#039;Ivoire\",\"description\":\"Just another Africa News Agency Sites site\",\"potentialAction\":[{\"@type\":\"SearchAction\",\"target\":{\"@type\":\"EntryPoint\",\"urlTemplate\":\"https:\/\/www.africa-press.net\/cotedivoire\/?s={search_term_string}\"},\"query-input\":{\"@type\":\"PropertyValueSpecification\",\"valueRequired\":true,\"valueName\":\"search_term_string\"}}],\"inLanguage\":\"fr-FR\"},{\"@type\":\"Person\",\"@id\":\"https:\/\/www.africa-press.net\/cotedivoire\/#\/schema\/person\/2b1cf3cd81a31e3cd26889ca66d677f1\",\"name\":\"cfeditorfr\"}]}<\/script>\n<!-- \/ Yoast SEO Premium plugin. -->","yoast_head_json":{"title":"FIF, un arbitre reconnu coupable de vol d'un portable dans les vestiaires radi\u00e9 - C\u00f4te d&#039;Ivoire","robots":{"index":"index","follow":"follow","max-snippet":"max-snippet:-1","max-image-preview":"max-image-preview:large","max-video-preview":"max-video-preview:-1"},"canonical":"https:\/\/www.africa-press.net\/cotedivoire\/politique\/fif-un-arbitre-reconnu-coupable-de-vol-dun-portable-dans-les-vestiaires-radie","og_locale":"fr_FR","og_type":"article","og_title":"FIF, un arbitre reconnu coupable de vol d'un portable dans les vestiaires radi\u00e9","og_description":"Africa-Press &#8211; C\u00f4te d&rsquo;Ivoire. Un arbitre officiant lors d\u2019un match de la 8e\u0300 journe\u0301e du championnat de District joue\u0301 au stade Municipal de Yamoussoukro a e\u0301te\u0301 reconnu coupable de vol de te\u0301le\u0301phone portable, le 16 avril 2025. Nous apprenons que, le te\u0301le\u0301phone mobile appartenant a\u0300 Madame la Directrice du centre qui a accueilli les trois [&hellip;]","og_url":"https:\/\/www.africa-press.net\/cotedivoire\/politique\/fif-un-arbitre-reconnu-coupable-de-vol-dun-portable-dans-les-vestiaires-radie","og_site_name":"C\u00f4te d&#039;Ivoire","article_published_time":"2025-04-23T16:45:09+00:00","author":"cfeditorfr","twitter_card":"summary_large_image","twitter_misc":{"\u00c9crit par":"cfeditorfr","Dur\u00e9e de lecture estim\u00e9e":"2 minutes"},"schema":{"@context":"https:\/\/schema.org","@graph":[{"@type":"Article","@id":"https:\/\/www.africa-press.net\/cotedivoire\/politique\/fif-un-arbitre-reconnu-coupable-de-vol-dun-portable-dans-les-vestiaires-radie#article","isPartOf":{"@id":"https:\/\/www.africa-press.net\/cotedivoire\/politique\/fif-un-arbitre-reconnu-coupable-de-vol-dun-portable-dans-les-vestiaires-radie"},"author":{"name":"cfeditorfr","@id":"https:\/\/www.africa-press.net\/cotedivoire\/#\/schema\/person\/2b1cf3cd81a31e3cd26889ca66d677f1"},"headline":"FIF, un arbitre reconnu coupable de vol d&rsquo;un portable dans les vestiaires radi\u00e9","datePublished":"2025-04-23T16:45:09+00:00","mainEntityOfPage":{"@id":"https:\/\/www.africa-press.net\/cotedivoire\/politique\/fif-un-arbitre-reconnu-coupable-de-vol-dun-portable-dans-les-vestiaires-radie"},"wordCount":341,"commentCount":0,"image":{"@id":"https:\/\/www.africa-press.net\/cotedivoire\/politique\/fif-un-arbitre-reconnu-coupable-de-vol-dun-portable-dans-les-vestiaires-radie#primaryimage"},"thumbnailUrl":"https:\/\/static.africa-press.net\/cote\/sites\/43\/2025\/04\/sm_1745415797.5249.jpg","keywords":["arbitres","CCA","C\u00f4te d'Ivoire","FIF","Kiahu\u00e9 Prince","portable","Saioua","telephone","vol"],"articleSection":["Sports","Toutes les actualit\u00e9s"],"inLanguage":"fr-FR","potentialAction":[{"@type":"CommentAction","name":"Comment","target":["https:\/\/www.africa-press.net\/cotedivoire\/politique\/fif-un-arbitre-reconnu-coupable-de-vol-dun-portable-dans-les-vestiaires-radie#respond"]}]},{"@type":"WebPage","@id":"https:\/\/www.africa-press.net\/cotedivoire\/politique\/fif-un-arbitre-reconnu-coupable-de-vol-dun-portable-dans-les-vestiaires-radie","url":"https:\/\/www.africa-press.net\/cotedivoire\/politique\/fif-un-arbitre-reconnu-coupable-de-vol-dun-portable-dans-les-vestiaires-radie","name":"FIF, un arbitre reconnu coupable de vol d'un portable dans les vestiaires radi\u00e9 - C\u00f4te d&#039;Ivoire","isPartOf":{"@id":"https:\/\/www.africa-press.net\/cotedivoire\/#website"},"primaryImageOfPage":{"@id":"https:\/\/www.africa-press.net\/cotedivoire\/politique\/fif-un-arbitre-reconnu-coupable-de-vol-dun-portable-dans-les-vestiaires-radie#primaryimage"},"image":{"@id":"https:\/\/www.africa-press.net\/cotedivoire\/politique\/fif-un-arbitre-reconnu-coupable-de-vol-dun-portable-dans-les-vestiaires-radie#primaryimage"},"thumbnailUrl":"https:\/\/static.africa-press.net\/cote\/sites\/43\/2025\/04\/sm_1745415797.5249.jpg","datePublished":"2025-04-23T16:45:09+00:00","author":{"@id":"https:\/\/www.africa-press.net\/cotedivoire\/#\/schema\/person\/2b1cf3cd81a31e3cd26889ca66d677f1"},"breadcrumb":{"@id":"https:\/\/www.africa-press.net\/cotedivoire\/politique\/fif-un-arbitre-reconnu-coupable-de-vol-dun-portable-dans-les-vestiaires-radie#breadcrumb"},"inLanguage":"fr-FR","potentialAction":[{"@type":"ReadAction","target":["https:\/\/www.africa-press.net\/cotedivoire\/politique\/fif-un-arbitre-reconnu-coupable-de-vol-dun-portable-dans-les-vestiaires-radie"]}]},{"@type":"ImageObject","inLanguage":"fr-FR","@id":"https:\/\/www.africa-press.net\/cotedivoire\/politique\/fif-un-arbitre-reconnu-coupable-de-vol-dun-portable-dans-les-vestiaires-radie#primaryimage","url":"https:\/\/static.africa-press.net\/cote\/sites\/43\/2025\/04\/sm_1745415797.5249.jpg","contentUrl":"https:\/\/static.africa-press.net\/cote\/sites\/43\/2025\/04\/sm_1745415797.5249.jpg","width":720,"height":312,"caption":"FIF, un arbitre reconnu coupable de vol d'un portable dans les vestiaires radi\u00e9"},{"@type":"BreadcrumbList","@id":"https:\/\/www.africa-press.net\/cotedivoire\/politique\/fif-un-arbitre-reconnu-coupable-de-vol-dun-portable-dans-les-vestiaires-radie#breadcrumb","itemListElement":[{"@type":"ListItem","position":1,"name":"Accueil","item":"https:\/\/www.africa-press.net\/cotedivoire\/"},{"@type":"ListItem","position":2,"name":"FIF, un arbitre reconnu coupable de vol d&rsquo;un portable dans les vestiaires radi\u00e9"}]},{"@type":"WebSite","@id":"https:\/\/www.africa-press.net\/cotedivoire\/#website","url":"https:\/\/www.africa-press.net\/cotedivoire\/","name":"C\u00f4te d&#039;Ivoire","description":"Just another Africa News Agency Sites site","potentialAction":[{"@type":"SearchAction","target":{"@type":"EntryPoint","urlTemplate":"https:\/\/www.africa-press.net\/cotedivoire\/?s={search_term_string}"},"query-input":{"@type":"PropertyValueSpecification","valueRequired":true,"valueName":"search_term_string"}}],"inLanguage":"fr-FR"},{"@type":"Person","@id":"https:\/\/www.africa-press.net\/cotedivoire\/#\/schema\/person\/2b1cf3cd81a31e3cd26889ca66d677f1","name":"cfeditorfr"}]}},"_links":{"self":[{"href":"https:\/\/www.africa-press.net\/cotedivoire\/wp-json\/wp\/v2\/posts\/98026","targetHints":{"allow":["GET"]}}],"collection":[{"href":"https:\/\/www.africa-press.net\/cotedivoire\/wp-json\/wp\/v2\/posts"}],"about":[{"href":"https:\/\/www.africa-press.net\/cotedivoire\/wp-json\/wp\/v2\/types\/post"}],"author":[{"embeddable":true,"href":"https:\/\/www.africa-press.net\/cotedivoire\/wp-json\/wp\/v2\/users\/82"}],"replies":[{"embeddable":true,"href":"https:\/\/www.africa-press.net\/cotedivoire\/wp-json\/wp\/v2\/comments?post=98026"}],"version-history":[{"count":0,"href":"https:\/\/www.africa-press.net\/cotedivoire\/wp-json\/wp\/v2\/posts\/98026\/revisions"}],"wp:featuredmedia":[{"embeddable":true,"href":"https:\/\/www.africa-press.net\/cotedivoire\/wp-json\/wp\/v2\/media\/98025"}],"wp:attachment":[{"href":"https:\/\/www.africa-press.net\/cotedivoire\/wp-json\/wp\/v2\/media?parent=98026"}],"wp:term":[{"taxonomy":"category","embeddable":true,"href":"https:\/\/www.africa-press.net\/cotedivoire\/wp-json\/wp\/v2\/categories?post=98026"},{"taxonomy":"post_tag","embeddable":true,"href":"https:\/\/www.africa-press.net\/cotedivoire\/wp-json\/wp\/v2\/tags?post=98026"}],"curies":[{"name":"wp","href":"https:\/\/api.w.org\/{rel}","templated":true}]}}