{"id":9805,"date":"2021-07-07T15:16:51","date_gmt":"2021-07-07T15:16:51","guid":{"rendered":"https:\/\/www.africa-press.net\/cotedivoire\/?p=9805"},"modified":"2021-07-08T02:57:38","modified_gmt":"2021-07-08T02:57:38","slug":"repartitions-au-burida-flore-palenfo-fait-le-point-de-lexercice-2020","status":"publish","type":"post","link":"https:\/\/www.africa-press.net\/cotedivoire\/economie\/repartitions-au-burida-flore-palenfo-fait-le-point-de-lexercice-2020","title":{"rendered":"R\u00e9partitions au Burida: Flore Palenfo fait le point de l\u2019exercice 2020"},"content":{"rendered":"<p><span style=\"color: #ff6600\"><strong><a href=\"https:\/\/www.africa-press.net\/\">Africa-Press<\/a> &#8211; <a href=\"https:\/\/www.africa-press.net\/cotedivoire\">C\u00f4te d&rsquo;Ivoire<\/a>. <\/strong><\/span>Apr\u00e8s le salut aux couleurs en pr\u00e9sence de la ministre de la Culture et de l\u2019Industrie des Arts et du Spectacle et la visite des locaux du Bureau ivoiriens du droit d\u2019auteur (Burida), un point-presse a sanctionn\u00e9 cette journ\u00e9e du lundi 5 juillet 2021. Mme Flore Ini Palenfo, directrice de la r\u00e9partition a fait le point de la r\u00e9partition des droits des artistes dans l\u2019exercice 2020 et premier semestre 2021.<\/p>\n<p>Pour qu\u2019une r\u00e9partition puisse se faire, il faut que les \u0153uvres soient avant tout \u00e9tablies. Il faut des utilisateurs. Les \u0153uvres devront \u00eatre exploit\u00e9es et les redevances per\u00e7ues. Egalement les relev\u00e9s de programme de ces \u0153uvres doivent \u00eatre remis.<\/p>\n<p>Par ailleurs les concern\u00e9s par les \u0153uvres exploit\u00e9es doivent d\u00e9clarer leurs \u0153uvres. C\u2019est le processus de base de la r\u00e9partition que Mme Flore Ini Palenfo a expliqu\u00e9 lors de son point-presse.<\/p>\n<p>Dans l\u2019exercice 2020, tout type de droits confondus, le montant global mis \u00e0 r\u00e9partition est de 1 milliard 445 millions 499 FCFA. Le montant total pay\u00e9 aux titulaires de droits est de 962 millions 289 mille 135 FCFA. Le reste du montant global est en attente de r\u00e9partition, c\u2019est-\u00e0-dire en r\u00e9serve. Elle a indiqu\u00e9 qu\u2019au bout de chaque r\u00e9partition, les droits en attente sont pay\u00e9s.<\/p>\n<p>Pour l\u2019ann\u00e9e 2020, au titre des droits en attente, pour lesquels les informations ont \u00e9t\u00e9 compl\u00e9t\u00e9es, le montant total, dira-t-elle, \u00e9taient de 97 millions 681 mille 335 FCFA. Les chiffres donn\u00e9s sont ceux des droits d\u2019auteur. Il faut indiquer que les droits d\u2019auteur et les droits voisins sont r\u00e9partis diff\u00e9remment. Concernant les droits d\u2019auteur, le total des b\u00e9n\u00e9ficiaires \u00e9tait de 9538 personnes. \u00ab Dans cette nouvelle mouvance de gestion, l\u2019objectif est que le titulaire de droit per\u00e7oive au moins le Smig (\u2026) Nous y travaillons pour \u00e9largir l\u2019assiette de perception pour que le droit mis \u00e0 r\u00e9partition puisse couvrir le maximum possible au Smig. En 2020, ceux qui ont per\u00e7u le Smig sont au nombre de 2060 \u00bb, fait remarquer la directrice de la r\u00e9partition.<\/p>\n<p>En droit voisin, au titre de l\u2019ann\u00e9e 2020, le montant total qui a \u00e9t\u00e9 mis en r\u00e9partition est de 558 millions 775 mille 854 FCFA. Le montant qui a \u00e9t\u00e9 mis en r\u00e9partition, tout type de droit confondu est 523 millions 619 mille 412 FCFA. Le montant restant est en attente de r\u00e9partition. Au titre des droits voisins, les b\u00e9n\u00e9ficiaires sont au nombre de 24934 personnes. Ceux qui ont per\u00e7u au moins le Smig sont au nombre de 2414 personnes.<\/p>\n<p>Le montant total mis \u00e0 r\u00e9partition en 2021, en droit d\u2019auteur le total s\u2019\u00e9l\u00e8ve \u00e0 215 millions 162 mille 014 FCFA. Le montant total qui a \u00e9t\u00e9 r\u00e9parti est de 159 millions 604 mille 624 FCFA. Le reste du montant est en attente de d\u00e9claration. C\u2019est d\u2019ailleurs pourquoi des appels sont lanc\u00e9s aux artistes de venir faire les d\u00e9clarations. Ces montants se logent sur des \u0153uvres qui ont \u00e9t\u00e9 exploit\u00e9es \u00ab Au premier semestre le nombre de b\u00e9n\u00e9ficiaires au droit d\u2019auteur \u00e9tait de 2024 personnes et ces sont 1075 personnes qui ont per\u00e7ues au moins le Smig \u00bb, a d\u00e9clar\u00e9 Mme Flore Ini Palenfo.<\/p>\n<p>En droit voisin, en 2021, le montant des deux semestres confondus s\u2019\u00e9l\u00e8ve \u00e0 137 millions 504 mille 980 FCFA. C\u2019est le montant qui a \u00e9t\u00e9 mis en r\u00e9partition. Et ce sont 137 millions 289 mille 971 FCFA qui ont effectivement \u00e9t\u00e9 pay\u00e9s. Le reste du montant est en attente de d\u00e9claration. Le nombre de b\u00e9n\u00e9ficiaires de cette r\u00e9partition est de 4660 personnes. Les personnes ayant per\u00e7u le Smig et plus sont de 662 personnes.<\/p>\n<p>Dans les statistiques, le Burida fait part du genre dans la r\u00e9partition des droits. \u00ab Pour l\u2019exercice 2020, le pourcentage des hommes qui ont per\u00e7u \u00e9tait de 71% et les femmes 29% (\u2026) Pour l\u2019exercice 2021 s\u2019agissant des deux trimestres, 72% d\u2019hommes et 28% de femmes.<\/p>\n<p>Pendant le salut aux couleurs, le Directeur g\u00e9n\u00e9ral du Burida Karim Ouattara a indiqu\u00e9 que la c\u00e9r\u00e9monie avait pour objectif de rendre un hommage appuy\u00e9 aux soci\u00e9taires. A cette occasion, il a rendu hommage au ministre de la Culture et l\u2019Industrie des arts et du Spectacle, Mme Arlette Badou N\u2019Guessan Kouam\u00e9. \u00ab Mme la ministre est r\u00e9solument engag\u00e9e aupr\u00e8s des artistes pour apporter sa contribution \u00e0 leur mieux \u00eatre \u00bb, a-t-il soutenu.<\/p>\n<p>Saluant l\u2019apport des collectivit\u00e9s et surtout la mairie de Cocody dans la collecte des droits des artistes, elle tenu \u00e0 dire merci au maire Jean-Marc Yac\u00e9. \u00ab Merci de m\u2019aider d\u00e9j\u00e0 \u00e0 remplir une partie de ma mission confi\u00e9e par le Pr\u00e9sident de la R\u00e9publique Alassane Ouattara \u00bb, a-t-elle dit.<\/p>\n<p>Par ailleurs, elle a f\u00e9licit\u00e9 les soci\u00e9taires pour l\u2019accalmie qu\u2019il y a au niveau du Burida et au niveau du monde culturel. \u00ab Tant qu\u2019il y a la paix, l\u2019accalmie nous avons le temps de r\u00e9fl\u00e9chir aux probl\u00e8mes de chacun. Et \u00e0 essayer de trouver des solutions parce que c\u2019est dans la paix que nous pouvons trouver des solutions \u00bb, a soulign\u00e9 la ministre. Avant de leur dire qu\u2019ils ont fait ce qu\u2019il fallait faire pour rester calme et donner le temps d\u2019aider la C\u00f4te d\u2019Ivoire.<\/p>\n<p>&nbsp;<\/p>\n","protected":false},"excerpt":{"rendered":"<p>Africa-Press &#8211; C\u00f4te d&rsquo;Ivoire. Apr\u00e8s le salut aux couleurs en pr\u00e9sence de la ministre de la Culture et de l\u2019Industrie des Arts et du Spectacle et la visite des locaux du Bureau ivoiriens du droit d\u2019auteur (Burida), un point-presse a sanctionn\u00e9 cette journ\u00e9e du lundi 5 juillet 2021. Mme Flore Ini Palenfo, directrice de la [&hellip;]<\/p>\n","protected":false},"author":82,"featured_media":9804,"comment_status":"open","ping_status":"closed","sticky":false,"template":"","format":"standard","meta":{"footnotes":""},"categories":[3,11,10],"tags":[56,63,29],"class_list":["post-9805","post","type-post","status-publish","format-standard","has-post-thumbnail","hentry","category-economie","category-homepage-french","category-toutes-les-actualites","tag-africa-press","tag-africa-press-cote-divoire","tag-cote-divoire"],"yoast_head":"<!-- This site is optimized with the Yoast SEO Premium plugin v26.1 (Yoast SEO v27.0) - https:\/\/yoast.com\/product\/yoast-seo-premium-wordpress\/ -->\n<title>R\u00e9partitions au Burida: Flore Palenfo fait le point de l\u2019exercice 2020 - C\u00f4te d&#039;Ivoire<\/title>\n<meta name=\"description\" content=\"Apr\u00e8s le salut aux couleurs en pr\u00e9sence de la ministre de la Culture et de l\u2019Industrie des Arts et du Spectacle et la vi ...\" \/>\n<meta name=\"robots\" content=\"index, follow, max-snippet:-1, max-image-preview:large, max-video-preview:-1\" \/>\n<link rel=\"canonical\" href=\"https:\/\/www.africa-press.net\/cotedivoire\/economie\/repartitions-au-burida-flore-palenfo-fait-le-point-de-lexercice-2020\" \/>\n<meta property=\"og:locale\" content=\"fr_FR\" \/>\n<meta property=\"og:type\" content=\"article\" \/>\n<meta property=\"og:title\" content=\"R\u00e9partitions au Burida: Flore Palenfo fait le point de l\u2019exercice 2020\" \/>\n<meta property=\"og:description\" content=\"Apr\u00e8s le salut aux couleurs en pr\u00e9sence de la ministre de la Culture et de l\u2019Industrie des Arts et du Spectacle et la vi ...\" \/>\n<meta property=\"og:url\" content=\"https:\/\/www.africa-press.net\/cotedivoire\/economie\/repartitions-au-burida-flore-palenfo-fait-le-point-de-lexercice-2020\" \/>\n<meta property=\"og:site_name\" content=\"C\u00f4te d&#039;Ivoire\" \/>\n<meta property=\"article:published_time\" content=\"2021-07-07T15:16:51+00:00\" \/>\n<meta property=\"article:modified_time\" content=\"2021-07-08T02:57:38+00:00\" \/>\n<meta property=\"og:image\" content=\"https:\/\/static.africa-press.net\/cote\/sites\/43\/2021\/07\/img-60e5ba8be7b44.jpg\" \/>\n\t<meta property=\"og:image:width\" content=\"800\" \/>\n\t<meta property=\"og:image:height\" content=\"644\" \/>\n\t<meta property=\"og:image:type\" content=\"image\/jpeg\" \/>\n<meta name=\"author\" content=\"cfeditorfr\" \/>\n<meta name=\"twitter:card\" content=\"summary_large_image\" \/>\n<meta name=\"twitter:label1\" content=\"\u00c9crit par\" \/>\n\t<meta name=\"twitter:data1\" content=\"cfeditorfr\" \/>\n\t<meta name=\"twitter:label2\" content=\"Dur\u00e9e de lecture estim\u00e9e\" \/>\n\t<meta name=\"twitter:data2\" content=\"4 minutes\" \/>\n<script type=\"application\/ld+json\" class=\"yoast-schema-graph\">{\"@context\":\"https:\/\/schema.org\",\"@graph\":[{\"@type\":\"Article\",\"@id\":\"https:\/\/www.africa-press.net\/cotedivoire\/economie\/repartitions-au-burida-flore-palenfo-fait-le-point-de-lexercice-2020#article\",\"isPartOf\":{\"@id\":\"https:\/\/www.africa-press.net\/cotedivoire\/economie\/repartitions-au-burida-flore-palenfo-fait-le-point-de-lexercice-2020\"},\"author\":{\"name\":\"cfeditorfr\",\"@id\":\"https:\/\/www.africa-press.net\/cotedivoire\/#\/schema\/person\/2b1cf3cd81a31e3cd26889ca66d677f1\"},\"headline\":\"R\u00e9partitions au Burida: Flore Palenfo fait le point de l\u2019exercice 2020\",\"datePublished\":\"2021-07-07T15:16:51+00:00\",\"dateModified\":\"2021-07-08T02:57:38+00:00\",\"mainEntityOfPage\":{\"@id\":\"https:\/\/www.africa-press.net\/cotedivoire\/economie\/repartitions-au-burida-flore-palenfo-fait-le-point-de-lexercice-2020\"},\"wordCount\":905,\"commentCount\":0,\"image\":{\"@id\":\"https:\/\/www.africa-press.net\/cotedivoire\/economie\/repartitions-au-burida-flore-palenfo-fait-le-point-de-lexercice-2020#primaryimage\"},\"thumbnailUrl\":\"https:\/\/static.africa-press.net\/cote\/sites\/43\/2021\/07\/img-60e5ba8be7b44.jpg\",\"keywords\":[\"Africa Press\",\"Africa Press-C\u00f4te d'Ivoire\",\"C\u00d4TE D'IVOIRE\"],\"articleSection\":[\"\u00c9conomie\",\"homepage-french\",\"Toutes les actualit\u00e9s\"],\"inLanguage\":\"fr-FR\",\"potentialAction\":[{\"@type\":\"CommentAction\",\"name\":\"Comment\",\"target\":[\"https:\/\/www.africa-press.net\/cotedivoire\/economie\/repartitions-au-burida-flore-palenfo-fait-le-point-de-lexercice-2020#respond\"]}]},{\"@type\":\"WebPage\",\"@id\":\"https:\/\/www.africa-press.net\/cotedivoire\/economie\/repartitions-au-burida-flore-palenfo-fait-le-point-de-lexercice-2020\",\"url\":\"https:\/\/www.africa-press.net\/cotedivoire\/economie\/repartitions-au-burida-flore-palenfo-fait-le-point-de-lexercice-2020\",\"name\":\"R\u00e9partitions au Burida: Flore Palenfo fait le point de l\u2019exercice 2020 - C\u00f4te d&#039;Ivoire\",\"isPartOf\":{\"@id\":\"https:\/\/www.africa-press.net\/cotedivoire\/#website\"},\"primaryImageOfPage\":{\"@id\":\"https:\/\/www.africa-press.net\/cotedivoire\/economie\/repartitions-au-burida-flore-palenfo-fait-le-point-de-lexercice-2020#primaryimage\"},\"image\":{\"@id\":\"https:\/\/www.africa-press.net\/cotedivoire\/economie\/repartitions-au-burida-flore-palenfo-fait-le-point-de-lexercice-2020#primaryimage\"},\"thumbnailUrl\":\"https:\/\/static.africa-press.net\/cote\/sites\/43\/2021\/07\/img-60e5ba8be7b44.jpg\",\"datePublished\":\"2021-07-07T15:16:51+00:00\",\"dateModified\":\"2021-07-08T02:57:38+00:00\",\"author\":{\"@id\":\"https:\/\/www.africa-press.net\/cotedivoire\/#\/schema\/person\/2b1cf3cd81a31e3cd26889ca66d677f1\"},\"description\":\"Apr\u00e8s le salut aux couleurs en pr\u00e9sence de la ministre de la Culture et de l\u2019Industrie des Arts et du Spectacle et la vi ...\",\"breadcrumb\":{\"@id\":\"https:\/\/www.africa-press.net\/cotedivoire\/economie\/repartitions-au-burida-flore-palenfo-fait-le-point-de-lexercice-2020#breadcrumb\"},\"inLanguage\":\"fr-FR\",\"potentialAction\":[{\"@type\":\"ReadAction\",\"target\":[\"https:\/\/www.africa-press.net\/cotedivoire\/economie\/repartitions-au-burida-flore-palenfo-fait-le-point-de-lexercice-2020\"]}]},{\"@type\":\"ImageObject\",\"inLanguage\":\"fr-FR\",\"@id\":\"https:\/\/www.africa-press.net\/cotedivoire\/economie\/repartitions-au-burida-flore-palenfo-fait-le-point-de-lexercice-2020#primaryimage\",\"url\":\"https:\/\/static.africa-press.net\/cote\/sites\/43\/2021\/07\/img-60e5ba8be7b44.jpg\",\"contentUrl\":\"https:\/\/static.africa-press.net\/cote\/sites\/43\/2021\/07\/img-60e5ba8be7b44.jpg\",\"width\":800,\"height\":644,\"caption\":\"R\u00e9partitions au Burida: Flore Palenfo fait le point de l\u2019exercice 2020\"},{\"@type\":\"BreadcrumbList\",\"@id\":\"https:\/\/www.africa-press.net\/cotedivoire\/economie\/repartitions-au-burida-flore-palenfo-fait-le-point-de-lexercice-2020#breadcrumb\",\"itemListElement\":[{\"@type\":\"ListItem\",\"position\":1,\"name\":\"Accueil\",\"item\":\"https:\/\/www.africa-press.net\/cotedivoire\/\"},{\"@type\":\"ListItem\",\"position\":2,\"name\":\"R\u00e9partitions au Burida: Flore Palenfo fait le point de l\u2019exercice 2020\"}]},{\"@type\":\"WebSite\",\"@id\":\"https:\/\/www.africa-press.net\/cotedivoire\/#website\",\"url\":\"https:\/\/www.africa-press.net\/cotedivoire\/\",\"name\":\"C\u00f4te d&#039;Ivoire\",\"description\":\"Just another Africa News Agency Sites site\",\"potentialAction\":[{\"@type\":\"SearchAction\",\"target\":{\"@type\":\"EntryPoint\",\"urlTemplate\":\"https:\/\/www.africa-press.net\/cotedivoire\/?s={search_term_string}\"},\"query-input\":{\"@type\":\"PropertyValueSpecification\",\"valueRequired\":true,\"valueName\":\"search_term_string\"}}],\"inLanguage\":\"fr-FR\"},{\"@type\":\"Person\",\"@id\":\"https:\/\/www.africa-press.net\/cotedivoire\/#\/schema\/person\/2b1cf3cd81a31e3cd26889ca66d677f1\",\"name\":\"cfeditorfr\"}]}<\/script>\n<!-- \/ Yoast SEO Premium plugin. -->","yoast_head_json":{"title":"R\u00e9partitions au Burida: Flore Palenfo fait le point de l\u2019exercice 2020 - C\u00f4te d&#039;Ivoire","description":"Apr\u00e8s le salut aux couleurs en pr\u00e9sence de la ministre de la Culture et de l\u2019Industrie des Arts et du Spectacle et la vi ...","robots":{"index":"index","follow":"follow","max-snippet":"max-snippet:-1","max-image-preview":"max-image-preview:large","max-video-preview":"max-video-preview:-1"},"canonical":"https:\/\/www.africa-press.net\/cotedivoire\/economie\/repartitions-au-burida-flore-palenfo-fait-le-point-de-lexercice-2020","og_locale":"fr_FR","og_type":"article","og_title":"R\u00e9partitions au Burida: Flore Palenfo fait le point de l\u2019exercice 2020","og_description":"Apr\u00e8s le salut aux couleurs en pr\u00e9sence de la ministre de la Culture et de l\u2019Industrie des Arts et du Spectacle et la vi ...","og_url":"https:\/\/www.africa-press.net\/cotedivoire\/economie\/repartitions-au-burida-flore-palenfo-fait-le-point-de-lexercice-2020","og_site_name":"C\u00f4te d&#039;Ivoire","article_published_time":"2021-07-07T15:16:51+00:00","article_modified_time":"2021-07-08T02:57:38+00:00","og_image":[{"width":800,"height":644,"url":"https:\/\/static.africa-press.net\/cote\/sites\/43\/2021\/07\/img-60e5ba8be7b44.jpg","type":"image\/jpeg"}],"author":"cfeditorfr","twitter_card":"summary_large_image","twitter_misc":{"\u00c9crit par":"cfeditorfr","Dur\u00e9e de lecture estim\u00e9e":"4 minutes"},"schema":{"@context":"https:\/\/schema.org","@graph":[{"@type":"Article","@id":"https:\/\/www.africa-press.net\/cotedivoire\/economie\/repartitions-au-burida-flore-palenfo-fait-le-point-de-lexercice-2020#article","isPartOf":{"@id":"https:\/\/www.africa-press.net\/cotedivoire\/economie\/repartitions-au-burida-flore-palenfo-fait-le-point-de-lexercice-2020"},"author":{"name":"cfeditorfr","@id":"https:\/\/www.africa-press.net\/cotedivoire\/#\/schema\/person\/2b1cf3cd81a31e3cd26889ca66d677f1"},"headline":"R\u00e9partitions au Burida: Flore Palenfo fait le point de l\u2019exercice 2020","datePublished":"2021-07-07T15:16:51+00:00","dateModified":"2021-07-08T02:57:38+00:00","mainEntityOfPage":{"@id":"https:\/\/www.africa-press.net\/cotedivoire\/economie\/repartitions-au-burida-flore-palenfo-fait-le-point-de-lexercice-2020"},"wordCount":905,"commentCount":0,"image":{"@id":"https:\/\/www.africa-press.net\/cotedivoire\/economie\/repartitions-au-burida-flore-palenfo-fait-le-point-de-lexercice-2020#primaryimage"},"thumbnailUrl":"https:\/\/static.africa-press.net\/cote\/sites\/43\/2021\/07\/img-60e5ba8be7b44.jpg","keywords":["Africa Press","Africa Press-C\u00f4te d'Ivoire","C\u00d4TE D'IVOIRE"],"articleSection":["\u00c9conomie","homepage-french","Toutes les actualit\u00e9s"],"inLanguage":"fr-FR","potentialAction":[{"@type":"CommentAction","name":"Comment","target":["https:\/\/www.africa-press.net\/cotedivoire\/economie\/repartitions-au-burida-flore-palenfo-fait-le-point-de-lexercice-2020#respond"]}]},{"@type":"WebPage","@id":"https:\/\/www.africa-press.net\/cotedivoire\/economie\/repartitions-au-burida-flore-palenfo-fait-le-point-de-lexercice-2020","url":"https:\/\/www.africa-press.net\/cotedivoire\/economie\/repartitions-au-burida-flore-palenfo-fait-le-point-de-lexercice-2020","name":"R\u00e9partitions au Burida: Flore Palenfo fait le point de l\u2019exercice 2020 - C\u00f4te d&#039;Ivoire","isPartOf":{"@id":"https:\/\/www.africa-press.net\/cotedivoire\/#website"},"primaryImageOfPage":{"@id":"https:\/\/www.africa-press.net\/cotedivoire\/economie\/repartitions-au-burida-flore-palenfo-fait-le-point-de-lexercice-2020#primaryimage"},"image":{"@id":"https:\/\/www.africa-press.net\/cotedivoire\/economie\/repartitions-au-burida-flore-palenfo-fait-le-point-de-lexercice-2020#primaryimage"},"thumbnailUrl":"https:\/\/static.africa-press.net\/cote\/sites\/43\/2021\/07\/img-60e5ba8be7b44.jpg","datePublished":"2021-07-07T15:16:51+00:00","dateModified":"2021-07-08T02:57:38+00:00","author":{"@id":"https:\/\/www.africa-press.net\/cotedivoire\/#\/schema\/person\/2b1cf3cd81a31e3cd26889ca66d677f1"},"description":"Apr\u00e8s le salut aux couleurs en pr\u00e9sence de la ministre de la Culture et de l\u2019Industrie des Arts et du Spectacle et la vi ...","breadcrumb":{"@id":"https:\/\/www.africa-press.net\/cotedivoire\/economie\/repartitions-au-burida-flore-palenfo-fait-le-point-de-lexercice-2020#breadcrumb"},"inLanguage":"fr-FR","potentialAction":[{"@type":"ReadAction","target":["https:\/\/www.africa-press.net\/cotedivoire\/economie\/repartitions-au-burida-flore-palenfo-fait-le-point-de-lexercice-2020"]}]},{"@type":"ImageObject","inLanguage":"fr-FR","@id":"https:\/\/www.africa-press.net\/cotedivoire\/economie\/repartitions-au-burida-flore-palenfo-fait-le-point-de-lexercice-2020#primaryimage","url":"https:\/\/static.africa-press.net\/cote\/sites\/43\/2021\/07\/img-60e5ba8be7b44.jpg","contentUrl":"https:\/\/static.africa-press.net\/cote\/sites\/43\/2021\/07\/img-60e5ba8be7b44.jpg","width":800,"height":644,"caption":"R\u00e9partitions au Burida: Flore Palenfo fait le point de l\u2019exercice 2020"},{"@type":"BreadcrumbList","@id":"https:\/\/www.africa-press.net\/cotedivoire\/economie\/repartitions-au-burida-flore-palenfo-fait-le-point-de-lexercice-2020#breadcrumb","itemListElement":[{"@type":"ListItem","position":1,"name":"Accueil","item":"https:\/\/www.africa-press.net\/cotedivoire\/"},{"@type":"ListItem","position":2,"name":"R\u00e9partitions au Burida: Flore Palenfo fait le point de l\u2019exercice 2020"}]},{"@type":"WebSite","@id":"https:\/\/www.africa-press.net\/cotedivoire\/#website","url":"https:\/\/www.africa-press.net\/cotedivoire\/","name":"C\u00f4te d&#039;Ivoire","description":"Just another Africa News Agency Sites site","potentialAction":[{"@type":"SearchAction","target":{"@type":"EntryPoint","urlTemplate":"https:\/\/www.africa-press.net\/cotedivoire\/?s={search_term_string}"},"query-input":{"@type":"PropertyValueSpecification","valueRequired":true,"valueName":"search_term_string"}}],"inLanguage":"fr-FR"},{"@type":"Person","@id":"https:\/\/www.africa-press.net\/cotedivoire\/#\/schema\/person\/2b1cf3cd81a31e3cd26889ca66d677f1","name":"cfeditorfr"}]}},"_links":{"self":[{"href":"https:\/\/www.africa-press.net\/cotedivoire\/wp-json\/wp\/v2\/posts\/9805","targetHints":{"allow":["GET"]}}],"collection":[{"href":"https:\/\/www.africa-press.net\/cotedivoire\/wp-json\/wp\/v2\/posts"}],"about":[{"href":"https:\/\/www.africa-press.net\/cotedivoire\/wp-json\/wp\/v2\/types\/post"}],"author":[{"embeddable":true,"href":"https:\/\/www.africa-press.net\/cotedivoire\/wp-json\/wp\/v2\/users\/82"}],"replies":[{"embeddable":true,"href":"https:\/\/www.africa-press.net\/cotedivoire\/wp-json\/wp\/v2\/comments?post=9805"}],"version-history":[{"count":0,"href":"https:\/\/www.africa-press.net\/cotedivoire\/wp-json\/wp\/v2\/posts\/9805\/revisions"}],"wp:featuredmedia":[{"embeddable":true,"href":"https:\/\/www.africa-press.net\/cotedivoire\/wp-json\/wp\/v2\/media\/9804"}],"wp:attachment":[{"href":"https:\/\/www.africa-press.net\/cotedivoire\/wp-json\/wp\/v2\/media?parent=9805"}],"wp:term":[{"taxonomy":"category","embeddable":true,"href":"https:\/\/www.africa-press.net\/cotedivoire\/wp-json\/wp\/v2\/categories?post=9805"},{"taxonomy":"post_tag","embeddable":true,"href":"https:\/\/www.africa-press.net\/cotedivoire\/wp-json\/wp\/v2\/tags?post=9805"}],"curies":[{"name":"wp","href":"https:\/\/api.w.org\/{rel}","templated":true}]}}