{"id":98064,"date":"2025-04-24T15:38:48","date_gmt":"2025-04-24T15:38:48","guid":{"rendered":"https:\/\/www.africa-press.net\/cotedivoire\/politique\/lue-et-le-cpu-pme-ci-echangent-sur-les-strategies-de-developpement-des-entreprises-locales"},"modified":"2025-04-24T15:38:48","modified_gmt":"2025-04-24T15:38:48","slug":"lue-et-le-cpu-pme-ci-echangent-sur-les-strategies-de-developpement-des-entreprises-locales","status":"publish","type":"post","link":"https:\/\/www.africa-press.net\/cotedivoire\/economie\/lue-et-le-cpu-pme-ci-echangent-sur-les-strategies-de-developpement-des-entreprises-locales","title":{"rendered":"L&rsquo;UE et le CPU-PME.CI \u00e9changent sur les strat\u00e9gies de d\u00e9veloppement des entreprises locales"},"content":{"rendered":"<p><span style=\"color: #ff6600\"><strong>Africa-Press &#8211; C\u00f4te d&rsquo;Ivoire. <\/strong><\/span>La De\u0301le\u0301gation de l\u2019Union Europe\u0301enne en Co\u0302te d\u2019Ivoire a accueilli ce mercredi 23 avril 2025, la Confe\u0301de\u0301ration Patronale Unique des PME de Co\u0302te d\u2019Ivoire (CPU-PME.CI) pour une se\u0301ance de travail consacre\u0301e au de\u0301veloppement des petites et moyennes entreprises ivoiriennes.<\/p>\n<p>Cette rencontre, tenue dans les locaux de la De\u0301le\u0301gation, a permis aux deux parties d\u2019aborder plusieurs enjeux cruciaux pour la croissance des PME en Co\u0302te d\u2019Ivoire, ainsi que leur contribution au dynamisme e\u0301conomique local et re\u0301gional.<\/p>\n<p>La CPU-PME.CI, premie\u0300re organisation patronale de\u0301die\u0301e aux PME dans le pays, s\u2019est re\u0301jouie de la qualite\u0301 des e\u0301changes. A\u0300 cette occasion, le pre\u0301sident de la confe\u0301de\u0301ration, le Dr Elias Farakhan Moussa Diomande\u0301, a exprime\u0301 sa reconnaissance a\u0300 SEM Mme Francesca Di Mauro, Ambassadrice de l\u2019Union Europe\u0301enne en Co\u0302te d\u2019Ivoire, pour son accueil et son engagement en faveur du secteur prive\u0301 ivoirien.<\/p>\n<p>Selon le Dr Diomande\u0301, cette premie\u0300re rencontre marque le de\u0301but d\u2019une collaboration prometteuse, porteuse de projets structurants au be\u0301ne\u0301fice des PME ivoiriennes. Il a e\u0301galement souligne\u0301 l\u2019importance de ba\u0302tir des partenariats durables pour renforcer la compe\u0301titivite\u0301 des entreprises locales.<\/p>\n<p>Les deux institutions ont convenu de poursuivre leurs e\u0301changes dans un esprit de coope\u0301ration renforce\u0301e, en vue de soutenir les initiatives favorables a\u0300 l\u2019innovation, au financement et a\u0300 l\u2019internationalisation des PME en Co\u0302te d\u2019Ivoire.<\/p>\n<p><strong>Pour plus d&rsquo;informations et d&rsquo;analyses sur la <span style=\"color: #ff6600\">C\u00f4te d&rsquo;Ivoire<\/span>, suivez <span style=\"color: #ff6600\">Africa-Press<span style=\"color: #ff6600\"><\/span><\/strong><\/p>\n","protected":false},"excerpt":{"rendered":"<p>Africa-Press &#8211; C\u00f4te d&rsquo;Ivoire. La De\u0301le\u0301gation de l\u2019Union Europe\u0301enne en Co\u0302te d\u2019Ivoire a accueilli ce mercredi 23 avril 2025, la Confe\u0301de\u0301ration Patronale Unique des PME de Co\u0302te d\u2019Ivoire (CPU-PME.CI) pour une se\u0301ance de travail consacre\u0301e au de\u0301veloppement des petites et moyennes entreprises ivoiriennes. Cette rencontre, tenue dans les locaux de la De\u0301le\u0301gation, a permis aux [&hellip;]<\/p>\n","protected":false},"author":82,"featured_media":98063,"comment_status":"open","ping_status":"closed","sticky":false,"template":"","format":"standard","meta":{"footnotes":""},"categories":[3,10],"tags":[37,7734,17482,8209,1377],"class_list":["post-98064","post","type-post","status-publish","format-standard","has-post-thumbnail","hentry","category-economie","category-toutes-les-actualites","tag-cote-divoire-2","tag-cpu-pme-ci","tag-elias-farakhan-moussa-diomande","tag-francesca-di-mauro","tag-ue"],"yoast_head":"<!-- This site is optimized with the Yoast SEO Premium plugin v26.1 (Yoast SEO v27.0) - https:\/\/yoast.com\/product\/yoast-seo-premium-wordpress\/ -->\n<title>L&#039;UE et le CPU-PME.CI \u00e9changent sur les strat\u00e9gies de d\u00e9veloppement des entreprises locales - C\u00f4te d&#039;Ivoire<\/title>\n<meta name=\"robots\" content=\"index, follow, max-snippet:-1, max-image-preview:large, max-video-preview:-1\" \/>\n<link rel=\"canonical\" href=\"https:\/\/www.africa-press.net\/cotedivoire\/politique\/lue-et-le-cpu-pme-ci-echangent-sur-les-strategies-de-developpement-des-entreprises-locales\" \/>\n<meta property=\"og:locale\" content=\"fr_FR\" \/>\n<meta property=\"og:type\" content=\"article\" \/>\n<meta property=\"og:title\" content=\"L&#039;UE et le CPU-PME.CI \u00e9changent sur les strat\u00e9gies de d\u00e9veloppement des entreprises locales\" \/>\n<meta property=\"og:description\" content=\"Africa-Press &#8211; C\u00f4te d&rsquo;Ivoire. La De\u0301le\u0301gation de l\u2019Union Europe\u0301enne en Co\u0302te d\u2019Ivoire a accueilli ce mercredi 23 avril 2025, la Confe\u0301de\u0301ration Patronale Unique des PME de Co\u0302te d\u2019Ivoire (CPU-PME.CI) pour une se\u0301ance de travail consacre\u0301e au de\u0301veloppement des petites et moyennes entreprises ivoiriennes. Cette rencontre, tenue dans les locaux de la De\u0301le\u0301gation, a permis aux [&hellip;]\" \/>\n<meta property=\"og:url\" content=\"https:\/\/www.africa-press.net\/cotedivoire\/politique\/lue-et-le-cpu-pme-ci-echangent-sur-les-strategies-de-developpement-des-entreprises-locales\" \/>\n<meta property=\"og:site_name\" content=\"C\u00f4te d&#039;Ivoire\" \/>\n<meta property=\"article:published_time\" content=\"2025-04-24T15:38:48+00:00\" \/>\n<meta name=\"author\" content=\"cfeditorfr\" \/>\n<meta name=\"twitter:card\" content=\"summary_large_image\" \/>\n<meta name=\"twitter:label1\" content=\"\u00c9crit par\" \/>\n\t<meta name=\"twitter:data1\" content=\"cfeditorfr\" \/>\n\t<meta name=\"twitter:label2\" content=\"Dur\u00e9e de lecture estim\u00e9e\" \/>\n\t<meta name=\"twitter:data2\" content=\"1 minute\" \/>\n<script type=\"application\/ld+json\" class=\"yoast-schema-graph\">{\"@context\":\"https:\/\/schema.org\",\"@graph\":[{\"@type\":\"Article\",\"@id\":\"https:\/\/www.africa-press.net\/cotedivoire\/politique\/lue-et-le-cpu-pme-ci-echangent-sur-les-strategies-de-developpement-des-entreprises-locales#article\",\"isPartOf\":{\"@id\":\"https:\/\/www.africa-press.net\/cotedivoire\/politique\/lue-et-le-cpu-pme-ci-echangent-sur-les-strategies-de-developpement-des-entreprises-locales\"},\"author\":{\"name\":\"cfeditorfr\",\"@id\":\"https:\/\/www.africa-press.net\/cotedivoire\/#\/schema\/person\/2b1cf3cd81a31e3cd26889ca66d677f1\"},\"headline\":\"L&rsquo;UE et le CPU-PME.CI \u00e9changent sur les strat\u00e9gies de d\u00e9veloppement des entreprises locales\",\"datePublished\":\"2025-04-24T15:38:48+00:00\",\"mainEntityOfPage\":{\"@id\":\"https:\/\/www.africa-press.net\/cotedivoire\/politique\/lue-et-le-cpu-pme-ci-echangent-sur-les-strategies-de-developpement-des-entreprises-locales\"},\"wordCount\":296,\"commentCount\":0,\"image\":{\"@id\":\"https:\/\/www.africa-press.net\/cotedivoire\/politique\/lue-et-le-cpu-pme-ci-echangent-sur-les-strategies-de-developpement-des-entreprises-locales#primaryimage\"},\"thumbnailUrl\":\"https:\/\/static.africa-press.net\/cote\/sites\/43\/2025\/04\/sm_1745498589.562685.jpg\",\"keywords\":[\"C\u00f4te d'Ivoire\",\"CPU-PME.CI\",\"Elias Farakhan Moussa Diomand\u00e9\",\"Francesca Di Mauro\",\"UE\"],\"articleSection\":[\"\u00c9conomie\",\"Toutes les actualit\u00e9s\"],\"inLanguage\":\"fr-FR\",\"potentialAction\":[{\"@type\":\"CommentAction\",\"name\":\"Comment\",\"target\":[\"https:\/\/www.africa-press.net\/cotedivoire\/politique\/lue-et-le-cpu-pme-ci-echangent-sur-les-strategies-de-developpement-des-entreprises-locales#respond\"]}]},{\"@type\":\"WebPage\",\"@id\":\"https:\/\/www.africa-press.net\/cotedivoire\/politique\/lue-et-le-cpu-pme-ci-echangent-sur-les-strategies-de-developpement-des-entreprises-locales\",\"url\":\"https:\/\/www.africa-press.net\/cotedivoire\/politique\/lue-et-le-cpu-pme-ci-echangent-sur-les-strategies-de-developpement-des-entreprises-locales\",\"name\":\"L'UE et le CPU-PME.CI \u00e9changent sur les strat\u00e9gies de d\u00e9veloppement des entreprises locales - C\u00f4te d&#039;Ivoire\",\"isPartOf\":{\"@id\":\"https:\/\/www.africa-press.net\/cotedivoire\/#website\"},\"primaryImageOfPage\":{\"@id\":\"https:\/\/www.africa-press.net\/cotedivoire\/politique\/lue-et-le-cpu-pme-ci-echangent-sur-les-strategies-de-developpement-des-entreprises-locales#primaryimage\"},\"image\":{\"@id\":\"https:\/\/www.africa-press.net\/cotedivoire\/politique\/lue-et-le-cpu-pme-ci-echangent-sur-les-strategies-de-developpement-des-entreprises-locales#primaryimage\"},\"thumbnailUrl\":\"https:\/\/static.africa-press.net\/cote\/sites\/43\/2025\/04\/sm_1745498589.562685.jpg\",\"datePublished\":\"2025-04-24T15:38:48+00:00\",\"author\":{\"@id\":\"https:\/\/www.africa-press.net\/cotedivoire\/#\/schema\/person\/2b1cf3cd81a31e3cd26889ca66d677f1\"},\"breadcrumb\":{\"@id\":\"https:\/\/www.africa-press.net\/cotedivoire\/politique\/lue-et-le-cpu-pme-ci-echangent-sur-les-strategies-de-developpement-des-entreprises-locales#breadcrumb\"},\"inLanguage\":\"fr-FR\",\"potentialAction\":[{\"@type\":\"ReadAction\",\"target\":[\"https:\/\/www.africa-press.net\/cotedivoire\/politique\/lue-et-le-cpu-pme-ci-echangent-sur-les-strategies-de-developpement-des-entreprises-locales\"]}]},{\"@type\":\"ImageObject\",\"inLanguage\":\"fr-FR\",\"@id\":\"https:\/\/www.africa-press.net\/cotedivoire\/politique\/lue-et-le-cpu-pme-ci-echangent-sur-les-strategies-de-developpement-des-entreprises-locales#primaryimage\",\"url\":\"https:\/\/static.africa-press.net\/cote\/sites\/43\/2025\/04\/sm_1745498589.562685.jpg\",\"contentUrl\":\"https:\/\/static.africa-press.net\/cote\/sites\/43\/2025\/04\/sm_1745498589.562685.jpg\",\"width\":720,\"height\":384,\"caption\":\"L'UE et le CPU-PME.CI \u00e9changent sur les strat\u00e9gies de d\u00e9veloppement des entreprises locales\"},{\"@type\":\"BreadcrumbList\",\"@id\":\"https:\/\/www.africa-press.net\/cotedivoire\/politique\/lue-et-le-cpu-pme-ci-echangent-sur-les-strategies-de-developpement-des-entreprises-locales#breadcrumb\",\"itemListElement\":[{\"@type\":\"ListItem\",\"position\":1,\"name\":\"Accueil\",\"item\":\"https:\/\/www.africa-press.net\/cotedivoire\/\"},{\"@type\":\"ListItem\",\"position\":2,\"name\":\"L&rsquo;UE et le CPU-PME.CI \u00e9changent sur les strat\u00e9gies de d\u00e9veloppement des entreprises locales\"}]},{\"@type\":\"WebSite\",\"@id\":\"https:\/\/www.africa-press.net\/cotedivoire\/#website\",\"url\":\"https:\/\/www.africa-press.net\/cotedivoire\/\",\"name\":\"C\u00f4te d&#039;Ivoire\",\"description\":\"Just another Africa News Agency Sites site\",\"potentialAction\":[{\"@type\":\"SearchAction\",\"target\":{\"@type\":\"EntryPoint\",\"urlTemplate\":\"https:\/\/www.africa-press.net\/cotedivoire\/?s={search_term_string}\"},\"query-input\":{\"@type\":\"PropertyValueSpecification\",\"valueRequired\":true,\"valueName\":\"search_term_string\"}}],\"inLanguage\":\"fr-FR\"},{\"@type\":\"Person\",\"@id\":\"https:\/\/www.africa-press.net\/cotedivoire\/#\/schema\/person\/2b1cf3cd81a31e3cd26889ca66d677f1\",\"name\":\"cfeditorfr\"}]}<\/script>\n<!-- \/ Yoast SEO Premium plugin. -->","yoast_head_json":{"title":"L'UE et le CPU-PME.CI \u00e9changent sur les strat\u00e9gies de d\u00e9veloppement des entreprises locales - C\u00f4te d&#039;Ivoire","robots":{"index":"index","follow":"follow","max-snippet":"max-snippet:-1","max-image-preview":"max-image-preview:large","max-video-preview":"max-video-preview:-1"},"canonical":"https:\/\/www.africa-press.net\/cotedivoire\/politique\/lue-et-le-cpu-pme-ci-echangent-sur-les-strategies-de-developpement-des-entreprises-locales","og_locale":"fr_FR","og_type":"article","og_title":"L'UE et le CPU-PME.CI \u00e9changent sur les strat\u00e9gies de d\u00e9veloppement des entreprises locales","og_description":"Africa-Press &#8211; C\u00f4te d&rsquo;Ivoire. La De\u0301le\u0301gation de l\u2019Union Europe\u0301enne en Co\u0302te d\u2019Ivoire a accueilli ce mercredi 23 avril 2025, la Confe\u0301de\u0301ration Patronale Unique des PME de Co\u0302te d\u2019Ivoire (CPU-PME.CI) pour une se\u0301ance de travail consacre\u0301e au de\u0301veloppement des petites et moyennes entreprises ivoiriennes. Cette rencontre, tenue dans les locaux de la De\u0301le\u0301gation, a permis aux [&hellip;]","og_url":"https:\/\/www.africa-press.net\/cotedivoire\/politique\/lue-et-le-cpu-pme-ci-echangent-sur-les-strategies-de-developpement-des-entreprises-locales","og_site_name":"C\u00f4te d&#039;Ivoire","article_published_time":"2025-04-24T15:38:48+00:00","author":"cfeditorfr","twitter_card":"summary_large_image","twitter_misc":{"\u00c9crit par":"cfeditorfr","Dur\u00e9e de lecture estim\u00e9e":"1 minute"},"schema":{"@context":"https:\/\/schema.org","@graph":[{"@type":"Article","@id":"https:\/\/www.africa-press.net\/cotedivoire\/politique\/lue-et-le-cpu-pme-ci-echangent-sur-les-strategies-de-developpement-des-entreprises-locales#article","isPartOf":{"@id":"https:\/\/www.africa-press.net\/cotedivoire\/politique\/lue-et-le-cpu-pme-ci-echangent-sur-les-strategies-de-developpement-des-entreprises-locales"},"author":{"name":"cfeditorfr","@id":"https:\/\/www.africa-press.net\/cotedivoire\/#\/schema\/person\/2b1cf3cd81a31e3cd26889ca66d677f1"},"headline":"L&rsquo;UE et le CPU-PME.CI \u00e9changent sur les strat\u00e9gies de d\u00e9veloppement des entreprises locales","datePublished":"2025-04-24T15:38:48+00:00","mainEntityOfPage":{"@id":"https:\/\/www.africa-press.net\/cotedivoire\/politique\/lue-et-le-cpu-pme-ci-echangent-sur-les-strategies-de-developpement-des-entreprises-locales"},"wordCount":296,"commentCount":0,"image":{"@id":"https:\/\/www.africa-press.net\/cotedivoire\/politique\/lue-et-le-cpu-pme-ci-echangent-sur-les-strategies-de-developpement-des-entreprises-locales#primaryimage"},"thumbnailUrl":"https:\/\/static.africa-press.net\/cote\/sites\/43\/2025\/04\/sm_1745498589.562685.jpg","keywords":["C\u00f4te d'Ivoire","CPU-PME.CI","Elias Farakhan Moussa Diomand\u00e9","Francesca Di Mauro","UE"],"articleSection":["\u00c9conomie","Toutes les actualit\u00e9s"],"inLanguage":"fr-FR","potentialAction":[{"@type":"CommentAction","name":"Comment","target":["https:\/\/www.africa-press.net\/cotedivoire\/politique\/lue-et-le-cpu-pme-ci-echangent-sur-les-strategies-de-developpement-des-entreprises-locales#respond"]}]},{"@type":"WebPage","@id":"https:\/\/www.africa-press.net\/cotedivoire\/politique\/lue-et-le-cpu-pme-ci-echangent-sur-les-strategies-de-developpement-des-entreprises-locales","url":"https:\/\/www.africa-press.net\/cotedivoire\/politique\/lue-et-le-cpu-pme-ci-echangent-sur-les-strategies-de-developpement-des-entreprises-locales","name":"L'UE et le CPU-PME.CI \u00e9changent sur les strat\u00e9gies de d\u00e9veloppement des entreprises locales - C\u00f4te d&#039;Ivoire","isPartOf":{"@id":"https:\/\/www.africa-press.net\/cotedivoire\/#website"},"primaryImageOfPage":{"@id":"https:\/\/www.africa-press.net\/cotedivoire\/politique\/lue-et-le-cpu-pme-ci-echangent-sur-les-strategies-de-developpement-des-entreprises-locales#primaryimage"},"image":{"@id":"https:\/\/www.africa-press.net\/cotedivoire\/politique\/lue-et-le-cpu-pme-ci-echangent-sur-les-strategies-de-developpement-des-entreprises-locales#primaryimage"},"thumbnailUrl":"https:\/\/static.africa-press.net\/cote\/sites\/43\/2025\/04\/sm_1745498589.562685.jpg","datePublished":"2025-04-24T15:38:48+00:00","author":{"@id":"https:\/\/www.africa-press.net\/cotedivoire\/#\/schema\/person\/2b1cf3cd81a31e3cd26889ca66d677f1"},"breadcrumb":{"@id":"https:\/\/www.africa-press.net\/cotedivoire\/politique\/lue-et-le-cpu-pme-ci-echangent-sur-les-strategies-de-developpement-des-entreprises-locales#breadcrumb"},"inLanguage":"fr-FR","potentialAction":[{"@type":"ReadAction","target":["https:\/\/www.africa-press.net\/cotedivoire\/politique\/lue-et-le-cpu-pme-ci-echangent-sur-les-strategies-de-developpement-des-entreprises-locales"]}]},{"@type":"ImageObject","inLanguage":"fr-FR","@id":"https:\/\/www.africa-press.net\/cotedivoire\/politique\/lue-et-le-cpu-pme-ci-echangent-sur-les-strategies-de-developpement-des-entreprises-locales#primaryimage","url":"https:\/\/static.africa-press.net\/cote\/sites\/43\/2025\/04\/sm_1745498589.562685.jpg","contentUrl":"https:\/\/static.africa-press.net\/cote\/sites\/43\/2025\/04\/sm_1745498589.562685.jpg","width":720,"height":384,"caption":"L'UE et le CPU-PME.CI \u00e9changent sur les strat\u00e9gies de d\u00e9veloppement des entreprises locales"},{"@type":"BreadcrumbList","@id":"https:\/\/www.africa-press.net\/cotedivoire\/politique\/lue-et-le-cpu-pme-ci-echangent-sur-les-strategies-de-developpement-des-entreprises-locales#breadcrumb","itemListElement":[{"@type":"ListItem","position":1,"name":"Accueil","item":"https:\/\/www.africa-press.net\/cotedivoire\/"},{"@type":"ListItem","position":2,"name":"L&rsquo;UE et le CPU-PME.CI \u00e9changent sur les strat\u00e9gies de d\u00e9veloppement des entreprises locales"}]},{"@type":"WebSite","@id":"https:\/\/www.africa-press.net\/cotedivoire\/#website","url":"https:\/\/www.africa-press.net\/cotedivoire\/","name":"C\u00f4te d&#039;Ivoire","description":"Just another Africa News Agency Sites site","potentialAction":[{"@type":"SearchAction","target":{"@type":"EntryPoint","urlTemplate":"https:\/\/www.africa-press.net\/cotedivoire\/?s={search_term_string}"},"query-input":{"@type":"PropertyValueSpecification","valueRequired":true,"valueName":"search_term_string"}}],"inLanguage":"fr-FR"},{"@type":"Person","@id":"https:\/\/www.africa-press.net\/cotedivoire\/#\/schema\/person\/2b1cf3cd81a31e3cd26889ca66d677f1","name":"cfeditorfr"}]}},"_links":{"self":[{"href":"https:\/\/www.africa-press.net\/cotedivoire\/wp-json\/wp\/v2\/posts\/98064","targetHints":{"allow":["GET"]}}],"collection":[{"href":"https:\/\/www.africa-press.net\/cotedivoire\/wp-json\/wp\/v2\/posts"}],"about":[{"href":"https:\/\/www.africa-press.net\/cotedivoire\/wp-json\/wp\/v2\/types\/post"}],"author":[{"embeddable":true,"href":"https:\/\/www.africa-press.net\/cotedivoire\/wp-json\/wp\/v2\/users\/82"}],"replies":[{"embeddable":true,"href":"https:\/\/www.africa-press.net\/cotedivoire\/wp-json\/wp\/v2\/comments?post=98064"}],"version-history":[{"count":0,"href":"https:\/\/www.africa-press.net\/cotedivoire\/wp-json\/wp\/v2\/posts\/98064\/revisions"}],"wp:featuredmedia":[{"embeddable":true,"href":"https:\/\/www.africa-press.net\/cotedivoire\/wp-json\/wp\/v2\/media\/98063"}],"wp:attachment":[{"href":"https:\/\/www.africa-press.net\/cotedivoire\/wp-json\/wp\/v2\/media?parent=98064"}],"wp:term":[{"taxonomy":"category","embeddable":true,"href":"https:\/\/www.africa-press.net\/cotedivoire\/wp-json\/wp\/v2\/categories?post=98064"},{"taxonomy":"post_tag","embeddable":true,"href":"https:\/\/www.africa-press.net\/cotedivoire\/wp-json\/wp\/v2\/tags?post=98064"}],"curies":[{"name":"wp","href":"https:\/\/api.w.org\/{rel}","templated":true}]}}