{"id":98095,"date":"2025-04-25T14:27:52","date_gmt":"2025-04-25T14:27:52","guid":{"rendered":"https:\/\/www.africa-press.net\/cotedivoire\/politique\/presidentielle-les-rois-et-chefs-traditionnels-se-reveillent-enfin-sa-majeste-amon-tanoe-nous-sommes-la-voix-de-la-raison-face-aux-tensions"},"modified":"2025-04-25T14:27:52","modified_gmt":"2025-04-25T14:27:52","slug":"presidentielle-les-rois-et-chefs-traditionnels-se-reveillent-enfin-sa-majeste-amon-tanoe-nous-sommes-la-voix-de-la-raison-face-aux-tensions","status":"publish","type":"post","link":"https:\/\/www.africa-press.net\/cotedivoire\/politique\/presidentielle-les-rois-et-chefs-traditionnels-se-reveillent-enfin-sa-majeste-amon-tanoe-nous-sommes-la-voix-de-la-raison-face-aux-tensions","title":{"rendered":"Pr\u00e9sidentielle, les Rois et Chefs Traditionnels se \u00ab r\u00e9veillent \u00bb enfin, Sa Majest\u00e9 Amon Tano\u00e9 : \u00ab Nous sommes la voix de la raison face aux tensions \u00bb"},"content":{"rendered":"<p><span style=\"color: #ff6600\"><strong>Africa-Press &#8211; C\u00f4te d&rsquo;Ivoire. <\/strong><\/span>Indexe\u0301e pour son silence face aux signaux que donnent les acteurs politiques a\u0300 six (06) mois de la pre\u0301sidentielle, la Chambre Nationale des Rois et Chefs Traditionnels se \u00ab re\u0301veille \u00bb enfin et lance une tourne\u0301e nationale de sensibilisation et d\u2019e\u0301coute de\u0301nomme\u0301e \u00ab Ensemble pour des e\u0301lections apaise\u0301es en 2025 \u00bb.<\/p>\n<p>Le Pre\u0301sident de l\u2019institution, Sa Majeste\u0301 Tanoe\u0301 Amon Paul De\u0301sire\u0301, a proce\u0301de\u0301 le jeudi 24 avril 2025 a\u0300 Yamoussoukro, au lancement de la grande tourne\u0301e nationale de sensibilisation et d\u2019e\u0301coute pour des e\u0301lections apaise\u0301es en 2025.<\/p>\n<p>Ladite tourne\u0301e a pour objectif de contribuer a\u0300 la tenue d\u2019une e\u0301lection pre\u0301sidentielle apaise\u0301e en 2025 en sensibilisant toutes les couches de la population autour d\u2019un message fort: \u00ab Ensemble pour des e\u0301lections apaise\u0301es en 2025 \u00bb.<\/p>\n<p>\u00ab En tant que garants de la paix et de la cohe\u0301sion sociale, nous sommes la voix de la raison face aux tensions \u00bb, a de\u0301clare\u0301 sa Majeste\u0301 Amon Tanoe\u0301.<\/p>\n<p>Cette grande tourne\u0301e parcourra les 31 re\u0301gions du pays et les deux districts autonomes, avec un message clair:<\/p>\n<p>Plus jamais les violences de 2010 et 2020, en 2025 nous donnons nos voix pour la paix.<\/p>\n<p><strong>Pour plus d&rsquo;informations et d&rsquo;analyses sur la <span style=\"color: #ff6600\">C\u00f4te d&rsquo;Ivoire<\/span>, suivez <span style=\"color: #ff6600\">Africa-Press<span style=\"color: #ff6600\"><\/span><\/strong><\/p>\n","protected":false},"excerpt":{"rendered":"<p>Africa-Press &#8211; C\u00f4te d&rsquo;Ivoire. Indexe\u0301e pour son silence face aux signaux que donnent les acteurs politiques a\u0300 six (06) mois de la pre\u0301sidentielle, la Chambre Nationale des Rois et Chefs Traditionnels se \u00ab re\u0301veille \u00bb enfin et lance une tourne\u0301e nationale de sensibilisation et d\u2019e\u0301coute de\u0301nomme\u0301e \u00ab Ensemble pour des e\u0301lections apaise\u0301es en 2025 \u00bb. [&hellip;]<\/p>\n","protected":false},"author":82,"featured_media":98094,"comment_status":"open","ping_status":"closed","sticky":false,"template":"","format":"standard","meta":{"footnotes":""},"categories":[2,10],"tags":[5449,1372,3838,37,744,312,15167,9327,3841,33],"class_list":["post-98095","post","type-post","status-publish","format-standard","has-post-thumbnail","hentry","category-politique","category-toutes-les-actualites","tag-amon-tanoe","tag-chambre","tag-chefs","tag-cote-divoire-2","tag-elections-3","tag-presidentielle","tag-rois","tag-tournee","tag-traditionnels","tag-yamoussoukro"],"yoast_head":"<!-- This site is optimized with the Yoast SEO Premium plugin v26.1 (Yoast SEO v27.0) - https:\/\/yoast.com\/product\/yoast-seo-premium-wordpress\/ -->\n<title>Pr\u00e9sidentielle, les Rois et Chefs Traditionnels se \u00ab r\u00e9veillent \u00bb enfin, Sa Majest\u00e9 Amon Tano\u00e9 : \u00ab Nous sommes la voix de la raison face aux tensions \u00bb - C\u00f4te d&#039;Ivoire<\/title>\n<meta name=\"robots\" content=\"index, follow, max-snippet:-1, max-image-preview:large, max-video-preview:-1\" \/>\n<link rel=\"canonical\" href=\"https:\/\/www.africa-press.net\/cotedivoire\/politique\/presidentielle-les-rois-et-chefs-traditionnels-se-reveillent-enfin-sa-majeste-amon-tanoe-nous-sommes-la-voix-de-la-raison-face-aux-tensions\" \/>\n<meta property=\"og:locale\" content=\"fr_FR\" \/>\n<meta property=\"og:type\" content=\"article\" \/>\n<meta property=\"og:title\" content=\"Pr\u00e9sidentielle, les Rois et Chefs Traditionnels se \u00ab r\u00e9veillent \u00bb enfin, Sa Majest\u00e9 Amon Tano\u00e9 : \u00ab Nous sommes la voix de la raison face aux tensions \u00bb\" \/>\n<meta property=\"og:description\" content=\"Africa-Press &#8211; C\u00f4te d&rsquo;Ivoire. Indexe\u0301e pour son silence face aux signaux que donnent les acteurs politiques a\u0300 six (06) mois de la pre\u0301sidentielle, la Chambre Nationale des Rois et Chefs Traditionnels se \u00ab re\u0301veille \u00bb enfin et lance une tourne\u0301e nationale de sensibilisation et d\u2019e\u0301coute de\u0301nomme\u0301e \u00ab Ensemble pour des e\u0301lections apaise\u0301es en 2025 \u00bb. [&hellip;]\" \/>\n<meta property=\"og:url\" content=\"https:\/\/www.africa-press.net\/cotedivoire\/politique\/presidentielle-les-rois-et-chefs-traditionnels-se-reveillent-enfin-sa-majeste-amon-tanoe-nous-sommes-la-voix-de-la-raison-face-aux-tensions\" \/>\n<meta property=\"og:site_name\" content=\"C\u00f4te d&#039;Ivoire\" \/>\n<meta property=\"article:published_time\" content=\"2025-04-25T14:27:52+00:00\" \/>\n<meta name=\"author\" content=\"cfeditorfr\" \/>\n<meta name=\"twitter:card\" content=\"summary_large_image\" \/>\n<meta name=\"twitter:label1\" content=\"\u00c9crit par\" \/>\n\t<meta name=\"twitter:data1\" content=\"cfeditorfr\" \/>\n\t<meta name=\"twitter:label2\" content=\"Dur\u00e9e de lecture estim\u00e9e\" \/>\n\t<meta name=\"twitter:data2\" content=\"1 minute\" \/>\n<script type=\"application\/ld+json\" class=\"yoast-schema-graph\">{\"@context\":\"https:\/\/schema.org\",\"@graph\":[{\"@type\":\"Article\",\"@id\":\"https:\/\/www.africa-press.net\/cotedivoire\/politique\/presidentielle-les-rois-et-chefs-traditionnels-se-reveillent-enfin-sa-majeste-amon-tanoe-nous-sommes-la-voix-de-la-raison-face-aux-tensions#article\",\"isPartOf\":{\"@id\":\"https:\/\/www.africa-press.net\/cotedivoire\/politique\/presidentielle-les-rois-et-chefs-traditionnels-se-reveillent-enfin-sa-majeste-amon-tanoe-nous-sommes-la-voix-de-la-raison-face-aux-tensions\"},\"author\":{\"name\":\"cfeditorfr\",\"@id\":\"https:\/\/www.africa-press.net\/cotedivoire\/#\/schema\/person\/2b1cf3cd81a31e3cd26889ca66d677f1\"},\"headline\":\"Pr\u00e9sidentielle, les Rois et Chefs Traditionnels se \u00ab r\u00e9veillent \u00bb enfin, Sa Majest\u00e9 Amon Tano\u00e9 : \u00ab Nous sommes la voix de la raison face aux tensions \u00bb\",\"datePublished\":\"2025-04-25T14:27:52+00:00\",\"mainEntityOfPage\":{\"@id\":\"https:\/\/www.africa-press.net\/cotedivoire\/politique\/presidentielle-les-rois-et-chefs-traditionnels-se-reveillent-enfin-sa-majeste-amon-tanoe-nous-sommes-la-voix-de-la-raison-face-aux-tensions\"},\"wordCount\":247,\"commentCount\":0,\"image\":{\"@id\":\"https:\/\/www.africa-press.net\/cotedivoire\/politique\/presidentielle-les-rois-et-chefs-traditionnels-se-reveillent-enfin-sa-majeste-amon-tanoe-nous-sommes-la-voix-de-la-raison-face-aux-tensions#primaryimage\"},\"thumbnailUrl\":\"https:\/\/static.africa-press.net\/cote\/sites\/43\/2025\/04\/sm_1745580095.497427.jpg\",\"keywords\":[\"Amon Tano\u00e9\",\"chambre\",\"chefs\",\"C\u00f4te d'Ivoire\",\"\u00e9lections\",\"pr\u00e9sidentielle\",\"rois\",\"Tourn\u00e9e\",\"traditionnels\",\"Yamoussoukro\"],\"articleSection\":[\"Politique\",\"Toutes les actualit\u00e9s\"],\"inLanguage\":\"fr-FR\",\"potentialAction\":[{\"@type\":\"CommentAction\",\"name\":\"Comment\",\"target\":[\"https:\/\/www.africa-press.net\/cotedivoire\/politique\/presidentielle-les-rois-et-chefs-traditionnels-se-reveillent-enfin-sa-majeste-amon-tanoe-nous-sommes-la-voix-de-la-raison-face-aux-tensions#respond\"]}]},{\"@type\":\"WebPage\",\"@id\":\"https:\/\/www.africa-press.net\/cotedivoire\/politique\/presidentielle-les-rois-et-chefs-traditionnels-se-reveillent-enfin-sa-majeste-amon-tanoe-nous-sommes-la-voix-de-la-raison-face-aux-tensions\",\"url\":\"https:\/\/www.africa-press.net\/cotedivoire\/politique\/presidentielle-les-rois-et-chefs-traditionnels-se-reveillent-enfin-sa-majeste-amon-tanoe-nous-sommes-la-voix-de-la-raison-face-aux-tensions\",\"name\":\"Pr\u00e9sidentielle, les Rois et Chefs Traditionnels se \u00ab r\u00e9veillent \u00bb enfin, Sa Majest\u00e9 Amon Tano\u00e9 : \u00ab Nous sommes la voix de la raison face aux tensions \u00bb - C\u00f4te d&#039;Ivoire\",\"isPartOf\":{\"@id\":\"https:\/\/www.africa-press.net\/cotedivoire\/#website\"},\"primaryImageOfPage\":{\"@id\":\"https:\/\/www.africa-press.net\/cotedivoire\/politique\/presidentielle-les-rois-et-chefs-traditionnels-se-reveillent-enfin-sa-majeste-amon-tanoe-nous-sommes-la-voix-de-la-raison-face-aux-tensions#primaryimage\"},\"image\":{\"@id\":\"https:\/\/www.africa-press.net\/cotedivoire\/politique\/presidentielle-les-rois-et-chefs-traditionnels-se-reveillent-enfin-sa-majeste-amon-tanoe-nous-sommes-la-voix-de-la-raison-face-aux-tensions#primaryimage\"},\"thumbnailUrl\":\"https:\/\/static.africa-press.net\/cote\/sites\/43\/2025\/04\/sm_1745580095.497427.jpg\",\"datePublished\":\"2025-04-25T14:27:52+00:00\",\"author\":{\"@id\":\"https:\/\/www.africa-press.net\/cotedivoire\/#\/schema\/person\/2b1cf3cd81a31e3cd26889ca66d677f1\"},\"breadcrumb\":{\"@id\":\"https:\/\/www.africa-press.net\/cotedivoire\/politique\/presidentielle-les-rois-et-chefs-traditionnels-se-reveillent-enfin-sa-majeste-amon-tanoe-nous-sommes-la-voix-de-la-raison-face-aux-tensions#breadcrumb\"},\"inLanguage\":\"fr-FR\",\"potentialAction\":[{\"@type\":\"ReadAction\",\"target\":[\"https:\/\/www.africa-press.net\/cotedivoire\/politique\/presidentielle-les-rois-et-chefs-traditionnels-se-reveillent-enfin-sa-majeste-amon-tanoe-nous-sommes-la-voix-de-la-raison-face-aux-tensions\"]}]},{\"@type\":\"ImageObject\",\"inLanguage\":\"fr-FR\",\"@id\":\"https:\/\/www.africa-press.net\/cotedivoire\/politique\/presidentielle-les-rois-et-chefs-traditionnels-se-reveillent-enfin-sa-majeste-amon-tanoe-nous-sommes-la-voix-de-la-raison-face-aux-tensions#primaryimage\",\"url\":\"https:\/\/static.africa-press.net\/cote\/sites\/43\/2025\/04\/sm_1745580095.497427.jpg\",\"contentUrl\":\"https:\/\/static.africa-press.net\/cote\/sites\/43\/2025\/04\/sm_1745580095.497427.jpg\",\"width\":720,\"height\":409,\"caption\":\"Pr\u00e9sidentielle, les Rois et Chefs Traditionnels se \u00ab r\u00e9veillent \u00bb enfin, Sa Majest\u00e9 Amon Tano\u00e9 : \u00ab Nous sommes la voix de la raison face aux tensions \u00bb\"},{\"@type\":\"BreadcrumbList\",\"@id\":\"https:\/\/www.africa-press.net\/cotedivoire\/politique\/presidentielle-les-rois-et-chefs-traditionnels-se-reveillent-enfin-sa-majeste-amon-tanoe-nous-sommes-la-voix-de-la-raison-face-aux-tensions#breadcrumb\",\"itemListElement\":[{\"@type\":\"ListItem\",\"position\":1,\"name\":\"Accueil\",\"item\":\"https:\/\/www.africa-press.net\/cotedivoire\/\"},{\"@type\":\"ListItem\",\"position\":2,\"name\":\"Pr\u00e9sidentielle, les Rois et Chefs Traditionnels se \u00ab r\u00e9veillent \u00bb enfin, Sa Majest\u00e9 Amon Tano\u00e9 : \u00ab Nous sommes la voix de la raison face aux tensions \u00bb\"}]},{\"@type\":\"WebSite\",\"@id\":\"https:\/\/www.africa-press.net\/cotedivoire\/#website\",\"url\":\"https:\/\/www.africa-press.net\/cotedivoire\/\",\"name\":\"C\u00f4te d&#039;Ivoire\",\"description\":\"Just another Africa News Agency Sites site\",\"potentialAction\":[{\"@type\":\"SearchAction\",\"target\":{\"@type\":\"EntryPoint\",\"urlTemplate\":\"https:\/\/www.africa-press.net\/cotedivoire\/?s={search_term_string}\"},\"query-input\":{\"@type\":\"PropertyValueSpecification\",\"valueRequired\":true,\"valueName\":\"search_term_string\"}}],\"inLanguage\":\"fr-FR\"},{\"@type\":\"Person\",\"@id\":\"https:\/\/www.africa-press.net\/cotedivoire\/#\/schema\/person\/2b1cf3cd81a31e3cd26889ca66d677f1\",\"name\":\"cfeditorfr\"}]}<\/script>\n<!-- \/ Yoast SEO Premium plugin. -->","yoast_head_json":{"title":"Pr\u00e9sidentielle, les Rois et Chefs Traditionnels se \u00ab r\u00e9veillent \u00bb enfin, Sa Majest\u00e9 Amon Tano\u00e9 : \u00ab Nous sommes la voix de la raison face aux tensions \u00bb - C\u00f4te d&#039;Ivoire","robots":{"index":"index","follow":"follow","max-snippet":"max-snippet:-1","max-image-preview":"max-image-preview:large","max-video-preview":"max-video-preview:-1"},"canonical":"https:\/\/www.africa-press.net\/cotedivoire\/politique\/presidentielle-les-rois-et-chefs-traditionnels-se-reveillent-enfin-sa-majeste-amon-tanoe-nous-sommes-la-voix-de-la-raison-face-aux-tensions","og_locale":"fr_FR","og_type":"article","og_title":"Pr\u00e9sidentielle, les Rois et Chefs Traditionnels se \u00ab r\u00e9veillent \u00bb enfin, Sa Majest\u00e9 Amon Tano\u00e9 : \u00ab Nous sommes la voix de la raison face aux tensions \u00bb","og_description":"Africa-Press &#8211; C\u00f4te d&rsquo;Ivoire. Indexe\u0301e pour son silence face aux signaux que donnent les acteurs politiques a\u0300 six (06) mois de la pre\u0301sidentielle, la Chambre Nationale des Rois et Chefs Traditionnels se \u00ab re\u0301veille \u00bb enfin et lance une tourne\u0301e nationale de sensibilisation et d\u2019e\u0301coute de\u0301nomme\u0301e \u00ab Ensemble pour des e\u0301lections apaise\u0301es en 2025 \u00bb. [&hellip;]","og_url":"https:\/\/www.africa-press.net\/cotedivoire\/politique\/presidentielle-les-rois-et-chefs-traditionnels-se-reveillent-enfin-sa-majeste-amon-tanoe-nous-sommes-la-voix-de-la-raison-face-aux-tensions","og_site_name":"C\u00f4te d&#039;Ivoire","article_published_time":"2025-04-25T14:27:52+00:00","author":"cfeditorfr","twitter_card":"summary_large_image","twitter_misc":{"\u00c9crit par":"cfeditorfr","Dur\u00e9e de lecture estim\u00e9e":"1 minute"},"schema":{"@context":"https:\/\/schema.org","@graph":[{"@type":"Article","@id":"https:\/\/www.africa-press.net\/cotedivoire\/politique\/presidentielle-les-rois-et-chefs-traditionnels-se-reveillent-enfin-sa-majeste-amon-tanoe-nous-sommes-la-voix-de-la-raison-face-aux-tensions#article","isPartOf":{"@id":"https:\/\/www.africa-press.net\/cotedivoire\/politique\/presidentielle-les-rois-et-chefs-traditionnels-se-reveillent-enfin-sa-majeste-amon-tanoe-nous-sommes-la-voix-de-la-raison-face-aux-tensions"},"author":{"name":"cfeditorfr","@id":"https:\/\/www.africa-press.net\/cotedivoire\/#\/schema\/person\/2b1cf3cd81a31e3cd26889ca66d677f1"},"headline":"Pr\u00e9sidentielle, les Rois et Chefs Traditionnels se \u00ab r\u00e9veillent \u00bb enfin, Sa Majest\u00e9 Amon Tano\u00e9 : \u00ab Nous sommes la voix de la raison face aux tensions \u00bb","datePublished":"2025-04-25T14:27:52+00:00","mainEntityOfPage":{"@id":"https:\/\/www.africa-press.net\/cotedivoire\/politique\/presidentielle-les-rois-et-chefs-traditionnels-se-reveillent-enfin-sa-majeste-amon-tanoe-nous-sommes-la-voix-de-la-raison-face-aux-tensions"},"wordCount":247,"commentCount":0,"image":{"@id":"https:\/\/www.africa-press.net\/cotedivoire\/politique\/presidentielle-les-rois-et-chefs-traditionnels-se-reveillent-enfin-sa-majeste-amon-tanoe-nous-sommes-la-voix-de-la-raison-face-aux-tensions#primaryimage"},"thumbnailUrl":"https:\/\/static.africa-press.net\/cote\/sites\/43\/2025\/04\/sm_1745580095.497427.jpg","keywords":["Amon Tano\u00e9","chambre","chefs","C\u00f4te d'Ivoire","\u00e9lections","pr\u00e9sidentielle","rois","Tourn\u00e9e","traditionnels","Yamoussoukro"],"articleSection":["Politique","Toutes les actualit\u00e9s"],"inLanguage":"fr-FR","potentialAction":[{"@type":"CommentAction","name":"Comment","target":["https:\/\/www.africa-press.net\/cotedivoire\/politique\/presidentielle-les-rois-et-chefs-traditionnels-se-reveillent-enfin-sa-majeste-amon-tanoe-nous-sommes-la-voix-de-la-raison-face-aux-tensions#respond"]}]},{"@type":"WebPage","@id":"https:\/\/www.africa-press.net\/cotedivoire\/politique\/presidentielle-les-rois-et-chefs-traditionnels-se-reveillent-enfin-sa-majeste-amon-tanoe-nous-sommes-la-voix-de-la-raison-face-aux-tensions","url":"https:\/\/www.africa-press.net\/cotedivoire\/politique\/presidentielle-les-rois-et-chefs-traditionnels-se-reveillent-enfin-sa-majeste-amon-tanoe-nous-sommes-la-voix-de-la-raison-face-aux-tensions","name":"Pr\u00e9sidentielle, les Rois et Chefs Traditionnels se \u00ab r\u00e9veillent \u00bb enfin, Sa Majest\u00e9 Amon Tano\u00e9 : \u00ab Nous sommes la voix de la raison face aux tensions \u00bb - C\u00f4te d&#039;Ivoire","isPartOf":{"@id":"https:\/\/www.africa-press.net\/cotedivoire\/#website"},"primaryImageOfPage":{"@id":"https:\/\/www.africa-press.net\/cotedivoire\/politique\/presidentielle-les-rois-et-chefs-traditionnels-se-reveillent-enfin-sa-majeste-amon-tanoe-nous-sommes-la-voix-de-la-raison-face-aux-tensions#primaryimage"},"image":{"@id":"https:\/\/www.africa-press.net\/cotedivoire\/politique\/presidentielle-les-rois-et-chefs-traditionnels-se-reveillent-enfin-sa-majeste-amon-tanoe-nous-sommes-la-voix-de-la-raison-face-aux-tensions#primaryimage"},"thumbnailUrl":"https:\/\/static.africa-press.net\/cote\/sites\/43\/2025\/04\/sm_1745580095.497427.jpg","datePublished":"2025-04-25T14:27:52+00:00","author":{"@id":"https:\/\/www.africa-press.net\/cotedivoire\/#\/schema\/person\/2b1cf3cd81a31e3cd26889ca66d677f1"},"breadcrumb":{"@id":"https:\/\/www.africa-press.net\/cotedivoire\/politique\/presidentielle-les-rois-et-chefs-traditionnels-se-reveillent-enfin-sa-majeste-amon-tanoe-nous-sommes-la-voix-de-la-raison-face-aux-tensions#breadcrumb"},"inLanguage":"fr-FR","potentialAction":[{"@type":"ReadAction","target":["https:\/\/www.africa-press.net\/cotedivoire\/politique\/presidentielle-les-rois-et-chefs-traditionnels-se-reveillent-enfin-sa-majeste-amon-tanoe-nous-sommes-la-voix-de-la-raison-face-aux-tensions"]}]},{"@type":"ImageObject","inLanguage":"fr-FR","@id":"https:\/\/www.africa-press.net\/cotedivoire\/politique\/presidentielle-les-rois-et-chefs-traditionnels-se-reveillent-enfin-sa-majeste-amon-tanoe-nous-sommes-la-voix-de-la-raison-face-aux-tensions#primaryimage","url":"https:\/\/static.africa-press.net\/cote\/sites\/43\/2025\/04\/sm_1745580095.497427.jpg","contentUrl":"https:\/\/static.africa-press.net\/cote\/sites\/43\/2025\/04\/sm_1745580095.497427.jpg","width":720,"height":409,"caption":"Pr\u00e9sidentielle, les Rois et Chefs Traditionnels se \u00ab r\u00e9veillent \u00bb enfin, Sa Majest\u00e9 Amon Tano\u00e9 : \u00ab Nous sommes la voix de la raison face aux tensions \u00bb"},{"@type":"BreadcrumbList","@id":"https:\/\/www.africa-press.net\/cotedivoire\/politique\/presidentielle-les-rois-et-chefs-traditionnels-se-reveillent-enfin-sa-majeste-amon-tanoe-nous-sommes-la-voix-de-la-raison-face-aux-tensions#breadcrumb","itemListElement":[{"@type":"ListItem","position":1,"name":"Accueil","item":"https:\/\/www.africa-press.net\/cotedivoire\/"},{"@type":"ListItem","position":2,"name":"Pr\u00e9sidentielle, les Rois et Chefs Traditionnels se \u00ab r\u00e9veillent \u00bb enfin, Sa Majest\u00e9 Amon Tano\u00e9 : \u00ab Nous sommes la voix de la raison face aux tensions \u00bb"}]},{"@type":"WebSite","@id":"https:\/\/www.africa-press.net\/cotedivoire\/#website","url":"https:\/\/www.africa-press.net\/cotedivoire\/","name":"C\u00f4te d&#039;Ivoire","description":"Just another Africa News Agency Sites site","potentialAction":[{"@type":"SearchAction","target":{"@type":"EntryPoint","urlTemplate":"https:\/\/www.africa-press.net\/cotedivoire\/?s={search_term_string}"},"query-input":{"@type":"PropertyValueSpecification","valueRequired":true,"valueName":"search_term_string"}}],"inLanguage":"fr-FR"},{"@type":"Person","@id":"https:\/\/www.africa-press.net\/cotedivoire\/#\/schema\/person\/2b1cf3cd81a31e3cd26889ca66d677f1","name":"cfeditorfr"}]}},"_links":{"self":[{"href":"https:\/\/www.africa-press.net\/cotedivoire\/wp-json\/wp\/v2\/posts\/98095","targetHints":{"allow":["GET"]}}],"collection":[{"href":"https:\/\/www.africa-press.net\/cotedivoire\/wp-json\/wp\/v2\/posts"}],"about":[{"href":"https:\/\/www.africa-press.net\/cotedivoire\/wp-json\/wp\/v2\/types\/post"}],"author":[{"embeddable":true,"href":"https:\/\/www.africa-press.net\/cotedivoire\/wp-json\/wp\/v2\/users\/82"}],"replies":[{"embeddable":true,"href":"https:\/\/www.africa-press.net\/cotedivoire\/wp-json\/wp\/v2\/comments?post=98095"}],"version-history":[{"count":0,"href":"https:\/\/www.africa-press.net\/cotedivoire\/wp-json\/wp\/v2\/posts\/98095\/revisions"}],"wp:featuredmedia":[{"embeddable":true,"href":"https:\/\/www.africa-press.net\/cotedivoire\/wp-json\/wp\/v2\/media\/98094"}],"wp:attachment":[{"href":"https:\/\/www.africa-press.net\/cotedivoire\/wp-json\/wp\/v2\/media?parent=98095"}],"wp:term":[{"taxonomy":"category","embeddable":true,"href":"https:\/\/www.africa-press.net\/cotedivoire\/wp-json\/wp\/v2\/categories?post=98095"},{"taxonomy":"post_tag","embeddable":true,"href":"https:\/\/www.africa-press.net\/cotedivoire\/wp-json\/wp\/v2\/tags?post=98095"}],"curies":[{"name":"wp","href":"https:\/\/api.w.org\/{rel}","templated":true}]}}