{"id":98162,"date":"2025-04-27T13:23:08","date_gmt":"2025-04-27T13:23:08","guid":{"rendered":"https:\/\/www.africa-press.net\/cotedivoire\/politique\/laurent-gbagbo-annonce-la-creation-imminente-dun-mouvement-de-protestation-sociale-denomme-trop-cest-trop"},"modified":"2025-05-02T17:57:21","modified_gmt":"2025-05-02T17:57:21","slug":"laurent-gbagbo-annonce-la-creation-imminente-dun-mouvement-de-protestation-sociale-denomme-trop-cest-trop","status":"publish","type":"post","link":"https:\/\/www.africa-press.net\/cotedivoire\/politique\/laurent-gbagbo-annonce-la-creation-imminente-dun-mouvement-de-protestation-sociale-denomme-trop-cest-trop","title":{"rendered":"Laurent Gbagbo annonce la cr\u00e9ation imminente d&rsquo;un mouvement de protestation sociale d\u00e9nomm\u00e9 \u00ab Trop c&rsquo;est trop ! \u00bb"},"content":{"rendered":"<p><span style=\"color: #ff6600\"><strong>Africa-Press &#8211; C\u00f4te d&rsquo;Ivoire. <\/strong><\/span>Laurent Gbagbo, pre\u0301sident du Parti des Peuples Africains-Co\u0302te d\u2019Ivoire (PPA-CI), a annonce\u0301, ce samedi 26 avril 2025, lors de l\u2019ouverture de la premie\u0300re re\u0301union du Comite\u0301 Central de son parti pour l\u2019anne\u0301e, la cre\u0301ation imminente d\u2019un mouvement de protestation nationale de\u0301nomme\u0301 \u201cTrop c\u2019est trop\u201d. Selon l\u2019ancien chef d\u2019E\u0301tat, ce mouvement sera une plateforme d\u2019expression pour toutes les personnes victimes d\u2019abus et d\u2019injustices sociales.<\/p>\n<p>\u201cNous devons rassembler tous ceux qui ont des raisons de se plaindre. Si on a de\u0301truit ta maison, nous t\u2019accueillons. Si tu es mal paye\u0301, nous t\u2019accueillons. Si la vie est trop che\u0300re pour toi, nous t\u2019accueillons. La viande, le poisson, l\u2019huile, le riz, l\u2019attie\u0301ke\u0301&#8230; tout cela devient inabordable, et tu n\u2019arrives pas a\u0300 te nourrir, nous t\u2019accueillons. Si on te prend ta fore\u0302t ou ton terrain, nous t\u2019accueillons. Le nom de ce mouvement est \u2018Trop c\u2019est trop !\u2019 Parce que, en effet, trop c\u2019est toujours trop !\u201d a-t-il de\u0301clare\u0301 avec conviction.<\/p>\n<p>Il a charge\u0301 le pre\u0301sident exe\u0301cutif du PPA-CI, Se\u0301bastien Dano Dje\u0301dje\u0301, de travailler a\u0300 la mise en place de ce mouvement dans les semaines a\u0300 venir. Selon Gbagbo, \u201cTrop c\u2019est trop\u201d transcende les clivages politiques.<\/p>\n<p>\u201cSi tu es membre d\u2019un autre parti mais que tu es victime d\u2019une injustice sociale, si ton enfant ne peut pas aller a\u0300 l\u2019e\u0301cole malgre\u0301 ses diplo\u0302mes, trop c\u2019est trop. Il est essentiel que \u2018Trop c\u2019est trop\u2019 e\u0301merge pour que ceux qui n\u2019ont pas compris l\u2019appel de Bonoua saisissent enfin notre message. Chers camarades, voici notre combat: il s\u2019agit d\u2019une protestation multiforme et permanente pour faire entendre que trop c\u2019est trop. Ce mouvement est ouvert a\u0300 tous ceux qui souhaitent de\u0301noncer les me\u0301faits de la politique en Co\u0302te d\u2019Ivoire. Nous devons leur montrer comment agir face a\u0300 la faim et a\u0300 la soif. Pour cela, chers camarades, restons vigilants et fermes\u201d, a-t-il explique\u0301.<\/p>\n<p>Concernant les manifestations de rue, Gbagbo a pre\u0301cise\u0301 que le moment n\u2019est pas propice a\u0300 de telles initiatives. \u201cNous prendrons les rues un jour, mais pas lorsque notre adversaire nous attend avec un gourdin. Je sais qu\u2019ils m\u2019attendent, mais ce n\u2019est pas le moment\u201d, a-t-il affirme\u0301.<\/p>\n<p>Au cours de son intervention, Gbagbo a e\u0301galement e\u0301voque\u0301 le PDCI-RDA, dont le pre\u0301sident Tidjane Thiam a re\u0301cemment e\u0301te\u0301 radie\u0301 de la liste e\u0301lectorale provisoire pour perte de nationalite\u0301 ivoirienne. \u201cNous sommes ici pour garantir la liberte\u0301 des Ivoiriens, et c\u2019est notre vocation. La lutte pour notre liberte\u0301 est aussi celle de leur liberte\u0301. Nous ne laisserons pas le PDCI s\u2019e\u0301teindre a\u0300 cause de ses proble\u0300mes. Nous ne portons pas de jugement sur les uns ou les autres. Le PDCI est une expression politique en Co\u0302te d\u2019Ivoire, et toutes les expressions politiques doivent exister\u201d, a-t-il souligne\u0301.<\/p>\n<p>Le pre\u0301sident du PPA-CI a e\u0301galement exprime\u0301 sa disposition au dialogue avec le pouvoir en place. \u201cDemandez a\u0300 ceux qui sont en face de moi s\u2019ils sont ouverts au dialogue. Je n\u2019ai jamais pris les armes pour provoquer une guerre civile. Si ceux qui sont au pouvoir sont d\u2019accord, nous trouverons un terrain d\u2019entente. Qu\u2019ils m\u2019appellent, et nous verrons\u201d, a-t-il lance\u0301.<\/p>\n<p>Nouvel appel dans le vide ou pas au regard du pre\u0301ce\u0301dent de 2020 et du de\u0301sinte\u0301re\u0302t grandissant de la population pour les querelles politico-politiciennes, l&rsquo;ancien Pre\u0301sident a\u0300 la sante\u0301 fragile, a conclu en appelant le pouvoir a\u0300 \u201cse corriger et a\u0300 ame\u0301liorer la situation du pays\u201d<\/p>\n<p><strong>Pour plus d&rsquo;informations et d&rsquo;analyses sur la <span style=\"color: #ff6600\">C\u00f4te d&rsquo;Ivoire<\/span>, suivez <span style=\"color: #ff6600\">Africa-Press<\/span><\/strong><\/p>\n","protected":false},"excerpt":{"rendered":"<p>Africa-Press &#8211; C\u00f4te d&rsquo;Ivoire. Laurent Gbagbo, pre\u0301sident du Parti des Peuples Africains-Co\u0302te d\u2019Ivoire (PPA-CI), a annonce\u0301, ce samedi 26 avril 2025, lors de l\u2019ouverture de la premie\u0300re re\u0301union du Comite\u0301 Central de son parti pour l\u2019anne\u0301e, la cre\u0301ation imminente d\u2019un mouvement de protestation nationale de\u0301nomme\u0301 \u201cTrop c\u2019est trop\u201d. Selon l\u2019ancien chef d\u2019E\u0301tat, ce mouvement sera [&hellip;]<\/p>\n","protected":false},"author":82,"featured_media":98161,"comment_status":"open","ping_status":"closed","sticky":false,"template":"","format":"standard","meta":{"footnotes":""},"categories":[2,20,10],"tags":[29,468,17501,17012,50,1281,14405,2846,17502],"class_list":["post-98162","post","type-post","status-publish","format-standard","has-post-thumbnail","hentry","category-politique","category-top-nouvelles","category-toutes-les-actualites","tag-cote-divoire","tag-creation","tag-denomme","tag-imminente","tag-laurent-gbagbo","tag-mouvement","tag-protestation","tag-sociale","tag-trop-cest-trop"],"yoast_head":"<!-- This site is optimized with the Yoast SEO Premium plugin v26.1 (Yoast SEO v27.0) - https:\/\/yoast.com\/product\/yoast-seo-premium-wordpress\/ -->\n<title>Laurent Gbagbo annonce la cr\u00e9ation imminente d&#039;un mouvement de protestation sociale d\u00e9nomm\u00e9 \u00ab Trop c&#039;est trop ! \u00bb - C\u00f4te d&#039;Ivoire<\/title>\n<meta name=\"description\" content=\"Laurent Gbagbo, pre\u0301sident du Parti des Peuples Africains-Co\u0302te d\u2019Ivoire (PPA-CI), a annonce\u0301, ce samedi 26 avril 2025, ...\" \/>\n<meta name=\"robots\" content=\"index, follow, max-snippet:-1, max-image-preview:large, max-video-preview:-1\" \/>\n<link rel=\"canonical\" href=\"https:\/\/www.africa-press.net\/cotedivoire\/politique\/laurent-gbagbo-annonce-la-creation-imminente-dun-mouvement-de-protestation-sociale-denomme-trop-cest-trop\" \/>\n<meta property=\"og:locale\" content=\"fr_FR\" \/>\n<meta property=\"og:type\" content=\"article\" \/>\n<meta property=\"og:title\" content=\"Laurent Gbagbo annonce la cr\u00e9ation imminente d&#039;un mouvement de protestation sociale d\u00e9nomm\u00e9 \u00ab Trop c&#039;est trop ! \u00bb\" \/>\n<meta property=\"og:description\" content=\"Laurent Gbagbo, pre\u0301sident du Parti des Peuples Africains-Co\u0302te d\u2019Ivoire (PPA-CI), a annonce\u0301, ce samedi 26 avril 2025, ...\" \/>\n<meta property=\"og:url\" content=\"https:\/\/www.africa-press.net\/cotedivoire\/politique\/laurent-gbagbo-annonce-la-creation-imminente-dun-mouvement-de-protestation-sociale-denomme-trop-cest-trop\" \/>\n<meta property=\"og:site_name\" content=\"C\u00f4te d&#039;Ivoire\" \/>\n<meta property=\"article:published_time\" content=\"2025-04-27T13:23:08+00:00\" \/>\n<meta property=\"article:modified_time\" content=\"2025-05-02T17:57:21+00:00\" \/>\n<meta property=\"og:image\" content=\"https:\/\/static.africa-press.net\/cote\/sites\/43\/2025\/04\/sm_1745749853.927164.jpg\" \/>\n\t<meta property=\"og:image:width\" content=\"720\" \/>\n\t<meta property=\"og:image:height\" content=\"364\" \/>\n\t<meta property=\"og:image:type\" content=\"image\/jpeg\" \/>\n<meta name=\"author\" content=\"cfeditorfr\" \/>\n<meta name=\"twitter:card\" content=\"summary_large_image\" \/>\n<meta name=\"twitter:label1\" content=\"\u00c9crit par\" \/>\n\t<meta name=\"twitter:data1\" content=\"cfeditorfr\" \/>\n\t<meta name=\"twitter:label2\" content=\"Dur\u00e9e de lecture estim\u00e9e\" \/>\n\t<meta name=\"twitter:data2\" content=\"4 minutes\" \/>\n<script type=\"application\/ld+json\" class=\"yoast-schema-graph\">{\"@context\":\"https:\/\/schema.org\",\"@graph\":[{\"@type\":\"Article\",\"@id\":\"https:\/\/www.africa-press.net\/cotedivoire\/politique\/laurent-gbagbo-annonce-la-creation-imminente-dun-mouvement-de-protestation-sociale-denomme-trop-cest-trop#article\",\"isPartOf\":{\"@id\":\"https:\/\/www.africa-press.net\/cotedivoire\/politique\/laurent-gbagbo-annonce-la-creation-imminente-dun-mouvement-de-protestation-sociale-denomme-trop-cest-trop\"},\"author\":{\"name\":\"cfeditorfr\",\"@id\":\"https:\/\/www.africa-press.net\/cotedivoire\/#\/schema\/person\/2b1cf3cd81a31e3cd26889ca66d677f1\"},\"headline\":\"Laurent Gbagbo annonce la cr\u00e9ation imminente d&rsquo;un mouvement de protestation sociale d\u00e9nomm\u00e9 \u00ab Trop c&rsquo;est trop ! \u00bb\",\"datePublished\":\"2025-04-27T13:23:08+00:00\",\"dateModified\":\"2025-05-02T17:57:21+00:00\",\"mainEntityOfPage\":{\"@id\":\"https:\/\/www.africa-press.net\/cotedivoire\/politique\/laurent-gbagbo-annonce-la-creation-imminente-dun-mouvement-de-protestation-sociale-denomme-trop-cest-trop\"},\"wordCount\":675,\"commentCount\":0,\"image\":{\"@id\":\"https:\/\/www.africa-press.net\/cotedivoire\/politique\/laurent-gbagbo-annonce-la-creation-imminente-dun-mouvement-de-protestation-sociale-denomme-trop-cest-trop#primaryimage\"},\"thumbnailUrl\":\"https:\/\/static.africa-press.net\/cote\/sites\/43\/2025\/04\/sm_1745749853.927164.jpg\",\"keywords\":[\"C\u00d4TE D'IVOIRE\",\"cr\u00e9ation\",\"d\u00e9nomm\u00e9\",\"imminente\",\"Laurent Gbagbo\",\"mouvement\",\"protestation\",\"sociale\",\"Trop c\u2019est trop\"],\"articleSection\":[\"Politique\",\"Top Nouvelles\",\"Toutes les actualit\u00e9s\"],\"inLanguage\":\"fr-FR\",\"potentialAction\":[{\"@type\":\"CommentAction\",\"name\":\"Comment\",\"target\":[\"https:\/\/www.africa-press.net\/cotedivoire\/politique\/laurent-gbagbo-annonce-la-creation-imminente-dun-mouvement-de-protestation-sociale-denomme-trop-cest-trop#respond\"]}]},{\"@type\":\"WebPage\",\"@id\":\"https:\/\/www.africa-press.net\/cotedivoire\/politique\/laurent-gbagbo-annonce-la-creation-imminente-dun-mouvement-de-protestation-sociale-denomme-trop-cest-trop\",\"url\":\"https:\/\/www.africa-press.net\/cotedivoire\/politique\/laurent-gbagbo-annonce-la-creation-imminente-dun-mouvement-de-protestation-sociale-denomme-trop-cest-trop\",\"name\":\"Laurent Gbagbo annonce la cr\u00e9ation imminente d'un mouvement de protestation sociale d\u00e9nomm\u00e9 \u00ab Trop c'est trop ! \u00bb - C\u00f4te d&#039;Ivoire\",\"isPartOf\":{\"@id\":\"https:\/\/www.africa-press.net\/cotedivoire\/#website\"},\"primaryImageOfPage\":{\"@id\":\"https:\/\/www.africa-press.net\/cotedivoire\/politique\/laurent-gbagbo-annonce-la-creation-imminente-dun-mouvement-de-protestation-sociale-denomme-trop-cest-trop#primaryimage\"},\"image\":{\"@id\":\"https:\/\/www.africa-press.net\/cotedivoire\/politique\/laurent-gbagbo-annonce-la-creation-imminente-dun-mouvement-de-protestation-sociale-denomme-trop-cest-trop#primaryimage\"},\"thumbnailUrl\":\"https:\/\/static.africa-press.net\/cote\/sites\/43\/2025\/04\/sm_1745749853.927164.jpg\",\"datePublished\":\"2025-04-27T13:23:08+00:00\",\"dateModified\":\"2025-05-02T17:57:21+00:00\",\"author\":{\"@id\":\"https:\/\/www.africa-press.net\/cotedivoire\/#\/schema\/person\/2b1cf3cd81a31e3cd26889ca66d677f1\"},\"description\":\"Laurent Gbagbo, pre\u0301sident du Parti des Peuples Africains-Co\u0302te d\u2019Ivoire (PPA-CI), a annonce\u0301, ce samedi 26 avril 2025, ...\",\"breadcrumb\":{\"@id\":\"https:\/\/www.africa-press.net\/cotedivoire\/politique\/laurent-gbagbo-annonce-la-creation-imminente-dun-mouvement-de-protestation-sociale-denomme-trop-cest-trop#breadcrumb\"},\"inLanguage\":\"fr-FR\",\"potentialAction\":[{\"@type\":\"ReadAction\",\"target\":[\"https:\/\/www.africa-press.net\/cotedivoire\/politique\/laurent-gbagbo-annonce-la-creation-imminente-dun-mouvement-de-protestation-sociale-denomme-trop-cest-trop\"]}]},{\"@type\":\"ImageObject\",\"inLanguage\":\"fr-FR\",\"@id\":\"https:\/\/www.africa-press.net\/cotedivoire\/politique\/laurent-gbagbo-annonce-la-creation-imminente-dun-mouvement-de-protestation-sociale-denomme-trop-cest-trop#primaryimage\",\"url\":\"https:\/\/static.africa-press.net\/cote\/sites\/43\/2025\/04\/sm_1745749853.927164.jpg\",\"contentUrl\":\"https:\/\/static.africa-press.net\/cote\/sites\/43\/2025\/04\/sm_1745749853.927164.jpg\",\"width\":720,\"height\":364,\"caption\":\"Laurent Gbagbo annonce la cr\u00e9ation imminente d'un mouvement de protestation sociale d\u00e9nomm\u00e9 \u00ab Trop c'est trop ! \u00bb\"},{\"@type\":\"BreadcrumbList\",\"@id\":\"https:\/\/www.africa-press.net\/cotedivoire\/politique\/laurent-gbagbo-annonce-la-creation-imminente-dun-mouvement-de-protestation-sociale-denomme-trop-cest-trop#breadcrumb\",\"itemListElement\":[{\"@type\":\"ListItem\",\"position\":1,\"name\":\"Accueil\",\"item\":\"https:\/\/www.africa-press.net\/cotedivoire\/\"},{\"@type\":\"ListItem\",\"position\":2,\"name\":\"Laurent Gbagbo annonce la cr\u00e9ation imminente d&rsquo;un mouvement de protestation sociale d\u00e9nomm\u00e9 \u00ab Trop c&rsquo;est trop ! \u00bb\"}]},{\"@type\":\"WebSite\",\"@id\":\"https:\/\/www.africa-press.net\/cotedivoire\/#website\",\"url\":\"https:\/\/www.africa-press.net\/cotedivoire\/\",\"name\":\"C\u00f4te d&#039;Ivoire\",\"description\":\"Just another Africa News Agency Sites site\",\"potentialAction\":[{\"@type\":\"SearchAction\",\"target\":{\"@type\":\"EntryPoint\",\"urlTemplate\":\"https:\/\/www.africa-press.net\/cotedivoire\/?s={search_term_string}\"},\"query-input\":{\"@type\":\"PropertyValueSpecification\",\"valueRequired\":true,\"valueName\":\"search_term_string\"}}],\"inLanguage\":\"fr-FR\"},{\"@type\":\"Person\",\"@id\":\"https:\/\/www.africa-press.net\/cotedivoire\/#\/schema\/person\/2b1cf3cd81a31e3cd26889ca66d677f1\",\"name\":\"cfeditorfr\"}]}<\/script>\n<!-- \/ Yoast SEO Premium plugin. -->","yoast_head_json":{"title":"Laurent Gbagbo annonce la cr\u00e9ation imminente d'un mouvement de protestation sociale d\u00e9nomm\u00e9 \u00ab Trop c'est trop ! \u00bb - C\u00f4te d&#039;Ivoire","description":"Laurent Gbagbo, pre\u0301sident du Parti des Peuples Africains-Co\u0302te d\u2019Ivoire (PPA-CI), a annonce\u0301, ce samedi 26 avril 2025, ...","robots":{"index":"index","follow":"follow","max-snippet":"max-snippet:-1","max-image-preview":"max-image-preview:large","max-video-preview":"max-video-preview:-1"},"canonical":"https:\/\/www.africa-press.net\/cotedivoire\/politique\/laurent-gbagbo-annonce-la-creation-imminente-dun-mouvement-de-protestation-sociale-denomme-trop-cest-trop","og_locale":"fr_FR","og_type":"article","og_title":"Laurent Gbagbo annonce la cr\u00e9ation imminente d'un mouvement de protestation sociale d\u00e9nomm\u00e9 \u00ab Trop c'est trop ! \u00bb","og_description":"Laurent Gbagbo, pre\u0301sident du Parti des Peuples Africains-Co\u0302te d\u2019Ivoire (PPA-CI), a annonce\u0301, ce samedi 26 avril 2025, ...","og_url":"https:\/\/www.africa-press.net\/cotedivoire\/politique\/laurent-gbagbo-annonce-la-creation-imminente-dun-mouvement-de-protestation-sociale-denomme-trop-cest-trop","og_site_name":"C\u00f4te d&#039;Ivoire","article_published_time":"2025-04-27T13:23:08+00:00","article_modified_time":"2025-05-02T17:57:21+00:00","og_image":[{"width":720,"height":364,"url":"https:\/\/static.africa-press.net\/cote\/sites\/43\/2025\/04\/sm_1745749853.927164.jpg","type":"image\/jpeg"}],"author":"cfeditorfr","twitter_card":"summary_large_image","twitter_misc":{"\u00c9crit par":"cfeditorfr","Dur\u00e9e de lecture estim\u00e9e":"4 minutes"},"schema":{"@context":"https:\/\/schema.org","@graph":[{"@type":"Article","@id":"https:\/\/www.africa-press.net\/cotedivoire\/politique\/laurent-gbagbo-annonce-la-creation-imminente-dun-mouvement-de-protestation-sociale-denomme-trop-cest-trop#article","isPartOf":{"@id":"https:\/\/www.africa-press.net\/cotedivoire\/politique\/laurent-gbagbo-annonce-la-creation-imminente-dun-mouvement-de-protestation-sociale-denomme-trop-cest-trop"},"author":{"name":"cfeditorfr","@id":"https:\/\/www.africa-press.net\/cotedivoire\/#\/schema\/person\/2b1cf3cd81a31e3cd26889ca66d677f1"},"headline":"Laurent Gbagbo annonce la cr\u00e9ation imminente d&rsquo;un mouvement de protestation sociale d\u00e9nomm\u00e9 \u00ab Trop c&rsquo;est trop ! \u00bb","datePublished":"2025-04-27T13:23:08+00:00","dateModified":"2025-05-02T17:57:21+00:00","mainEntityOfPage":{"@id":"https:\/\/www.africa-press.net\/cotedivoire\/politique\/laurent-gbagbo-annonce-la-creation-imminente-dun-mouvement-de-protestation-sociale-denomme-trop-cest-trop"},"wordCount":675,"commentCount":0,"image":{"@id":"https:\/\/www.africa-press.net\/cotedivoire\/politique\/laurent-gbagbo-annonce-la-creation-imminente-dun-mouvement-de-protestation-sociale-denomme-trop-cest-trop#primaryimage"},"thumbnailUrl":"https:\/\/static.africa-press.net\/cote\/sites\/43\/2025\/04\/sm_1745749853.927164.jpg","keywords":["C\u00d4TE D'IVOIRE","cr\u00e9ation","d\u00e9nomm\u00e9","imminente","Laurent Gbagbo","mouvement","protestation","sociale","Trop c\u2019est trop"],"articleSection":["Politique","Top Nouvelles","Toutes les actualit\u00e9s"],"inLanguage":"fr-FR","potentialAction":[{"@type":"CommentAction","name":"Comment","target":["https:\/\/www.africa-press.net\/cotedivoire\/politique\/laurent-gbagbo-annonce-la-creation-imminente-dun-mouvement-de-protestation-sociale-denomme-trop-cest-trop#respond"]}]},{"@type":"WebPage","@id":"https:\/\/www.africa-press.net\/cotedivoire\/politique\/laurent-gbagbo-annonce-la-creation-imminente-dun-mouvement-de-protestation-sociale-denomme-trop-cest-trop","url":"https:\/\/www.africa-press.net\/cotedivoire\/politique\/laurent-gbagbo-annonce-la-creation-imminente-dun-mouvement-de-protestation-sociale-denomme-trop-cest-trop","name":"Laurent Gbagbo annonce la cr\u00e9ation imminente d'un mouvement de protestation sociale d\u00e9nomm\u00e9 \u00ab Trop c'est trop ! \u00bb - C\u00f4te d&#039;Ivoire","isPartOf":{"@id":"https:\/\/www.africa-press.net\/cotedivoire\/#website"},"primaryImageOfPage":{"@id":"https:\/\/www.africa-press.net\/cotedivoire\/politique\/laurent-gbagbo-annonce-la-creation-imminente-dun-mouvement-de-protestation-sociale-denomme-trop-cest-trop#primaryimage"},"image":{"@id":"https:\/\/www.africa-press.net\/cotedivoire\/politique\/laurent-gbagbo-annonce-la-creation-imminente-dun-mouvement-de-protestation-sociale-denomme-trop-cest-trop#primaryimage"},"thumbnailUrl":"https:\/\/static.africa-press.net\/cote\/sites\/43\/2025\/04\/sm_1745749853.927164.jpg","datePublished":"2025-04-27T13:23:08+00:00","dateModified":"2025-05-02T17:57:21+00:00","author":{"@id":"https:\/\/www.africa-press.net\/cotedivoire\/#\/schema\/person\/2b1cf3cd81a31e3cd26889ca66d677f1"},"description":"Laurent Gbagbo, pre\u0301sident du Parti des Peuples Africains-Co\u0302te d\u2019Ivoire (PPA-CI), a annonce\u0301, ce samedi 26 avril 2025, ...","breadcrumb":{"@id":"https:\/\/www.africa-press.net\/cotedivoire\/politique\/laurent-gbagbo-annonce-la-creation-imminente-dun-mouvement-de-protestation-sociale-denomme-trop-cest-trop#breadcrumb"},"inLanguage":"fr-FR","potentialAction":[{"@type":"ReadAction","target":["https:\/\/www.africa-press.net\/cotedivoire\/politique\/laurent-gbagbo-annonce-la-creation-imminente-dun-mouvement-de-protestation-sociale-denomme-trop-cest-trop"]}]},{"@type":"ImageObject","inLanguage":"fr-FR","@id":"https:\/\/www.africa-press.net\/cotedivoire\/politique\/laurent-gbagbo-annonce-la-creation-imminente-dun-mouvement-de-protestation-sociale-denomme-trop-cest-trop#primaryimage","url":"https:\/\/static.africa-press.net\/cote\/sites\/43\/2025\/04\/sm_1745749853.927164.jpg","contentUrl":"https:\/\/static.africa-press.net\/cote\/sites\/43\/2025\/04\/sm_1745749853.927164.jpg","width":720,"height":364,"caption":"Laurent Gbagbo annonce la cr\u00e9ation imminente d'un mouvement de protestation sociale d\u00e9nomm\u00e9 \u00ab Trop c'est trop ! \u00bb"},{"@type":"BreadcrumbList","@id":"https:\/\/www.africa-press.net\/cotedivoire\/politique\/laurent-gbagbo-annonce-la-creation-imminente-dun-mouvement-de-protestation-sociale-denomme-trop-cest-trop#breadcrumb","itemListElement":[{"@type":"ListItem","position":1,"name":"Accueil","item":"https:\/\/www.africa-press.net\/cotedivoire\/"},{"@type":"ListItem","position":2,"name":"Laurent Gbagbo annonce la cr\u00e9ation imminente d&rsquo;un mouvement de protestation sociale d\u00e9nomm\u00e9 \u00ab Trop c&rsquo;est trop ! \u00bb"}]},{"@type":"WebSite","@id":"https:\/\/www.africa-press.net\/cotedivoire\/#website","url":"https:\/\/www.africa-press.net\/cotedivoire\/","name":"C\u00f4te d&#039;Ivoire","description":"Just another Africa News Agency Sites site","potentialAction":[{"@type":"SearchAction","target":{"@type":"EntryPoint","urlTemplate":"https:\/\/www.africa-press.net\/cotedivoire\/?s={search_term_string}"},"query-input":{"@type":"PropertyValueSpecification","valueRequired":true,"valueName":"search_term_string"}}],"inLanguage":"fr-FR"},{"@type":"Person","@id":"https:\/\/www.africa-press.net\/cotedivoire\/#\/schema\/person\/2b1cf3cd81a31e3cd26889ca66d677f1","name":"cfeditorfr"}]}},"_links":{"self":[{"href":"https:\/\/www.africa-press.net\/cotedivoire\/wp-json\/wp\/v2\/posts\/98162","targetHints":{"allow":["GET"]}}],"collection":[{"href":"https:\/\/www.africa-press.net\/cotedivoire\/wp-json\/wp\/v2\/posts"}],"about":[{"href":"https:\/\/www.africa-press.net\/cotedivoire\/wp-json\/wp\/v2\/types\/post"}],"author":[{"embeddable":true,"href":"https:\/\/www.africa-press.net\/cotedivoire\/wp-json\/wp\/v2\/users\/82"}],"replies":[{"embeddable":true,"href":"https:\/\/www.africa-press.net\/cotedivoire\/wp-json\/wp\/v2\/comments?post=98162"}],"version-history":[{"count":0,"href":"https:\/\/www.africa-press.net\/cotedivoire\/wp-json\/wp\/v2\/posts\/98162\/revisions"}],"wp:featuredmedia":[{"embeddable":true,"href":"https:\/\/www.africa-press.net\/cotedivoire\/wp-json\/wp\/v2\/media\/98161"}],"wp:attachment":[{"href":"https:\/\/www.africa-press.net\/cotedivoire\/wp-json\/wp\/v2\/media?parent=98162"}],"wp:term":[{"taxonomy":"category","embeddable":true,"href":"https:\/\/www.africa-press.net\/cotedivoire\/wp-json\/wp\/v2\/categories?post=98162"},{"taxonomy":"post_tag","embeddable":true,"href":"https:\/\/www.africa-press.net\/cotedivoire\/wp-json\/wp\/v2\/tags?post=98162"}],"curies":[{"name":"wp","href":"https:\/\/api.w.org\/{rel}","templated":true}]}}