{"id":9825,"date":"2021-07-08T12:12:34","date_gmt":"2021-07-08T12:12:34","guid":{"rendered":"https:\/\/www.africa-press.net\/cotedivoire\/?p=9825"},"modified":"2021-07-08T20:27:55","modified_gmt":"2021-07-08T20:27:55","slug":"apres-le-retour-de-gbagbo-bamba-massani-il-ny-aura-pas-de-renouvellement-generationnel-mecanique-au-fpi-interview","status":"publish","type":"post","link":"https:\/\/www.africa-press.net\/cotedivoire\/politique\/apres-le-retour-de-gbagbo-bamba-massani-il-ny-aura-pas-de-renouvellement-generationnel-mecanique-au-fpi-interview","title":{"rendered":"Apr\u00e8s le retour de Gbagbo, Bamba Massani \u00ab\u00a0Il n\u2019y aura pas de renouvellement g\u00e9n\u00e9rationnel m\u00e9canique au Fpi\u00a0\u00bb (interview)"},"content":{"rendered":"<p><span style=\"color: #ff6600\"><strong><a href=\"https:\/\/www.africa-press.net\/\">Africa-Press<\/a> &#8211; <a href=\"https:\/\/www.africa-press.net\/cotedivoire\">C\u00f4te d&rsquo;Ivoire<\/a>. <\/strong><\/span>L\u2019ancienne d\u00e9put\u00e9e de Port-Bou\u00ebt Bamba Massani pilote l\u2019initiative pour des \u00e9lections apais\u00e9es, une id\u00e9e lanc\u00e9e courant 2020 par l\u2019ancien prisonnier de La Haye. Elle visait une \u00e9lection sans violence. Bamba Massani livre ici un bilan d\u2019\u00e9tape, d\u00e9gage des perspectives et d\u00e9cline sa vision du Fpi nouveau avec le retour de Gbagbo au bercail<\/p>\n<p>Pendant 10 ans le Fpi et toutes les organisations pro-Gbagbo ont r\u00e9clam\u00e9 la lib\u00e9ration de Laurent Gbagbo. 10 ans apr\u00e8s voici Laurent Gbagbo parmi nous, acquitt\u00e9 de toutes les charges. Quel commentaire cela vous inspire ?<\/p>\n<p>Le retour d\u00e9finitif du Pr\u00e9sident Laurent Gbagbo sur la terre de ses anc\u00eatres ne peut que me r\u00e9jouir et me procurer une grande satisfaction. Je vous avoue que j\u2019ai \u00e9t\u00e9 tr\u00e8s meurtrie dans ma chair pendant son absence au pays. Car j\u2019ai trouv\u00e9 tr\u00e8s injuste cette incarc\u00e9ration. Je pense aussi que ce retour est un grand soulagement pour notre parti, les organisations pro Gbagbo, et toutes les personnes anonymes qui aiment Laurent Gbagbo, qui ont souffert dans le silence tout en priant pour lui.<\/p>\n<p>Laurent Gbagbo acquitt\u00e9, Laurent Gbagbo en C\u00f4te d\u2019Ivoire, quelle va \u00eatre pour vous la suite, vous \u00e0 qui il avait confi\u00e9 une mission particuli\u00e8re d\u2019apaisement dans le cadre des \u00e9lections de 2020 ?<\/p>\n<p>Comme vous le dites, nous avons eu l\u2019honneur d\u2019\u00eatre d\u00e9sign\u00e9e en juin 2020 par le chef pour parler d\u2019\u00e9lections apais\u00e9es. Cela n\u2019a pas \u00e9t\u00e9 facile pour nous. Car la violence \u00e9tait d\u00e9j\u00e0 latente au regard du contexte du moment. A peine, avons-nous entam\u00e9 nos premi\u00e8res actions qu\u2019elle \u00e9clata \u00e0 travers le pays \u00e0 partir d\u2019ao\u00fbt 2020. Naturellement, notre mouvement compte d\u00e9sormais parmi les ONG qui \u0153uvreront pour la pacification des c\u0153urs afin que les Ivoiriens retrouvent la coh\u00e9sion sociale tant recherch\u00e9e. La fracture du tissu social est profonde avec les clivages ethniques et religieux cr\u00e9\u00e9s \u00e0 dessein pour assouvir des int\u00e9r\u00eats politiques \u00e9go\u00efstes et partisans.<\/p>\n<p>A propos de cette initiative pour des \u00e9lections apais\u00e9es qui vous a emmen\u00e9e sur le terrain \u00e0 la rencontre des couches sociales, peut-on oser un petit bilan d\u2019\u00e9tape ?<\/p>\n<p>Apr\u00e8s notre nomination, il fallait proc\u00e9der au choix des personnalit\u00e9s qui vont nous accompagner dans cette t\u00e2che, d\u00e9finir les termes de r\u00e9f\u00e9rence de la mission, d\u00e9finir un plan op\u00e9rationnel qui nous a permis trois types d\u2019actions : d\u2019abord le lancement de la mission, qui a eu lieu le 30 juin 2020 au Palm club en pr\u00e9sence de la presse nationale et internationale, puis des rencontres publiques et des visites cibl\u00e9es. Les rencontres publiques avec des groupes religieux, des mouvements de jeunesse patriotiques, des mouvements de femmes de la soci\u00e9t\u00e9 civile, des associations de chefs traditionnels et coutumiers, les organisations de jeunesse de partis politiques, une interview \u00e0 la radio de la paix (ex Onuci-Fm), des Visites cibl\u00e9es \u00e0 des responsables politiques, religieux, (catholique, musulman, \u00e9vang\u00e9lique). Il faut signaler que certaines de nos demandes d\u2019audience \u00e0 des institutions n\u2019ont pas eu de retour, malheureusement. Je profite de cette occasion pour dire merci aux couches sociales qui nous ont re\u00e7us, sans oublier toute l\u2019\u00e9quipe de travail (comit\u00e9 de pilotage, comit\u00e9 scientifique et la cellule de communication aussi, les personnes volontaires qui nous ont apport\u00e9 leur soutien)<\/p>\n<p>Comment analysez-vous les premiers pas et les premiers mots de Laurent Gbagbo en terre ivoirienne ?<\/p>\n<p>Ce que je retiens des premiers mots du chef, le pr\u00e9sident Laurent Gbagbo, c\u2019est sa volont\u00e9 affich\u00e9e de se mettre \u00e0 la disposition du Secr\u00e9taire G\u00e9n\u00e9ral du parti, Dr Assoa Adou. Cette disposition de sa part pr\u00e9sage qu\u2019il s\u2019inscrit et compte prendre sa place dans le processus de combat que nous menons depuis qu\u2019il est hors du pays. Il est la pierre angulaire. \u00c0 ce titre, il apportera une grande bouff\u00e9e d\u2019oxyg\u00e8ne pour la suite qui est la d\u00e9mocratisation de la vie politique totalement d\u00e9sagr\u00e9g\u00e9e. Je retiens aussi, cette phrase prononc\u00e9e par Laurent Gbagbo et lourde de sens : \u00ab avant ma d\u00e9portation, je me croyais ivoirien, apr\u00e8s mon passage \u00e0 la Cpi, je me crois africain \u00bb.<\/p>\n<p>De votre point de vue, quels devraient les d\u00e9fis \u00e0 relever par votre parti le Fpi avec le retour de Laurent Gbagbo ?<\/p>\n<p>Les d\u00e9fis \u00e0 relever sont le renforcement des capacit\u00e9s des militants pour une v\u00e9ritable coh\u00e9sion et une redynamisation des structures du parti.<\/p>\n<p>Que pensez-vous d\u2019un renouvellement g\u00e9n\u00e9rationnel autrement dit comment voyez-vous cette redynamisation du Fpi dont vous parlez ?<\/p>\n<p>Pour ce qui est d\u2019un renouvellement g\u00e9n\u00e9rationnel, le parti appr\u00e9ciera de l\u2019opportunit\u00e9 et cela de mani\u00e8re d\u00e9mocratique. \u00c7a ne se fera pas de fa\u00e7on m\u00e9canique. C\u2019est-\u00e0-dire, remercier tous les anciens et les remplacer par les jeunes. Sinon, parlant de la redynamisation, le parti a besoin de personnes loyales, convaincues comp\u00e9tentes et disponibles pour la lutte, qu\u2019elles soient jeunes ou \u00e2g\u00e9es.<\/p>\n<p>R\u00e9cemment l\u2019opinion a \u00e9t\u00e9 \u00e9mue par le communiqu\u00e9 de l\u2019avocat de Laurent Gbagbo r\u00e9clamant le divorce \u00e0 sa compagne Simone. Vous \u00e9voquerez s\u00fbrement une affaire strictement priv\u00e9e mais n\u2019emp\u00eache qu\u2019elle est dans le domaine public. Ne prenez-vous pas que cette affaire sera contre-productive pour le Fpi qui veut se relancer ? Autrement le timing est-il convenable \u00e0 votre avis ?<\/p>\n<p>&nbsp;<\/p>\n","protected":false},"excerpt":{"rendered":"<p>Africa-Press &#8211; C\u00f4te d&rsquo;Ivoire. L\u2019ancienne d\u00e9put\u00e9e de Port-Bou\u00ebt Bamba Massani pilote l\u2019initiative pour des \u00e9lections apais\u00e9es, une id\u00e9e lanc\u00e9e courant 2020 par l\u2019ancien prisonnier de La Haye. Elle visait une \u00e9lection sans violence. Bamba Massani livre ici un bilan d\u2019\u00e9tape, d\u00e9gage des perspectives et d\u00e9cline sa vision du Fpi nouveau avec le retour de Gbagbo [&hellip;]<\/p>\n","protected":false},"author":82,"featured_media":9824,"comment_status":"open","ping_status":"closed","sticky":false,"template":"","format":"standard","meta":{"footnotes":""},"categories":[11,2,10],"tags":[56,63,29],"class_list":["post-9825","post","type-post","status-publish","format-standard","has-post-thumbnail","hentry","category-homepage-french","category-politique","category-toutes-les-actualites","tag-africa-press","tag-africa-press-cote-divoire","tag-cote-divoire"],"yoast_head":"<!-- This site is optimized with the Yoast SEO Premium plugin v26.1 (Yoast SEO v27.0) - https:\/\/yoast.com\/product\/yoast-seo-premium-wordpress\/ -->\n<title>Apr\u00e8s le retour de Gbagbo, Bamba Massani \u00ab\u00a0Il n\u2019y aura pas de renouvellement g\u00e9n\u00e9rationnel m\u00e9canique au Fpi\u00a0\u00bb (interview) - C\u00f4te d&#039;Ivoire<\/title>\n<meta name=\"description\" content=\"L\u2019ancienne d\u00e9put\u00e9e de Port-Bou\u00ebt Bamba Massani pilote l\u2019initiative pour des \u00e9lections apais\u00e9es, une id\u00e9e lanc\u00e9e courant ...\" \/>\n<meta name=\"robots\" content=\"index, follow, max-snippet:-1, max-image-preview:large, max-video-preview:-1\" \/>\n<link rel=\"canonical\" href=\"https:\/\/www.africa-press.net\/cotedivoire\/politique\/apres-le-retour-de-gbagbo-bamba-massani-il-ny-aura-pas-de-renouvellement-generationnel-mecanique-au-fpi-interview\" \/>\n<meta property=\"og:locale\" content=\"fr_FR\" \/>\n<meta property=\"og:type\" content=\"article\" \/>\n<meta property=\"og:title\" content=\"Apr\u00e8s le retour de Gbagbo, Bamba Massani \u00ab\u00a0Il n\u2019y aura pas de renouvellement g\u00e9n\u00e9rationnel m\u00e9canique au Fpi\u00a0\u00bb (interview)\" \/>\n<meta property=\"og:description\" content=\"L\u2019ancienne d\u00e9put\u00e9e de Port-Bou\u00ebt Bamba Massani pilote l\u2019initiative pour des \u00e9lections apais\u00e9es, une id\u00e9e lanc\u00e9e courant ...\" \/>\n<meta property=\"og:url\" content=\"https:\/\/www.africa-press.net\/cotedivoire\/politique\/apres-le-retour-de-gbagbo-bamba-massani-il-ny-aura-pas-de-renouvellement-generationnel-mecanique-au-fpi-interview\" \/>\n<meta property=\"og:site_name\" content=\"C\u00f4te d&#039;Ivoire\" \/>\n<meta property=\"article:published_time\" content=\"2021-07-08T12:12:34+00:00\" \/>\n<meta property=\"article:modified_time\" content=\"2021-07-08T20:27:55+00:00\" \/>\n<meta property=\"og:image\" content=\"https:\/\/static.africa-press.net\/cote\/sites\/43\/2021\/07\/img-60e6e7e43705c.jpg\" \/>\n\t<meta property=\"og:image:width\" content=\"720\" \/>\n\t<meta property=\"og:image:height\" content=\"512\" \/>\n\t<meta property=\"og:image:type\" content=\"image\/jpeg\" \/>\n<meta name=\"author\" content=\"cfeditorfr\" \/>\n<meta name=\"twitter:card\" content=\"summary_large_image\" \/>\n<meta name=\"twitter:label1\" content=\"\u00c9crit par\" \/>\n\t<meta name=\"twitter:data1\" content=\"cfeditorfr\" \/>\n\t<meta name=\"twitter:label2\" content=\"Dur\u00e9e de lecture estim\u00e9e\" \/>\n\t<meta name=\"twitter:data2\" content=\"4 minutes\" \/>\n<script type=\"application\/ld+json\" class=\"yoast-schema-graph\">{\"@context\":\"https:\/\/schema.org\",\"@graph\":[{\"@type\":\"Article\",\"@id\":\"https:\/\/www.africa-press.net\/cotedivoire\/politique\/apres-le-retour-de-gbagbo-bamba-massani-il-ny-aura-pas-de-renouvellement-generationnel-mecanique-au-fpi-interview#article\",\"isPartOf\":{\"@id\":\"https:\/\/www.africa-press.net\/cotedivoire\/politique\/apres-le-retour-de-gbagbo-bamba-massani-il-ny-aura-pas-de-renouvellement-generationnel-mecanique-au-fpi-interview\"},\"author\":{\"name\":\"cfeditorfr\",\"@id\":\"https:\/\/www.africa-press.net\/cotedivoire\/#\/schema\/person\/2b1cf3cd81a31e3cd26889ca66d677f1\"},\"headline\":\"Apr\u00e8s le retour de Gbagbo, Bamba Massani \u00ab\u00a0Il n\u2019y aura pas de renouvellement g\u00e9n\u00e9rationnel m\u00e9canique au Fpi\u00a0\u00bb (interview)\",\"datePublished\":\"2021-07-08T12:12:34+00:00\",\"dateModified\":\"2021-07-08T20:27:55+00:00\",\"mainEntityOfPage\":{\"@id\":\"https:\/\/www.africa-press.net\/cotedivoire\/politique\/apres-le-retour-de-gbagbo-bamba-massani-il-ny-aura-pas-de-renouvellement-generationnel-mecanique-au-fpi-interview\"},\"wordCount\":957,\"commentCount\":0,\"image\":{\"@id\":\"https:\/\/www.africa-press.net\/cotedivoire\/politique\/apres-le-retour-de-gbagbo-bamba-massani-il-ny-aura-pas-de-renouvellement-generationnel-mecanique-au-fpi-interview#primaryimage\"},\"thumbnailUrl\":\"https:\/\/static.africa-press.net\/cote\/sites\/43\/2021\/07\/img-60e6e7e43705c.jpg\",\"keywords\":[\"Africa Press\",\"Africa Press-C\u00f4te d'Ivoire\",\"C\u00d4TE D'IVOIRE\"],\"articleSection\":[\"homepage-french\",\"Politique\",\"Toutes les actualit\u00e9s\"],\"inLanguage\":\"fr-FR\",\"potentialAction\":[{\"@type\":\"CommentAction\",\"name\":\"Comment\",\"target\":[\"https:\/\/www.africa-press.net\/cotedivoire\/politique\/apres-le-retour-de-gbagbo-bamba-massani-il-ny-aura-pas-de-renouvellement-generationnel-mecanique-au-fpi-interview#respond\"]}]},{\"@type\":\"WebPage\",\"@id\":\"https:\/\/www.africa-press.net\/cotedivoire\/politique\/apres-le-retour-de-gbagbo-bamba-massani-il-ny-aura-pas-de-renouvellement-generationnel-mecanique-au-fpi-interview\",\"url\":\"https:\/\/www.africa-press.net\/cotedivoire\/politique\/apres-le-retour-de-gbagbo-bamba-massani-il-ny-aura-pas-de-renouvellement-generationnel-mecanique-au-fpi-interview\",\"name\":\"Apr\u00e8s le retour de Gbagbo, Bamba Massani \u00ab\u00a0Il n\u2019y aura pas de renouvellement g\u00e9n\u00e9rationnel m\u00e9canique au Fpi\u00a0\u00bb (interview) - C\u00f4te d&#039;Ivoire\",\"isPartOf\":{\"@id\":\"https:\/\/www.africa-press.net\/cotedivoire\/#website\"},\"primaryImageOfPage\":{\"@id\":\"https:\/\/www.africa-press.net\/cotedivoire\/politique\/apres-le-retour-de-gbagbo-bamba-massani-il-ny-aura-pas-de-renouvellement-generationnel-mecanique-au-fpi-interview#primaryimage\"},\"image\":{\"@id\":\"https:\/\/www.africa-press.net\/cotedivoire\/politique\/apres-le-retour-de-gbagbo-bamba-massani-il-ny-aura-pas-de-renouvellement-generationnel-mecanique-au-fpi-interview#primaryimage\"},\"thumbnailUrl\":\"https:\/\/static.africa-press.net\/cote\/sites\/43\/2021\/07\/img-60e6e7e43705c.jpg\",\"datePublished\":\"2021-07-08T12:12:34+00:00\",\"dateModified\":\"2021-07-08T20:27:55+00:00\",\"author\":{\"@id\":\"https:\/\/www.africa-press.net\/cotedivoire\/#\/schema\/person\/2b1cf3cd81a31e3cd26889ca66d677f1\"},\"description\":\"L\u2019ancienne d\u00e9put\u00e9e de Port-Bou\u00ebt Bamba Massani pilote l\u2019initiative pour des \u00e9lections apais\u00e9es, une id\u00e9e lanc\u00e9e courant ...\",\"breadcrumb\":{\"@id\":\"https:\/\/www.africa-press.net\/cotedivoire\/politique\/apres-le-retour-de-gbagbo-bamba-massani-il-ny-aura-pas-de-renouvellement-generationnel-mecanique-au-fpi-interview#breadcrumb\"},\"inLanguage\":\"fr-FR\",\"potentialAction\":[{\"@type\":\"ReadAction\",\"target\":[\"https:\/\/www.africa-press.net\/cotedivoire\/politique\/apres-le-retour-de-gbagbo-bamba-massani-il-ny-aura-pas-de-renouvellement-generationnel-mecanique-au-fpi-interview\"]}]},{\"@type\":\"ImageObject\",\"inLanguage\":\"fr-FR\",\"@id\":\"https:\/\/www.africa-press.net\/cotedivoire\/politique\/apres-le-retour-de-gbagbo-bamba-massani-il-ny-aura-pas-de-renouvellement-generationnel-mecanique-au-fpi-interview#primaryimage\",\"url\":\"https:\/\/static.africa-press.net\/cote\/sites\/43\/2021\/07\/img-60e6e7e43705c.jpg\",\"contentUrl\":\"https:\/\/static.africa-press.net\/cote\/sites\/43\/2021\/07\/img-60e6e7e43705c.jpg\",\"width\":720,\"height\":512,\"caption\":\"Apr\u00e8s le retour de Gbagbo, Bamba Massani \u00ab\u00a0Il n\u2019y aura pas de renouvellement g\u00e9n\u00e9rationnel m\u00e9canique au Fpi\u00a0\u00bb (interview)\"},{\"@type\":\"BreadcrumbList\",\"@id\":\"https:\/\/www.africa-press.net\/cotedivoire\/politique\/apres-le-retour-de-gbagbo-bamba-massani-il-ny-aura-pas-de-renouvellement-generationnel-mecanique-au-fpi-interview#breadcrumb\",\"itemListElement\":[{\"@type\":\"ListItem\",\"position\":1,\"name\":\"Accueil\",\"item\":\"https:\/\/www.africa-press.net\/cotedivoire\/\"},{\"@type\":\"ListItem\",\"position\":2,\"name\":\"Apr\u00e8s le retour de Gbagbo, Bamba Massani \u00ab\u00a0Il n\u2019y aura pas de renouvellement g\u00e9n\u00e9rationnel m\u00e9canique au Fpi\u00a0\u00bb (interview)\"}]},{\"@type\":\"WebSite\",\"@id\":\"https:\/\/www.africa-press.net\/cotedivoire\/#website\",\"url\":\"https:\/\/www.africa-press.net\/cotedivoire\/\",\"name\":\"C\u00f4te d&#039;Ivoire\",\"description\":\"Just another Africa News Agency Sites site\",\"potentialAction\":[{\"@type\":\"SearchAction\",\"target\":{\"@type\":\"EntryPoint\",\"urlTemplate\":\"https:\/\/www.africa-press.net\/cotedivoire\/?s={search_term_string}\"},\"query-input\":{\"@type\":\"PropertyValueSpecification\",\"valueRequired\":true,\"valueName\":\"search_term_string\"}}],\"inLanguage\":\"fr-FR\"},{\"@type\":\"Person\",\"@id\":\"https:\/\/www.africa-press.net\/cotedivoire\/#\/schema\/person\/2b1cf3cd81a31e3cd26889ca66d677f1\",\"name\":\"cfeditorfr\"}]}<\/script>\n<!-- \/ Yoast SEO Premium plugin. -->","yoast_head_json":{"title":"Apr\u00e8s le retour de Gbagbo, Bamba Massani \u00ab\u00a0Il n\u2019y aura pas de renouvellement g\u00e9n\u00e9rationnel m\u00e9canique au Fpi\u00a0\u00bb (interview) - C\u00f4te d&#039;Ivoire","description":"L\u2019ancienne d\u00e9put\u00e9e de Port-Bou\u00ebt Bamba Massani pilote l\u2019initiative pour des \u00e9lections apais\u00e9es, une id\u00e9e lanc\u00e9e courant ...","robots":{"index":"index","follow":"follow","max-snippet":"max-snippet:-1","max-image-preview":"max-image-preview:large","max-video-preview":"max-video-preview:-1"},"canonical":"https:\/\/www.africa-press.net\/cotedivoire\/politique\/apres-le-retour-de-gbagbo-bamba-massani-il-ny-aura-pas-de-renouvellement-generationnel-mecanique-au-fpi-interview","og_locale":"fr_FR","og_type":"article","og_title":"Apr\u00e8s le retour de Gbagbo, Bamba Massani \u00ab\u00a0Il n\u2019y aura pas de renouvellement g\u00e9n\u00e9rationnel m\u00e9canique au Fpi\u00a0\u00bb (interview)","og_description":"L\u2019ancienne d\u00e9put\u00e9e de Port-Bou\u00ebt Bamba Massani pilote l\u2019initiative pour des \u00e9lections apais\u00e9es, une id\u00e9e lanc\u00e9e courant ...","og_url":"https:\/\/www.africa-press.net\/cotedivoire\/politique\/apres-le-retour-de-gbagbo-bamba-massani-il-ny-aura-pas-de-renouvellement-generationnel-mecanique-au-fpi-interview","og_site_name":"C\u00f4te d&#039;Ivoire","article_published_time":"2021-07-08T12:12:34+00:00","article_modified_time":"2021-07-08T20:27:55+00:00","og_image":[{"width":720,"height":512,"url":"https:\/\/static.africa-press.net\/cote\/sites\/43\/2021\/07\/img-60e6e7e43705c.jpg","type":"image\/jpeg"}],"author":"cfeditorfr","twitter_card":"summary_large_image","twitter_misc":{"\u00c9crit par":"cfeditorfr","Dur\u00e9e de lecture estim\u00e9e":"4 minutes"},"schema":{"@context":"https:\/\/schema.org","@graph":[{"@type":"Article","@id":"https:\/\/www.africa-press.net\/cotedivoire\/politique\/apres-le-retour-de-gbagbo-bamba-massani-il-ny-aura-pas-de-renouvellement-generationnel-mecanique-au-fpi-interview#article","isPartOf":{"@id":"https:\/\/www.africa-press.net\/cotedivoire\/politique\/apres-le-retour-de-gbagbo-bamba-massani-il-ny-aura-pas-de-renouvellement-generationnel-mecanique-au-fpi-interview"},"author":{"name":"cfeditorfr","@id":"https:\/\/www.africa-press.net\/cotedivoire\/#\/schema\/person\/2b1cf3cd81a31e3cd26889ca66d677f1"},"headline":"Apr\u00e8s le retour de Gbagbo, Bamba Massani \u00ab\u00a0Il n\u2019y aura pas de renouvellement g\u00e9n\u00e9rationnel m\u00e9canique au Fpi\u00a0\u00bb (interview)","datePublished":"2021-07-08T12:12:34+00:00","dateModified":"2021-07-08T20:27:55+00:00","mainEntityOfPage":{"@id":"https:\/\/www.africa-press.net\/cotedivoire\/politique\/apres-le-retour-de-gbagbo-bamba-massani-il-ny-aura-pas-de-renouvellement-generationnel-mecanique-au-fpi-interview"},"wordCount":957,"commentCount":0,"image":{"@id":"https:\/\/www.africa-press.net\/cotedivoire\/politique\/apres-le-retour-de-gbagbo-bamba-massani-il-ny-aura-pas-de-renouvellement-generationnel-mecanique-au-fpi-interview#primaryimage"},"thumbnailUrl":"https:\/\/static.africa-press.net\/cote\/sites\/43\/2021\/07\/img-60e6e7e43705c.jpg","keywords":["Africa Press","Africa Press-C\u00f4te d'Ivoire","C\u00d4TE D'IVOIRE"],"articleSection":["homepage-french","Politique","Toutes les actualit\u00e9s"],"inLanguage":"fr-FR","potentialAction":[{"@type":"CommentAction","name":"Comment","target":["https:\/\/www.africa-press.net\/cotedivoire\/politique\/apres-le-retour-de-gbagbo-bamba-massani-il-ny-aura-pas-de-renouvellement-generationnel-mecanique-au-fpi-interview#respond"]}]},{"@type":"WebPage","@id":"https:\/\/www.africa-press.net\/cotedivoire\/politique\/apres-le-retour-de-gbagbo-bamba-massani-il-ny-aura-pas-de-renouvellement-generationnel-mecanique-au-fpi-interview","url":"https:\/\/www.africa-press.net\/cotedivoire\/politique\/apres-le-retour-de-gbagbo-bamba-massani-il-ny-aura-pas-de-renouvellement-generationnel-mecanique-au-fpi-interview","name":"Apr\u00e8s le retour de Gbagbo, Bamba Massani \u00ab\u00a0Il n\u2019y aura pas de renouvellement g\u00e9n\u00e9rationnel m\u00e9canique au Fpi\u00a0\u00bb (interview) - C\u00f4te d&#039;Ivoire","isPartOf":{"@id":"https:\/\/www.africa-press.net\/cotedivoire\/#website"},"primaryImageOfPage":{"@id":"https:\/\/www.africa-press.net\/cotedivoire\/politique\/apres-le-retour-de-gbagbo-bamba-massani-il-ny-aura-pas-de-renouvellement-generationnel-mecanique-au-fpi-interview#primaryimage"},"image":{"@id":"https:\/\/www.africa-press.net\/cotedivoire\/politique\/apres-le-retour-de-gbagbo-bamba-massani-il-ny-aura-pas-de-renouvellement-generationnel-mecanique-au-fpi-interview#primaryimage"},"thumbnailUrl":"https:\/\/static.africa-press.net\/cote\/sites\/43\/2021\/07\/img-60e6e7e43705c.jpg","datePublished":"2021-07-08T12:12:34+00:00","dateModified":"2021-07-08T20:27:55+00:00","author":{"@id":"https:\/\/www.africa-press.net\/cotedivoire\/#\/schema\/person\/2b1cf3cd81a31e3cd26889ca66d677f1"},"description":"L\u2019ancienne d\u00e9put\u00e9e de Port-Bou\u00ebt Bamba Massani pilote l\u2019initiative pour des \u00e9lections apais\u00e9es, une id\u00e9e lanc\u00e9e courant ...","breadcrumb":{"@id":"https:\/\/www.africa-press.net\/cotedivoire\/politique\/apres-le-retour-de-gbagbo-bamba-massani-il-ny-aura-pas-de-renouvellement-generationnel-mecanique-au-fpi-interview#breadcrumb"},"inLanguage":"fr-FR","potentialAction":[{"@type":"ReadAction","target":["https:\/\/www.africa-press.net\/cotedivoire\/politique\/apres-le-retour-de-gbagbo-bamba-massani-il-ny-aura-pas-de-renouvellement-generationnel-mecanique-au-fpi-interview"]}]},{"@type":"ImageObject","inLanguage":"fr-FR","@id":"https:\/\/www.africa-press.net\/cotedivoire\/politique\/apres-le-retour-de-gbagbo-bamba-massani-il-ny-aura-pas-de-renouvellement-generationnel-mecanique-au-fpi-interview#primaryimage","url":"https:\/\/static.africa-press.net\/cote\/sites\/43\/2021\/07\/img-60e6e7e43705c.jpg","contentUrl":"https:\/\/static.africa-press.net\/cote\/sites\/43\/2021\/07\/img-60e6e7e43705c.jpg","width":720,"height":512,"caption":"Apr\u00e8s le retour de Gbagbo, Bamba Massani \u00ab\u00a0Il n\u2019y aura pas de renouvellement g\u00e9n\u00e9rationnel m\u00e9canique au Fpi\u00a0\u00bb (interview)"},{"@type":"BreadcrumbList","@id":"https:\/\/www.africa-press.net\/cotedivoire\/politique\/apres-le-retour-de-gbagbo-bamba-massani-il-ny-aura-pas-de-renouvellement-generationnel-mecanique-au-fpi-interview#breadcrumb","itemListElement":[{"@type":"ListItem","position":1,"name":"Accueil","item":"https:\/\/www.africa-press.net\/cotedivoire\/"},{"@type":"ListItem","position":2,"name":"Apr\u00e8s le retour de Gbagbo, Bamba Massani \u00ab\u00a0Il n\u2019y aura pas de renouvellement g\u00e9n\u00e9rationnel m\u00e9canique au Fpi\u00a0\u00bb (interview)"}]},{"@type":"WebSite","@id":"https:\/\/www.africa-press.net\/cotedivoire\/#website","url":"https:\/\/www.africa-press.net\/cotedivoire\/","name":"C\u00f4te d&#039;Ivoire","description":"Just another Africa News Agency Sites site","potentialAction":[{"@type":"SearchAction","target":{"@type":"EntryPoint","urlTemplate":"https:\/\/www.africa-press.net\/cotedivoire\/?s={search_term_string}"},"query-input":{"@type":"PropertyValueSpecification","valueRequired":true,"valueName":"search_term_string"}}],"inLanguage":"fr-FR"},{"@type":"Person","@id":"https:\/\/www.africa-press.net\/cotedivoire\/#\/schema\/person\/2b1cf3cd81a31e3cd26889ca66d677f1","name":"cfeditorfr"}]}},"_links":{"self":[{"href":"https:\/\/www.africa-press.net\/cotedivoire\/wp-json\/wp\/v2\/posts\/9825","targetHints":{"allow":["GET"]}}],"collection":[{"href":"https:\/\/www.africa-press.net\/cotedivoire\/wp-json\/wp\/v2\/posts"}],"about":[{"href":"https:\/\/www.africa-press.net\/cotedivoire\/wp-json\/wp\/v2\/types\/post"}],"author":[{"embeddable":true,"href":"https:\/\/www.africa-press.net\/cotedivoire\/wp-json\/wp\/v2\/users\/82"}],"replies":[{"embeddable":true,"href":"https:\/\/www.africa-press.net\/cotedivoire\/wp-json\/wp\/v2\/comments?post=9825"}],"version-history":[{"count":0,"href":"https:\/\/www.africa-press.net\/cotedivoire\/wp-json\/wp\/v2\/posts\/9825\/revisions"}],"wp:featuredmedia":[{"embeddable":true,"href":"https:\/\/www.africa-press.net\/cotedivoire\/wp-json\/wp\/v2\/media\/9824"}],"wp:attachment":[{"href":"https:\/\/www.africa-press.net\/cotedivoire\/wp-json\/wp\/v2\/media?parent=9825"}],"wp:term":[{"taxonomy":"category","embeddable":true,"href":"https:\/\/www.africa-press.net\/cotedivoire\/wp-json\/wp\/v2\/categories?post=9825"},{"taxonomy":"post_tag","embeddable":true,"href":"https:\/\/www.africa-press.net\/cotedivoire\/wp-json\/wp\/v2\/tags?post=9825"}],"curies":[{"name":"wp","href":"https:\/\/api.w.org\/{rel}","templated":true}]}}