{"id":98271,"date":"2025-04-30T19:12:14","date_gmt":"2025-04-30T19:12:14","guid":{"rendered":"https:\/\/www.africa-press.net\/cotedivoire\/politique\/appel-a-manifestations-convocation-du-porte-parole-du-pdci"},"modified":"2025-05-02T19:02:19","modified_gmt":"2025-05-02T19:02:19","slug":"appel-a-manifestations-convocation-du-porte-parole-du-pdci","status":"publish","type":"post","link":"https:\/\/www.africa-press.net\/cotedivoire\/parties\/appel-a-manifestations-convocation-du-porte-parole-du-pdci","title":{"rendered":"Appel \u00e0 manifestations, convocation du porte-parole du PDCI"},"content":{"rendered":"<p><span style=\"color: #ff6600\"><strong>Africa-Press &#8211; C\u00f4te d&rsquo;Ivoire. <\/strong><\/span>Le Parti De\u0301mocratique de Co\u0302te d\u2019Ivoire \u2013 Rassemblement De\u0301mocratique Africain (PDCI-RDA) a annonce\u0301 ce mardi 29 avril avoir rec\u0327u une convocation officielle e\u0301manant de la Pre\u0301fecture de Police d\u2019Abidjan.<\/p>\n<p>Celle-ci est adresse\u0301e, sans surprise, au regard des propos menac\u0327ant tenus la veille (appels a\u0300 manifestations e\u0301clate\u0301es, ndlr), au de\u0301pute\u0301 Bredoumy Soumai\u0308la, Secre\u0301taire Exe\u0301cutif en Chef Adjoint, charge\u0301 de la Communication et Porte-parole du parti.<\/p>\n<p>Selon les informations communique\u0301es par le PDCI-RDA, la convocation, signe\u0301e par le commissaire Coulibaly Yao, exige la comparution de Bredoumy Soumai\u0308la devant le service des enque\u0302tes ge\u0301ne\u0301rales de la Pre\u0301fecture de Police, ce mercredi 30 avril 2025 a\u0300 11h00.<\/p>\n<p>Cependant, la convocation ne donne pas les raisons de l&rsquo;audition du porte-parole du PDCI, me\u0302me si tout indique qu&rsquo;elles sont lie\u0301es a\u0300 la sortie d&rsquo;hier soir, mais l&rsquo;informe qu&rsquo;il doit e\u0302tre accompagne\u0301 d&rsquo;un conseil conforme\u0301ment aux dispositions de l&rsquo;article 90 du nouveau code de proce\u0301dure pe\u0301nale.<\/p>\n<p>Cette de\u0301cision suscite une vive inquie\u0301tude au sein du plus ancien parti politique du pays, qui y voit une tentative manifeste d\u2019intimidation et une entrave a\u0300 la liberte\u0301 d\u2019expression et d\u2019opinion politique.<\/p>\n<p>\u00ab Nous tenons a\u0300 rappeler que notre camarade ne fait que porter la voix du PDCI-RDA dans le de\u0301bat public, conforme\u0301ment aux lois en vigueur \u00bb, a de\u0301clare\u0301 un membre du secre\u0301tariat exe\u0301cutif, sans pour autant commenter ou feignant d&rsquo;ignorer l&rsquo;appel aux manifestations e\u0301clate\u0301es lance\u0301 hier.<\/p>\n<p>La direction du PDCI-RDA n\u2019a pas encore indique\u0301 si une assistance juridique accompagnera M. Soumai\u0308la a\u0300 cette audition. Toutefois, plusieurs figures du parti affirment suivre la situation de pre\u0300s et n\u2019excluent pas une prise de parole officielle apre\u0300s l\u2019entrevue avec les autorite\u0301s.<\/p>\n<p>Cette convocation intervient a\u0300 l\u2019approche des prochaines e\u0301che\u0301ances e\u0301lectorales, ou\u0300 les discours sont de plus en plus surveille\u0301s, surtout quand ils sont de nature a\u0300 menacer a\u0300 se\u0301curite\u0301 nationale.<\/p>\n<p>Pour rappel, apre\u0300s la radiation de Thiam de la liste e\u0301lectorale et les proce\u0301dures judiciaires en cours e\u0301mises par des membres de son parti pour le destituer de la pre\u0301sidence du Pdci, Bredoumy Soumai\u0308la a appele\u0301 hier, lundi 28 avril 2025, a\u0300 des \u00ab\u00a0actions de mobilisations et de protestation e\u0301clate\u0301es\u00a0\u00bb de\u0300s le 2 mai prochain.<\/p>\n<p><strong>Pour plus d&rsquo;informations et d&rsquo;analyses sur la <span style=\"color: #ff6600\">C\u00f4te d&rsquo;Ivoire<\/span>, suivez <span style=\"color: #ff6600\">Africa-Press<\/span><\/strong><\/p>\n","protected":false},"excerpt":{"rendered":"<p>Africa-Press &#8211; C\u00f4te d&rsquo;Ivoire. Le Parti De\u0301mocratique de Co\u0302te d\u2019Ivoire \u2013 Rassemblement De\u0301mocratique Africain (PDCI-RDA) a annonce\u0301 ce mardi 29 avril avoir rec\u0327u une convocation officielle e\u0301manant de la Pre\u0301fecture de Police d\u2019Abidjan. Celle-ci est adresse\u0301e, sans surprise, au regard des propos menac\u0327ant tenus la veille (appels a\u0300 manifestations e\u0301clate\u0301es, ndlr), au de\u0301pute\u0301 Bredoumy Soumai\u0308la, [&hellip;]<\/p>\n","protected":false},"author":82,"featured_media":98270,"comment_status":"open","ping_status":"closed","sticky":false,"template":"","format":"standard","meta":{"footnotes":""},"categories":[4,10],"tags":[6742,9183,29,739,2442],"class_list":["post-98271","post","type-post","status-publish","format-standard","has-post-thumbnail","hentry","category-parties","category-toutes-les-actualites","tag-bredoumy-soumaila","tag-convocation-2","tag-cote-divoire","tag-pdci-rda","tag-tidjane-thiam"],"yoast_head":"<!-- This site is optimized with the Yoast SEO Premium plugin v26.1 (Yoast SEO v27.0) - https:\/\/yoast.com\/product\/yoast-seo-premium-wordpress\/ -->\n<title>Appel \u00e0 manifestations, convocation du porte-parole du PDCI - C\u00f4te d&#039;Ivoire<\/title>\n<meta name=\"description\" content=\"Le Parti De\u0301mocratique de Co\u0302te d\u2019Ivoire \u2013 Rassemblement De\u0301mocratique Africain (PDCI-RDA) a annonce\u0301 ce mardi 29 avril ...\" \/>\n<meta name=\"robots\" content=\"index, follow, max-snippet:-1, max-image-preview:large, max-video-preview:-1\" \/>\n<link rel=\"canonical\" href=\"https:\/\/www.africa-press.net\/cotedivoire\/parties\/appel-a-manifestations-convocation-du-porte-parole-du-pdci\" \/>\n<meta property=\"og:locale\" content=\"fr_FR\" \/>\n<meta property=\"og:type\" content=\"article\" \/>\n<meta property=\"og:title\" content=\"Appel \u00e0 manifestations, convocation du porte-parole du PDCI\" \/>\n<meta property=\"og:description\" content=\"Le Parti De\u0301mocratique de Co\u0302te d\u2019Ivoire \u2013 Rassemblement De\u0301mocratique Africain (PDCI-RDA) a annonce\u0301 ce mardi 29 avril ...\" \/>\n<meta property=\"og:url\" content=\"https:\/\/www.africa-press.net\/cotedivoire\/parties\/appel-a-manifestations-convocation-du-porte-parole-du-pdci\" \/>\n<meta property=\"og:site_name\" content=\"C\u00f4te d&#039;Ivoire\" \/>\n<meta property=\"article:published_time\" content=\"2025-04-30T19:12:14+00:00\" \/>\n<meta property=\"article:modified_time\" content=\"2025-05-02T19:02:19+00:00\" \/>\n<meta property=\"og:image\" content=\"https:\/\/static.africa-press.net\/cote\/sites\/43\/2025\/04\/sm_1746030590.800533.jpg\" \/>\n\t<meta property=\"og:image:width\" content=\"720\" \/>\n\t<meta property=\"og:image:height\" content=\"308\" \/>\n\t<meta property=\"og:image:type\" content=\"image\/jpeg\" \/>\n<meta name=\"author\" content=\"cfeditorfr\" \/>\n<meta name=\"twitter:card\" content=\"summary_large_image\" \/>\n<meta name=\"twitter:label1\" content=\"\u00c9crit par\" \/>\n\t<meta name=\"twitter:data1\" content=\"cfeditorfr\" \/>\n\t<meta name=\"twitter:label2\" content=\"Dur\u00e9e de lecture estim\u00e9e\" \/>\n\t<meta name=\"twitter:data2\" content=\"3 minutes\" \/>\n<script type=\"application\/ld+json\" class=\"yoast-schema-graph\">{\"@context\":\"https:\/\/schema.org\",\"@graph\":[{\"@type\":\"Article\",\"@id\":\"https:\/\/www.africa-press.net\/cotedivoire\/parties\/appel-a-manifestations-convocation-du-porte-parole-du-pdci#article\",\"isPartOf\":{\"@id\":\"https:\/\/www.africa-press.net\/cotedivoire\/parties\/appel-a-manifestations-convocation-du-porte-parole-du-pdci\"},\"author\":{\"name\":\"cfeditorfr\",\"@id\":\"https:\/\/www.africa-press.net\/cotedivoire\/#\/schema\/person\/2b1cf3cd81a31e3cd26889ca66d677f1\"},\"headline\":\"Appel \u00e0 manifestations, convocation du porte-parole du PDCI\",\"datePublished\":\"2025-04-30T19:12:14+00:00\",\"dateModified\":\"2025-05-02T19:02:19+00:00\",\"mainEntityOfPage\":{\"@id\":\"https:\/\/www.africa-press.net\/cotedivoire\/parties\/appel-a-manifestations-convocation-du-porte-parole-du-pdci\"},\"wordCount\":443,\"commentCount\":0,\"image\":{\"@id\":\"https:\/\/www.africa-press.net\/cotedivoire\/parties\/appel-a-manifestations-convocation-du-porte-parole-du-pdci#primaryimage\"},\"thumbnailUrl\":\"https:\/\/static.africa-press.net\/cote\/sites\/43\/2025\/04\/sm_1746030590.800533.jpg\",\"keywords\":[\"Bredoumy Souma\u00efla\",\"convocation\",\"C\u00d4TE D'IVOIRE\",\"PDCI-RDA\",\"Tidjane Thiam\"],\"articleSection\":[\"Parties\",\"Toutes les actualit\u00e9s\"],\"inLanguage\":\"fr-FR\",\"potentialAction\":[{\"@type\":\"CommentAction\",\"name\":\"Comment\",\"target\":[\"https:\/\/www.africa-press.net\/cotedivoire\/parties\/appel-a-manifestations-convocation-du-porte-parole-du-pdci#respond\"]}]},{\"@type\":\"WebPage\",\"@id\":\"https:\/\/www.africa-press.net\/cotedivoire\/parties\/appel-a-manifestations-convocation-du-porte-parole-du-pdci\",\"url\":\"https:\/\/www.africa-press.net\/cotedivoire\/parties\/appel-a-manifestations-convocation-du-porte-parole-du-pdci\",\"name\":\"Appel \u00e0 manifestations, convocation du porte-parole du PDCI - C\u00f4te d&#039;Ivoire\",\"isPartOf\":{\"@id\":\"https:\/\/www.africa-press.net\/cotedivoire\/#website\"},\"primaryImageOfPage\":{\"@id\":\"https:\/\/www.africa-press.net\/cotedivoire\/parties\/appel-a-manifestations-convocation-du-porte-parole-du-pdci#primaryimage\"},\"image\":{\"@id\":\"https:\/\/www.africa-press.net\/cotedivoire\/parties\/appel-a-manifestations-convocation-du-porte-parole-du-pdci#primaryimage\"},\"thumbnailUrl\":\"https:\/\/static.africa-press.net\/cote\/sites\/43\/2025\/04\/sm_1746030590.800533.jpg\",\"datePublished\":\"2025-04-30T19:12:14+00:00\",\"dateModified\":\"2025-05-02T19:02:19+00:00\",\"author\":{\"@id\":\"https:\/\/www.africa-press.net\/cotedivoire\/#\/schema\/person\/2b1cf3cd81a31e3cd26889ca66d677f1\"},\"description\":\"Le Parti De\u0301mocratique de Co\u0302te d\u2019Ivoire \u2013 Rassemblement De\u0301mocratique Africain (PDCI-RDA) a annonce\u0301 ce mardi 29 avril ...\",\"breadcrumb\":{\"@id\":\"https:\/\/www.africa-press.net\/cotedivoire\/parties\/appel-a-manifestations-convocation-du-porte-parole-du-pdci#breadcrumb\"},\"inLanguage\":\"fr-FR\",\"potentialAction\":[{\"@type\":\"ReadAction\",\"target\":[\"https:\/\/www.africa-press.net\/cotedivoire\/parties\/appel-a-manifestations-convocation-du-porte-parole-du-pdci\"]}]},{\"@type\":\"ImageObject\",\"inLanguage\":\"fr-FR\",\"@id\":\"https:\/\/www.africa-press.net\/cotedivoire\/parties\/appel-a-manifestations-convocation-du-porte-parole-du-pdci#primaryimage\",\"url\":\"https:\/\/static.africa-press.net\/cote\/sites\/43\/2025\/04\/sm_1746030590.800533.jpg\",\"contentUrl\":\"https:\/\/static.africa-press.net\/cote\/sites\/43\/2025\/04\/sm_1746030590.800533.jpg\",\"width\":720,\"height\":308,\"caption\":\"Appel \u00e0 manifestations, convocation du porte-parole du PDCI\"},{\"@type\":\"BreadcrumbList\",\"@id\":\"https:\/\/www.africa-press.net\/cotedivoire\/parties\/appel-a-manifestations-convocation-du-porte-parole-du-pdci#breadcrumb\",\"itemListElement\":[{\"@type\":\"ListItem\",\"position\":1,\"name\":\"Accueil\",\"item\":\"https:\/\/www.africa-press.net\/cotedivoire\/\"},{\"@type\":\"ListItem\",\"position\":2,\"name\":\"Appel \u00e0 manifestations, convocation du porte-parole du PDCI\"}]},{\"@type\":\"WebSite\",\"@id\":\"https:\/\/www.africa-press.net\/cotedivoire\/#website\",\"url\":\"https:\/\/www.africa-press.net\/cotedivoire\/\",\"name\":\"C\u00f4te d&#039;Ivoire\",\"description\":\"Just another Africa News Agency Sites site\",\"potentialAction\":[{\"@type\":\"SearchAction\",\"target\":{\"@type\":\"EntryPoint\",\"urlTemplate\":\"https:\/\/www.africa-press.net\/cotedivoire\/?s={search_term_string}\"},\"query-input\":{\"@type\":\"PropertyValueSpecification\",\"valueRequired\":true,\"valueName\":\"search_term_string\"}}],\"inLanguage\":\"fr-FR\"},{\"@type\":\"Person\",\"@id\":\"https:\/\/www.africa-press.net\/cotedivoire\/#\/schema\/person\/2b1cf3cd81a31e3cd26889ca66d677f1\",\"name\":\"cfeditorfr\"}]}<\/script>\n<!-- \/ Yoast SEO Premium plugin. -->","yoast_head_json":{"title":"Appel \u00e0 manifestations, convocation du porte-parole du PDCI - C\u00f4te d&#039;Ivoire","description":"Le Parti De\u0301mocratique de Co\u0302te d\u2019Ivoire \u2013 Rassemblement De\u0301mocratique Africain (PDCI-RDA) a annonce\u0301 ce mardi 29 avril ...","robots":{"index":"index","follow":"follow","max-snippet":"max-snippet:-1","max-image-preview":"max-image-preview:large","max-video-preview":"max-video-preview:-1"},"canonical":"https:\/\/www.africa-press.net\/cotedivoire\/parties\/appel-a-manifestations-convocation-du-porte-parole-du-pdci","og_locale":"fr_FR","og_type":"article","og_title":"Appel \u00e0 manifestations, convocation du porte-parole du PDCI","og_description":"Le Parti De\u0301mocratique de Co\u0302te d\u2019Ivoire \u2013 Rassemblement De\u0301mocratique Africain (PDCI-RDA) a annonce\u0301 ce mardi 29 avril ...","og_url":"https:\/\/www.africa-press.net\/cotedivoire\/parties\/appel-a-manifestations-convocation-du-porte-parole-du-pdci","og_site_name":"C\u00f4te d&#039;Ivoire","article_published_time":"2025-04-30T19:12:14+00:00","article_modified_time":"2025-05-02T19:02:19+00:00","og_image":[{"width":720,"height":308,"url":"https:\/\/static.africa-press.net\/cote\/sites\/43\/2025\/04\/sm_1746030590.800533.jpg","type":"image\/jpeg"}],"author":"cfeditorfr","twitter_card":"summary_large_image","twitter_misc":{"\u00c9crit par":"cfeditorfr","Dur\u00e9e de lecture estim\u00e9e":"3 minutes"},"schema":{"@context":"https:\/\/schema.org","@graph":[{"@type":"Article","@id":"https:\/\/www.africa-press.net\/cotedivoire\/parties\/appel-a-manifestations-convocation-du-porte-parole-du-pdci#article","isPartOf":{"@id":"https:\/\/www.africa-press.net\/cotedivoire\/parties\/appel-a-manifestations-convocation-du-porte-parole-du-pdci"},"author":{"name":"cfeditorfr","@id":"https:\/\/www.africa-press.net\/cotedivoire\/#\/schema\/person\/2b1cf3cd81a31e3cd26889ca66d677f1"},"headline":"Appel \u00e0 manifestations, convocation du porte-parole du PDCI","datePublished":"2025-04-30T19:12:14+00:00","dateModified":"2025-05-02T19:02:19+00:00","mainEntityOfPage":{"@id":"https:\/\/www.africa-press.net\/cotedivoire\/parties\/appel-a-manifestations-convocation-du-porte-parole-du-pdci"},"wordCount":443,"commentCount":0,"image":{"@id":"https:\/\/www.africa-press.net\/cotedivoire\/parties\/appel-a-manifestations-convocation-du-porte-parole-du-pdci#primaryimage"},"thumbnailUrl":"https:\/\/static.africa-press.net\/cote\/sites\/43\/2025\/04\/sm_1746030590.800533.jpg","keywords":["Bredoumy Souma\u00efla","convocation","C\u00d4TE D'IVOIRE","PDCI-RDA","Tidjane Thiam"],"articleSection":["Parties","Toutes les actualit\u00e9s"],"inLanguage":"fr-FR","potentialAction":[{"@type":"CommentAction","name":"Comment","target":["https:\/\/www.africa-press.net\/cotedivoire\/parties\/appel-a-manifestations-convocation-du-porte-parole-du-pdci#respond"]}]},{"@type":"WebPage","@id":"https:\/\/www.africa-press.net\/cotedivoire\/parties\/appel-a-manifestations-convocation-du-porte-parole-du-pdci","url":"https:\/\/www.africa-press.net\/cotedivoire\/parties\/appel-a-manifestations-convocation-du-porte-parole-du-pdci","name":"Appel \u00e0 manifestations, convocation du porte-parole du PDCI - C\u00f4te d&#039;Ivoire","isPartOf":{"@id":"https:\/\/www.africa-press.net\/cotedivoire\/#website"},"primaryImageOfPage":{"@id":"https:\/\/www.africa-press.net\/cotedivoire\/parties\/appel-a-manifestations-convocation-du-porte-parole-du-pdci#primaryimage"},"image":{"@id":"https:\/\/www.africa-press.net\/cotedivoire\/parties\/appel-a-manifestations-convocation-du-porte-parole-du-pdci#primaryimage"},"thumbnailUrl":"https:\/\/static.africa-press.net\/cote\/sites\/43\/2025\/04\/sm_1746030590.800533.jpg","datePublished":"2025-04-30T19:12:14+00:00","dateModified":"2025-05-02T19:02:19+00:00","author":{"@id":"https:\/\/www.africa-press.net\/cotedivoire\/#\/schema\/person\/2b1cf3cd81a31e3cd26889ca66d677f1"},"description":"Le Parti De\u0301mocratique de Co\u0302te d\u2019Ivoire \u2013 Rassemblement De\u0301mocratique Africain (PDCI-RDA) a annonce\u0301 ce mardi 29 avril ...","breadcrumb":{"@id":"https:\/\/www.africa-press.net\/cotedivoire\/parties\/appel-a-manifestations-convocation-du-porte-parole-du-pdci#breadcrumb"},"inLanguage":"fr-FR","potentialAction":[{"@type":"ReadAction","target":["https:\/\/www.africa-press.net\/cotedivoire\/parties\/appel-a-manifestations-convocation-du-porte-parole-du-pdci"]}]},{"@type":"ImageObject","inLanguage":"fr-FR","@id":"https:\/\/www.africa-press.net\/cotedivoire\/parties\/appel-a-manifestations-convocation-du-porte-parole-du-pdci#primaryimage","url":"https:\/\/static.africa-press.net\/cote\/sites\/43\/2025\/04\/sm_1746030590.800533.jpg","contentUrl":"https:\/\/static.africa-press.net\/cote\/sites\/43\/2025\/04\/sm_1746030590.800533.jpg","width":720,"height":308,"caption":"Appel \u00e0 manifestations, convocation du porte-parole du PDCI"},{"@type":"BreadcrumbList","@id":"https:\/\/www.africa-press.net\/cotedivoire\/parties\/appel-a-manifestations-convocation-du-porte-parole-du-pdci#breadcrumb","itemListElement":[{"@type":"ListItem","position":1,"name":"Accueil","item":"https:\/\/www.africa-press.net\/cotedivoire\/"},{"@type":"ListItem","position":2,"name":"Appel \u00e0 manifestations, convocation du porte-parole du PDCI"}]},{"@type":"WebSite","@id":"https:\/\/www.africa-press.net\/cotedivoire\/#website","url":"https:\/\/www.africa-press.net\/cotedivoire\/","name":"C\u00f4te d&#039;Ivoire","description":"Just another Africa News Agency Sites site","potentialAction":[{"@type":"SearchAction","target":{"@type":"EntryPoint","urlTemplate":"https:\/\/www.africa-press.net\/cotedivoire\/?s={search_term_string}"},"query-input":{"@type":"PropertyValueSpecification","valueRequired":true,"valueName":"search_term_string"}}],"inLanguage":"fr-FR"},{"@type":"Person","@id":"https:\/\/www.africa-press.net\/cotedivoire\/#\/schema\/person\/2b1cf3cd81a31e3cd26889ca66d677f1","name":"cfeditorfr"}]}},"_links":{"self":[{"href":"https:\/\/www.africa-press.net\/cotedivoire\/wp-json\/wp\/v2\/posts\/98271","targetHints":{"allow":["GET"]}}],"collection":[{"href":"https:\/\/www.africa-press.net\/cotedivoire\/wp-json\/wp\/v2\/posts"}],"about":[{"href":"https:\/\/www.africa-press.net\/cotedivoire\/wp-json\/wp\/v2\/types\/post"}],"author":[{"embeddable":true,"href":"https:\/\/www.africa-press.net\/cotedivoire\/wp-json\/wp\/v2\/users\/82"}],"replies":[{"embeddable":true,"href":"https:\/\/www.africa-press.net\/cotedivoire\/wp-json\/wp\/v2\/comments?post=98271"}],"version-history":[{"count":0,"href":"https:\/\/www.africa-press.net\/cotedivoire\/wp-json\/wp\/v2\/posts\/98271\/revisions"}],"wp:featuredmedia":[{"embeddable":true,"href":"https:\/\/www.africa-press.net\/cotedivoire\/wp-json\/wp\/v2\/media\/98270"}],"wp:attachment":[{"href":"https:\/\/www.africa-press.net\/cotedivoire\/wp-json\/wp\/v2\/media?parent=98271"}],"wp:term":[{"taxonomy":"category","embeddable":true,"href":"https:\/\/www.africa-press.net\/cotedivoire\/wp-json\/wp\/v2\/categories?post=98271"},{"taxonomy":"post_tag","embeddable":true,"href":"https:\/\/www.africa-press.net\/cotedivoire\/wp-json\/wp\/v2\/tags?post=98271"}],"curies":[{"name":"wp","href":"https:\/\/api.w.org\/{rel}","templated":true}]}}