{"id":98326,"date":"2025-04-30T19:19:26","date_gmt":"2025-04-30T19:19:26","guid":{"rendered":"https:\/\/www.africa-press.net\/cotedivoire\/politique\/apres-son-sacre-au-tournoi-challenger-atp-50-dabidjan-eliakim-coulibaly-recu-par-adama-bictogo"},"modified":"2025-05-02T19:12:50","modified_gmt":"2025-05-02T19:12:50","slug":"apres-son-sacre-au-tournoi-challenger-atp-50-dabidjan-eliakim-coulibaly-recu-par-adama-bictogo","status":"publish","type":"post","link":"https:\/\/www.africa-press.net\/cotedivoire\/sports\/apres-son-sacre-au-tournoi-challenger-atp-50-dabidjan-eliakim-coulibaly-recu-par-adama-bictogo","title":{"rendered":"Apr\u00e8s son sacre au tournoi Challenger ATP 50 d&rsquo;Abidjan, Eliakim Coulibaly re\u00e7u par Adama Bictogo"},"content":{"rendered":"<p><span style=\"color: #ff6600\"><strong>Africa-Press &#8211; C\u00f4te d&rsquo;Ivoire. <\/strong><\/span>Le Pre\u0301sident de l\u2019Assemble\u0301e nationale, Adama Bictogo, a eu l\u2019honneur de recevoir Eliakim Coulibaly, le talentueux tennisman ivoirien qui a re\u0301cemment triomphe\u0301 au tournoi Challenger ATP 50 de l\u2019Afrique de l\u2019Ouest, organise\u0301 a\u0300 Abidjan. Ce sacre historique a permis au jeune champion de pre\u0301senter avec fierte\u0301 son trophe\u0301e au Pre\u0301sident de la Chambre basse du Parlement ivoirien.<\/p>\n<p>Accompagne\u0301 d\u2019une de\u0301le\u0301gation de la Fe\u0301de\u0301ration Ivoirienne de Tennis (FIT), dirige\u0301e par son pre\u0301sident, Me Sylve\u0300re Koyo, Eliakim Coulibaly a eu l\u2019occasion de mettre en avant sa performance exceptionnelle sur la sce\u0300ne tennistique continentale. Me Koyo a exprime\u0301 sa fierte\u0301 et son enthousiasme face a\u0300 cette victoire, qui a vu s\u2019affronter 60 joueurs venus de 28 pays, dont les E\u0301tats-Unis, la Tunisie et l\u2019Inde.<\/p>\n<p>E\u0301mu par cet accueil, Eliakim Coulibaly a partage\u0301 ses impressions sur cette expe\u0301rience me\u0301morable: \u00ab C\u2019e\u0301tait une tre\u0300s belle expe\u0301rience et je suis fier de moi. Bien su\u0302r, il y a eu des difficulte\u0301s. Jouer a\u0300 domicile, devant son public, avec toute la pression que cela implique, n\u2019est jamais facile. Mais en tant qu\u2019athle\u0300te, on s\u2019y pre\u0301pare chaque jour. J\u2019ai su surmonter ces obstacles et remporter le tournoi. \u00bb<\/p>\n<p>Le champion ivoirien a e\u0301galement souligne\u0301 l\u2019importance de sa pre\u0301paration et du soutien qu\u2019il a rec\u0327u: \u00ab Je me suis pre\u0301pare\u0301 a\u0300 Nice, a\u0300 la Muratoglou Tennis Academy, et j\u2019ai be\u0301ne\u0301ficie\u0301 de l\u2019appui du coach national. Cet encadrement m\u2019a permis de remporter ce titre. \u00bb<\/p>\n<p>En e\u0301voquant ses ambitions futures, Eliakim Coulibaly a de\u0301clare\u0301: \u00ab Apre\u0300s une phase de re\u0301cupe\u0301ration, je reprendrai l\u2019entrai\u0302nement pour me pre\u0301parer aux prochaines e\u0301che\u0301ances, tant physiquement que mentalement, avec mon coach. Mon objectif est de continuer a\u0300 faire honneur a\u0300 la Co\u0302te d\u2019Ivoire. \u00bb<\/p>\n<p>Dans un appel since\u0300re, le vainqueur du Challenger ATP 50 a sollicite\u0301 un soutien accru des autorite\u0301s nationales: \u00ab Je lance un appel aux autorite\u0301s ivoiriennes pour un appui financier, indispensable a\u0300 la poursuite de ma carrie\u0300re et au de\u0301veloppement du tennis ivoirien. Je suis en pleine forme, et avec un accompagnement approprie\u0301, je suis convaincu de pouvoir atteindre mes objectifs et porter haut les couleurs de notre pays. \u00bb<\/p>\n<p>Cette rencontre entre Eliakim Coulibaly et le Pre\u0301sident de l\u2019Assemble\u0301e nationale souligne l\u2019importance du sport dans la promotion de l\u2019identite\u0301 nationale et le soutien ne\u0301cessaire aux athle\u0300tes pour qu\u2019ils puissent continuer a\u0300 briller sur la sce\u0300ne internationale.<\/p>\n<p><strong>Pour plus d&rsquo;informations et d&rsquo;analyses sur la <span style=\"color: #ff6600\">C\u00f4te d&rsquo;Ivoire<\/span>, suivez <span style=\"color: #ff6600\">Africa-Press<\/span><\/strong><\/p>\n","protected":false},"excerpt":{"rendered":"<p>Africa-Press &#8211; C\u00f4te d&rsquo;Ivoire. Le Pre\u0301sident de l\u2019Assemble\u0301e nationale, Adama Bictogo, a eu l\u2019honneur de recevoir Eliakim Coulibaly, le talentueux tennisman ivoirien qui a re\u0301cemment triomphe\u0301 au tournoi Challenger ATP 50 de l\u2019Afrique de l\u2019Ouest, organise\u0301 a\u0300 Abidjan. Ce sacre historique a permis au jeune champion de pre\u0301senter avec fierte\u0301 son trophe\u0301e au Pre\u0301sident de [&hellip;]<\/p>\n","protected":false},"author":82,"featured_media":98325,"comment_status":"open","ping_status":"closed","sticky":false,"template":"","format":"standard","meta":{"footnotes":""},"categories":[6,10],"tags":[30,1265,17542,17541,29,17543,12562,1188],"class_list":["post-98326","post","type-post","status-publish","format-standard","has-post-thumbnail","hentry","category-sports","category-toutes-les-actualites","tag-abidjan","tag-adama-bictogo","tag-atp-50","tag-challenger","tag-cote-divoire","tag-eliakim-coulibaly","tag-sacre","tag-tournoi"],"yoast_head":"<!-- This site is optimized with the Yoast SEO Premium plugin v26.1 (Yoast SEO v27.0) - https:\/\/yoast.com\/product\/yoast-seo-premium-wordpress\/ -->\n<title>Apr\u00e8s son sacre au tournoi Challenger ATP 50 d&#039;Abidjan, Eliakim Coulibaly re\u00e7u par Adama Bictogo - C\u00f4te d&#039;Ivoire<\/title>\n<meta name=\"description\" content=\"Le Pre\u0301sident de l\u2019Assemble\u0301e nationale, Adama Bictogo, a eu l\u2019honneur de recevoir Eliakim Coulibaly, le talentueux tenn ...\" \/>\n<meta name=\"robots\" content=\"index, follow, max-snippet:-1, max-image-preview:large, max-video-preview:-1\" \/>\n<link rel=\"canonical\" href=\"https:\/\/www.africa-press.net\/cotedivoire\/sports\/apres-son-sacre-au-tournoi-challenger-atp-50-dabidjan-eliakim-coulibaly-recu-par-adama-bictogo\" \/>\n<meta property=\"og:locale\" content=\"fr_FR\" \/>\n<meta property=\"og:type\" content=\"article\" \/>\n<meta property=\"og:title\" content=\"Apr\u00e8s son sacre au tournoi Challenger ATP 50 d&#039;Abidjan, Eliakim Coulibaly re\u00e7u par Adama Bictogo\" \/>\n<meta property=\"og:description\" content=\"Le Pre\u0301sident de l\u2019Assemble\u0301e nationale, Adama Bictogo, a eu l\u2019honneur de recevoir Eliakim Coulibaly, le talentueux tenn ...\" \/>\n<meta property=\"og:url\" content=\"https:\/\/www.africa-press.net\/cotedivoire\/sports\/apres-son-sacre-au-tournoi-challenger-atp-50-dabidjan-eliakim-coulibaly-recu-par-adama-bictogo\" \/>\n<meta property=\"og:site_name\" content=\"C\u00f4te d&#039;Ivoire\" \/>\n<meta property=\"article:published_time\" content=\"2025-04-30T19:19:26+00:00\" \/>\n<meta property=\"article:modified_time\" content=\"2025-05-02T19:12:50+00:00\" \/>\n<meta property=\"og:image\" content=\"https:\/\/static.africa-press.net\/cote\/sites\/43\/2025\/04\/sm_1746034125.803764.jpg\" \/>\n\t<meta property=\"og:image:width\" content=\"720\" \/>\n\t<meta property=\"og:image:height\" content=\"480\" \/>\n\t<meta property=\"og:image:type\" content=\"image\/jpeg\" \/>\n<meta name=\"author\" content=\"cfeditorfr\" \/>\n<meta name=\"twitter:card\" content=\"summary_large_image\" \/>\n<meta name=\"twitter:label1\" content=\"\u00c9crit par\" \/>\n\t<meta name=\"twitter:data1\" content=\"cfeditorfr\" \/>\n\t<meta name=\"twitter:label2\" content=\"Dur\u00e9e de lecture estim\u00e9e\" \/>\n\t<meta name=\"twitter:data2\" content=\"2 minutes\" \/>\n<script type=\"application\/ld+json\" class=\"yoast-schema-graph\">{\"@context\":\"https:\/\/schema.org\",\"@graph\":[{\"@type\":\"Article\",\"@id\":\"https:\/\/www.africa-press.net\/cotedivoire\/sports\/apres-son-sacre-au-tournoi-challenger-atp-50-dabidjan-eliakim-coulibaly-recu-par-adama-bictogo#article\",\"isPartOf\":{\"@id\":\"https:\/\/www.africa-press.net\/cotedivoire\/sports\/apres-son-sacre-au-tournoi-challenger-atp-50-dabidjan-eliakim-coulibaly-recu-par-adama-bictogo\"},\"author\":{\"name\":\"cfeditorfr\",\"@id\":\"https:\/\/www.africa-press.net\/cotedivoire\/#\/schema\/person\/2b1cf3cd81a31e3cd26889ca66d677f1\"},\"headline\":\"Apr\u00e8s son sacre au tournoi Challenger ATP 50 d&rsquo;Abidjan, Eliakim Coulibaly re\u00e7u par Adama Bictogo\",\"datePublished\":\"2025-04-30T19:19:26+00:00\",\"dateModified\":\"2025-05-02T19:12:50+00:00\",\"mainEntityOfPage\":{\"@id\":\"https:\/\/www.africa-press.net\/cotedivoire\/sports\/apres-son-sacre-au-tournoi-challenger-atp-50-dabidjan-eliakim-coulibaly-recu-par-adama-bictogo\"},\"wordCount\":487,\"commentCount\":0,\"image\":{\"@id\":\"https:\/\/www.africa-press.net\/cotedivoire\/sports\/apres-son-sacre-au-tournoi-challenger-atp-50-dabidjan-eliakim-coulibaly-recu-par-adama-bictogo#primaryimage\"},\"thumbnailUrl\":\"https:\/\/static.africa-press.net\/cote\/sites\/43\/2025\/04\/sm_1746034125.803764.jpg\",\"keywords\":[\"Abidjan\",\"Adama Bictogo\",\"ATP 50\",\"Challenger\",\"C\u00d4TE D'IVOIRE\",\"Eliakim Coulibaly\",\"sacre\",\"tournoi\"],\"articleSection\":[\"Sports\",\"Toutes les actualit\u00e9s\"],\"inLanguage\":\"fr-FR\",\"potentialAction\":[{\"@type\":\"CommentAction\",\"name\":\"Comment\",\"target\":[\"https:\/\/www.africa-press.net\/cotedivoire\/sports\/apres-son-sacre-au-tournoi-challenger-atp-50-dabidjan-eliakim-coulibaly-recu-par-adama-bictogo#respond\"]}]},{\"@type\":\"WebPage\",\"@id\":\"https:\/\/www.africa-press.net\/cotedivoire\/sports\/apres-son-sacre-au-tournoi-challenger-atp-50-dabidjan-eliakim-coulibaly-recu-par-adama-bictogo\",\"url\":\"https:\/\/www.africa-press.net\/cotedivoire\/sports\/apres-son-sacre-au-tournoi-challenger-atp-50-dabidjan-eliakim-coulibaly-recu-par-adama-bictogo\",\"name\":\"Apr\u00e8s son sacre au tournoi Challenger ATP 50 d'Abidjan, Eliakim Coulibaly re\u00e7u par Adama Bictogo - C\u00f4te d&#039;Ivoire\",\"isPartOf\":{\"@id\":\"https:\/\/www.africa-press.net\/cotedivoire\/#website\"},\"primaryImageOfPage\":{\"@id\":\"https:\/\/www.africa-press.net\/cotedivoire\/sports\/apres-son-sacre-au-tournoi-challenger-atp-50-dabidjan-eliakim-coulibaly-recu-par-adama-bictogo#primaryimage\"},\"image\":{\"@id\":\"https:\/\/www.africa-press.net\/cotedivoire\/sports\/apres-son-sacre-au-tournoi-challenger-atp-50-dabidjan-eliakim-coulibaly-recu-par-adama-bictogo#primaryimage\"},\"thumbnailUrl\":\"https:\/\/static.africa-press.net\/cote\/sites\/43\/2025\/04\/sm_1746034125.803764.jpg\",\"datePublished\":\"2025-04-30T19:19:26+00:00\",\"dateModified\":\"2025-05-02T19:12:50+00:00\",\"author\":{\"@id\":\"https:\/\/www.africa-press.net\/cotedivoire\/#\/schema\/person\/2b1cf3cd81a31e3cd26889ca66d677f1\"},\"description\":\"Le Pre\u0301sident de l\u2019Assemble\u0301e nationale, Adama Bictogo, a eu l\u2019honneur de recevoir Eliakim Coulibaly, le talentueux tenn ...\",\"breadcrumb\":{\"@id\":\"https:\/\/www.africa-press.net\/cotedivoire\/sports\/apres-son-sacre-au-tournoi-challenger-atp-50-dabidjan-eliakim-coulibaly-recu-par-adama-bictogo#breadcrumb\"},\"inLanguage\":\"fr-FR\",\"potentialAction\":[{\"@type\":\"ReadAction\",\"target\":[\"https:\/\/www.africa-press.net\/cotedivoire\/sports\/apres-son-sacre-au-tournoi-challenger-atp-50-dabidjan-eliakim-coulibaly-recu-par-adama-bictogo\"]}]},{\"@type\":\"ImageObject\",\"inLanguage\":\"fr-FR\",\"@id\":\"https:\/\/www.africa-press.net\/cotedivoire\/sports\/apres-son-sacre-au-tournoi-challenger-atp-50-dabidjan-eliakim-coulibaly-recu-par-adama-bictogo#primaryimage\",\"url\":\"https:\/\/static.africa-press.net\/cote\/sites\/43\/2025\/04\/sm_1746034125.803764.jpg\",\"contentUrl\":\"https:\/\/static.africa-press.net\/cote\/sites\/43\/2025\/04\/sm_1746034125.803764.jpg\",\"width\":720,\"height\":480,\"caption\":\"Apr\u00e8s son sacre au tournoi Challenger ATP 50 d'Abidjan, Eliakim Coulibaly re\u00e7u par Adama Bictogo\"},{\"@type\":\"BreadcrumbList\",\"@id\":\"https:\/\/www.africa-press.net\/cotedivoire\/sports\/apres-son-sacre-au-tournoi-challenger-atp-50-dabidjan-eliakim-coulibaly-recu-par-adama-bictogo#breadcrumb\",\"itemListElement\":[{\"@type\":\"ListItem\",\"position\":1,\"name\":\"Accueil\",\"item\":\"https:\/\/www.africa-press.net\/cotedivoire\/\"},{\"@type\":\"ListItem\",\"position\":2,\"name\":\"Apr\u00e8s son sacre au tournoi Challenger ATP 50 d&rsquo;Abidjan, Eliakim Coulibaly re\u00e7u par Adama Bictogo\"}]},{\"@type\":\"WebSite\",\"@id\":\"https:\/\/www.africa-press.net\/cotedivoire\/#website\",\"url\":\"https:\/\/www.africa-press.net\/cotedivoire\/\",\"name\":\"C\u00f4te d&#039;Ivoire\",\"description\":\"Just another Africa News Agency Sites site\",\"potentialAction\":[{\"@type\":\"SearchAction\",\"target\":{\"@type\":\"EntryPoint\",\"urlTemplate\":\"https:\/\/www.africa-press.net\/cotedivoire\/?s={search_term_string}\"},\"query-input\":{\"@type\":\"PropertyValueSpecification\",\"valueRequired\":true,\"valueName\":\"search_term_string\"}}],\"inLanguage\":\"fr-FR\"},{\"@type\":\"Person\",\"@id\":\"https:\/\/www.africa-press.net\/cotedivoire\/#\/schema\/person\/2b1cf3cd81a31e3cd26889ca66d677f1\",\"name\":\"cfeditorfr\"}]}<\/script>\n<!-- \/ Yoast SEO Premium plugin. -->","yoast_head_json":{"title":"Apr\u00e8s son sacre au tournoi Challenger ATP 50 d'Abidjan, Eliakim Coulibaly re\u00e7u par Adama Bictogo - C\u00f4te d&#039;Ivoire","description":"Le Pre\u0301sident de l\u2019Assemble\u0301e nationale, Adama Bictogo, a eu l\u2019honneur de recevoir Eliakim Coulibaly, le talentueux tenn ...","robots":{"index":"index","follow":"follow","max-snippet":"max-snippet:-1","max-image-preview":"max-image-preview:large","max-video-preview":"max-video-preview:-1"},"canonical":"https:\/\/www.africa-press.net\/cotedivoire\/sports\/apres-son-sacre-au-tournoi-challenger-atp-50-dabidjan-eliakim-coulibaly-recu-par-adama-bictogo","og_locale":"fr_FR","og_type":"article","og_title":"Apr\u00e8s son sacre au tournoi Challenger ATP 50 d'Abidjan, Eliakim Coulibaly re\u00e7u par Adama Bictogo","og_description":"Le Pre\u0301sident de l\u2019Assemble\u0301e nationale, Adama Bictogo, a eu l\u2019honneur de recevoir Eliakim Coulibaly, le talentueux tenn ...","og_url":"https:\/\/www.africa-press.net\/cotedivoire\/sports\/apres-son-sacre-au-tournoi-challenger-atp-50-dabidjan-eliakim-coulibaly-recu-par-adama-bictogo","og_site_name":"C\u00f4te d&#039;Ivoire","article_published_time":"2025-04-30T19:19:26+00:00","article_modified_time":"2025-05-02T19:12:50+00:00","og_image":[{"width":720,"height":480,"url":"https:\/\/static.africa-press.net\/cote\/sites\/43\/2025\/04\/sm_1746034125.803764.jpg","type":"image\/jpeg"}],"author":"cfeditorfr","twitter_card":"summary_large_image","twitter_misc":{"\u00c9crit par":"cfeditorfr","Dur\u00e9e de lecture estim\u00e9e":"2 minutes"},"schema":{"@context":"https:\/\/schema.org","@graph":[{"@type":"Article","@id":"https:\/\/www.africa-press.net\/cotedivoire\/sports\/apres-son-sacre-au-tournoi-challenger-atp-50-dabidjan-eliakim-coulibaly-recu-par-adama-bictogo#article","isPartOf":{"@id":"https:\/\/www.africa-press.net\/cotedivoire\/sports\/apres-son-sacre-au-tournoi-challenger-atp-50-dabidjan-eliakim-coulibaly-recu-par-adama-bictogo"},"author":{"name":"cfeditorfr","@id":"https:\/\/www.africa-press.net\/cotedivoire\/#\/schema\/person\/2b1cf3cd81a31e3cd26889ca66d677f1"},"headline":"Apr\u00e8s son sacre au tournoi Challenger ATP 50 d&rsquo;Abidjan, Eliakim Coulibaly re\u00e7u par Adama Bictogo","datePublished":"2025-04-30T19:19:26+00:00","dateModified":"2025-05-02T19:12:50+00:00","mainEntityOfPage":{"@id":"https:\/\/www.africa-press.net\/cotedivoire\/sports\/apres-son-sacre-au-tournoi-challenger-atp-50-dabidjan-eliakim-coulibaly-recu-par-adama-bictogo"},"wordCount":487,"commentCount":0,"image":{"@id":"https:\/\/www.africa-press.net\/cotedivoire\/sports\/apres-son-sacre-au-tournoi-challenger-atp-50-dabidjan-eliakim-coulibaly-recu-par-adama-bictogo#primaryimage"},"thumbnailUrl":"https:\/\/static.africa-press.net\/cote\/sites\/43\/2025\/04\/sm_1746034125.803764.jpg","keywords":["Abidjan","Adama Bictogo","ATP 50","Challenger","C\u00d4TE D'IVOIRE","Eliakim Coulibaly","sacre","tournoi"],"articleSection":["Sports","Toutes les actualit\u00e9s"],"inLanguage":"fr-FR","potentialAction":[{"@type":"CommentAction","name":"Comment","target":["https:\/\/www.africa-press.net\/cotedivoire\/sports\/apres-son-sacre-au-tournoi-challenger-atp-50-dabidjan-eliakim-coulibaly-recu-par-adama-bictogo#respond"]}]},{"@type":"WebPage","@id":"https:\/\/www.africa-press.net\/cotedivoire\/sports\/apres-son-sacre-au-tournoi-challenger-atp-50-dabidjan-eliakim-coulibaly-recu-par-adama-bictogo","url":"https:\/\/www.africa-press.net\/cotedivoire\/sports\/apres-son-sacre-au-tournoi-challenger-atp-50-dabidjan-eliakim-coulibaly-recu-par-adama-bictogo","name":"Apr\u00e8s son sacre au tournoi Challenger ATP 50 d'Abidjan, Eliakim Coulibaly re\u00e7u par Adama Bictogo - C\u00f4te d&#039;Ivoire","isPartOf":{"@id":"https:\/\/www.africa-press.net\/cotedivoire\/#website"},"primaryImageOfPage":{"@id":"https:\/\/www.africa-press.net\/cotedivoire\/sports\/apres-son-sacre-au-tournoi-challenger-atp-50-dabidjan-eliakim-coulibaly-recu-par-adama-bictogo#primaryimage"},"image":{"@id":"https:\/\/www.africa-press.net\/cotedivoire\/sports\/apres-son-sacre-au-tournoi-challenger-atp-50-dabidjan-eliakim-coulibaly-recu-par-adama-bictogo#primaryimage"},"thumbnailUrl":"https:\/\/static.africa-press.net\/cote\/sites\/43\/2025\/04\/sm_1746034125.803764.jpg","datePublished":"2025-04-30T19:19:26+00:00","dateModified":"2025-05-02T19:12:50+00:00","author":{"@id":"https:\/\/www.africa-press.net\/cotedivoire\/#\/schema\/person\/2b1cf3cd81a31e3cd26889ca66d677f1"},"description":"Le Pre\u0301sident de l\u2019Assemble\u0301e nationale, Adama Bictogo, a eu l\u2019honneur de recevoir Eliakim Coulibaly, le talentueux tenn ...","breadcrumb":{"@id":"https:\/\/www.africa-press.net\/cotedivoire\/sports\/apres-son-sacre-au-tournoi-challenger-atp-50-dabidjan-eliakim-coulibaly-recu-par-adama-bictogo#breadcrumb"},"inLanguage":"fr-FR","potentialAction":[{"@type":"ReadAction","target":["https:\/\/www.africa-press.net\/cotedivoire\/sports\/apres-son-sacre-au-tournoi-challenger-atp-50-dabidjan-eliakim-coulibaly-recu-par-adama-bictogo"]}]},{"@type":"ImageObject","inLanguage":"fr-FR","@id":"https:\/\/www.africa-press.net\/cotedivoire\/sports\/apres-son-sacre-au-tournoi-challenger-atp-50-dabidjan-eliakim-coulibaly-recu-par-adama-bictogo#primaryimage","url":"https:\/\/static.africa-press.net\/cote\/sites\/43\/2025\/04\/sm_1746034125.803764.jpg","contentUrl":"https:\/\/static.africa-press.net\/cote\/sites\/43\/2025\/04\/sm_1746034125.803764.jpg","width":720,"height":480,"caption":"Apr\u00e8s son sacre au tournoi Challenger ATP 50 d'Abidjan, Eliakim Coulibaly re\u00e7u par Adama Bictogo"},{"@type":"BreadcrumbList","@id":"https:\/\/www.africa-press.net\/cotedivoire\/sports\/apres-son-sacre-au-tournoi-challenger-atp-50-dabidjan-eliakim-coulibaly-recu-par-adama-bictogo#breadcrumb","itemListElement":[{"@type":"ListItem","position":1,"name":"Accueil","item":"https:\/\/www.africa-press.net\/cotedivoire\/"},{"@type":"ListItem","position":2,"name":"Apr\u00e8s son sacre au tournoi Challenger ATP 50 d&rsquo;Abidjan, Eliakim Coulibaly re\u00e7u par Adama Bictogo"}]},{"@type":"WebSite","@id":"https:\/\/www.africa-press.net\/cotedivoire\/#website","url":"https:\/\/www.africa-press.net\/cotedivoire\/","name":"C\u00f4te d&#039;Ivoire","description":"Just another Africa News Agency Sites site","potentialAction":[{"@type":"SearchAction","target":{"@type":"EntryPoint","urlTemplate":"https:\/\/www.africa-press.net\/cotedivoire\/?s={search_term_string}"},"query-input":{"@type":"PropertyValueSpecification","valueRequired":true,"valueName":"search_term_string"}}],"inLanguage":"fr-FR"},{"@type":"Person","@id":"https:\/\/www.africa-press.net\/cotedivoire\/#\/schema\/person\/2b1cf3cd81a31e3cd26889ca66d677f1","name":"cfeditorfr"}]}},"_links":{"self":[{"href":"https:\/\/www.africa-press.net\/cotedivoire\/wp-json\/wp\/v2\/posts\/98326","targetHints":{"allow":["GET"]}}],"collection":[{"href":"https:\/\/www.africa-press.net\/cotedivoire\/wp-json\/wp\/v2\/posts"}],"about":[{"href":"https:\/\/www.africa-press.net\/cotedivoire\/wp-json\/wp\/v2\/types\/post"}],"author":[{"embeddable":true,"href":"https:\/\/www.africa-press.net\/cotedivoire\/wp-json\/wp\/v2\/users\/82"}],"replies":[{"embeddable":true,"href":"https:\/\/www.africa-press.net\/cotedivoire\/wp-json\/wp\/v2\/comments?post=98326"}],"version-history":[{"count":0,"href":"https:\/\/www.africa-press.net\/cotedivoire\/wp-json\/wp\/v2\/posts\/98326\/revisions"}],"wp:featuredmedia":[{"embeddable":true,"href":"https:\/\/www.africa-press.net\/cotedivoire\/wp-json\/wp\/v2\/media\/98325"}],"wp:attachment":[{"href":"https:\/\/www.africa-press.net\/cotedivoire\/wp-json\/wp\/v2\/media?parent=98326"}],"wp:term":[{"taxonomy":"category","embeddable":true,"href":"https:\/\/www.africa-press.net\/cotedivoire\/wp-json\/wp\/v2\/categories?post=98326"},{"taxonomy":"post_tag","embeddable":true,"href":"https:\/\/www.africa-press.net\/cotedivoire\/wp-json\/wp\/v2\/tags?post=98326"}],"curies":[{"name":"wp","href":"https:\/\/api.w.org\/{rel}","templated":true}]}}