{"id":9834,"date":"2021-07-08T12:36:15","date_gmt":"2021-07-08T12:36:15","guid":{"rendered":"https:\/\/www.africa-press.net\/cotedivoire\/?p=9834"},"modified":"2021-07-08T20:28:26","modified_gmt":"2021-07-08T20:28:26","slug":"attaques-terroristes-en-cote-divoire-sept-mauritaniens-interroges","status":"publish","type":"post","link":"https:\/\/www.africa-press.net\/cotedivoire\/politique\/attaques-terroristes-en-cote-divoire-sept-mauritaniens-interroges","title":{"rendered":"Attaques terroristes en C\u00f4te d\u2019Ivoire\u00a0: sept Mauritaniens interrog\u00e9s"},"content":{"rendered":"<p><span style=\"color: #ff6600\"><strong><a href=\"https:\/\/www.africa-press.net\/\">Africa-Press<\/a> &#8211; <a href=\"https:\/\/www.africa-press.net\/cotedivoire\">C\u00f4te d&rsquo;Ivoire<\/a>. <\/strong><\/span>Les services de renseignement ivoiriens progressent dans leurs enqu\u00eates sur les attaques terroristes ayant vis\u00e9 les bases de Kafolo et de Doropo. Selon nos informations, les autorit\u00e9s ivoiriennes ont \u00e9tabli avec certitude que des groupes salafistes mauritaniens \u00e9taient impliqu\u00e9s dans ces attaques. Cinq ressortissants de ce pays ont \u00e9t\u00e9 arr\u00eat\u00e9s pour leur implication pr\u00e9sum\u00e9e dans celle de juin 2020 \u00e0 Kafolo, ayant caus\u00e9 la mort de 14 soldats ivoiriens.<\/p>\n<p>Le 7 juillet, Richard Adou, le procureur de la R\u00e9publique d\u2019Abidjan, a fait savoir par communiqu\u00e9 qu\u2019ils avaient \u00ab tous \u00e9t\u00e9 lib\u00e9r\u00e9s \u00bb, \u00ab les investigations n\u2019ayant fourni aucune donn\u00e9e d\u00e9montrant [leur] implication \u00bb, sans toutefois pr\u00e9ciser de date. Le minist\u00e8re mauritanien des Affaires \u00e9trang\u00e8res a fait savoir \u00e0 Jeune Afrique que cette lib\u00e9ration a eu lieu \u00ab le 22 juin, soit deux jours apr\u00e8s leur interpellation \u00bb et que les suspects ont \u00e9t\u00e9 \u00ab imm\u00e9diatement blanchis. \u00bb *<\/p>\n<p><b>\u00a0<\/b><\/p>\n","protected":false},"excerpt":{"rendered":"<p>Africa-Press &#8211; C\u00f4te d&rsquo;Ivoire. Les services de renseignement ivoiriens progressent dans leurs enqu\u00eates sur les attaques terroristes ayant vis\u00e9 les bases de Kafolo et de Doropo. Selon nos informations, les autorit\u00e9s ivoiriennes ont \u00e9tabli avec certitude que des groupes salafistes mauritaniens \u00e9taient impliqu\u00e9s dans ces attaques. Cinq ressortissants de ce pays ont \u00e9t\u00e9 arr\u00eat\u00e9s pour [&hellip;]<\/p>\n","protected":false},"author":82,"featured_media":9833,"comment_status":"open","ping_status":"closed","sticky":false,"template":"","format":"standard","meta":{"footnotes":""},"categories":[11,2,20,10],"tags":[56,63,29],"class_list":["post-9834","post","type-post","status-publish","format-standard","has-post-thumbnail","hentry","category-homepage-french","category-politique","category-top-nouvelles","category-toutes-les-actualites","tag-africa-press","tag-africa-press-cote-divoire","tag-cote-divoire"],"yoast_head":"<!-- This site is optimized with the Yoast SEO Premium plugin v26.1 (Yoast SEO v27.0) - https:\/\/yoast.com\/product\/yoast-seo-premium-wordpress\/ -->\n<title>Attaques terroristes en C\u00f4te d\u2019Ivoire\u00a0: sept Mauritaniens interrog\u00e9s - C\u00f4te d&#039;Ivoire<\/title>\n<meta name=\"description\" content=\"Les services de renseignement ivoiriens progressent dans leurs enqu\u00eates sur les attaques terroristes ayant vis\u00e9 les base ...\" \/>\n<meta name=\"robots\" content=\"index, follow, max-snippet:-1, max-image-preview:large, max-video-preview:-1\" \/>\n<link rel=\"canonical\" href=\"https:\/\/www.africa-press.net\/cotedivoire\/politique\/attaques-terroristes-en-cote-divoire-sept-mauritaniens-interroges\" \/>\n<meta property=\"og:locale\" content=\"fr_FR\" \/>\n<meta property=\"og:type\" content=\"article\" \/>\n<meta property=\"og:title\" content=\"Attaques terroristes en C\u00f4te d\u2019Ivoire\u00a0: sept Mauritaniens interrog\u00e9s\" \/>\n<meta property=\"og:description\" content=\"Les services de renseignement ivoiriens progressent dans leurs enqu\u00eates sur les attaques terroristes ayant vis\u00e9 les base ...\" \/>\n<meta property=\"og:url\" content=\"https:\/\/www.africa-press.net\/cotedivoire\/politique\/attaques-terroristes-en-cote-divoire-sept-mauritaniens-interroges\" \/>\n<meta property=\"og:site_name\" content=\"C\u00f4te d&#039;Ivoire\" \/>\n<meta property=\"article:published_time\" content=\"2021-07-08T12:36:15+00:00\" \/>\n<meta property=\"article:modified_time\" content=\"2021-07-08T20:28:26+00:00\" \/>\n<meta property=\"og:image\" content=\"https:\/\/static.africa-press.net\/cote\/sites\/43\/2021\/07\/img-60e6e88358e8e.jpg\" \/>\n\t<meta property=\"og:image:width\" content=\"720\" \/>\n\t<meta property=\"og:image:height\" content=\"360\" \/>\n\t<meta property=\"og:image:type\" content=\"image\/jpeg\" \/>\n<meta name=\"author\" content=\"cfeditorfr\" \/>\n<meta name=\"twitter:card\" content=\"summary_large_image\" \/>\n<meta name=\"twitter:label1\" content=\"\u00c9crit par\" \/>\n\t<meta name=\"twitter:data1\" content=\"cfeditorfr\" \/>\n\t<meta name=\"twitter:label2\" content=\"Dur\u00e9e de lecture estim\u00e9e\" \/>\n\t<meta name=\"twitter:data2\" content=\"1 minute\" \/>\n<script type=\"application\/ld+json\" class=\"yoast-schema-graph\">{\"@context\":\"https:\/\/schema.org\",\"@graph\":[{\"@type\":\"Article\",\"@id\":\"https:\/\/www.africa-press.net\/cotedivoire\/politique\/attaques-terroristes-en-cote-divoire-sept-mauritaniens-interroges#article\",\"isPartOf\":{\"@id\":\"https:\/\/www.africa-press.net\/cotedivoire\/politique\/attaques-terroristes-en-cote-divoire-sept-mauritaniens-interroges\"},\"author\":{\"name\":\"cfeditorfr\",\"@id\":\"https:\/\/www.africa-press.net\/cotedivoire\/#\/schema\/person\/2b1cf3cd81a31e3cd26889ca66d677f1\"},\"headline\":\"Attaques terroristes en C\u00f4te d\u2019Ivoire\u00a0: sept Mauritaniens interrog\u00e9s\",\"datePublished\":\"2021-07-08T12:36:15+00:00\",\"dateModified\":\"2021-07-08T20:28:26+00:00\",\"mainEntityOfPage\":{\"@id\":\"https:\/\/www.africa-press.net\/cotedivoire\/politique\/attaques-terroristes-en-cote-divoire-sept-mauritaniens-interroges\"},\"wordCount\":171,\"commentCount\":0,\"image\":{\"@id\":\"https:\/\/www.africa-press.net\/cotedivoire\/politique\/attaques-terroristes-en-cote-divoire-sept-mauritaniens-interroges#primaryimage\"},\"thumbnailUrl\":\"https:\/\/static.africa-press.net\/cote\/sites\/43\/2021\/07\/img-60e6e88358e8e.jpg\",\"keywords\":[\"Africa Press\",\"Africa Press-C\u00f4te d'Ivoire\",\"C\u00d4TE D'IVOIRE\"],\"articleSection\":[\"homepage-french\",\"Politique\",\"Top Nouvelles\",\"Toutes les actualit\u00e9s\"],\"inLanguage\":\"fr-FR\",\"potentialAction\":[{\"@type\":\"CommentAction\",\"name\":\"Comment\",\"target\":[\"https:\/\/www.africa-press.net\/cotedivoire\/politique\/attaques-terroristes-en-cote-divoire-sept-mauritaniens-interroges#respond\"]}]},{\"@type\":\"WebPage\",\"@id\":\"https:\/\/www.africa-press.net\/cotedivoire\/politique\/attaques-terroristes-en-cote-divoire-sept-mauritaniens-interroges\",\"url\":\"https:\/\/www.africa-press.net\/cotedivoire\/politique\/attaques-terroristes-en-cote-divoire-sept-mauritaniens-interroges\",\"name\":\"Attaques terroristes en C\u00f4te d\u2019Ivoire\u00a0: sept Mauritaniens interrog\u00e9s - C\u00f4te d&#039;Ivoire\",\"isPartOf\":{\"@id\":\"https:\/\/www.africa-press.net\/cotedivoire\/#website\"},\"primaryImageOfPage\":{\"@id\":\"https:\/\/www.africa-press.net\/cotedivoire\/politique\/attaques-terroristes-en-cote-divoire-sept-mauritaniens-interroges#primaryimage\"},\"image\":{\"@id\":\"https:\/\/www.africa-press.net\/cotedivoire\/politique\/attaques-terroristes-en-cote-divoire-sept-mauritaniens-interroges#primaryimage\"},\"thumbnailUrl\":\"https:\/\/static.africa-press.net\/cote\/sites\/43\/2021\/07\/img-60e6e88358e8e.jpg\",\"datePublished\":\"2021-07-08T12:36:15+00:00\",\"dateModified\":\"2021-07-08T20:28:26+00:00\",\"author\":{\"@id\":\"https:\/\/www.africa-press.net\/cotedivoire\/#\/schema\/person\/2b1cf3cd81a31e3cd26889ca66d677f1\"},\"description\":\"Les services de renseignement ivoiriens progressent dans leurs enqu\u00eates sur les attaques terroristes ayant vis\u00e9 les base ...\",\"breadcrumb\":{\"@id\":\"https:\/\/www.africa-press.net\/cotedivoire\/politique\/attaques-terroristes-en-cote-divoire-sept-mauritaniens-interroges#breadcrumb\"},\"inLanguage\":\"fr-FR\",\"potentialAction\":[{\"@type\":\"ReadAction\",\"target\":[\"https:\/\/www.africa-press.net\/cotedivoire\/politique\/attaques-terroristes-en-cote-divoire-sept-mauritaniens-interroges\"]}]},{\"@type\":\"ImageObject\",\"inLanguage\":\"fr-FR\",\"@id\":\"https:\/\/www.africa-press.net\/cotedivoire\/politique\/attaques-terroristes-en-cote-divoire-sept-mauritaniens-interroges#primaryimage\",\"url\":\"https:\/\/static.africa-press.net\/cote\/sites\/43\/2021\/07\/img-60e6e88358e8e.jpg\",\"contentUrl\":\"https:\/\/static.africa-press.net\/cote\/sites\/43\/2021\/07\/img-60e6e88358e8e.jpg\",\"width\":720,\"height\":360,\"caption\":\"Attaques terroristes en C\u00f4te d\u2019Ivoire\u00a0: sept Mauritaniens interrog\u00e9s\"},{\"@type\":\"BreadcrumbList\",\"@id\":\"https:\/\/www.africa-press.net\/cotedivoire\/politique\/attaques-terroristes-en-cote-divoire-sept-mauritaniens-interroges#breadcrumb\",\"itemListElement\":[{\"@type\":\"ListItem\",\"position\":1,\"name\":\"Accueil\",\"item\":\"https:\/\/www.africa-press.net\/cotedivoire\/\"},{\"@type\":\"ListItem\",\"position\":2,\"name\":\"Attaques terroristes en C\u00f4te d\u2019Ivoire\u00a0: sept Mauritaniens interrog\u00e9s\"}]},{\"@type\":\"WebSite\",\"@id\":\"https:\/\/www.africa-press.net\/cotedivoire\/#website\",\"url\":\"https:\/\/www.africa-press.net\/cotedivoire\/\",\"name\":\"C\u00f4te d&#039;Ivoire\",\"description\":\"Just another Africa News Agency Sites site\",\"potentialAction\":[{\"@type\":\"SearchAction\",\"target\":{\"@type\":\"EntryPoint\",\"urlTemplate\":\"https:\/\/www.africa-press.net\/cotedivoire\/?s={search_term_string}\"},\"query-input\":{\"@type\":\"PropertyValueSpecification\",\"valueRequired\":true,\"valueName\":\"search_term_string\"}}],\"inLanguage\":\"fr-FR\"},{\"@type\":\"Person\",\"@id\":\"https:\/\/www.africa-press.net\/cotedivoire\/#\/schema\/person\/2b1cf3cd81a31e3cd26889ca66d677f1\",\"name\":\"cfeditorfr\"}]}<\/script>\n<!-- \/ Yoast SEO Premium plugin. -->","yoast_head_json":{"title":"Attaques terroristes en C\u00f4te d\u2019Ivoire\u00a0: sept Mauritaniens interrog\u00e9s - C\u00f4te d&#039;Ivoire","description":"Les services de renseignement ivoiriens progressent dans leurs enqu\u00eates sur les attaques terroristes ayant vis\u00e9 les base ...","robots":{"index":"index","follow":"follow","max-snippet":"max-snippet:-1","max-image-preview":"max-image-preview:large","max-video-preview":"max-video-preview:-1"},"canonical":"https:\/\/www.africa-press.net\/cotedivoire\/politique\/attaques-terroristes-en-cote-divoire-sept-mauritaniens-interroges","og_locale":"fr_FR","og_type":"article","og_title":"Attaques terroristes en C\u00f4te d\u2019Ivoire\u00a0: sept Mauritaniens interrog\u00e9s","og_description":"Les services de renseignement ivoiriens progressent dans leurs enqu\u00eates sur les attaques terroristes ayant vis\u00e9 les base ...","og_url":"https:\/\/www.africa-press.net\/cotedivoire\/politique\/attaques-terroristes-en-cote-divoire-sept-mauritaniens-interroges","og_site_name":"C\u00f4te d&#039;Ivoire","article_published_time":"2021-07-08T12:36:15+00:00","article_modified_time":"2021-07-08T20:28:26+00:00","og_image":[{"width":720,"height":360,"url":"https:\/\/static.africa-press.net\/cote\/sites\/43\/2021\/07\/img-60e6e88358e8e.jpg","type":"image\/jpeg"}],"author":"cfeditorfr","twitter_card":"summary_large_image","twitter_misc":{"\u00c9crit par":"cfeditorfr","Dur\u00e9e de lecture estim\u00e9e":"1 minute"},"schema":{"@context":"https:\/\/schema.org","@graph":[{"@type":"Article","@id":"https:\/\/www.africa-press.net\/cotedivoire\/politique\/attaques-terroristes-en-cote-divoire-sept-mauritaniens-interroges#article","isPartOf":{"@id":"https:\/\/www.africa-press.net\/cotedivoire\/politique\/attaques-terroristes-en-cote-divoire-sept-mauritaniens-interroges"},"author":{"name":"cfeditorfr","@id":"https:\/\/www.africa-press.net\/cotedivoire\/#\/schema\/person\/2b1cf3cd81a31e3cd26889ca66d677f1"},"headline":"Attaques terroristes en C\u00f4te d\u2019Ivoire\u00a0: sept Mauritaniens interrog\u00e9s","datePublished":"2021-07-08T12:36:15+00:00","dateModified":"2021-07-08T20:28:26+00:00","mainEntityOfPage":{"@id":"https:\/\/www.africa-press.net\/cotedivoire\/politique\/attaques-terroristes-en-cote-divoire-sept-mauritaniens-interroges"},"wordCount":171,"commentCount":0,"image":{"@id":"https:\/\/www.africa-press.net\/cotedivoire\/politique\/attaques-terroristes-en-cote-divoire-sept-mauritaniens-interroges#primaryimage"},"thumbnailUrl":"https:\/\/static.africa-press.net\/cote\/sites\/43\/2021\/07\/img-60e6e88358e8e.jpg","keywords":["Africa Press","Africa Press-C\u00f4te d'Ivoire","C\u00d4TE D'IVOIRE"],"articleSection":["homepage-french","Politique","Top Nouvelles","Toutes les actualit\u00e9s"],"inLanguage":"fr-FR","potentialAction":[{"@type":"CommentAction","name":"Comment","target":["https:\/\/www.africa-press.net\/cotedivoire\/politique\/attaques-terroristes-en-cote-divoire-sept-mauritaniens-interroges#respond"]}]},{"@type":"WebPage","@id":"https:\/\/www.africa-press.net\/cotedivoire\/politique\/attaques-terroristes-en-cote-divoire-sept-mauritaniens-interroges","url":"https:\/\/www.africa-press.net\/cotedivoire\/politique\/attaques-terroristes-en-cote-divoire-sept-mauritaniens-interroges","name":"Attaques terroristes en C\u00f4te d\u2019Ivoire\u00a0: sept Mauritaniens interrog\u00e9s - C\u00f4te d&#039;Ivoire","isPartOf":{"@id":"https:\/\/www.africa-press.net\/cotedivoire\/#website"},"primaryImageOfPage":{"@id":"https:\/\/www.africa-press.net\/cotedivoire\/politique\/attaques-terroristes-en-cote-divoire-sept-mauritaniens-interroges#primaryimage"},"image":{"@id":"https:\/\/www.africa-press.net\/cotedivoire\/politique\/attaques-terroristes-en-cote-divoire-sept-mauritaniens-interroges#primaryimage"},"thumbnailUrl":"https:\/\/static.africa-press.net\/cote\/sites\/43\/2021\/07\/img-60e6e88358e8e.jpg","datePublished":"2021-07-08T12:36:15+00:00","dateModified":"2021-07-08T20:28:26+00:00","author":{"@id":"https:\/\/www.africa-press.net\/cotedivoire\/#\/schema\/person\/2b1cf3cd81a31e3cd26889ca66d677f1"},"description":"Les services de renseignement ivoiriens progressent dans leurs enqu\u00eates sur les attaques terroristes ayant vis\u00e9 les base ...","breadcrumb":{"@id":"https:\/\/www.africa-press.net\/cotedivoire\/politique\/attaques-terroristes-en-cote-divoire-sept-mauritaniens-interroges#breadcrumb"},"inLanguage":"fr-FR","potentialAction":[{"@type":"ReadAction","target":["https:\/\/www.africa-press.net\/cotedivoire\/politique\/attaques-terroristes-en-cote-divoire-sept-mauritaniens-interroges"]}]},{"@type":"ImageObject","inLanguage":"fr-FR","@id":"https:\/\/www.africa-press.net\/cotedivoire\/politique\/attaques-terroristes-en-cote-divoire-sept-mauritaniens-interroges#primaryimage","url":"https:\/\/static.africa-press.net\/cote\/sites\/43\/2021\/07\/img-60e6e88358e8e.jpg","contentUrl":"https:\/\/static.africa-press.net\/cote\/sites\/43\/2021\/07\/img-60e6e88358e8e.jpg","width":720,"height":360,"caption":"Attaques terroristes en C\u00f4te d\u2019Ivoire\u00a0: sept Mauritaniens interrog\u00e9s"},{"@type":"BreadcrumbList","@id":"https:\/\/www.africa-press.net\/cotedivoire\/politique\/attaques-terroristes-en-cote-divoire-sept-mauritaniens-interroges#breadcrumb","itemListElement":[{"@type":"ListItem","position":1,"name":"Accueil","item":"https:\/\/www.africa-press.net\/cotedivoire\/"},{"@type":"ListItem","position":2,"name":"Attaques terroristes en C\u00f4te d\u2019Ivoire\u00a0: sept Mauritaniens interrog\u00e9s"}]},{"@type":"WebSite","@id":"https:\/\/www.africa-press.net\/cotedivoire\/#website","url":"https:\/\/www.africa-press.net\/cotedivoire\/","name":"C\u00f4te d&#039;Ivoire","description":"Just another Africa News Agency Sites site","potentialAction":[{"@type":"SearchAction","target":{"@type":"EntryPoint","urlTemplate":"https:\/\/www.africa-press.net\/cotedivoire\/?s={search_term_string}"},"query-input":{"@type":"PropertyValueSpecification","valueRequired":true,"valueName":"search_term_string"}}],"inLanguage":"fr-FR"},{"@type":"Person","@id":"https:\/\/www.africa-press.net\/cotedivoire\/#\/schema\/person\/2b1cf3cd81a31e3cd26889ca66d677f1","name":"cfeditorfr"}]}},"_links":{"self":[{"href":"https:\/\/www.africa-press.net\/cotedivoire\/wp-json\/wp\/v2\/posts\/9834","targetHints":{"allow":["GET"]}}],"collection":[{"href":"https:\/\/www.africa-press.net\/cotedivoire\/wp-json\/wp\/v2\/posts"}],"about":[{"href":"https:\/\/www.africa-press.net\/cotedivoire\/wp-json\/wp\/v2\/types\/post"}],"author":[{"embeddable":true,"href":"https:\/\/www.africa-press.net\/cotedivoire\/wp-json\/wp\/v2\/users\/82"}],"replies":[{"embeddable":true,"href":"https:\/\/www.africa-press.net\/cotedivoire\/wp-json\/wp\/v2\/comments?post=9834"}],"version-history":[{"count":0,"href":"https:\/\/www.africa-press.net\/cotedivoire\/wp-json\/wp\/v2\/posts\/9834\/revisions"}],"wp:featuredmedia":[{"embeddable":true,"href":"https:\/\/www.africa-press.net\/cotedivoire\/wp-json\/wp\/v2\/media\/9833"}],"wp:attachment":[{"href":"https:\/\/www.africa-press.net\/cotedivoire\/wp-json\/wp\/v2\/media?parent=9834"}],"wp:term":[{"taxonomy":"category","embeddable":true,"href":"https:\/\/www.africa-press.net\/cotedivoire\/wp-json\/wp\/v2\/categories?post=9834"},{"taxonomy":"post_tag","embeddable":true,"href":"https:\/\/www.africa-press.net\/cotedivoire\/wp-json\/wp\/v2\/tags?post=9834"}],"curies":[{"name":"wp","href":"https:\/\/api.w.org\/{rel}","templated":true}]}}