{"id":98342,"date":"2025-05-01T14:45:45","date_gmt":"2025-05-01T14:45:45","guid":{"rendered":"https:\/\/www.africa-press.net\/cotedivoire\/politique\/ligue-1-la-var-fait-ses-debuts-ce-samedi-au-stade-robert-champroux"},"modified":"2025-05-03T14:36:20","modified_gmt":"2025-05-03T14:36:20","slug":"ligue-1-la-var-fait-ses-debuts-ce-samedi-au-stade-robert-champroux","status":"publish","type":"post","link":"https:\/\/www.africa-press.net\/cotedivoire\/sports\/ligue-1-la-var-fait-ses-debuts-ce-samedi-au-stade-robert-champroux","title":{"rendered":"Ligue 1, la VAR fait ses d\u00e9buts ce samedi au stade Robert Champroux"},"content":{"rendered":"<p><span style=\"color: #ff6600\"><strong>Africa-Press &#8211; C\u00f4te d&rsquo;Ivoire. <\/strong><\/span>La technologie d\u2019assistance vide\u0301o a\u0300 l\u2019arbitrage (VAR) fera officiellement son entre\u0301e dans le championnat national ce week-end a\u0300 l\u2019occasion de la 28e journe\u0301e de Ligue 1 LONACI apprend-on de la FIF.<\/p>\n<p>Le coup d\u2019envoi de cette re\u0301volution technologique sera donne\u0301 le samedi 3 mai 2025 a\u0300 18h, avec le choc FC Mouna vs Stade d\u2019Abidjan. Le lendemain, dimanche 4 mai a\u0300 18h, le dispositif sera a\u0300 nouveau de\u0301ploye\u0301 lors du match AFAD vs Stella Club.<\/p>\n<p>L\u2019introduction de la VAR re\u0301pond a\u0300 une volonte\u0301 affirme\u0301e du Pre\u0301sident de la Fe\u0301de\u0301ration Ivoirienne de Football (FIF) d\u2019aligner le championnat local sur les standards internationaux, en garantissant plus de justice, de transparence et de professionnalisme dans l\u2019arbitrage.<\/p>\n<p>Teste\u0301e ces derniers mois avec des experts de la FIFA, la VAR est de\u0301sormais pre\u0302te a\u0300 e\u0302tre utilise\u0301e dans des conditions officielles. Des formations au profit des Arbitres et Techniciens ont e\u0301te\u0301 mene\u0301es en collaboration avec ces experts de la FIFA, afin d\u2019assurer une mise en \u0153uvre rigoureuse et efficace du syste\u0300me.<\/p>\n<p>La VAR vient donc renforcer la cre\u0301dibilite\u0301 de notre championnat. Elle offrira e\u0301galement aux Arbitres un outil pre\u0301cieux dans leur prise de de\u0301cision.<\/p>\n<p>Le public est donc invite\u0301 a\u0300 venir vivre ces deux rencontres non seulement comme des affiches sportives palpitantes, mais aussi comme un moment cle\u0301 de l\u2019e\u0301volution du football ivoirien.<\/p>\n<p>Le rendez-vous est pris: Stade Robert Champroux, les 3 et 4 mai 2025 a\u0300 18h. L\u2019histoire s\u2019e\u0301crit, et la technologie entre officiellement en jeu.<\/p>\n<p><strong>Pour plus d&rsquo;informations et d&rsquo;analyses sur la <span style=\"color: #ff6600\">C\u00f4te d&rsquo;Ivoire<\/span>, suivez <span style=\"color: #ff6600\">Africa-Press<\/span><\/strong><\/p>\n","protected":false},"excerpt":{"rendered":"<p>Africa-Press &#8211; C\u00f4te d&rsquo;Ivoire. La technologie d\u2019assistance vide\u0301o a\u0300 l\u2019arbitrage (VAR) fera officiellement son entre\u0301e dans le championnat national ce week-end a\u0300 l\u2019occasion de la 28e journe\u0301e de Ligue 1 LONACI apprend-on de la FIF. Le coup d\u2019envoi de cette re\u0301volution technologique sera donne\u0301 le samedi 3 mai 2025 a\u0300 18h, avec le choc FC [&hellip;]<\/p>\n","protected":false},"author":82,"featured_media":98341,"comment_status":"open","ping_status":"closed","sticky":false,"template":"","format":"standard","meta":{"footnotes":""},"categories":[6,10],"tags":[29,14497],"class_list":["post-98342","post","type-post","status-publish","format-standard","has-post-thumbnail","hentry","category-sports","category-toutes-les-actualites","tag-cote-divoire","tag-var"],"yoast_head":"<!-- This site is optimized with the Yoast SEO Premium plugin v26.1 (Yoast SEO v27.0) - https:\/\/yoast.com\/product\/yoast-seo-premium-wordpress\/ -->\n<title>Ligue 1, la VAR fait ses d\u00e9buts ce samedi au stade Robert Champroux - C\u00f4te d&#039;Ivoire<\/title>\n<meta name=\"description\" content=\"La technologie d\u2019assistance vide\u0301o a\u0300 l\u2019arbitrage (VAR) fera officiellement son entre\u0301e dans le championnat national ce ...\" \/>\n<meta name=\"robots\" content=\"index, follow, max-snippet:-1, max-image-preview:large, max-video-preview:-1\" \/>\n<link rel=\"canonical\" href=\"https:\/\/www.africa-press.net\/cotedivoire\/sports\/ligue-1-la-var-fait-ses-debuts-ce-samedi-au-stade-robert-champroux\" \/>\n<meta property=\"og:locale\" content=\"fr_FR\" \/>\n<meta property=\"og:type\" content=\"article\" \/>\n<meta property=\"og:title\" content=\"Ligue 1, la VAR fait ses d\u00e9buts ce samedi au stade Robert Champroux\" \/>\n<meta property=\"og:description\" content=\"La technologie d\u2019assistance vide\u0301o a\u0300 l\u2019arbitrage (VAR) fera officiellement son entre\u0301e dans le championnat national ce ...\" \/>\n<meta property=\"og:url\" content=\"https:\/\/www.africa-press.net\/cotedivoire\/sports\/ligue-1-la-var-fait-ses-debuts-ce-samedi-au-stade-robert-champroux\" \/>\n<meta property=\"og:site_name\" content=\"C\u00f4te d&#039;Ivoire\" \/>\n<meta property=\"article:published_time\" content=\"2025-05-01T14:45:45+00:00\" \/>\n<meta property=\"article:modified_time\" content=\"2025-05-03T14:36:20+00:00\" \/>\n<meta property=\"og:image\" content=\"https:\/\/static.africa-press.net\/cote\/sites\/43\/2025\/05\/sm_1746099203.800507.jpg\" \/>\n\t<meta property=\"og:image:width\" content=\"720\" \/>\n\t<meta property=\"og:image:height\" content=\"480\" \/>\n\t<meta property=\"og:image:type\" content=\"image\/jpeg\" \/>\n<meta name=\"author\" content=\"cfeditorfr\" \/>\n<meta name=\"twitter:card\" content=\"summary_large_image\" \/>\n<meta name=\"twitter:label1\" content=\"\u00c9crit par\" \/>\n\t<meta name=\"twitter:data1\" content=\"cfeditorfr\" \/>\n\t<meta name=\"twitter:label2\" content=\"Dur\u00e9e de lecture estim\u00e9e\" \/>\n\t<meta name=\"twitter:data2\" content=\"1 minute\" \/>\n<script type=\"application\/ld+json\" class=\"yoast-schema-graph\">{\"@context\":\"https:\/\/schema.org\",\"@graph\":[{\"@type\":\"Article\",\"@id\":\"https:\/\/www.africa-press.net\/cotedivoire\/sports\/ligue-1-la-var-fait-ses-debuts-ce-samedi-au-stade-robert-champroux#article\",\"isPartOf\":{\"@id\":\"https:\/\/www.africa-press.net\/cotedivoire\/sports\/ligue-1-la-var-fait-ses-debuts-ce-samedi-au-stade-robert-champroux\"},\"author\":{\"name\":\"cfeditorfr\",\"@id\":\"https:\/\/www.africa-press.net\/cotedivoire\/#\/schema\/person\/2b1cf3cd81a31e3cd26889ca66d677f1\"},\"headline\":\"Ligue 1, la VAR fait ses d\u00e9buts ce samedi au stade Robert Champroux\",\"datePublished\":\"2025-05-01T14:45:45+00:00\",\"dateModified\":\"2025-05-03T14:36:20+00:00\",\"mainEntityOfPage\":{\"@id\":\"https:\/\/www.africa-press.net\/cotedivoire\/sports\/ligue-1-la-var-fait-ses-debuts-ce-samedi-au-stade-robert-champroux\"},\"wordCount\":304,\"commentCount\":0,\"image\":{\"@id\":\"https:\/\/www.africa-press.net\/cotedivoire\/sports\/ligue-1-la-var-fait-ses-debuts-ce-samedi-au-stade-robert-champroux#primaryimage\"},\"thumbnailUrl\":\"https:\/\/static.africa-press.net\/cote\/sites\/43\/2025\/05\/sm_1746099203.800507.jpg\",\"keywords\":[\"C\u00d4TE D'IVOIRE\",\"VAR\"],\"articleSection\":[\"Sports\",\"Toutes les actualit\u00e9s\"],\"inLanguage\":\"fr-FR\",\"potentialAction\":[{\"@type\":\"CommentAction\",\"name\":\"Comment\",\"target\":[\"https:\/\/www.africa-press.net\/cotedivoire\/sports\/ligue-1-la-var-fait-ses-debuts-ce-samedi-au-stade-robert-champroux#respond\"]}]},{\"@type\":\"WebPage\",\"@id\":\"https:\/\/www.africa-press.net\/cotedivoire\/sports\/ligue-1-la-var-fait-ses-debuts-ce-samedi-au-stade-robert-champroux\",\"url\":\"https:\/\/www.africa-press.net\/cotedivoire\/sports\/ligue-1-la-var-fait-ses-debuts-ce-samedi-au-stade-robert-champroux\",\"name\":\"Ligue 1, la VAR fait ses d\u00e9buts ce samedi au stade Robert Champroux - C\u00f4te d&#039;Ivoire\",\"isPartOf\":{\"@id\":\"https:\/\/www.africa-press.net\/cotedivoire\/#website\"},\"primaryImageOfPage\":{\"@id\":\"https:\/\/www.africa-press.net\/cotedivoire\/sports\/ligue-1-la-var-fait-ses-debuts-ce-samedi-au-stade-robert-champroux#primaryimage\"},\"image\":{\"@id\":\"https:\/\/www.africa-press.net\/cotedivoire\/sports\/ligue-1-la-var-fait-ses-debuts-ce-samedi-au-stade-robert-champroux#primaryimage\"},\"thumbnailUrl\":\"https:\/\/static.africa-press.net\/cote\/sites\/43\/2025\/05\/sm_1746099203.800507.jpg\",\"datePublished\":\"2025-05-01T14:45:45+00:00\",\"dateModified\":\"2025-05-03T14:36:20+00:00\",\"author\":{\"@id\":\"https:\/\/www.africa-press.net\/cotedivoire\/#\/schema\/person\/2b1cf3cd81a31e3cd26889ca66d677f1\"},\"description\":\"La technologie d\u2019assistance vide\u0301o a\u0300 l\u2019arbitrage (VAR) fera officiellement son entre\u0301e dans le championnat national ce ...\",\"breadcrumb\":{\"@id\":\"https:\/\/www.africa-press.net\/cotedivoire\/sports\/ligue-1-la-var-fait-ses-debuts-ce-samedi-au-stade-robert-champroux#breadcrumb\"},\"inLanguage\":\"fr-FR\",\"potentialAction\":[{\"@type\":\"ReadAction\",\"target\":[\"https:\/\/www.africa-press.net\/cotedivoire\/sports\/ligue-1-la-var-fait-ses-debuts-ce-samedi-au-stade-robert-champroux\"]}]},{\"@type\":\"ImageObject\",\"inLanguage\":\"fr-FR\",\"@id\":\"https:\/\/www.africa-press.net\/cotedivoire\/sports\/ligue-1-la-var-fait-ses-debuts-ce-samedi-au-stade-robert-champroux#primaryimage\",\"url\":\"https:\/\/static.africa-press.net\/cote\/sites\/43\/2025\/05\/sm_1746099203.800507.jpg\",\"contentUrl\":\"https:\/\/static.africa-press.net\/cote\/sites\/43\/2025\/05\/sm_1746099203.800507.jpg\",\"width\":720,\"height\":480,\"caption\":\"Ligue 1, la VAR fait ses d\u00e9buts ce samedi au stade Robert Champroux\"},{\"@type\":\"BreadcrumbList\",\"@id\":\"https:\/\/www.africa-press.net\/cotedivoire\/sports\/ligue-1-la-var-fait-ses-debuts-ce-samedi-au-stade-robert-champroux#breadcrumb\",\"itemListElement\":[{\"@type\":\"ListItem\",\"position\":1,\"name\":\"Accueil\",\"item\":\"https:\/\/www.africa-press.net\/cotedivoire\/\"},{\"@type\":\"ListItem\",\"position\":2,\"name\":\"Ligue 1, la VAR fait ses d\u00e9buts ce samedi au stade Robert Champroux\"}]},{\"@type\":\"WebSite\",\"@id\":\"https:\/\/www.africa-press.net\/cotedivoire\/#website\",\"url\":\"https:\/\/www.africa-press.net\/cotedivoire\/\",\"name\":\"C\u00f4te d&#039;Ivoire\",\"description\":\"Just another Africa News Agency Sites site\",\"potentialAction\":[{\"@type\":\"SearchAction\",\"target\":{\"@type\":\"EntryPoint\",\"urlTemplate\":\"https:\/\/www.africa-press.net\/cotedivoire\/?s={search_term_string}\"},\"query-input\":{\"@type\":\"PropertyValueSpecification\",\"valueRequired\":true,\"valueName\":\"search_term_string\"}}],\"inLanguage\":\"fr-FR\"},{\"@type\":\"Person\",\"@id\":\"https:\/\/www.africa-press.net\/cotedivoire\/#\/schema\/person\/2b1cf3cd81a31e3cd26889ca66d677f1\",\"name\":\"cfeditorfr\"}]}<\/script>\n<!-- \/ Yoast SEO Premium plugin. -->","yoast_head_json":{"title":"Ligue 1, la VAR fait ses d\u00e9buts ce samedi au stade Robert Champroux - C\u00f4te d&#039;Ivoire","description":"La technologie d\u2019assistance vide\u0301o a\u0300 l\u2019arbitrage (VAR) fera officiellement son entre\u0301e dans le championnat national ce ...","robots":{"index":"index","follow":"follow","max-snippet":"max-snippet:-1","max-image-preview":"max-image-preview:large","max-video-preview":"max-video-preview:-1"},"canonical":"https:\/\/www.africa-press.net\/cotedivoire\/sports\/ligue-1-la-var-fait-ses-debuts-ce-samedi-au-stade-robert-champroux","og_locale":"fr_FR","og_type":"article","og_title":"Ligue 1, la VAR fait ses d\u00e9buts ce samedi au stade Robert Champroux","og_description":"La technologie d\u2019assistance vide\u0301o a\u0300 l\u2019arbitrage (VAR) fera officiellement son entre\u0301e dans le championnat national ce ...","og_url":"https:\/\/www.africa-press.net\/cotedivoire\/sports\/ligue-1-la-var-fait-ses-debuts-ce-samedi-au-stade-robert-champroux","og_site_name":"C\u00f4te d&#039;Ivoire","article_published_time":"2025-05-01T14:45:45+00:00","article_modified_time":"2025-05-03T14:36:20+00:00","og_image":[{"width":720,"height":480,"url":"https:\/\/static.africa-press.net\/cote\/sites\/43\/2025\/05\/sm_1746099203.800507.jpg","type":"image\/jpeg"}],"author":"cfeditorfr","twitter_card":"summary_large_image","twitter_misc":{"\u00c9crit par":"cfeditorfr","Dur\u00e9e de lecture estim\u00e9e":"1 minute"},"schema":{"@context":"https:\/\/schema.org","@graph":[{"@type":"Article","@id":"https:\/\/www.africa-press.net\/cotedivoire\/sports\/ligue-1-la-var-fait-ses-debuts-ce-samedi-au-stade-robert-champroux#article","isPartOf":{"@id":"https:\/\/www.africa-press.net\/cotedivoire\/sports\/ligue-1-la-var-fait-ses-debuts-ce-samedi-au-stade-robert-champroux"},"author":{"name":"cfeditorfr","@id":"https:\/\/www.africa-press.net\/cotedivoire\/#\/schema\/person\/2b1cf3cd81a31e3cd26889ca66d677f1"},"headline":"Ligue 1, la VAR fait ses d\u00e9buts ce samedi au stade Robert Champroux","datePublished":"2025-05-01T14:45:45+00:00","dateModified":"2025-05-03T14:36:20+00:00","mainEntityOfPage":{"@id":"https:\/\/www.africa-press.net\/cotedivoire\/sports\/ligue-1-la-var-fait-ses-debuts-ce-samedi-au-stade-robert-champroux"},"wordCount":304,"commentCount":0,"image":{"@id":"https:\/\/www.africa-press.net\/cotedivoire\/sports\/ligue-1-la-var-fait-ses-debuts-ce-samedi-au-stade-robert-champroux#primaryimage"},"thumbnailUrl":"https:\/\/static.africa-press.net\/cote\/sites\/43\/2025\/05\/sm_1746099203.800507.jpg","keywords":["C\u00d4TE D'IVOIRE","VAR"],"articleSection":["Sports","Toutes les actualit\u00e9s"],"inLanguage":"fr-FR","potentialAction":[{"@type":"CommentAction","name":"Comment","target":["https:\/\/www.africa-press.net\/cotedivoire\/sports\/ligue-1-la-var-fait-ses-debuts-ce-samedi-au-stade-robert-champroux#respond"]}]},{"@type":"WebPage","@id":"https:\/\/www.africa-press.net\/cotedivoire\/sports\/ligue-1-la-var-fait-ses-debuts-ce-samedi-au-stade-robert-champroux","url":"https:\/\/www.africa-press.net\/cotedivoire\/sports\/ligue-1-la-var-fait-ses-debuts-ce-samedi-au-stade-robert-champroux","name":"Ligue 1, la VAR fait ses d\u00e9buts ce samedi au stade Robert Champroux - C\u00f4te d&#039;Ivoire","isPartOf":{"@id":"https:\/\/www.africa-press.net\/cotedivoire\/#website"},"primaryImageOfPage":{"@id":"https:\/\/www.africa-press.net\/cotedivoire\/sports\/ligue-1-la-var-fait-ses-debuts-ce-samedi-au-stade-robert-champroux#primaryimage"},"image":{"@id":"https:\/\/www.africa-press.net\/cotedivoire\/sports\/ligue-1-la-var-fait-ses-debuts-ce-samedi-au-stade-robert-champroux#primaryimage"},"thumbnailUrl":"https:\/\/static.africa-press.net\/cote\/sites\/43\/2025\/05\/sm_1746099203.800507.jpg","datePublished":"2025-05-01T14:45:45+00:00","dateModified":"2025-05-03T14:36:20+00:00","author":{"@id":"https:\/\/www.africa-press.net\/cotedivoire\/#\/schema\/person\/2b1cf3cd81a31e3cd26889ca66d677f1"},"description":"La technologie d\u2019assistance vide\u0301o a\u0300 l\u2019arbitrage (VAR) fera officiellement son entre\u0301e dans le championnat national ce ...","breadcrumb":{"@id":"https:\/\/www.africa-press.net\/cotedivoire\/sports\/ligue-1-la-var-fait-ses-debuts-ce-samedi-au-stade-robert-champroux#breadcrumb"},"inLanguage":"fr-FR","potentialAction":[{"@type":"ReadAction","target":["https:\/\/www.africa-press.net\/cotedivoire\/sports\/ligue-1-la-var-fait-ses-debuts-ce-samedi-au-stade-robert-champroux"]}]},{"@type":"ImageObject","inLanguage":"fr-FR","@id":"https:\/\/www.africa-press.net\/cotedivoire\/sports\/ligue-1-la-var-fait-ses-debuts-ce-samedi-au-stade-robert-champroux#primaryimage","url":"https:\/\/static.africa-press.net\/cote\/sites\/43\/2025\/05\/sm_1746099203.800507.jpg","contentUrl":"https:\/\/static.africa-press.net\/cote\/sites\/43\/2025\/05\/sm_1746099203.800507.jpg","width":720,"height":480,"caption":"Ligue 1, la VAR fait ses d\u00e9buts ce samedi au stade Robert Champroux"},{"@type":"BreadcrumbList","@id":"https:\/\/www.africa-press.net\/cotedivoire\/sports\/ligue-1-la-var-fait-ses-debuts-ce-samedi-au-stade-robert-champroux#breadcrumb","itemListElement":[{"@type":"ListItem","position":1,"name":"Accueil","item":"https:\/\/www.africa-press.net\/cotedivoire\/"},{"@type":"ListItem","position":2,"name":"Ligue 1, la VAR fait ses d\u00e9buts ce samedi au stade Robert Champroux"}]},{"@type":"WebSite","@id":"https:\/\/www.africa-press.net\/cotedivoire\/#website","url":"https:\/\/www.africa-press.net\/cotedivoire\/","name":"C\u00f4te d&#039;Ivoire","description":"Just another Africa News Agency Sites site","potentialAction":[{"@type":"SearchAction","target":{"@type":"EntryPoint","urlTemplate":"https:\/\/www.africa-press.net\/cotedivoire\/?s={search_term_string}"},"query-input":{"@type":"PropertyValueSpecification","valueRequired":true,"valueName":"search_term_string"}}],"inLanguage":"fr-FR"},{"@type":"Person","@id":"https:\/\/www.africa-press.net\/cotedivoire\/#\/schema\/person\/2b1cf3cd81a31e3cd26889ca66d677f1","name":"cfeditorfr"}]}},"_links":{"self":[{"href":"https:\/\/www.africa-press.net\/cotedivoire\/wp-json\/wp\/v2\/posts\/98342","targetHints":{"allow":["GET"]}}],"collection":[{"href":"https:\/\/www.africa-press.net\/cotedivoire\/wp-json\/wp\/v2\/posts"}],"about":[{"href":"https:\/\/www.africa-press.net\/cotedivoire\/wp-json\/wp\/v2\/types\/post"}],"author":[{"embeddable":true,"href":"https:\/\/www.africa-press.net\/cotedivoire\/wp-json\/wp\/v2\/users\/82"}],"replies":[{"embeddable":true,"href":"https:\/\/www.africa-press.net\/cotedivoire\/wp-json\/wp\/v2\/comments?post=98342"}],"version-history":[{"count":0,"href":"https:\/\/www.africa-press.net\/cotedivoire\/wp-json\/wp\/v2\/posts\/98342\/revisions"}],"wp:featuredmedia":[{"embeddable":true,"href":"https:\/\/www.africa-press.net\/cotedivoire\/wp-json\/wp\/v2\/media\/98341"}],"wp:attachment":[{"href":"https:\/\/www.africa-press.net\/cotedivoire\/wp-json\/wp\/v2\/media?parent=98342"}],"wp:term":[{"taxonomy":"category","embeddable":true,"href":"https:\/\/www.africa-press.net\/cotedivoire\/wp-json\/wp\/v2\/categories?post=98342"},{"taxonomy":"post_tag","embeddable":true,"href":"https:\/\/www.africa-press.net\/cotedivoire\/wp-json\/wp\/v2\/tags?post=98342"}],"curies":[{"name":"wp","href":"https:\/\/api.w.org\/{rel}","templated":true}]}}