{"id":9845,"date":"2021-07-13T17:32:27","date_gmt":"2021-07-13T17:32:27","guid":{"rendered":"https:\/\/www.africa-press.net\/cotedivoire\/?p=9845"},"modified":"2021-07-14T13:00:23","modified_gmt":"2021-07-14T13:00:23","slug":"cote-divoire-gbagbo-rend-visite-a-son-ancien-rival-bedie-sous-le-signe-de-la-reconciliation","status":"publish","type":"post","link":"https:\/\/www.africa-press.net\/cotedivoire\/politique\/cote-divoire-gbagbo-rend-visite-a-son-ancien-rival-bedie-sous-le-signe-de-la-reconciliation","title":{"rendered":"Gbagbo rend visite \u00e0 son ancien rival B\u00e9di\u00e9, sous le signe de la r\u00e9conciliation"},"content":{"rendered":"<p><span style=\"color: #ff6600\"><strong><a href=\"https:\/\/www.africa-press.net\/\">Africa-Press<\/a> &#8211; <a href=\"https:\/\/www.africa-press.net\/cotedivoire\">C\u00f4te d&rsquo;Ivoire<\/a>. <\/strong><\/span>Le ton \u00e9tait \u00e0 la r\u00e9conciliation, samedi 10 juillet, \u00e0 Daoukro, dans le centre de la C\u00f4te d\u2019Ivoire, o\u00f9 l\u2019ex-pr\u00e9sident Laurent Gbagbo, de retour dans son pays depuis la mi-juin, a \u00e9t\u00e9 chaleureusement accueilli par un de ses pr\u00e9d\u00e9cesseurs et ancien rival Henri Konan B\u00e9di\u00e9.<\/p>\n<p>Devant plusieurs centaines de militants et cadres de leurs partis, les deux anciens chefs d\u2019Etat se sont donn\u00e9 une franche accolade avant de faire quelques dizaines de m\u00e8tres main dans la main, saluant la foule, et de s\u2019asseoir c\u00f4te \u00e0 c\u00f4te pour assister \u00e0 plusieurs spectacles et discours, ont constat\u00e9 des journalistes de l\u2019Agence France-Presse (AFP).<\/p>\n<p>Laurent Gbagbo a ensuite pris la parole, dans un discours d\u2019une trentaine de minutes o\u00f9 il a \u00e9pingl\u00e9 le pr\u00e9sident ivoirien Alassane Ouattara, r\u00e9\u00e9lu en 2020 pour un troisi\u00e8me mandat controvers\u00e9, au cours d\u2019une pr\u00e9sidentielle boycott\u00e9e par l\u2019opposition qui jugeait ce nouveau mandat inconstitutionnel.<\/p>\n<p><b>\u00ab On peut d\u00e9cider que nous n\u2019avons aucune Constitution et vivre comme \u00e7a. Mais si nous avons une Constitution, il faut se battre pour \u00eatre du c\u00f4t\u00e9 de la Constitution. Respectez les textes ! \u00bb,<\/b><\/p>\n<p>a-t-il lanc\u00e9. \u00ab Est-ce que Laurent Gbagbo peut rencontrer Henri Konan B\u00e9di\u00e9 sans que \u00e7a soit de la politique ? Assumons de faire de la politique ! \u00bb, a \u00e9galement d\u00e9clar\u00e9 Laurent Gbagbo \u00e0 la tribune, sous des applaudissements nourris.<\/p>\n<p><b>\u00ab Unis pour une opposition plus forte \u00bb<\/b><\/p>\n<p>Laurent Gbagbo et Henri Konan B\u00e9di\u00e9 ont longtemps \u00e9t\u00e9 des rivaux politiques : au moment de l\u2019\u00e9lection pr\u00e9sidentielle de 2010, Henri Konan B\u00e9di\u00e9 avait apport\u00e9 son soutien \u00e0 Alassane Ouattara, alors rival de M. Gbagbo. Ce dernier avait ensuite \u00e9t\u00e9 poursuivi par la Cour p\u00e9nale internationale (CPI) pour crimes contre l\u2019humanit\u00e9 au cours des violences post-\u00e9lectorales de 2010-2011, n\u00e9es de son refus de reconna\u00eetre sa d\u00e9faite \u00e0 la pr\u00e9sidentielle face \u00e0 Alassane Ouattara. \u00ab Il \u00e9tait le v\u00e9ritable donneur d\u2019ordres ; \u00e0 ce titre, il devra rendre des comptes \u00bb, avait alors d\u00e9clar\u00e9 M. B\u00e9di\u00e9 dans un entretien avec Jeune Afrique.<\/p>\n<p>Mais depuis, le Parti d\u00e9mocratique de C\u00f4te d\u2019Ivoire (PDCI) de M. B\u00e9di\u00e9 est devenu la principale formation d\u2019opposition en 2018. Henri Konan B\u00e9di\u00e9 avait rendu visite \u00e0 M. Gbagbo fin juillet 2019 \u00e0 Bruxelles, o\u00f9 ce dernier r\u00e9sidait en libert\u00e9 conditionnelle en attendant la confirmation de son acquittement devant la CPI.<\/p>\n<p>D\u00e9sormais libre, M. Gbagbo est rentr\u00e9 en C\u00f4te d\u2019Ivoire le 17 juin et c\u2019est la premi\u00e8re fois qu\u2019il rencontre M. B\u00e9di\u00e9 depuis son retour. \u00ab Une marque de r\u00e9conciliation \u00bb, a-t-il affirm\u00e9. \u00ab B\u00e9di\u00e9-Gbagbo, unis pour une opposition plus forte \u00bb : dix ans plus tard, le mot d\u2019ordre est donc \u00e0 l\u2019union, \u00e0 l\u2019image des nombreux tee-shirts, pagnes et banderoles des militants pr\u00e9sents \u00e0 Daoukro.<\/p>\n<p>Et la perspective d\u2019une alliance entre le PDCI et le Front populaire ivoirien (FPI) de Laurent Gbagbo n\u2019est pas \u00e0 exclure en vue des prochains scrutins nationaux. Ces deux partis s\u2019\u00e9taient d\u00e9j\u00e0 associ\u00e9s dans de nombreuses circonscriptions aux l\u00e9gislatives en mars.<\/p>\n<p><b>\u00ab On ne peut pas l\u2019exclure. C\u2019est une alliance pour le bien de la C\u00f4te d\u2019Ivoire, pas contre quelqu\u2019un \u00bb<\/b><\/p>\n<p>, assure \u00e0 l\u2019AFP, Antoni Garou, le d\u00e9put\u00e9-maire pro-Gbagbo d\u2019Ouragahio, qui englobe la circonscription du village de naissance de Laurent Gbagbo, Mama. \u00ab Tous les Ivoiriens doivent se parler \u00bb, a-t-il encore dit, esp\u00e9rant que le pr\u00e9sident Ouattara recevrait prochainement MM. Gbagbo et B\u00e9di\u00e9.<\/p>\n","protected":false},"excerpt":{"rendered":"<p>Africa-Press &#8211; C\u00f4te d&rsquo;Ivoire. Le ton \u00e9tait \u00e0 la r\u00e9conciliation, samedi 10 juillet, \u00e0 Daoukro, dans le centre de la C\u00f4te d\u2019Ivoire, o\u00f9 l\u2019ex-pr\u00e9sident Laurent Gbagbo, de retour dans son pays depuis la mi-juin, a \u00e9t\u00e9 chaleureusement accueilli par un de ses pr\u00e9d\u00e9cesseurs et ancien rival Henri Konan B\u00e9di\u00e9. Devant plusieurs centaines de militants et [&hellip;]<\/p>\n","protected":false},"author":82,"featured_media":9844,"comment_status":"open","ping_status":"closed","sticky":false,"template":"","format":"standard","meta":{"footnotes":""},"categories":[11,2,10],"tags":[56,63,29],"class_list":["post-9845","post","type-post","status-publish","format-standard","has-post-thumbnail","hentry","category-homepage-french","category-politique","category-toutes-les-actualites","tag-africa-press","tag-africa-press-cote-divoire","tag-cote-divoire"],"yoast_head":"<!-- This site is optimized with the Yoast SEO Premium plugin v26.1 (Yoast SEO v27.0) - https:\/\/yoast.com\/product\/yoast-seo-premium-wordpress\/ -->\n<title>Gbagbo rend visite \u00e0 son ancien rival B\u00e9di\u00e9, sous le signe de la r\u00e9conciliation - C\u00f4te d&#039;Ivoire<\/title>\n<meta name=\"description\" content=\"Le ton \u00e9tait \u00e0 la r\u00e9conciliation, samedi 10 juillet, \u00e0 Daoukro, dans le centre de la C\u00f4te d\u2019Ivoire, o\u00f9 l\u2019ex-pr\u00e9sident La ...\" \/>\n<meta name=\"robots\" content=\"index, follow, max-snippet:-1, max-image-preview:large, max-video-preview:-1\" \/>\n<link rel=\"canonical\" href=\"https:\/\/www.africa-press.net\/cotedivoire\/politique\/cote-divoire-gbagbo-rend-visite-a-son-ancien-rival-bedie-sous-le-signe-de-la-reconciliation\" \/>\n<meta property=\"og:locale\" content=\"fr_FR\" \/>\n<meta property=\"og:type\" content=\"article\" \/>\n<meta property=\"og:title\" content=\"Gbagbo rend visite \u00e0 son ancien rival B\u00e9di\u00e9, sous le signe de la r\u00e9conciliation\" \/>\n<meta property=\"og:description\" content=\"Le ton \u00e9tait \u00e0 la r\u00e9conciliation, samedi 10 juillet, \u00e0 Daoukro, dans le centre de la C\u00f4te d\u2019Ivoire, o\u00f9 l\u2019ex-pr\u00e9sident La ...\" \/>\n<meta property=\"og:url\" content=\"https:\/\/www.africa-press.net\/cotedivoire\/politique\/cote-divoire-gbagbo-rend-visite-a-son-ancien-rival-bedie-sous-le-signe-de-la-reconciliation\" \/>\n<meta property=\"og:site_name\" content=\"C\u00f4te d&#039;Ivoire\" \/>\n<meta property=\"article:published_time\" content=\"2021-07-13T17:32:27+00:00\" \/>\n<meta property=\"article:modified_time\" content=\"2021-07-14T13:00:23+00:00\" \/>\n<meta property=\"og:image\" content=\"https:\/\/static.africa-press.net\/cote\/sites\/43\/2021\/07\/img-60edcd2acc637.jpg\" \/>\n\t<meta property=\"og:image:width\" content=\"1440\" \/>\n\t<meta property=\"og:image:height\" content=\"720\" \/>\n\t<meta property=\"og:image:type\" content=\"image\/jpeg\" \/>\n<meta name=\"author\" content=\"cfeditorfr\" \/>\n<meta name=\"twitter:card\" content=\"summary_large_image\" \/>\n<meta name=\"twitter:label1\" content=\"\u00c9crit par\" \/>\n\t<meta name=\"twitter:data1\" content=\"cfeditorfr\" \/>\n\t<meta name=\"twitter:label2\" content=\"Dur\u00e9e de lecture estim\u00e9e\" \/>\n\t<meta name=\"twitter:data2\" content=\"3 minutes\" \/>\n<script type=\"application\/ld+json\" class=\"yoast-schema-graph\">{\"@context\":\"https:\/\/schema.org\",\"@graph\":[{\"@type\":\"Article\",\"@id\":\"https:\/\/www.africa-press.net\/cotedivoire\/politique\/cote-divoire-gbagbo-rend-visite-a-son-ancien-rival-bedie-sous-le-signe-de-la-reconciliation#article\",\"isPartOf\":{\"@id\":\"https:\/\/www.africa-press.net\/cotedivoire\/politique\/cote-divoire-gbagbo-rend-visite-a-son-ancien-rival-bedie-sous-le-signe-de-la-reconciliation\"},\"author\":{\"name\":\"cfeditorfr\",\"@id\":\"https:\/\/www.africa-press.net\/cotedivoire\/#\/schema\/person\/2b1cf3cd81a31e3cd26889ca66d677f1\"},\"headline\":\"Gbagbo rend visite \u00e0 son ancien rival B\u00e9di\u00e9, sous le signe de la r\u00e9conciliation\",\"datePublished\":\"2021-07-13T17:32:27+00:00\",\"dateModified\":\"2021-07-14T13:00:23+00:00\",\"mainEntityOfPage\":{\"@id\":\"https:\/\/www.africa-press.net\/cotedivoire\/politique\/cote-divoire-gbagbo-rend-visite-a-son-ancien-rival-bedie-sous-le-signe-de-la-reconciliation\"},\"wordCount\":608,\"commentCount\":0,\"image\":{\"@id\":\"https:\/\/www.africa-press.net\/cotedivoire\/politique\/cote-divoire-gbagbo-rend-visite-a-son-ancien-rival-bedie-sous-le-signe-de-la-reconciliation#primaryimage\"},\"thumbnailUrl\":\"https:\/\/static.africa-press.net\/cote\/sites\/43\/2021\/07\/img-60edcd2acc637.jpg\",\"keywords\":[\"Africa Press\",\"Africa Press-C\u00f4te d'Ivoire\",\"C\u00d4TE D'IVOIRE\"],\"articleSection\":[\"homepage-french\",\"Politique\",\"Toutes les actualit\u00e9s\"],\"inLanguage\":\"fr-FR\",\"potentialAction\":[{\"@type\":\"CommentAction\",\"name\":\"Comment\",\"target\":[\"https:\/\/www.africa-press.net\/cotedivoire\/politique\/cote-divoire-gbagbo-rend-visite-a-son-ancien-rival-bedie-sous-le-signe-de-la-reconciliation#respond\"]}]},{\"@type\":\"WebPage\",\"@id\":\"https:\/\/www.africa-press.net\/cotedivoire\/politique\/cote-divoire-gbagbo-rend-visite-a-son-ancien-rival-bedie-sous-le-signe-de-la-reconciliation\",\"url\":\"https:\/\/www.africa-press.net\/cotedivoire\/politique\/cote-divoire-gbagbo-rend-visite-a-son-ancien-rival-bedie-sous-le-signe-de-la-reconciliation\",\"name\":\"Gbagbo rend visite \u00e0 son ancien rival B\u00e9di\u00e9, sous le signe de la r\u00e9conciliation - C\u00f4te d&#039;Ivoire\",\"isPartOf\":{\"@id\":\"https:\/\/www.africa-press.net\/cotedivoire\/#website\"},\"primaryImageOfPage\":{\"@id\":\"https:\/\/www.africa-press.net\/cotedivoire\/politique\/cote-divoire-gbagbo-rend-visite-a-son-ancien-rival-bedie-sous-le-signe-de-la-reconciliation#primaryimage\"},\"image\":{\"@id\":\"https:\/\/www.africa-press.net\/cotedivoire\/politique\/cote-divoire-gbagbo-rend-visite-a-son-ancien-rival-bedie-sous-le-signe-de-la-reconciliation#primaryimage\"},\"thumbnailUrl\":\"https:\/\/static.africa-press.net\/cote\/sites\/43\/2021\/07\/img-60edcd2acc637.jpg\",\"datePublished\":\"2021-07-13T17:32:27+00:00\",\"dateModified\":\"2021-07-14T13:00:23+00:00\",\"author\":{\"@id\":\"https:\/\/www.africa-press.net\/cotedivoire\/#\/schema\/person\/2b1cf3cd81a31e3cd26889ca66d677f1\"},\"description\":\"Le ton \u00e9tait \u00e0 la r\u00e9conciliation, samedi 10 juillet, \u00e0 Daoukro, dans le centre de la C\u00f4te d\u2019Ivoire, o\u00f9 l\u2019ex-pr\u00e9sident La ...\",\"breadcrumb\":{\"@id\":\"https:\/\/www.africa-press.net\/cotedivoire\/politique\/cote-divoire-gbagbo-rend-visite-a-son-ancien-rival-bedie-sous-le-signe-de-la-reconciliation#breadcrumb\"},\"inLanguage\":\"fr-FR\",\"potentialAction\":[{\"@type\":\"ReadAction\",\"target\":[\"https:\/\/www.africa-press.net\/cotedivoire\/politique\/cote-divoire-gbagbo-rend-visite-a-son-ancien-rival-bedie-sous-le-signe-de-la-reconciliation\"]}]},{\"@type\":\"ImageObject\",\"inLanguage\":\"fr-FR\",\"@id\":\"https:\/\/www.africa-press.net\/cotedivoire\/politique\/cote-divoire-gbagbo-rend-visite-a-son-ancien-rival-bedie-sous-le-signe-de-la-reconciliation#primaryimage\",\"url\":\"https:\/\/static.africa-press.net\/cote\/sites\/43\/2021\/07\/img-60edcd2acc637.jpg\",\"contentUrl\":\"https:\/\/static.africa-press.net\/cote\/sites\/43\/2021\/07\/img-60edcd2acc637.jpg\",\"width\":1440,\"height\":720,\"caption\":\"C\u00f4te d\u2019Ivoire\u00a0: Gbagbo rend visite \u00e0 son ancien rival B\u00e9di\u00e9, sous le signe de la r\u00e9conciliation\"},{\"@type\":\"BreadcrumbList\",\"@id\":\"https:\/\/www.africa-press.net\/cotedivoire\/politique\/cote-divoire-gbagbo-rend-visite-a-son-ancien-rival-bedie-sous-le-signe-de-la-reconciliation#breadcrumb\",\"itemListElement\":[{\"@type\":\"ListItem\",\"position\":1,\"name\":\"Accueil\",\"item\":\"https:\/\/www.africa-press.net\/cotedivoire\/\"},{\"@type\":\"ListItem\",\"position\":2,\"name\":\"Gbagbo rend visite \u00e0 son ancien rival B\u00e9di\u00e9, sous le signe de la r\u00e9conciliation\"}]},{\"@type\":\"WebSite\",\"@id\":\"https:\/\/www.africa-press.net\/cotedivoire\/#website\",\"url\":\"https:\/\/www.africa-press.net\/cotedivoire\/\",\"name\":\"C\u00f4te d&#039;Ivoire\",\"description\":\"Just another Africa News Agency Sites site\",\"potentialAction\":[{\"@type\":\"SearchAction\",\"target\":{\"@type\":\"EntryPoint\",\"urlTemplate\":\"https:\/\/www.africa-press.net\/cotedivoire\/?s={search_term_string}\"},\"query-input\":{\"@type\":\"PropertyValueSpecification\",\"valueRequired\":true,\"valueName\":\"search_term_string\"}}],\"inLanguage\":\"fr-FR\"},{\"@type\":\"Person\",\"@id\":\"https:\/\/www.africa-press.net\/cotedivoire\/#\/schema\/person\/2b1cf3cd81a31e3cd26889ca66d677f1\",\"name\":\"cfeditorfr\"}]}<\/script>\n<!-- \/ Yoast SEO Premium plugin. -->","yoast_head_json":{"title":"Gbagbo rend visite \u00e0 son ancien rival B\u00e9di\u00e9, sous le signe de la r\u00e9conciliation - C\u00f4te d&#039;Ivoire","description":"Le ton \u00e9tait \u00e0 la r\u00e9conciliation, samedi 10 juillet, \u00e0 Daoukro, dans le centre de la C\u00f4te d\u2019Ivoire, o\u00f9 l\u2019ex-pr\u00e9sident La ...","robots":{"index":"index","follow":"follow","max-snippet":"max-snippet:-1","max-image-preview":"max-image-preview:large","max-video-preview":"max-video-preview:-1"},"canonical":"https:\/\/www.africa-press.net\/cotedivoire\/politique\/cote-divoire-gbagbo-rend-visite-a-son-ancien-rival-bedie-sous-le-signe-de-la-reconciliation","og_locale":"fr_FR","og_type":"article","og_title":"Gbagbo rend visite \u00e0 son ancien rival B\u00e9di\u00e9, sous le signe de la r\u00e9conciliation","og_description":"Le ton \u00e9tait \u00e0 la r\u00e9conciliation, samedi 10 juillet, \u00e0 Daoukro, dans le centre de la C\u00f4te d\u2019Ivoire, o\u00f9 l\u2019ex-pr\u00e9sident La ...","og_url":"https:\/\/www.africa-press.net\/cotedivoire\/politique\/cote-divoire-gbagbo-rend-visite-a-son-ancien-rival-bedie-sous-le-signe-de-la-reconciliation","og_site_name":"C\u00f4te d&#039;Ivoire","article_published_time":"2021-07-13T17:32:27+00:00","article_modified_time":"2021-07-14T13:00:23+00:00","og_image":[{"width":1440,"height":720,"url":"https:\/\/static.africa-press.net\/cote\/sites\/43\/2021\/07\/img-60edcd2acc637.jpg","type":"image\/jpeg"}],"author":"cfeditorfr","twitter_card":"summary_large_image","twitter_misc":{"\u00c9crit par":"cfeditorfr","Dur\u00e9e de lecture estim\u00e9e":"3 minutes"},"schema":{"@context":"https:\/\/schema.org","@graph":[{"@type":"Article","@id":"https:\/\/www.africa-press.net\/cotedivoire\/politique\/cote-divoire-gbagbo-rend-visite-a-son-ancien-rival-bedie-sous-le-signe-de-la-reconciliation#article","isPartOf":{"@id":"https:\/\/www.africa-press.net\/cotedivoire\/politique\/cote-divoire-gbagbo-rend-visite-a-son-ancien-rival-bedie-sous-le-signe-de-la-reconciliation"},"author":{"name":"cfeditorfr","@id":"https:\/\/www.africa-press.net\/cotedivoire\/#\/schema\/person\/2b1cf3cd81a31e3cd26889ca66d677f1"},"headline":"Gbagbo rend visite \u00e0 son ancien rival B\u00e9di\u00e9, sous le signe de la r\u00e9conciliation","datePublished":"2021-07-13T17:32:27+00:00","dateModified":"2021-07-14T13:00:23+00:00","mainEntityOfPage":{"@id":"https:\/\/www.africa-press.net\/cotedivoire\/politique\/cote-divoire-gbagbo-rend-visite-a-son-ancien-rival-bedie-sous-le-signe-de-la-reconciliation"},"wordCount":608,"commentCount":0,"image":{"@id":"https:\/\/www.africa-press.net\/cotedivoire\/politique\/cote-divoire-gbagbo-rend-visite-a-son-ancien-rival-bedie-sous-le-signe-de-la-reconciliation#primaryimage"},"thumbnailUrl":"https:\/\/static.africa-press.net\/cote\/sites\/43\/2021\/07\/img-60edcd2acc637.jpg","keywords":["Africa Press","Africa Press-C\u00f4te d'Ivoire","C\u00d4TE D'IVOIRE"],"articleSection":["homepage-french","Politique","Toutes les actualit\u00e9s"],"inLanguage":"fr-FR","potentialAction":[{"@type":"CommentAction","name":"Comment","target":["https:\/\/www.africa-press.net\/cotedivoire\/politique\/cote-divoire-gbagbo-rend-visite-a-son-ancien-rival-bedie-sous-le-signe-de-la-reconciliation#respond"]}]},{"@type":"WebPage","@id":"https:\/\/www.africa-press.net\/cotedivoire\/politique\/cote-divoire-gbagbo-rend-visite-a-son-ancien-rival-bedie-sous-le-signe-de-la-reconciliation","url":"https:\/\/www.africa-press.net\/cotedivoire\/politique\/cote-divoire-gbagbo-rend-visite-a-son-ancien-rival-bedie-sous-le-signe-de-la-reconciliation","name":"Gbagbo rend visite \u00e0 son ancien rival B\u00e9di\u00e9, sous le signe de la r\u00e9conciliation - C\u00f4te d&#039;Ivoire","isPartOf":{"@id":"https:\/\/www.africa-press.net\/cotedivoire\/#website"},"primaryImageOfPage":{"@id":"https:\/\/www.africa-press.net\/cotedivoire\/politique\/cote-divoire-gbagbo-rend-visite-a-son-ancien-rival-bedie-sous-le-signe-de-la-reconciliation#primaryimage"},"image":{"@id":"https:\/\/www.africa-press.net\/cotedivoire\/politique\/cote-divoire-gbagbo-rend-visite-a-son-ancien-rival-bedie-sous-le-signe-de-la-reconciliation#primaryimage"},"thumbnailUrl":"https:\/\/static.africa-press.net\/cote\/sites\/43\/2021\/07\/img-60edcd2acc637.jpg","datePublished":"2021-07-13T17:32:27+00:00","dateModified":"2021-07-14T13:00:23+00:00","author":{"@id":"https:\/\/www.africa-press.net\/cotedivoire\/#\/schema\/person\/2b1cf3cd81a31e3cd26889ca66d677f1"},"description":"Le ton \u00e9tait \u00e0 la r\u00e9conciliation, samedi 10 juillet, \u00e0 Daoukro, dans le centre de la C\u00f4te d\u2019Ivoire, o\u00f9 l\u2019ex-pr\u00e9sident La ...","breadcrumb":{"@id":"https:\/\/www.africa-press.net\/cotedivoire\/politique\/cote-divoire-gbagbo-rend-visite-a-son-ancien-rival-bedie-sous-le-signe-de-la-reconciliation#breadcrumb"},"inLanguage":"fr-FR","potentialAction":[{"@type":"ReadAction","target":["https:\/\/www.africa-press.net\/cotedivoire\/politique\/cote-divoire-gbagbo-rend-visite-a-son-ancien-rival-bedie-sous-le-signe-de-la-reconciliation"]}]},{"@type":"ImageObject","inLanguage":"fr-FR","@id":"https:\/\/www.africa-press.net\/cotedivoire\/politique\/cote-divoire-gbagbo-rend-visite-a-son-ancien-rival-bedie-sous-le-signe-de-la-reconciliation#primaryimage","url":"https:\/\/static.africa-press.net\/cote\/sites\/43\/2021\/07\/img-60edcd2acc637.jpg","contentUrl":"https:\/\/static.africa-press.net\/cote\/sites\/43\/2021\/07\/img-60edcd2acc637.jpg","width":1440,"height":720,"caption":"C\u00f4te d\u2019Ivoire\u00a0: Gbagbo rend visite \u00e0 son ancien rival B\u00e9di\u00e9, sous le signe de la r\u00e9conciliation"},{"@type":"BreadcrumbList","@id":"https:\/\/www.africa-press.net\/cotedivoire\/politique\/cote-divoire-gbagbo-rend-visite-a-son-ancien-rival-bedie-sous-le-signe-de-la-reconciliation#breadcrumb","itemListElement":[{"@type":"ListItem","position":1,"name":"Accueil","item":"https:\/\/www.africa-press.net\/cotedivoire\/"},{"@type":"ListItem","position":2,"name":"Gbagbo rend visite \u00e0 son ancien rival B\u00e9di\u00e9, sous le signe de la r\u00e9conciliation"}]},{"@type":"WebSite","@id":"https:\/\/www.africa-press.net\/cotedivoire\/#website","url":"https:\/\/www.africa-press.net\/cotedivoire\/","name":"C\u00f4te d&#039;Ivoire","description":"Just another Africa News Agency Sites site","potentialAction":[{"@type":"SearchAction","target":{"@type":"EntryPoint","urlTemplate":"https:\/\/www.africa-press.net\/cotedivoire\/?s={search_term_string}"},"query-input":{"@type":"PropertyValueSpecification","valueRequired":true,"valueName":"search_term_string"}}],"inLanguage":"fr-FR"},{"@type":"Person","@id":"https:\/\/www.africa-press.net\/cotedivoire\/#\/schema\/person\/2b1cf3cd81a31e3cd26889ca66d677f1","name":"cfeditorfr"}]}},"_links":{"self":[{"href":"https:\/\/www.africa-press.net\/cotedivoire\/wp-json\/wp\/v2\/posts\/9845","targetHints":{"allow":["GET"]}}],"collection":[{"href":"https:\/\/www.africa-press.net\/cotedivoire\/wp-json\/wp\/v2\/posts"}],"about":[{"href":"https:\/\/www.africa-press.net\/cotedivoire\/wp-json\/wp\/v2\/types\/post"}],"author":[{"embeddable":true,"href":"https:\/\/www.africa-press.net\/cotedivoire\/wp-json\/wp\/v2\/users\/82"}],"replies":[{"embeddable":true,"href":"https:\/\/www.africa-press.net\/cotedivoire\/wp-json\/wp\/v2\/comments?post=9845"}],"version-history":[{"count":0,"href":"https:\/\/www.africa-press.net\/cotedivoire\/wp-json\/wp\/v2\/posts\/9845\/revisions"}],"wp:featuredmedia":[{"embeddable":true,"href":"https:\/\/www.africa-press.net\/cotedivoire\/wp-json\/wp\/v2\/media\/9844"}],"wp:attachment":[{"href":"https:\/\/www.africa-press.net\/cotedivoire\/wp-json\/wp\/v2\/media?parent=9845"}],"wp:term":[{"taxonomy":"category","embeddable":true,"href":"https:\/\/www.africa-press.net\/cotedivoire\/wp-json\/wp\/v2\/categories?post=9845"},{"taxonomy":"post_tag","embeddable":true,"href":"https:\/\/www.africa-press.net\/cotedivoire\/wp-json\/wp\/v2\/tags?post=9845"}],"curies":[{"name":"wp","href":"https:\/\/api.w.org\/{rel}","templated":true}]}}