{"id":98520,"date":"2025-05-04T16:45:24","date_gmt":"2025-05-04T16:45:24","guid":{"rendered":"https:\/\/www.africa-press.net\/cotedivoire\/politique\/presidentielle-2025-un-mouvement-de-jeunesse-se-mobilise-pour-la-victoire-du-rhdp-des-le-premier-tour"},"modified":"2025-05-05T16:03:52","modified_gmt":"2025-05-05T16:03:52","slug":"presidentielle-2025-un-mouvement-de-jeunesse-se-mobilise-pour-la-victoire-du-rhdp-des-le-premier-tour","status":"publish","type":"post","link":"https:\/\/www.africa-press.net\/cotedivoire\/politique\/presidentielle-2025-un-mouvement-de-jeunesse-se-mobilise-pour-la-victoire-du-rhdp-des-le-premier-tour","title":{"rendered":"Pr\u00e9sidentielle 2025, un mouvement de jeunesse se mobilise pour la victoire du RHDP d\u00e8s le premier tour"},"content":{"rendered":"<p><span style=\"color: #ff6600\"><strong>Africa-Press &#8211; C\u00f4te d&rsquo;Ivoire. <\/strong><\/span>A\u0300 cinq mois de l\u2019e\u0301lection pre\u0301sidentielle en Co\u0302te d\u2019Ivoire, la jeunesse se mobilise derrie\u0300re le pre\u0301sident Alassane Ouattara, qui n&rsquo;a pas encore dit s&rsquo;il sera le candidat du Rassemblement des houphoue\u0308tistes pour la de\u0301mocratie et la paix (Rhdp).<\/p>\n<p>Le samedi 3 mai 2025, le Dr Zanga Coulibaly, pre\u0301sident national de l\u2019Alliance de la Jeunesse Unie de Co\u0302te d\u2019Ivoire (Ajuci), a officiellement lance\u0301 les activite\u0301s de son mouvement au complexe sportif d\u2019Anyama.<\/p>\n<p>Cre\u0301e\u0301e le 23 novembre 2024, l\u2019Ajuci se positionne de\u0301sormais comme un acteur majeur du soutien au chef de l\u2019E\u0301tat et a\u0300 sa formation politique. A\u0300 cette occasion, la coordination locale d\u2019Anyama a e\u0301te\u0301 installe\u0301e, avec a\u0300 sa te\u0302te Diabate\u0301 Adama, dit Delpi, 3e adjoint au maire de la commune.<\/p>\n<p>Devant une foule enthousiaste, Dr Zanga Coulibaly a lance\u0301 un appel fort a\u0300 la jeunesse ivoirienne.<\/p>\n<p>\u00ab Chaque jeune doit s\u2019impliquer pleinement et devenir un directeur de campagne pour le pre\u0301sident Alassane Ouattara. Notre objectif est clair: une victoire de\u0300s le premier tour, un ve\u0301ritable coup KO pour garantir la stabilite\u0301, la paix et le de\u0301veloppement de notre pays. \u00bb<\/p>\n<p>Le leader de l\u2019Ajuci a rappele\u0301 que depuis sa cre\u0301ation, l\u2019organisation \u0153uvre pour la cohe\u0301sion entre les e\u0301lus et les cadres des diffe\u0301rentes re\u0301gions, dans le but de renforcer l\u2019unite\u0301 autour de la vision du pre\u0301sident Ouattara.<\/p>\n<p>Place\u0301e sous le haut parrainage de Fatim Bamba, maire d\u2019Anyama, la ce\u0301re\u0301monie s\u2019est tenue en pre\u0301sence de plusieurs personnalite\u0301s politiques, dont le de\u0301pute\u0301 Falikou Soumahoro, coordonnateur adjoint Rhdp d\u2019Anyama, et M. N\u2019guessan Kouassi Blaise, directeur administratif et financier du ministe\u0300re de l\u2019Hydraulique, invite\u0301 d\u2019honneur de l\u2019e\u0301ve\u0301nement.<\/p>\n<p>Fide\u0300le a\u0300 son slogan \u00ab Pour la continuite\u0301 avec ADO et le Rhdp \u00bb, l\u2019Ajuci entend jouer un ro\u0302le cle\u0301 dans la mobilisation e\u0301lectorale. A\u0300 travers cette de\u0301monstration de force a\u0300 Anyama, le mouvement re\u0301affirme son attachement a\u0300 une Co\u0302te d\u2019Ivoire stable, prospe\u0300re et unie, porte\u0301e par la vision du pre\u0301sident Ouattara.<\/p>\n<p>Enfin, Ouattara candidat du RHDP ou pas, au regard du calendrier et faute d&rsquo;adversaire de poids, d&rsquo;opposition re\u0301elle et de divisions en interne, dans un climat social peu enclin a\u0300 se passionner pour la politique, on se dirige tout droit vers une continuite\u0301 du pouvoir pour la pre\u0301sidentielle d&rsquo;octobre prochain.<\/p>\n<p><strong>Pour plus d&rsquo;informations et d&rsquo;analyses sur la <span style=\"color: #ff6600\">C\u00f4te d&rsquo;Ivoire<\/span>, suivez <span style=\"color: #ff6600\">Africa-Press<\/span><\/strong><\/p>\n","protected":false},"excerpt":{"rendered":"<p>Africa-Press &#8211; C\u00f4te d&rsquo;Ivoire. A\u0300 cinq mois de l\u2019e\u0301lection pre\u0301sidentielle en Co\u0302te d\u2019Ivoire, la jeunesse se mobilise derrie\u0300re le pre\u0301sident Alassane Ouattara, qui n&rsquo;a pas encore dit s&rsquo;il sera le candidat du Rassemblement des houphoue\u0308tistes pour la de\u0301mocratie et la paix (Rhdp). Le samedi 3 mai 2025, le Dr Zanga Coulibaly, pre\u0301sident national de l\u2019Alliance [&hellip;]<\/p>\n","protected":false},"author":82,"featured_media":98519,"comment_status":"open","ping_status":"closed","sticky":false,"template":"","format":"standard","meta":{"footnotes":""},"categories":[2,10],"tags":[15747,38,29,17388,2611,15238,312,3831],"class_list":["post-98520","post","type-post","status-publish","format-standard","has-post-thumbnail","hentry","category-politique","category-toutes-les-actualites","tag-ajuci","tag-alassane-ouattara","tag-cote-divoire","tag-eclatante","tag-jeunesse","tag-mobilise","tag-presidentielle","tag-victoire"],"yoast_head":"<!-- This site is optimized with the Yoast SEO Premium plugin v26.1 (Yoast SEO v27.0) - https:\/\/yoast.com\/product\/yoast-seo-premium-wordpress\/ -->\n<title>Pr\u00e9sidentielle 2025, un mouvement de jeunesse se mobilise pour la victoire du RHDP d\u00e8s le premier tour - C\u00f4te d&#039;Ivoire<\/title>\n<meta name=\"description\" content=\"A\u0300 cinq mois de l\u2019e\u0301lection pre\u0301sidentielle en Co\u0302te d\u2019Ivoire, la jeunesse se mobilise derrie\u0300re le pre\u0301sident Alassane ...\" \/>\n<meta name=\"robots\" content=\"index, follow, max-snippet:-1, max-image-preview:large, max-video-preview:-1\" \/>\n<link rel=\"canonical\" href=\"https:\/\/www.africa-press.net\/cotedivoire\/politique\/presidentielle-2025-un-mouvement-de-jeunesse-se-mobilise-pour-la-victoire-du-rhdp-des-le-premier-tour\" \/>\n<meta property=\"og:locale\" content=\"fr_FR\" \/>\n<meta property=\"og:type\" content=\"article\" \/>\n<meta property=\"og:title\" content=\"Pr\u00e9sidentielle 2025, un mouvement de jeunesse se mobilise pour la victoire du RHDP d\u00e8s le premier tour\" \/>\n<meta property=\"og:description\" content=\"A\u0300 cinq mois de l\u2019e\u0301lection pre\u0301sidentielle en Co\u0302te d\u2019Ivoire, la jeunesse se mobilise derrie\u0300re le pre\u0301sident Alassane ...\" \/>\n<meta property=\"og:url\" content=\"https:\/\/www.africa-press.net\/cotedivoire\/politique\/presidentielle-2025-un-mouvement-de-jeunesse-se-mobilise-pour-la-victoire-du-rhdp-des-le-premier-tour\" \/>\n<meta property=\"og:site_name\" content=\"C\u00f4te d&#039;Ivoire\" \/>\n<meta property=\"article:published_time\" content=\"2025-05-04T16:45:24+00:00\" \/>\n<meta property=\"article:modified_time\" content=\"2025-05-05T16:03:52+00:00\" \/>\n<meta property=\"og:image\" content=\"https:\/\/static.africa-press.net\/cote\/sites\/43\/2025\/05\/sm_1746365037.274796.jpg\" \/>\n\t<meta property=\"og:image:width\" content=\"720\" \/>\n\t<meta property=\"og:image:height\" content=\"480\" \/>\n\t<meta property=\"og:image:type\" content=\"image\/jpeg\" \/>\n<meta name=\"author\" content=\"cfeditorfr\" \/>\n<meta name=\"twitter:card\" content=\"summary_large_image\" \/>\n<meta name=\"twitter:label1\" content=\"\u00c9crit par\" \/>\n\t<meta name=\"twitter:data1\" content=\"cfeditorfr\" \/>\n\t<meta name=\"twitter:label2\" content=\"Dur\u00e9e de lecture estim\u00e9e\" \/>\n\t<meta name=\"twitter:data2\" content=\"2 minutes\" \/>\n<script type=\"application\/ld+json\" class=\"yoast-schema-graph\">{\"@context\":\"https:\/\/schema.org\",\"@graph\":[{\"@type\":\"Article\",\"@id\":\"https:\/\/www.africa-press.net\/cotedivoire\/politique\/presidentielle-2025-un-mouvement-de-jeunesse-se-mobilise-pour-la-victoire-du-rhdp-des-le-premier-tour#article\",\"isPartOf\":{\"@id\":\"https:\/\/www.africa-press.net\/cotedivoire\/politique\/presidentielle-2025-un-mouvement-de-jeunesse-se-mobilise-pour-la-victoire-du-rhdp-des-le-premier-tour\"},\"author\":{\"name\":\"cfeditorfr\",\"@id\":\"https:\/\/www.africa-press.net\/cotedivoire\/#\/schema\/person\/2b1cf3cd81a31e3cd26889ca66d677f1\"},\"headline\":\"Pr\u00e9sidentielle 2025, un mouvement de jeunesse se mobilise pour la victoire du RHDP d\u00e8s le premier tour\",\"datePublished\":\"2025-05-04T16:45:24+00:00\",\"dateModified\":\"2025-05-05T16:03:52+00:00\",\"mainEntityOfPage\":{\"@id\":\"https:\/\/www.africa-press.net\/cotedivoire\/politique\/presidentielle-2025-un-mouvement-de-jeunesse-se-mobilise-pour-la-victoire-du-rhdp-des-le-premier-tour\"},\"wordCount\":469,\"commentCount\":0,\"image\":{\"@id\":\"https:\/\/www.africa-press.net\/cotedivoire\/politique\/presidentielle-2025-un-mouvement-de-jeunesse-se-mobilise-pour-la-victoire-du-rhdp-des-le-premier-tour#primaryimage\"},\"thumbnailUrl\":\"https:\/\/static.africa-press.net\/cote\/sites\/43\/2025\/05\/sm_1746365037.274796.jpg\",\"keywords\":[\"AJUCI\",\"Alassane Ouattara\",\"C\u00d4TE D'IVOIRE\",\"\u00e9clatante\",\"jeunesse\",\"mobilise\",\"pr\u00e9sidentielle\",\"victoire\"],\"articleSection\":[\"Politique\",\"Toutes les actualit\u00e9s\"],\"inLanguage\":\"fr-FR\",\"potentialAction\":[{\"@type\":\"CommentAction\",\"name\":\"Comment\",\"target\":[\"https:\/\/www.africa-press.net\/cotedivoire\/politique\/presidentielle-2025-un-mouvement-de-jeunesse-se-mobilise-pour-la-victoire-du-rhdp-des-le-premier-tour#respond\"]}]},{\"@type\":\"WebPage\",\"@id\":\"https:\/\/www.africa-press.net\/cotedivoire\/politique\/presidentielle-2025-un-mouvement-de-jeunesse-se-mobilise-pour-la-victoire-du-rhdp-des-le-premier-tour\",\"url\":\"https:\/\/www.africa-press.net\/cotedivoire\/politique\/presidentielle-2025-un-mouvement-de-jeunesse-se-mobilise-pour-la-victoire-du-rhdp-des-le-premier-tour\",\"name\":\"Pr\u00e9sidentielle 2025, un mouvement de jeunesse se mobilise pour la victoire du RHDP d\u00e8s le premier tour - C\u00f4te d&#039;Ivoire\",\"isPartOf\":{\"@id\":\"https:\/\/www.africa-press.net\/cotedivoire\/#website\"},\"primaryImageOfPage\":{\"@id\":\"https:\/\/www.africa-press.net\/cotedivoire\/politique\/presidentielle-2025-un-mouvement-de-jeunesse-se-mobilise-pour-la-victoire-du-rhdp-des-le-premier-tour#primaryimage\"},\"image\":{\"@id\":\"https:\/\/www.africa-press.net\/cotedivoire\/politique\/presidentielle-2025-un-mouvement-de-jeunesse-se-mobilise-pour-la-victoire-du-rhdp-des-le-premier-tour#primaryimage\"},\"thumbnailUrl\":\"https:\/\/static.africa-press.net\/cote\/sites\/43\/2025\/05\/sm_1746365037.274796.jpg\",\"datePublished\":\"2025-05-04T16:45:24+00:00\",\"dateModified\":\"2025-05-05T16:03:52+00:00\",\"author\":{\"@id\":\"https:\/\/www.africa-press.net\/cotedivoire\/#\/schema\/person\/2b1cf3cd81a31e3cd26889ca66d677f1\"},\"description\":\"A\u0300 cinq mois de l\u2019e\u0301lection pre\u0301sidentielle en Co\u0302te d\u2019Ivoire, la jeunesse se mobilise derrie\u0300re le pre\u0301sident Alassane ...\",\"breadcrumb\":{\"@id\":\"https:\/\/www.africa-press.net\/cotedivoire\/politique\/presidentielle-2025-un-mouvement-de-jeunesse-se-mobilise-pour-la-victoire-du-rhdp-des-le-premier-tour#breadcrumb\"},\"inLanguage\":\"fr-FR\",\"potentialAction\":[{\"@type\":\"ReadAction\",\"target\":[\"https:\/\/www.africa-press.net\/cotedivoire\/politique\/presidentielle-2025-un-mouvement-de-jeunesse-se-mobilise-pour-la-victoire-du-rhdp-des-le-premier-tour\"]}]},{\"@type\":\"ImageObject\",\"inLanguage\":\"fr-FR\",\"@id\":\"https:\/\/www.africa-press.net\/cotedivoire\/politique\/presidentielle-2025-un-mouvement-de-jeunesse-se-mobilise-pour-la-victoire-du-rhdp-des-le-premier-tour#primaryimage\",\"url\":\"https:\/\/static.africa-press.net\/cote\/sites\/43\/2025\/05\/sm_1746365037.274796.jpg\",\"contentUrl\":\"https:\/\/static.africa-press.net\/cote\/sites\/43\/2025\/05\/sm_1746365037.274796.jpg\",\"width\":720,\"height\":480,\"caption\":\"Pr\u00e9sidentielle 2025, un mouvement de jeunesse se mobilise pour la victoire du RHDP d\u00e8s le premier tour\"},{\"@type\":\"BreadcrumbList\",\"@id\":\"https:\/\/www.africa-press.net\/cotedivoire\/politique\/presidentielle-2025-un-mouvement-de-jeunesse-se-mobilise-pour-la-victoire-du-rhdp-des-le-premier-tour#breadcrumb\",\"itemListElement\":[{\"@type\":\"ListItem\",\"position\":1,\"name\":\"Accueil\",\"item\":\"https:\/\/www.africa-press.net\/cotedivoire\/\"},{\"@type\":\"ListItem\",\"position\":2,\"name\":\"Pr\u00e9sidentielle 2025, un mouvement de jeunesse se mobilise pour la victoire du RHDP d\u00e8s le premier tour\"}]},{\"@type\":\"WebSite\",\"@id\":\"https:\/\/www.africa-press.net\/cotedivoire\/#website\",\"url\":\"https:\/\/www.africa-press.net\/cotedivoire\/\",\"name\":\"C\u00f4te d&#039;Ivoire\",\"description\":\"Just another Africa News Agency Sites site\",\"potentialAction\":[{\"@type\":\"SearchAction\",\"target\":{\"@type\":\"EntryPoint\",\"urlTemplate\":\"https:\/\/www.africa-press.net\/cotedivoire\/?s={search_term_string}\"},\"query-input\":{\"@type\":\"PropertyValueSpecification\",\"valueRequired\":true,\"valueName\":\"search_term_string\"}}],\"inLanguage\":\"fr-FR\"},{\"@type\":\"Person\",\"@id\":\"https:\/\/www.africa-press.net\/cotedivoire\/#\/schema\/person\/2b1cf3cd81a31e3cd26889ca66d677f1\",\"name\":\"cfeditorfr\"}]}<\/script>\n<!-- \/ Yoast SEO Premium plugin. -->","yoast_head_json":{"title":"Pr\u00e9sidentielle 2025, un mouvement de jeunesse se mobilise pour la victoire du RHDP d\u00e8s le premier tour - C\u00f4te d&#039;Ivoire","description":"A\u0300 cinq mois de l\u2019e\u0301lection pre\u0301sidentielle en Co\u0302te d\u2019Ivoire, la jeunesse se mobilise derrie\u0300re le pre\u0301sident Alassane ...","robots":{"index":"index","follow":"follow","max-snippet":"max-snippet:-1","max-image-preview":"max-image-preview:large","max-video-preview":"max-video-preview:-1"},"canonical":"https:\/\/www.africa-press.net\/cotedivoire\/politique\/presidentielle-2025-un-mouvement-de-jeunesse-se-mobilise-pour-la-victoire-du-rhdp-des-le-premier-tour","og_locale":"fr_FR","og_type":"article","og_title":"Pr\u00e9sidentielle 2025, un mouvement de jeunesse se mobilise pour la victoire du RHDP d\u00e8s le premier tour","og_description":"A\u0300 cinq mois de l\u2019e\u0301lection pre\u0301sidentielle en Co\u0302te d\u2019Ivoire, la jeunesse se mobilise derrie\u0300re le pre\u0301sident Alassane ...","og_url":"https:\/\/www.africa-press.net\/cotedivoire\/politique\/presidentielle-2025-un-mouvement-de-jeunesse-se-mobilise-pour-la-victoire-du-rhdp-des-le-premier-tour","og_site_name":"C\u00f4te d&#039;Ivoire","article_published_time":"2025-05-04T16:45:24+00:00","article_modified_time":"2025-05-05T16:03:52+00:00","og_image":[{"width":720,"height":480,"url":"https:\/\/static.africa-press.net\/cote\/sites\/43\/2025\/05\/sm_1746365037.274796.jpg","type":"image\/jpeg"}],"author":"cfeditorfr","twitter_card":"summary_large_image","twitter_misc":{"\u00c9crit par":"cfeditorfr","Dur\u00e9e de lecture estim\u00e9e":"2 minutes"},"schema":{"@context":"https:\/\/schema.org","@graph":[{"@type":"Article","@id":"https:\/\/www.africa-press.net\/cotedivoire\/politique\/presidentielle-2025-un-mouvement-de-jeunesse-se-mobilise-pour-la-victoire-du-rhdp-des-le-premier-tour#article","isPartOf":{"@id":"https:\/\/www.africa-press.net\/cotedivoire\/politique\/presidentielle-2025-un-mouvement-de-jeunesse-se-mobilise-pour-la-victoire-du-rhdp-des-le-premier-tour"},"author":{"name":"cfeditorfr","@id":"https:\/\/www.africa-press.net\/cotedivoire\/#\/schema\/person\/2b1cf3cd81a31e3cd26889ca66d677f1"},"headline":"Pr\u00e9sidentielle 2025, un mouvement de jeunesse se mobilise pour la victoire du RHDP d\u00e8s le premier tour","datePublished":"2025-05-04T16:45:24+00:00","dateModified":"2025-05-05T16:03:52+00:00","mainEntityOfPage":{"@id":"https:\/\/www.africa-press.net\/cotedivoire\/politique\/presidentielle-2025-un-mouvement-de-jeunesse-se-mobilise-pour-la-victoire-du-rhdp-des-le-premier-tour"},"wordCount":469,"commentCount":0,"image":{"@id":"https:\/\/www.africa-press.net\/cotedivoire\/politique\/presidentielle-2025-un-mouvement-de-jeunesse-se-mobilise-pour-la-victoire-du-rhdp-des-le-premier-tour#primaryimage"},"thumbnailUrl":"https:\/\/static.africa-press.net\/cote\/sites\/43\/2025\/05\/sm_1746365037.274796.jpg","keywords":["AJUCI","Alassane Ouattara","C\u00d4TE D'IVOIRE","\u00e9clatante","jeunesse","mobilise","pr\u00e9sidentielle","victoire"],"articleSection":["Politique","Toutes les actualit\u00e9s"],"inLanguage":"fr-FR","potentialAction":[{"@type":"CommentAction","name":"Comment","target":["https:\/\/www.africa-press.net\/cotedivoire\/politique\/presidentielle-2025-un-mouvement-de-jeunesse-se-mobilise-pour-la-victoire-du-rhdp-des-le-premier-tour#respond"]}]},{"@type":"WebPage","@id":"https:\/\/www.africa-press.net\/cotedivoire\/politique\/presidentielle-2025-un-mouvement-de-jeunesse-se-mobilise-pour-la-victoire-du-rhdp-des-le-premier-tour","url":"https:\/\/www.africa-press.net\/cotedivoire\/politique\/presidentielle-2025-un-mouvement-de-jeunesse-se-mobilise-pour-la-victoire-du-rhdp-des-le-premier-tour","name":"Pr\u00e9sidentielle 2025, un mouvement de jeunesse se mobilise pour la victoire du RHDP d\u00e8s le premier tour - C\u00f4te d&#039;Ivoire","isPartOf":{"@id":"https:\/\/www.africa-press.net\/cotedivoire\/#website"},"primaryImageOfPage":{"@id":"https:\/\/www.africa-press.net\/cotedivoire\/politique\/presidentielle-2025-un-mouvement-de-jeunesse-se-mobilise-pour-la-victoire-du-rhdp-des-le-premier-tour#primaryimage"},"image":{"@id":"https:\/\/www.africa-press.net\/cotedivoire\/politique\/presidentielle-2025-un-mouvement-de-jeunesse-se-mobilise-pour-la-victoire-du-rhdp-des-le-premier-tour#primaryimage"},"thumbnailUrl":"https:\/\/static.africa-press.net\/cote\/sites\/43\/2025\/05\/sm_1746365037.274796.jpg","datePublished":"2025-05-04T16:45:24+00:00","dateModified":"2025-05-05T16:03:52+00:00","author":{"@id":"https:\/\/www.africa-press.net\/cotedivoire\/#\/schema\/person\/2b1cf3cd81a31e3cd26889ca66d677f1"},"description":"A\u0300 cinq mois de l\u2019e\u0301lection pre\u0301sidentielle en Co\u0302te d\u2019Ivoire, la jeunesse se mobilise derrie\u0300re le pre\u0301sident Alassane ...","breadcrumb":{"@id":"https:\/\/www.africa-press.net\/cotedivoire\/politique\/presidentielle-2025-un-mouvement-de-jeunesse-se-mobilise-pour-la-victoire-du-rhdp-des-le-premier-tour#breadcrumb"},"inLanguage":"fr-FR","potentialAction":[{"@type":"ReadAction","target":["https:\/\/www.africa-press.net\/cotedivoire\/politique\/presidentielle-2025-un-mouvement-de-jeunesse-se-mobilise-pour-la-victoire-du-rhdp-des-le-premier-tour"]}]},{"@type":"ImageObject","inLanguage":"fr-FR","@id":"https:\/\/www.africa-press.net\/cotedivoire\/politique\/presidentielle-2025-un-mouvement-de-jeunesse-se-mobilise-pour-la-victoire-du-rhdp-des-le-premier-tour#primaryimage","url":"https:\/\/static.africa-press.net\/cote\/sites\/43\/2025\/05\/sm_1746365037.274796.jpg","contentUrl":"https:\/\/static.africa-press.net\/cote\/sites\/43\/2025\/05\/sm_1746365037.274796.jpg","width":720,"height":480,"caption":"Pr\u00e9sidentielle 2025, un mouvement de jeunesse se mobilise pour la victoire du RHDP d\u00e8s le premier tour"},{"@type":"BreadcrumbList","@id":"https:\/\/www.africa-press.net\/cotedivoire\/politique\/presidentielle-2025-un-mouvement-de-jeunesse-se-mobilise-pour-la-victoire-du-rhdp-des-le-premier-tour#breadcrumb","itemListElement":[{"@type":"ListItem","position":1,"name":"Accueil","item":"https:\/\/www.africa-press.net\/cotedivoire\/"},{"@type":"ListItem","position":2,"name":"Pr\u00e9sidentielle 2025, un mouvement de jeunesse se mobilise pour la victoire du RHDP d\u00e8s le premier tour"}]},{"@type":"WebSite","@id":"https:\/\/www.africa-press.net\/cotedivoire\/#website","url":"https:\/\/www.africa-press.net\/cotedivoire\/","name":"C\u00f4te d&#039;Ivoire","description":"Just another Africa News Agency Sites site","potentialAction":[{"@type":"SearchAction","target":{"@type":"EntryPoint","urlTemplate":"https:\/\/www.africa-press.net\/cotedivoire\/?s={search_term_string}"},"query-input":{"@type":"PropertyValueSpecification","valueRequired":true,"valueName":"search_term_string"}}],"inLanguage":"fr-FR"},{"@type":"Person","@id":"https:\/\/www.africa-press.net\/cotedivoire\/#\/schema\/person\/2b1cf3cd81a31e3cd26889ca66d677f1","name":"cfeditorfr"}]}},"_links":{"self":[{"href":"https:\/\/www.africa-press.net\/cotedivoire\/wp-json\/wp\/v2\/posts\/98520","targetHints":{"allow":["GET"]}}],"collection":[{"href":"https:\/\/www.africa-press.net\/cotedivoire\/wp-json\/wp\/v2\/posts"}],"about":[{"href":"https:\/\/www.africa-press.net\/cotedivoire\/wp-json\/wp\/v2\/types\/post"}],"author":[{"embeddable":true,"href":"https:\/\/www.africa-press.net\/cotedivoire\/wp-json\/wp\/v2\/users\/82"}],"replies":[{"embeddable":true,"href":"https:\/\/www.africa-press.net\/cotedivoire\/wp-json\/wp\/v2\/comments?post=98520"}],"version-history":[{"count":0,"href":"https:\/\/www.africa-press.net\/cotedivoire\/wp-json\/wp\/v2\/posts\/98520\/revisions"}],"wp:featuredmedia":[{"embeddable":true,"href":"https:\/\/www.africa-press.net\/cotedivoire\/wp-json\/wp\/v2\/media\/98519"}],"wp:attachment":[{"href":"https:\/\/www.africa-press.net\/cotedivoire\/wp-json\/wp\/v2\/media?parent=98520"}],"wp:term":[{"taxonomy":"category","embeddable":true,"href":"https:\/\/www.africa-press.net\/cotedivoire\/wp-json\/wp\/v2\/categories?post=98520"},{"taxonomy":"post_tag","embeddable":true,"href":"https:\/\/www.africa-press.net\/cotedivoire\/wp-json\/wp\/v2\/tags?post=98520"}],"curies":[{"name":"wp","href":"https:\/\/api.w.org\/{rel}","templated":true}]}}