{"id":9860,"date":"2021-07-13T18:11:36","date_gmt":"2021-07-13T18:11:36","guid":{"rendered":"https:\/\/www.africa-press.net\/cotedivoire\/?p=9860"},"modified":"2021-07-15T18:49:29","modified_gmt":"2021-07-15T18:49:29","slug":"cote-divoire-visite-de-gbagbo-a-bedie-ni-contre-ouattara-ni-pour-bedie-lecons-dun-weekend-politique-en-pays-agba-nambe","status":"publish","type":"post","link":"https:\/\/www.africa-press.net\/cotedivoire\/politique\/cote-divoire-visite-de-gbagbo-a-bedie-ni-contre-ouattara-ni-pour-bedie-lecons-dun-weekend-politique-en-pays-agba-nambe","title":{"rendered":"Visite de Gbagbo \u00e0 B\u00e9di\u00e9 \u2013 Ni contre Ouattara, ni pour B\u00e9di\u00e9 \u2013 Le\u00e7ons d\u2019un weekend politique en pays Agba-Namb\u00e8"},"content":{"rendered":"<p><span style=\"color: #ff6600\"><strong><a href=\"https:\/\/www.africa-press.net\/\">Africa-Press<\/a> &#8211; <a href=\"https:\/\/www.africa-press.net\/cotedivoire\">C\u00f4te d&rsquo;Ivoire<\/a>. <\/strong><\/span>Le week-end qui vient de s\u2019achever a \u00e9t\u00e9 politiquement riche. Revenu dans son pays, le 17 juin 2021, apr\u00e8s l\u2019\u00e9preuve judiciaire \u00e0 la Cpi, Laurent Gbagbo a jug\u00e9 bon de se rendre \u00e0 Daoukro pour \u00bbsaluer de vive voix \u00bb son \u00bba\u00een\u00e9 \u00bb Henri Konan B\u00e9di\u00e9. L\u2019ancien pr\u00e9sident de la R\u00e9publique (1993-1999) n\u2019a pas l\u00e9sin\u00e9 sur les moyens pour rendre agr\u00e9able la visite de celui qui fut un temps, son rival et opposant politiques. Mobilisation des populations, accueil faste, dons, honneurs, joie, haute s\u00e9curit\u00e9, grosses cylindr\u00e9es, pique-nique champ\u00eatre, d\u00e9jeuner copieux arros\u00e9 de vins divers, s\u00e9ance de travail, d\u00e9claration commune\u2026 B\u00e9di\u00e9 a simplement cass\u00e9 la baraque.<\/p>\n<p>Depuis, cette entrevue entre les deux principaux opposants au r\u00e9gime du pr\u00e9sident Alassane Ouattara fait l\u2019objet de tous les commentaires. Des plus plus optimistes aux pessimistes, des plus irr\u00e9v\u00e9rencieux aux plus tendancieux. Vu du c\u00f4t\u00e9 du pouvoir, cette rencontre des fr\u00e8res ennemis d\u2019hier qui jurent aujourd\u2019hui de r\u00e9concilier les Ivoiriens, est vilipend\u00e9e, travestie, d\u00e9nigr\u00e9e. Elle r\u00e9colte tous les superlatifs incommodants.<\/p>\n<p>Pourtant dans son contenu comme dans son d\u00e9roul\u00e9, la visite fraternelle de Gbagbo \u00e0 B\u00e9di\u00e9 n\u2019a rien d\u2019offensant pour Alassane Ouattara. Les mots du pr\u00e9sident Gbagbo dans les \u00e9changes de nouvelles pour camper selon sa conception des choses, la situation sociopolitique de son pays en faisant allusion \u00e0 la gestion de la d\u00e9mocratie par le r\u00e9gime actuel sans citer Ouattara en personne, n\u2019est qu\u2019une mise en relief de ce que l\u2019on sait d\u00e9j\u00e0. Les \u00e9v\u00e9nements de Daoukro en 2020, en pleine contestation du 3e mandat de Ouattara sont rentr\u00e9s dans les annales de notre histoire politique. L\u2019opinion le sait, le monde entier le sait. Rappeler ces faits ou les \u00e9voquer pour les mettre au go\u00fbt du jour n\u2019a rien d\u2019insultant, ni d\u2019offensant. Les faits restent t\u00eatus quels que soient l\u2019ordre et les circonstances de leur \u00e9vocation.<\/p>\n<p>Ce qu\u2019il est bon de retenir, c\u2019est l\u2019engagement pris par ces deux t\u00e9nors de la politique ivoirienne de travailler \u00e0 la r\u00e9conciliation du peuple ivoirien. Ils ont \u00e9t\u00e9 les moteurs de la division et des haines parsem\u00e9es ici et l\u00e0. Il est donc heureux que dans leur \u00e2ge de sagesse qu\u2019ils prennent un tel engagement. On notera dans les discours des deux personnalit\u00e9s la bonne disposition d\u2019esprit \u00e0 \u0153uvrer \u00e0 cette n\u00e9cessaire r\u00e9conciliation. \u00bbLe pr\u00e9sident Laurent Gbagbo, encore une fois, tient \u00e0 vous assurer qu\u2019il est avec vous pour la r\u00e9conciliation des Ivoiriens. Un d\u00e9fi que vous vous devez de relever ensemble \u00bb, dit Gbagbo par la voix de Hubert Oula\u00ef. \u00bbNous continuerons \u00e0 approfondir les contours de ce projet de r\u00e9conciliation pour le pr\u00e9senter \u00e0 la nation toute enti\u00e8re, dans l\u2019int\u00e9r\u00eat de tous \u00bb ou encore \u00bbCette r\u00e9conciliation se fera par une volont\u00e9 forte du chef de l\u2019Etat, Alassane Dramane Ouattara, de tous les acteurs politiques dont nous-m\u00eames \u00bb, profession de foi de Henri Konan B\u00e9di\u00e9.<\/p>\n<p>De ce qui a \u00e9t\u00e9 dit et fait \u00e0 Daoukro, rien n\u2019exclut Ouattara. B\u00e9di\u00e9 et Gbagbo bien que manifestant cet ardent d\u00e9sir, n\u2019ont pas encore \u00e9chafaud\u00e9 une alliance politique du type Rhdp qui a fait des \u00e9mules entre B\u00e9di\u00e9, Ouattara, Mabri et Anaky. Pour l\u2019instant, les deux partis Pdci et Fpi ne veulent rien pr\u00e9cipiter. Ils ont conscience que sans r\u00e9conciliation, sans v\u00e9ritable entente sur ce qui doit faire le ferment de la nouvelle nation ivoirienne, tout projet politique dans la division des c\u0153urs et dans la haine gratuite est vou\u00e9 \u00e0 l\u2019\u00e9chec. Ils veulent donc commencer par la r\u00e9conciliation. Cela ne contrarie en rien Alassane Ouattara qui en fait du reste, lui aussi, son cheval de bataille apr\u00e8s avoir rompu avec ses principaux alli\u00e9s d\u2019alors. D\u2019ailleurs, il maintient un contact a minima avec son ancien alli\u00e9 Henri Konan B\u00e9di\u00e9, en attendant Gbagbo. Il croit m\u00eame encore que celui-ci va faire volte-face et revenir au Rhdp. Patrick Achi est son minci dominici. Le Premier ministre ne s\u2019\u00e9tait-il pas rendu \u00e0 Daoukro d\u00e9but juin, en mission pour Alassane Ouattara sous la d\u00e9clinaison de pr\u00e9sentation de ses condol\u00e9ances suite au d\u00e9c\u00e8s du charg\u00e9 de missions de B\u00e9di\u00e9, feu Konan Henri ?<\/p>\n<p>L\u2019on devrait donc regarder les choses avec froideur et circonspection. La rencontre de Daoukro n\u2019\u00e9tait pas pour isoler Ouattara. Bien au contraire, un message \u00e0 l\u2019apaisement des c\u0153urs lui a \u00e9t\u00e9 lanc\u00e9 pour achever ce qu\u2019il a si bien commenc\u00e9, la r\u00e9conciliation. Il n\u2019a \u00e9t\u00e9 question de se mettre \u00e0 deux pour combattre Ouattara. Ceci, adviendrait, si et seulement si, par orgueil, Alassane Ouattara \u00e9coutait les thurif\u00e9raires de son camp, les Bictogo and co qui ont d\u2019ailleurs d\u00e9j\u00e0 commenc\u00e9 le travail de sape. Bictogo qui d\u00e9clare, selon une alerte de l\u2019Intelligent d\u2019Abidjan, que toutes les institutions de la R\u00e9publique sont en place et fonctionnent bien et que le pays n\u2019a pas besoin de dialogue national.<\/p>\n<p>Assur\u00e9ment, c\u2019est ce genre de discours qui am\u00e8nera le Pdci et le Fpi \u00e0 penser qu\u2019il n\u2019y a pas de volont\u00e9 de r\u00e9conciliation en face et que l\u2019alternative sera la mise sur pied d\u2019une alliance politique formelle.<\/p>\n<p>SD, de retour de Daoukro<\/p>\n<p>sdebailly@yahoo.fr<\/p>\n<p>Discours du pr\u00e9sident B\u00e9di\u00e9 \u00e0 B\u00e9di\u00e9kro<\/p>\n<p>Appel \u00e0 un dialogue national<\/p>\n<p>Monsieur le Pr\u00e9sident,<\/p>\n<p>Apr\u00e8s les mots choisis, empreints de respect que vous avez bien voulu m\u2019adresser, je voudrais en retour, vous exprimer la grande \u00e9motion que je ressens en cet instant.<\/p>\n<p>Moins d\u2019un mois seulement apr\u00e8s votre retour d\u00e9finitif pour retrouver votre terre natale et tous vos proches, vous me fa\u00eetes l\u2019infini honneur de me rendre une visite fraternelle \u00e0 Daoukro.<\/p>\n<p>Le Psalmiste dit dans le cantique bien connu : ceux qui s\u00e8ment avec des larmes moissonneront avec all\u00e9gresse. Alors ils diront : l\u2019\u00c9ternel a fait pour nous de grandes choses et nous sommes dans la joie.<\/p>\n<p>Monsieur le Pr\u00e9sident, l\u2019\u00c9ternel a fait pour vous de grandes choses et nous sommes avec vous dans la joie.<\/p>\n<p>Aujourd\u2019hui, c\u2019est le jour que le Tout Puissant a choisi pour nous tous, pour marquer un tournant historique, un jour nouveau pour notre pays pour chanter ensemble un cantique nouveau, le chant de la fraternit\u00e9 retrouv\u00e9e, pour b\u00e2tir ensemble une C\u00f4te d\u2019Ivoire nouvelle.<\/p>\n<p>Votre visite ici \u00e0 Daoukro, cher fr\u00e8re, est pour moi-m\u00eame, mon \u00e9pouse, ma famille, les populations de l\u2019IFFOU et pour la C\u00f4te d\u2019Ivoire toute enti\u00e8re, un moment particulier et exceptionnel.<\/p>\n<p>Tous les ivoiriens sont heureux, avec moi, de voir un illustre fils de la patrie rentrer libre \u00e0 la maison, vivre le reste de son \u00e2ge, le reste de sa vie parmi les siens.<\/p>\n<p>Monsieur le Pr\u00e9sident, vous avez \u00e9t\u00e9 courageux et vous avez gard\u00e9 la FOI en la C\u00f4te d\u2019Ivoire, votre pays, notre pays.<\/p>\n<p>Vos r\u00eaves pour la d\u00e9mocratie, pour la libert\u00e9 des peuples, pour l\u2019unit\u00e9 de toutes les filles et tous les fils de notre patrie, pour le bonheur de vos compatriotes vous ont certainement soutenu pendant ces ann\u00e9es de combat pour la v\u00e9rit\u00e9.<\/p>\n<p>La v\u00e9rit\u00e9, elle n\u2019est pas toujours bonne \u00e0 dire, mais elle finit toujours par triompher devant l\u2019Histoire. Elle l\u2019a toujours fait pour toutes les nations.<\/p>\n<p>Monsieur le Pr\u00e9sident, c\u2019est cette m\u00eame FOI qui m\u2019avait permis aussi pendant mon exil forc\u00e9 en France et me permet encore aujourd\u2019hui avec tous les ivoiriens et toutes les ivoiriennes de tenir, de supporter toutes nos douleurs et nos souffrances depuis ces si longues ann\u00e9es.<\/p>\n<p>Notre pays, comme vous le savez, depuis plus d\u2019une vingtaine d\u2019ann\u00e9es et suite \u00e0 un coup d\u2019\u00c9tat instrumentalis\u00e9 et injustifi\u00e9, a pris le chemin de la destruction de ses fondements.<\/p>\n<p>En t\u00e9moigne l\u2019\u00c9tat actuel de la Nation dont le diagnostic, connu de tous nos compatriotes, a \u00e9t\u00e9 clairement \u00e9tabli par le comit\u00e9 paritaire que nous avons r\u00e9cemment mis en place.<\/p>\n<p>Monsieur le Pr\u00e9sident et cher fr\u00e8re, vous comprenez donc pourquoi votre visite ici \u00e0 Daoukro marque un tournant important, d\u00e9cisif pour l\u2019avenir de notre nation, de notre m\u00e8re patrie que nous aimons tous.<\/p>\n<p>Notre responsabilit\u00e9 commune devant l\u2019Histoire est grande.<\/p>\n<p>La plus grande expression d\u2019amour que nous pouvons offrir \u00e0 notre pays aujourd\u2019hui m\u00eame et aux g\u00e9n\u00e9rations futures, passe absolument par l\u2019oubli de toutes nos peines et nos souffrances. Les le\u00e7ons tir\u00e9es avec courage de nos incompr\u00e9hensions pass\u00e9es doivent \u00eatre de puissants leviers pour construire une paix durable au b\u00e9n\u00e9fice du bonheur de Chacun et du progr\u00e8s pour Tous.<\/p>\n<p>Nous devons donc engager sans tarder un grand projet de reconstruction de notre pays ; un projet pour une C\u00f4te d\u2019Ivoire R\u00e9concili\u00e9e, Unie et Prosp\u00e8re.<\/p>\n<p>Ce Grand Projet passe n\u00e9cessairement par la mise en \u0153uvre d\u2019un projet de r\u00e9conciliation vraie entre les ivoiriens \u00e0 travers un Dialogue national inclusif dont le pays ne peut se faire l\u2019\u00e9conomie.<\/p>\n<p>Nous continuerons \u00e0 approfondir les contours de ce projet de r\u00e9conciliation pour le pr\u00e9senter \u00e0 la Nation toute enti\u00e8re, dans l\u2019int\u00e9r\u00eat de tous.<\/p>\n<p>Monsieur le Pr\u00e9sident, comme vous, ma FOI en la C\u00f4te d\u2019Ivoire fraternelle n\u2019a jamais failli malgr\u00e9 nos douleurs, nos souffrances du pass\u00e9.<\/p>\n<p>Avec vous, avec toutes les ivoiriennes et tous les ivoiriens, je veux m\u2019engager pleinement pour redresser notre nation.<\/p>\n<p>Mon ambition pour la C\u00f4te d\u2019Ivoire est tr\u00e8s grande ; je veux apporter toutes mes forces, les forces qui me restent, \u00e0 la r\u00e9conciliation vraie dans mon pays.<\/p>\n<p>Avec vous, nous voulons laisser aux g\u00e9n\u00e9rations de la C\u00f4te d\u2019Ivoire de demain nos r\u00eaves de tous jours, un pays riche de sa diversit\u00e9, un pays o\u00f9 toutes les populations vivent harmonieusement en paix.<\/p>\n<p>Cette r\u00e9conciliation se fera par une volont\u00e9 forte du Chef de l\u2019\u00c9tat, Alassane Dramane OUATTARA, de tous les acteurs politiques dont nous-m\u00eames, mais aussi et surtout avec l\u2019implication de tous nos compatriotes et tous nos partenaires au d\u00e9veloppement.<\/p>\n<p>La mise en place d\u2019un nouveau projet d\u00e9mocratique dans notre pays, d\u00e9nu\u00e9 de tous int\u00e9r\u00eats partisans, par un dialogue franc et sinc\u00e8re seront les clefs du succ\u00e8s.<\/p>\n<p>J\u2019y crois de tout mon c\u0153ur et nous pouvons y arriver ensemble Monsieur le Pr\u00e9sident.<\/p>\n<p>Je vous donne toute ma confiance pour r\u00e9aliser notre r\u00eave ensemble.<\/p>\n<p>Oui, nous le pouvons pour la C\u00f4te d\u2019Ivoire.<\/p>\n<p>Dieu b\u00e9nisse toutes les familles et tous les habitants de notre cher Pays !<\/p>\n<p>Dieu b\u00e9nisse la C\u00f4te d\u2019Ivoire !<\/p>\n","protected":false},"excerpt":{"rendered":"<p>Africa-Press &#8211; C\u00f4te d&rsquo;Ivoire. Le week-end qui vient de s\u2019achever a \u00e9t\u00e9 politiquement riche. Revenu dans son pays, le 17 juin 2021, apr\u00e8s l\u2019\u00e9preuve judiciaire \u00e0 la Cpi, Laurent Gbagbo a jug\u00e9 bon de se rendre \u00e0 Daoukro pour \u00bbsaluer de vive voix \u00bb son \u00bba\u00een\u00e9 \u00bb Henri Konan B\u00e9di\u00e9. L\u2019ancien pr\u00e9sident de la R\u00e9publique [&hellip;]<\/p>\n","protected":false},"author":82,"featured_media":9859,"comment_status":"open","ping_status":"closed","sticky":false,"template":"","format":"standard","meta":{"footnotes":""},"categories":[11,2,10],"tags":[56,63,29],"class_list":["post-9860","post","type-post","status-publish","format-standard","has-post-thumbnail","hentry","category-homepage-french","category-politique","category-toutes-les-actualites","tag-africa-press","tag-africa-press-cote-divoire","tag-cote-divoire"],"yoast_head":"<!-- This site is optimized with the Yoast SEO Premium plugin v26.1 (Yoast SEO v27.0) - https:\/\/yoast.com\/product\/yoast-seo-premium-wordpress\/ -->\n<title>Visite de Gbagbo \u00e0 B\u00e9di\u00e9 \u2013 Ni contre Ouattara, ni pour B\u00e9di\u00e9 \u2013 Le\u00e7ons d\u2019un weekend politique en pays Agba-Namb\u00e8 - C\u00f4te d&#039;Ivoire<\/title>\n<meta name=\"description\" content=\"Le week-end qui vient de s\u2019achever a \u00e9t\u00e9 politiquement riche. Revenu dans son pays, le 17 juin 2021, apr\u00e8s l\u2019\u00e9preuve jud ...\" \/>\n<meta name=\"robots\" content=\"index, follow, max-snippet:-1, max-image-preview:large, max-video-preview:-1\" \/>\n<link rel=\"canonical\" href=\"https:\/\/www.africa-press.net\/cotedivoire\/politique\/cote-divoire-visite-de-gbagbo-a-bedie-ni-contre-ouattara-ni-pour-bedie-lecons-dun-weekend-politique-en-pays-agba-nambe\" \/>\n<meta property=\"og:locale\" content=\"fr_FR\" \/>\n<meta property=\"og:type\" content=\"article\" \/>\n<meta property=\"og:title\" content=\"Visite de Gbagbo \u00e0 B\u00e9di\u00e9 \u2013 Ni contre Ouattara, ni pour B\u00e9di\u00e9 \u2013 Le\u00e7ons d\u2019un weekend politique en pays Agba-Namb\u00e8\" \/>\n<meta property=\"og:description\" content=\"Le week-end qui vient de s\u2019achever a \u00e9t\u00e9 politiquement riche. Revenu dans son pays, le 17 juin 2021, apr\u00e8s l\u2019\u00e9preuve jud ...\" \/>\n<meta property=\"og:url\" content=\"https:\/\/www.africa-press.net\/cotedivoire\/politique\/cote-divoire-visite-de-gbagbo-a-bedie-ni-contre-ouattara-ni-pour-bedie-lecons-dun-weekend-politique-en-pays-agba-nambe\" \/>\n<meta property=\"og:site_name\" content=\"C\u00f4te d&#039;Ivoire\" \/>\n<meta property=\"article:published_time\" content=\"2021-07-13T18:11:36+00:00\" \/>\n<meta property=\"article:modified_time\" content=\"2021-07-15T18:49:29+00:00\" \/>\n<meta property=\"og:image\" content=\"https:\/\/static.africa-press.net\/cote\/sites\/43\/2021\/07\/img-60edce24cbccf.jpg\" \/>\n\t<meta property=\"og:image:width\" content=\"720\" \/>\n\t<meta property=\"og:image:height\" content=\"559\" \/>\n\t<meta property=\"og:image:type\" content=\"image\/jpeg\" \/>\n<meta name=\"author\" content=\"cfeditorfr\" \/>\n<meta name=\"twitter:card\" content=\"summary_large_image\" \/>\n<meta name=\"twitter:label1\" content=\"\u00c9crit par\" \/>\n\t<meta name=\"twitter:data1\" content=\"cfeditorfr\" \/>\n\t<meta name=\"twitter:label2\" content=\"Dur\u00e9e de lecture estim\u00e9e\" \/>\n\t<meta name=\"twitter:data2\" content=\"9 minutes\" \/>\n<script type=\"application\/ld+json\" class=\"yoast-schema-graph\">{\"@context\":\"https:\/\/schema.org\",\"@graph\":[{\"@type\":\"Article\",\"@id\":\"https:\/\/www.africa-press.net\/cotedivoire\/politique\/cote-divoire-visite-de-gbagbo-a-bedie-ni-contre-ouattara-ni-pour-bedie-lecons-dun-weekend-politique-en-pays-agba-nambe#article\",\"isPartOf\":{\"@id\":\"https:\/\/www.africa-press.net\/cotedivoire\/politique\/cote-divoire-visite-de-gbagbo-a-bedie-ni-contre-ouattara-ni-pour-bedie-lecons-dun-weekend-politique-en-pays-agba-nambe\"},\"author\":{\"name\":\"cfeditorfr\",\"@id\":\"https:\/\/www.africa-press.net\/cotedivoire\/#\/schema\/person\/2b1cf3cd81a31e3cd26889ca66d677f1\"},\"headline\":\"Visite de Gbagbo \u00e0 B\u00e9di\u00e9 \u2013 Ni contre Ouattara, ni pour B\u00e9di\u00e9 \u2013 Le\u00e7ons d\u2019un weekend politique en pays Agba-Namb\u00e8\",\"datePublished\":\"2021-07-13T18:11:36+00:00\",\"dateModified\":\"2021-07-15T18:49:29+00:00\",\"mainEntityOfPage\":{\"@id\":\"https:\/\/www.africa-press.net\/cotedivoire\/politique\/cote-divoire-visite-de-gbagbo-a-bedie-ni-contre-ouattara-ni-pour-bedie-lecons-dun-weekend-politique-en-pays-agba-nambe\"},\"wordCount\":1887,\"commentCount\":0,\"image\":{\"@id\":\"https:\/\/www.africa-press.net\/cotedivoire\/politique\/cote-divoire-visite-de-gbagbo-a-bedie-ni-contre-ouattara-ni-pour-bedie-lecons-dun-weekend-politique-en-pays-agba-nambe#primaryimage\"},\"thumbnailUrl\":\"https:\/\/static.africa-press.net\/cote\/sites\/43\/2021\/07\/img-60edce24cbccf.jpg\",\"keywords\":[\"Africa Press\",\"Africa Press-C\u00f4te d'Ivoire\",\"C\u00d4TE D'IVOIRE\"],\"articleSection\":[\"homepage-french\",\"Politique\",\"Toutes les actualit\u00e9s\"],\"inLanguage\":\"fr-FR\",\"potentialAction\":[{\"@type\":\"CommentAction\",\"name\":\"Comment\",\"target\":[\"https:\/\/www.africa-press.net\/cotedivoire\/politique\/cote-divoire-visite-de-gbagbo-a-bedie-ni-contre-ouattara-ni-pour-bedie-lecons-dun-weekend-politique-en-pays-agba-nambe#respond\"]}]},{\"@type\":\"WebPage\",\"@id\":\"https:\/\/www.africa-press.net\/cotedivoire\/politique\/cote-divoire-visite-de-gbagbo-a-bedie-ni-contre-ouattara-ni-pour-bedie-lecons-dun-weekend-politique-en-pays-agba-nambe\",\"url\":\"https:\/\/www.africa-press.net\/cotedivoire\/politique\/cote-divoire-visite-de-gbagbo-a-bedie-ni-contre-ouattara-ni-pour-bedie-lecons-dun-weekend-politique-en-pays-agba-nambe\",\"name\":\"Visite de Gbagbo \u00e0 B\u00e9di\u00e9 \u2013 Ni contre Ouattara, ni pour B\u00e9di\u00e9 \u2013 Le\u00e7ons d\u2019un weekend politique en pays Agba-Namb\u00e8 - C\u00f4te d&#039;Ivoire\",\"isPartOf\":{\"@id\":\"https:\/\/www.africa-press.net\/cotedivoire\/#website\"},\"primaryImageOfPage\":{\"@id\":\"https:\/\/www.africa-press.net\/cotedivoire\/politique\/cote-divoire-visite-de-gbagbo-a-bedie-ni-contre-ouattara-ni-pour-bedie-lecons-dun-weekend-politique-en-pays-agba-nambe#primaryimage\"},\"image\":{\"@id\":\"https:\/\/www.africa-press.net\/cotedivoire\/politique\/cote-divoire-visite-de-gbagbo-a-bedie-ni-contre-ouattara-ni-pour-bedie-lecons-dun-weekend-politique-en-pays-agba-nambe#primaryimage\"},\"thumbnailUrl\":\"https:\/\/static.africa-press.net\/cote\/sites\/43\/2021\/07\/img-60edce24cbccf.jpg\",\"datePublished\":\"2021-07-13T18:11:36+00:00\",\"dateModified\":\"2021-07-15T18:49:29+00:00\",\"author\":{\"@id\":\"https:\/\/www.africa-press.net\/cotedivoire\/#\/schema\/person\/2b1cf3cd81a31e3cd26889ca66d677f1\"},\"description\":\"Le week-end qui vient de s\u2019achever a \u00e9t\u00e9 politiquement riche. Revenu dans son pays, le 17 juin 2021, apr\u00e8s l\u2019\u00e9preuve jud ...\",\"breadcrumb\":{\"@id\":\"https:\/\/www.africa-press.net\/cotedivoire\/politique\/cote-divoire-visite-de-gbagbo-a-bedie-ni-contre-ouattara-ni-pour-bedie-lecons-dun-weekend-politique-en-pays-agba-nambe#breadcrumb\"},\"inLanguage\":\"fr-FR\",\"potentialAction\":[{\"@type\":\"ReadAction\",\"target\":[\"https:\/\/www.africa-press.net\/cotedivoire\/politique\/cote-divoire-visite-de-gbagbo-a-bedie-ni-contre-ouattara-ni-pour-bedie-lecons-dun-weekend-politique-en-pays-agba-nambe\"]}]},{\"@type\":\"ImageObject\",\"inLanguage\":\"fr-FR\",\"@id\":\"https:\/\/www.africa-press.net\/cotedivoire\/politique\/cote-divoire-visite-de-gbagbo-a-bedie-ni-contre-ouattara-ni-pour-bedie-lecons-dun-weekend-politique-en-pays-agba-nambe#primaryimage\",\"url\":\"https:\/\/static.africa-press.net\/cote\/sites\/43\/2021\/07\/img-60edce24cbccf.jpg\",\"contentUrl\":\"https:\/\/static.africa-press.net\/cote\/sites\/43\/2021\/07\/img-60edce24cbccf.jpg\",\"width\":720,\"height\":559,\"caption\":\"C\u00f4te-d\u2019Ivoire: Visite de Gbagbo \u00e0 B\u00e9di\u00e9 \u2013 Ni contre Ouattara, ni pour B\u00e9di\u00e9 \u2013 Le\u00e7ons d\u2019un weekend politique en pays Agba-Namb\u00e8\"},{\"@type\":\"BreadcrumbList\",\"@id\":\"https:\/\/www.africa-press.net\/cotedivoire\/politique\/cote-divoire-visite-de-gbagbo-a-bedie-ni-contre-ouattara-ni-pour-bedie-lecons-dun-weekend-politique-en-pays-agba-nambe#breadcrumb\",\"itemListElement\":[{\"@type\":\"ListItem\",\"position\":1,\"name\":\"Accueil\",\"item\":\"https:\/\/www.africa-press.net\/cotedivoire\/\"},{\"@type\":\"ListItem\",\"position\":2,\"name\":\"Visite de Gbagbo \u00e0 B\u00e9di\u00e9 \u2013 Ni contre Ouattara, ni pour B\u00e9di\u00e9 \u2013 Le\u00e7ons d\u2019un weekend politique en pays Agba-Namb\u00e8\"}]},{\"@type\":\"WebSite\",\"@id\":\"https:\/\/www.africa-press.net\/cotedivoire\/#website\",\"url\":\"https:\/\/www.africa-press.net\/cotedivoire\/\",\"name\":\"C\u00f4te d&#039;Ivoire\",\"description\":\"Just another Africa News Agency Sites site\",\"potentialAction\":[{\"@type\":\"SearchAction\",\"target\":{\"@type\":\"EntryPoint\",\"urlTemplate\":\"https:\/\/www.africa-press.net\/cotedivoire\/?s={search_term_string}\"},\"query-input\":{\"@type\":\"PropertyValueSpecification\",\"valueRequired\":true,\"valueName\":\"search_term_string\"}}],\"inLanguage\":\"fr-FR\"},{\"@type\":\"Person\",\"@id\":\"https:\/\/www.africa-press.net\/cotedivoire\/#\/schema\/person\/2b1cf3cd81a31e3cd26889ca66d677f1\",\"name\":\"cfeditorfr\"}]}<\/script>\n<!-- \/ Yoast SEO Premium plugin. -->","yoast_head_json":{"title":"Visite de Gbagbo \u00e0 B\u00e9di\u00e9 \u2013 Ni contre Ouattara, ni pour B\u00e9di\u00e9 \u2013 Le\u00e7ons d\u2019un weekend politique en pays Agba-Namb\u00e8 - C\u00f4te d&#039;Ivoire","description":"Le week-end qui vient de s\u2019achever a \u00e9t\u00e9 politiquement riche. Revenu dans son pays, le 17 juin 2021, apr\u00e8s l\u2019\u00e9preuve jud ...","robots":{"index":"index","follow":"follow","max-snippet":"max-snippet:-1","max-image-preview":"max-image-preview:large","max-video-preview":"max-video-preview:-1"},"canonical":"https:\/\/www.africa-press.net\/cotedivoire\/politique\/cote-divoire-visite-de-gbagbo-a-bedie-ni-contre-ouattara-ni-pour-bedie-lecons-dun-weekend-politique-en-pays-agba-nambe","og_locale":"fr_FR","og_type":"article","og_title":"Visite de Gbagbo \u00e0 B\u00e9di\u00e9 \u2013 Ni contre Ouattara, ni pour B\u00e9di\u00e9 \u2013 Le\u00e7ons d\u2019un weekend politique en pays Agba-Namb\u00e8","og_description":"Le week-end qui vient de s\u2019achever a \u00e9t\u00e9 politiquement riche. Revenu dans son pays, le 17 juin 2021, apr\u00e8s l\u2019\u00e9preuve jud ...","og_url":"https:\/\/www.africa-press.net\/cotedivoire\/politique\/cote-divoire-visite-de-gbagbo-a-bedie-ni-contre-ouattara-ni-pour-bedie-lecons-dun-weekend-politique-en-pays-agba-nambe","og_site_name":"C\u00f4te d&#039;Ivoire","article_published_time":"2021-07-13T18:11:36+00:00","article_modified_time":"2021-07-15T18:49:29+00:00","og_image":[{"width":720,"height":559,"url":"https:\/\/static.africa-press.net\/cote\/sites\/43\/2021\/07\/img-60edce24cbccf.jpg","type":"image\/jpeg"}],"author":"cfeditorfr","twitter_card":"summary_large_image","twitter_misc":{"\u00c9crit par":"cfeditorfr","Dur\u00e9e de lecture estim\u00e9e":"9 minutes"},"schema":{"@context":"https:\/\/schema.org","@graph":[{"@type":"Article","@id":"https:\/\/www.africa-press.net\/cotedivoire\/politique\/cote-divoire-visite-de-gbagbo-a-bedie-ni-contre-ouattara-ni-pour-bedie-lecons-dun-weekend-politique-en-pays-agba-nambe#article","isPartOf":{"@id":"https:\/\/www.africa-press.net\/cotedivoire\/politique\/cote-divoire-visite-de-gbagbo-a-bedie-ni-contre-ouattara-ni-pour-bedie-lecons-dun-weekend-politique-en-pays-agba-nambe"},"author":{"name":"cfeditorfr","@id":"https:\/\/www.africa-press.net\/cotedivoire\/#\/schema\/person\/2b1cf3cd81a31e3cd26889ca66d677f1"},"headline":"Visite de Gbagbo \u00e0 B\u00e9di\u00e9 \u2013 Ni contre Ouattara, ni pour B\u00e9di\u00e9 \u2013 Le\u00e7ons d\u2019un weekend politique en pays Agba-Namb\u00e8","datePublished":"2021-07-13T18:11:36+00:00","dateModified":"2021-07-15T18:49:29+00:00","mainEntityOfPage":{"@id":"https:\/\/www.africa-press.net\/cotedivoire\/politique\/cote-divoire-visite-de-gbagbo-a-bedie-ni-contre-ouattara-ni-pour-bedie-lecons-dun-weekend-politique-en-pays-agba-nambe"},"wordCount":1887,"commentCount":0,"image":{"@id":"https:\/\/www.africa-press.net\/cotedivoire\/politique\/cote-divoire-visite-de-gbagbo-a-bedie-ni-contre-ouattara-ni-pour-bedie-lecons-dun-weekend-politique-en-pays-agba-nambe#primaryimage"},"thumbnailUrl":"https:\/\/static.africa-press.net\/cote\/sites\/43\/2021\/07\/img-60edce24cbccf.jpg","keywords":["Africa Press","Africa Press-C\u00f4te d'Ivoire","C\u00d4TE D'IVOIRE"],"articleSection":["homepage-french","Politique","Toutes les actualit\u00e9s"],"inLanguage":"fr-FR","potentialAction":[{"@type":"CommentAction","name":"Comment","target":["https:\/\/www.africa-press.net\/cotedivoire\/politique\/cote-divoire-visite-de-gbagbo-a-bedie-ni-contre-ouattara-ni-pour-bedie-lecons-dun-weekend-politique-en-pays-agba-nambe#respond"]}]},{"@type":"WebPage","@id":"https:\/\/www.africa-press.net\/cotedivoire\/politique\/cote-divoire-visite-de-gbagbo-a-bedie-ni-contre-ouattara-ni-pour-bedie-lecons-dun-weekend-politique-en-pays-agba-nambe","url":"https:\/\/www.africa-press.net\/cotedivoire\/politique\/cote-divoire-visite-de-gbagbo-a-bedie-ni-contre-ouattara-ni-pour-bedie-lecons-dun-weekend-politique-en-pays-agba-nambe","name":"Visite de Gbagbo \u00e0 B\u00e9di\u00e9 \u2013 Ni contre Ouattara, ni pour B\u00e9di\u00e9 \u2013 Le\u00e7ons d\u2019un weekend politique en pays Agba-Namb\u00e8 - C\u00f4te d&#039;Ivoire","isPartOf":{"@id":"https:\/\/www.africa-press.net\/cotedivoire\/#website"},"primaryImageOfPage":{"@id":"https:\/\/www.africa-press.net\/cotedivoire\/politique\/cote-divoire-visite-de-gbagbo-a-bedie-ni-contre-ouattara-ni-pour-bedie-lecons-dun-weekend-politique-en-pays-agba-nambe#primaryimage"},"image":{"@id":"https:\/\/www.africa-press.net\/cotedivoire\/politique\/cote-divoire-visite-de-gbagbo-a-bedie-ni-contre-ouattara-ni-pour-bedie-lecons-dun-weekend-politique-en-pays-agba-nambe#primaryimage"},"thumbnailUrl":"https:\/\/static.africa-press.net\/cote\/sites\/43\/2021\/07\/img-60edce24cbccf.jpg","datePublished":"2021-07-13T18:11:36+00:00","dateModified":"2021-07-15T18:49:29+00:00","author":{"@id":"https:\/\/www.africa-press.net\/cotedivoire\/#\/schema\/person\/2b1cf3cd81a31e3cd26889ca66d677f1"},"description":"Le week-end qui vient de s\u2019achever a \u00e9t\u00e9 politiquement riche. Revenu dans son pays, le 17 juin 2021, apr\u00e8s l\u2019\u00e9preuve jud ...","breadcrumb":{"@id":"https:\/\/www.africa-press.net\/cotedivoire\/politique\/cote-divoire-visite-de-gbagbo-a-bedie-ni-contre-ouattara-ni-pour-bedie-lecons-dun-weekend-politique-en-pays-agba-nambe#breadcrumb"},"inLanguage":"fr-FR","potentialAction":[{"@type":"ReadAction","target":["https:\/\/www.africa-press.net\/cotedivoire\/politique\/cote-divoire-visite-de-gbagbo-a-bedie-ni-contre-ouattara-ni-pour-bedie-lecons-dun-weekend-politique-en-pays-agba-nambe"]}]},{"@type":"ImageObject","inLanguage":"fr-FR","@id":"https:\/\/www.africa-press.net\/cotedivoire\/politique\/cote-divoire-visite-de-gbagbo-a-bedie-ni-contre-ouattara-ni-pour-bedie-lecons-dun-weekend-politique-en-pays-agba-nambe#primaryimage","url":"https:\/\/static.africa-press.net\/cote\/sites\/43\/2021\/07\/img-60edce24cbccf.jpg","contentUrl":"https:\/\/static.africa-press.net\/cote\/sites\/43\/2021\/07\/img-60edce24cbccf.jpg","width":720,"height":559,"caption":"C\u00f4te-d\u2019Ivoire: Visite de Gbagbo \u00e0 B\u00e9di\u00e9 \u2013 Ni contre Ouattara, ni pour B\u00e9di\u00e9 \u2013 Le\u00e7ons d\u2019un weekend politique en pays Agba-Namb\u00e8"},{"@type":"BreadcrumbList","@id":"https:\/\/www.africa-press.net\/cotedivoire\/politique\/cote-divoire-visite-de-gbagbo-a-bedie-ni-contre-ouattara-ni-pour-bedie-lecons-dun-weekend-politique-en-pays-agba-nambe#breadcrumb","itemListElement":[{"@type":"ListItem","position":1,"name":"Accueil","item":"https:\/\/www.africa-press.net\/cotedivoire\/"},{"@type":"ListItem","position":2,"name":"Visite de Gbagbo \u00e0 B\u00e9di\u00e9 \u2013 Ni contre Ouattara, ni pour B\u00e9di\u00e9 \u2013 Le\u00e7ons d\u2019un weekend politique en pays Agba-Namb\u00e8"}]},{"@type":"WebSite","@id":"https:\/\/www.africa-press.net\/cotedivoire\/#website","url":"https:\/\/www.africa-press.net\/cotedivoire\/","name":"C\u00f4te d&#039;Ivoire","description":"Just another Africa News Agency Sites site","potentialAction":[{"@type":"SearchAction","target":{"@type":"EntryPoint","urlTemplate":"https:\/\/www.africa-press.net\/cotedivoire\/?s={search_term_string}"},"query-input":{"@type":"PropertyValueSpecification","valueRequired":true,"valueName":"search_term_string"}}],"inLanguage":"fr-FR"},{"@type":"Person","@id":"https:\/\/www.africa-press.net\/cotedivoire\/#\/schema\/person\/2b1cf3cd81a31e3cd26889ca66d677f1","name":"cfeditorfr"}]}},"_links":{"self":[{"href":"https:\/\/www.africa-press.net\/cotedivoire\/wp-json\/wp\/v2\/posts\/9860","targetHints":{"allow":["GET"]}}],"collection":[{"href":"https:\/\/www.africa-press.net\/cotedivoire\/wp-json\/wp\/v2\/posts"}],"about":[{"href":"https:\/\/www.africa-press.net\/cotedivoire\/wp-json\/wp\/v2\/types\/post"}],"author":[{"embeddable":true,"href":"https:\/\/www.africa-press.net\/cotedivoire\/wp-json\/wp\/v2\/users\/82"}],"replies":[{"embeddable":true,"href":"https:\/\/www.africa-press.net\/cotedivoire\/wp-json\/wp\/v2\/comments?post=9860"}],"version-history":[{"count":0,"href":"https:\/\/www.africa-press.net\/cotedivoire\/wp-json\/wp\/v2\/posts\/9860\/revisions"}],"wp:featuredmedia":[{"embeddable":true,"href":"https:\/\/www.africa-press.net\/cotedivoire\/wp-json\/wp\/v2\/media\/9859"}],"wp:attachment":[{"href":"https:\/\/www.africa-press.net\/cotedivoire\/wp-json\/wp\/v2\/media?parent=9860"}],"wp:term":[{"taxonomy":"category","embeddable":true,"href":"https:\/\/www.africa-press.net\/cotedivoire\/wp-json\/wp\/v2\/categories?post=9860"},{"taxonomy":"post_tag","embeddable":true,"href":"https:\/\/www.africa-press.net\/cotedivoire\/wp-json\/wp\/v2\/tags?post=9860"}],"curies":[{"name":"wp","href":"https:\/\/api.w.org\/{rel}","templated":true}]}}