{"id":9864,"date":"2021-07-13T18:23:43","date_gmt":"2021-07-13T18:23:43","guid":{"rendered":"https:\/\/www.africa-press.net\/cotedivoire\/?p=9864"},"modified":"2021-07-15T18:49:44","modified_gmt":"2021-07-15T18:49:44","slug":"la-cote-divoire-accroit-son-offre-de-formations-dans-le-numerique-et-lentrepreneuriat","status":"publish","type":"post","link":"https:\/\/www.africa-press.net\/cotedivoire\/economie\/la-cote-divoire-accroit-son-offre-de-formations-dans-le-numerique-et-lentrepreneuriat","title":{"rendered":"La C\u00f4te-d\u2019Ivoire accro\u00eet son offre de formations dans le num\u00e9rique et  l\u2019entrepreneuriat"},"content":{"rendered":"<p><span style=\"color: #ff6600\"><strong><a href=\"https:\/\/www.africa-press.net\/\">Africa-Press<\/a> &#8211; <a href=\"https:\/\/www.africa-press.net\/cotedivoire\">C\u00f4te d&rsquo;Ivoire<\/a>. <\/strong><\/span>Apr\u00e8s l\u2019Afrique du Sud en mai dernier, la C\u00f4te d\u2019Ivoire vient de passer un contrat avec le groupe m\u00e9dia Trace. D\u2019ici la fin d\u2019ann\u00e9e, la plateforme Trace Academia proposera aux Ivoiriens des formations dans les domaines de l\u2019entrepreneuriat et du num\u00e9rique.<\/p>\n<p>Le ministre ivoirien de la Promotion de la jeunesse, de l\u2019Insertion professionnelle et du Service civique, Mamadou Tour\u00e9, a sign\u00e9 le lundi 5 juillet une convention de partenariat avec le groupe m\u00e9dia Trace. La convention valable pour une p\u00e9riode de 3 ans consiste \u00e0 faire b\u00e9n\u00e9ficier aux jeunes ivoiriens du contenu acad\u00e9mique de la plateforme e-learning du m\u00e9dia, Trace Academia.<\/p>\n<p>\u00ab Je me r\u00e9jouis de la signature de cette convention. Elle permettra de donner la possibilit\u00e9 \u00e0 des centaines de milliers de jeunes ivoiriens de se former en ligne gratuitement. Et j\u2019esp\u00e8re que nos jeunes compatriotes saisiront cette opportunit\u00e9 \u00bb, a d\u00e9clar\u00e9 le ministre Mamadou Tour\u00e9.<\/p>\n<p>C\u2019est en novembre 2019 que le sp\u00e9cialiste du divertissement avait annonc\u00e9 le lancement de sa plateforme e-learning en Afrique subsaharienne et au Br\u00e9sil. Apr\u00e8s un retard d\u00fb \u00e0 la covid-19, c\u2019est l\u2019Afrique du Sud qui en mai dernier fut le premier pays \u00e0 passer une convention avec le groupe.<\/p>\n<p>Les formations seront propos\u00e9es dans les domaines de l\u2019entrepreneuriat, des m\u00e9tiers du num\u00e9rique, des soft skills, du partage de donn\u00e9es et d\u2019exp\u00e9riences et toutes autres initiatives susceptibles d\u2019am\u00e9liorer l\u2019employabilit\u00e9 et la sociabilit\u00e9 des jeunes. Ces contenus seront au pr\u00e9alable adapt\u00e9s au contexte ivoirien gr\u00e2ce \u00e0 l\u2019accompagnement des sp\u00e9cialistes du minist\u00e8re de la Promotion de la jeunesse, de l\u2019Insertion professionnelle et du Service civique.<\/p>\n<p>La plateforme est d\u00e9j\u00e0 disponible en t\u00e9l\u00e9chargement libre. Les cours seront disponibles avant cette fin d\u2019ann\u00e9e.<\/p>\n<p>&nbsp;<\/p>\n","protected":false},"excerpt":{"rendered":"<p>Africa-Press &#8211; C\u00f4te d&rsquo;Ivoire. Apr\u00e8s l\u2019Afrique du Sud en mai dernier, la C\u00f4te d\u2019Ivoire vient de passer un contrat avec le groupe m\u00e9dia Trace. D\u2019ici la fin d\u2019ann\u00e9e, la plateforme Trace Academia proposera aux Ivoiriens des formations dans les domaines de l\u2019entrepreneuriat et du num\u00e9rique. Le ministre ivoirien de la Promotion de la jeunesse, de [&hellip;]<\/p>\n","protected":false},"author":82,"featured_media":9863,"comment_status":"open","ping_status":"closed","sticky":false,"template":"","format":"standard","meta":{"footnotes":""},"categories":[3,11,10],"tags":[56,63,29],"class_list":["post-9864","post","type-post","status-publish","format-standard","has-post-thumbnail","hentry","category-economie","category-homepage-french","category-toutes-les-actualites","tag-africa-press","tag-africa-press-cote-divoire","tag-cote-divoire"],"yoast_head":"<!-- This site is optimized with the Yoast SEO Premium plugin v26.1 (Yoast SEO v27.0) - https:\/\/yoast.com\/product\/yoast-seo-premium-wordpress\/ -->\n<title>La C\u00f4te-d\u2019Ivoire accro\u00eet son offre de formations dans le num\u00e9rique et l\u2019entrepreneuriat - C\u00f4te d&#039;Ivoire<\/title>\n<meta name=\"description\" content=\"(Agence Ecofin) \u2013 Apr\u00e8s l\u2019Afrique du Sud en mai dernier, la C\u00f4te d\u2019Ivoire vient de passer un contrat avec le groupe m\u00e9di ...\" \/>\n<meta name=\"robots\" content=\"index, follow, max-snippet:-1, max-image-preview:large, max-video-preview:-1\" \/>\n<link rel=\"canonical\" href=\"https:\/\/www.africa-press.net\/cotedivoire\/economie\/la-cote-divoire-accroit-son-offre-de-formations-dans-le-numerique-et-lentrepreneuriat\" \/>\n<meta property=\"og:locale\" content=\"fr_FR\" \/>\n<meta property=\"og:type\" content=\"article\" \/>\n<meta property=\"og:title\" content=\"La C\u00f4te-d\u2019Ivoire accro\u00eet son offre de formations dans le num\u00e9rique et l\u2019entrepreneuriat\" \/>\n<meta property=\"og:description\" content=\"(Agence Ecofin) \u2013 Apr\u00e8s l\u2019Afrique du Sud en mai dernier, la C\u00f4te d\u2019Ivoire vient de passer un contrat avec le groupe m\u00e9di ...\" \/>\n<meta property=\"og:url\" content=\"https:\/\/www.africa-press.net\/cotedivoire\/economie\/la-cote-divoire-accroit-son-offre-de-formations-dans-le-numerique-et-lentrepreneuriat\" \/>\n<meta property=\"og:site_name\" content=\"C\u00f4te d&#039;Ivoire\" \/>\n<meta property=\"article:published_time\" content=\"2021-07-13T18:23:43+00:00\" \/>\n<meta property=\"article:modified_time\" content=\"2021-07-15T18:49:44+00:00\" \/>\n<meta property=\"og:image\" content=\"https:\/\/static.africa-press.net\/cote\/sites\/43\/2021\/07\/img-60edcf1cb1681.jpg\" \/>\n\t<meta property=\"og:image:width\" content=\"720\" \/>\n\t<meta property=\"og:image:height\" content=\"664\" \/>\n\t<meta property=\"og:image:type\" content=\"image\/jpeg\" \/>\n<meta name=\"author\" content=\"cfeditorfr\" \/>\n<meta name=\"twitter:card\" content=\"summary_large_image\" \/>\n<meta name=\"twitter:label1\" content=\"\u00c9crit par\" \/>\n\t<meta name=\"twitter:data1\" content=\"cfeditorfr\" \/>\n\t<meta name=\"twitter:label2\" content=\"Dur\u00e9e de lecture estim\u00e9e\" \/>\n\t<meta name=\"twitter:data2\" content=\"2 minutes\" \/>\n<script type=\"application\/ld+json\" class=\"yoast-schema-graph\">{\"@context\":\"https:\/\/schema.org\",\"@graph\":[{\"@type\":\"Article\",\"@id\":\"https:\/\/www.africa-press.net\/cotedivoire\/economie\/la-cote-divoire-accroit-son-offre-de-formations-dans-le-numerique-et-lentrepreneuriat#article\",\"isPartOf\":{\"@id\":\"https:\/\/www.africa-press.net\/cotedivoire\/economie\/la-cote-divoire-accroit-son-offre-de-formations-dans-le-numerique-et-lentrepreneuriat\"},\"author\":{\"name\":\"cfeditorfr\",\"@id\":\"https:\/\/www.africa-press.net\/cotedivoire\/#\/schema\/person\/2b1cf3cd81a31e3cd26889ca66d677f1\"},\"headline\":\"La C\u00f4te-d\u2019Ivoire accro\u00eet son offre de formations dans le num\u00e9rique et l\u2019entrepreneuriat\",\"datePublished\":\"2021-07-13T18:23:43+00:00\",\"dateModified\":\"2021-07-15T18:49:44+00:00\",\"mainEntityOfPage\":{\"@id\":\"https:\/\/www.africa-press.net\/cotedivoire\/economie\/la-cote-divoire-accroit-son-offre-de-formations-dans-le-numerique-et-lentrepreneuriat\"},\"wordCount\":338,\"commentCount\":0,\"image\":{\"@id\":\"https:\/\/www.africa-press.net\/cotedivoire\/economie\/la-cote-divoire-accroit-son-offre-de-formations-dans-le-numerique-et-lentrepreneuriat#primaryimage\"},\"thumbnailUrl\":\"https:\/\/static.africa-press.net\/cote\/sites\/43\/2021\/07\/img-60edcf1cb1681.jpg\",\"keywords\":[\"Africa Press\",\"Africa Press-C\u00f4te d'Ivoire\",\"C\u00d4TE D'IVOIRE\"],\"articleSection\":[\"\u00c9conomie\",\"homepage-french\",\"Toutes les actualit\u00e9s\"],\"inLanguage\":\"fr-FR\",\"potentialAction\":[{\"@type\":\"CommentAction\",\"name\":\"Comment\",\"target\":[\"https:\/\/www.africa-press.net\/cotedivoire\/economie\/la-cote-divoire-accroit-son-offre-de-formations-dans-le-numerique-et-lentrepreneuriat#respond\"]}]},{\"@type\":\"WebPage\",\"@id\":\"https:\/\/www.africa-press.net\/cotedivoire\/economie\/la-cote-divoire-accroit-son-offre-de-formations-dans-le-numerique-et-lentrepreneuriat\",\"url\":\"https:\/\/www.africa-press.net\/cotedivoire\/economie\/la-cote-divoire-accroit-son-offre-de-formations-dans-le-numerique-et-lentrepreneuriat\",\"name\":\"La C\u00f4te-d\u2019Ivoire accro\u00eet son offre de formations dans le num\u00e9rique et l\u2019entrepreneuriat - C\u00f4te d&#039;Ivoire\",\"isPartOf\":{\"@id\":\"https:\/\/www.africa-press.net\/cotedivoire\/#website\"},\"primaryImageOfPage\":{\"@id\":\"https:\/\/www.africa-press.net\/cotedivoire\/economie\/la-cote-divoire-accroit-son-offre-de-formations-dans-le-numerique-et-lentrepreneuriat#primaryimage\"},\"image\":{\"@id\":\"https:\/\/www.africa-press.net\/cotedivoire\/economie\/la-cote-divoire-accroit-son-offre-de-formations-dans-le-numerique-et-lentrepreneuriat#primaryimage\"},\"thumbnailUrl\":\"https:\/\/static.africa-press.net\/cote\/sites\/43\/2021\/07\/img-60edcf1cb1681.jpg\",\"datePublished\":\"2021-07-13T18:23:43+00:00\",\"dateModified\":\"2021-07-15T18:49:44+00:00\",\"author\":{\"@id\":\"https:\/\/www.africa-press.net\/cotedivoire\/#\/schema\/person\/2b1cf3cd81a31e3cd26889ca66d677f1\"},\"description\":\"(Agence Ecofin) \u2013 Apr\u00e8s l\u2019Afrique du Sud en mai dernier, la C\u00f4te d\u2019Ivoire vient de passer un contrat avec le groupe m\u00e9di ...\",\"breadcrumb\":{\"@id\":\"https:\/\/www.africa-press.net\/cotedivoire\/economie\/la-cote-divoire-accroit-son-offre-de-formations-dans-le-numerique-et-lentrepreneuriat#breadcrumb\"},\"inLanguage\":\"fr-FR\",\"potentialAction\":[{\"@type\":\"ReadAction\",\"target\":[\"https:\/\/www.africa-press.net\/cotedivoire\/economie\/la-cote-divoire-accroit-son-offre-de-formations-dans-le-numerique-et-lentrepreneuriat\"]}]},{\"@type\":\"ImageObject\",\"inLanguage\":\"fr-FR\",\"@id\":\"https:\/\/www.africa-press.net\/cotedivoire\/economie\/la-cote-divoire-accroit-son-offre-de-formations-dans-le-numerique-et-lentrepreneuriat#primaryimage\",\"url\":\"https:\/\/static.africa-press.net\/cote\/sites\/43\/2021\/07\/img-60edcf1cb1681.jpg\",\"contentUrl\":\"https:\/\/static.africa-press.net\/cote\/sites\/43\/2021\/07\/img-60edcf1cb1681.jpg\",\"width\":720,\"height\":664,\"caption\":\"La C\u00f4te-d\u2019Ivoire accro\u00eet son offre de formations dans le num\u00e9rique et l\u2019entrepreneuriat\"},{\"@type\":\"BreadcrumbList\",\"@id\":\"https:\/\/www.africa-press.net\/cotedivoire\/economie\/la-cote-divoire-accroit-son-offre-de-formations-dans-le-numerique-et-lentrepreneuriat#breadcrumb\",\"itemListElement\":[{\"@type\":\"ListItem\",\"position\":1,\"name\":\"Accueil\",\"item\":\"https:\/\/www.africa-press.net\/cotedivoire\/\"},{\"@type\":\"ListItem\",\"position\":2,\"name\":\"La C\u00f4te-d\u2019Ivoire accro\u00eet son offre de formations dans le num\u00e9rique et l\u2019entrepreneuriat\"}]},{\"@type\":\"WebSite\",\"@id\":\"https:\/\/www.africa-press.net\/cotedivoire\/#website\",\"url\":\"https:\/\/www.africa-press.net\/cotedivoire\/\",\"name\":\"C\u00f4te d&#039;Ivoire\",\"description\":\"Just another Africa News Agency Sites site\",\"potentialAction\":[{\"@type\":\"SearchAction\",\"target\":{\"@type\":\"EntryPoint\",\"urlTemplate\":\"https:\/\/www.africa-press.net\/cotedivoire\/?s={search_term_string}\"},\"query-input\":{\"@type\":\"PropertyValueSpecification\",\"valueRequired\":true,\"valueName\":\"search_term_string\"}}],\"inLanguage\":\"fr-FR\"},{\"@type\":\"Person\",\"@id\":\"https:\/\/www.africa-press.net\/cotedivoire\/#\/schema\/person\/2b1cf3cd81a31e3cd26889ca66d677f1\",\"name\":\"cfeditorfr\"}]}<\/script>\n<!-- \/ Yoast SEO Premium plugin. -->","yoast_head_json":{"title":"La C\u00f4te-d\u2019Ivoire accro\u00eet son offre de formations dans le num\u00e9rique et l\u2019entrepreneuriat - C\u00f4te d&#039;Ivoire","description":"(Agence Ecofin) \u2013 Apr\u00e8s l\u2019Afrique du Sud en mai dernier, la C\u00f4te d\u2019Ivoire vient de passer un contrat avec le groupe m\u00e9di ...","robots":{"index":"index","follow":"follow","max-snippet":"max-snippet:-1","max-image-preview":"max-image-preview:large","max-video-preview":"max-video-preview:-1"},"canonical":"https:\/\/www.africa-press.net\/cotedivoire\/economie\/la-cote-divoire-accroit-son-offre-de-formations-dans-le-numerique-et-lentrepreneuriat","og_locale":"fr_FR","og_type":"article","og_title":"La C\u00f4te-d\u2019Ivoire accro\u00eet son offre de formations dans le num\u00e9rique et l\u2019entrepreneuriat","og_description":"(Agence Ecofin) \u2013 Apr\u00e8s l\u2019Afrique du Sud en mai dernier, la C\u00f4te d\u2019Ivoire vient de passer un contrat avec le groupe m\u00e9di ...","og_url":"https:\/\/www.africa-press.net\/cotedivoire\/economie\/la-cote-divoire-accroit-son-offre-de-formations-dans-le-numerique-et-lentrepreneuriat","og_site_name":"C\u00f4te d&#039;Ivoire","article_published_time":"2021-07-13T18:23:43+00:00","article_modified_time":"2021-07-15T18:49:44+00:00","og_image":[{"width":720,"height":664,"url":"https:\/\/static.africa-press.net\/cote\/sites\/43\/2021\/07\/img-60edcf1cb1681.jpg","type":"image\/jpeg"}],"author":"cfeditorfr","twitter_card":"summary_large_image","twitter_misc":{"\u00c9crit par":"cfeditorfr","Dur\u00e9e de lecture estim\u00e9e":"2 minutes"},"schema":{"@context":"https:\/\/schema.org","@graph":[{"@type":"Article","@id":"https:\/\/www.africa-press.net\/cotedivoire\/economie\/la-cote-divoire-accroit-son-offre-de-formations-dans-le-numerique-et-lentrepreneuriat#article","isPartOf":{"@id":"https:\/\/www.africa-press.net\/cotedivoire\/economie\/la-cote-divoire-accroit-son-offre-de-formations-dans-le-numerique-et-lentrepreneuriat"},"author":{"name":"cfeditorfr","@id":"https:\/\/www.africa-press.net\/cotedivoire\/#\/schema\/person\/2b1cf3cd81a31e3cd26889ca66d677f1"},"headline":"La C\u00f4te-d\u2019Ivoire accro\u00eet son offre de formations dans le num\u00e9rique et l\u2019entrepreneuriat","datePublished":"2021-07-13T18:23:43+00:00","dateModified":"2021-07-15T18:49:44+00:00","mainEntityOfPage":{"@id":"https:\/\/www.africa-press.net\/cotedivoire\/economie\/la-cote-divoire-accroit-son-offre-de-formations-dans-le-numerique-et-lentrepreneuriat"},"wordCount":338,"commentCount":0,"image":{"@id":"https:\/\/www.africa-press.net\/cotedivoire\/economie\/la-cote-divoire-accroit-son-offre-de-formations-dans-le-numerique-et-lentrepreneuriat#primaryimage"},"thumbnailUrl":"https:\/\/static.africa-press.net\/cote\/sites\/43\/2021\/07\/img-60edcf1cb1681.jpg","keywords":["Africa Press","Africa Press-C\u00f4te d'Ivoire","C\u00d4TE D'IVOIRE"],"articleSection":["\u00c9conomie","homepage-french","Toutes les actualit\u00e9s"],"inLanguage":"fr-FR","potentialAction":[{"@type":"CommentAction","name":"Comment","target":["https:\/\/www.africa-press.net\/cotedivoire\/economie\/la-cote-divoire-accroit-son-offre-de-formations-dans-le-numerique-et-lentrepreneuriat#respond"]}]},{"@type":"WebPage","@id":"https:\/\/www.africa-press.net\/cotedivoire\/economie\/la-cote-divoire-accroit-son-offre-de-formations-dans-le-numerique-et-lentrepreneuriat","url":"https:\/\/www.africa-press.net\/cotedivoire\/economie\/la-cote-divoire-accroit-son-offre-de-formations-dans-le-numerique-et-lentrepreneuriat","name":"La C\u00f4te-d\u2019Ivoire accro\u00eet son offre de formations dans le num\u00e9rique et l\u2019entrepreneuriat - C\u00f4te d&#039;Ivoire","isPartOf":{"@id":"https:\/\/www.africa-press.net\/cotedivoire\/#website"},"primaryImageOfPage":{"@id":"https:\/\/www.africa-press.net\/cotedivoire\/economie\/la-cote-divoire-accroit-son-offre-de-formations-dans-le-numerique-et-lentrepreneuriat#primaryimage"},"image":{"@id":"https:\/\/www.africa-press.net\/cotedivoire\/economie\/la-cote-divoire-accroit-son-offre-de-formations-dans-le-numerique-et-lentrepreneuriat#primaryimage"},"thumbnailUrl":"https:\/\/static.africa-press.net\/cote\/sites\/43\/2021\/07\/img-60edcf1cb1681.jpg","datePublished":"2021-07-13T18:23:43+00:00","dateModified":"2021-07-15T18:49:44+00:00","author":{"@id":"https:\/\/www.africa-press.net\/cotedivoire\/#\/schema\/person\/2b1cf3cd81a31e3cd26889ca66d677f1"},"description":"(Agence Ecofin) \u2013 Apr\u00e8s l\u2019Afrique du Sud en mai dernier, la C\u00f4te d\u2019Ivoire vient de passer un contrat avec le groupe m\u00e9di ...","breadcrumb":{"@id":"https:\/\/www.africa-press.net\/cotedivoire\/economie\/la-cote-divoire-accroit-son-offre-de-formations-dans-le-numerique-et-lentrepreneuriat#breadcrumb"},"inLanguage":"fr-FR","potentialAction":[{"@type":"ReadAction","target":["https:\/\/www.africa-press.net\/cotedivoire\/economie\/la-cote-divoire-accroit-son-offre-de-formations-dans-le-numerique-et-lentrepreneuriat"]}]},{"@type":"ImageObject","inLanguage":"fr-FR","@id":"https:\/\/www.africa-press.net\/cotedivoire\/economie\/la-cote-divoire-accroit-son-offre-de-formations-dans-le-numerique-et-lentrepreneuriat#primaryimage","url":"https:\/\/static.africa-press.net\/cote\/sites\/43\/2021\/07\/img-60edcf1cb1681.jpg","contentUrl":"https:\/\/static.africa-press.net\/cote\/sites\/43\/2021\/07\/img-60edcf1cb1681.jpg","width":720,"height":664,"caption":"La C\u00f4te-d\u2019Ivoire accro\u00eet son offre de formations dans le num\u00e9rique et l\u2019entrepreneuriat"},{"@type":"BreadcrumbList","@id":"https:\/\/www.africa-press.net\/cotedivoire\/economie\/la-cote-divoire-accroit-son-offre-de-formations-dans-le-numerique-et-lentrepreneuriat#breadcrumb","itemListElement":[{"@type":"ListItem","position":1,"name":"Accueil","item":"https:\/\/www.africa-press.net\/cotedivoire\/"},{"@type":"ListItem","position":2,"name":"La C\u00f4te-d\u2019Ivoire accro\u00eet son offre de formations dans le num\u00e9rique et l\u2019entrepreneuriat"}]},{"@type":"WebSite","@id":"https:\/\/www.africa-press.net\/cotedivoire\/#website","url":"https:\/\/www.africa-press.net\/cotedivoire\/","name":"C\u00f4te d&#039;Ivoire","description":"Just another Africa News Agency Sites site","potentialAction":[{"@type":"SearchAction","target":{"@type":"EntryPoint","urlTemplate":"https:\/\/www.africa-press.net\/cotedivoire\/?s={search_term_string}"},"query-input":{"@type":"PropertyValueSpecification","valueRequired":true,"valueName":"search_term_string"}}],"inLanguage":"fr-FR"},{"@type":"Person","@id":"https:\/\/www.africa-press.net\/cotedivoire\/#\/schema\/person\/2b1cf3cd81a31e3cd26889ca66d677f1","name":"cfeditorfr"}]}},"_links":{"self":[{"href":"https:\/\/www.africa-press.net\/cotedivoire\/wp-json\/wp\/v2\/posts\/9864","targetHints":{"allow":["GET"]}}],"collection":[{"href":"https:\/\/www.africa-press.net\/cotedivoire\/wp-json\/wp\/v2\/posts"}],"about":[{"href":"https:\/\/www.africa-press.net\/cotedivoire\/wp-json\/wp\/v2\/types\/post"}],"author":[{"embeddable":true,"href":"https:\/\/www.africa-press.net\/cotedivoire\/wp-json\/wp\/v2\/users\/82"}],"replies":[{"embeddable":true,"href":"https:\/\/www.africa-press.net\/cotedivoire\/wp-json\/wp\/v2\/comments?post=9864"}],"version-history":[{"count":0,"href":"https:\/\/www.africa-press.net\/cotedivoire\/wp-json\/wp\/v2\/posts\/9864\/revisions"}],"wp:featuredmedia":[{"embeddable":true,"href":"https:\/\/www.africa-press.net\/cotedivoire\/wp-json\/wp\/v2\/media\/9863"}],"wp:attachment":[{"href":"https:\/\/www.africa-press.net\/cotedivoire\/wp-json\/wp\/v2\/media?parent=9864"}],"wp:term":[{"taxonomy":"category","embeddable":true,"href":"https:\/\/www.africa-press.net\/cotedivoire\/wp-json\/wp\/v2\/categories?post=9864"},{"taxonomy":"post_tag","embeddable":true,"href":"https:\/\/www.africa-press.net\/cotedivoire\/wp-json\/wp\/v2\/tags?post=9864"}],"curies":[{"name":"wp","href":"https:\/\/api.w.org\/{rel}","templated":true}]}}