{"id":9867,"date":"2021-07-13T18:30:37","date_gmt":"2021-07-13T18:30:37","guid":{"rendered":"https:\/\/www.africa-press.net\/cotedivoire\/?p=9867"},"modified":"2021-07-15T18:49:53","modified_gmt":"2021-07-15T18:49:53","slug":"daoukro-cote-divoire-le-tete-a-tete-bedie-gbagbo-sous-le-signe-de-la-reconnaissance","status":"publish","type":"post","link":"https:\/\/www.africa-press.net\/cotedivoire\/politique\/daoukro-cote-divoire-le-tete-a-tete-bedie-gbagbo-sous-le-signe-de-la-reconnaissance","title":{"rendered":"Daoukro C\u00f4te-d\u2019Ivoire: Le t\u00eate-\u00e0-t\u00eate B\u00e9di\u00e9\/Gbagbo sous le signe de la reconnaissance"},"content":{"rendered":"<p><span style=\"color: #ff6600\"><strong><a href=\"https:\/\/www.africa-press.net\/\">Africa-Press<\/a> &#8211; <a href=\"https:\/\/www.africa-press.net\/cotedivoire\">C\u00f4te d&rsquo;Ivoire<\/a>. <\/strong><\/span>Visite \u00e0 Daoukro \/ Gbagbo d\u2019accord pour une r\u00e9conciliation dans \u00ab la v\u00e9rit\u00e9 qui gu\u00e9rit \u00bb<\/p>\n<p>Laurent Gbagbo est arriv\u00e9 \u00e0 Daoukro samedi 10 juillet sous le coup de 17h \u00e0 l\u2019issue d\u2019un voyage mouvement\u00e9 tout le long du parcours. Le long cort\u00e8ge de v\u00e9hicules a \u00e9t\u00e9 accueilli \u00e0 l\u2019entr\u00e9e de la ville par une foule immense compos\u00e9e \u00e0 majorit\u00e9 de jeunes qui tenaient \u00e0 voir ce Gbagbo dont on parle depuis ces derni\u00e8res ann\u00e9es. Leur soif ne sera pas \u00e9tanch\u00e9e. Laurent Gbagbo est rest\u00e9 dans son v\u00e9hicule de commandement sans mettre pied \u00e0 terre jusqu\u2019\u00e0 la r\u00e9sidence de son h\u00f4te, le pr\u00e9sident B\u00e9di\u00e9. On lisait la d\u00e9solation sur leurs visages.<\/p>\n<p>Dans la vaste cour du pr\u00e9sident B\u00e9di\u00e9 qui a pu avaler tout le floril\u00e8ge de voitures, le d\u00e9cor \u00e9tait bien plant\u00e9 avec le pr\u00e9sident B\u00e9di\u00e9 en premi\u00e8re ligne pour faire le traditionnel Akwaba \u00e0 son visiteur du jour.Dans les \u00e9changes de nouvelles qui suivent, il est revenu au pr\u00e9sident du conseil r\u00e9gional Traor\u00e9 Adam Kholia de dire le mot de bienvenue au nom des populations de l\u2019Iffou. De sa voix d\u2019autorit\u00e9, il adresse des mots bien choisis \u00e0 Gbagbo pour la douleur de l\u2019enfermement qui f\u00fbt la sienne et pour cette visite fraternelle qu\u2019il entreprend. Il ne manque pas de tresser des lauriers au pr\u00e9sident B\u00e9di\u00e9 qui dit-il, aura \u0153uvr\u00e9 pour l\u2019acquittement et le retour au pays de l\u2019ancien prisonnier de La Haye.<\/p>\n<p>Suivra l\u2019annonce des dons \u00e0 l\u2019h\u00f4te de marque. Un b\u00e9lier blanc et deux pagnes kita.<\/p>\n<p>B\u00e9di\u00e9 ne dira pas mot. Invit\u00e9 \u00e0 prendre la parole pour donner ses nouvelles, Laurent Gbagbo, fid\u00e8le \u00e0 son ton et \u00e0 son humour, ne tarit pas de paroles de gratitude \u00e0 l\u2019endroit du patron du Pdci. Il \u00e9voque des souvenirs de ses ann\u00e9es d\u2019opposant pour flatter les valeurs de fraternit\u00e9 dont a toujours fait preuve le premier des h\u00e9ritiers politiques d\u2019Houphouet. Il se souvient surtout de la campagne pour la pr\u00e9sidentielle de 1990 quand, de passage \u00e0 Daoukro, il s\u2019\u00e9tait vu remettre des pr\u00e9sents de B\u00e9di\u00e9 qui bien qu\u2019absent de la ville ne lui avait pas fait obstacle.Laurent Gbagbo s\u2019est limit\u00e9 \u00e0 quelques g\u00e9n\u00e9ralit\u00e9s dans les relations entre les animateurs de la vie politique donnant au passage quelques petits coups aux tenants actuels du pouvoir sans jamais les citer nomm\u00e9ment.De la r\u00e9conciliation devenue un sujet majeur en C\u00f4te d\u2019ivoire, l\u2019ancien pr\u00e9sident a laiss\u00e9 entrevoir sa bonne disposition \u00e0 y travailler. Mais cela, dans la v\u00e9rit\u00e9 et le respect des textes, une option qui lui est ch\u00e8re.<\/p>\n<p>\u00ab En venant voir le pr\u00e9sident B\u00e9di\u00e9 chez lui est un acte de r\u00e9conciliation et de reconnaissance. (\u2026) Il ne faut pas beaucoup pour qu\u2019il y\u2019ait la r\u00e9conciliation, il faut se dire les v\u00e9rit\u00e9s pour qu\u2019elles soignent et non blesser.On ne dit pas les v\u00e9rit\u00e9s pour qu\u2019elles blessent mais pour qu\u2019elles puissent gu\u00e9rir \u00bb, a d\u00e9clar\u00e9 Laurent Gbagbo. Puis l\u2019ancien pr\u00e9sident de relever que le probl\u00e8me en Afrique et en C\u00f4te d\u2019ivoire particuli\u00e8rement, reste le respect des textes qu\u2019on se donne librement. \u00ab On \u00e9crit des textes et on les froisse \u00bb, s\u2019indigne Gbagbo. Il ne manque pas de rappeler les douloureux \u00e9v\u00e9nements de Daoukro qu\u2019il dit avoir suivi de Bruxelles. Ces \u00e9v\u00e9nements de la crise du troisi\u00e8me mandat avaient abouti \u00e0 la d\u00e9capitation d\u2019un jeune ici \u00e0 Daoukro. La vid\u00e9o de cette horreur avait fait le tour du monde. Sur le coup Gbagbo accuse \u00e0 mots couverts tous \u00ab ceux qui se revendiquent d\u2019Houphouet \u00bb et qui font \u00ab ce que Houphou\u00ebt n\u2019a pas fait \u00bb. Tacle ravageur.<\/p>\n<p>Au total, c\u2019est un Laurent Gbagbo reconnaissant et fraternel qui s\u2019est adress\u00e9 \u00e0 son auditoire qui r\u00e9agissait par moment par des salves d\u2019applaudissements. Il a promis de parler. \u00ab Je parlerai le moment venu \u00bb, dit-il.<\/p>\n<p>&nbsp;<\/p>\n","protected":false},"excerpt":{"rendered":"<p>Africa-Press &#8211; C\u00f4te d&rsquo;Ivoire. Visite \u00e0 Daoukro \/ Gbagbo d\u2019accord pour une r\u00e9conciliation dans \u00ab la v\u00e9rit\u00e9 qui gu\u00e9rit \u00bb Laurent Gbagbo est arriv\u00e9 \u00e0 Daoukro samedi 10 juillet sous le coup de 17h \u00e0 l\u2019issue d\u2019un voyage mouvement\u00e9 tout le long du parcours. Le long cort\u00e8ge de v\u00e9hicules a \u00e9t\u00e9 accueilli \u00e0 l\u2019entr\u00e9e de [&hellip;]<\/p>\n","protected":false},"author":82,"featured_media":9866,"comment_status":"open","ping_status":"closed","sticky":false,"template":"","format":"standard","meta":{"footnotes":""},"categories":[11,2,10],"tags":[56,63,29],"class_list":["post-9867","post","type-post","status-publish","format-standard","has-post-thumbnail","hentry","category-homepage-french","category-politique","category-toutes-les-actualites","tag-africa-press","tag-africa-press-cote-divoire","tag-cote-divoire"],"yoast_head":"<!-- This site is optimized with the Yoast SEO Premium plugin v26.1 (Yoast SEO v27.0) - https:\/\/yoast.com\/product\/yoast-seo-premium-wordpress\/ -->\n<title>Daoukro C\u00f4te-d\u2019Ivoire: Le t\u00eate-\u00e0-t\u00eate B\u00e9di\u00e9\/Gbagbo sous le signe de la reconnaissance - C\u00f4te d&#039;Ivoire<\/title>\n<meta name=\"description\" content=\"Visite \u00e0 Daoukro \/ Gbagbo d\u2019accord pour une r\u00e9conciliation dans \u00ab la v\u00e9rit\u00e9 qui gu\u00e9rit \u00bb Laurent Gbagbo est arriv\u00e9 \u00e0 Da ...\" \/>\n<meta name=\"robots\" content=\"index, follow, max-snippet:-1, max-image-preview:large, max-video-preview:-1\" \/>\n<link rel=\"canonical\" href=\"https:\/\/www.africa-press.net\/cotedivoire\/politique\/daoukro-cote-divoire-le-tete-a-tete-bedie-gbagbo-sous-le-signe-de-la-reconnaissance\" \/>\n<meta property=\"og:locale\" content=\"fr_FR\" \/>\n<meta property=\"og:type\" content=\"article\" \/>\n<meta property=\"og:title\" content=\"Daoukro C\u00f4te-d\u2019Ivoire: Le t\u00eate-\u00e0-t\u00eate B\u00e9di\u00e9\/Gbagbo sous le signe de la reconnaissance\" \/>\n<meta property=\"og:description\" content=\"Visite \u00e0 Daoukro \/ Gbagbo d\u2019accord pour une r\u00e9conciliation dans \u00ab la v\u00e9rit\u00e9 qui gu\u00e9rit \u00bb Laurent Gbagbo est arriv\u00e9 \u00e0 Da ...\" \/>\n<meta property=\"og:url\" content=\"https:\/\/www.africa-press.net\/cotedivoire\/politique\/daoukro-cote-divoire-le-tete-a-tete-bedie-gbagbo-sous-le-signe-de-la-reconnaissance\" \/>\n<meta property=\"og:site_name\" content=\"C\u00f4te d&#039;Ivoire\" \/>\n<meta property=\"article:published_time\" content=\"2021-07-13T18:30:37+00:00\" \/>\n<meta property=\"article:modified_time\" content=\"2021-07-15T18:49:53+00:00\" \/>\n<meta property=\"og:image\" content=\"https:\/\/static.africa-press.net\/cote\/sites\/43\/2021\/07\/img-60edcf4c96438.jpg\" \/>\n\t<meta property=\"og:image:width\" content=\"1080\" \/>\n\t<meta property=\"og:image:height\" content=\"809\" \/>\n\t<meta property=\"og:image:type\" content=\"image\/jpeg\" \/>\n<meta name=\"author\" content=\"cfeditorfr\" \/>\n<meta name=\"twitter:card\" content=\"summary_large_image\" \/>\n<meta name=\"twitter:label1\" content=\"\u00c9crit par\" \/>\n\t<meta name=\"twitter:data1\" content=\"cfeditorfr\" \/>\n\t<meta name=\"twitter:label2\" content=\"Dur\u00e9e de lecture estim\u00e9e\" \/>\n\t<meta name=\"twitter:data2\" content=\"3 minutes\" \/>\n<script type=\"application\/ld+json\" class=\"yoast-schema-graph\">{\"@context\":\"https:\/\/schema.org\",\"@graph\":[{\"@type\":\"Article\",\"@id\":\"https:\/\/www.africa-press.net\/cotedivoire\/politique\/daoukro-cote-divoire-le-tete-a-tete-bedie-gbagbo-sous-le-signe-de-la-reconnaissance#article\",\"isPartOf\":{\"@id\":\"https:\/\/www.africa-press.net\/cotedivoire\/politique\/daoukro-cote-divoire-le-tete-a-tete-bedie-gbagbo-sous-le-signe-de-la-reconnaissance\"},\"author\":{\"name\":\"cfeditorfr\",\"@id\":\"https:\/\/www.africa-press.net\/cotedivoire\/#\/schema\/person\/2b1cf3cd81a31e3cd26889ca66d677f1\"},\"headline\":\"Daoukro C\u00f4te-d\u2019Ivoire: Le t\u00eate-\u00e0-t\u00eate B\u00e9di\u00e9\/Gbagbo sous le signe de la reconnaissance\",\"datePublished\":\"2021-07-13T18:30:37+00:00\",\"dateModified\":\"2021-07-15T18:49:53+00:00\",\"mainEntityOfPage\":{\"@id\":\"https:\/\/www.africa-press.net\/cotedivoire\/politique\/daoukro-cote-divoire-le-tete-a-tete-bedie-gbagbo-sous-le-signe-de-la-reconnaissance\"},\"wordCount\":716,\"commentCount\":0,\"image\":{\"@id\":\"https:\/\/www.africa-press.net\/cotedivoire\/politique\/daoukro-cote-divoire-le-tete-a-tete-bedie-gbagbo-sous-le-signe-de-la-reconnaissance#primaryimage\"},\"thumbnailUrl\":\"https:\/\/static.africa-press.net\/cote\/sites\/43\/2021\/07\/img-60edcf4c96438.jpg\",\"keywords\":[\"Africa Press\",\"Africa Press-C\u00f4te d'Ivoire\",\"C\u00d4TE D'IVOIRE\"],\"articleSection\":[\"homepage-french\",\"Politique\",\"Toutes les actualit\u00e9s\"],\"inLanguage\":\"fr-FR\",\"potentialAction\":[{\"@type\":\"CommentAction\",\"name\":\"Comment\",\"target\":[\"https:\/\/www.africa-press.net\/cotedivoire\/politique\/daoukro-cote-divoire-le-tete-a-tete-bedie-gbagbo-sous-le-signe-de-la-reconnaissance#respond\"]}]},{\"@type\":\"WebPage\",\"@id\":\"https:\/\/www.africa-press.net\/cotedivoire\/politique\/daoukro-cote-divoire-le-tete-a-tete-bedie-gbagbo-sous-le-signe-de-la-reconnaissance\",\"url\":\"https:\/\/www.africa-press.net\/cotedivoire\/politique\/daoukro-cote-divoire-le-tete-a-tete-bedie-gbagbo-sous-le-signe-de-la-reconnaissance\",\"name\":\"Daoukro C\u00f4te-d\u2019Ivoire: Le t\u00eate-\u00e0-t\u00eate B\u00e9di\u00e9\/Gbagbo sous le signe de la reconnaissance - C\u00f4te d&#039;Ivoire\",\"isPartOf\":{\"@id\":\"https:\/\/www.africa-press.net\/cotedivoire\/#website\"},\"primaryImageOfPage\":{\"@id\":\"https:\/\/www.africa-press.net\/cotedivoire\/politique\/daoukro-cote-divoire-le-tete-a-tete-bedie-gbagbo-sous-le-signe-de-la-reconnaissance#primaryimage\"},\"image\":{\"@id\":\"https:\/\/www.africa-press.net\/cotedivoire\/politique\/daoukro-cote-divoire-le-tete-a-tete-bedie-gbagbo-sous-le-signe-de-la-reconnaissance#primaryimage\"},\"thumbnailUrl\":\"https:\/\/static.africa-press.net\/cote\/sites\/43\/2021\/07\/img-60edcf4c96438.jpg\",\"datePublished\":\"2021-07-13T18:30:37+00:00\",\"dateModified\":\"2021-07-15T18:49:53+00:00\",\"author\":{\"@id\":\"https:\/\/www.africa-press.net\/cotedivoire\/#\/schema\/person\/2b1cf3cd81a31e3cd26889ca66d677f1\"},\"description\":\"Visite \u00e0 Daoukro \/ Gbagbo d\u2019accord pour une r\u00e9conciliation dans \u00ab la v\u00e9rit\u00e9 qui gu\u00e9rit \u00bb Laurent Gbagbo est arriv\u00e9 \u00e0 Da ...\",\"breadcrumb\":{\"@id\":\"https:\/\/www.africa-press.net\/cotedivoire\/politique\/daoukro-cote-divoire-le-tete-a-tete-bedie-gbagbo-sous-le-signe-de-la-reconnaissance#breadcrumb\"},\"inLanguage\":\"fr-FR\",\"potentialAction\":[{\"@type\":\"ReadAction\",\"target\":[\"https:\/\/www.africa-press.net\/cotedivoire\/politique\/daoukro-cote-divoire-le-tete-a-tete-bedie-gbagbo-sous-le-signe-de-la-reconnaissance\"]}]},{\"@type\":\"ImageObject\",\"inLanguage\":\"fr-FR\",\"@id\":\"https:\/\/www.africa-press.net\/cotedivoire\/politique\/daoukro-cote-divoire-le-tete-a-tete-bedie-gbagbo-sous-le-signe-de-la-reconnaissance#primaryimage\",\"url\":\"https:\/\/static.africa-press.net\/cote\/sites\/43\/2021\/07\/img-60edcf4c96438.jpg\",\"contentUrl\":\"https:\/\/static.africa-press.net\/cote\/sites\/43\/2021\/07\/img-60edcf4c96438.jpg\",\"width\":1080,\"height\":809,\"caption\":\"Daoukro C\u00f4te-d\u2019Ivoire: Le t\u00eate-\u00e0-t\u00eate B\u00e9di\u00e9\/Gbagbo sous le signe de la reconnaissance\"},{\"@type\":\"BreadcrumbList\",\"@id\":\"https:\/\/www.africa-press.net\/cotedivoire\/politique\/daoukro-cote-divoire-le-tete-a-tete-bedie-gbagbo-sous-le-signe-de-la-reconnaissance#breadcrumb\",\"itemListElement\":[{\"@type\":\"ListItem\",\"position\":1,\"name\":\"Accueil\",\"item\":\"https:\/\/www.africa-press.net\/cotedivoire\/\"},{\"@type\":\"ListItem\",\"position\":2,\"name\":\"Daoukro C\u00f4te-d\u2019Ivoire: Le t\u00eate-\u00e0-t\u00eate B\u00e9di\u00e9\/Gbagbo sous le signe de la reconnaissance\"}]},{\"@type\":\"WebSite\",\"@id\":\"https:\/\/www.africa-press.net\/cotedivoire\/#website\",\"url\":\"https:\/\/www.africa-press.net\/cotedivoire\/\",\"name\":\"C\u00f4te d&#039;Ivoire\",\"description\":\"Just another Africa News Agency Sites site\",\"potentialAction\":[{\"@type\":\"SearchAction\",\"target\":{\"@type\":\"EntryPoint\",\"urlTemplate\":\"https:\/\/www.africa-press.net\/cotedivoire\/?s={search_term_string}\"},\"query-input\":{\"@type\":\"PropertyValueSpecification\",\"valueRequired\":true,\"valueName\":\"search_term_string\"}}],\"inLanguage\":\"fr-FR\"},{\"@type\":\"Person\",\"@id\":\"https:\/\/www.africa-press.net\/cotedivoire\/#\/schema\/person\/2b1cf3cd81a31e3cd26889ca66d677f1\",\"name\":\"cfeditorfr\"}]}<\/script>\n<!-- \/ Yoast SEO Premium plugin. -->","yoast_head_json":{"title":"Daoukro C\u00f4te-d\u2019Ivoire: Le t\u00eate-\u00e0-t\u00eate B\u00e9di\u00e9\/Gbagbo sous le signe de la reconnaissance - C\u00f4te d&#039;Ivoire","description":"Visite \u00e0 Daoukro \/ Gbagbo d\u2019accord pour une r\u00e9conciliation dans \u00ab la v\u00e9rit\u00e9 qui gu\u00e9rit \u00bb Laurent Gbagbo est arriv\u00e9 \u00e0 Da ...","robots":{"index":"index","follow":"follow","max-snippet":"max-snippet:-1","max-image-preview":"max-image-preview:large","max-video-preview":"max-video-preview:-1"},"canonical":"https:\/\/www.africa-press.net\/cotedivoire\/politique\/daoukro-cote-divoire-le-tete-a-tete-bedie-gbagbo-sous-le-signe-de-la-reconnaissance","og_locale":"fr_FR","og_type":"article","og_title":"Daoukro C\u00f4te-d\u2019Ivoire: Le t\u00eate-\u00e0-t\u00eate B\u00e9di\u00e9\/Gbagbo sous le signe de la reconnaissance","og_description":"Visite \u00e0 Daoukro \/ Gbagbo d\u2019accord pour une r\u00e9conciliation dans \u00ab la v\u00e9rit\u00e9 qui gu\u00e9rit \u00bb Laurent Gbagbo est arriv\u00e9 \u00e0 Da ...","og_url":"https:\/\/www.africa-press.net\/cotedivoire\/politique\/daoukro-cote-divoire-le-tete-a-tete-bedie-gbagbo-sous-le-signe-de-la-reconnaissance","og_site_name":"C\u00f4te d&#039;Ivoire","article_published_time":"2021-07-13T18:30:37+00:00","article_modified_time":"2021-07-15T18:49:53+00:00","og_image":[{"width":1080,"height":809,"url":"https:\/\/static.africa-press.net\/cote\/sites\/43\/2021\/07\/img-60edcf4c96438.jpg","type":"image\/jpeg"}],"author":"cfeditorfr","twitter_card":"summary_large_image","twitter_misc":{"\u00c9crit par":"cfeditorfr","Dur\u00e9e de lecture estim\u00e9e":"3 minutes"},"schema":{"@context":"https:\/\/schema.org","@graph":[{"@type":"Article","@id":"https:\/\/www.africa-press.net\/cotedivoire\/politique\/daoukro-cote-divoire-le-tete-a-tete-bedie-gbagbo-sous-le-signe-de-la-reconnaissance#article","isPartOf":{"@id":"https:\/\/www.africa-press.net\/cotedivoire\/politique\/daoukro-cote-divoire-le-tete-a-tete-bedie-gbagbo-sous-le-signe-de-la-reconnaissance"},"author":{"name":"cfeditorfr","@id":"https:\/\/www.africa-press.net\/cotedivoire\/#\/schema\/person\/2b1cf3cd81a31e3cd26889ca66d677f1"},"headline":"Daoukro C\u00f4te-d\u2019Ivoire: Le t\u00eate-\u00e0-t\u00eate B\u00e9di\u00e9\/Gbagbo sous le signe de la reconnaissance","datePublished":"2021-07-13T18:30:37+00:00","dateModified":"2021-07-15T18:49:53+00:00","mainEntityOfPage":{"@id":"https:\/\/www.africa-press.net\/cotedivoire\/politique\/daoukro-cote-divoire-le-tete-a-tete-bedie-gbagbo-sous-le-signe-de-la-reconnaissance"},"wordCount":716,"commentCount":0,"image":{"@id":"https:\/\/www.africa-press.net\/cotedivoire\/politique\/daoukro-cote-divoire-le-tete-a-tete-bedie-gbagbo-sous-le-signe-de-la-reconnaissance#primaryimage"},"thumbnailUrl":"https:\/\/static.africa-press.net\/cote\/sites\/43\/2021\/07\/img-60edcf4c96438.jpg","keywords":["Africa Press","Africa Press-C\u00f4te d'Ivoire","C\u00d4TE D'IVOIRE"],"articleSection":["homepage-french","Politique","Toutes les actualit\u00e9s"],"inLanguage":"fr-FR","potentialAction":[{"@type":"CommentAction","name":"Comment","target":["https:\/\/www.africa-press.net\/cotedivoire\/politique\/daoukro-cote-divoire-le-tete-a-tete-bedie-gbagbo-sous-le-signe-de-la-reconnaissance#respond"]}]},{"@type":"WebPage","@id":"https:\/\/www.africa-press.net\/cotedivoire\/politique\/daoukro-cote-divoire-le-tete-a-tete-bedie-gbagbo-sous-le-signe-de-la-reconnaissance","url":"https:\/\/www.africa-press.net\/cotedivoire\/politique\/daoukro-cote-divoire-le-tete-a-tete-bedie-gbagbo-sous-le-signe-de-la-reconnaissance","name":"Daoukro C\u00f4te-d\u2019Ivoire: Le t\u00eate-\u00e0-t\u00eate B\u00e9di\u00e9\/Gbagbo sous le signe de la reconnaissance - C\u00f4te d&#039;Ivoire","isPartOf":{"@id":"https:\/\/www.africa-press.net\/cotedivoire\/#website"},"primaryImageOfPage":{"@id":"https:\/\/www.africa-press.net\/cotedivoire\/politique\/daoukro-cote-divoire-le-tete-a-tete-bedie-gbagbo-sous-le-signe-de-la-reconnaissance#primaryimage"},"image":{"@id":"https:\/\/www.africa-press.net\/cotedivoire\/politique\/daoukro-cote-divoire-le-tete-a-tete-bedie-gbagbo-sous-le-signe-de-la-reconnaissance#primaryimage"},"thumbnailUrl":"https:\/\/static.africa-press.net\/cote\/sites\/43\/2021\/07\/img-60edcf4c96438.jpg","datePublished":"2021-07-13T18:30:37+00:00","dateModified":"2021-07-15T18:49:53+00:00","author":{"@id":"https:\/\/www.africa-press.net\/cotedivoire\/#\/schema\/person\/2b1cf3cd81a31e3cd26889ca66d677f1"},"description":"Visite \u00e0 Daoukro \/ Gbagbo d\u2019accord pour une r\u00e9conciliation dans \u00ab la v\u00e9rit\u00e9 qui gu\u00e9rit \u00bb Laurent Gbagbo est arriv\u00e9 \u00e0 Da ...","breadcrumb":{"@id":"https:\/\/www.africa-press.net\/cotedivoire\/politique\/daoukro-cote-divoire-le-tete-a-tete-bedie-gbagbo-sous-le-signe-de-la-reconnaissance#breadcrumb"},"inLanguage":"fr-FR","potentialAction":[{"@type":"ReadAction","target":["https:\/\/www.africa-press.net\/cotedivoire\/politique\/daoukro-cote-divoire-le-tete-a-tete-bedie-gbagbo-sous-le-signe-de-la-reconnaissance"]}]},{"@type":"ImageObject","inLanguage":"fr-FR","@id":"https:\/\/www.africa-press.net\/cotedivoire\/politique\/daoukro-cote-divoire-le-tete-a-tete-bedie-gbagbo-sous-le-signe-de-la-reconnaissance#primaryimage","url":"https:\/\/static.africa-press.net\/cote\/sites\/43\/2021\/07\/img-60edcf4c96438.jpg","contentUrl":"https:\/\/static.africa-press.net\/cote\/sites\/43\/2021\/07\/img-60edcf4c96438.jpg","width":1080,"height":809,"caption":"Daoukro C\u00f4te-d\u2019Ivoire: Le t\u00eate-\u00e0-t\u00eate B\u00e9di\u00e9\/Gbagbo sous le signe de la reconnaissance"},{"@type":"BreadcrumbList","@id":"https:\/\/www.africa-press.net\/cotedivoire\/politique\/daoukro-cote-divoire-le-tete-a-tete-bedie-gbagbo-sous-le-signe-de-la-reconnaissance#breadcrumb","itemListElement":[{"@type":"ListItem","position":1,"name":"Accueil","item":"https:\/\/www.africa-press.net\/cotedivoire\/"},{"@type":"ListItem","position":2,"name":"Daoukro C\u00f4te-d\u2019Ivoire: Le t\u00eate-\u00e0-t\u00eate B\u00e9di\u00e9\/Gbagbo sous le signe de la reconnaissance"}]},{"@type":"WebSite","@id":"https:\/\/www.africa-press.net\/cotedivoire\/#website","url":"https:\/\/www.africa-press.net\/cotedivoire\/","name":"C\u00f4te d&#039;Ivoire","description":"Just another Africa News Agency Sites site","potentialAction":[{"@type":"SearchAction","target":{"@type":"EntryPoint","urlTemplate":"https:\/\/www.africa-press.net\/cotedivoire\/?s={search_term_string}"},"query-input":{"@type":"PropertyValueSpecification","valueRequired":true,"valueName":"search_term_string"}}],"inLanguage":"fr-FR"},{"@type":"Person","@id":"https:\/\/www.africa-press.net\/cotedivoire\/#\/schema\/person\/2b1cf3cd81a31e3cd26889ca66d677f1","name":"cfeditorfr"}]}},"_links":{"self":[{"href":"https:\/\/www.africa-press.net\/cotedivoire\/wp-json\/wp\/v2\/posts\/9867","targetHints":{"allow":["GET"]}}],"collection":[{"href":"https:\/\/www.africa-press.net\/cotedivoire\/wp-json\/wp\/v2\/posts"}],"about":[{"href":"https:\/\/www.africa-press.net\/cotedivoire\/wp-json\/wp\/v2\/types\/post"}],"author":[{"embeddable":true,"href":"https:\/\/www.africa-press.net\/cotedivoire\/wp-json\/wp\/v2\/users\/82"}],"replies":[{"embeddable":true,"href":"https:\/\/www.africa-press.net\/cotedivoire\/wp-json\/wp\/v2\/comments?post=9867"}],"version-history":[{"count":0,"href":"https:\/\/www.africa-press.net\/cotedivoire\/wp-json\/wp\/v2\/posts\/9867\/revisions"}],"wp:featuredmedia":[{"embeddable":true,"href":"https:\/\/www.africa-press.net\/cotedivoire\/wp-json\/wp\/v2\/media\/9866"}],"wp:attachment":[{"href":"https:\/\/www.africa-press.net\/cotedivoire\/wp-json\/wp\/v2\/media?parent=9867"}],"wp:term":[{"taxonomy":"category","embeddable":true,"href":"https:\/\/www.africa-press.net\/cotedivoire\/wp-json\/wp\/v2\/categories?post=9867"},{"taxonomy":"post_tag","embeddable":true,"href":"https:\/\/www.africa-press.net\/cotedivoire\/wp-json\/wp\/v2\/tags?post=9867"}],"curies":[{"name":"wp","href":"https:\/\/api.w.org\/{rel}","templated":true}]}}