{"id":98694,"date":"2025-05-07T20:18:16","date_gmt":"2025-05-07T20:18:16","guid":{"rendered":"https:\/\/www.africa-press.net\/cotedivoire\/politique\/zadi-djedje-rompt-avec-gbagbo-et-rallie-ouattara-au-nom-de-la-paix"},"modified":"2025-05-07T20:33:10","modified_gmt":"2025-05-07T20:33:10","slug":"zadi-djedje-rompt-avec-gbagbo-et-rallie-ouattara-au-nom-de-la-paix","status":"publish","type":"post","link":"https:\/\/www.africa-press.net\/cotedivoire\/politique\/zadi-djedje-rompt-avec-gbagbo-et-rallie-ouattara-au-nom-de-la-paix","title":{"rendered":"Zadi Dj\u00e9dj\u00e9 rompt avec Gbagbo et rallie Ouattara au nom de la paix"},"content":{"rendered":"<p><span style=\"color: #ff6600\"><strong>Africa-Press &#8211; C\u00f4te d&rsquo;Ivoire. <\/strong><\/span>Complique\u0301 a\u0300 cette heure d&rsquo;e\u0302tre opposant en Co\u0302te d&rsquo;Ivoire sur bien des aspects. Ancien proche de Laurent Gbagbo, dont il fut Directeur de campagne adjoint charge\u0301 des nouveaux majeurs en 2010, Zadi Dje\u0301dje\u0301 change de cap politique. Le pre\u0301sident de l\u2019Alliance des Ivoiriens pour la De\u0301mocratie (AID) a officiellement annonce\u0301, mercredi 7 mai 2025, son soutien a\u0300 la candidature du pre\u0301sident Alassane Ouattara pour la pre\u0301sidentielle d\u2019octobre prochain. Un revirement justifie\u0301, selon lui, par un engagement since\u0300re pour la re\u0301conciliation nationale et la paix.<\/p>\n<p>Lors d\u2019une de\u0301claration solennelle a\u0300 Abidjan, Zadi Dje\u0301dje\u0301 a expose\u0301 sa nouvelle vision politique, centre\u0301e sur le dialogue, la cohe\u0301sion sociale et la stabilite\u0301.<\/p>\n<p>\u00ab Je suis revenu d\u2019exil non pas avec la haine ou un esprit de revanche, mais avec la conviction que la Co\u0302te d\u2019Ivoire vaut plus que nos divergences. La paix ne se de\u0301cre\u0300te pas, elle se ba\u0302tit avec humilite\u0301, pardon et courage \u00bb, a-t-il affirme\u0301 devant la presse.<\/p>\n<p>Se positionnant de\u0301sormais comme un acteur de la re\u0301conciliation, l\u2019ex-soutien de Gbagbo de\u0301plore les violences e\u0301lectorales passe\u0301es qui ont meurtri la population ivoirienne.<\/p>\n<p>\u00ab Assez de divisions, assez de conflits. Construisons ensemble notre beau pays \u00bb, a-t-il plaide\u0301, appelant les responsables politiques a\u0300 s\u2019engager pour des e\u0301lections apaise\u0301es en 2025.<\/p>\n<p>Mais au-dela\u0300 des mots de paix, le discours de Zadi Dje\u0301dje\u0301 a aussi pris une tournure offensive, notamment a\u0300 l\u2019encontre de l\u2019opposition qu\u2019il accuse de nourrir des velle\u0301ite\u0301s de troubles. Il a exprime\u0301 son soutien sans re\u0301serve au pre\u0301sident Ouattara, dont il vante les re\u0301alisations e\u0301conomiques et sociales.<\/p>\n<p>\u00ab Le bilan du pre\u0301sident parle de lui-me\u0302me: infrastructures modernes, e\u0301conomie relance\u0301e, pays stabilise\u0301. Faut-il laisser cela entre les mains de ceux qui n\u2019ont que vengeance et ressentiment en te\u0302te? \u00bb, a-t-il lance\u0301.<\/p>\n<p>Zadi Dje\u0301dje\u0301 s\u2019est e\u0301galement montre\u0301 virulent envers les partis oppose\u0301s a\u0300 une nouvelle candidature du chef de l\u2019E\u0301tat. Re\u0301agissant au slogan \u00ab Trop, c\u2019est trop \u00bb lance\u0301 par un chef de parti rival, il a multiplie\u0301 les attaques.<\/p>\n<p>\u00ab De\u0301velopper le pays, c\u2019est trop? Organiser la CAN, c\u2019est trop? Construire des ho\u0302pitaux, des universite\u0301s, c\u2019est trop? \u00bb s\u2019est-il interroge\u0301, de\u0301nonc\u0327ant ce qu\u2019il qualifie de mauvaise foi politique.<\/p>\n<p>Tre\u0300s critique, le pre\u0301sident de l\u2019AID a averti que lui et ses partisans n\u2019he\u0301siteront pas a\u0300 re\u0301pondre aux tentatives d\u2019obstruction.<\/p>\n<p>\u00ab Trop, c\u2019est trop a\u0300 leurs provocations, trop, c\u2019est trop a\u0300 leur volonte\u0301 d\u2019insurrection, trop, c\u2019est trop a\u0300 leur CNT bis ! \u00bb, a-t-il martele\u0301, dans un ton plus combatif qu\u2019apaisant.<\/p>\n<p>Ce soutien a\u0300 Ouattara, pre\u0301sente\u0301 comme un \u00ab choix libre, responsable et patriotique \u00bb, ne fait pas l\u2019unanimite\u0301 dans son camp d\u2019origine. Face aux accusations de trahison, Zadi Dje\u0301dje\u0301 assume: \u00ab Ce n\u2019est pas de la soumission, c\u2019est de la maturite\u0301 politique. \u00bb<\/p>\n<p>Outre les rangs d&rsquo;anciens opposants de\u0301ja\u0300 bien garnis au RHDP, les temps e\u0301tant durs pour ceux qui vivent de la politique en e\u0301tant en dehors du parti au pouvoir, alors que la Co\u0302te d\u2019Ivoire s\u2019engage dans une nouvelle se\u0301quence e\u0301lectorale sans suspense a\u0300 l&rsquo;image de celles de 2015 et 2020, nombreux sont ceux qui rallient le RHDP, espe\u0301rant peut-e\u0302tre pour certains, jouir de be\u0301ne\u0301fices.<\/p>\n<p><strong>Pour plus d&rsquo;informations et d&rsquo;analyses sur la <span style=\"color: #ff6600\">C\u00f4te d&rsquo;Ivoire<\/span>, suivez <span style=\"color: #ff6600\">Africa-Press<\/span><\/strong><\/p>\n","protected":false},"excerpt":{"rendered":"<p>Africa-Press &#8211; C\u00f4te d&rsquo;Ivoire. Complique\u0301 a\u0300 cette heure d&rsquo;e\u0302tre opposant en Co\u0302te d&rsquo;Ivoire sur bien des aspects. Ancien proche de Laurent Gbagbo, dont il fut Directeur de campagne adjoint charge\u0301 des nouveaux majeurs en 2010, Zadi Dje\u0301dje\u0301 change de cap politique. Le pre\u0301sident de l\u2019Alliance des Ivoiriens pour la De\u0301mocratie (AID) a officiellement annonce\u0301, mercredi [&hellip;]<\/p>\n","protected":false},"author":82,"featured_media":98693,"comment_status":"open","ping_status":"closed","sticky":false,"template":"","format":"standard","meta":{"footnotes":""},"categories":[2,10],"tags":[29,320,17611,727,600,17610,17613,17612],"class_list":["post-98694","post","type-post","status-publish","format-standard","has-post-thumbnail","hentry","category-politique","category-toutes-les-actualites","tag-cote-divoire","tag-gbagbo","tag-nom","tag-ouattara","tag-paix","tag-rallie","tag-rompt","tag-zadi-djedje"],"yoast_head":"<!-- This site is optimized with the Yoast SEO Premium plugin v26.1 (Yoast SEO v27.0) - https:\/\/yoast.com\/product\/yoast-seo-premium-wordpress\/ -->\n<title>Zadi Dj\u00e9dj\u00e9 rompt avec Gbagbo et rallie Ouattara au nom de la paix - C\u00f4te d&#039;Ivoire<\/title>\n<meta name=\"description\" content=\"Complique\u0301 a\u0300 cette heure d&#039;e\u0302tre opposant en Co\u0302te d&#039;Ivoire sur bien des aspects. Ancien proche de Laurent Gbagbo, dont ...\" \/>\n<meta name=\"robots\" content=\"index, follow, max-snippet:-1, max-image-preview:large, max-video-preview:-1\" \/>\n<link rel=\"canonical\" href=\"https:\/\/www.africa-press.net\/cotedivoire\/politique\/zadi-djedje-rompt-avec-gbagbo-et-rallie-ouattara-au-nom-de-la-paix\" \/>\n<meta property=\"og:locale\" content=\"fr_FR\" \/>\n<meta property=\"og:type\" content=\"article\" \/>\n<meta property=\"og:title\" content=\"Zadi Dj\u00e9dj\u00e9 rompt avec Gbagbo et rallie Ouattara au nom de la paix\" \/>\n<meta property=\"og:description\" content=\"Complique\u0301 a\u0300 cette heure d&#039;e\u0302tre opposant en Co\u0302te d&#039;Ivoire sur bien des aspects. Ancien proche de Laurent Gbagbo, dont ...\" \/>\n<meta property=\"og:url\" content=\"https:\/\/www.africa-press.net\/cotedivoire\/politique\/zadi-djedje-rompt-avec-gbagbo-et-rallie-ouattara-au-nom-de-la-paix\" \/>\n<meta property=\"og:site_name\" content=\"C\u00f4te d&#039;Ivoire\" \/>\n<meta property=\"article:published_time\" content=\"2025-05-07T20:18:16+00:00\" \/>\n<meta property=\"article:modified_time\" content=\"2025-05-07T20:33:10+00:00\" \/>\n<meta property=\"og:image\" content=\"https:\/\/static.africa-press.net\/cote\/sites\/43\/2025\/05\/sm_1746637345.586296.jpg\" \/>\n\t<meta property=\"og:image:width\" content=\"720\" \/>\n\t<meta property=\"og:image:height\" content=\"540\" \/>\n\t<meta property=\"og:image:type\" content=\"image\/jpeg\" \/>\n<meta name=\"author\" content=\"cfeditorfr\" \/>\n<meta name=\"twitter:card\" content=\"summary_large_image\" \/>\n<meta name=\"twitter:label1\" content=\"\u00c9crit par\" \/>\n\t<meta name=\"twitter:data1\" content=\"cfeditorfr\" \/>\n\t<meta name=\"twitter:label2\" content=\"Dur\u00e9e de lecture estim\u00e9e\" \/>\n\t<meta name=\"twitter:data2\" content=\"3 minutes\" \/>\n<script type=\"application\/ld+json\" class=\"yoast-schema-graph\">{\"@context\":\"https:\/\/schema.org\",\"@graph\":[{\"@type\":\"Article\",\"@id\":\"https:\/\/www.africa-press.net\/cotedivoire\/politique\/zadi-djedje-rompt-avec-gbagbo-et-rallie-ouattara-au-nom-de-la-paix#article\",\"isPartOf\":{\"@id\":\"https:\/\/www.africa-press.net\/cotedivoire\/politique\/zadi-djedje-rompt-avec-gbagbo-et-rallie-ouattara-au-nom-de-la-paix\"},\"author\":{\"name\":\"cfeditorfr\",\"@id\":\"https:\/\/www.africa-press.net\/cotedivoire\/#\/schema\/person\/2b1cf3cd81a31e3cd26889ca66d677f1\"},\"headline\":\"Zadi Dj\u00e9dj\u00e9 rompt avec Gbagbo et rallie Ouattara au nom de la paix\",\"datePublished\":\"2025-05-07T20:18:16+00:00\",\"dateModified\":\"2025-05-07T20:33:10+00:00\",\"mainEntityOfPage\":{\"@id\":\"https:\/\/www.africa-press.net\/cotedivoire\/politique\/zadi-djedje-rompt-avec-gbagbo-et-rallie-ouattara-au-nom-de-la-paix\"},\"wordCount\":623,\"commentCount\":0,\"image\":{\"@id\":\"https:\/\/www.africa-press.net\/cotedivoire\/politique\/zadi-djedje-rompt-avec-gbagbo-et-rallie-ouattara-au-nom-de-la-paix#primaryimage\"},\"thumbnailUrl\":\"https:\/\/static.africa-press.net\/cote\/sites\/43\/2025\/05\/sm_1746637345.586296.jpg\",\"keywords\":[\"C\u00d4TE D'IVOIRE\",\"Gbagbo\",\"nom\",\"Ouattara\",\"paix\",\"rallie\",\"rompt\",\"Zadi Dj\u00e9dj\u00e9\"],\"articleSection\":[\"Politique\",\"Toutes les actualit\u00e9s\"],\"inLanguage\":\"fr-FR\",\"potentialAction\":[{\"@type\":\"CommentAction\",\"name\":\"Comment\",\"target\":[\"https:\/\/www.africa-press.net\/cotedivoire\/politique\/zadi-djedje-rompt-avec-gbagbo-et-rallie-ouattara-au-nom-de-la-paix#respond\"]}]},{\"@type\":\"WebPage\",\"@id\":\"https:\/\/www.africa-press.net\/cotedivoire\/politique\/zadi-djedje-rompt-avec-gbagbo-et-rallie-ouattara-au-nom-de-la-paix\",\"url\":\"https:\/\/www.africa-press.net\/cotedivoire\/politique\/zadi-djedje-rompt-avec-gbagbo-et-rallie-ouattara-au-nom-de-la-paix\",\"name\":\"Zadi Dj\u00e9dj\u00e9 rompt avec Gbagbo et rallie Ouattara au nom de la paix - C\u00f4te d&#039;Ivoire\",\"isPartOf\":{\"@id\":\"https:\/\/www.africa-press.net\/cotedivoire\/#website\"},\"primaryImageOfPage\":{\"@id\":\"https:\/\/www.africa-press.net\/cotedivoire\/politique\/zadi-djedje-rompt-avec-gbagbo-et-rallie-ouattara-au-nom-de-la-paix#primaryimage\"},\"image\":{\"@id\":\"https:\/\/www.africa-press.net\/cotedivoire\/politique\/zadi-djedje-rompt-avec-gbagbo-et-rallie-ouattara-au-nom-de-la-paix#primaryimage\"},\"thumbnailUrl\":\"https:\/\/static.africa-press.net\/cote\/sites\/43\/2025\/05\/sm_1746637345.586296.jpg\",\"datePublished\":\"2025-05-07T20:18:16+00:00\",\"dateModified\":\"2025-05-07T20:33:10+00:00\",\"author\":{\"@id\":\"https:\/\/www.africa-press.net\/cotedivoire\/#\/schema\/person\/2b1cf3cd81a31e3cd26889ca66d677f1\"},\"description\":\"Complique\u0301 a\u0300 cette heure d'e\u0302tre opposant en Co\u0302te d'Ivoire sur bien des aspects. Ancien proche de Laurent Gbagbo, dont ...\",\"breadcrumb\":{\"@id\":\"https:\/\/www.africa-press.net\/cotedivoire\/politique\/zadi-djedje-rompt-avec-gbagbo-et-rallie-ouattara-au-nom-de-la-paix#breadcrumb\"},\"inLanguage\":\"fr-FR\",\"potentialAction\":[{\"@type\":\"ReadAction\",\"target\":[\"https:\/\/www.africa-press.net\/cotedivoire\/politique\/zadi-djedje-rompt-avec-gbagbo-et-rallie-ouattara-au-nom-de-la-paix\"]}]},{\"@type\":\"ImageObject\",\"inLanguage\":\"fr-FR\",\"@id\":\"https:\/\/www.africa-press.net\/cotedivoire\/politique\/zadi-djedje-rompt-avec-gbagbo-et-rallie-ouattara-au-nom-de-la-paix#primaryimage\",\"url\":\"https:\/\/static.africa-press.net\/cote\/sites\/43\/2025\/05\/sm_1746637345.586296.jpg\",\"contentUrl\":\"https:\/\/static.africa-press.net\/cote\/sites\/43\/2025\/05\/sm_1746637345.586296.jpg\",\"width\":720,\"height\":540,\"caption\":\"Zadi Dj\u00e9dj\u00e9 rompt avec Gbagbo et rallie Ouattara au nom de la paix\"},{\"@type\":\"BreadcrumbList\",\"@id\":\"https:\/\/www.africa-press.net\/cotedivoire\/politique\/zadi-djedje-rompt-avec-gbagbo-et-rallie-ouattara-au-nom-de-la-paix#breadcrumb\",\"itemListElement\":[{\"@type\":\"ListItem\",\"position\":1,\"name\":\"Accueil\",\"item\":\"https:\/\/www.africa-press.net\/cotedivoire\/\"},{\"@type\":\"ListItem\",\"position\":2,\"name\":\"Zadi Dj\u00e9dj\u00e9 rompt avec Gbagbo et rallie Ouattara au nom de la paix\"}]},{\"@type\":\"WebSite\",\"@id\":\"https:\/\/www.africa-press.net\/cotedivoire\/#website\",\"url\":\"https:\/\/www.africa-press.net\/cotedivoire\/\",\"name\":\"C\u00f4te d&#039;Ivoire\",\"description\":\"Just another Africa News Agency Sites site\",\"potentialAction\":[{\"@type\":\"SearchAction\",\"target\":{\"@type\":\"EntryPoint\",\"urlTemplate\":\"https:\/\/www.africa-press.net\/cotedivoire\/?s={search_term_string}\"},\"query-input\":{\"@type\":\"PropertyValueSpecification\",\"valueRequired\":true,\"valueName\":\"search_term_string\"}}],\"inLanguage\":\"fr-FR\"},{\"@type\":\"Person\",\"@id\":\"https:\/\/www.africa-press.net\/cotedivoire\/#\/schema\/person\/2b1cf3cd81a31e3cd26889ca66d677f1\",\"name\":\"cfeditorfr\"}]}<\/script>\n<!-- \/ Yoast SEO Premium plugin. -->","yoast_head_json":{"title":"Zadi Dj\u00e9dj\u00e9 rompt avec Gbagbo et rallie Ouattara au nom de la paix - C\u00f4te d&#039;Ivoire","description":"Complique\u0301 a\u0300 cette heure d'e\u0302tre opposant en Co\u0302te d'Ivoire sur bien des aspects. Ancien proche de Laurent Gbagbo, dont ...","robots":{"index":"index","follow":"follow","max-snippet":"max-snippet:-1","max-image-preview":"max-image-preview:large","max-video-preview":"max-video-preview:-1"},"canonical":"https:\/\/www.africa-press.net\/cotedivoire\/politique\/zadi-djedje-rompt-avec-gbagbo-et-rallie-ouattara-au-nom-de-la-paix","og_locale":"fr_FR","og_type":"article","og_title":"Zadi Dj\u00e9dj\u00e9 rompt avec Gbagbo et rallie Ouattara au nom de la paix","og_description":"Complique\u0301 a\u0300 cette heure d'e\u0302tre opposant en Co\u0302te d'Ivoire sur bien des aspects. Ancien proche de Laurent Gbagbo, dont ...","og_url":"https:\/\/www.africa-press.net\/cotedivoire\/politique\/zadi-djedje-rompt-avec-gbagbo-et-rallie-ouattara-au-nom-de-la-paix","og_site_name":"C\u00f4te d&#039;Ivoire","article_published_time":"2025-05-07T20:18:16+00:00","article_modified_time":"2025-05-07T20:33:10+00:00","og_image":[{"width":720,"height":540,"url":"https:\/\/static.africa-press.net\/cote\/sites\/43\/2025\/05\/sm_1746637345.586296.jpg","type":"image\/jpeg"}],"author":"cfeditorfr","twitter_card":"summary_large_image","twitter_misc":{"\u00c9crit par":"cfeditorfr","Dur\u00e9e de lecture estim\u00e9e":"3 minutes"},"schema":{"@context":"https:\/\/schema.org","@graph":[{"@type":"Article","@id":"https:\/\/www.africa-press.net\/cotedivoire\/politique\/zadi-djedje-rompt-avec-gbagbo-et-rallie-ouattara-au-nom-de-la-paix#article","isPartOf":{"@id":"https:\/\/www.africa-press.net\/cotedivoire\/politique\/zadi-djedje-rompt-avec-gbagbo-et-rallie-ouattara-au-nom-de-la-paix"},"author":{"name":"cfeditorfr","@id":"https:\/\/www.africa-press.net\/cotedivoire\/#\/schema\/person\/2b1cf3cd81a31e3cd26889ca66d677f1"},"headline":"Zadi Dj\u00e9dj\u00e9 rompt avec Gbagbo et rallie Ouattara au nom de la paix","datePublished":"2025-05-07T20:18:16+00:00","dateModified":"2025-05-07T20:33:10+00:00","mainEntityOfPage":{"@id":"https:\/\/www.africa-press.net\/cotedivoire\/politique\/zadi-djedje-rompt-avec-gbagbo-et-rallie-ouattara-au-nom-de-la-paix"},"wordCount":623,"commentCount":0,"image":{"@id":"https:\/\/www.africa-press.net\/cotedivoire\/politique\/zadi-djedje-rompt-avec-gbagbo-et-rallie-ouattara-au-nom-de-la-paix#primaryimage"},"thumbnailUrl":"https:\/\/static.africa-press.net\/cote\/sites\/43\/2025\/05\/sm_1746637345.586296.jpg","keywords":["C\u00d4TE D'IVOIRE","Gbagbo","nom","Ouattara","paix","rallie","rompt","Zadi Dj\u00e9dj\u00e9"],"articleSection":["Politique","Toutes les actualit\u00e9s"],"inLanguage":"fr-FR","potentialAction":[{"@type":"CommentAction","name":"Comment","target":["https:\/\/www.africa-press.net\/cotedivoire\/politique\/zadi-djedje-rompt-avec-gbagbo-et-rallie-ouattara-au-nom-de-la-paix#respond"]}]},{"@type":"WebPage","@id":"https:\/\/www.africa-press.net\/cotedivoire\/politique\/zadi-djedje-rompt-avec-gbagbo-et-rallie-ouattara-au-nom-de-la-paix","url":"https:\/\/www.africa-press.net\/cotedivoire\/politique\/zadi-djedje-rompt-avec-gbagbo-et-rallie-ouattara-au-nom-de-la-paix","name":"Zadi Dj\u00e9dj\u00e9 rompt avec Gbagbo et rallie Ouattara au nom de la paix - C\u00f4te d&#039;Ivoire","isPartOf":{"@id":"https:\/\/www.africa-press.net\/cotedivoire\/#website"},"primaryImageOfPage":{"@id":"https:\/\/www.africa-press.net\/cotedivoire\/politique\/zadi-djedje-rompt-avec-gbagbo-et-rallie-ouattara-au-nom-de-la-paix#primaryimage"},"image":{"@id":"https:\/\/www.africa-press.net\/cotedivoire\/politique\/zadi-djedje-rompt-avec-gbagbo-et-rallie-ouattara-au-nom-de-la-paix#primaryimage"},"thumbnailUrl":"https:\/\/static.africa-press.net\/cote\/sites\/43\/2025\/05\/sm_1746637345.586296.jpg","datePublished":"2025-05-07T20:18:16+00:00","dateModified":"2025-05-07T20:33:10+00:00","author":{"@id":"https:\/\/www.africa-press.net\/cotedivoire\/#\/schema\/person\/2b1cf3cd81a31e3cd26889ca66d677f1"},"description":"Complique\u0301 a\u0300 cette heure d'e\u0302tre opposant en Co\u0302te d'Ivoire sur bien des aspects. Ancien proche de Laurent Gbagbo, dont ...","breadcrumb":{"@id":"https:\/\/www.africa-press.net\/cotedivoire\/politique\/zadi-djedje-rompt-avec-gbagbo-et-rallie-ouattara-au-nom-de-la-paix#breadcrumb"},"inLanguage":"fr-FR","potentialAction":[{"@type":"ReadAction","target":["https:\/\/www.africa-press.net\/cotedivoire\/politique\/zadi-djedje-rompt-avec-gbagbo-et-rallie-ouattara-au-nom-de-la-paix"]}]},{"@type":"ImageObject","inLanguage":"fr-FR","@id":"https:\/\/www.africa-press.net\/cotedivoire\/politique\/zadi-djedje-rompt-avec-gbagbo-et-rallie-ouattara-au-nom-de-la-paix#primaryimage","url":"https:\/\/static.africa-press.net\/cote\/sites\/43\/2025\/05\/sm_1746637345.586296.jpg","contentUrl":"https:\/\/static.africa-press.net\/cote\/sites\/43\/2025\/05\/sm_1746637345.586296.jpg","width":720,"height":540,"caption":"Zadi Dj\u00e9dj\u00e9 rompt avec Gbagbo et rallie Ouattara au nom de la paix"},{"@type":"BreadcrumbList","@id":"https:\/\/www.africa-press.net\/cotedivoire\/politique\/zadi-djedje-rompt-avec-gbagbo-et-rallie-ouattara-au-nom-de-la-paix#breadcrumb","itemListElement":[{"@type":"ListItem","position":1,"name":"Accueil","item":"https:\/\/www.africa-press.net\/cotedivoire\/"},{"@type":"ListItem","position":2,"name":"Zadi Dj\u00e9dj\u00e9 rompt avec Gbagbo et rallie Ouattara au nom de la paix"}]},{"@type":"WebSite","@id":"https:\/\/www.africa-press.net\/cotedivoire\/#website","url":"https:\/\/www.africa-press.net\/cotedivoire\/","name":"C\u00f4te d&#039;Ivoire","description":"Just another Africa News Agency Sites site","potentialAction":[{"@type":"SearchAction","target":{"@type":"EntryPoint","urlTemplate":"https:\/\/www.africa-press.net\/cotedivoire\/?s={search_term_string}"},"query-input":{"@type":"PropertyValueSpecification","valueRequired":true,"valueName":"search_term_string"}}],"inLanguage":"fr-FR"},{"@type":"Person","@id":"https:\/\/www.africa-press.net\/cotedivoire\/#\/schema\/person\/2b1cf3cd81a31e3cd26889ca66d677f1","name":"cfeditorfr"}]}},"_links":{"self":[{"href":"https:\/\/www.africa-press.net\/cotedivoire\/wp-json\/wp\/v2\/posts\/98694","targetHints":{"allow":["GET"]}}],"collection":[{"href":"https:\/\/www.africa-press.net\/cotedivoire\/wp-json\/wp\/v2\/posts"}],"about":[{"href":"https:\/\/www.africa-press.net\/cotedivoire\/wp-json\/wp\/v2\/types\/post"}],"author":[{"embeddable":true,"href":"https:\/\/www.africa-press.net\/cotedivoire\/wp-json\/wp\/v2\/users\/82"}],"replies":[{"embeddable":true,"href":"https:\/\/www.africa-press.net\/cotedivoire\/wp-json\/wp\/v2\/comments?post=98694"}],"version-history":[{"count":0,"href":"https:\/\/www.africa-press.net\/cotedivoire\/wp-json\/wp\/v2\/posts\/98694\/revisions"}],"wp:featuredmedia":[{"embeddable":true,"href":"https:\/\/www.africa-press.net\/cotedivoire\/wp-json\/wp\/v2\/media\/98693"}],"wp:attachment":[{"href":"https:\/\/www.africa-press.net\/cotedivoire\/wp-json\/wp\/v2\/media?parent=98694"}],"wp:term":[{"taxonomy":"category","embeddable":true,"href":"https:\/\/www.africa-press.net\/cotedivoire\/wp-json\/wp\/v2\/categories?post=98694"},{"taxonomy":"post_tag","embeddable":true,"href":"https:\/\/www.africa-press.net\/cotedivoire\/wp-json\/wp\/v2\/tags?post=98694"}],"curies":[{"name":"wp","href":"https:\/\/api.w.org\/{rel}","templated":true}]}}