{"id":9870,"date":"2021-07-13T18:35:27","date_gmt":"2021-07-13T18:35:27","guid":{"rendered":"https:\/\/www.africa-press.net\/cotedivoire\/?p=9870"},"modified":"2021-07-15T18:46:04","modified_gmt":"2021-07-15T18:46:04","slug":"lenquete-de-la-balance-des-paiements-en-cote-divoire-de-2020-prendra-fin-le-28-juillet-2021","status":"publish","type":"post","link":"https:\/\/www.africa-press.net\/cotedivoire\/economie\/lenquete-de-la-balance-des-paiements-en-cote-divoire-de-2020-prendra-fin-le-28-juillet-2021","title":{"rendered":"L\u2019enqu\u00eate de la balance des paiements en C\u00f4te-d\u2019Ivoire de 2020 prendra fin le 28 juillet 2021"},"content":{"rendered":"<p><span style=\"color: #ff6600\"><strong><a href=\"https:\/\/www.africa-press.net\/\">Africa-Press<\/a> &#8211; <a href=\"https:\/\/www.africa-press.net\/cotedivoire\">C\u00f4te d&rsquo;Ivoire<\/a>. <\/strong><\/span>L\u2019enqu\u00eate de la balance des paiements au titre de l\u2019ann\u00e9e 2020 sur toute l\u2019\u00e9tendue du territoire national, d\u00e9marr\u00e9e depuis le 28 juin 2021, prendra fin le 28 juillet, annonce un communiqu\u00e9 transmis \u00e0 l\u2019AIP.<\/p>\n<p>Sont concern\u00e9es par cette enqu\u00eate, les op\u00e9rations effectu\u00e9es au titre de l\u2019exercice 2020 par les autorit\u00e9s institutionnelles, administratives et mon\u00e9taires, les interm\u00e9diaires habilit\u00e9s et autres interm\u00e9diaires financiers, les organisations professionnelles et autres acteurs du secteur priv\u00e9 notamment les importateurs et exportateurs de biens et services, les partenaires au d\u00e9veloppement, les repr\u00e9sentations des organisations internationales et des ONG internationales.<\/p>\n<p>\u00ab L\u2019information statistique joue un r\u00f4le important dans le suivi et l\u2019analyse de la situation socio-\u00e9conomique d\u2019un pays car elle permet de cerner les r\u00e9alit\u00e9s et les \u00e9volutions susceptibles de mieux orienter les mesures de politiques sociales et \u00e9conomiques \u00bb, a rappel\u00e9 le directeur g\u00e9n\u00e9ral du Tr\u00e9sor et de la Comptabilit\u00e9 publique, Assahor\u00e9 Konan Jacques, par ailleurs pr\u00e9sident du comit\u00e9 national de la balance des paiements.<\/p>\n<p>Aussi invite-il l\u2019ensemble des acteurs concern\u00e9s \u00e0 r\u00e9server un bon accueil aux enqu\u00eateurs de la Banque centrale des Etats de l\u2019Afrique de l\u2019ouest (BCEAO) et les rassure quant aux dispositions particuli\u00e8res prises pour garantir le strict respect des mesures barri\u00e8res dans le contexte actuel de crise sanitaire li\u00e9e \u00e0 la pand\u00e9mie \u00e0 COVID-19.<\/p>\n<p>La balance des paiements est un \u00e9tat statistique qui retrace, sous forme comptable, l\u2019ensemble des flux d\u2019actifs r\u00e9els, financiers et mon\u00e9taires entre les r\u00e9sidents d\u2019une \u00e9conomie et les non-r\u00e9sidents, au cours d\u2019une p\u00e9riode donn\u00e9e.<\/p>\n<p>Elle permet d\u2019\u00e9valuer l\u2019insertion de l\u2019\u00e9conomie dans son environnement ext\u00e9rieur, d\u2019identifier l\u2019apparition de d\u00e9s\u00e9quilibre et de comprendre comment ces d\u00e9s\u00e9quilibres sont financ\u00e9s par le reste du monde. Elle constitue, en outre, une source contributive \u00e0 l\u2019\u00e9laboration de certains agr\u00e9gats nationaux et appara\u00eet ainsi comme un \u00e9l\u00e9ment essentiel de la statistique nationale.<\/p>\n<p>Nonobstant la crise sanitaire li\u00e9e \u00e0 la pand\u00e9mie \u00e0 Covid-19, l\u2019enqu\u00eate de l\u2019ann\u00e9e derni\u00e8re (au titre de l\u2019ann\u00e9e 2019) a enregistr\u00e9 un taux de r\u00e9ponse de 88,1%.<\/p>\n<p>En C\u00f4te d\u2019Ivoire, le Comit\u00e9 de la balance des paiements est pr\u00e9sid\u00e9 par le directeur g\u00e9n\u00e9ral du Tr\u00e9sor et de la Comptabilit\u00e9 publique et le secr\u00e9tariat technique est assur\u00e9 par la direction nationale de la BCEAO.<\/p>\n<p>&nbsp;<\/p>\n","protected":false},"excerpt":{"rendered":"<p>Africa-Press &#8211; C\u00f4te d&rsquo;Ivoire. L\u2019enqu\u00eate de la balance des paiements au titre de l\u2019ann\u00e9e 2020 sur toute l\u2019\u00e9tendue du territoire national, d\u00e9marr\u00e9e depuis le 28 juin 2021, prendra fin le 28 juillet, annonce un communiqu\u00e9 transmis \u00e0 l\u2019AIP. Sont concern\u00e9es par cette enqu\u00eate, les op\u00e9rations effectu\u00e9es au titre de l\u2019exercice 2020 par les autorit\u00e9s institutionnelles, [&hellip;]<\/p>\n","protected":false},"author":82,"featured_media":9869,"comment_status":"open","ping_status":"closed","sticky":false,"template":"","format":"standard","meta":{"footnotes":""},"categories":[3,11,10],"tags":[56,63,29],"class_list":["post-9870","post","type-post","status-publish","format-standard","has-post-thumbnail","hentry","category-economie","category-homepage-french","category-toutes-les-actualites","tag-africa-press","tag-africa-press-cote-divoire","tag-cote-divoire"],"yoast_head":"<!-- This site is optimized with the Yoast SEO Premium plugin v26.1 (Yoast SEO v27.0) - https:\/\/yoast.com\/product\/yoast-seo-premium-wordpress\/ -->\n<title>L\u2019enqu\u00eate de la balance des paiements en C\u00f4te-d\u2019Ivoire de 2020 prendra fin le 28 juillet 2021 - C\u00f4te d&#039;Ivoire<\/title>\n<meta name=\"description\" content=\"L\u2019enqu\u00eate de la balance des paiements au titre de l\u2019ann\u00e9e 2020 sur toute l\u2019\u00e9tendue du territoire national, d\u00e9marr\u00e9e depu ...\" \/>\n<meta name=\"robots\" content=\"index, follow, max-snippet:-1, max-image-preview:large, max-video-preview:-1\" \/>\n<link rel=\"canonical\" href=\"https:\/\/www.africa-press.net\/cotedivoire\/economie\/lenquete-de-la-balance-des-paiements-en-cote-divoire-de-2020-prendra-fin-le-28-juillet-2021\" \/>\n<meta property=\"og:locale\" content=\"fr_FR\" \/>\n<meta property=\"og:type\" content=\"article\" \/>\n<meta property=\"og:title\" content=\"L\u2019enqu\u00eate de la balance des paiements en C\u00f4te-d\u2019Ivoire de 2020 prendra fin le 28 juillet 2021\" \/>\n<meta property=\"og:description\" content=\"L\u2019enqu\u00eate de la balance des paiements au titre de l\u2019ann\u00e9e 2020 sur toute l\u2019\u00e9tendue du territoire national, d\u00e9marr\u00e9e depu ...\" \/>\n<meta property=\"og:url\" content=\"https:\/\/www.africa-press.net\/cotedivoire\/economie\/lenquete-de-la-balance-des-paiements-en-cote-divoire-de-2020-prendra-fin-le-28-juillet-2021\" \/>\n<meta property=\"og:site_name\" content=\"C\u00f4te d&#039;Ivoire\" \/>\n<meta property=\"article:published_time\" content=\"2021-07-13T18:35:27+00:00\" \/>\n<meta property=\"article:modified_time\" content=\"2021-07-15T18:46:04+00:00\" \/>\n<meta property=\"og:image\" content=\"https:\/\/static.africa-press.net\/cote\/sites\/43\/2021\/07\/img-60edcf7fea05b.jpg\" \/>\n\t<meta property=\"og:image:width\" content=\"720\" \/>\n\t<meta property=\"og:image:height\" content=\"425\" \/>\n\t<meta property=\"og:image:type\" content=\"image\/jpeg\" \/>\n<meta name=\"author\" content=\"cfeditorfr\" \/>\n<meta name=\"twitter:card\" content=\"summary_large_image\" \/>\n<meta name=\"twitter:label1\" content=\"\u00c9crit par\" \/>\n\t<meta name=\"twitter:data1\" content=\"cfeditorfr\" \/>\n\t<meta name=\"twitter:label2\" content=\"Dur\u00e9e de lecture estim\u00e9e\" \/>\n\t<meta name=\"twitter:data2\" content=\"2 minutes\" \/>\n<script type=\"application\/ld+json\" class=\"yoast-schema-graph\">{\"@context\":\"https:\/\/schema.org\",\"@graph\":[{\"@type\":\"Article\",\"@id\":\"https:\/\/www.africa-press.net\/cotedivoire\/economie\/lenquete-de-la-balance-des-paiements-en-cote-divoire-de-2020-prendra-fin-le-28-juillet-2021#article\",\"isPartOf\":{\"@id\":\"https:\/\/www.africa-press.net\/cotedivoire\/economie\/lenquete-de-la-balance-des-paiements-en-cote-divoire-de-2020-prendra-fin-le-28-juillet-2021\"},\"author\":{\"name\":\"cfeditorfr\",\"@id\":\"https:\/\/www.africa-press.net\/cotedivoire\/#\/schema\/person\/2b1cf3cd81a31e3cd26889ca66d677f1\"},\"headline\":\"L\u2019enqu\u00eate de la balance des paiements en C\u00f4te-d\u2019Ivoire de 2020 prendra fin le 28 juillet 2021\",\"datePublished\":\"2021-07-13T18:35:27+00:00\",\"dateModified\":\"2021-07-15T18:46:04+00:00\",\"mainEntityOfPage\":{\"@id\":\"https:\/\/www.africa-press.net\/cotedivoire\/economie\/lenquete-de-la-balance-des-paiements-en-cote-divoire-de-2020-prendra-fin-le-28-juillet-2021\"},\"wordCount\":450,\"commentCount\":0,\"image\":{\"@id\":\"https:\/\/www.africa-press.net\/cotedivoire\/economie\/lenquete-de-la-balance-des-paiements-en-cote-divoire-de-2020-prendra-fin-le-28-juillet-2021#primaryimage\"},\"thumbnailUrl\":\"https:\/\/static.africa-press.net\/cote\/sites\/43\/2021\/07\/img-60edcf7fea05b.jpg\",\"keywords\":[\"Africa Press\",\"Africa Press-C\u00f4te d'Ivoire\",\"C\u00d4TE D'IVOIRE\"],\"articleSection\":[\"\u00c9conomie\",\"homepage-french\",\"Toutes les actualit\u00e9s\"],\"inLanguage\":\"fr-FR\",\"potentialAction\":[{\"@type\":\"CommentAction\",\"name\":\"Comment\",\"target\":[\"https:\/\/www.africa-press.net\/cotedivoire\/economie\/lenquete-de-la-balance-des-paiements-en-cote-divoire-de-2020-prendra-fin-le-28-juillet-2021#respond\"]}]},{\"@type\":\"WebPage\",\"@id\":\"https:\/\/www.africa-press.net\/cotedivoire\/economie\/lenquete-de-la-balance-des-paiements-en-cote-divoire-de-2020-prendra-fin-le-28-juillet-2021\",\"url\":\"https:\/\/www.africa-press.net\/cotedivoire\/economie\/lenquete-de-la-balance-des-paiements-en-cote-divoire-de-2020-prendra-fin-le-28-juillet-2021\",\"name\":\"L\u2019enqu\u00eate de la balance des paiements en C\u00f4te-d\u2019Ivoire de 2020 prendra fin le 28 juillet 2021 - C\u00f4te d&#039;Ivoire\",\"isPartOf\":{\"@id\":\"https:\/\/www.africa-press.net\/cotedivoire\/#website\"},\"primaryImageOfPage\":{\"@id\":\"https:\/\/www.africa-press.net\/cotedivoire\/economie\/lenquete-de-la-balance-des-paiements-en-cote-divoire-de-2020-prendra-fin-le-28-juillet-2021#primaryimage\"},\"image\":{\"@id\":\"https:\/\/www.africa-press.net\/cotedivoire\/economie\/lenquete-de-la-balance-des-paiements-en-cote-divoire-de-2020-prendra-fin-le-28-juillet-2021#primaryimage\"},\"thumbnailUrl\":\"https:\/\/static.africa-press.net\/cote\/sites\/43\/2021\/07\/img-60edcf7fea05b.jpg\",\"datePublished\":\"2021-07-13T18:35:27+00:00\",\"dateModified\":\"2021-07-15T18:46:04+00:00\",\"author\":{\"@id\":\"https:\/\/www.africa-press.net\/cotedivoire\/#\/schema\/person\/2b1cf3cd81a31e3cd26889ca66d677f1\"},\"description\":\"L\u2019enqu\u00eate de la balance des paiements au titre de l\u2019ann\u00e9e 2020 sur toute l\u2019\u00e9tendue du territoire national, d\u00e9marr\u00e9e depu ...\",\"breadcrumb\":{\"@id\":\"https:\/\/www.africa-press.net\/cotedivoire\/economie\/lenquete-de-la-balance-des-paiements-en-cote-divoire-de-2020-prendra-fin-le-28-juillet-2021#breadcrumb\"},\"inLanguage\":\"fr-FR\",\"potentialAction\":[{\"@type\":\"ReadAction\",\"target\":[\"https:\/\/www.africa-press.net\/cotedivoire\/economie\/lenquete-de-la-balance-des-paiements-en-cote-divoire-de-2020-prendra-fin-le-28-juillet-2021\"]}]},{\"@type\":\"ImageObject\",\"inLanguage\":\"fr-FR\",\"@id\":\"https:\/\/www.africa-press.net\/cotedivoire\/economie\/lenquete-de-la-balance-des-paiements-en-cote-divoire-de-2020-prendra-fin-le-28-juillet-2021#primaryimage\",\"url\":\"https:\/\/static.africa-press.net\/cote\/sites\/43\/2021\/07\/img-60edcf7fea05b.jpg\",\"contentUrl\":\"https:\/\/static.africa-press.net\/cote\/sites\/43\/2021\/07\/img-60edcf7fea05b.jpg\",\"width\":720,\"height\":425,\"caption\":\"L\u2019enqu\u00eate de la balance des paiements en C\u00f4te-d\u2019Ivoire de 2020 prendra fin le 28 juillet 2021\"},{\"@type\":\"BreadcrumbList\",\"@id\":\"https:\/\/www.africa-press.net\/cotedivoire\/economie\/lenquete-de-la-balance-des-paiements-en-cote-divoire-de-2020-prendra-fin-le-28-juillet-2021#breadcrumb\",\"itemListElement\":[{\"@type\":\"ListItem\",\"position\":1,\"name\":\"Accueil\",\"item\":\"https:\/\/www.africa-press.net\/cotedivoire\/\"},{\"@type\":\"ListItem\",\"position\":2,\"name\":\"L\u2019enqu\u00eate de la balance des paiements en C\u00f4te-d\u2019Ivoire de 2020 prendra fin le 28 juillet 2021\"}]},{\"@type\":\"WebSite\",\"@id\":\"https:\/\/www.africa-press.net\/cotedivoire\/#website\",\"url\":\"https:\/\/www.africa-press.net\/cotedivoire\/\",\"name\":\"C\u00f4te d&#039;Ivoire\",\"description\":\"Just another Africa News Agency Sites site\",\"potentialAction\":[{\"@type\":\"SearchAction\",\"target\":{\"@type\":\"EntryPoint\",\"urlTemplate\":\"https:\/\/www.africa-press.net\/cotedivoire\/?s={search_term_string}\"},\"query-input\":{\"@type\":\"PropertyValueSpecification\",\"valueRequired\":true,\"valueName\":\"search_term_string\"}}],\"inLanguage\":\"fr-FR\"},{\"@type\":\"Person\",\"@id\":\"https:\/\/www.africa-press.net\/cotedivoire\/#\/schema\/person\/2b1cf3cd81a31e3cd26889ca66d677f1\",\"name\":\"cfeditorfr\"}]}<\/script>\n<!-- \/ Yoast SEO Premium plugin. -->","yoast_head_json":{"title":"L\u2019enqu\u00eate de la balance des paiements en C\u00f4te-d\u2019Ivoire de 2020 prendra fin le 28 juillet 2021 - C\u00f4te d&#039;Ivoire","description":"L\u2019enqu\u00eate de la balance des paiements au titre de l\u2019ann\u00e9e 2020 sur toute l\u2019\u00e9tendue du territoire national, d\u00e9marr\u00e9e depu ...","robots":{"index":"index","follow":"follow","max-snippet":"max-snippet:-1","max-image-preview":"max-image-preview:large","max-video-preview":"max-video-preview:-1"},"canonical":"https:\/\/www.africa-press.net\/cotedivoire\/economie\/lenquete-de-la-balance-des-paiements-en-cote-divoire-de-2020-prendra-fin-le-28-juillet-2021","og_locale":"fr_FR","og_type":"article","og_title":"L\u2019enqu\u00eate de la balance des paiements en C\u00f4te-d\u2019Ivoire de 2020 prendra fin le 28 juillet 2021","og_description":"L\u2019enqu\u00eate de la balance des paiements au titre de l\u2019ann\u00e9e 2020 sur toute l\u2019\u00e9tendue du territoire national, d\u00e9marr\u00e9e depu ...","og_url":"https:\/\/www.africa-press.net\/cotedivoire\/economie\/lenquete-de-la-balance-des-paiements-en-cote-divoire-de-2020-prendra-fin-le-28-juillet-2021","og_site_name":"C\u00f4te d&#039;Ivoire","article_published_time":"2021-07-13T18:35:27+00:00","article_modified_time":"2021-07-15T18:46:04+00:00","og_image":[{"width":720,"height":425,"url":"https:\/\/static.africa-press.net\/cote\/sites\/43\/2021\/07\/img-60edcf7fea05b.jpg","type":"image\/jpeg"}],"author":"cfeditorfr","twitter_card":"summary_large_image","twitter_misc":{"\u00c9crit par":"cfeditorfr","Dur\u00e9e de lecture estim\u00e9e":"2 minutes"},"schema":{"@context":"https:\/\/schema.org","@graph":[{"@type":"Article","@id":"https:\/\/www.africa-press.net\/cotedivoire\/economie\/lenquete-de-la-balance-des-paiements-en-cote-divoire-de-2020-prendra-fin-le-28-juillet-2021#article","isPartOf":{"@id":"https:\/\/www.africa-press.net\/cotedivoire\/economie\/lenquete-de-la-balance-des-paiements-en-cote-divoire-de-2020-prendra-fin-le-28-juillet-2021"},"author":{"name":"cfeditorfr","@id":"https:\/\/www.africa-press.net\/cotedivoire\/#\/schema\/person\/2b1cf3cd81a31e3cd26889ca66d677f1"},"headline":"L\u2019enqu\u00eate de la balance des paiements en C\u00f4te-d\u2019Ivoire de 2020 prendra fin le 28 juillet 2021","datePublished":"2021-07-13T18:35:27+00:00","dateModified":"2021-07-15T18:46:04+00:00","mainEntityOfPage":{"@id":"https:\/\/www.africa-press.net\/cotedivoire\/economie\/lenquete-de-la-balance-des-paiements-en-cote-divoire-de-2020-prendra-fin-le-28-juillet-2021"},"wordCount":450,"commentCount":0,"image":{"@id":"https:\/\/www.africa-press.net\/cotedivoire\/economie\/lenquete-de-la-balance-des-paiements-en-cote-divoire-de-2020-prendra-fin-le-28-juillet-2021#primaryimage"},"thumbnailUrl":"https:\/\/static.africa-press.net\/cote\/sites\/43\/2021\/07\/img-60edcf7fea05b.jpg","keywords":["Africa Press","Africa Press-C\u00f4te d'Ivoire","C\u00d4TE D'IVOIRE"],"articleSection":["\u00c9conomie","homepage-french","Toutes les actualit\u00e9s"],"inLanguage":"fr-FR","potentialAction":[{"@type":"CommentAction","name":"Comment","target":["https:\/\/www.africa-press.net\/cotedivoire\/economie\/lenquete-de-la-balance-des-paiements-en-cote-divoire-de-2020-prendra-fin-le-28-juillet-2021#respond"]}]},{"@type":"WebPage","@id":"https:\/\/www.africa-press.net\/cotedivoire\/economie\/lenquete-de-la-balance-des-paiements-en-cote-divoire-de-2020-prendra-fin-le-28-juillet-2021","url":"https:\/\/www.africa-press.net\/cotedivoire\/economie\/lenquete-de-la-balance-des-paiements-en-cote-divoire-de-2020-prendra-fin-le-28-juillet-2021","name":"L\u2019enqu\u00eate de la balance des paiements en C\u00f4te-d\u2019Ivoire de 2020 prendra fin le 28 juillet 2021 - C\u00f4te d&#039;Ivoire","isPartOf":{"@id":"https:\/\/www.africa-press.net\/cotedivoire\/#website"},"primaryImageOfPage":{"@id":"https:\/\/www.africa-press.net\/cotedivoire\/economie\/lenquete-de-la-balance-des-paiements-en-cote-divoire-de-2020-prendra-fin-le-28-juillet-2021#primaryimage"},"image":{"@id":"https:\/\/www.africa-press.net\/cotedivoire\/economie\/lenquete-de-la-balance-des-paiements-en-cote-divoire-de-2020-prendra-fin-le-28-juillet-2021#primaryimage"},"thumbnailUrl":"https:\/\/static.africa-press.net\/cote\/sites\/43\/2021\/07\/img-60edcf7fea05b.jpg","datePublished":"2021-07-13T18:35:27+00:00","dateModified":"2021-07-15T18:46:04+00:00","author":{"@id":"https:\/\/www.africa-press.net\/cotedivoire\/#\/schema\/person\/2b1cf3cd81a31e3cd26889ca66d677f1"},"description":"L\u2019enqu\u00eate de la balance des paiements au titre de l\u2019ann\u00e9e 2020 sur toute l\u2019\u00e9tendue du territoire national, d\u00e9marr\u00e9e depu ...","breadcrumb":{"@id":"https:\/\/www.africa-press.net\/cotedivoire\/economie\/lenquete-de-la-balance-des-paiements-en-cote-divoire-de-2020-prendra-fin-le-28-juillet-2021#breadcrumb"},"inLanguage":"fr-FR","potentialAction":[{"@type":"ReadAction","target":["https:\/\/www.africa-press.net\/cotedivoire\/economie\/lenquete-de-la-balance-des-paiements-en-cote-divoire-de-2020-prendra-fin-le-28-juillet-2021"]}]},{"@type":"ImageObject","inLanguage":"fr-FR","@id":"https:\/\/www.africa-press.net\/cotedivoire\/economie\/lenquete-de-la-balance-des-paiements-en-cote-divoire-de-2020-prendra-fin-le-28-juillet-2021#primaryimage","url":"https:\/\/static.africa-press.net\/cote\/sites\/43\/2021\/07\/img-60edcf7fea05b.jpg","contentUrl":"https:\/\/static.africa-press.net\/cote\/sites\/43\/2021\/07\/img-60edcf7fea05b.jpg","width":720,"height":425,"caption":"L\u2019enqu\u00eate de la balance des paiements en C\u00f4te-d\u2019Ivoire de 2020 prendra fin le 28 juillet 2021"},{"@type":"BreadcrumbList","@id":"https:\/\/www.africa-press.net\/cotedivoire\/economie\/lenquete-de-la-balance-des-paiements-en-cote-divoire-de-2020-prendra-fin-le-28-juillet-2021#breadcrumb","itemListElement":[{"@type":"ListItem","position":1,"name":"Accueil","item":"https:\/\/www.africa-press.net\/cotedivoire\/"},{"@type":"ListItem","position":2,"name":"L\u2019enqu\u00eate de la balance des paiements en C\u00f4te-d\u2019Ivoire de 2020 prendra fin le 28 juillet 2021"}]},{"@type":"WebSite","@id":"https:\/\/www.africa-press.net\/cotedivoire\/#website","url":"https:\/\/www.africa-press.net\/cotedivoire\/","name":"C\u00f4te d&#039;Ivoire","description":"Just another Africa News Agency Sites site","potentialAction":[{"@type":"SearchAction","target":{"@type":"EntryPoint","urlTemplate":"https:\/\/www.africa-press.net\/cotedivoire\/?s={search_term_string}"},"query-input":{"@type":"PropertyValueSpecification","valueRequired":true,"valueName":"search_term_string"}}],"inLanguage":"fr-FR"},{"@type":"Person","@id":"https:\/\/www.africa-press.net\/cotedivoire\/#\/schema\/person\/2b1cf3cd81a31e3cd26889ca66d677f1","name":"cfeditorfr"}]}},"_links":{"self":[{"href":"https:\/\/www.africa-press.net\/cotedivoire\/wp-json\/wp\/v2\/posts\/9870","targetHints":{"allow":["GET"]}}],"collection":[{"href":"https:\/\/www.africa-press.net\/cotedivoire\/wp-json\/wp\/v2\/posts"}],"about":[{"href":"https:\/\/www.africa-press.net\/cotedivoire\/wp-json\/wp\/v2\/types\/post"}],"author":[{"embeddable":true,"href":"https:\/\/www.africa-press.net\/cotedivoire\/wp-json\/wp\/v2\/users\/82"}],"replies":[{"embeddable":true,"href":"https:\/\/www.africa-press.net\/cotedivoire\/wp-json\/wp\/v2\/comments?post=9870"}],"version-history":[{"count":0,"href":"https:\/\/www.africa-press.net\/cotedivoire\/wp-json\/wp\/v2\/posts\/9870\/revisions"}],"wp:featuredmedia":[{"embeddable":true,"href":"https:\/\/www.africa-press.net\/cotedivoire\/wp-json\/wp\/v2\/media\/9869"}],"wp:attachment":[{"href":"https:\/\/www.africa-press.net\/cotedivoire\/wp-json\/wp\/v2\/media?parent=9870"}],"wp:term":[{"taxonomy":"category","embeddable":true,"href":"https:\/\/www.africa-press.net\/cotedivoire\/wp-json\/wp\/v2\/categories?post=9870"},{"taxonomy":"post_tag","embeddable":true,"href":"https:\/\/www.africa-press.net\/cotedivoire\/wp-json\/wp\/v2\/tags?post=9870"}],"curies":[{"name":"wp","href":"https:\/\/api.w.org\/{rel}","templated":true}]}}