{"id":98725,"date":"2025-05-08T07:53:48","date_gmt":"2025-05-08T07:53:48","guid":{"rendered":"https:\/\/www.africa-press.net\/cotedivoire\/politique\/administration-publique-les-fonctionnaires-et-agents-de-letat-desormais-soumis-a-la-formation-continue"},"modified":"2025-05-08T08:15:54","modified_gmt":"2025-05-08T08:15:54","slug":"administration-publique-les-fonctionnaires-et-agents-de-letat-desormais-soumis-a-la-formation-continue","status":"publish","type":"post","link":"https:\/\/www.africa-press.net\/cotedivoire\/politique\/administration-publique-les-fonctionnaires-et-agents-de-letat-desormais-soumis-a-la-formation-continue","title":{"rendered":"Administration publique, les fonctionnaires et agents de l&rsquo;\u00c9tat d\u00e9sormais soumis \u00e0 la formation continue"},"content":{"rendered":"<p><span style=\"color: #ff6600\"><strong>Africa-Press &#8211; C\u00f4te d&rsquo;Ivoire. <\/strong><\/span>Le gouvernement ivoirien a franchi une nouvelle e\u0301tape dans la modernisation de l\u2019administration publique. Re\u0301uni en Conseil des ministres ce mercredi 7 mai, l\u2019exe\u0301cutif a adopte\u0301 un de\u0301cret portant organisation de la formation continue des fonctionnaires et agents de l\u2019E\u0301tat.<\/p>\n<p>Pre\u0301sente\u0301 par le Ministe\u0300re d\u2019E\u0301tat, Ministe\u0300re de la Fonction Publique et de la Modernisation de l\u2019Administration, en collaboration avec le Ministe\u0300re des Finances et du Budget ainsi que le Ministe\u0300re des Affaires E\u0301trange\u0300res, de l\u2019Inte\u0301gration Africaine et des Ivoiriens de l\u2019Exte\u0301rieur, ce texte s\u2019inscrit dans le cadre de la mise en \u0153uvre des nouvelles dispositions du Statut ge\u0301ne\u0301ral de la Fonction Publique.<\/p>\n<p>Ce de\u0301cret, plus inclusif et ambitieux que les pre\u0301ce\u0301dents, vise a\u0300 redynamiser la formation continue des agents de l\u2019E\u0301tat, en tenant compte des mutations profondes de l\u2019administration et des exigences d\u2019un service public de qualite\u0301.<\/p>\n<p>Il concerne l\u2019ensemble des fonctionnaires et agents relevant des Institutions, des ministe\u0300res, des e\u0301tablissements publics nationaux, des collectivite\u0301s territoriales ainsi que toute autre structure ou\u0300 ils exercent.<\/p>\n<p>Parmi les principales innovations introduites, le de\u0301cret pre\u0301voit l\u2019allongement de la dure\u0301e maximale de la formation continue de longue dure\u0301e et du conge\u0301 de formation professionnelle a\u0300 six ans, re\u0301partis sur toute la carrie\u0300re d\u2019un agent.<\/p>\n<p>Cette disposition permettra aux agents de re\u0301aliser des projets personnels en lien avec leurs missions professionnelles, tout en renforc\u0327ant leur expertise.<\/p>\n<p>Autre avance\u0301e majeure, l\u2019instauration de la validation des acquis de l\u2019expe\u0301rience (VAE), qui vise a\u0300 reconnai\u0302tre officiellement les compe\u0301tences acquises sur le terrain. Cette mesure entend valoriser les savoir-faire des agents publics et contribuer a\u0300 l\u2019ame\u0301lioration continue des performances administratives.<\/p>\n<p>A\u0300 travers cette re\u0301forme, le gouvernement confirme sa volonte\u0301 de ba\u0302tir une fonction publique plus compe\u0301tente, dynamique et tourne\u0301e vers les besoins des usagers.<\/p>\n<p><strong>Pour plus d&rsquo;informations et d&rsquo;analyses sur la <span style=\"color: #ff6600\">C\u00f4te d&rsquo;Ivoire<\/span>, suivez <span style=\"color: #ff6600\">Africa-Press<\/span><\/strong><\/p>\n","protected":false},"excerpt":{"rendered":"<p>Africa-Press &#8211; C\u00f4te d&rsquo;Ivoire. Le gouvernement ivoirien a franchi une nouvelle e\u0301tape dans la modernisation de l\u2019administration publique. Re\u0301uni en Conseil des ministres ce mercredi 7 mai, l\u2019exe\u0301cutif a adopte\u0301 un de\u0301cret portant organisation de la formation continue des fonctionnaires et agents de l\u2019E\u0301tat. Pre\u0301sente\u0301 par le Ministe\u0300re d\u2019E\u0301tat, Ministe\u0300re de la Fonction Publique et [&hellip;]<\/p>\n","protected":false},"author":82,"featured_media":98724,"comment_status":"open","ping_status":"closed","sticky":false,"template":"","format":"standard","meta":{"footnotes":""},"categories":[2,10],"tags":[985,1744,17145,29,1746,585,865,1338,1908,3106],"class_list":["post-98725","post","type-post","status-publish","format-standard","has-post-thumbnail","hentry","category-politique","category-toutes-les-actualites","tag-agents","tag-conseil","tag-continue","tag-cote-divoire","tag-decret","tag-etat","tag-formation","tag-ministres","tag-nouveau","tag-renforcement"],"yoast_head":"<!-- This site is optimized with the Yoast SEO Premium plugin v26.1 (Yoast SEO v27.0) - https:\/\/yoast.com\/product\/yoast-seo-premium-wordpress\/ -->\n<title>Administration publique, les fonctionnaires et agents de l&#039;\u00c9tat d\u00e9sormais soumis \u00e0 la formation continue - C\u00f4te d&#039;Ivoire<\/title>\n<meta name=\"description\" content=\"Le gouvernement ivoirien a franchi une nouvelle e\u0301tape dans la modernisation de l\u2019administration publique. Re\u0301uni en Con ...\" \/>\n<meta name=\"robots\" content=\"index, follow, max-snippet:-1, max-image-preview:large, max-video-preview:-1\" \/>\n<link rel=\"canonical\" href=\"https:\/\/www.africa-press.net\/cotedivoire\/politique\/administration-publique-les-fonctionnaires-et-agents-de-letat-desormais-soumis-a-la-formation-continue\" \/>\n<meta property=\"og:locale\" content=\"fr_FR\" \/>\n<meta property=\"og:type\" content=\"article\" \/>\n<meta property=\"og:title\" content=\"Administration publique, les fonctionnaires et agents de l&#039;\u00c9tat d\u00e9sormais soumis \u00e0 la formation continue\" \/>\n<meta property=\"og:description\" content=\"Le gouvernement ivoirien a franchi une nouvelle e\u0301tape dans la modernisation de l\u2019administration publique. Re\u0301uni en Con ...\" \/>\n<meta property=\"og:url\" content=\"https:\/\/www.africa-press.net\/cotedivoire\/politique\/administration-publique-les-fonctionnaires-et-agents-de-letat-desormais-soumis-a-la-formation-continue\" \/>\n<meta property=\"og:site_name\" content=\"C\u00f4te d&#039;Ivoire\" \/>\n<meta property=\"article:published_time\" content=\"2025-05-08T07:53:48+00:00\" \/>\n<meta property=\"article:modified_time\" content=\"2025-05-08T08:15:54+00:00\" \/>\n<meta property=\"og:image\" content=\"https:\/\/static.africa-press.net\/cote\/sites\/43\/2025\/05\/sm_1746679523.154292.jpg\" \/>\n\t<meta property=\"og:image:width\" content=\"720\" \/>\n\t<meta property=\"og:image:height\" content=\"402\" \/>\n\t<meta property=\"og:image:type\" content=\"image\/jpeg\" \/>\n<meta name=\"author\" content=\"cfeditorfr\" \/>\n<meta name=\"twitter:card\" content=\"summary_large_image\" \/>\n<meta name=\"twitter:label1\" content=\"\u00c9crit par\" \/>\n\t<meta name=\"twitter:data1\" content=\"cfeditorfr\" \/>\n\t<meta name=\"twitter:label2\" content=\"Dur\u00e9e de lecture estim\u00e9e\" \/>\n\t<meta name=\"twitter:data2\" content=\"2 minutes\" \/>\n<script type=\"application\/ld+json\" class=\"yoast-schema-graph\">{\"@context\":\"https:\/\/schema.org\",\"@graph\":[{\"@type\":\"Article\",\"@id\":\"https:\/\/www.africa-press.net\/cotedivoire\/politique\/administration-publique-les-fonctionnaires-et-agents-de-letat-desormais-soumis-a-la-formation-continue#article\",\"isPartOf\":{\"@id\":\"https:\/\/www.africa-press.net\/cotedivoire\/politique\/administration-publique-les-fonctionnaires-et-agents-de-letat-desormais-soumis-a-la-formation-continue\"},\"author\":{\"name\":\"cfeditorfr\",\"@id\":\"https:\/\/www.africa-press.net\/cotedivoire\/#\/schema\/person\/2b1cf3cd81a31e3cd26889ca66d677f1\"},\"headline\":\"Administration publique, les fonctionnaires et agents de l&rsquo;\u00c9tat d\u00e9sormais soumis \u00e0 la formation continue\",\"datePublished\":\"2025-05-08T07:53:48+00:00\",\"dateModified\":\"2025-05-08T08:15:54+00:00\",\"mainEntityOfPage\":{\"@id\":\"https:\/\/www.africa-press.net\/cotedivoire\/politique\/administration-publique-les-fonctionnaires-et-agents-de-letat-desormais-soumis-a-la-formation-continue\"},\"wordCount\":378,\"commentCount\":0,\"image\":{\"@id\":\"https:\/\/www.africa-press.net\/cotedivoire\/politique\/administration-publique-les-fonctionnaires-et-agents-de-letat-desormais-soumis-a-la-formation-continue#primaryimage\"},\"thumbnailUrl\":\"https:\/\/static.africa-press.net\/cote\/sites\/43\/2025\/05\/sm_1746679523.154292.jpg\",\"keywords\":[\"agents\",\"Conseil\",\"continue\",\"C\u00d4TE D'IVOIRE\",\"d\u00e9cret\",\"Etat\",\"Formation\",\"ministres\",\"Nouveau\",\"renforcement\"],\"articleSection\":[\"Politique\",\"Toutes les actualit\u00e9s\"],\"inLanguage\":\"fr-FR\",\"potentialAction\":[{\"@type\":\"CommentAction\",\"name\":\"Comment\",\"target\":[\"https:\/\/www.africa-press.net\/cotedivoire\/politique\/administration-publique-les-fonctionnaires-et-agents-de-letat-desormais-soumis-a-la-formation-continue#respond\"]}]},{\"@type\":\"WebPage\",\"@id\":\"https:\/\/www.africa-press.net\/cotedivoire\/politique\/administration-publique-les-fonctionnaires-et-agents-de-letat-desormais-soumis-a-la-formation-continue\",\"url\":\"https:\/\/www.africa-press.net\/cotedivoire\/politique\/administration-publique-les-fonctionnaires-et-agents-de-letat-desormais-soumis-a-la-formation-continue\",\"name\":\"Administration publique, les fonctionnaires et agents de l'\u00c9tat d\u00e9sormais soumis \u00e0 la formation continue - C\u00f4te d&#039;Ivoire\",\"isPartOf\":{\"@id\":\"https:\/\/www.africa-press.net\/cotedivoire\/#website\"},\"primaryImageOfPage\":{\"@id\":\"https:\/\/www.africa-press.net\/cotedivoire\/politique\/administration-publique-les-fonctionnaires-et-agents-de-letat-desormais-soumis-a-la-formation-continue#primaryimage\"},\"image\":{\"@id\":\"https:\/\/www.africa-press.net\/cotedivoire\/politique\/administration-publique-les-fonctionnaires-et-agents-de-letat-desormais-soumis-a-la-formation-continue#primaryimage\"},\"thumbnailUrl\":\"https:\/\/static.africa-press.net\/cote\/sites\/43\/2025\/05\/sm_1746679523.154292.jpg\",\"datePublished\":\"2025-05-08T07:53:48+00:00\",\"dateModified\":\"2025-05-08T08:15:54+00:00\",\"author\":{\"@id\":\"https:\/\/www.africa-press.net\/cotedivoire\/#\/schema\/person\/2b1cf3cd81a31e3cd26889ca66d677f1\"},\"description\":\"Le gouvernement ivoirien a franchi une nouvelle e\u0301tape dans la modernisation de l\u2019administration publique. Re\u0301uni en Con ...\",\"breadcrumb\":{\"@id\":\"https:\/\/www.africa-press.net\/cotedivoire\/politique\/administration-publique-les-fonctionnaires-et-agents-de-letat-desormais-soumis-a-la-formation-continue#breadcrumb\"},\"inLanguage\":\"fr-FR\",\"potentialAction\":[{\"@type\":\"ReadAction\",\"target\":[\"https:\/\/www.africa-press.net\/cotedivoire\/politique\/administration-publique-les-fonctionnaires-et-agents-de-letat-desormais-soumis-a-la-formation-continue\"]}]},{\"@type\":\"ImageObject\",\"inLanguage\":\"fr-FR\",\"@id\":\"https:\/\/www.africa-press.net\/cotedivoire\/politique\/administration-publique-les-fonctionnaires-et-agents-de-letat-desormais-soumis-a-la-formation-continue#primaryimage\",\"url\":\"https:\/\/static.africa-press.net\/cote\/sites\/43\/2025\/05\/sm_1746679523.154292.jpg\",\"contentUrl\":\"https:\/\/static.africa-press.net\/cote\/sites\/43\/2025\/05\/sm_1746679523.154292.jpg\",\"width\":720,\"height\":402,\"caption\":\"Administration publique, les fonctionnaires et agents de l'\u00c9tat d\u00e9sormais soumis \u00e0 la formation continue\"},{\"@type\":\"BreadcrumbList\",\"@id\":\"https:\/\/www.africa-press.net\/cotedivoire\/politique\/administration-publique-les-fonctionnaires-et-agents-de-letat-desormais-soumis-a-la-formation-continue#breadcrumb\",\"itemListElement\":[{\"@type\":\"ListItem\",\"position\":1,\"name\":\"Accueil\",\"item\":\"https:\/\/www.africa-press.net\/cotedivoire\/\"},{\"@type\":\"ListItem\",\"position\":2,\"name\":\"Administration publique, les fonctionnaires et agents de l&rsquo;\u00c9tat d\u00e9sormais soumis \u00e0 la formation continue\"}]},{\"@type\":\"WebSite\",\"@id\":\"https:\/\/www.africa-press.net\/cotedivoire\/#website\",\"url\":\"https:\/\/www.africa-press.net\/cotedivoire\/\",\"name\":\"C\u00f4te d&#039;Ivoire\",\"description\":\"Just another Africa News Agency Sites site\",\"potentialAction\":[{\"@type\":\"SearchAction\",\"target\":{\"@type\":\"EntryPoint\",\"urlTemplate\":\"https:\/\/www.africa-press.net\/cotedivoire\/?s={search_term_string}\"},\"query-input\":{\"@type\":\"PropertyValueSpecification\",\"valueRequired\":true,\"valueName\":\"search_term_string\"}}],\"inLanguage\":\"fr-FR\"},{\"@type\":\"Person\",\"@id\":\"https:\/\/www.africa-press.net\/cotedivoire\/#\/schema\/person\/2b1cf3cd81a31e3cd26889ca66d677f1\",\"name\":\"cfeditorfr\"}]}<\/script>\n<!-- \/ Yoast SEO Premium plugin. -->","yoast_head_json":{"title":"Administration publique, les fonctionnaires et agents de l'\u00c9tat d\u00e9sormais soumis \u00e0 la formation continue - C\u00f4te d&#039;Ivoire","description":"Le gouvernement ivoirien a franchi une nouvelle e\u0301tape dans la modernisation de l\u2019administration publique. Re\u0301uni en Con ...","robots":{"index":"index","follow":"follow","max-snippet":"max-snippet:-1","max-image-preview":"max-image-preview:large","max-video-preview":"max-video-preview:-1"},"canonical":"https:\/\/www.africa-press.net\/cotedivoire\/politique\/administration-publique-les-fonctionnaires-et-agents-de-letat-desormais-soumis-a-la-formation-continue","og_locale":"fr_FR","og_type":"article","og_title":"Administration publique, les fonctionnaires et agents de l'\u00c9tat d\u00e9sormais soumis \u00e0 la formation continue","og_description":"Le gouvernement ivoirien a franchi une nouvelle e\u0301tape dans la modernisation de l\u2019administration publique. Re\u0301uni en Con ...","og_url":"https:\/\/www.africa-press.net\/cotedivoire\/politique\/administration-publique-les-fonctionnaires-et-agents-de-letat-desormais-soumis-a-la-formation-continue","og_site_name":"C\u00f4te d&#039;Ivoire","article_published_time":"2025-05-08T07:53:48+00:00","article_modified_time":"2025-05-08T08:15:54+00:00","og_image":[{"width":720,"height":402,"url":"https:\/\/static.africa-press.net\/cote\/sites\/43\/2025\/05\/sm_1746679523.154292.jpg","type":"image\/jpeg"}],"author":"cfeditorfr","twitter_card":"summary_large_image","twitter_misc":{"\u00c9crit par":"cfeditorfr","Dur\u00e9e de lecture estim\u00e9e":"2 minutes"},"schema":{"@context":"https:\/\/schema.org","@graph":[{"@type":"Article","@id":"https:\/\/www.africa-press.net\/cotedivoire\/politique\/administration-publique-les-fonctionnaires-et-agents-de-letat-desormais-soumis-a-la-formation-continue#article","isPartOf":{"@id":"https:\/\/www.africa-press.net\/cotedivoire\/politique\/administration-publique-les-fonctionnaires-et-agents-de-letat-desormais-soumis-a-la-formation-continue"},"author":{"name":"cfeditorfr","@id":"https:\/\/www.africa-press.net\/cotedivoire\/#\/schema\/person\/2b1cf3cd81a31e3cd26889ca66d677f1"},"headline":"Administration publique, les fonctionnaires et agents de l&rsquo;\u00c9tat d\u00e9sormais soumis \u00e0 la formation continue","datePublished":"2025-05-08T07:53:48+00:00","dateModified":"2025-05-08T08:15:54+00:00","mainEntityOfPage":{"@id":"https:\/\/www.africa-press.net\/cotedivoire\/politique\/administration-publique-les-fonctionnaires-et-agents-de-letat-desormais-soumis-a-la-formation-continue"},"wordCount":378,"commentCount":0,"image":{"@id":"https:\/\/www.africa-press.net\/cotedivoire\/politique\/administration-publique-les-fonctionnaires-et-agents-de-letat-desormais-soumis-a-la-formation-continue#primaryimage"},"thumbnailUrl":"https:\/\/static.africa-press.net\/cote\/sites\/43\/2025\/05\/sm_1746679523.154292.jpg","keywords":["agents","Conseil","continue","C\u00d4TE D'IVOIRE","d\u00e9cret","Etat","Formation","ministres","Nouveau","renforcement"],"articleSection":["Politique","Toutes les actualit\u00e9s"],"inLanguage":"fr-FR","potentialAction":[{"@type":"CommentAction","name":"Comment","target":["https:\/\/www.africa-press.net\/cotedivoire\/politique\/administration-publique-les-fonctionnaires-et-agents-de-letat-desormais-soumis-a-la-formation-continue#respond"]}]},{"@type":"WebPage","@id":"https:\/\/www.africa-press.net\/cotedivoire\/politique\/administration-publique-les-fonctionnaires-et-agents-de-letat-desormais-soumis-a-la-formation-continue","url":"https:\/\/www.africa-press.net\/cotedivoire\/politique\/administration-publique-les-fonctionnaires-et-agents-de-letat-desormais-soumis-a-la-formation-continue","name":"Administration publique, les fonctionnaires et agents de l'\u00c9tat d\u00e9sormais soumis \u00e0 la formation continue - C\u00f4te d&#039;Ivoire","isPartOf":{"@id":"https:\/\/www.africa-press.net\/cotedivoire\/#website"},"primaryImageOfPage":{"@id":"https:\/\/www.africa-press.net\/cotedivoire\/politique\/administration-publique-les-fonctionnaires-et-agents-de-letat-desormais-soumis-a-la-formation-continue#primaryimage"},"image":{"@id":"https:\/\/www.africa-press.net\/cotedivoire\/politique\/administration-publique-les-fonctionnaires-et-agents-de-letat-desormais-soumis-a-la-formation-continue#primaryimage"},"thumbnailUrl":"https:\/\/static.africa-press.net\/cote\/sites\/43\/2025\/05\/sm_1746679523.154292.jpg","datePublished":"2025-05-08T07:53:48+00:00","dateModified":"2025-05-08T08:15:54+00:00","author":{"@id":"https:\/\/www.africa-press.net\/cotedivoire\/#\/schema\/person\/2b1cf3cd81a31e3cd26889ca66d677f1"},"description":"Le gouvernement ivoirien a franchi une nouvelle e\u0301tape dans la modernisation de l\u2019administration publique. Re\u0301uni en Con ...","breadcrumb":{"@id":"https:\/\/www.africa-press.net\/cotedivoire\/politique\/administration-publique-les-fonctionnaires-et-agents-de-letat-desormais-soumis-a-la-formation-continue#breadcrumb"},"inLanguage":"fr-FR","potentialAction":[{"@type":"ReadAction","target":["https:\/\/www.africa-press.net\/cotedivoire\/politique\/administration-publique-les-fonctionnaires-et-agents-de-letat-desormais-soumis-a-la-formation-continue"]}]},{"@type":"ImageObject","inLanguage":"fr-FR","@id":"https:\/\/www.africa-press.net\/cotedivoire\/politique\/administration-publique-les-fonctionnaires-et-agents-de-letat-desormais-soumis-a-la-formation-continue#primaryimage","url":"https:\/\/static.africa-press.net\/cote\/sites\/43\/2025\/05\/sm_1746679523.154292.jpg","contentUrl":"https:\/\/static.africa-press.net\/cote\/sites\/43\/2025\/05\/sm_1746679523.154292.jpg","width":720,"height":402,"caption":"Administration publique, les fonctionnaires et agents de l'\u00c9tat d\u00e9sormais soumis \u00e0 la formation continue"},{"@type":"BreadcrumbList","@id":"https:\/\/www.africa-press.net\/cotedivoire\/politique\/administration-publique-les-fonctionnaires-et-agents-de-letat-desormais-soumis-a-la-formation-continue#breadcrumb","itemListElement":[{"@type":"ListItem","position":1,"name":"Accueil","item":"https:\/\/www.africa-press.net\/cotedivoire\/"},{"@type":"ListItem","position":2,"name":"Administration publique, les fonctionnaires et agents de l&rsquo;\u00c9tat d\u00e9sormais soumis \u00e0 la formation continue"}]},{"@type":"WebSite","@id":"https:\/\/www.africa-press.net\/cotedivoire\/#website","url":"https:\/\/www.africa-press.net\/cotedivoire\/","name":"C\u00f4te d&#039;Ivoire","description":"Just another Africa News Agency Sites site","potentialAction":[{"@type":"SearchAction","target":{"@type":"EntryPoint","urlTemplate":"https:\/\/www.africa-press.net\/cotedivoire\/?s={search_term_string}"},"query-input":{"@type":"PropertyValueSpecification","valueRequired":true,"valueName":"search_term_string"}}],"inLanguage":"fr-FR"},{"@type":"Person","@id":"https:\/\/www.africa-press.net\/cotedivoire\/#\/schema\/person\/2b1cf3cd81a31e3cd26889ca66d677f1","name":"cfeditorfr"}]}},"_links":{"self":[{"href":"https:\/\/www.africa-press.net\/cotedivoire\/wp-json\/wp\/v2\/posts\/98725","targetHints":{"allow":["GET"]}}],"collection":[{"href":"https:\/\/www.africa-press.net\/cotedivoire\/wp-json\/wp\/v2\/posts"}],"about":[{"href":"https:\/\/www.africa-press.net\/cotedivoire\/wp-json\/wp\/v2\/types\/post"}],"author":[{"embeddable":true,"href":"https:\/\/www.africa-press.net\/cotedivoire\/wp-json\/wp\/v2\/users\/82"}],"replies":[{"embeddable":true,"href":"https:\/\/www.africa-press.net\/cotedivoire\/wp-json\/wp\/v2\/comments?post=98725"}],"version-history":[{"count":0,"href":"https:\/\/www.africa-press.net\/cotedivoire\/wp-json\/wp\/v2\/posts\/98725\/revisions"}],"wp:featuredmedia":[{"embeddable":true,"href":"https:\/\/www.africa-press.net\/cotedivoire\/wp-json\/wp\/v2\/media\/98724"}],"wp:attachment":[{"href":"https:\/\/www.africa-press.net\/cotedivoire\/wp-json\/wp\/v2\/media?parent=98725"}],"wp:term":[{"taxonomy":"category","embeddable":true,"href":"https:\/\/www.africa-press.net\/cotedivoire\/wp-json\/wp\/v2\/categories?post=98725"},{"taxonomy":"post_tag","embeddable":true,"href":"https:\/\/www.africa-press.net\/cotedivoire\/wp-json\/wp\/v2\/tags?post=98725"}],"curies":[{"name":"wp","href":"https:\/\/api.w.org\/{rel}","templated":true}]}}