{"id":9873,"date":"2021-07-13T18:45:13","date_gmt":"2021-07-13T18:45:13","guid":{"rendered":"https:\/\/www.africa-press.net\/cotedivoire\/?p=9873"},"modified":"2021-07-15T18:46:10","modified_gmt":"2021-07-15T18:46:10","slug":"souleymane-diarassouba-part-en-guerre-contre-la-contrefacon-et-le-piratage-depuis-yamoussoukro","status":"publish","type":"post","link":"https:\/\/www.africa-press.net\/cotedivoire\/economie\/souleymane-diarassouba-part-en-guerre-contre-la-contrefacon-et-le-piratage-depuis-yamoussoukro","title":{"rendered":"Souleymane Diarassouba part en guerre contre la contrefa\u00e7on et le piratage depuis Yamoussoukro"},"content":{"rendered":"<p><span style=\"color: #ff6600\"><strong><a href=\"https:\/\/www.africa-press.net\/\">Africa-Press<\/a> &#8211; <a href=\"https:\/\/www.africa-press.net\/cotedivoire\">C\u00f4te d&rsquo;Ivoire<\/a>. <\/strong><\/span>Le ministre ivoirien du Commerce et de l\u2019Industrie, Souleymane Diarassouba, qui pr\u00e9sidait en personne l\u2019\u00e9tape de Yamoussoukro des journ\u00e9es de communication et de sensibilisation contre la contrefa\u00e7on et le piratage, a appel\u00e9, vendredi 09 juillet 2021, toutes les populations \u00e0 tourner le dos aux pratiques qui nuisent aussi bien \u00e0 leur sant\u00e9 qu\u2019\u00e0 l\u2019\u00e9conomie du pays.<\/p>\n<p>\u00ab On ne peut pas faire du profit sur le dos de la majorit\u00e9. On ne peut pas faire du profit en tuant notre \u00e9conomie et on ne peut pas faire du profit en rendant malade nos populations, le gouvernement ne peut pas l\u2019accepter \u00bb, a pr\u00e9venu M. Diarassouba.<\/p>\n<p>Il a soulign\u00e9 que ces pratiques illicites qui concernent tous les secteurs d\u2019activit\u00e9s notamment \u00ab les marques, les dessins, les mod\u00e8les, les v\u00eatements, les produits alimentaires, les cosm\u00e9tiques, le tabac, les produits \u00e9lectroniques, les logiciels, les m\u00e9dicaments, etc \u00bb, ont fait l\u2019objet d\u2019initiatives et de saisies estim\u00e9es \u00e0 15 milliards de francs CFA, par diff\u00e9rents services de l\u2019Etat au cours de l\u2019ann\u00e9e 2020.<\/p>\n<p>Natif de Yamoussoukro, le ministre a r\u00e9v\u00e9l\u00e9 avoir d\u00e9cid\u00e9 de s\u2019adresser \u00e0 ses \u00ab parents \u00bb avant une action-terrain \u00e9nergique de la cellule de r\u00e9pression de la fraude dans la capitale politique.<\/p>\n<p>Les journ\u00e9es de communication et de sensibilisation contre la contrefa\u00e7on et le piratage sont une initiative du comit\u00e9 national de lutte contre la contrefa\u00e7on (CNLC) qui veut se rapprocher des diff\u00e9rentes cibles pour porter le message.<\/p>\n<p>Ces rencontres sont marqu\u00e9es par des expos\u00e9s d\u2019orateurs de haut niveau et des \u00e9missions radiophoniques pour que tous les citoyens soient au m\u00eame niveau d\u2019information et adaptent leur comportement aux dispositions l\u00e9gales.<\/p>\n<p>&nbsp;<\/p>\n","protected":false},"excerpt":{"rendered":"<p>Africa-Press &#8211; C\u00f4te d&rsquo;Ivoire. Le ministre ivoirien du Commerce et de l\u2019Industrie, Souleymane Diarassouba, qui pr\u00e9sidait en personne l\u2019\u00e9tape de Yamoussoukro des journ\u00e9es de communication et de sensibilisation contre la contrefa\u00e7on et le piratage, a appel\u00e9, vendredi 09 juillet 2021, toutes les populations \u00e0 tourner le dos aux pratiques qui nuisent aussi bien \u00e0 leur [&hellip;]<\/p>\n","protected":false},"author":82,"featured_media":9872,"comment_status":"open","ping_status":"closed","sticky":false,"template":"","format":"standard","meta":{"footnotes":""},"categories":[3,11,10],"tags":[56,63,29],"class_list":["post-9873","post","type-post","status-publish","format-standard","has-post-thumbnail","hentry","category-economie","category-homepage-french","category-toutes-les-actualites","tag-africa-press","tag-africa-press-cote-divoire","tag-cote-divoire"],"yoast_head":"<!-- This site is optimized with the Yoast SEO Premium plugin v26.1 (Yoast SEO v27.0) - https:\/\/yoast.com\/product\/yoast-seo-premium-wordpress\/ -->\n<title>Souleymane Diarassouba part en guerre contre la contrefa\u00e7on et le piratage depuis Yamoussoukro - C\u00f4te d&#039;Ivoire<\/title>\n<meta name=\"description\" content=\"Le ministre ivoirien du Commerce et de l\u2019Industrie, Souleymane Diarassouba, qui pr\u00e9sidait en personne l\u2019\u00e9tape de Yamouss ...\" \/>\n<meta name=\"robots\" content=\"index, follow, max-snippet:-1, max-image-preview:large, max-video-preview:-1\" \/>\n<link rel=\"canonical\" href=\"https:\/\/www.africa-press.net\/cotedivoire\/economie\/souleymane-diarassouba-part-en-guerre-contre-la-contrefacon-et-le-piratage-depuis-yamoussoukro\" \/>\n<meta property=\"og:locale\" content=\"fr_FR\" \/>\n<meta property=\"og:type\" content=\"article\" \/>\n<meta property=\"og:title\" content=\"Souleymane Diarassouba part en guerre contre la contrefa\u00e7on et le piratage depuis Yamoussoukro\" \/>\n<meta property=\"og:description\" content=\"Le ministre ivoirien du Commerce et de l\u2019Industrie, Souleymane Diarassouba, qui pr\u00e9sidait en personne l\u2019\u00e9tape de Yamouss ...\" \/>\n<meta property=\"og:url\" content=\"https:\/\/www.africa-press.net\/cotedivoire\/economie\/souleymane-diarassouba-part-en-guerre-contre-la-contrefacon-et-le-piratage-depuis-yamoussoukro\" \/>\n<meta property=\"og:site_name\" content=\"C\u00f4te d&#039;Ivoire\" \/>\n<meta property=\"article:published_time\" content=\"2021-07-13T18:45:13+00:00\" \/>\n<meta property=\"article:modified_time\" content=\"2021-07-15T18:46:10+00:00\" \/>\n<meta property=\"og:image\" content=\"https:\/\/static.africa-press.net\/cote\/sites\/43\/2021\/07\/img-60edcfb1c5e6d.jpg\" \/>\n\t<meta property=\"og:image:width\" content=\"825\" \/>\n\t<meta property=\"og:image:height\" content=\"425\" \/>\n\t<meta property=\"og:image:type\" content=\"image\/jpeg\" \/>\n<meta name=\"author\" content=\"cfeditorfr\" \/>\n<meta name=\"twitter:card\" content=\"summary_large_image\" \/>\n<meta name=\"twitter:label1\" content=\"\u00c9crit par\" \/>\n\t<meta name=\"twitter:data1\" content=\"cfeditorfr\" \/>\n\t<meta name=\"twitter:label2\" content=\"Dur\u00e9e de lecture estim\u00e9e\" \/>\n\t<meta name=\"twitter:data2\" content=\"2 minutes\" \/>\n<script type=\"application\/ld+json\" class=\"yoast-schema-graph\">{\"@context\":\"https:\/\/schema.org\",\"@graph\":[{\"@type\":\"Article\",\"@id\":\"https:\/\/www.africa-press.net\/cotedivoire\/economie\/souleymane-diarassouba-part-en-guerre-contre-la-contrefacon-et-le-piratage-depuis-yamoussoukro#article\",\"isPartOf\":{\"@id\":\"https:\/\/www.africa-press.net\/cotedivoire\/economie\/souleymane-diarassouba-part-en-guerre-contre-la-contrefacon-et-le-piratage-depuis-yamoussoukro\"},\"author\":{\"name\":\"cfeditorfr\",\"@id\":\"https:\/\/www.africa-press.net\/cotedivoire\/#\/schema\/person\/2b1cf3cd81a31e3cd26889ca66d677f1\"},\"headline\":\"Souleymane Diarassouba part en guerre contre la contrefa\u00e7on et le piratage depuis Yamoussoukro\",\"datePublished\":\"2021-07-13T18:45:13+00:00\",\"dateModified\":\"2021-07-15T18:46:10+00:00\",\"mainEntityOfPage\":{\"@id\":\"https:\/\/www.africa-press.net\/cotedivoire\/economie\/souleymane-diarassouba-part-en-guerre-contre-la-contrefacon-et-le-piratage-depuis-yamoussoukro\"},\"wordCount\":311,\"commentCount\":0,\"image\":{\"@id\":\"https:\/\/www.africa-press.net\/cotedivoire\/economie\/souleymane-diarassouba-part-en-guerre-contre-la-contrefacon-et-le-piratage-depuis-yamoussoukro#primaryimage\"},\"thumbnailUrl\":\"https:\/\/static.africa-press.net\/cote\/sites\/43\/2021\/07\/img-60edcfb1c5e6d.jpg\",\"keywords\":[\"Africa Press\",\"Africa Press-C\u00f4te d'Ivoire\",\"C\u00d4TE D'IVOIRE\"],\"articleSection\":[\"\u00c9conomie\",\"homepage-french\",\"Toutes les actualit\u00e9s\"],\"inLanguage\":\"fr-FR\",\"potentialAction\":[{\"@type\":\"CommentAction\",\"name\":\"Comment\",\"target\":[\"https:\/\/www.africa-press.net\/cotedivoire\/economie\/souleymane-diarassouba-part-en-guerre-contre-la-contrefacon-et-le-piratage-depuis-yamoussoukro#respond\"]}]},{\"@type\":\"WebPage\",\"@id\":\"https:\/\/www.africa-press.net\/cotedivoire\/economie\/souleymane-diarassouba-part-en-guerre-contre-la-contrefacon-et-le-piratage-depuis-yamoussoukro\",\"url\":\"https:\/\/www.africa-press.net\/cotedivoire\/economie\/souleymane-diarassouba-part-en-guerre-contre-la-contrefacon-et-le-piratage-depuis-yamoussoukro\",\"name\":\"Souleymane Diarassouba part en guerre contre la contrefa\u00e7on et le piratage depuis Yamoussoukro - C\u00f4te d&#039;Ivoire\",\"isPartOf\":{\"@id\":\"https:\/\/www.africa-press.net\/cotedivoire\/#website\"},\"primaryImageOfPage\":{\"@id\":\"https:\/\/www.africa-press.net\/cotedivoire\/economie\/souleymane-diarassouba-part-en-guerre-contre-la-contrefacon-et-le-piratage-depuis-yamoussoukro#primaryimage\"},\"image\":{\"@id\":\"https:\/\/www.africa-press.net\/cotedivoire\/economie\/souleymane-diarassouba-part-en-guerre-contre-la-contrefacon-et-le-piratage-depuis-yamoussoukro#primaryimage\"},\"thumbnailUrl\":\"https:\/\/static.africa-press.net\/cote\/sites\/43\/2021\/07\/img-60edcfb1c5e6d.jpg\",\"datePublished\":\"2021-07-13T18:45:13+00:00\",\"dateModified\":\"2021-07-15T18:46:10+00:00\",\"author\":{\"@id\":\"https:\/\/www.africa-press.net\/cotedivoire\/#\/schema\/person\/2b1cf3cd81a31e3cd26889ca66d677f1\"},\"description\":\"Le ministre ivoirien du Commerce et de l\u2019Industrie, Souleymane Diarassouba, qui pr\u00e9sidait en personne l\u2019\u00e9tape de Yamouss ...\",\"breadcrumb\":{\"@id\":\"https:\/\/www.africa-press.net\/cotedivoire\/economie\/souleymane-diarassouba-part-en-guerre-contre-la-contrefacon-et-le-piratage-depuis-yamoussoukro#breadcrumb\"},\"inLanguage\":\"fr-FR\",\"potentialAction\":[{\"@type\":\"ReadAction\",\"target\":[\"https:\/\/www.africa-press.net\/cotedivoire\/economie\/souleymane-diarassouba-part-en-guerre-contre-la-contrefacon-et-le-piratage-depuis-yamoussoukro\"]}]},{\"@type\":\"ImageObject\",\"inLanguage\":\"fr-FR\",\"@id\":\"https:\/\/www.africa-press.net\/cotedivoire\/economie\/souleymane-diarassouba-part-en-guerre-contre-la-contrefacon-et-le-piratage-depuis-yamoussoukro#primaryimage\",\"url\":\"https:\/\/static.africa-press.net\/cote\/sites\/43\/2021\/07\/img-60edcfb1c5e6d.jpg\",\"contentUrl\":\"https:\/\/static.africa-press.net\/cote\/sites\/43\/2021\/07\/img-60edcfb1c5e6d.jpg\",\"width\":825,\"height\":425,\"caption\":\"Souleymane Diarassouba part en guerre contre la contrefa\u00e7on et le piratage depuis Yamoussoukro\"},{\"@type\":\"BreadcrumbList\",\"@id\":\"https:\/\/www.africa-press.net\/cotedivoire\/economie\/souleymane-diarassouba-part-en-guerre-contre-la-contrefacon-et-le-piratage-depuis-yamoussoukro#breadcrumb\",\"itemListElement\":[{\"@type\":\"ListItem\",\"position\":1,\"name\":\"Accueil\",\"item\":\"https:\/\/www.africa-press.net\/cotedivoire\/\"},{\"@type\":\"ListItem\",\"position\":2,\"name\":\"Souleymane Diarassouba part en guerre contre la contrefa\u00e7on et le piratage depuis Yamoussoukro\"}]},{\"@type\":\"WebSite\",\"@id\":\"https:\/\/www.africa-press.net\/cotedivoire\/#website\",\"url\":\"https:\/\/www.africa-press.net\/cotedivoire\/\",\"name\":\"C\u00f4te d&#039;Ivoire\",\"description\":\"Just another Africa News Agency Sites site\",\"potentialAction\":[{\"@type\":\"SearchAction\",\"target\":{\"@type\":\"EntryPoint\",\"urlTemplate\":\"https:\/\/www.africa-press.net\/cotedivoire\/?s={search_term_string}\"},\"query-input\":{\"@type\":\"PropertyValueSpecification\",\"valueRequired\":true,\"valueName\":\"search_term_string\"}}],\"inLanguage\":\"fr-FR\"},{\"@type\":\"Person\",\"@id\":\"https:\/\/www.africa-press.net\/cotedivoire\/#\/schema\/person\/2b1cf3cd81a31e3cd26889ca66d677f1\",\"name\":\"cfeditorfr\"}]}<\/script>\n<!-- \/ Yoast SEO Premium plugin. -->","yoast_head_json":{"title":"Souleymane Diarassouba part en guerre contre la contrefa\u00e7on et le piratage depuis Yamoussoukro - C\u00f4te d&#039;Ivoire","description":"Le ministre ivoirien du Commerce et de l\u2019Industrie, Souleymane Diarassouba, qui pr\u00e9sidait en personne l\u2019\u00e9tape de Yamouss ...","robots":{"index":"index","follow":"follow","max-snippet":"max-snippet:-1","max-image-preview":"max-image-preview:large","max-video-preview":"max-video-preview:-1"},"canonical":"https:\/\/www.africa-press.net\/cotedivoire\/economie\/souleymane-diarassouba-part-en-guerre-contre-la-contrefacon-et-le-piratage-depuis-yamoussoukro","og_locale":"fr_FR","og_type":"article","og_title":"Souleymane Diarassouba part en guerre contre la contrefa\u00e7on et le piratage depuis Yamoussoukro","og_description":"Le ministre ivoirien du Commerce et de l\u2019Industrie, Souleymane Diarassouba, qui pr\u00e9sidait en personne l\u2019\u00e9tape de Yamouss ...","og_url":"https:\/\/www.africa-press.net\/cotedivoire\/economie\/souleymane-diarassouba-part-en-guerre-contre-la-contrefacon-et-le-piratage-depuis-yamoussoukro","og_site_name":"C\u00f4te d&#039;Ivoire","article_published_time":"2021-07-13T18:45:13+00:00","article_modified_time":"2021-07-15T18:46:10+00:00","og_image":[{"width":825,"height":425,"url":"https:\/\/static.africa-press.net\/cote\/sites\/43\/2021\/07\/img-60edcfb1c5e6d.jpg","type":"image\/jpeg"}],"author":"cfeditorfr","twitter_card":"summary_large_image","twitter_misc":{"\u00c9crit par":"cfeditorfr","Dur\u00e9e de lecture estim\u00e9e":"2 minutes"},"schema":{"@context":"https:\/\/schema.org","@graph":[{"@type":"Article","@id":"https:\/\/www.africa-press.net\/cotedivoire\/economie\/souleymane-diarassouba-part-en-guerre-contre-la-contrefacon-et-le-piratage-depuis-yamoussoukro#article","isPartOf":{"@id":"https:\/\/www.africa-press.net\/cotedivoire\/economie\/souleymane-diarassouba-part-en-guerre-contre-la-contrefacon-et-le-piratage-depuis-yamoussoukro"},"author":{"name":"cfeditorfr","@id":"https:\/\/www.africa-press.net\/cotedivoire\/#\/schema\/person\/2b1cf3cd81a31e3cd26889ca66d677f1"},"headline":"Souleymane Diarassouba part en guerre contre la contrefa\u00e7on et le piratage depuis Yamoussoukro","datePublished":"2021-07-13T18:45:13+00:00","dateModified":"2021-07-15T18:46:10+00:00","mainEntityOfPage":{"@id":"https:\/\/www.africa-press.net\/cotedivoire\/economie\/souleymane-diarassouba-part-en-guerre-contre-la-contrefacon-et-le-piratage-depuis-yamoussoukro"},"wordCount":311,"commentCount":0,"image":{"@id":"https:\/\/www.africa-press.net\/cotedivoire\/economie\/souleymane-diarassouba-part-en-guerre-contre-la-contrefacon-et-le-piratage-depuis-yamoussoukro#primaryimage"},"thumbnailUrl":"https:\/\/static.africa-press.net\/cote\/sites\/43\/2021\/07\/img-60edcfb1c5e6d.jpg","keywords":["Africa Press","Africa Press-C\u00f4te d'Ivoire","C\u00d4TE D'IVOIRE"],"articleSection":["\u00c9conomie","homepage-french","Toutes les actualit\u00e9s"],"inLanguage":"fr-FR","potentialAction":[{"@type":"CommentAction","name":"Comment","target":["https:\/\/www.africa-press.net\/cotedivoire\/economie\/souleymane-diarassouba-part-en-guerre-contre-la-contrefacon-et-le-piratage-depuis-yamoussoukro#respond"]}]},{"@type":"WebPage","@id":"https:\/\/www.africa-press.net\/cotedivoire\/economie\/souleymane-diarassouba-part-en-guerre-contre-la-contrefacon-et-le-piratage-depuis-yamoussoukro","url":"https:\/\/www.africa-press.net\/cotedivoire\/economie\/souleymane-diarassouba-part-en-guerre-contre-la-contrefacon-et-le-piratage-depuis-yamoussoukro","name":"Souleymane Diarassouba part en guerre contre la contrefa\u00e7on et le piratage depuis Yamoussoukro - C\u00f4te d&#039;Ivoire","isPartOf":{"@id":"https:\/\/www.africa-press.net\/cotedivoire\/#website"},"primaryImageOfPage":{"@id":"https:\/\/www.africa-press.net\/cotedivoire\/economie\/souleymane-diarassouba-part-en-guerre-contre-la-contrefacon-et-le-piratage-depuis-yamoussoukro#primaryimage"},"image":{"@id":"https:\/\/www.africa-press.net\/cotedivoire\/economie\/souleymane-diarassouba-part-en-guerre-contre-la-contrefacon-et-le-piratage-depuis-yamoussoukro#primaryimage"},"thumbnailUrl":"https:\/\/static.africa-press.net\/cote\/sites\/43\/2021\/07\/img-60edcfb1c5e6d.jpg","datePublished":"2021-07-13T18:45:13+00:00","dateModified":"2021-07-15T18:46:10+00:00","author":{"@id":"https:\/\/www.africa-press.net\/cotedivoire\/#\/schema\/person\/2b1cf3cd81a31e3cd26889ca66d677f1"},"description":"Le ministre ivoirien du Commerce et de l\u2019Industrie, Souleymane Diarassouba, qui pr\u00e9sidait en personne l\u2019\u00e9tape de Yamouss ...","breadcrumb":{"@id":"https:\/\/www.africa-press.net\/cotedivoire\/economie\/souleymane-diarassouba-part-en-guerre-contre-la-contrefacon-et-le-piratage-depuis-yamoussoukro#breadcrumb"},"inLanguage":"fr-FR","potentialAction":[{"@type":"ReadAction","target":["https:\/\/www.africa-press.net\/cotedivoire\/economie\/souleymane-diarassouba-part-en-guerre-contre-la-contrefacon-et-le-piratage-depuis-yamoussoukro"]}]},{"@type":"ImageObject","inLanguage":"fr-FR","@id":"https:\/\/www.africa-press.net\/cotedivoire\/economie\/souleymane-diarassouba-part-en-guerre-contre-la-contrefacon-et-le-piratage-depuis-yamoussoukro#primaryimage","url":"https:\/\/static.africa-press.net\/cote\/sites\/43\/2021\/07\/img-60edcfb1c5e6d.jpg","contentUrl":"https:\/\/static.africa-press.net\/cote\/sites\/43\/2021\/07\/img-60edcfb1c5e6d.jpg","width":825,"height":425,"caption":"Souleymane Diarassouba part en guerre contre la contrefa\u00e7on et le piratage depuis Yamoussoukro"},{"@type":"BreadcrumbList","@id":"https:\/\/www.africa-press.net\/cotedivoire\/economie\/souleymane-diarassouba-part-en-guerre-contre-la-contrefacon-et-le-piratage-depuis-yamoussoukro#breadcrumb","itemListElement":[{"@type":"ListItem","position":1,"name":"Accueil","item":"https:\/\/www.africa-press.net\/cotedivoire\/"},{"@type":"ListItem","position":2,"name":"Souleymane Diarassouba part en guerre contre la contrefa\u00e7on et le piratage depuis Yamoussoukro"}]},{"@type":"WebSite","@id":"https:\/\/www.africa-press.net\/cotedivoire\/#website","url":"https:\/\/www.africa-press.net\/cotedivoire\/","name":"C\u00f4te d&#039;Ivoire","description":"Just another Africa News Agency Sites site","potentialAction":[{"@type":"SearchAction","target":{"@type":"EntryPoint","urlTemplate":"https:\/\/www.africa-press.net\/cotedivoire\/?s={search_term_string}"},"query-input":{"@type":"PropertyValueSpecification","valueRequired":true,"valueName":"search_term_string"}}],"inLanguage":"fr-FR"},{"@type":"Person","@id":"https:\/\/www.africa-press.net\/cotedivoire\/#\/schema\/person\/2b1cf3cd81a31e3cd26889ca66d677f1","name":"cfeditorfr"}]}},"_links":{"self":[{"href":"https:\/\/www.africa-press.net\/cotedivoire\/wp-json\/wp\/v2\/posts\/9873","targetHints":{"allow":["GET"]}}],"collection":[{"href":"https:\/\/www.africa-press.net\/cotedivoire\/wp-json\/wp\/v2\/posts"}],"about":[{"href":"https:\/\/www.africa-press.net\/cotedivoire\/wp-json\/wp\/v2\/types\/post"}],"author":[{"embeddable":true,"href":"https:\/\/www.africa-press.net\/cotedivoire\/wp-json\/wp\/v2\/users\/82"}],"replies":[{"embeddable":true,"href":"https:\/\/www.africa-press.net\/cotedivoire\/wp-json\/wp\/v2\/comments?post=9873"}],"version-history":[{"count":0,"href":"https:\/\/www.africa-press.net\/cotedivoire\/wp-json\/wp\/v2\/posts\/9873\/revisions"}],"wp:featuredmedia":[{"embeddable":true,"href":"https:\/\/www.africa-press.net\/cotedivoire\/wp-json\/wp\/v2\/media\/9872"}],"wp:attachment":[{"href":"https:\/\/www.africa-press.net\/cotedivoire\/wp-json\/wp\/v2\/media?parent=9873"}],"wp:term":[{"taxonomy":"category","embeddable":true,"href":"https:\/\/www.africa-press.net\/cotedivoire\/wp-json\/wp\/v2\/categories?post=9873"},{"taxonomy":"post_tag","embeddable":true,"href":"https:\/\/www.africa-press.net\/cotedivoire\/wp-json\/wp\/v2\/tags?post=9873"}],"curies":[{"name":"wp","href":"https:\/\/api.w.org\/{rel}","templated":true}]}}